{"id":11213,"date":"2020-04-11T15:39:17","date_gmt":"2020-04-11T15:39:17","guid":{"rendered":"http:\/\/avrupapress.com\/main\/?p=11213"},"modified":"2020-04-11T15:39:19","modified_gmt":"2020-04-11T15:39:19","slug":"baskent-brukselin-anderlecht-ilcesinde-fasli-gencler-ayaklandi","status":"publish","type":"post","link":"https:\/\/avrupapress.com\/main\/2020\/04\/11\/baskent-brukselin-anderlecht-ilcesinde-fasli-gencler-ayaklandi\/","title":{"rendered":"Ba\u015fkent Br\u00fcksel\u2019in Anderlecht \u0130l\u00e7esi\u2019nde Fasl\u0131 gen\u00e7ler ayakland\u0131!?"},"content":{"rendered":"\n<p>Bel\u00e7ika\u2019n\u0131n ba\u015fkenti Br\u00fcksel\u2019in Anderlecht \u0130l\u00e7esi s\u0131n\u0131rlar\u0131 i\u00e7inde ya\u015fayan Fasl\u0131 gen\u00e7lerin ayaklanmas\u0131\u00a0 g\u00fcvenlik g\u00fc\u00e7leri taraf\u0131ndan bast\u0131r\u0131ld\u0131!<br>D\u00fcn gece bir arkada\u015flar\u0131n\u0131n \u00f6l\u00fcm\u00fc \u00fczerine Andelecht Belediyesi \u00f6n\u00fcne toplanan Fas as\u0131ll\u0131 gen\u00e7ler,belediye binas\u0131n\u0131n camlar\u0131n\u0131 k\u0131rmas\u0131 ve ta\u015fk\u0131nl\u0131k yapmas\u0131 \u00fczerine olay yerine \u00e7ok say\u0131da g\u00fcvenlik g\u00fcc\u00fc sevk edildi..<br>\u00c7evik kuvvet ekipleri, tomalar, k\u00f6pekli polisler ile havadan helikopter deste\u011fi ile bir sokakta k\u0131st\u0131r\u0131lan gen\u00e7ler, polis otomobillerine de sald\u0131rarak camlar\u0131n\u0131 k\u0131rd\u0131..Polisin geni\u015f g\u00fcvenlik tedbiri ve kontrol\u00fc s\u00fcr\u00fcyor..<br>Ter\u00f6r estiren Fas as\u0131ll\u0131 gen\u00e7lerin yakalanmas\u0131 i\u00e7in polis cemberi iyice darald\u0131..Gen\u00e7lerin ta\u015fk\u0131nl\u0131klar\u0131 il\u00e7e halk\u0131 taraf\u0131ndan merakla takip ediliyor..Coronavir\u00fcs\u00fc ile m\u00fccadele edildi\u011fi \u015fu g\u00fcnlerde, Fas as\u0131ll\u0131 gen\u00e7lerin isyan\u0131 ve ta\u015fk\u0131nl\u0131\u011f\u0131 \u00fcz\u00fcnt\u00fc ile kar\u015f\u0131land\u0131..<br><\/p>\n\n\n\n<figure class=\"wp-block-image\"><img decoding=\"async\" src=\"https:\/\/www.belcikabelhaber.be\/wp-content\/uploads\/2020\/04\/Anderlecht-5.jpg\" alt=\"\" class=\"wp-image-3862\"\/><figcaption>\u00a0<img loading=\"lazy\" decoding=\"async\" width=\"535\" height=\"638\" src=\"https:\/\/www.belcikabelhaber.be\/wp-content\/uploads\/2020\/04\/Anderlecht-8.jpg\" alt=\"\"><\/figcaption><\/figure>\n\n\n\n<figure class=\"wp-block-image\"><img decoding=\"async\" src=\"https:\/\/www.belcikabelhaber.be\/wp-content\/uploads\/2020\/04\/Anderlecht-2.jpg\" alt=\"\" class=\"wp-image-3864\"\/><figcaption>\u00a0<img loading=\"lazy\" decoding=\"async\" width=\"573\" height=\"594\" src=\"https:\/\/www.belcikabelhaber.be\/wp-content\/uploads\/2020\/04\/Anderlecht-6.jpg\" alt=\"\"><\/figcaption><\/figure>\n\n\n\n<p><strong>Bilgin Ozcifci \/ AVRUPAPRESS<\/strong><\/p>\n","protected":false},"excerpt":{"rendered":"<p>Bel\u00e7ika\u2019n\u0131n ba\u015fkenti Br\u00fcksel\u2019in Anderlecht \u0130l\u00e7esi s\u0131n\u0131rlar\u0131 i\u00e7inde ya\u015fayan Fasl\u0131 gen\u00e7lerin ayaklanmas\u0131\u00a0 g\u00fcvenlik g\u00fc\u00e7leri taraf\u0131ndan bast\u0131r\u0131ld\u0131!D\u00fcn gece bir arkada\u015flar\u0131n\u0131n \u00f6l\u00fcm\u00fc \u00fczerine Andelecht Belediyesi \u00f6n\u00fcne toplanan Fas as\u0131ll\u0131 gen\u00e7ler,belediye binas\u0131n\u0131n camlar\u0131n\u0131 k\u0131rmas\u0131 ve ta\u015fk\u0131nl\u0131k yapmas\u0131 \u00fczerine olay yerine \u00e7ok say\u0131da g\u00fcvenlik g\u00fcc\u00fc sevk edildi..\u00c7evik kuvvet ekipleri, tomalar, k\u00f6pekli polisler ile havadan helikopter deste\u011fi ile bir sokakta k\u0131st\u0131r\u0131lan [&hellip;]<\/p>\n","protected":false},"author":3,"featured_media":11214,"comment_status":"closed","ping_status":"open","sticky":false,"template":"","format":"standard","meta":{"footnotes":""},"categories":[14,16,3,17,18,15,19,2,1],"tags":[],"class_list":["post-11213","post","type-post","status-publish","format-standard","has-post-thumbnail","hentry","category-avrupa","category-belcika","category-dunya","category-ekonomi","category-kultur-sanat","category-spor","category-tanitim","category-turkiye","category-uncategorized"],"yoast_head":"<!-- This site is optimized with the Yoast SEO plugin v26.9 - https:\/\/yoast.com\/product\/yoast-seo-wordpress\/ -->\n<title>Ba\u015fkent Br\u00fcksel\u2019in Anderlecht \u0130l\u00e7esi\u2019nde Fasl\u0131 gen\u00e7ler ayakland\u0131!? - AvrupaPress<\/title>\n<meta name=\"robots\" content=\"index, follow, max-snippet:-1, max-image-preview:large, max-video-preview:-1\" \/>\n<link rel=\"canonical\" href=\"https:\/\/avrupapress.com\/2020\/04\/11\/baskent-brukselin-anderlecht-ilcesinde-fasli-gencler-ayaklandi\/\" \/>\n<meta property=\"og:locale\" content=\"fr_FR\" \/>\n<meta property=\"og:type\" content=\"article\" \/>\n<meta property=\"og:title\" content=\"Ba\u015fkent Br\u00fcksel\u2019in Anderlecht \u0130l\u00e7esi\u2019nde Fasl\u0131 gen\u00e7ler ayakland\u0131!? - AvrupaPress\" \/>\n<meta property=\"og:description\" content=\"Bel\u00e7ika\u2019n\u0131n ba\u015fkenti Br\u00fcksel\u2019in Anderlecht \u0130l\u00e7esi s\u0131n\u0131rlar\u0131 i\u00e7inde ya\u015fayan Fasl\u0131 gen\u00e7lerin ayaklanmas\u0131\u00a0 g\u00fcvenlik g\u00fc\u00e7leri taraf\u0131ndan bast\u0131r\u0131ld\u0131!D\u00fcn gece bir arkada\u015flar\u0131n\u0131n \u00f6l\u00fcm\u00fc \u00fczerine Andelecht Belediyesi \u00f6n\u00fcne toplanan Fas as\u0131ll\u0131 gen\u00e7ler,belediye binas\u0131n\u0131n camlar\u0131n\u0131 k\u0131rmas\u0131 ve ta\u015fk\u0131nl\u0131k yapmas\u0131 \u00fczerine olay yerine \u00e7ok say\u0131da g\u00fcvenlik g\u00fcc\u00fc sevk edildi..\u00c7evik kuvvet ekipleri, tomalar, k\u00f6pekli polisler ile havadan helikopter deste\u011fi ile bir sokakta k\u0131st\u0131r\u0131lan [&hellip;]\" \/>\n<meta property=\"og:url\" content=\"https:\/\/avrupapress.com\/2020\/04\/11\/baskent-brukselin-anderlecht-ilcesinde-fasli-gencler-ayaklandi\/\" \/>\n<meta property=\"og:site_name\" content=\"AvrupaPress\" \/>\n<meta property=\"article:published_time\" content=\"2020-04-11T15:39:17+00:00\" \/>\n<meta property=\"article:modified_time\" content=\"2020-04-11T15:39:19+00:00\" \/>\n<meta property=\"og:image\" content=\"https:\/\/avrupapress.com\/wp-content\/uploads\/2020\/04\/Anderlecht-1-1.jpg\" \/>\n\t<meta property=\"og:image:width\" content=\"640\" \/>\n\t<meta property=\"og:image:height\" content=\"657\" \/>\n\t<meta property=\"og:image:type\" content=\"image\/jpeg\" \/>\n<meta name=\"author\" content=\"Edit\u00f6r\" \/>\n<meta name=\"twitter:card\" content=\"summary_large_image\" \/>\n<meta name=\"twitter:label1\" content=\"\u00c9crit par\" \/>\n\t<meta name=\"twitter:data1\" content=\"Edit\u00f6r\" \/>\n\t<meta name=\"twitter:label2\" content=\"Dur\u00e9e de lecture est.\" \/>\n\t<meta name=\"twitter:data2\" content=\"1 minute\" \/>\n<script type=\"application\/ld+json\" class=\"yoast-schema-graph\">{\"@context\":\"https:\/\/schema.org\",\"@graph\":[{\"@type\":\"Article\",\"@id\":\"https:\/\/avrupapress.com\/2020\/04\/11\/baskent-brukselin-anderlecht-ilcesinde-fasli-gencler-ayaklandi\/#article\",\"isPartOf\":{\"@id\":\"https:\/\/avrupapress.com\/2020\/04\/11\/baskent-brukselin-anderlecht-ilcesinde-fasli-gencler-ayaklandi\/\"},\"author\":{\"name\":\"Edit\u00f6r\",\"@id\":\"https:\/\/avrupapress.com\/#\/schema\/person\/68428444ec60970d1e1b700cf4ca1e8f\"},\"headline\":\"Ba\u015fkent Br\u00fcksel\u2019in Anderlecht \u0130l\u00e7esi\u2019nde Fasl\u0131 gen\u00e7ler ayakland\u0131!?\",\"datePublished\":\"2020-04-11T15:39:17+00:00\",\"dateModified\":\"2020-04-11T15:39:19+00:00\",\"mainEntityOfPage\":{\"@id\":\"https:\/\/avrupapress.com\/2020\/04\/11\/baskent-brukselin-anderlecht-ilcesinde-fasli-gencler-ayaklandi\/\"},\"wordCount\":189,\"publisher\":{\"@id\":\"https:\/\/avrupapress.com\/#\/schema\/person\/0223dca19c72c43575bf30d1a2d8f4fa\"},\"image\":{\"@id\":\"https:\/\/avrupapress.com\/2020\/04\/11\/baskent-brukselin-anderlecht-ilcesinde-fasli-gencler-ayaklandi\/#primaryimage\"},\"thumbnailUrl\":\"https:\/\/avrupapress.com\/main\/wp-content\/uploads\/2020\/04\/Anderlecht-1-1.jpg\",\"articleSection\":[\"Avrupa\",\"Bel\u00e7ika\",\"D\u00fcnya\",\"Ekonomi\",\"K\u00fclt\u00fcr-Sanat\",\"Spor\",\"Tan\u0131t\u0131m\",\"T\u00fcrkiye\",\"Uncategorized\"],\"inLanguage\":\"fr-BE\"},{\"@type\":\"WebPage\",\"@id\":\"https:\/\/avrupapress.com\/2020\/04\/11\/baskent-brukselin-anderlecht-ilcesinde-fasli-gencler-ayaklandi\/\",\"url\":\"https:\/\/avrupapress.com\/2020\/04\/11\/baskent-brukselin-anderlecht-ilcesinde-fasli-gencler-ayaklandi\/\",\"name\":\"Ba\u015fkent Br\u00fcksel\u2019in Anderlecht \u0130l\u00e7esi\u2019nde Fasl\u0131 gen\u00e7ler ayakland\u0131!? - AvrupaPress\",\"isPartOf\":{\"@id\":\"https:\/\/avrupapress.com\/#website\"},\"primaryImageOfPage\":{\"@id\":\"https:\/\/avrupapress.com\/2020\/04\/11\/baskent-brukselin-anderlecht-ilcesinde-fasli-gencler-ayaklandi\/#primaryimage\"},\"image\":{\"@id\":\"https:\/\/avrupapress.com\/2020\/04\/11\/baskent-brukselin-anderlecht-ilcesinde-fasli-gencler-ayaklandi\/#primaryimage\"},\"thumbnailUrl\":\"https:\/\/avrupapress.com\/main\/wp-content\/uploads\/2020\/04\/Anderlecht-1-1.jpg\",\"datePublished\":\"2020-04-11T15:39:17+00:00\",\"dateModified\":\"2020-04-11T15:39:19+00:00\",\"breadcrumb\":{\"@id\":\"https:\/\/avrupapress.com\/2020\/04\/11\/baskent-brukselin-anderlecht-ilcesinde-fasli-gencler-ayaklandi\/#breadcrumb\"},\"inLanguage\":\"fr-BE\",\"potentialAction\":[{\"@type\":\"ReadAction\",\"target\":[\"https:\/\/avrupapress.com\/2020\/04\/11\/baskent-brukselin-anderlecht-ilcesinde-fasli-gencler-ayaklandi\/\"]}]},{\"@type\":\"ImageObject\",\"inLanguage\":\"fr-BE\",\"@id\":\"https:\/\/avrupapress.com\/2020\/04\/11\/baskent-brukselin-anderlecht-ilcesinde-fasli-gencler-ayaklandi\/#primaryimage\",\"url\":\"https:\/\/avrupapress.com\/main\/wp-content\/uploads\/2020\/04\/Anderlecht-1-1.jpg\",\"contentUrl\":\"https:\/\/avrupapress.com\/main\/wp-content\/uploads\/2020\/04\/Anderlecht-1-1.jpg\",\"width\":640,\"height\":657},{\"@type\":\"BreadcrumbList\",\"@id\":\"https:\/\/avrupapress.com\/2020\/04\/11\/baskent-brukselin-anderlecht-ilcesinde-fasli-gencler-ayaklandi\/#breadcrumb\",\"itemListElement\":[{\"@type\":\"ListItem\",\"position\":1,\"name\":\"Anasayfa\",\"item\":\"https:\/\/avrupapress.com\/\"},{\"@type\":\"ListItem\",\"position\":2,\"name\":\"Ba\u015fkent Br\u00fcksel\u2019in Anderlecht \u0130l\u00e7esi\u2019nde Fasl\u0131 gen\u00e7ler ayakland\u0131!?\"}]},{\"@type\":\"WebSite\",\"@id\":\"https:\/\/avrupapress.com\/#website\",\"url\":\"https:\/\/avrupapress.com\/\",\"name\":\"AvrupaPress\",\"description\":\"Haberin Adresi\",\"publisher\":{\"@id\":\"https:\/\/avrupapress.com\/#\/schema\/person\/0223dca19c72c43575bf30d1a2d8f4fa\"},\"potentialAction\":[{\"@type\":\"SearchAction\",\"target\":{\"@type\":\"EntryPoint\",\"urlTemplate\":\"https:\/\/avrupapress.com\/?s={search_term_string}\"},\"query-input\":{\"@type\":\"PropertyValueSpecification\",\"valueRequired\":true,\"valueName\":\"search_term_string\"}}],\"inLanguage\":\"fr-BE\"},{\"@type\":[\"Person\",\"Organization\"],\"@id\":\"https:\/\/avrupapress.com\/#\/schema\/person\/0223dca19c72c43575bf30d1a2d8f4fa\",\"name\":\"Bilgin \u00d6z\u00e7ift\u00e7i\",\"image\":{\"@type\":\"ImageObject\",\"inLanguage\":\"fr-BE\",\"@id\":\"https:\/\/avrupapress.com\/#\/schema\/person\/image\/\",\"url\":\"https:\/\/secure.gravatar.com\/avatar\/0f23b280433a21e1ea7a0adcc46ed0ad16afe3ad8e630fd13d8a017dcbd54ef3?s=96&d=mm&r=g\",\"contentUrl\":\"https:\/\/secure.gravatar.com\/avatar\/0f23b280433a21e1ea7a0adcc46ed0ad16afe3ad8e630fd13d8a017dcbd54ef3?s=96&d=mm&r=g\",\"caption\":\"Bilgin \u00d6z\u00e7ift\u00e7i\"},\"logo\":{\"@id\":\"https:\/\/avrupapress.com\/#\/schema\/person\/image\/\"},\"description\":\"Ne ben, nede sen... Biz ancak \\\"biz\\\" olursak g\u00fc\u00e7l\u00fc olabiliriz\"},{\"@type\":\"Person\",\"@id\":\"https:\/\/avrupapress.com\/#\/schema\/person\/68428444ec60970d1e1b700cf4ca1e8f\",\"name\":\"Edit\u00f6r\",\"image\":{\"@type\":\"ImageObject\",\"inLanguage\":\"fr-BE\",\"@id\":\"https:\/\/avrupapress.com\/#\/schema\/person\/image\/\",\"url\":\"https:\/\/secure.gravatar.com\/avatar\/74996b0977aa5f1559ba9883776652508b229005c0d78fb2597897f0bd651c09?s=96&d=mm&r=g\",\"contentUrl\":\"https:\/\/secure.gravatar.com\/avatar\/74996b0977aa5f1559ba9883776652508b229005c0d78fb2597897f0bd651c09?s=96&d=mm&r=g\",\"caption\":\"Edit\u00f6r\"},\"sameAs\":[\"http:\/\/www.avrupapress.com\"],\"url\":\"https:\/\/avrupapress.com\/main\/author\/editor\/\"}]}<\/script>\n<!-- \/ Yoast SEO plugin. -->","yoast_head_json":{"title":"Ba\u015fkent Br\u00fcksel\u2019in Anderlecht \u0130l\u00e7esi\u2019nde Fasl\u0131 gen\u00e7ler ayakland\u0131!? - AvrupaPress","robots":{"index":"index","follow":"follow","max-snippet":"max-snippet:-1","max-image-preview":"max-image-preview:large","max-video-preview":"max-video-preview:-1"},"canonical":"https:\/\/avrupapress.com\/2020\/04\/11\/baskent-brukselin-anderlecht-ilcesinde-fasli-gencler-ayaklandi\/","og_locale":"fr_FR","og_type":"article","og_title":"Ba\u015fkent Br\u00fcksel\u2019in Anderlecht \u0130l\u00e7esi\u2019nde Fasl\u0131 gen\u00e7ler ayakland\u0131!? - AvrupaPress","og_description":"Bel\u00e7ika\u2019n\u0131n ba\u015fkenti Br\u00fcksel\u2019in Anderlecht \u0130l\u00e7esi s\u0131n\u0131rlar\u0131 i\u00e7inde ya\u015fayan Fasl\u0131 gen\u00e7lerin ayaklanmas\u0131\u00a0 g\u00fcvenlik g\u00fc\u00e7leri taraf\u0131ndan bast\u0131r\u0131ld\u0131!D\u00fcn gece bir arkada\u015flar\u0131n\u0131n \u00f6l\u00fcm\u00fc \u00fczerine Andelecht Belediyesi \u00f6n\u00fcne toplanan Fas as\u0131ll\u0131 gen\u00e7ler,belediye binas\u0131n\u0131n camlar\u0131n\u0131 k\u0131rmas\u0131 ve ta\u015fk\u0131nl\u0131k yapmas\u0131 \u00fczerine olay yerine \u00e7ok say\u0131da g\u00fcvenlik g\u00fcc\u00fc sevk edildi..\u00c7evik kuvvet ekipleri, tomalar, k\u00f6pekli polisler ile havadan helikopter deste\u011fi ile bir sokakta k\u0131st\u0131r\u0131lan [&hellip;]","og_url":"https:\/\/avrupapress.com\/2020\/04\/11\/baskent-brukselin-anderlecht-ilcesinde-fasli-gencler-ayaklandi\/","og_site_name":"AvrupaPress","article_published_time":"2020-04-11T15:39:17+00:00","article_modified_time":"2020-04-11T15:39:19+00:00","og_image":[{"width":640,"height":657,"url":"https:\/\/avrupapress.com\/wp-content\/uploads\/2020\/04\/Anderlecht-1-1.jpg","type":"image\/jpeg"}],"author":"Edit\u00f6r","twitter_card":"summary_large_image","twitter_misc":{"\u00c9crit par":"Edit\u00f6r","Dur\u00e9e de lecture est.":"1 minute"},"schema":{"@context":"https:\/\/schema.org","@graph":[{"@type":"Article","@id":"https:\/\/avrupapress.com\/2020\/04\/11\/baskent-brukselin-anderlecht-ilcesinde-fasli-gencler-ayaklandi\/#article","isPartOf":{"@id":"https:\/\/avrupapress.com\/2020\/04\/11\/baskent-brukselin-anderlecht-ilcesinde-fasli-gencler-ayaklandi\/"},"author":{"name":"Edit\u00f6r","@id":"https:\/\/avrupapress.com\/#\/schema\/person\/68428444ec60970d1e1b700cf4ca1e8f"},"headline":"Ba\u015fkent Br\u00fcksel\u2019in Anderlecht \u0130l\u00e7esi\u2019nde Fasl\u0131 gen\u00e7ler ayakland\u0131!?","datePublished":"2020-04-11T15:39:17+00:00","dateModified":"2020-04-11T15:39:19+00:00","mainEntityOfPage":{"@id":"https:\/\/avrupapress.com\/2020\/04\/11\/baskent-brukselin-anderlecht-ilcesinde-fasli-gencler-ayaklandi\/"},"wordCount":189,"publisher":{"@id":"https:\/\/avrupapress.com\/#\/schema\/person\/0223dca19c72c43575bf30d1a2d8f4fa"},"image":{"@id":"https:\/\/avrupapress.com\/2020\/04\/11\/baskent-brukselin-anderlecht-ilcesinde-fasli-gencler-ayaklandi\/#primaryimage"},"thumbnailUrl":"https:\/\/avrupapress.com\/main\/wp-content\/uploads\/2020\/04\/Anderlecht-1-1.jpg","articleSection":["Avrupa","Bel\u00e7ika","D\u00fcnya","Ekonomi","K\u00fclt\u00fcr-Sanat","Spor","Tan\u0131t\u0131m","T\u00fcrkiye","Uncategorized"],"inLanguage":"fr-BE"},{"@type":"WebPage","@id":"https:\/\/avrupapress.com\/2020\/04\/11\/baskent-brukselin-anderlecht-ilcesinde-fasli-gencler-ayaklandi\/","url":"https:\/\/avrupapress.com\/2020\/04\/11\/baskent-brukselin-anderlecht-ilcesinde-fasli-gencler-ayaklandi\/","name":"Ba\u015fkent Br\u00fcksel\u2019in Anderlecht \u0130l\u00e7esi\u2019nde Fasl\u0131 gen\u00e7ler ayakland\u0131!? - AvrupaPress","isPartOf":{"@id":"https:\/\/avrupapress.com\/#website"},"primaryImageOfPage":{"@id":"https:\/\/avrupapress.com\/2020\/04\/11\/baskent-brukselin-anderlecht-ilcesinde-fasli-gencler-ayaklandi\/#primaryimage"},"image":{"@id":"https:\/\/avrupapress.com\/2020\/04\/11\/baskent-brukselin-anderlecht-ilcesinde-fasli-gencler-ayaklandi\/#primaryimage"},"thumbnailUrl":"https:\/\/avrupapress.com\/main\/wp-content\/uploads\/2020\/04\/Anderlecht-1-1.jpg","datePublished":"2020-04-11T15:39:17+00:00","dateModified":"2020-04-11T15:39:19+00:00","breadcrumb":{"@id":"https:\/\/avrupapress.com\/2020\/04\/11\/baskent-brukselin-anderlecht-ilcesinde-fasli-gencler-ayaklandi\/#breadcrumb"},"inLanguage":"fr-BE","potentialAction":[{"@type":"ReadAction","target":["https:\/\/avrupapress.com\/2020\/04\/11\/baskent-brukselin-anderlecht-ilcesinde-fasli-gencler-ayaklandi\/"]}]},{"@type":"ImageObject","inLanguage":"fr-BE","@id":"https:\/\/avrupapress.com\/2020\/04\/11\/baskent-brukselin-anderlecht-ilcesinde-fasli-gencler-ayaklandi\/#primaryimage","url":"https:\/\/avrupapress.com\/main\/wp-content\/uploads\/2020\/04\/Anderlecht-1-1.jpg","contentUrl":"https:\/\/avrupapress.com\/main\/wp-content\/uploads\/2020\/04\/Anderlecht-1-1.jpg","width":640,"height":657},{"@type":"BreadcrumbList","@id":"https:\/\/avrupapress.com\/2020\/04\/11\/baskent-brukselin-anderlecht-ilcesinde-fasli-gencler-ayaklandi\/#breadcrumb","itemListElement":[{"@type":"ListItem","position":1,"name":"Anasayfa","item":"https:\/\/avrupapress.com\/"},{"@type":"ListItem","position":2,"name":"Ba\u015fkent Br\u00fcksel\u2019in Anderlecht \u0130l\u00e7esi\u2019nde Fasl\u0131 gen\u00e7ler ayakland\u0131!?"}]},{"@type":"WebSite","@id":"https:\/\/avrupapress.com\/#website","url":"https:\/\/avrupapress.com\/","name":"AvrupaPress","description":"Haberin Adresi","publisher":{"@id":"https:\/\/avrupapress.com\/#\/schema\/person\/0223dca19c72c43575bf30d1a2d8f4fa"},"potentialAction":[{"@type":"SearchAction","target":{"@type":"EntryPoint","urlTemplate":"https:\/\/avrupapress.com\/?s={search_term_string}"},"query-input":{"@type":"PropertyValueSpecification","valueRequired":true,"valueName":"search_term_string"}}],"inLanguage":"fr-BE"},{"@type":["Person","Organization"],"@id":"https:\/\/avrupapress.com\/#\/schema\/person\/0223dca19c72c43575bf30d1a2d8f4fa","name":"Bilgin \u00d6z\u00e7ift\u00e7i","image":{"@type":"ImageObject","inLanguage":"fr-BE","@id":"https:\/\/avrupapress.com\/#\/schema\/person\/image\/","url":"https:\/\/secure.gravatar.com\/avatar\/0f23b280433a21e1ea7a0adcc46ed0ad16afe3ad8e630fd13d8a017dcbd54ef3?s=96&d=mm&r=g","contentUrl":"https:\/\/secure.gravatar.com\/avatar\/0f23b280433a21e1ea7a0adcc46ed0ad16afe3ad8e630fd13d8a017dcbd54ef3?s=96&d=mm&r=g","caption":"Bilgin \u00d6z\u00e7ift\u00e7i"},"logo":{"@id":"https:\/\/avrupapress.com\/#\/schema\/person\/image\/"},"description":"Ne ben, nede sen... Biz ancak \"biz\" olursak g\u00fc\u00e7l\u00fc olabiliriz"},{"@type":"Person","@id":"https:\/\/avrupapress.com\/#\/schema\/person\/68428444ec60970d1e1b700cf4ca1e8f","name":"Edit\u00f6r","image":{"@type":"ImageObject","inLanguage":"fr-BE","@id":"https:\/\/avrupapress.com\/#\/schema\/person\/image\/","url":"https:\/\/secure.gravatar.com\/avatar\/74996b0977aa5f1559ba9883776652508b229005c0d78fb2597897f0bd651c09?s=96&d=mm&r=g","contentUrl":"https:\/\/secure.gravatar.com\/avatar\/74996b0977aa5f1559ba9883776652508b229005c0d78fb2597897f0bd651c09?s=96&d=mm&r=g","caption":"Edit\u00f6r"},"sameAs":["http:\/\/www.avrupapress.com"],"url":"https:\/\/avrupapress.com\/main\/author\/editor\/"}]}},"_links":{"self":[{"href":"https:\/\/avrupapress.com\/main\/wp-json\/wp\/v2\/posts\/11213","targetHints":{"allow":["GET"]}}],"collection":[{"href":"https:\/\/avrupapress.com\/main\/wp-json\/wp\/v2\/posts"}],"about":[{"href":"https:\/\/avrupapress.com\/main\/wp-json\/wp\/v2\/types\/post"}],"author":[{"embeddable":true,"href":"https:\/\/avrupapress.com\/main\/wp-json\/wp\/v2\/users\/3"}],"replies":[{"embeddable":true,"href":"https:\/\/avrupapress.com\/main\/wp-json\/wp\/v2\/comments?post=11213"}],"version-history":[{"count":1,"href":"https:\/\/avrupapress.com\/main\/wp-json\/wp\/v2\/posts\/11213\/revisions"}],"predecessor-version":[{"id":11215,"href":"https:\/\/avrupapress.com\/main\/wp-json\/wp\/v2\/posts\/11213\/revisions\/11215"}],"wp:featuredmedia":[{"embeddable":true,"href":"https:\/\/avrupapress.com\/main\/wp-json\/wp\/v2\/media\/11214"}],"wp:attachment":[{"href":"https:\/\/avrupapress.com\/main\/wp-json\/wp\/v2\/media?parent=11213"}],"wp:term":[{"taxonomy":"category","embeddable":true,"href":"https:\/\/avrupapress.com\/main\/wp-json\/wp\/v2\/categories?post=11213"},{"taxonomy":"post_tag","embeddable":true,"href":"https:\/\/avrupapress.com\/main\/wp-json\/wp\/v2\/tags?post=11213"}],"curies":[{"name":"wp","href":"https:\/\/api.w.org\/{rel}","templated":true}]}}