{"id":11201,"date":"2020-04-10T13:24:44","date_gmt":"2020-04-10T13:24:44","guid":{"rendered":"http:\/\/avrupapress.com\/main\/?p=11201"},"modified":"2020-04-10T13:27:24","modified_gmt":"2020-04-10T13:27:24","slug":"emirdagli-hulusi-irbiki-kaybettik","status":"publish","type":"post","link":"https:\/\/avrupapress.com\/main\/2020\/04\/10\/emirdagli-hulusi-irbiki-kaybettik\/","title":{"rendered":"Emirda\u011fl\u0131 Hulusi \u0130rbik\u2019i kaybettik!"},"content":{"rendered":"\n<p>Bel\u00e7ika\u2019da Coronavir\u00fcs\u00fc son 24 saat i\u00e7inde 496 can alarak, toplam olarak \u00fclkede can kayb\u0131 3 Bin 19\u2019a ula\u015ft\u0131\u2026<br>Ulusal G\u00fcvenlik Merkezi ile Sa\u011fl\u0131k Kriz Masas\u0131n\u0131n verilerine g\u00f6re Bel\u00e7ika\u2019da Coronaviris\u00fc nedeni ile hastanelere ba\u015fvuran&nbsp; 26 Bin 667 ki\u015fiden 18 bin 80 ki\u015fide aktif coronavir\u00fcs\u00fc tespit edildi.. son duruma g\u00f6re Bin 684 ki\u015fi de&nbsp; hastanelerde tedavi&nbsp; alt\u0131nda bulunduruluyor.. \u00dclkede yasaklar devam ediyor..<\/p>\n\n\n\n<p><strong>Paralar hala \u00f6denemedi?<\/strong><br>Bel\u00e7ika\u2019da \u00f6zellikle i\u015fsizlere,emekli ve di\u011fer kesime \u00f6denen ayl\u0131k \u00f6demelerin yo\u011funluk nedeni ile&nbsp; \u00f6denemedi\u011fi haberleri gelirken,yetkililerin&nbsp; \u00f6demeleri yapmak i\u00e7in \u00e7al\u0131\u015ft\u0131\u011f\u0131 \u00f6\u011frenildi.<\/p>\n\n\n\n<div class=\"wp-block-image\"><figure class=\"alignleft\"><img decoding=\"async\" src=\"https:\/\/www.belcikabelhaber.be\/wp-content\/uploads\/2020\/04\/belcika-a.jpg\" alt=\"\" class=\"wp-image-3844\"\/><\/figure><\/div>\n\n\n\n<p><strong>Hayat\u0131n\u0131 kaybetti..<\/strong><br>Bu arada Bel\u00e7ika\u2019da ya\u015fayan T\u00fcrkler aras\u0131nda da \u00f6l\u00fcm haberleri geliyor.&nbsp; Eski Schaerbeek Belediye Ba\u015fkan Yard\u0131mc\u0131lar\u0131ndan Sait K\u00f6se\u2019nin e\u015finin amcas\u0131&nbsp; EKDAD y\u00f6netim Kurulu \u00fcyesi Hulusi \u0130rbik\u2019in(71) coronavir\u00fcs\u00fc nedeni ile hayat\u0131n\u0131 kaybetti\u011fi \u00f6\u011frenildi.<br>Emirda\u011f ve Eski\u015fehir y\u00f6resinde oldu\u011fu kadar Br\u00fcksel\u2019de de sayg\u0131n bir ki\u015fili\u011fe sahip Hulusi \u0130rbik\u2019in vefat\u0131 b\u00fcy\u00fck \u00fcz\u00fcnt\u00fc yaratt\u0131..<br>Allah gani gani rahmet eylesin,ailesi ve sevenlerinin ba\u015f\u0131 sa\u011folsun!<\/p>\n","protected":false},"excerpt":{"rendered":"<p>Bel\u00e7ika\u2019da Coronavir\u00fcs\u00fc son 24 saat i\u00e7inde 496 can alarak, toplam olarak \u00fclkede can kayb\u0131 3 Bin 19\u2019a ula\u015ft\u0131\u2026Ulusal G\u00fcvenlik Merkezi ile Sa\u011fl\u0131k Kriz Masas\u0131n\u0131n verilerine g\u00f6re Bel\u00e7ika\u2019da Coronaviris\u00fc nedeni ile hastanelere ba\u015fvuran&nbsp; 26 Bin 667 ki\u015fiden 18 bin 80 ki\u015fide aktif coronavir\u00fcs\u00fc tespit edildi.. son duruma g\u00f6re Bin 684 ki\u015fi de&nbsp; hastanelerde tedavi&nbsp; alt\u0131nda bulunduruluyor.. [&hellip;]<\/p>\n","protected":false},"author":3,"featured_media":11204,"comment_status":"closed","ping_status":"open","sticky":false,"template":"","format":"standard","meta":{"footnotes":""},"categories":[14,16,3,17,18,15,19,2,1],"tags":[5198],"class_list":["post-11201","post","type-post","status-publish","format-standard","has-post-thumbnail","hentry","category-avrupa","category-belcika","category-dunya","category-ekonomi","category-kultur-sanat","category-spor","category-tanitim","category-turkiye","category-uncategorized","tag-emirdagli-hulusi-irbiki-kaybettik"],"yoast_head":"<!-- This site is optimized with the Yoast SEO plugin v26.9 - https:\/\/yoast.com\/product\/yoast-seo-wordpress\/ -->\n<title>Emirda\u011fl\u0131 Hulusi \u0130rbik\u2019i kaybettik! - AvrupaPress<\/title>\n<meta name=\"robots\" content=\"index, follow, max-snippet:-1, max-image-preview:large, max-video-preview:-1\" \/>\n<link rel=\"canonical\" href=\"https:\/\/avrupapress.com\/2020\/04\/10\/emirdagli-hulusi-irbiki-kaybettik\/\" \/>\n<meta property=\"og:locale\" content=\"fr_FR\" \/>\n<meta property=\"og:type\" content=\"article\" \/>\n<meta property=\"og:title\" content=\"Emirda\u011fl\u0131 Hulusi \u0130rbik\u2019i kaybettik! - AvrupaPress\" \/>\n<meta property=\"og:description\" content=\"Bel\u00e7ika\u2019da Coronavir\u00fcs\u00fc son 24 saat i\u00e7inde 496 can alarak, toplam olarak \u00fclkede can kayb\u0131 3 Bin 19\u2019a ula\u015ft\u0131\u2026Ulusal G\u00fcvenlik Merkezi ile Sa\u011fl\u0131k Kriz Masas\u0131n\u0131n verilerine g\u00f6re Bel\u00e7ika\u2019da Coronaviris\u00fc nedeni ile hastanelere ba\u015fvuran&nbsp; 26 Bin 667 ki\u015fiden 18 bin 80 ki\u015fide aktif coronavir\u00fcs\u00fc tespit edildi.. son duruma g\u00f6re Bin 684 ki\u015fi de&nbsp; hastanelerde tedavi&nbsp; alt\u0131nda bulunduruluyor.. [&hellip;]\" \/>\n<meta property=\"og:url\" content=\"https:\/\/avrupapress.com\/2020\/04\/10\/emirdagli-hulusi-irbiki-kaybettik\/\" \/>\n<meta property=\"og:site_name\" content=\"AvrupaPress\" \/>\n<meta property=\"article:published_time\" content=\"2020-04-10T13:24:44+00:00\" \/>\n<meta property=\"article:modified_time\" content=\"2020-04-10T13:27:24+00:00\" \/>\n<meta property=\"og:image\" content=\"https:\/\/avrupapress.com\/wp-content\/uploads\/2020\/04\/92794925_3363110203718113_5803326223710945280_n.jpg\" \/>\n\t<meta property=\"og:image:width\" content=\"738\" \/>\n\t<meta property=\"og:image:height\" content=\"960\" \/>\n\t<meta property=\"og:image:type\" content=\"image\/jpeg\" \/>\n<meta name=\"author\" content=\"Edit\u00f6r\" \/>\n<meta name=\"twitter:card\" content=\"summary_large_image\" \/>\n<meta name=\"twitter:label1\" content=\"\u00c9crit par\" \/>\n\t<meta name=\"twitter:data1\" content=\"Edit\u00f6r\" \/>\n\t<meta name=\"twitter:label2\" content=\"Dur\u00e9e de lecture est.\" \/>\n\t<meta name=\"twitter:data2\" content=\"1 minute\" \/>\n<script type=\"application\/ld+json\" class=\"yoast-schema-graph\">{\"@context\":\"https:\/\/schema.org\",\"@graph\":[{\"@type\":\"Article\",\"@id\":\"https:\/\/avrupapress.com\/2020\/04\/10\/emirdagli-hulusi-irbiki-kaybettik\/#article\",\"isPartOf\":{\"@id\":\"https:\/\/avrupapress.com\/2020\/04\/10\/emirdagli-hulusi-irbiki-kaybettik\/\"},\"author\":{\"name\":\"Edit\u00f6r\",\"@id\":\"https:\/\/avrupapress.com\/#\/schema\/person\/68428444ec60970d1e1b700cf4ca1e8f\"},\"headline\":\"Emirda\u011fl\u0131 Hulusi \u0130rbik\u2019i kaybettik!\",\"datePublished\":\"2020-04-10T13:24:44+00:00\",\"dateModified\":\"2020-04-10T13:27:24+00:00\",\"mainEntityOfPage\":{\"@id\":\"https:\/\/avrupapress.com\/2020\/04\/10\/emirdagli-hulusi-irbiki-kaybettik\/\"},\"wordCount\":212,\"publisher\":{\"@id\":\"https:\/\/avrupapress.com\/#\/schema\/person\/0223dca19c72c43575bf30d1a2d8f4fa\"},\"image\":{\"@id\":\"https:\/\/avrupapress.com\/2020\/04\/10\/emirdagli-hulusi-irbiki-kaybettik\/#primaryimage\"},\"thumbnailUrl\":\"https:\/\/avrupapress.com\/main\/wp-content\/uploads\/2020\/04\/92794925_3363110203718113_5803326223710945280_n.jpg\",\"keywords\":[\"Emirda\u011fl\u0131 Hulusi \u0130rbik\u2019i kaybettik!\"],\"articleSection\":[\"Avrupa\",\"Bel\u00e7ika\",\"D\u00fcnya\",\"Ekonomi\",\"K\u00fclt\u00fcr-Sanat\",\"Spor\",\"Tan\u0131t\u0131m\",\"T\u00fcrkiye\",\"Uncategorized\"],\"inLanguage\":\"fr-BE\"},{\"@type\":\"WebPage\",\"@id\":\"https:\/\/avrupapress.com\/2020\/04\/10\/emirdagli-hulusi-irbiki-kaybettik\/\",\"url\":\"https:\/\/avrupapress.com\/2020\/04\/10\/emirdagli-hulusi-irbiki-kaybettik\/\",\"name\":\"Emirda\u011fl\u0131 Hulusi \u0130rbik\u2019i kaybettik! - AvrupaPress\",\"isPartOf\":{\"@id\":\"https:\/\/avrupapress.com\/#website\"},\"primaryImageOfPage\":{\"@id\":\"https:\/\/avrupapress.com\/2020\/04\/10\/emirdagli-hulusi-irbiki-kaybettik\/#primaryimage\"},\"image\":{\"@id\":\"https:\/\/avrupapress.com\/2020\/04\/10\/emirdagli-hulusi-irbiki-kaybettik\/#primaryimage\"},\"thumbnailUrl\":\"https:\/\/avrupapress.com\/main\/wp-content\/uploads\/2020\/04\/92794925_3363110203718113_5803326223710945280_n.jpg\",\"datePublished\":\"2020-04-10T13:24:44+00:00\",\"dateModified\":\"2020-04-10T13:27:24+00:00\",\"breadcrumb\":{\"@id\":\"https:\/\/avrupapress.com\/2020\/04\/10\/emirdagli-hulusi-irbiki-kaybettik\/#breadcrumb\"},\"inLanguage\":\"fr-BE\",\"potentialAction\":[{\"@type\":\"ReadAction\",\"target\":[\"https:\/\/avrupapress.com\/2020\/04\/10\/emirdagli-hulusi-irbiki-kaybettik\/\"]}]},{\"@type\":\"ImageObject\",\"inLanguage\":\"fr-BE\",\"@id\":\"https:\/\/avrupapress.com\/2020\/04\/10\/emirdagli-hulusi-irbiki-kaybettik\/#primaryimage\",\"url\":\"https:\/\/avrupapress.com\/main\/wp-content\/uploads\/2020\/04\/92794925_3363110203718113_5803326223710945280_n.jpg\",\"contentUrl\":\"https:\/\/avrupapress.com\/main\/wp-content\/uploads\/2020\/04\/92794925_3363110203718113_5803326223710945280_n.jpg\",\"width\":738,\"height\":960},{\"@type\":\"BreadcrumbList\",\"@id\":\"https:\/\/avrupapress.com\/2020\/04\/10\/emirdagli-hulusi-irbiki-kaybettik\/#breadcrumb\",\"itemListElement\":[{\"@type\":\"ListItem\",\"position\":1,\"name\":\"Anasayfa\",\"item\":\"https:\/\/avrupapress.com\/\"},{\"@type\":\"ListItem\",\"position\":2,\"name\":\"Emirda\u011fl\u0131 Hulusi \u0130rbik\u2019i kaybettik!\"}]},{\"@type\":\"WebSite\",\"@id\":\"https:\/\/avrupapress.com\/#website\",\"url\":\"https:\/\/avrupapress.com\/\",\"name\":\"AvrupaPress\",\"description\":\"Haberin Adresi\",\"publisher\":{\"@id\":\"https:\/\/avrupapress.com\/#\/schema\/person\/0223dca19c72c43575bf30d1a2d8f4fa\"},\"potentialAction\":[{\"@type\":\"SearchAction\",\"target\":{\"@type\":\"EntryPoint\",\"urlTemplate\":\"https:\/\/avrupapress.com\/?s={search_term_string}\"},\"query-input\":{\"@type\":\"PropertyValueSpecification\",\"valueRequired\":true,\"valueName\":\"search_term_string\"}}],\"inLanguage\":\"fr-BE\"},{\"@type\":[\"Person\",\"Organization\"],\"@id\":\"https:\/\/avrupapress.com\/#\/schema\/person\/0223dca19c72c43575bf30d1a2d8f4fa\",\"name\":\"Bilgin \u00d6z\u00e7ift\u00e7i\",\"image\":{\"@type\":\"ImageObject\",\"inLanguage\":\"fr-BE\",\"@id\":\"https:\/\/avrupapress.com\/#\/schema\/person\/image\/\",\"url\":\"https:\/\/secure.gravatar.com\/avatar\/0f23b280433a21e1ea7a0adcc46ed0ad16afe3ad8e630fd13d8a017dcbd54ef3?s=96&d=mm&r=g\",\"contentUrl\":\"https:\/\/secure.gravatar.com\/avatar\/0f23b280433a21e1ea7a0adcc46ed0ad16afe3ad8e630fd13d8a017dcbd54ef3?s=96&d=mm&r=g\",\"caption\":\"Bilgin \u00d6z\u00e7ift\u00e7i\"},\"logo\":{\"@id\":\"https:\/\/avrupapress.com\/#\/schema\/person\/image\/\"},\"description\":\"Ne ben, nede sen... Biz ancak \\\"biz\\\" olursak g\u00fc\u00e7l\u00fc olabiliriz\"},{\"@type\":\"Person\",\"@id\":\"https:\/\/avrupapress.com\/#\/schema\/person\/68428444ec60970d1e1b700cf4ca1e8f\",\"name\":\"Edit\u00f6r\",\"image\":{\"@type\":\"ImageObject\",\"inLanguage\":\"fr-BE\",\"@id\":\"https:\/\/avrupapress.com\/#\/schema\/person\/image\/\",\"url\":\"https:\/\/secure.gravatar.com\/avatar\/74996b0977aa5f1559ba9883776652508b229005c0d78fb2597897f0bd651c09?s=96&d=mm&r=g\",\"contentUrl\":\"https:\/\/secure.gravatar.com\/avatar\/74996b0977aa5f1559ba9883776652508b229005c0d78fb2597897f0bd651c09?s=96&d=mm&r=g\",\"caption\":\"Edit\u00f6r\"},\"sameAs\":[\"http:\/\/www.avrupapress.com\"],\"url\":\"https:\/\/avrupapress.com\/main\/author\/editor\/\"}]}<\/script>\n<!-- \/ Yoast SEO plugin. -->","yoast_head_json":{"title":"Emirda\u011fl\u0131 Hulusi \u0130rbik\u2019i kaybettik! - AvrupaPress","robots":{"index":"index","follow":"follow","max-snippet":"max-snippet:-1","max-image-preview":"max-image-preview:large","max-video-preview":"max-video-preview:-1"},"canonical":"https:\/\/avrupapress.com\/2020\/04\/10\/emirdagli-hulusi-irbiki-kaybettik\/","og_locale":"fr_FR","og_type":"article","og_title":"Emirda\u011fl\u0131 Hulusi \u0130rbik\u2019i kaybettik! - AvrupaPress","og_description":"Bel\u00e7ika\u2019da Coronavir\u00fcs\u00fc son 24 saat i\u00e7inde 496 can alarak, toplam olarak \u00fclkede can kayb\u0131 3 Bin 19\u2019a ula\u015ft\u0131\u2026Ulusal G\u00fcvenlik Merkezi ile Sa\u011fl\u0131k Kriz Masas\u0131n\u0131n verilerine g\u00f6re Bel\u00e7ika\u2019da Coronaviris\u00fc nedeni ile hastanelere ba\u015fvuran&nbsp; 26 Bin 667 ki\u015fiden 18 bin 80 ki\u015fide aktif coronavir\u00fcs\u00fc tespit edildi.. son duruma g\u00f6re Bin 684 ki\u015fi de&nbsp; hastanelerde tedavi&nbsp; alt\u0131nda bulunduruluyor.. [&hellip;]","og_url":"https:\/\/avrupapress.com\/2020\/04\/10\/emirdagli-hulusi-irbiki-kaybettik\/","og_site_name":"AvrupaPress","article_published_time":"2020-04-10T13:24:44+00:00","article_modified_time":"2020-04-10T13:27:24+00:00","og_image":[{"width":738,"height":960,"url":"https:\/\/avrupapress.com\/wp-content\/uploads\/2020\/04\/92794925_3363110203718113_5803326223710945280_n.jpg","type":"image\/jpeg"}],"author":"Edit\u00f6r","twitter_card":"summary_large_image","twitter_misc":{"\u00c9crit par":"Edit\u00f6r","Dur\u00e9e de lecture est.":"1 minute"},"schema":{"@context":"https:\/\/schema.org","@graph":[{"@type":"Article","@id":"https:\/\/avrupapress.com\/2020\/04\/10\/emirdagli-hulusi-irbiki-kaybettik\/#article","isPartOf":{"@id":"https:\/\/avrupapress.com\/2020\/04\/10\/emirdagli-hulusi-irbiki-kaybettik\/"},"author":{"name":"Edit\u00f6r","@id":"https:\/\/avrupapress.com\/#\/schema\/person\/68428444ec60970d1e1b700cf4ca1e8f"},"headline":"Emirda\u011fl\u0131 Hulusi \u0130rbik\u2019i kaybettik!","datePublished":"2020-04-10T13:24:44+00:00","dateModified":"2020-04-10T13:27:24+00:00","mainEntityOfPage":{"@id":"https:\/\/avrupapress.com\/2020\/04\/10\/emirdagli-hulusi-irbiki-kaybettik\/"},"wordCount":212,"publisher":{"@id":"https:\/\/avrupapress.com\/#\/schema\/person\/0223dca19c72c43575bf30d1a2d8f4fa"},"image":{"@id":"https:\/\/avrupapress.com\/2020\/04\/10\/emirdagli-hulusi-irbiki-kaybettik\/#primaryimage"},"thumbnailUrl":"https:\/\/avrupapress.com\/main\/wp-content\/uploads\/2020\/04\/92794925_3363110203718113_5803326223710945280_n.jpg","keywords":["Emirda\u011fl\u0131 Hulusi \u0130rbik\u2019i kaybettik!"],"articleSection":["Avrupa","Bel\u00e7ika","D\u00fcnya","Ekonomi","K\u00fclt\u00fcr-Sanat","Spor","Tan\u0131t\u0131m","T\u00fcrkiye","Uncategorized"],"inLanguage":"fr-BE"},{"@type":"WebPage","@id":"https:\/\/avrupapress.com\/2020\/04\/10\/emirdagli-hulusi-irbiki-kaybettik\/","url":"https:\/\/avrupapress.com\/2020\/04\/10\/emirdagli-hulusi-irbiki-kaybettik\/","name":"Emirda\u011fl\u0131 Hulusi \u0130rbik\u2019i kaybettik! - AvrupaPress","isPartOf":{"@id":"https:\/\/avrupapress.com\/#website"},"primaryImageOfPage":{"@id":"https:\/\/avrupapress.com\/2020\/04\/10\/emirdagli-hulusi-irbiki-kaybettik\/#primaryimage"},"image":{"@id":"https:\/\/avrupapress.com\/2020\/04\/10\/emirdagli-hulusi-irbiki-kaybettik\/#primaryimage"},"thumbnailUrl":"https:\/\/avrupapress.com\/main\/wp-content\/uploads\/2020\/04\/92794925_3363110203718113_5803326223710945280_n.jpg","datePublished":"2020-04-10T13:24:44+00:00","dateModified":"2020-04-10T13:27:24+00:00","breadcrumb":{"@id":"https:\/\/avrupapress.com\/2020\/04\/10\/emirdagli-hulusi-irbiki-kaybettik\/#breadcrumb"},"inLanguage":"fr-BE","potentialAction":[{"@type":"ReadAction","target":["https:\/\/avrupapress.com\/2020\/04\/10\/emirdagli-hulusi-irbiki-kaybettik\/"]}]},{"@type":"ImageObject","inLanguage":"fr-BE","@id":"https:\/\/avrupapress.com\/2020\/04\/10\/emirdagli-hulusi-irbiki-kaybettik\/#primaryimage","url":"https:\/\/avrupapress.com\/main\/wp-content\/uploads\/2020\/04\/92794925_3363110203718113_5803326223710945280_n.jpg","contentUrl":"https:\/\/avrupapress.com\/main\/wp-content\/uploads\/2020\/04\/92794925_3363110203718113_5803326223710945280_n.jpg","width":738,"height":960},{"@type":"BreadcrumbList","@id":"https:\/\/avrupapress.com\/2020\/04\/10\/emirdagli-hulusi-irbiki-kaybettik\/#breadcrumb","itemListElement":[{"@type":"ListItem","position":1,"name":"Anasayfa","item":"https:\/\/avrupapress.com\/"},{"@type":"ListItem","position":2,"name":"Emirda\u011fl\u0131 Hulusi \u0130rbik\u2019i kaybettik!"}]},{"@type":"WebSite","@id":"https:\/\/avrupapress.com\/#website","url":"https:\/\/avrupapress.com\/","name":"AvrupaPress","description":"Haberin Adresi","publisher":{"@id":"https:\/\/avrupapress.com\/#\/schema\/person\/0223dca19c72c43575bf30d1a2d8f4fa"},"potentialAction":[{"@type":"SearchAction","target":{"@type":"EntryPoint","urlTemplate":"https:\/\/avrupapress.com\/?s={search_term_string}"},"query-input":{"@type":"PropertyValueSpecification","valueRequired":true,"valueName":"search_term_string"}}],"inLanguage":"fr-BE"},{"@type":["Person","Organization"],"@id":"https:\/\/avrupapress.com\/#\/schema\/person\/0223dca19c72c43575bf30d1a2d8f4fa","name":"Bilgin \u00d6z\u00e7ift\u00e7i","image":{"@type":"ImageObject","inLanguage":"fr-BE","@id":"https:\/\/avrupapress.com\/#\/schema\/person\/image\/","url":"https:\/\/secure.gravatar.com\/avatar\/0f23b280433a21e1ea7a0adcc46ed0ad16afe3ad8e630fd13d8a017dcbd54ef3?s=96&d=mm&r=g","contentUrl":"https:\/\/secure.gravatar.com\/avatar\/0f23b280433a21e1ea7a0adcc46ed0ad16afe3ad8e630fd13d8a017dcbd54ef3?s=96&d=mm&r=g","caption":"Bilgin \u00d6z\u00e7ift\u00e7i"},"logo":{"@id":"https:\/\/avrupapress.com\/#\/schema\/person\/image\/"},"description":"Ne ben, nede sen... Biz ancak \"biz\" olursak g\u00fc\u00e7l\u00fc olabiliriz"},{"@type":"Person","@id":"https:\/\/avrupapress.com\/#\/schema\/person\/68428444ec60970d1e1b700cf4ca1e8f","name":"Edit\u00f6r","image":{"@type":"ImageObject","inLanguage":"fr-BE","@id":"https:\/\/avrupapress.com\/#\/schema\/person\/image\/","url":"https:\/\/secure.gravatar.com\/avatar\/74996b0977aa5f1559ba9883776652508b229005c0d78fb2597897f0bd651c09?s=96&d=mm&r=g","contentUrl":"https:\/\/secure.gravatar.com\/avatar\/74996b0977aa5f1559ba9883776652508b229005c0d78fb2597897f0bd651c09?s=96&d=mm&r=g","caption":"Edit\u00f6r"},"sameAs":["http:\/\/www.avrupapress.com"],"url":"https:\/\/avrupapress.com\/main\/author\/editor\/"}]}},"_links":{"self":[{"href":"https:\/\/avrupapress.com\/main\/wp-json\/wp\/v2\/posts\/11201","targetHints":{"allow":["GET"]}}],"collection":[{"href":"https:\/\/avrupapress.com\/main\/wp-json\/wp\/v2\/posts"}],"about":[{"href":"https:\/\/avrupapress.com\/main\/wp-json\/wp\/v2\/types\/post"}],"author":[{"embeddable":true,"href":"https:\/\/avrupapress.com\/main\/wp-json\/wp\/v2\/users\/3"}],"replies":[{"embeddable":true,"href":"https:\/\/avrupapress.com\/main\/wp-json\/wp\/v2\/comments?post=11201"}],"version-history":[{"count":1,"href":"https:\/\/avrupapress.com\/main\/wp-json\/wp\/v2\/posts\/11201\/revisions"}],"predecessor-version":[{"id":11203,"href":"https:\/\/avrupapress.com\/main\/wp-json\/wp\/v2\/posts\/11201\/revisions\/11203"}],"wp:featuredmedia":[{"embeddable":true,"href":"https:\/\/avrupapress.com\/main\/wp-json\/wp\/v2\/media\/11204"}],"wp:attachment":[{"href":"https:\/\/avrupapress.com\/main\/wp-json\/wp\/v2\/media?parent=11201"}],"wp:term":[{"taxonomy":"category","embeddable":true,"href":"https:\/\/avrupapress.com\/main\/wp-json\/wp\/v2\/categories?post=11201"},{"taxonomy":"post_tag","embeddable":true,"href":"https:\/\/avrupapress.com\/main\/wp-json\/wp\/v2\/tags?post=11201"}],"curies":[{"name":"wp","href":"https:\/\/api.w.org\/{rel}","templated":true}]}}