{"id":11198,"date":"2020-04-09T22:29:16","date_gmt":"2020-04-09T22:29:16","guid":{"rendered":"http:\/\/avrupapress.com\/main\/?p=11198"},"modified":"2020-04-09T22:29:17","modified_gmt":"2020-04-09T22:29:17","slug":"din-isleri-yuksek-kurulu-corona-virus-nedeniyle-vefat-edenlerin-cenazelerin-islemleri-hakkinda-yeni-aciklama","status":"publish","type":"post","link":"https:\/\/avrupapress.com\/main\/2020\/04\/09\/din-isleri-yuksek-kurulu-corona-virus-nedeniyle-vefat-edenlerin-cenazelerin-islemleri-hakkinda-yeni-aciklama\/","title":{"rendered":"Din \u0130\u015fleri Y\u00fcksek Kurulu corona vir\u00fcs nedeniyle vefat edenlerin cenazelerin i\u015flemleri&rsquo; hakk\u0131nda yeni a\u00e7\u0131klama"},"content":{"rendered":"\n<p><strong>Din \u0130\u015fleri Y\u00fcksek Kurulu, Bilim Kurulu&rsquo;nun yeni tip corona vir\u00fcs ile (Covid-19) m\u00fccadele kapsam\u0131nda ald\u0131\u011f\u0131 yeni karar \u00fczerine, corona vir\u00fcs nedeniyle vefat edenlerin cenazelerinin, koruyucu tedbirler al\u0131nmas\u0131n\u0131n ard\u0131ndan usule g\u00f6re y\u0131kanmas\u0131, kefenlenmesi ve defnedilmesi gerekti\u011fini bildirdi.<\/strong><\/p>\n\n\n\n<p>Diyanet \u0130\u015fleri Ba\u015fkanl\u0131\u011f\u0131 Din \u0130\u015fleri Y\u00fcksek Kurulu&rsquo;ndan&nbsp;yap\u0131lan yaz\u0131l\u0131 a\u00e7\u0131klamada, Din \u0130\u015fleri Y\u00fcksek Kurulu&rsquo;nun, Sa\u011fl\u0131k Bakanl\u0131\u011f\u0131 Bilim Kurulu&rsquo;ndan g\u00f6r\u00fc\u015f alarak 22 Mart&rsquo;ta \u00ab\u00a0Salg\u0131n Hastal\u0131k Durumunda Cenaze Namaz\u0131 ve Defin \u0130\u015flemleri\u00a0\u00bb konulu bir fetva yay\u0131mlad\u0131\u011f\u0131 belirtildi.<\/p>\n\n\n\n<p>Fetvada, hastal\u0131\u011f\u0131n bula\u015fma riskine kar\u015f\u0131 uzmanlar\u0131n tavsiyeleri do\u011frultusunda gerekli koruyucu tedbirler al\u0131nmas\u0131n\u0131n ard\u0131ndan cenazenin usul\u00fcne uygun \u015fekilde y\u0131kan\u0131p kefenlenmesi ve defnedilmesi gerekti\u011fine dikkat \u00e7ekilerek, hastal\u0131\u011f\u0131n bula\u015fma riskine g\u00f6re baz\u0131 zaruret h\u00fck\u00fcmlerine de de\u011finildi\u011fi ifade edildi.<br><br>A\u00e7\u0131klamada, Sa\u011fl\u0131k Bakanl\u0131\u011f\u0131 Halk Sa\u011fl\u0131\u011f\u0131 Genel M\u00fcd\u00fcrl\u00fc\u011f\u00fcn\u00fcn, Ba\u015fkanl\u0131\u011fa 3 Nisan&rsquo;da Bilim Kurulu&rsquo;nun defin i\u015flemlerine ili\u015fkin, Covid-19 nedeniyle hayat\u0131n\u0131 kaybeden ki\u015filerin cenazelerine di\u011fer enfeksiyon hastal\u0131klar\u0131 nedeniyle vefat edenlerden farkl\u0131 bir uygulama yap\u0131lmas\u0131n\u0131n gerek olmad\u0131\u011f\u0131 karar\u0131na vard\u0131\u011f\u0131 hat\u0131rlat\u0131ld\u0131.<br><br><strong>\u00ab\u00a0KURUL&rsquo;A \u015e\u0130KAYETLER ULA\u015eTI\u00a0\u00bb<\/strong><br><br>Son d\u00f6nemde, fetvadaki asli h\u00fckm\u00fcn dikkate al\u0131nmad\u0131\u011f\u0131, bunun yerine zarurete istinaden verilen h\u00fck\u00fcmler \u00e7er\u00e7evesinde cenaze i\u015flemlerinin ger\u00e7ekle\u015ftirildi\u011fi y\u00f6n\u00fcnde Kurul&rsquo;a \u015fikayetlerin ula\u015ft\u0131\u011f\u0131 bildirilen a\u00e7\u0131klamada, \u015funlar kaydedildi:<br><br>\u00ab\u00a0Din karde\u015flerimize kar\u015f\u0131 dini olarak son vazifemizi yapt\u0131\u011f\u0131m\u0131z unutulmadan Covid-19 sebebiyle vefat edenlerin cenazelerinin Kurulumuzun asli fetvas\u0131 do\u011frultusunda koruyucu tedbirler al\u0131nd\u0131ktan sonra usul\u00fcne g\u00f6re y\u0131kanmas\u0131, kefenlenmesi ve defnedilmesi farz\u0131 kifayedir.<br><br>Gerekli koruyucu k\u0131yafet, teknik ekipman ve ehil gassallar\u0131n bulunmad\u0131\u011f\u0131 yerlerdeki cenazelerin de bu imkanlar\u0131n bulundu\u011fu gasilhanelere nakledilerek bu dini sorumlulu\u011fun usul\u00fcne uygun bir \u015fekilde ger\u00e7ekle\u015ftirilmesi i\u00e7in ilgililer taraf\u0131ndan gerekli tedbirler al\u0131nmal\u0131d\u0131r.\u00a0\u00bb<\/p>\n","protected":false},"excerpt":{"rendered":"<p>Din \u0130\u015fleri Y\u00fcksek Kurulu, Bilim Kurulu&rsquo;nun yeni tip corona vir\u00fcs ile (Covid-19) m\u00fccadele kapsam\u0131nda ald\u0131\u011f\u0131 yeni karar \u00fczerine, corona vir\u00fcs nedeniyle vefat edenlerin cenazelerinin, koruyucu tedbirler al\u0131nmas\u0131n\u0131n ard\u0131ndan usule g\u00f6re y\u0131kanmas\u0131, kefenlenmesi ve defnedilmesi gerekti\u011fini bildirdi. Diyanet \u0130\u015fleri Ba\u015fkanl\u0131\u011f\u0131 Din \u0130\u015fleri Y\u00fcksek Kurulu&rsquo;ndan&nbsp;yap\u0131lan yaz\u0131l\u0131 a\u00e7\u0131klamada, Din \u0130\u015fleri Y\u00fcksek Kurulu&rsquo;nun, Sa\u011fl\u0131k Bakanl\u0131\u011f\u0131 Bilim Kurulu&rsquo;ndan g\u00f6r\u00fc\u015f alarak [&hellip;]<\/p>\n","protected":false},"author":3,"featured_media":11199,"comment_status":"closed","ping_status":"open","sticky":false,"template":"","format":"standard","meta":{"footnotes":""},"categories":[14,16,3,17,18,15,19,2,1],"tags":[],"class_list":["post-11198","post","type-post","status-publish","format-standard","has-post-thumbnail","hentry","category-avrupa","category-belcika","category-dunya","category-ekonomi","category-kultur-sanat","category-spor","category-tanitim","category-turkiye","category-uncategorized"],"yoast_head":"<!-- This site is optimized with the Yoast SEO plugin v26.9 - https:\/\/yoast.com\/product\/yoast-seo-wordpress\/ -->\n<title>Din \u0130\u015fleri Y\u00fcksek Kurulu corona vir\u00fcs nedeniyle vefat edenlerin cenazelerin i\u015flemleri&#039; hakk\u0131nda yeni a\u00e7\u0131klama - AvrupaPress<\/title>\n<meta name=\"robots\" content=\"index, follow, max-snippet:-1, max-image-preview:large, max-video-preview:-1\" \/>\n<link rel=\"canonical\" href=\"https:\/\/avrupapress.com\/2020\/04\/09\/din-isleri-yuksek-kurulu-corona-virus-nedeniyle-vefat-edenlerin-cenazelerin-islemleri-hakkinda-yeni-aciklama\/\" \/>\n<meta property=\"og:locale\" content=\"fr_FR\" \/>\n<meta property=\"og:type\" content=\"article\" \/>\n<meta property=\"og:title\" content=\"Din \u0130\u015fleri Y\u00fcksek Kurulu corona vir\u00fcs nedeniyle vefat edenlerin cenazelerin i\u015flemleri&#039; hakk\u0131nda yeni a\u00e7\u0131klama - AvrupaPress\" \/>\n<meta property=\"og:description\" content=\"Din \u0130\u015fleri Y\u00fcksek Kurulu, Bilim Kurulu&rsquo;nun yeni tip corona vir\u00fcs ile (Covid-19) m\u00fccadele kapsam\u0131nda ald\u0131\u011f\u0131 yeni karar \u00fczerine, corona vir\u00fcs nedeniyle vefat edenlerin cenazelerinin, koruyucu tedbirler al\u0131nmas\u0131n\u0131n ard\u0131ndan usule g\u00f6re y\u0131kanmas\u0131, kefenlenmesi ve defnedilmesi gerekti\u011fini bildirdi. Diyanet \u0130\u015fleri Ba\u015fkanl\u0131\u011f\u0131 Din \u0130\u015fleri Y\u00fcksek Kurulu&rsquo;ndan&nbsp;yap\u0131lan yaz\u0131l\u0131 a\u00e7\u0131klamada, Din \u0130\u015fleri Y\u00fcksek Kurulu&rsquo;nun, Sa\u011fl\u0131k Bakanl\u0131\u011f\u0131 Bilim Kurulu&rsquo;ndan g\u00f6r\u00fc\u015f alarak [&hellip;]\" \/>\n<meta property=\"og:url\" content=\"https:\/\/avrupapress.com\/2020\/04\/09\/din-isleri-yuksek-kurulu-corona-virus-nedeniyle-vefat-edenlerin-cenazelerin-islemleri-hakkinda-yeni-aciklama\/\" \/>\n<meta property=\"og:site_name\" content=\"AvrupaPress\" \/>\n<meta property=\"article:published_time\" content=\"2020-04-09T22:29:16+00:00\" \/>\n<meta property=\"article:modified_time\" content=\"2020-04-09T22:29:17+00:00\" \/>\n<meta property=\"og:image\" content=\"https:\/\/avrupapress.com\/wp-content\/uploads\/2020\/04\/bR2a_t_Xp0iBODHuu4mejQ.jpg\" \/>\n\t<meta property=\"og:image:width\" content=\"710\" \/>\n\t<meta property=\"og:image:height\" content=\"404\" \/>\n\t<meta property=\"og:image:type\" content=\"image\/jpeg\" \/>\n<meta name=\"author\" content=\"Edit\u00f6r\" \/>\n<meta name=\"twitter:card\" content=\"summary_large_image\" \/>\n<meta name=\"twitter:label1\" content=\"\u00c9crit par\" \/>\n\t<meta name=\"twitter:data1\" content=\"Edit\u00f6r\" \/>\n\t<meta name=\"twitter:label2\" content=\"Dur\u00e9e de lecture est.\" \/>\n\t<meta name=\"twitter:data2\" content=\"2 minutes\" \/>\n<script type=\"application\/ld+json\" class=\"yoast-schema-graph\">{\"@context\":\"https:\/\/schema.org\",\"@graph\":[{\"@type\":\"Article\",\"@id\":\"https:\/\/avrupapress.com\/2020\/04\/09\/din-isleri-yuksek-kurulu-corona-virus-nedeniyle-vefat-edenlerin-cenazelerin-islemleri-hakkinda-yeni-aciklama\/#article\",\"isPartOf\":{\"@id\":\"https:\/\/avrupapress.com\/2020\/04\/09\/din-isleri-yuksek-kurulu-corona-virus-nedeniyle-vefat-edenlerin-cenazelerin-islemleri-hakkinda-yeni-aciklama\/\"},\"author\":{\"name\":\"Edit\u00f6r\",\"@id\":\"https:\/\/avrupapress.com\/#\/schema\/person\/68428444ec60970d1e1b700cf4ca1e8f\"},\"headline\":\"Din \u0130\u015fleri Y\u00fcksek Kurulu corona vir\u00fcs nedeniyle vefat edenlerin cenazelerin i\u015flemleri&rsquo; hakk\u0131nda yeni a\u00e7\u0131klama\",\"datePublished\":\"2020-04-09T22:29:16+00:00\",\"dateModified\":\"2020-04-09T22:29:17+00:00\",\"mainEntityOfPage\":{\"@id\":\"https:\/\/avrupapress.com\/2020\/04\/09\/din-isleri-yuksek-kurulu-corona-virus-nedeniyle-vefat-edenlerin-cenazelerin-islemleri-hakkinda-yeni-aciklama\/\"},\"wordCount\":352,\"publisher\":{\"@id\":\"https:\/\/avrupapress.com\/#\/schema\/person\/0223dca19c72c43575bf30d1a2d8f4fa\"},\"image\":{\"@id\":\"https:\/\/avrupapress.com\/2020\/04\/09\/din-isleri-yuksek-kurulu-corona-virus-nedeniyle-vefat-edenlerin-cenazelerin-islemleri-hakkinda-yeni-aciklama\/#primaryimage\"},\"thumbnailUrl\":\"https:\/\/avrupapress.com\/main\/wp-content\/uploads\/2020\/04\/bR2a_t_Xp0iBODHuu4mejQ.jpg\",\"articleSection\":[\"Avrupa\",\"Bel\u00e7ika\",\"D\u00fcnya\",\"Ekonomi\",\"K\u00fclt\u00fcr-Sanat\",\"Spor\",\"Tan\u0131t\u0131m\",\"T\u00fcrkiye\",\"Uncategorized\"],\"inLanguage\":\"fr-BE\"},{\"@type\":\"WebPage\",\"@id\":\"https:\/\/avrupapress.com\/2020\/04\/09\/din-isleri-yuksek-kurulu-corona-virus-nedeniyle-vefat-edenlerin-cenazelerin-islemleri-hakkinda-yeni-aciklama\/\",\"url\":\"https:\/\/avrupapress.com\/2020\/04\/09\/din-isleri-yuksek-kurulu-corona-virus-nedeniyle-vefat-edenlerin-cenazelerin-islemleri-hakkinda-yeni-aciklama\/\",\"name\":\"Din \u0130\u015fleri Y\u00fcksek Kurulu corona vir\u00fcs nedeniyle vefat edenlerin cenazelerin i\u015flemleri' hakk\u0131nda yeni a\u00e7\u0131klama - AvrupaPress\",\"isPartOf\":{\"@id\":\"https:\/\/avrupapress.com\/#website\"},\"primaryImageOfPage\":{\"@id\":\"https:\/\/avrupapress.com\/2020\/04\/09\/din-isleri-yuksek-kurulu-corona-virus-nedeniyle-vefat-edenlerin-cenazelerin-islemleri-hakkinda-yeni-aciklama\/#primaryimage\"},\"image\":{\"@id\":\"https:\/\/avrupapress.com\/2020\/04\/09\/din-isleri-yuksek-kurulu-corona-virus-nedeniyle-vefat-edenlerin-cenazelerin-islemleri-hakkinda-yeni-aciklama\/#primaryimage\"},\"thumbnailUrl\":\"https:\/\/avrupapress.com\/main\/wp-content\/uploads\/2020\/04\/bR2a_t_Xp0iBODHuu4mejQ.jpg\",\"datePublished\":\"2020-04-09T22:29:16+00:00\",\"dateModified\":\"2020-04-09T22:29:17+00:00\",\"breadcrumb\":{\"@id\":\"https:\/\/avrupapress.com\/2020\/04\/09\/din-isleri-yuksek-kurulu-corona-virus-nedeniyle-vefat-edenlerin-cenazelerin-islemleri-hakkinda-yeni-aciklama\/#breadcrumb\"},\"inLanguage\":\"fr-BE\",\"potentialAction\":[{\"@type\":\"ReadAction\",\"target\":[\"https:\/\/avrupapress.com\/2020\/04\/09\/din-isleri-yuksek-kurulu-corona-virus-nedeniyle-vefat-edenlerin-cenazelerin-islemleri-hakkinda-yeni-aciklama\/\"]}]},{\"@type\":\"ImageObject\",\"inLanguage\":\"fr-BE\",\"@id\":\"https:\/\/avrupapress.com\/2020\/04\/09\/din-isleri-yuksek-kurulu-corona-virus-nedeniyle-vefat-edenlerin-cenazelerin-islemleri-hakkinda-yeni-aciklama\/#primaryimage\",\"url\":\"https:\/\/avrupapress.com\/main\/wp-content\/uploads\/2020\/04\/bR2a_t_Xp0iBODHuu4mejQ.jpg\",\"contentUrl\":\"https:\/\/avrupapress.com\/main\/wp-content\/uploads\/2020\/04\/bR2a_t_Xp0iBODHuu4mejQ.jpg\",\"width\":710,\"height\":404},{\"@type\":\"BreadcrumbList\",\"@id\":\"https:\/\/avrupapress.com\/2020\/04\/09\/din-isleri-yuksek-kurulu-corona-virus-nedeniyle-vefat-edenlerin-cenazelerin-islemleri-hakkinda-yeni-aciklama\/#breadcrumb\",\"itemListElement\":[{\"@type\":\"ListItem\",\"position\":1,\"name\":\"Anasayfa\",\"item\":\"https:\/\/avrupapress.com\/\"},{\"@type\":\"ListItem\",\"position\":2,\"name\":\"Din \u0130\u015fleri Y\u00fcksek Kurulu corona vir\u00fcs nedeniyle vefat edenlerin cenazelerin i\u015flemleri&#8217; hakk\u0131nda yeni a\u00e7\u0131klama\"}]},{\"@type\":\"WebSite\",\"@id\":\"https:\/\/avrupapress.com\/#website\",\"url\":\"https:\/\/avrupapress.com\/\",\"name\":\"AvrupaPress\",\"description\":\"Haberin Adresi\",\"publisher\":{\"@id\":\"https:\/\/avrupapress.com\/#\/schema\/person\/0223dca19c72c43575bf30d1a2d8f4fa\"},\"potentialAction\":[{\"@type\":\"SearchAction\",\"target\":{\"@type\":\"EntryPoint\",\"urlTemplate\":\"https:\/\/avrupapress.com\/?s={search_term_string}\"},\"query-input\":{\"@type\":\"PropertyValueSpecification\",\"valueRequired\":true,\"valueName\":\"search_term_string\"}}],\"inLanguage\":\"fr-BE\"},{\"@type\":[\"Person\",\"Organization\"],\"@id\":\"https:\/\/avrupapress.com\/#\/schema\/person\/0223dca19c72c43575bf30d1a2d8f4fa\",\"name\":\"Bilgin \u00d6z\u00e7ift\u00e7i\",\"image\":{\"@type\":\"ImageObject\",\"inLanguage\":\"fr-BE\",\"@id\":\"https:\/\/avrupapress.com\/#\/schema\/person\/image\/\",\"url\":\"https:\/\/secure.gravatar.com\/avatar\/0f23b280433a21e1ea7a0adcc46ed0ad16afe3ad8e630fd13d8a017dcbd54ef3?s=96&d=mm&r=g\",\"contentUrl\":\"https:\/\/secure.gravatar.com\/avatar\/0f23b280433a21e1ea7a0adcc46ed0ad16afe3ad8e630fd13d8a017dcbd54ef3?s=96&d=mm&r=g\",\"caption\":\"Bilgin \u00d6z\u00e7ift\u00e7i\"},\"logo\":{\"@id\":\"https:\/\/avrupapress.com\/#\/schema\/person\/image\/\"},\"description\":\"Ne ben, nede sen... Biz ancak \\\"biz\\\" olursak g\u00fc\u00e7l\u00fc olabiliriz\"},{\"@type\":\"Person\",\"@id\":\"https:\/\/avrupapress.com\/#\/schema\/person\/68428444ec60970d1e1b700cf4ca1e8f\",\"name\":\"Edit\u00f6r\",\"image\":{\"@type\":\"ImageObject\",\"inLanguage\":\"fr-BE\",\"@id\":\"https:\/\/avrupapress.com\/#\/schema\/person\/image\/\",\"url\":\"https:\/\/secure.gravatar.com\/avatar\/74996b0977aa5f1559ba9883776652508b229005c0d78fb2597897f0bd651c09?s=96&d=mm&r=g\",\"contentUrl\":\"https:\/\/secure.gravatar.com\/avatar\/74996b0977aa5f1559ba9883776652508b229005c0d78fb2597897f0bd651c09?s=96&d=mm&r=g\",\"caption\":\"Edit\u00f6r\"},\"sameAs\":[\"http:\/\/www.avrupapress.com\"],\"url\":\"https:\/\/avrupapress.com\/main\/author\/editor\/\"}]}<\/script>\n<!-- \/ Yoast SEO plugin. -->","yoast_head_json":{"title":"Din \u0130\u015fleri Y\u00fcksek Kurulu corona vir\u00fcs nedeniyle vefat edenlerin cenazelerin i\u015flemleri' hakk\u0131nda yeni a\u00e7\u0131klama - AvrupaPress","robots":{"index":"index","follow":"follow","max-snippet":"max-snippet:-1","max-image-preview":"max-image-preview:large","max-video-preview":"max-video-preview:-1"},"canonical":"https:\/\/avrupapress.com\/2020\/04\/09\/din-isleri-yuksek-kurulu-corona-virus-nedeniyle-vefat-edenlerin-cenazelerin-islemleri-hakkinda-yeni-aciklama\/","og_locale":"fr_FR","og_type":"article","og_title":"Din \u0130\u015fleri Y\u00fcksek Kurulu corona vir\u00fcs nedeniyle vefat edenlerin cenazelerin i\u015flemleri' hakk\u0131nda yeni a\u00e7\u0131klama - AvrupaPress","og_description":"Din \u0130\u015fleri Y\u00fcksek Kurulu, Bilim Kurulu&rsquo;nun yeni tip corona vir\u00fcs ile (Covid-19) m\u00fccadele kapsam\u0131nda ald\u0131\u011f\u0131 yeni karar \u00fczerine, corona vir\u00fcs nedeniyle vefat edenlerin cenazelerinin, koruyucu tedbirler al\u0131nmas\u0131n\u0131n ard\u0131ndan usule g\u00f6re y\u0131kanmas\u0131, kefenlenmesi ve defnedilmesi gerekti\u011fini bildirdi. Diyanet \u0130\u015fleri Ba\u015fkanl\u0131\u011f\u0131 Din \u0130\u015fleri Y\u00fcksek Kurulu&rsquo;ndan&nbsp;yap\u0131lan yaz\u0131l\u0131 a\u00e7\u0131klamada, Din \u0130\u015fleri Y\u00fcksek Kurulu&rsquo;nun, Sa\u011fl\u0131k Bakanl\u0131\u011f\u0131 Bilim Kurulu&rsquo;ndan g\u00f6r\u00fc\u015f alarak [&hellip;]","og_url":"https:\/\/avrupapress.com\/2020\/04\/09\/din-isleri-yuksek-kurulu-corona-virus-nedeniyle-vefat-edenlerin-cenazelerin-islemleri-hakkinda-yeni-aciklama\/","og_site_name":"AvrupaPress","article_published_time":"2020-04-09T22:29:16+00:00","article_modified_time":"2020-04-09T22:29:17+00:00","og_image":[{"width":710,"height":404,"url":"https:\/\/avrupapress.com\/wp-content\/uploads\/2020\/04\/bR2a_t_Xp0iBODHuu4mejQ.jpg","type":"image\/jpeg"}],"author":"Edit\u00f6r","twitter_card":"summary_large_image","twitter_misc":{"\u00c9crit par":"Edit\u00f6r","Dur\u00e9e de lecture est.":"2 minutes"},"schema":{"@context":"https:\/\/schema.org","@graph":[{"@type":"Article","@id":"https:\/\/avrupapress.com\/2020\/04\/09\/din-isleri-yuksek-kurulu-corona-virus-nedeniyle-vefat-edenlerin-cenazelerin-islemleri-hakkinda-yeni-aciklama\/#article","isPartOf":{"@id":"https:\/\/avrupapress.com\/2020\/04\/09\/din-isleri-yuksek-kurulu-corona-virus-nedeniyle-vefat-edenlerin-cenazelerin-islemleri-hakkinda-yeni-aciklama\/"},"author":{"name":"Edit\u00f6r","@id":"https:\/\/avrupapress.com\/#\/schema\/person\/68428444ec60970d1e1b700cf4ca1e8f"},"headline":"Din \u0130\u015fleri Y\u00fcksek Kurulu corona vir\u00fcs nedeniyle vefat edenlerin cenazelerin i\u015flemleri&rsquo; hakk\u0131nda yeni a\u00e7\u0131klama","datePublished":"2020-04-09T22:29:16+00:00","dateModified":"2020-04-09T22:29:17+00:00","mainEntityOfPage":{"@id":"https:\/\/avrupapress.com\/2020\/04\/09\/din-isleri-yuksek-kurulu-corona-virus-nedeniyle-vefat-edenlerin-cenazelerin-islemleri-hakkinda-yeni-aciklama\/"},"wordCount":352,"publisher":{"@id":"https:\/\/avrupapress.com\/#\/schema\/person\/0223dca19c72c43575bf30d1a2d8f4fa"},"image":{"@id":"https:\/\/avrupapress.com\/2020\/04\/09\/din-isleri-yuksek-kurulu-corona-virus-nedeniyle-vefat-edenlerin-cenazelerin-islemleri-hakkinda-yeni-aciklama\/#primaryimage"},"thumbnailUrl":"https:\/\/avrupapress.com\/main\/wp-content\/uploads\/2020\/04\/bR2a_t_Xp0iBODHuu4mejQ.jpg","articleSection":["Avrupa","Bel\u00e7ika","D\u00fcnya","Ekonomi","K\u00fclt\u00fcr-Sanat","Spor","Tan\u0131t\u0131m","T\u00fcrkiye","Uncategorized"],"inLanguage":"fr-BE"},{"@type":"WebPage","@id":"https:\/\/avrupapress.com\/2020\/04\/09\/din-isleri-yuksek-kurulu-corona-virus-nedeniyle-vefat-edenlerin-cenazelerin-islemleri-hakkinda-yeni-aciklama\/","url":"https:\/\/avrupapress.com\/2020\/04\/09\/din-isleri-yuksek-kurulu-corona-virus-nedeniyle-vefat-edenlerin-cenazelerin-islemleri-hakkinda-yeni-aciklama\/","name":"Din \u0130\u015fleri Y\u00fcksek Kurulu corona vir\u00fcs nedeniyle vefat edenlerin cenazelerin i\u015flemleri' hakk\u0131nda yeni a\u00e7\u0131klama - AvrupaPress","isPartOf":{"@id":"https:\/\/avrupapress.com\/#website"},"primaryImageOfPage":{"@id":"https:\/\/avrupapress.com\/2020\/04\/09\/din-isleri-yuksek-kurulu-corona-virus-nedeniyle-vefat-edenlerin-cenazelerin-islemleri-hakkinda-yeni-aciklama\/#primaryimage"},"image":{"@id":"https:\/\/avrupapress.com\/2020\/04\/09\/din-isleri-yuksek-kurulu-corona-virus-nedeniyle-vefat-edenlerin-cenazelerin-islemleri-hakkinda-yeni-aciklama\/#primaryimage"},"thumbnailUrl":"https:\/\/avrupapress.com\/main\/wp-content\/uploads\/2020\/04\/bR2a_t_Xp0iBODHuu4mejQ.jpg","datePublished":"2020-04-09T22:29:16+00:00","dateModified":"2020-04-09T22:29:17+00:00","breadcrumb":{"@id":"https:\/\/avrupapress.com\/2020\/04\/09\/din-isleri-yuksek-kurulu-corona-virus-nedeniyle-vefat-edenlerin-cenazelerin-islemleri-hakkinda-yeni-aciklama\/#breadcrumb"},"inLanguage":"fr-BE","potentialAction":[{"@type":"ReadAction","target":["https:\/\/avrupapress.com\/2020\/04\/09\/din-isleri-yuksek-kurulu-corona-virus-nedeniyle-vefat-edenlerin-cenazelerin-islemleri-hakkinda-yeni-aciklama\/"]}]},{"@type":"ImageObject","inLanguage":"fr-BE","@id":"https:\/\/avrupapress.com\/2020\/04\/09\/din-isleri-yuksek-kurulu-corona-virus-nedeniyle-vefat-edenlerin-cenazelerin-islemleri-hakkinda-yeni-aciklama\/#primaryimage","url":"https:\/\/avrupapress.com\/main\/wp-content\/uploads\/2020\/04\/bR2a_t_Xp0iBODHuu4mejQ.jpg","contentUrl":"https:\/\/avrupapress.com\/main\/wp-content\/uploads\/2020\/04\/bR2a_t_Xp0iBODHuu4mejQ.jpg","width":710,"height":404},{"@type":"BreadcrumbList","@id":"https:\/\/avrupapress.com\/2020\/04\/09\/din-isleri-yuksek-kurulu-corona-virus-nedeniyle-vefat-edenlerin-cenazelerin-islemleri-hakkinda-yeni-aciklama\/#breadcrumb","itemListElement":[{"@type":"ListItem","position":1,"name":"Anasayfa","item":"https:\/\/avrupapress.com\/"},{"@type":"ListItem","position":2,"name":"Din \u0130\u015fleri Y\u00fcksek Kurulu corona vir\u00fcs nedeniyle vefat edenlerin cenazelerin i\u015flemleri&#8217; hakk\u0131nda yeni a\u00e7\u0131klama"}]},{"@type":"WebSite","@id":"https:\/\/avrupapress.com\/#website","url":"https:\/\/avrupapress.com\/","name":"AvrupaPress","description":"Haberin Adresi","publisher":{"@id":"https:\/\/avrupapress.com\/#\/schema\/person\/0223dca19c72c43575bf30d1a2d8f4fa"},"potentialAction":[{"@type":"SearchAction","target":{"@type":"EntryPoint","urlTemplate":"https:\/\/avrupapress.com\/?s={search_term_string}"},"query-input":{"@type":"PropertyValueSpecification","valueRequired":true,"valueName":"search_term_string"}}],"inLanguage":"fr-BE"},{"@type":["Person","Organization"],"@id":"https:\/\/avrupapress.com\/#\/schema\/person\/0223dca19c72c43575bf30d1a2d8f4fa","name":"Bilgin \u00d6z\u00e7ift\u00e7i","image":{"@type":"ImageObject","inLanguage":"fr-BE","@id":"https:\/\/avrupapress.com\/#\/schema\/person\/image\/","url":"https:\/\/secure.gravatar.com\/avatar\/0f23b280433a21e1ea7a0adcc46ed0ad16afe3ad8e630fd13d8a017dcbd54ef3?s=96&d=mm&r=g","contentUrl":"https:\/\/secure.gravatar.com\/avatar\/0f23b280433a21e1ea7a0adcc46ed0ad16afe3ad8e630fd13d8a017dcbd54ef3?s=96&d=mm&r=g","caption":"Bilgin \u00d6z\u00e7ift\u00e7i"},"logo":{"@id":"https:\/\/avrupapress.com\/#\/schema\/person\/image\/"},"description":"Ne ben, nede sen... Biz ancak \"biz\" olursak g\u00fc\u00e7l\u00fc olabiliriz"},{"@type":"Person","@id":"https:\/\/avrupapress.com\/#\/schema\/person\/68428444ec60970d1e1b700cf4ca1e8f","name":"Edit\u00f6r","image":{"@type":"ImageObject","inLanguage":"fr-BE","@id":"https:\/\/avrupapress.com\/#\/schema\/person\/image\/","url":"https:\/\/secure.gravatar.com\/avatar\/74996b0977aa5f1559ba9883776652508b229005c0d78fb2597897f0bd651c09?s=96&d=mm&r=g","contentUrl":"https:\/\/secure.gravatar.com\/avatar\/74996b0977aa5f1559ba9883776652508b229005c0d78fb2597897f0bd651c09?s=96&d=mm&r=g","caption":"Edit\u00f6r"},"sameAs":["http:\/\/www.avrupapress.com"],"url":"https:\/\/avrupapress.com\/main\/author\/editor\/"}]}},"_links":{"self":[{"href":"https:\/\/avrupapress.com\/main\/wp-json\/wp\/v2\/posts\/11198","targetHints":{"allow":["GET"]}}],"collection":[{"href":"https:\/\/avrupapress.com\/main\/wp-json\/wp\/v2\/posts"}],"about":[{"href":"https:\/\/avrupapress.com\/main\/wp-json\/wp\/v2\/types\/post"}],"author":[{"embeddable":true,"href":"https:\/\/avrupapress.com\/main\/wp-json\/wp\/v2\/users\/3"}],"replies":[{"embeddable":true,"href":"https:\/\/avrupapress.com\/main\/wp-json\/wp\/v2\/comments?post=11198"}],"version-history":[{"count":1,"href":"https:\/\/avrupapress.com\/main\/wp-json\/wp\/v2\/posts\/11198\/revisions"}],"predecessor-version":[{"id":11200,"href":"https:\/\/avrupapress.com\/main\/wp-json\/wp\/v2\/posts\/11198\/revisions\/11200"}],"wp:featuredmedia":[{"embeddable":true,"href":"https:\/\/avrupapress.com\/main\/wp-json\/wp\/v2\/media\/11199"}],"wp:attachment":[{"href":"https:\/\/avrupapress.com\/main\/wp-json\/wp\/v2\/media?parent=11198"}],"wp:term":[{"taxonomy":"category","embeddable":true,"href":"https:\/\/avrupapress.com\/main\/wp-json\/wp\/v2\/categories?post=11198"},{"taxonomy":"post_tag","embeddable":true,"href":"https:\/\/avrupapress.com\/main\/wp-json\/wp\/v2\/tags?post=11198"}],"curies":[{"name":"wp","href":"https:\/\/api.w.org\/{rel}","templated":true}]}}