{"id":11191,"date":"2020-04-09T21:59:33","date_gmt":"2020-04-09T21:59:33","guid":{"rendered":"http:\/\/avrupapress.com\/main\/?p=11191"},"modified":"2020-04-09T22:00:13","modified_gmt":"2020-04-09T22:00:13","slug":"gent-sehrinde-gentli-turklerin-her-alanda-birlikte-yardima-kostular","status":"publish","type":"post","link":"https:\/\/avrupapress.com\/main\/2020\/04\/09\/gent-sehrinde-gentli-turklerin-her-alanda-birlikte-yardima-kostular\/","title":{"rendered":"Gent \u015fehrinde Gentli T\u00fcrklerin her alanda birlikte yard\u0131ma ko\u015ftular"},"content":{"rendered":"\n<p>\u00a0<strong>Gent \u015fehrinde Gentli T\u00fcrklerin her alanda ihtiya\u00e7 sahibi olan kurumlara ve ki\u015filere destek olmas\u0131 amac\u0131yla bir platform kuruldu.<\/strong><\/p>\n\n\n\n<p>Bu platform destek veren herkesin kurumsal kimli\u011fini bir kenara b\u0131rakarak kat\u0131ld\u0131\u011f\u0131 bir sivil toplum hareketidir. \u00a0Bu dayan\u0131\u015fma ald\u0131\u011f\u0131 g\u00fczel tepkiler neticesinde gittik\u00e7e b\u00fcy\u00fcd\u00fc ve kendi i\u00e7erisinde bir g\u00f6rev da\u011f\u0131l\u0131m \u015femas\u0131 bile olu\u015ftu. Grup i\u00e7erisinde bir\u00e7ok sivil toplum kurulu\u015funun yan\u0131 s\u0131ra bireysel olarak destek veren T\u00fcrk k\u00f6kenli avukatlardan yerel politikac\u0131lara kadar bir\u00e7ok ki\u015fi var. G\u00f6n\u00fcll\u00fcl\u00fck ve gizlilik ilkelerinin prensip olarak benimsendi\u011fi grupta, hastane personeline t\u0131bbi maske, \u00f6nl\u00fck ve bone dikim ekibi, ya\u015fl\u0131lara yard\u0131m ve acil destek ekibi gibi birimler bile olu\u015fmu\u015f durumdad\u0131r. Ula\u015f\u0131m konusunda da ara\u00e7lar\u0131 ile destek veren g\u00f6n\u00fcll\u00fcler var. Dayan\u0131\u015fman\u0131n \u00f6rg\u00fctlenmesi a\u00e7\u0131s\u0131ndan b\u00fcy\u00fck \u00f6nem ta\u015f\u0131yan bu olu\u015fum hem yard\u0131m etmek isteyen hem de yard\u0131ma ihtiya\u00e7 duyan ki\u015fi, grup ve kurumlar\u0131 birbiri ile bulu\u015fturuyor. \u201cBirlikten kuvvet do\u011far\u201d atas\u00f6z\u00fcn\u00fcn en g\u00fczel sembol\u00fc haline gelen grup gece g\u00fcnd\u00fcz olu\u015fan whatsapp ve e-mail grubu ile s\u0131k\u0131 ileti\u015fim i\u00e7inde gelen taleplere cevap vermeye \u00e7al\u0131\u015f\u0131yor.<br><img loading=\"lazy\" decoding=\"async\" width=\"960\" height=\"657\" srcset=\"https:\/\/www.belcikabelhaber.be\/wp-content\/uploads\/2020\/04\/koli-5.jpg 960w, https:\/\/www.belcikabelhaber.be\/wp-content\/uploads\/2020\/04\/koli-5-768x526.jpg 768w, https:\/\/www.belcikabelhaber.be\/wp-content\/uploads\/2020\/04\/koli-5-95x64.jpg 95w\" src=\"https:\/\/www.belcikabelhaber.be\/wp-content\/uploads\/2020\/04\/koli-5.jpg\" alt=\"\">\u00a0<img loading=\"lazy\" decoding=\"async\" width=\"690\" height=\"764\" src=\"https:\/\/www.belcikabelhaber.be\/wp-content\/uploads\/2020\/04\/koli-4.jpg\" alt=\"\">\u00a0<img loading=\"lazy\" decoding=\"async\" width=\"533\" height=\"460\" src=\"https:\/\/www.belcikabelhaber.be\/wp-content\/uploads\/2020\/04\/koli-3.jpg\" alt=\"\">\u00a0<img loading=\"lazy\" decoding=\"async\" width=\"658\" height=\"792\" src=\"https:\/\/www.belcikabelhaber.be\/wp-content\/uploads\/2020\/04\/koli-2.jpg\" alt=\"\">\u00a0<img loading=\"lazy\" decoding=\"async\" width=\"720\" height=\"960\" src=\"https:\/\/www.belcikabelhaber.be\/wp-content\/uploads\/2020\/04\/koli-6.jpg\" alt=\"\"><\/p>\n\n\n\n<p><\/p>\n\n\n\n<p><strong>Bilgin Ozcifci \/ AVRUPAPRESS<\/strong><\/p>\n","protected":false},"excerpt":{"rendered":"<p>\u00a0Gent \u015fehrinde Gentli T\u00fcrklerin her alanda ihtiya\u00e7 sahibi olan kurumlara ve ki\u015filere destek olmas\u0131 amac\u0131yla bir platform kuruldu. Bu platform destek veren herkesin kurumsal kimli\u011fini bir kenara b\u0131rakarak kat\u0131ld\u0131\u011f\u0131 bir sivil toplum hareketidir. \u00a0Bu dayan\u0131\u015fma ald\u0131\u011f\u0131 g\u00fczel tepkiler neticesinde gittik\u00e7e b\u00fcy\u00fcd\u00fc ve kendi i\u00e7erisinde bir g\u00f6rev da\u011f\u0131l\u0131m \u015femas\u0131 bile olu\u015ftu. Grup i\u00e7erisinde bir\u00e7ok sivil toplum [&hellip;]<\/p>\n","protected":false},"author":3,"featured_media":11192,"comment_status":"closed","ping_status":"open","sticky":false,"template":"","format":"standard","meta":{"footnotes":""},"categories":[14,16,3,17,18,15,19,2,1],"tags":[5196],"class_list":["post-11191","post","type-post","status-publish","format-standard","has-post-thumbnail","hentry","category-avrupa","category-belcika","category-dunya","category-ekonomi","category-kultur-sanat","category-spor","category-tanitim","category-turkiye","category-uncategorized","tag-gent-sehrinde-gentli-turklerin-her-alanda-birlikte-yardima-kostular"],"yoast_head":"<!-- This site is optimized with the Yoast SEO plugin v26.9 - https:\/\/yoast.com\/product\/yoast-seo-wordpress\/ -->\n<title>Gent \u015fehrinde Gentli T\u00fcrklerin her alanda birlikte yard\u0131ma ko\u015ftular - AvrupaPress<\/title>\n<meta name=\"robots\" content=\"index, follow, max-snippet:-1, max-image-preview:large, max-video-preview:-1\" \/>\n<link rel=\"canonical\" href=\"https:\/\/avrupapress.com\/2020\/04\/09\/gent-sehrinde-gentli-turklerin-her-alanda-birlikte-yardima-kostular\/\" \/>\n<meta property=\"og:locale\" content=\"fr_FR\" \/>\n<meta property=\"og:type\" content=\"article\" \/>\n<meta property=\"og:title\" content=\"Gent \u015fehrinde Gentli T\u00fcrklerin her alanda birlikte yard\u0131ma ko\u015ftular - AvrupaPress\" \/>\n<meta property=\"og:description\" content=\"\u00a0Gent \u015fehrinde Gentli T\u00fcrklerin her alanda ihtiya\u00e7 sahibi olan kurumlara ve ki\u015filere destek olmas\u0131 amac\u0131yla bir platform kuruldu. Bu platform destek veren herkesin kurumsal kimli\u011fini bir kenara b\u0131rakarak kat\u0131ld\u0131\u011f\u0131 bir sivil toplum hareketidir. \u00a0Bu dayan\u0131\u015fma ald\u0131\u011f\u0131 g\u00fczel tepkiler neticesinde gittik\u00e7e b\u00fcy\u00fcd\u00fc ve kendi i\u00e7erisinde bir g\u00f6rev da\u011f\u0131l\u0131m \u015femas\u0131 bile olu\u015ftu. Grup i\u00e7erisinde bir\u00e7ok sivil toplum [&hellip;]\" \/>\n<meta property=\"og:url\" content=\"https:\/\/avrupapress.com\/2020\/04\/09\/gent-sehrinde-gentli-turklerin-her-alanda-birlikte-yardima-kostular\/\" \/>\n<meta property=\"og:site_name\" content=\"AvrupaPress\" \/>\n<meta property=\"article:published_time\" content=\"2020-04-09T21:59:33+00:00\" \/>\n<meta property=\"article:modified_time\" content=\"2020-04-09T22:00:13+00:00\" \/>\n<meta property=\"og:image\" content=\"https:\/\/avrupapress.com\/wp-content\/uploads\/2020\/04\/koli-1A.jpg\" \/>\n\t<meta property=\"og:image:width\" content=\"800\" \/>\n\t<meta property=\"og:image:height\" content=\"369\" \/>\n\t<meta property=\"og:image:type\" content=\"image\/jpeg\" \/>\n<meta name=\"author\" content=\"Edit\u00f6r\" \/>\n<meta name=\"twitter:card\" content=\"summary_large_image\" \/>\n<meta name=\"twitter:label1\" content=\"\u00c9crit par\" \/>\n\t<meta name=\"twitter:data1\" content=\"Edit\u00f6r\" \/>\n\t<meta name=\"twitter:label2\" content=\"Dur\u00e9e de lecture est.\" \/>\n\t<meta name=\"twitter:data2\" content=\"1 minute\" \/>\n<script type=\"application\/ld+json\" class=\"yoast-schema-graph\">{\"@context\":\"https:\/\/schema.org\",\"@graph\":[{\"@type\":\"Article\",\"@id\":\"https:\/\/avrupapress.com\/2020\/04\/09\/gent-sehrinde-gentli-turklerin-her-alanda-birlikte-yardima-kostular\/#article\",\"isPartOf\":{\"@id\":\"https:\/\/avrupapress.com\/2020\/04\/09\/gent-sehrinde-gentli-turklerin-her-alanda-birlikte-yardima-kostular\/\"},\"author\":{\"name\":\"Edit\u00f6r\",\"@id\":\"https:\/\/avrupapress.com\/#\/schema\/person\/68428444ec60970d1e1b700cf4ca1e8f\"},\"headline\":\"Gent \u015fehrinde Gentli T\u00fcrklerin her alanda birlikte yard\u0131ma ko\u015ftular\",\"datePublished\":\"2020-04-09T21:59:33+00:00\",\"dateModified\":\"2020-04-09T22:00:13+00:00\",\"mainEntityOfPage\":{\"@id\":\"https:\/\/avrupapress.com\/2020\/04\/09\/gent-sehrinde-gentli-turklerin-her-alanda-birlikte-yardima-kostular\/\"},\"wordCount\":240,\"publisher\":{\"@id\":\"https:\/\/avrupapress.com\/#\/schema\/person\/0223dca19c72c43575bf30d1a2d8f4fa\"},\"image\":{\"@id\":\"https:\/\/avrupapress.com\/2020\/04\/09\/gent-sehrinde-gentli-turklerin-her-alanda-birlikte-yardima-kostular\/#primaryimage\"},\"thumbnailUrl\":\"https:\/\/avrupapress.com\/main\/wp-content\/uploads\/2020\/04\/koli-1A.jpg\",\"keywords\":[\"Gent \u015fehrinde Gentli T\u00fcrklerin her alanda birlikte yard\u0131ma ko\u015ftular\"],\"articleSection\":[\"Avrupa\",\"Bel\u00e7ika\",\"D\u00fcnya\",\"Ekonomi\",\"K\u00fclt\u00fcr-Sanat\",\"Spor\",\"Tan\u0131t\u0131m\",\"T\u00fcrkiye\",\"Uncategorized\"],\"inLanguage\":\"fr-BE\"},{\"@type\":\"WebPage\",\"@id\":\"https:\/\/avrupapress.com\/2020\/04\/09\/gent-sehrinde-gentli-turklerin-her-alanda-birlikte-yardima-kostular\/\",\"url\":\"https:\/\/avrupapress.com\/2020\/04\/09\/gent-sehrinde-gentli-turklerin-her-alanda-birlikte-yardima-kostular\/\",\"name\":\"Gent \u015fehrinde Gentli T\u00fcrklerin her alanda birlikte yard\u0131ma ko\u015ftular - AvrupaPress\",\"isPartOf\":{\"@id\":\"https:\/\/avrupapress.com\/#website\"},\"primaryImageOfPage\":{\"@id\":\"https:\/\/avrupapress.com\/2020\/04\/09\/gent-sehrinde-gentli-turklerin-her-alanda-birlikte-yardima-kostular\/#primaryimage\"},\"image\":{\"@id\":\"https:\/\/avrupapress.com\/2020\/04\/09\/gent-sehrinde-gentli-turklerin-her-alanda-birlikte-yardima-kostular\/#primaryimage\"},\"thumbnailUrl\":\"https:\/\/avrupapress.com\/main\/wp-content\/uploads\/2020\/04\/koli-1A.jpg\",\"datePublished\":\"2020-04-09T21:59:33+00:00\",\"dateModified\":\"2020-04-09T22:00:13+00:00\",\"breadcrumb\":{\"@id\":\"https:\/\/avrupapress.com\/2020\/04\/09\/gent-sehrinde-gentli-turklerin-her-alanda-birlikte-yardima-kostular\/#breadcrumb\"},\"inLanguage\":\"fr-BE\",\"potentialAction\":[{\"@type\":\"ReadAction\",\"target\":[\"https:\/\/avrupapress.com\/2020\/04\/09\/gent-sehrinde-gentli-turklerin-her-alanda-birlikte-yardima-kostular\/\"]}]},{\"@type\":\"ImageObject\",\"inLanguage\":\"fr-BE\",\"@id\":\"https:\/\/avrupapress.com\/2020\/04\/09\/gent-sehrinde-gentli-turklerin-her-alanda-birlikte-yardima-kostular\/#primaryimage\",\"url\":\"https:\/\/avrupapress.com\/main\/wp-content\/uploads\/2020\/04\/koli-1A.jpg\",\"contentUrl\":\"https:\/\/avrupapress.com\/main\/wp-content\/uploads\/2020\/04\/koli-1A.jpg\",\"width\":800,\"height\":369},{\"@type\":\"BreadcrumbList\",\"@id\":\"https:\/\/avrupapress.com\/2020\/04\/09\/gent-sehrinde-gentli-turklerin-her-alanda-birlikte-yardima-kostular\/#breadcrumb\",\"itemListElement\":[{\"@type\":\"ListItem\",\"position\":1,\"name\":\"Anasayfa\",\"item\":\"https:\/\/avrupapress.com\/\"},{\"@type\":\"ListItem\",\"position\":2,\"name\":\"Gent \u015fehrinde Gentli T\u00fcrklerin her alanda birlikte yard\u0131ma ko\u015ftular\"}]},{\"@type\":\"WebSite\",\"@id\":\"https:\/\/avrupapress.com\/#website\",\"url\":\"https:\/\/avrupapress.com\/\",\"name\":\"AvrupaPress\",\"description\":\"Haberin Adresi\",\"publisher\":{\"@id\":\"https:\/\/avrupapress.com\/#\/schema\/person\/0223dca19c72c43575bf30d1a2d8f4fa\"},\"potentialAction\":[{\"@type\":\"SearchAction\",\"target\":{\"@type\":\"EntryPoint\",\"urlTemplate\":\"https:\/\/avrupapress.com\/?s={search_term_string}\"},\"query-input\":{\"@type\":\"PropertyValueSpecification\",\"valueRequired\":true,\"valueName\":\"search_term_string\"}}],\"inLanguage\":\"fr-BE\"},{\"@type\":[\"Person\",\"Organization\"],\"@id\":\"https:\/\/avrupapress.com\/#\/schema\/person\/0223dca19c72c43575bf30d1a2d8f4fa\",\"name\":\"Bilgin \u00d6z\u00e7ift\u00e7i\",\"image\":{\"@type\":\"ImageObject\",\"inLanguage\":\"fr-BE\",\"@id\":\"https:\/\/avrupapress.com\/#\/schema\/person\/image\/\",\"url\":\"https:\/\/secure.gravatar.com\/avatar\/0f23b280433a21e1ea7a0adcc46ed0ad16afe3ad8e630fd13d8a017dcbd54ef3?s=96&d=mm&r=g\",\"contentUrl\":\"https:\/\/secure.gravatar.com\/avatar\/0f23b280433a21e1ea7a0adcc46ed0ad16afe3ad8e630fd13d8a017dcbd54ef3?s=96&d=mm&r=g\",\"caption\":\"Bilgin \u00d6z\u00e7ift\u00e7i\"},\"logo\":{\"@id\":\"https:\/\/avrupapress.com\/#\/schema\/person\/image\/\"},\"description\":\"Ne ben, nede sen... Biz ancak \\\"biz\\\" olursak g\u00fc\u00e7l\u00fc olabiliriz\"},{\"@type\":\"Person\",\"@id\":\"https:\/\/avrupapress.com\/#\/schema\/person\/68428444ec60970d1e1b700cf4ca1e8f\",\"name\":\"Edit\u00f6r\",\"image\":{\"@type\":\"ImageObject\",\"inLanguage\":\"fr-BE\",\"@id\":\"https:\/\/avrupapress.com\/#\/schema\/person\/image\/\",\"url\":\"https:\/\/secure.gravatar.com\/avatar\/74996b0977aa5f1559ba9883776652508b229005c0d78fb2597897f0bd651c09?s=96&d=mm&r=g\",\"contentUrl\":\"https:\/\/secure.gravatar.com\/avatar\/74996b0977aa5f1559ba9883776652508b229005c0d78fb2597897f0bd651c09?s=96&d=mm&r=g\",\"caption\":\"Edit\u00f6r\"},\"sameAs\":[\"http:\/\/www.avrupapress.com\"],\"url\":\"https:\/\/avrupapress.com\/main\/author\/editor\/\"}]}<\/script>\n<!-- \/ Yoast SEO plugin. -->","yoast_head_json":{"title":"Gent \u015fehrinde Gentli T\u00fcrklerin her alanda birlikte yard\u0131ma ko\u015ftular - AvrupaPress","robots":{"index":"index","follow":"follow","max-snippet":"max-snippet:-1","max-image-preview":"max-image-preview:large","max-video-preview":"max-video-preview:-1"},"canonical":"https:\/\/avrupapress.com\/2020\/04\/09\/gent-sehrinde-gentli-turklerin-her-alanda-birlikte-yardima-kostular\/","og_locale":"fr_FR","og_type":"article","og_title":"Gent \u015fehrinde Gentli T\u00fcrklerin her alanda birlikte yard\u0131ma ko\u015ftular - AvrupaPress","og_description":"\u00a0Gent \u015fehrinde Gentli T\u00fcrklerin her alanda ihtiya\u00e7 sahibi olan kurumlara ve ki\u015filere destek olmas\u0131 amac\u0131yla bir platform kuruldu. Bu platform destek veren herkesin kurumsal kimli\u011fini bir kenara b\u0131rakarak kat\u0131ld\u0131\u011f\u0131 bir sivil toplum hareketidir. \u00a0Bu dayan\u0131\u015fma ald\u0131\u011f\u0131 g\u00fczel tepkiler neticesinde gittik\u00e7e b\u00fcy\u00fcd\u00fc ve kendi i\u00e7erisinde bir g\u00f6rev da\u011f\u0131l\u0131m \u015femas\u0131 bile olu\u015ftu. Grup i\u00e7erisinde bir\u00e7ok sivil toplum [&hellip;]","og_url":"https:\/\/avrupapress.com\/2020\/04\/09\/gent-sehrinde-gentli-turklerin-her-alanda-birlikte-yardima-kostular\/","og_site_name":"AvrupaPress","article_published_time":"2020-04-09T21:59:33+00:00","article_modified_time":"2020-04-09T22:00:13+00:00","og_image":[{"width":800,"height":369,"url":"https:\/\/avrupapress.com\/wp-content\/uploads\/2020\/04\/koli-1A.jpg","type":"image\/jpeg"}],"author":"Edit\u00f6r","twitter_card":"summary_large_image","twitter_misc":{"\u00c9crit par":"Edit\u00f6r","Dur\u00e9e de lecture est.":"1 minute"},"schema":{"@context":"https:\/\/schema.org","@graph":[{"@type":"Article","@id":"https:\/\/avrupapress.com\/2020\/04\/09\/gent-sehrinde-gentli-turklerin-her-alanda-birlikte-yardima-kostular\/#article","isPartOf":{"@id":"https:\/\/avrupapress.com\/2020\/04\/09\/gent-sehrinde-gentli-turklerin-her-alanda-birlikte-yardima-kostular\/"},"author":{"name":"Edit\u00f6r","@id":"https:\/\/avrupapress.com\/#\/schema\/person\/68428444ec60970d1e1b700cf4ca1e8f"},"headline":"Gent \u015fehrinde Gentli T\u00fcrklerin her alanda birlikte yard\u0131ma ko\u015ftular","datePublished":"2020-04-09T21:59:33+00:00","dateModified":"2020-04-09T22:00:13+00:00","mainEntityOfPage":{"@id":"https:\/\/avrupapress.com\/2020\/04\/09\/gent-sehrinde-gentli-turklerin-her-alanda-birlikte-yardima-kostular\/"},"wordCount":240,"publisher":{"@id":"https:\/\/avrupapress.com\/#\/schema\/person\/0223dca19c72c43575bf30d1a2d8f4fa"},"image":{"@id":"https:\/\/avrupapress.com\/2020\/04\/09\/gent-sehrinde-gentli-turklerin-her-alanda-birlikte-yardima-kostular\/#primaryimage"},"thumbnailUrl":"https:\/\/avrupapress.com\/main\/wp-content\/uploads\/2020\/04\/koli-1A.jpg","keywords":["Gent \u015fehrinde Gentli T\u00fcrklerin her alanda birlikte yard\u0131ma ko\u015ftular"],"articleSection":["Avrupa","Bel\u00e7ika","D\u00fcnya","Ekonomi","K\u00fclt\u00fcr-Sanat","Spor","Tan\u0131t\u0131m","T\u00fcrkiye","Uncategorized"],"inLanguage":"fr-BE"},{"@type":"WebPage","@id":"https:\/\/avrupapress.com\/2020\/04\/09\/gent-sehrinde-gentli-turklerin-her-alanda-birlikte-yardima-kostular\/","url":"https:\/\/avrupapress.com\/2020\/04\/09\/gent-sehrinde-gentli-turklerin-her-alanda-birlikte-yardima-kostular\/","name":"Gent \u015fehrinde Gentli T\u00fcrklerin her alanda birlikte yard\u0131ma ko\u015ftular - AvrupaPress","isPartOf":{"@id":"https:\/\/avrupapress.com\/#website"},"primaryImageOfPage":{"@id":"https:\/\/avrupapress.com\/2020\/04\/09\/gent-sehrinde-gentli-turklerin-her-alanda-birlikte-yardima-kostular\/#primaryimage"},"image":{"@id":"https:\/\/avrupapress.com\/2020\/04\/09\/gent-sehrinde-gentli-turklerin-her-alanda-birlikte-yardima-kostular\/#primaryimage"},"thumbnailUrl":"https:\/\/avrupapress.com\/main\/wp-content\/uploads\/2020\/04\/koli-1A.jpg","datePublished":"2020-04-09T21:59:33+00:00","dateModified":"2020-04-09T22:00:13+00:00","breadcrumb":{"@id":"https:\/\/avrupapress.com\/2020\/04\/09\/gent-sehrinde-gentli-turklerin-her-alanda-birlikte-yardima-kostular\/#breadcrumb"},"inLanguage":"fr-BE","potentialAction":[{"@type":"ReadAction","target":["https:\/\/avrupapress.com\/2020\/04\/09\/gent-sehrinde-gentli-turklerin-her-alanda-birlikte-yardima-kostular\/"]}]},{"@type":"ImageObject","inLanguage":"fr-BE","@id":"https:\/\/avrupapress.com\/2020\/04\/09\/gent-sehrinde-gentli-turklerin-her-alanda-birlikte-yardima-kostular\/#primaryimage","url":"https:\/\/avrupapress.com\/main\/wp-content\/uploads\/2020\/04\/koli-1A.jpg","contentUrl":"https:\/\/avrupapress.com\/main\/wp-content\/uploads\/2020\/04\/koli-1A.jpg","width":800,"height":369},{"@type":"BreadcrumbList","@id":"https:\/\/avrupapress.com\/2020\/04\/09\/gent-sehrinde-gentli-turklerin-her-alanda-birlikte-yardima-kostular\/#breadcrumb","itemListElement":[{"@type":"ListItem","position":1,"name":"Anasayfa","item":"https:\/\/avrupapress.com\/"},{"@type":"ListItem","position":2,"name":"Gent \u015fehrinde Gentli T\u00fcrklerin her alanda birlikte yard\u0131ma ko\u015ftular"}]},{"@type":"WebSite","@id":"https:\/\/avrupapress.com\/#website","url":"https:\/\/avrupapress.com\/","name":"AvrupaPress","description":"Haberin Adresi","publisher":{"@id":"https:\/\/avrupapress.com\/#\/schema\/person\/0223dca19c72c43575bf30d1a2d8f4fa"},"potentialAction":[{"@type":"SearchAction","target":{"@type":"EntryPoint","urlTemplate":"https:\/\/avrupapress.com\/?s={search_term_string}"},"query-input":{"@type":"PropertyValueSpecification","valueRequired":true,"valueName":"search_term_string"}}],"inLanguage":"fr-BE"},{"@type":["Person","Organization"],"@id":"https:\/\/avrupapress.com\/#\/schema\/person\/0223dca19c72c43575bf30d1a2d8f4fa","name":"Bilgin \u00d6z\u00e7ift\u00e7i","image":{"@type":"ImageObject","inLanguage":"fr-BE","@id":"https:\/\/avrupapress.com\/#\/schema\/person\/image\/","url":"https:\/\/secure.gravatar.com\/avatar\/0f23b280433a21e1ea7a0adcc46ed0ad16afe3ad8e630fd13d8a017dcbd54ef3?s=96&d=mm&r=g","contentUrl":"https:\/\/secure.gravatar.com\/avatar\/0f23b280433a21e1ea7a0adcc46ed0ad16afe3ad8e630fd13d8a017dcbd54ef3?s=96&d=mm&r=g","caption":"Bilgin \u00d6z\u00e7ift\u00e7i"},"logo":{"@id":"https:\/\/avrupapress.com\/#\/schema\/person\/image\/"},"description":"Ne ben, nede sen... Biz ancak \"biz\" olursak g\u00fc\u00e7l\u00fc olabiliriz"},{"@type":"Person","@id":"https:\/\/avrupapress.com\/#\/schema\/person\/68428444ec60970d1e1b700cf4ca1e8f","name":"Edit\u00f6r","image":{"@type":"ImageObject","inLanguage":"fr-BE","@id":"https:\/\/avrupapress.com\/#\/schema\/person\/image\/","url":"https:\/\/secure.gravatar.com\/avatar\/74996b0977aa5f1559ba9883776652508b229005c0d78fb2597897f0bd651c09?s=96&d=mm&r=g","contentUrl":"https:\/\/secure.gravatar.com\/avatar\/74996b0977aa5f1559ba9883776652508b229005c0d78fb2597897f0bd651c09?s=96&d=mm&r=g","caption":"Edit\u00f6r"},"sameAs":["http:\/\/www.avrupapress.com"],"url":"https:\/\/avrupapress.com\/main\/author\/editor\/"}]}},"_links":{"self":[{"href":"https:\/\/avrupapress.com\/main\/wp-json\/wp\/v2\/posts\/11191","targetHints":{"allow":["GET"]}}],"collection":[{"href":"https:\/\/avrupapress.com\/main\/wp-json\/wp\/v2\/posts"}],"about":[{"href":"https:\/\/avrupapress.com\/main\/wp-json\/wp\/v2\/types\/post"}],"author":[{"embeddable":true,"href":"https:\/\/avrupapress.com\/main\/wp-json\/wp\/v2\/users\/3"}],"replies":[{"embeddable":true,"href":"https:\/\/avrupapress.com\/main\/wp-json\/wp\/v2\/comments?post=11191"}],"version-history":[{"count":2,"href":"https:\/\/avrupapress.com\/main\/wp-json\/wp\/v2\/posts\/11191\/revisions"}],"predecessor-version":[{"id":11197,"href":"https:\/\/avrupapress.com\/main\/wp-json\/wp\/v2\/posts\/11191\/revisions\/11197"}],"wp:featuredmedia":[{"embeddable":true,"href":"https:\/\/avrupapress.com\/main\/wp-json\/wp\/v2\/media\/11192"}],"wp:attachment":[{"href":"https:\/\/avrupapress.com\/main\/wp-json\/wp\/v2\/media?parent=11191"}],"wp:term":[{"taxonomy":"category","embeddable":true,"href":"https:\/\/avrupapress.com\/main\/wp-json\/wp\/v2\/categories?post=11191"},{"taxonomy":"post_tag","embeddable":true,"href":"https:\/\/avrupapress.com\/main\/wp-json\/wp\/v2\/tags?post=11191"}],"curies":[{"name":"wp","href":"https:\/\/api.w.org\/{rel}","templated":true}]}}