{"id":11186,"date":"2020-04-09T21:18:17","date_gmt":"2020-04-09T21:18:17","guid":{"rendered":"http:\/\/avrupapress.com\/main\/?p=11186"},"modified":"2020-04-09T21:18:19","modified_gmt":"2020-04-09T21:18:19","slug":"avrupa-press-okuyucularina-merhaba-korona-kapani-ii","status":"publish","type":"post","link":"https:\/\/avrupapress.com\/main\/2020\/04\/09\/avrupa-press-okuyucularina-merhaba-korona-kapani-ii\/","title":{"rendered":"AVRUPA PRESS OKUYUCULARINA MERHABA KORONA KAPANI- II"},"content":{"rendered":"\n<p><strong>Birka\u00e7 g\u00fcn \u00f6nce \u00e7ok sevdi\u011fim, \u00fcniversite haz\u0131rl\u0131ktan bug\u00fcne dostlu\u011funu benden esirgemeyen bir arkada\u015f\u0131m\u0131n karde\u015finin vefat haberiyle y\u0131k\u0131ld\u0131k. Korona kapan\u0131na bir can\u0131m\u0131z\u0131 daha vermi\u015ftik. Gencecik bir can\u2026 Umulmayacak bir zamanda vir\u00fcs\u00fcn kapan\u0131na yakalanm\u0131\u015ft\u0131\u2026<\/strong><\/p>\n\n\n\n<p>Birka\u00e7 g\u00fcn \u00f6nce \u00e7ok sevdi\u011fim, \u00fcniversite haz\u0131rl\u0131ktan bug\u00fcne dostlu\u011funu benden esirgemeyen bir arkada\u015f\u0131m\u0131n karde\u015finin vefat haberiyle y\u0131k\u0131ld\u0131k. Korona kapan\u0131na bir can\u0131m\u0131z\u0131 daha vermi\u015ftik. Gencecik bir can\u2026 Umulmayacak bir zamanda vir\u00fcs\u00fcn kapan\u0131na yakalanm\u0131\u015ft\u0131\u2026<\/p>\n\n\n\n<p>Baz\u0131 olaylar\u0131, ya\u015fam\u0131n i\u00e7inde engellemek elimizde de\u011fildi. Ve Kapan\u0131nda bizi esir al\u0131rken, hareket kabiliyetimizi de k\u0131s\u0131tl\u0131yordu. Kapana yakalan\u0131p kurtulanlar\u0131n net nas\u0131l bu vir\u00fcsle ba\u015f etti\u011fi, kurtulanlar\u0131n tekrar yakalan\u0131p yakalanmayaca\u011f\u0131, hala tart\u0131\u015f\u0131l\u0131yor. Haberleri dinlerken Vir\u00fcs \u2019\u00fcn Ordu\u2019ya, Samsun\u2019a yay\u0131lmas\u0131 tabi ki \u0130stanbul\u2019dan k\u00f6y\u00fcne giden ki\u015filer taraf\u0131ndan olmu\u015ftur diye d\u00fc\u015f\u00fcnd\u00fcm. Hala ba\u015fkalar\u0131n\u0131 d\u00fc\u015f\u00fcnmeden davranan insanlar\u0131n aras\u0131nda ya\u015f\u0131yoruz. Ne \u00fcz\u00fcc\u00fc de\u011fil mi?<\/p>\n\n\n\n<p>Buna ra\u011fmen \u0130stanbul\u2019da kamu kurumlar\u0131n dezenfektasyon i\u015flemlerine uyarak, \u015fehir i\u00e7i ta\u015f\u0131tlar\u0131n kurallar do\u011frultusunda kontroll\u00fc bir bi\u00e7imde yolcu almas\u0131 beni biraz rahatlatt\u0131. \u0130stanbul kurallar\u0131na uyuyor. Kamu kurumlar\u0131 da.<\/p>\n\n\n\n<p>\u00c7al\u0131\u015fanlar maske ve dezenfektasyon ko\u015fullar\u0131 alt\u0131nda \u00e7al\u0131\u015f\u0131yor. \u0130stanbul\u2019da herkes \u00f6nlemini alm\u0131\u015f. Ama ya bilin\u00e7sizce k\u00f6ylerine gidip ev ziyaretlerine gidenler\u2026 Kendilerini 14 g\u00fcn karantinaya almas\u0131 gerekenler o bilin\u00e7te mi acaba\u2026 Ta\u015f\u0131y\u0131c\u0131 olanlar.. Di\u011fer illere vir\u00fcs\u00fc bilin\u00e7sizce ta\u015f\u0131yanlar in\u015fallah yapt\u0131klar\u0131n\u0131n fark\u0131na var\u0131rlar..<\/p>\n\n\n\n<p>T\u00fcm bu yo\u011funluklar\u0131n, giden canlar\u0131m\u0131z\u0131n arkas\u0131ndan a\u011f\u0131tlar\u0131m\u0131z devam ederken geride ya\u015fam\u0131 bir \u015fekilde devam ettirmek te gerekiyor\u2026<\/p>\n\n\n\n<p>Kapana k\u0131s\u0131ld\u0131\u011f\u0131m\u0131z anda ve andan sonras\u0131nda ya\u015famlar\u0131m\u0131z\u0131 nas\u0131l s\u00fcrd\u00fcrebilece\u011fiz. S\u00fcrd\u00fcr\u00fclebilir sa\u011fl\u0131kl\u0131 kalk\u0131nma nas\u0131l olur\u2026 KORONA KAPANI ile beraber kelimeler, projeler, isimler bir\u00e7ok tan\u0131mlamada art\u0131k \u201cSA\u011eLIKLI \u201c, ifadesi daha g\u00fc\u00e7l\u00fc yerini alacakt\u0131r.<\/p>\n\n\n\n<p>KORONA KAPANI \u00d6NCES\u0130 VE SONRASI OLARAK ya\u015famlar\u0131m\u0131z yeniden \u015fekillenecek galiba\u2026 \u00c7\u00fcnk\u00fc art\u0131k umulmad\u0131k anda ortaya \u00e7\u0131kabilecek salg\u0131nlar\u0131n, vir\u00fcslerin hayat\u0131m\u0131z\u0131 engelleyebilece\u011fini art\u0131k daha net biliyoruz.<\/p>\n\n\n\n<p>Bu y\u00fczdende Ya\u015famlar\u0131m\u0131z\u0131 daha kontroll\u00fc s\u00fcrd\u00fcr\u00fcp, spor, beslenme, hareket ve motivasyon konusunda tabi ki daha dengeli yolumuzu bulmaya \u00e7al\u0131\u015faca\u011f\u0131z.<\/p>\n\n\n\n<p>T\u00fcm yukar\u0131da anlatt\u0131klar\u0131m\u0131n \u0131\u015f\u0131\u011f\u0131nda S\u00dcRD\u00dcR\u00dcLEB\u0130L\u0130R SA\u011eLIKLI KIRSAL KALKINMA\u2019n\u0131n \u00f6nemi iyice artm\u0131\u015ft\u0131r\u2026<\/p>\n\n\n\n<p>KORONA Kapan\u0131 varl\u0131\u011f\u0131n ve yoklu\u011fun \u00e7ok k\u0131sa s\u00fcrede d\u00f6ng\u00fcler olu\u015fturabilece\u011fini, k\u00e2inatta asl\u0131nda hepimizin k\u00fc\u00e7\u00fcc\u00fck noktalar oldu\u011fumuzu hissettirmi\u015ftir. \u0130\u00e7imizdeki inan\u00e7 tohumlar\u0131 bizi belki biraz rahatlatacak, dualar\u0131m\u0131z ve inan\u0131\u015flar\u0131m\u0131z, i\u00e7 s\u0131k\u0131nt\u0131lar\u0131m\u0131z\u0131 yok edecek olsa da bizi ya\u015fama ba\u011flayan hedeflerimizin s\u00fcrd\u00fcr\u00fclebilirli\u011fi bizi motive edip, hayata ba\u011flayacakt\u0131r.<\/p>\n\n\n\n<p>Bu y\u00fczdendir ki karanl\u0131k g\u00fc\u00e7ler kendi planlamalar\u0131n\u0131 yaparken bizlerinde ya\u015famak i\u00e7in planlar yapmam\u0131z gerekmektedir. Sa\u011fl\u0131kl\u0131, s\u00fcrd\u00fcr\u00fclebilir, Mini-Eco K\u0131rsal kalk\u0131nma ad\u0131ndan da anla\u015f\u0131labilece\u011fi gibi kendi k\u00fc\u00e7\u00fck i\u015fletmelerimizi kendi bah\u00e7emizde olu\u015fturmam\u0131zd\u0131r.<\/p>\n\n\n\n<p>Sa\u011fl\u0131kl\u0131 aileler, sa\u011fl\u0131kl\u0131 anne-baba ili\u015fkileri i\u00e7inde sa\u011fl\u0131kl\u0131 nesiller yeti\u015ftirirken, Korona Kapan\u0131\u2019n\u0131n neden oldu\u011fu anxiety v.b semptomlar\u0131n da Sa\u011fl\u0131kl\u0131, S\u00fcrd\u00fcr\u00fclebilir Mini-Eco K\u0131rsal Kalk\u0131nma \u00e7al\u0131\u015fma aktivitelerinde azalaca\u011f\u0131 ve endi\u015fe i\u00e7inde ya\u015fayan insanlar i\u00e7in bu hareketlili\u011fin bir nebzede olsa ya\u015fama nedeni olu\u015fturaca\u011f\u0131 bir ger\u00e7ektir..<\/p>\n\n\n\n<p>Korona sonras\u0131 ya\u015famak i\u00e7in nedenlerimizi belirlemek ve o nedenler i\u00e7inde sa\u011fl\u0131kl\u0131 bir \u015fekilde hayatlar\u0131m\u0131z\u0131 s\u00fcrd\u00fcrecek ortamlar\u0131 da yeniden \u015fekillendirmemiz gerekecektir.<\/p>\n\n\n\n<p>Eskiden oldu\u011fu gibi, annelerimizin, babalar\u0131m\u0131z\u0131n, dedelerimizin yapt\u0131\u011f\u0131 gibi \u00e7al\u0131\u015fmaktan, topra\u011fa dokunmaktan korkmayarak, e\u011filmekten, diz k\u0131rmaktan korkmayarak, elimize \u00e7apay\u0131 almaktan<\/p>\n\n\n\n<p>korkmayarak, buldu\u011fumuz her toprak par\u00e7as\u0131n\u0131 i\u015flemekten korkmayarak, \u00fcreterek, \u00e7al\u0131\u015farak do\u011fal, sa\u011fl\u0131kl\u0131 ya\u015fam\u0131 s\u00fcrd\u00fcrebilmemiz gerekmektedir.<\/p>\n\n\n\n<p>KORONA KAPANI bize SA\u011eLIKLI, S\u00dcRD\u00dcR\u00dcLEB\u0130L\u0130R M\u0130N\u0130 ECO &#8211; KIRSAL KALKINMA\u2019n\u0131n desteklenmesinin ne kadar \u00f6nemli oldu\u011funu bir kere daha g\u00f6stermi\u015ftir.<\/p>\n\n\n\n<p>\u201cSa\u011flam kafa sa\u011flam v\u00fccutta bulunur.\u201d S\u00f6z\u00fc de y\u0131llard\u0131r \u00fczerinde \u00e7al\u0131\u015ft\u0131\u011f\u0131m ve bir\u00e7ok kez ilgili yerlere sundu\u011fum halde ilgisizlik ve ben merkezci tutumlar nedeniyle g\u00f6rmezden gelinen projelerimin \u00f6nemini bir kez daha ortaya koymaktad\u0131r\u2026<\/p>\n\n\n\n<p>Do\u011fa kurallar\u0131na uygun i\u015fletildi\u011finde canlan\u0131r, ya\u015fam bulur. Buldu\u011fumuz her tohum par\u00e7as\u0131, bir hazinedir. Bir \u00fclkenin Ekonomik kalk\u0131nmas\u0131 ancak ve ancak d\u0131\u015fa ba\u011f\u0131ml\u0131 olmayan bir \u00fcretim mekanizmas\u0131ndan ge\u00e7er..<\/p>\n\n\n\n<p>Sa\u011fl\u0131kl\u0131 Mini-Eco do\u011fal \u00fcr\u00fcnlerin paketlenmesi, sat\u0131lmas\u0131, pazarlamas\u0131 da projenin ayr\u0131 bir noktas\u0131nda yerini almaktad\u0131r. Bunu daha sonraki yaz\u0131mda anlataca\u011f\u0131m\u2026<\/p>\n\n\n\n<p>Korona Kapan\u0131 bize g\u00f6stermi\u015ftir ki, TEMEL GIDA \u00dcR\u00dcNLER\u0130 SA\u011eLIKLI B\u0130REYLER\u0130N VAR OLAB\u0130LECE\u011e\u0130 TOPLUMLAR \u0130\u00c7\u0130N EN \u00d6NCEL\u0130KL\u0130 \u00dcRET\u0130M EKONOM\u0130S\u0130N\u0130 OLU\u015eTURUR.<\/p>\n\n\n\n<p>K\u0131rsal topraklar\u0131 T\u00fcrkiye\u2019ninki kadar verimli olan bir \u00fclkede elimize ge\u00e7en her tohum tanesi \u00fcretim i\u00e7in art\u0131k ALTIN B\u0130R N\u0130METT\u0130R.<\/p>\n\n\n\n<p>T\u00fcm bunlar\u0131 baz alarak, kap\u0131m\u0131z\u0131n \u00f6n\u00fcnde yer alan en k\u00fc\u00e7\u00fck toprak par\u00e7as\u0131 da bu alt\u0131n nimeti de\u011ferlendirebilece\u011fimiz en de\u011ferli, sa\u011fl\u0131kl\u0131, do\u011fal alt\u0131n madenidir.<\/p>\n\n\n\n<p><strong>Ara\u015ft\u0131rmac\u0131\/Yazar<\/strong><\/p>\n\n\n\n<p><strong>G\u00fclay KARAO\u011eLU \/ AVRUPAPRESS<\/strong><\/p>\n","protected":false},"excerpt":{"rendered":"<p>Birka\u00e7 g\u00fcn \u00f6nce \u00e7ok sevdi\u011fim, \u00fcniversite haz\u0131rl\u0131ktan bug\u00fcne dostlu\u011funu benden esirgemeyen bir arkada\u015f\u0131m\u0131n karde\u015finin vefat haberiyle y\u0131k\u0131ld\u0131k. Korona kapan\u0131na bir can\u0131m\u0131z\u0131 daha vermi\u015ftik. Gencecik bir can\u2026 Umulmayacak bir zamanda vir\u00fcs\u00fcn kapan\u0131na yakalanm\u0131\u015ft\u0131\u2026 Birka\u00e7 g\u00fcn \u00f6nce \u00e7ok sevdi\u011fim, \u00fcniversite haz\u0131rl\u0131ktan bug\u00fcne dostlu\u011funu benden esirgemeyen bir arkada\u015f\u0131m\u0131n karde\u015finin vefat haberiyle y\u0131k\u0131ld\u0131k. Korona kapan\u0131na bir can\u0131m\u0131z\u0131 daha vermi\u015ftik. [&hellip;]<\/p>\n","protected":false},"author":3,"featured_media":11126,"comment_status":"closed","ping_status":"open","sticky":false,"template":"","format":"standard","meta":{"footnotes":""},"categories":[14,16,3,17,18,15,19,2,1],"tags":[5194],"class_list":["post-11186","post","type-post","status-publish","format-standard","has-post-thumbnail","hentry","category-avrupa","category-belcika","category-dunya","category-ekonomi","category-kultur-sanat","category-spor","category-tanitim","category-turkiye","category-uncategorized","tag-avrupa-press-okuyucularina-merhaba-korona-kapani-ii"],"yoast_head":"<!-- This site is optimized with the Yoast SEO plugin v26.9 - https:\/\/yoast.com\/product\/yoast-seo-wordpress\/ -->\n<title>AVRUPA PRESS OKUYUCULARINA MERHABA KORONA KAPANI- II - AvrupaPress<\/title>\n<meta name=\"robots\" content=\"index, follow, max-snippet:-1, max-image-preview:large, max-video-preview:-1\" \/>\n<link rel=\"canonical\" href=\"https:\/\/avrupapress.com\/2020\/04\/09\/avrupa-press-okuyucularina-merhaba-korona-kapani-ii\/\" \/>\n<meta property=\"og:locale\" content=\"fr_FR\" \/>\n<meta property=\"og:type\" content=\"article\" \/>\n<meta property=\"og:title\" content=\"AVRUPA PRESS OKUYUCULARINA MERHABA KORONA KAPANI- II - AvrupaPress\" \/>\n<meta property=\"og:description\" content=\"Birka\u00e7 g\u00fcn \u00f6nce \u00e7ok sevdi\u011fim, \u00fcniversite haz\u0131rl\u0131ktan bug\u00fcne dostlu\u011funu benden esirgemeyen bir arkada\u015f\u0131m\u0131n karde\u015finin vefat haberiyle y\u0131k\u0131ld\u0131k. Korona kapan\u0131na bir can\u0131m\u0131z\u0131 daha vermi\u015ftik. Gencecik bir can\u2026 Umulmayacak bir zamanda vir\u00fcs\u00fcn kapan\u0131na yakalanm\u0131\u015ft\u0131\u2026 Birka\u00e7 g\u00fcn \u00f6nce \u00e7ok sevdi\u011fim, \u00fcniversite haz\u0131rl\u0131ktan bug\u00fcne dostlu\u011funu benden esirgemeyen bir arkada\u015f\u0131m\u0131n karde\u015finin vefat haberiyle y\u0131k\u0131ld\u0131k. Korona kapan\u0131na bir can\u0131m\u0131z\u0131 daha vermi\u015ftik. [&hellip;]\" \/>\n<meta property=\"og:url\" content=\"https:\/\/avrupapress.com\/2020\/04\/09\/avrupa-press-okuyucularina-merhaba-korona-kapani-ii\/\" \/>\n<meta property=\"og:site_name\" content=\"AvrupaPress\" \/>\n<meta property=\"article:published_time\" content=\"2020-04-09T21:18:17+00:00\" \/>\n<meta property=\"article:modified_time\" content=\"2020-04-09T21:18:19+00:00\" \/>\n<meta property=\"og:image\" content=\"https:\/\/avrupapress.com\/wp-content\/uploads\/2020\/04\/thumbnail_lemurya-gulay-resim.jpg\" \/>\n\t<meta property=\"og:image:width\" content=\"1280\" \/>\n\t<meta property=\"og:image:height\" content=\"1189\" \/>\n\t<meta property=\"og:image:type\" content=\"image\/jpeg\" \/>\n<meta name=\"author\" content=\"Edit\u00f6r\" \/>\n<meta name=\"twitter:card\" content=\"summary_large_image\" \/>\n<meta name=\"twitter:label1\" content=\"\u00c9crit par\" \/>\n\t<meta name=\"twitter:data1\" content=\"Edit\u00f6r\" \/>\n\t<meta name=\"twitter:label2\" content=\"Dur\u00e9e de lecture est.\" \/>\n\t<meta name=\"twitter:data2\" content=\"5 minutes\" \/>\n<script type=\"application\/ld+json\" class=\"yoast-schema-graph\">{\"@context\":\"https:\/\/schema.org\",\"@graph\":[{\"@type\":\"Article\",\"@id\":\"https:\/\/avrupapress.com\/2020\/04\/09\/avrupa-press-okuyucularina-merhaba-korona-kapani-ii\/#article\",\"isPartOf\":{\"@id\":\"https:\/\/avrupapress.com\/2020\/04\/09\/avrupa-press-okuyucularina-merhaba-korona-kapani-ii\/\"},\"author\":{\"name\":\"Edit\u00f6r\",\"@id\":\"https:\/\/avrupapress.com\/#\/schema\/person\/68428444ec60970d1e1b700cf4ca1e8f\"},\"headline\":\"AVRUPA PRESS OKUYUCULARINA MERHABA KORONA KAPANI- II\",\"datePublished\":\"2020-04-09T21:18:17+00:00\",\"dateModified\":\"2020-04-09T21:18:19+00:00\",\"mainEntityOfPage\":{\"@id\":\"https:\/\/avrupapress.com\/2020\/04\/09\/avrupa-press-okuyucularina-merhaba-korona-kapani-ii\/\"},\"wordCount\":1006,\"publisher\":{\"@id\":\"https:\/\/avrupapress.com\/#\/schema\/person\/0223dca19c72c43575bf30d1a2d8f4fa\"},\"image\":{\"@id\":\"https:\/\/avrupapress.com\/2020\/04\/09\/avrupa-press-okuyucularina-merhaba-korona-kapani-ii\/#primaryimage\"},\"thumbnailUrl\":\"https:\/\/avrupapress.com\/main\/wp-content\/uploads\/2020\/04\/thumbnail_lemurya-gulay-resim.jpg\",\"keywords\":[\"AVRUPA PRESS OKUYUCULARINA MERHABA KORONA KAPANI- II\"],\"articleSection\":[\"Avrupa\",\"Bel\u00e7ika\",\"D\u00fcnya\",\"Ekonomi\",\"K\u00fclt\u00fcr-Sanat\",\"Spor\",\"Tan\u0131t\u0131m\",\"T\u00fcrkiye\",\"Uncategorized\"],\"inLanguage\":\"fr-BE\"},{\"@type\":\"WebPage\",\"@id\":\"https:\/\/avrupapress.com\/2020\/04\/09\/avrupa-press-okuyucularina-merhaba-korona-kapani-ii\/\",\"url\":\"https:\/\/avrupapress.com\/2020\/04\/09\/avrupa-press-okuyucularina-merhaba-korona-kapani-ii\/\",\"name\":\"AVRUPA PRESS OKUYUCULARINA MERHABA KORONA KAPANI- II - AvrupaPress\",\"isPartOf\":{\"@id\":\"https:\/\/avrupapress.com\/#website\"},\"primaryImageOfPage\":{\"@id\":\"https:\/\/avrupapress.com\/2020\/04\/09\/avrupa-press-okuyucularina-merhaba-korona-kapani-ii\/#primaryimage\"},\"image\":{\"@id\":\"https:\/\/avrupapress.com\/2020\/04\/09\/avrupa-press-okuyucularina-merhaba-korona-kapani-ii\/#primaryimage\"},\"thumbnailUrl\":\"https:\/\/avrupapress.com\/main\/wp-content\/uploads\/2020\/04\/thumbnail_lemurya-gulay-resim.jpg\",\"datePublished\":\"2020-04-09T21:18:17+00:00\",\"dateModified\":\"2020-04-09T21:18:19+00:00\",\"breadcrumb\":{\"@id\":\"https:\/\/avrupapress.com\/2020\/04\/09\/avrupa-press-okuyucularina-merhaba-korona-kapani-ii\/#breadcrumb\"},\"inLanguage\":\"fr-BE\",\"potentialAction\":[{\"@type\":\"ReadAction\",\"target\":[\"https:\/\/avrupapress.com\/2020\/04\/09\/avrupa-press-okuyucularina-merhaba-korona-kapani-ii\/\"]}]},{\"@type\":\"ImageObject\",\"inLanguage\":\"fr-BE\",\"@id\":\"https:\/\/avrupapress.com\/2020\/04\/09\/avrupa-press-okuyucularina-merhaba-korona-kapani-ii\/#primaryimage\",\"url\":\"https:\/\/avrupapress.com\/main\/wp-content\/uploads\/2020\/04\/thumbnail_lemurya-gulay-resim.jpg\",\"contentUrl\":\"https:\/\/avrupapress.com\/main\/wp-content\/uploads\/2020\/04\/thumbnail_lemurya-gulay-resim.jpg\",\"width\":1280,\"height\":1189},{\"@type\":\"BreadcrumbList\",\"@id\":\"https:\/\/avrupapress.com\/2020\/04\/09\/avrupa-press-okuyucularina-merhaba-korona-kapani-ii\/#breadcrumb\",\"itemListElement\":[{\"@type\":\"ListItem\",\"position\":1,\"name\":\"Anasayfa\",\"item\":\"https:\/\/avrupapress.com\/\"},{\"@type\":\"ListItem\",\"position\":2,\"name\":\"AVRUPA PRESS OKUYUCULARINA MERHABA KORONA KAPANI- II\"}]},{\"@type\":\"WebSite\",\"@id\":\"https:\/\/avrupapress.com\/#website\",\"url\":\"https:\/\/avrupapress.com\/\",\"name\":\"AvrupaPress\",\"description\":\"Haberin Adresi\",\"publisher\":{\"@id\":\"https:\/\/avrupapress.com\/#\/schema\/person\/0223dca19c72c43575bf30d1a2d8f4fa\"},\"potentialAction\":[{\"@type\":\"SearchAction\",\"target\":{\"@type\":\"EntryPoint\",\"urlTemplate\":\"https:\/\/avrupapress.com\/?s={search_term_string}\"},\"query-input\":{\"@type\":\"PropertyValueSpecification\",\"valueRequired\":true,\"valueName\":\"search_term_string\"}}],\"inLanguage\":\"fr-BE\"},{\"@type\":[\"Person\",\"Organization\"],\"@id\":\"https:\/\/avrupapress.com\/#\/schema\/person\/0223dca19c72c43575bf30d1a2d8f4fa\",\"name\":\"Bilgin \u00d6z\u00e7ift\u00e7i\",\"image\":{\"@type\":\"ImageObject\",\"inLanguage\":\"fr-BE\",\"@id\":\"https:\/\/avrupapress.com\/#\/schema\/person\/image\/\",\"url\":\"https:\/\/secure.gravatar.com\/avatar\/0f23b280433a21e1ea7a0adcc46ed0ad16afe3ad8e630fd13d8a017dcbd54ef3?s=96&d=mm&r=g\",\"contentUrl\":\"https:\/\/secure.gravatar.com\/avatar\/0f23b280433a21e1ea7a0adcc46ed0ad16afe3ad8e630fd13d8a017dcbd54ef3?s=96&d=mm&r=g\",\"caption\":\"Bilgin \u00d6z\u00e7ift\u00e7i\"},\"logo\":{\"@id\":\"https:\/\/avrupapress.com\/#\/schema\/person\/image\/\"},\"description\":\"Ne ben, nede sen... Biz ancak \\\"biz\\\" olursak g\u00fc\u00e7l\u00fc olabiliriz\"},{\"@type\":\"Person\",\"@id\":\"https:\/\/avrupapress.com\/#\/schema\/person\/68428444ec60970d1e1b700cf4ca1e8f\",\"name\":\"Edit\u00f6r\",\"image\":{\"@type\":\"ImageObject\",\"inLanguage\":\"fr-BE\",\"@id\":\"https:\/\/avrupapress.com\/#\/schema\/person\/image\/\",\"url\":\"https:\/\/secure.gravatar.com\/avatar\/74996b0977aa5f1559ba9883776652508b229005c0d78fb2597897f0bd651c09?s=96&d=mm&r=g\",\"contentUrl\":\"https:\/\/secure.gravatar.com\/avatar\/74996b0977aa5f1559ba9883776652508b229005c0d78fb2597897f0bd651c09?s=96&d=mm&r=g\",\"caption\":\"Edit\u00f6r\"},\"sameAs\":[\"http:\/\/www.avrupapress.com\"],\"url\":\"https:\/\/avrupapress.com\/main\/author\/editor\/\"}]}<\/script>\n<!-- \/ Yoast SEO plugin. -->","yoast_head_json":{"title":"AVRUPA PRESS OKUYUCULARINA MERHABA KORONA KAPANI- II - AvrupaPress","robots":{"index":"index","follow":"follow","max-snippet":"max-snippet:-1","max-image-preview":"max-image-preview:large","max-video-preview":"max-video-preview:-1"},"canonical":"https:\/\/avrupapress.com\/2020\/04\/09\/avrupa-press-okuyucularina-merhaba-korona-kapani-ii\/","og_locale":"fr_FR","og_type":"article","og_title":"AVRUPA PRESS OKUYUCULARINA MERHABA KORONA KAPANI- II - AvrupaPress","og_description":"Birka\u00e7 g\u00fcn \u00f6nce \u00e7ok sevdi\u011fim, \u00fcniversite haz\u0131rl\u0131ktan bug\u00fcne dostlu\u011funu benden esirgemeyen bir arkada\u015f\u0131m\u0131n karde\u015finin vefat haberiyle y\u0131k\u0131ld\u0131k. Korona kapan\u0131na bir can\u0131m\u0131z\u0131 daha vermi\u015ftik. Gencecik bir can\u2026 Umulmayacak bir zamanda vir\u00fcs\u00fcn kapan\u0131na yakalanm\u0131\u015ft\u0131\u2026 Birka\u00e7 g\u00fcn \u00f6nce \u00e7ok sevdi\u011fim, \u00fcniversite haz\u0131rl\u0131ktan bug\u00fcne dostlu\u011funu benden esirgemeyen bir arkada\u015f\u0131m\u0131n karde\u015finin vefat haberiyle y\u0131k\u0131ld\u0131k. Korona kapan\u0131na bir can\u0131m\u0131z\u0131 daha vermi\u015ftik. [&hellip;]","og_url":"https:\/\/avrupapress.com\/2020\/04\/09\/avrupa-press-okuyucularina-merhaba-korona-kapani-ii\/","og_site_name":"AvrupaPress","article_published_time":"2020-04-09T21:18:17+00:00","article_modified_time":"2020-04-09T21:18:19+00:00","og_image":[{"width":1280,"height":1189,"url":"https:\/\/avrupapress.com\/wp-content\/uploads\/2020\/04\/thumbnail_lemurya-gulay-resim.jpg","type":"image\/jpeg"}],"author":"Edit\u00f6r","twitter_card":"summary_large_image","twitter_misc":{"\u00c9crit par":"Edit\u00f6r","Dur\u00e9e de lecture est.":"5 minutes"},"schema":{"@context":"https:\/\/schema.org","@graph":[{"@type":"Article","@id":"https:\/\/avrupapress.com\/2020\/04\/09\/avrupa-press-okuyucularina-merhaba-korona-kapani-ii\/#article","isPartOf":{"@id":"https:\/\/avrupapress.com\/2020\/04\/09\/avrupa-press-okuyucularina-merhaba-korona-kapani-ii\/"},"author":{"name":"Edit\u00f6r","@id":"https:\/\/avrupapress.com\/#\/schema\/person\/68428444ec60970d1e1b700cf4ca1e8f"},"headline":"AVRUPA PRESS OKUYUCULARINA MERHABA KORONA KAPANI- II","datePublished":"2020-04-09T21:18:17+00:00","dateModified":"2020-04-09T21:18:19+00:00","mainEntityOfPage":{"@id":"https:\/\/avrupapress.com\/2020\/04\/09\/avrupa-press-okuyucularina-merhaba-korona-kapani-ii\/"},"wordCount":1006,"publisher":{"@id":"https:\/\/avrupapress.com\/#\/schema\/person\/0223dca19c72c43575bf30d1a2d8f4fa"},"image":{"@id":"https:\/\/avrupapress.com\/2020\/04\/09\/avrupa-press-okuyucularina-merhaba-korona-kapani-ii\/#primaryimage"},"thumbnailUrl":"https:\/\/avrupapress.com\/main\/wp-content\/uploads\/2020\/04\/thumbnail_lemurya-gulay-resim.jpg","keywords":["AVRUPA PRESS OKUYUCULARINA MERHABA KORONA KAPANI- II"],"articleSection":["Avrupa","Bel\u00e7ika","D\u00fcnya","Ekonomi","K\u00fclt\u00fcr-Sanat","Spor","Tan\u0131t\u0131m","T\u00fcrkiye","Uncategorized"],"inLanguage":"fr-BE"},{"@type":"WebPage","@id":"https:\/\/avrupapress.com\/2020\/04\/09\/avrupa-press-okuyucularina-merhaba-korona-kapani-ii\/","url":"https:\/\/avrupapress.com\/2020\/04\/09\/avrupa-press-okuyucularina-merhaba-korona-kapani-ii\/","name":"AVRUPA PRESS OKUYUCULARINA MERHABA KORONA KAPANI- II - AvrupaPress","isPartOf":{"@id":"https:\/\/avrupapress.com\/#website"},"primaryImageOfPage":{"@id":"https:\/\/avrupapress.com\/2020\/04\/09\/avrupa-press-okuyucularina-merhaba-korona-kapani-ii\/#primaryimage"},"image":{"@id":"https:\/\/avrupapress.com\/2020\/04\/09\/avrupa-press-okuyucularina-merhaba-korona-kapani-ii\/#primaryimage"},"thumbnailUrl":"https:\/\/avrupapress.com\/main\/wp-content\/uploads\/2020\/04\/thumbnail_lemurya-gulay-resim.jpg","datePublished":"2020-04-09T21:18:17+00:00","dateModified":"2020-04-09T21:18:19+00:00","breadcrumb":{"@id":"https:\/\/avrupapress.com\/2020\/04\/09\/avrupa-press-okuyucularina-merhaba-korona-kapani-ii\/#breadcrumb"},"inLanguage":"fr-BE","potentialAction":[{"@type":"ReadAction","target":["https:\/\/avrupapress.com\/2020\/04\/09\/avrupa-press-okuyucularina-merhaba-korona-kapani-ii\/"]}]},{"@type":"ImageObject","inLanguage":"fr-BE","@id":"https:\/\/avrupapress.com\/2020\/04\/09\/avrupa-press-okuyucularina-merhaba-korona-kapani-ii\/#primaryimage","url":"https:\/\/avrupapress.com\/main\/wp-content\/uploads\/2020\/04\/thumbnail_lemurya-gulay-resim.jpg","contentUrl":"https:\/\/avrupapress.com\/main\/wp-content\/uploads\/2020\/04\/thumbnail_lemurya-gulay-resim.jpg","width":1280,"height":1189},{"@type":"BreadcrumbList","@id":"https:\/\/avrupapress.com\/2020\/04\/09\/avrupa-press-okuyucularina-merhaba-korona-kapani-ii\/#breadcrumb","itemListElement":[{"@type":"ListItem","position":1,"name":"Anasayfa","item":"https:\/\/avrupapress.com\/"},{"@type":"ListItem","position":2,"name":"AVRUPA PRESS OKUYUCULARINA MERHABA KORONA KAPANI- II"}]},{"@type":"WebSite","@id":"https:\/\/avrupapress.com\/#website","url":"https:\/\/avrupapress.com\/","name":"AvrupaPress","description":"Haberin Adresi","publisher":{"@id":"https:\/\/avrupapress.com\/#\/schema\/person\/0223dca19c72c43575bf30d1a2d8f4fa"},"potentialAction":[{"@type":"SearchAction","target":{"@type":"EntryPoint","urlTemplate":"https:\/\/avrupapress.com\/?s={search_term_string}"},"query-input":{"@type":"PropertyValueSpecification","valueRequired":true,"valueName":"search_term_string"}}],"inLanguage":"fr-BE"},{"@type":["Person","Organization"],"@id":"https:\/\/avrupapress.com\/#\/schema\/person\/0223dca19c72c43575bf30d1a2d8f4fa","name":"Bilgin \u00d6z\u00e7ift\u00e7i","image":{"@type":"ImageObject","inLanguage":"fr-BE","@id":"https:\/\/avrupapress.com\/#\/schema\/person\/image\/","url":"https:\/\/secure.gravatar.com\/avatar\/0f23b280433a21e1ea7a0adcc46ed0ad16afe3ad8e630fd13d8a017dcbd54ef3?s=96&d=mm&r=g","contentUrl":"https:\/\/secure.gravatar.com\/avatar\/0f23b280433a21e1ea7a0adcc46ed0ad16afe3ad8e630fd13d8a017dcbd54ef3?s=96&d=mm&r=g","caption":"Bilgin \u00d6z\u00e7ift\u00e7i"},"logo":{"@id":"https:\/\/avrupapress.com\/#\/schema\/person\/image\/"},"description":"Ne ben, nede sen... Biz ancak \"biz\" olursak g\u00fc\u00e7l\u00fc olabiliriz"},{"@type":"Person","@id":"https:\/\/avrupapress.com\/#\/schema\/person\/68428444ec60970d1e1b700cf4ca1e8f","name":"Edit\u00f6r","image":{"@type":"ImageObject","inLanguage":"fr-BE","@id":"https:\/\/avrupapress.com\/#\/schema\/person\/image\/","url":"https:\/\/secure.gravatar.com\/avatar\/74996b0977aa5f1559ba9883776652508b229005c0d78fb2597897f0bd651c09?s=96&d=mm&r=g","contentUrl":"https:\/\/secure.gravatar.com\/avatar\/74996b0977aa5f1559ba9883776652508b229005c0d78fb2597897f0bd651c09?s=96&d=mm&r=g","caption":"Edit\u00f6r"},"sameAs":["http:\/\/www.avrupapress.com"],"url":"https:\/\/avrupapress.com\/main\/author\/editor\/"}]}},"_links":{"self":[{"href":"https:\/\/avrupapress.com\/main\/wp-json\/wp\/v2\/posts\/11186","targetHints":{"allow":["GET"]}}],"collection":[{"href":"https:\/\/avrupapress.com\/main\/wp-json\/wp\/v2\/posts"}],"about":[{"href":"https:\/\/avrupapress.com\/main\/wp-json\/wp\/v2\/types\/post"}],"author":[{"embeddable":true,"href":"https:\/\/avrupapress.com\/main\/wp-json\/wp\/v2\/users\/3"}],"replies":[{"embeddable":true,"href":"https:\/\/avrupapress.com\/main\/wp-json\/wp\/v2\/comments?post=11186"}],"version-history":[{"count":1,"href":"https:\/\/avrupapress.com\/main\/wp-json\/wp\/v2\/posts\/11186\/revisions"}],"predecessor-version":[{"id":11187,"href":"https:\/\/avrupapress.com\/main\/wp-json\/wp\/v2\/posts\/11186\/revisions\/11187"}],"wp:featuredmedia":[{"embeddable":true,"href":"https:\/\/avrupapress.com\/main\/wp-json\/wp\/v2\/media\/11126"}],"wp:attachment":[{"href":"https:\/\/avrupapress.com\/main\/wp-json\/wp\/v2\/media?parent=11186"}],"wp:term":[{"taxonomy":"category","embeddable":true,"href":"https:\/\/avrupapress.com\/main\/wp-json\/wp\/v2\/categories?post=11186"},{"taxonomy":"post_tag","embeddable":true,"href":"https:\/\/avrupapress.com\/main\/wp-json\/wp\/v2\/tags?post=11186"}],"curies":[{"name":"wp","href":"https:\/\/api.w.org\/{rel}","templated":true}]}}