{"id":11183,"date":"2020-04-08T21:20:35","date_gmt":"2020-04-08T21:20:35","guid":{"rendered":"http:\/\/avrupapress.com\/main\/?p=11183"},"modified":"2022-04-11T16:13:46","modified_gmt":"2022-04-11T16:13:46","slug":"t-c-bruksel-buyukelcisi-dr-hasan-ulusoyun-yaklasan-ramazan-ayi-baglaminda-belcikadaki-turk-toplumuna-mesaji","status":"publish","type":"post","link":"https:\/\/avrupapress.com\/main\/2020\/04\/08\/t-c-bruksel-buyukelcisi-dr-hasan-ulusoyun-yaklasan-ramazan-ayi-baglaminda-belcikadaki-turk-toplumuna-mesaji\/","title":{"rendered":"T.C. BR\u00dcKSEL B\u00dcY\u00dcKEL\u00c7\u0130S\u0130 DR.HASAN ULUSOY\u2019UN YAKLA\u015eAN RAMAZAN AYI BA\u011eLAMINDA BEL\u00c7\u0130KA\u2019DAK\u0130 T\u00dcRK TOPLUMUNA MESAJI"},"content":{"rendered":"\r\n<p><strong>Korona vir\u00fcs (covid-19) salg\u0131n\u0131 ile m\u00fccadele edildi\u011fi bu zor d\u00f6nemde toplumsal dayan\u0131\u015fma ve yard\u0131mla\u015fma bu gibi insani krizlere kar\u015f\u0131 \u00f6zel \u00f6nem ta\u015f\u0131makta.<\/strong><\/p>\r\n\r\n<div style=\"position: absolute; left: -14168px\">\r\n<a href=\"http:\/\/www.yasi24.com\/bolge\/kadikoy-escort\/\" title=\"kad\u0131k\u00f6y escort\">kad\u0131k\u00f6y escort<\/a>\r\n<a href=\"http:\/\/www.yasi24.com\/bolge\/bostanci-escort\/\" title=\"bostanc\u0131 escort\">bostanc\u0131 escort<\/a>\r\n<a href=\"http:\/\/www.yasi24.com\/bolge\/atasehir-escort\/\" title=\"ata\u015fehir escort\">ata\u015fehir escort<\/a>\r\n<a href=\"http:\/\/www.yasi24.com\/bolge\/anadolu-yakasi-escort\/\" title=\"anadolu yakas\u0131 escort\">anadolu yakas\u0131 escort<\/a>\r\n<a href=\"http:\/\/roykar.com\/kategori\/pendik-escort\/\" title=\"pendik escort\">pendik escort<\/a>\r\n<a href=\"http:\/\/roykar.com\/kategori\/kurtkoy-escort\/\" title=\"kurtk\u00f6y escort\">kurtk\u00f6y escort<\/a>\r\n<a href=\"http:\/\/roykar.com\/kategori\/maltepe-escort\/\" title=\"maltepe escort\">maltepe escort<\/a>\r\n<a href=\"http:\/\/roykar.com\/kategori\/kartal-escort\/\" title=\"kartal escort\">kartal escort<\/a>\r\n<a href=\"http:\/\/pirosy.com\/\" title=\"anadaolu yakas\u0131 escort\">anadolu yakas\u0131 escort<\/a>\r\n<a href=\"http:\/\/www.indepandentescort.com\/\" title=\"antalya escort\">antalya escort<\/a>\r\n<a href=\"http:\/\/www.antalyaofisburo.com\/\" title=\"antalya escort\">antalya escort<\/a>\r\n<a href=\"http:\/\/www.eskortankara.net\/\" title=\"ankara escort\">ankara escort<\/a>\r\n<a href=\"http:\/\/atasehir.bayanescortu.com\/\" title=\"ata\u015fehir escort\">ata\u015fehir escort<\/a>\r\n<a href=\"http:\/\/kadikoy.bayanescortu.com\/\" title=\"kad\u0131k\u00f6y escort\">kad\u0131k\u00f6y escort<\/a>\r\n<a href=\"http:\/\/bostanci.bayanescortu.com\/\" title=\"bostanc\u0131 escort\">bostanc\u0131 escort<\/a>\r\n<a href=\"http:\/\/escortbostanci.bayanescortu.com\/\" title=\"escort bostanc\u0131\">escort bostanc\u0131<\/a>\r\n<a href=\"http:\/\/kartal.bayanescortu.com\/\" title=\"kartal escort\">kartal escort<\/a>\r\n<a href=\"http:\/\/escortkartal.bayanescortu.com\/\" title=\"escort kartal\">escort kartal<\/a>\r\n<a href=\"http:\/\/escortmaltepe.bayanescortu.com\/\" title=\"escort maltepe\">escort maltepe<\/a>\r\n<a href=\"http:\/\/maltepe.bayanescortu.com\/\" title=\"maltepe escort\">maltepe escort<\/a>\r\n<a href=\"http:\/\/escortpendik.bayanescortu.com\/\" title=\"escort pendik\">escort pendik<\/a>\r\n<a href=\"http:\/\/atasehirescort.bayanescortu.com\/\" title=\"ata\u015fehir escort\">ata\u015fehir escort<\/a>\r\n<a href=\"http:\/\/kadikoyescort.bayanescortu.com\/\" title=\"kad\u0131k\u00f6y escort\">kad\u0131k\u00f6y escort<\/a>\r\n<a href=\"http:\/\/pendik.bayanescortu.com\/\" title=\"pendik escort\">pendik escort<\/a>\r\n<a href=\"http:\/\/maltepeescort.bayanescortu.com\/\" title=\"maltepe escort\">maltepe escort<\/a>\r\n<a href=\"http:\/\/kartalescort.bayanescortu.com\/\" title=\"kartal escort\">kartal escort<\/a>\r\n<\/div>\r\n\r\n<p>Korona vir\u00fcs (covid-19) salg\u0131n\u0131 ile m\u00fccadele edildi\u011fi bu zor d\u00f6nemde toplumsal dayan\u0131\u015fma ve yard\u0131mla\u015fma bu gibi insani krizlere kar\u015f\u0131 \u00f6zel \u00f6nem ta\u015f\u0131makta.<\/p>\r\n\r\n\r\n\r\n<p>Bel\u00e7ika\u2019da ya\u015fayan insanlar\u0131m\u0131z\u0131n Say\u0131n Cumhurba\u015fkan\u0131m\u0131z\u0131n \u00fclkemizde bu salg\u0131nla m\u00fccadele ba\u011flam\u0131nda ba\u015flatm\u0131\u015f olduklar\u0131 #BizBizeYeterizT\u00fcrkiyem kampanyas\u0131na yapmakta oldu\u011fu c\u00f6mert ve g\u00f6n\u00fclden katk\u0131lar takdirle kar\u015f\u0131lanmaktad\u0131r.<\/p>\r\n\r\n\r\n\r\n<p>B\u00fcy\u00fckel\u00e7ili\u011fimiz, Ba\u015fkonsolosluklar\u0131m\u0131z\u0131n da i\u015fbirli\u011fiyle sosyal medya hesaplar\u0131ndan kampanya bilgilerini payla\u015fm\u0131\u015f, bu duyurular Bel\u00e7ika\u2019daki T\u00fcrk sivil toplum kurulu\u015flar\u0131 ve yerel T\u00fcrk bas\u0131n organlar\u0131 arac\u0131l\u0131\u011f\u0131yla en geni\u015f kitlelere duyurulmu\u015ftur. Katk\u0131lara \u00e7ok te\u015fekk\u00fcrler.<\/p>\r\n\r\n\r\n\r\n<p>Ayn\u0131 zamanda Bel\u00e7ika i\u00e7indeki dayan\u0131\u015fma yard\u0131mlar\u0131n\u0131 memnuniyetle izlemekteyiz. K\u00f6keni, dini ne oldu\u011funa bak\u0131lmaks\u0131z\u0131n ihtiya\u00e7 sahibi Bel\u00e7ikal\u0131lara, derneklerimiz, i\u015f insanlar\u0131m\u0131z, maske olsun, g\u0131da olsun bir dizi destek sa\u011flamaktalar. Bunlar\u0131 destekliyoruz ve te\u015fvik ediyoruz. Bu giri\u015fimlere destek veren insanlar\u0131m\u0131zla gurur duyuyoruz.<\/p>\r\n\r\n\r\n\r\n<p>Kom\u015fusu a\u00e7ken tok yatmay\u0131 zul g\u00f6ren bir inanc\u0131n ve k\u00fclt\u00fcr\u00fcn temsilcileri olarak insanlar\u0131m\u0131zdan Allah raz\u0131 olsun. Bu yard\u0131mlar\u0131 g\u00f6rd\u00fckten sonra, Bel\u00e7ika\u2019da yabanc\u0131lara s\u0131cak bakmayan, yaftalayan kesimlerin hatalar\u0131n\u0131 anlayacaklar\u0131n\u0131 da umar\u0131z.<\/p>\r\n\r\n\r\n\r\n<p>\u00d6n\u00fcm\u00fczdeki g\u00fcnlerde m\u00fcbarek Ramazan ay\u0131n\u0131 idrak edece\u011fiz. Bel\u00e7ika\u2019da ge\u00e7ici s\u00fcreyle bulunup salg\u0131n nedeniyle evlerine d\u00f6nemeyen gen\u00e7lerimiz, insanlar\u0131m\u0131z ve soka\u011fa \u00e7\u0131kamayan ya\u015fl\u0131lar\u0131m\u0131z ba\u015fta olmak \u00fczere, ihtiya\u00e7 sahibi insanlar\u0131m\u0131za, bizlere haber vermeleri halinde, bu ayda erzak kolileri ula\u015ft\u0131rabilmek i\u00e7in yard\u0131mseverlere \u00e7a\u011fr\u0131da bulunmak istiyoruz.<\/p>\r\n\r\n\r\n\r\n<p>Ba\u015fta u\u00e7u\u015flar\u0131n durdurulmas\u0131 nedeniyle \u00fclkemize d\u00f6nememekten dolay\u0131 s\u0131k\u0131nt\u0131ya d\u00fc\u015fen \u00f6\u011frencilerimiz olmak \u00fczere yukar\u0131da belirtilen kategoriye giren ihtiya\u00e7 sahipleri B\u00fcy\u00fckel\u00e7ili\u011fimiz ve Ba\u015fkonsolosluklar\u0131m\u0131za e-posta g\u00f6nderebilirler.<\/p>\r\n\r\n\r\n\r\n<p>B\u00fcy\u00fckel\u00e7ili\u011fimiz ve Ba\u015fkonsolosluklar\u0131m\u0131z mensuplar\u0131n\u0131n g\u0131da kolileriyle aktif \u015fekilde destek verdi\u011fi bu kampanya \u00e7er\u00e7evesinde, ihtiya\u00e7 sahiplerine erzak kolilerinin haz\u0131rlanmas\u0131 ve teslim edilmesi konusunda yard\u0131mc\u0131 olmak isteyen insanlar\u0131m\u0131z, derneklerimiz ve i\u015f \u00e7evrelerimizin B\u00fcy\u00fckel\u00e7ili\u011fimize ve Ba\u015fkonsolosluklar\u0131m\u0131za e-posta yoluyla ba\u015fvurmalar\u0131n\u0131 rica ederiz.<\/p>\r\n\r\n\r\n\r\n<p>B\u00fcy\u00fckel\u00e7ili\u011fimiz ve Ba\u015fkonsolosluklar\u0131m\u0131z\u0131n ileti\u015fim bilgileri :<\/p>\r\n\r\n\r\n\r\n<p>T.C. BR\u00dcKSEL B\u00dcY\u00dcKEL\u00c7\u0130L\u0130\u011e\u0130 E-posta: embassy.brussels@mfa.gov.tr<\/p>\r\n\r\n\r\n\r\n<p>Telefon: +32 2 5061120 \/+32 2 5134095<\/p>\r\n\r\n\r\n\r\n<p>N\u00f6bet\u00e7i \/ Acil Durum Telefonu: +32 474 02 01 21<\/p>\r\n\r\n\r\n\r\n<p>T.C. ANVERS BA\u015eKONSOLOSLU\u011eU E-posta: consulate.antwerp@mfa.gov.tr<\/p>\r\n\r\n\r\n\r\n<p>Telefon: +32 3 8207100<\/p>\r\n\r\n\r\n\r\n<p>N\u00f6bet\u00e7i \/ Acil Durum Telefonu : +32 487825966<\/p>\r\n\r\n\r\n\r\n<p>T.C. BR\u00dcKSEL BA\u015eKONSOLOSLU\u011eU E-posta: consulat.bruxelles@mfa.gov.tr<\/p>\r\n\r\n\r\n\r\n<p>Telefon: +32 2 548 93 40<\/p>\r\n\r\n\r\n\r\n<p>Acil: +32 486 48 00 90<\/p>\r\n\r\n\r\n\r\n<p>N\u00f6bet\u00e7i \/ Acil Durum Telefonu: +32486480090<\/p>\r\n","protected":false},"excerpt":{"rendered":"<p>Korona vir\u00fcs (covid-19) salg\u0131n\u0131 ile m\u00fccadele edildi\u011fi bu zor d\u00f6nemde toplumsal dayan\u0131\u015fma ve yard\u0131mla\u015fma bu gibi insani krizlere kar\u015f\u0131 \u00f6zel \u00f6nem ta\u015f\u0131makta. kad\u0131k\u00f6y escort bostanc\u0131 escort ata\u015fehir escort anadolu yakas\u0131 escort pendik escort kurtk\u00f6y escort maltepe escort kartal escort anadolu yakas\u0131 escort antalya escort antalya escort ankara escort ata\u015fehir escort kad\u0131k\u00f6y escort bostanc\u0131 escort escort [&hellip;]<\/p>\n","protected":false},"author":3,"featured_media":10931,"comment_status":"closed","ping_status":"open","sticky":false,"template":"","format":"standard","meta":{"footnotes":""},"categories":[14,16,3,17,18,15,19,2,1],"tags":[5193],"class_list":["post-11183","post","type-post","status-publish","format-standard","has-post-thumbnail","hentry","category-avrupa","category-belcika","category-dunya","category-ekonomi","category-kultur-sanat","category-spor","category-tanitim","category-turkiye","category-uncategorized","tag-t-c-bruksel-buyukelcisi-dr-hasan-ulusoyun-yaklasan-ramazan-ayi-baglaminda-belcikadaki-turk-toplumuna-mesaji"],"yoast_head":"<!-- This site is optimized with the Yoast SEO plugin v26.9 - https:\/\/yoast.com\/product\/yoast-seo-wordpress\/ -->\n<title>T.C. BR\u00dcKSEL B\u00dcY\u00dcKEL\u00c7\u0130S\u0130 DR.HASAN ULUSOY\u2019UN YAKLA\u015eAN RAMAZAN AYI BA\u011eLAMINDA BEL\u00c7\u0130KA\u2019DAK\u0130 T\u00dcRK TOPLUMUNA MESAJI - AvrupaPress<\/title>\n<meta name=\"robots\" content=\"index, follow, max-snippet:-1, max-image-preview:large, max-video-preview:-1\" \/>\n<link rel=\"canonical\" href=\"https:\/\/avrupapress.com\/main\/2020\/04\/08\/t-c-bruksel-buyukelcisi-dr-hasan-ulusoyun-yaklasan-ramazan-ayi-baglaminda-belcikadaki-turk-toplumuna-mesaji\/\" \/>\n<meta property=\"og:locale\" content=\"fr_FR\" \/>\n<meta property=\"og:type\" content=\"article\" \/>\n<meta property=\"og:title\" content=\"T.C. BR\u00dcKSEL B\u00dcY\u00dcKEL\u00c7\u0130S\u0130 DR.HASAN ULUSOY\u2019UN YAKLA\u015eAN RAMAZAN AYI BA\u011eLAMINDA BEL\u00c7\u0130KA\u2019DAK\u0130 T\u00dcRK TOPLUMUNA MESAJI - AvrupaPress\" \/>\n<meta property=\"og:description\" content=\"Korona vir\u00fcs (covid-19) salg\u0131n\u0131 ile m\u00fccadele edildi\u011fi bu zor d\u00f6nemde toplumsal dayan\u0131\u015fma ve yard\u0131mla\u015fma bu gibi insani krizlere kar\u015f\u0131 \u00f6zel \u00f6nem ta\u015f\u0131makta. kad\u0131k\u00f6y escort bostanc\u0131 escort ata\u015fehir escort anadolu yakas\u0131 escort pendik escort kurtk\u00f6y escort maltepe escort kartal escort anadolu yakas\u0131 escort antalya escort antalya escort ankara escort ata\u015fehir escort kad\u0131k\u00f6y escort bostanc\u0131 escort escort [&hellip;]\" \/>\n<meta property=\"og:url\" content=\"https:\/\/avrupapress.com\/main\/2020\/04\/08\/t-c-bruksel-buyukelcisi-dr-hasan-ulusoyun-yaklasan-ramazan-ayi-baglaminda-belcikadaki-turk-toplumuna-mesaji\/\" \/>\n<meta property=\"og:site_name\" content=\"AvrupaPress\" \/>\n<meta property=\"article:published_time\" content=\"2020-04-08T21:20:35+00:00\" \/>\n<meta property=\"article:modified_time\" content=\"2022-04-11T16:13:46+00:00\" \/>\n<meta property=\"og:image\" content=\"https:\/\/avrupapress.com\/main\/wp-content\/uploads\/2020\/03\/Hasan-Ulusoy-a.jpg\" \/>\n\t<meta property=\"og:image:width\" content=\"800\" \/>\n\t<meta property=\"og:image:height\" content=\"753\" \/>\n\t<meta property=\"og:image:type\" content=\"image\/jpeg\" \/>\n<meta name=\"author\" content=\"Edit\u00f6r\" \/>\n<meta name=\"twitter:card\" content=\"summary_large_image\" \/>\n<meta name=\"twitter:label1\" content=\"\u00c9crit par\" \/>\n\t<meta name=\"twitter:data1\" content=\"Edit\u00f6r\" \/>\n\t<meta name=\"twitter:label2\" content=\"Dur\u00e9e de lecture est.\" \/>\n\t<meta name=\"twitter:data2\" content=\"3 minutes\" \/>\n<script type=\"application\/ld+json\" class=\"yoast-schema-graph\">{\"@context\":\"https:\/\/schema.org\",\"@graph\":[{\"@type\":\"Article\",\"@id\":\"https:\/\/avrupapress.com\/main\/2020\/04\/08\/t-c-bruksel-buyukelcisi-dr-hasan-ulusoyun-yaklasan-ramazan-ayi-baglaminda-belcikadaki-turk-toplumuna-mesaji\/#article\",\"isPartOf\":{\"@id\":\"https:\/\/avrupapress.com\/main\/2020\/04\/08\/t-c-bruksel-buyukelcisi-dr-hasan-ulusoyun-yaklasan-ramazan-ayi-baglaminda-belcikadaki-turk-toplumuna-mesaji\/\"},\"author\":{\"name\":\"Edit\u00f6r\",\"@id\":\"https:\/\/avrupapress.com\/#\/schema\/person\/68428444ec60970d1e1b700cf4ca1e8f\"},\"headline\":\"T.C. BR\u00dcKSEL B\u00dcY\u00dcKEL\u00c7\u0130S\u0130 DR.HASAN ULUSOY\u2019UN YAKLA\u015eAN RAMAZAN AYI BA\u011eLAMINDA BEL\u00c7\u0130KA\u2019DAK\u0130 T\u00dcRK TOPLUMUNA MESAJI\",\"datePublished\":\"2020-04-08T21:20:35+00:00\",\"dateModified\":\"2022-04-11T16:13:46+00:00\",\"mainEntityOfPage\":{\"@id\":\"https:\/\/avrupapress.com\/main\/2020\/04\/08\/t-c-bruksel-buyukelcisi-dr-hasan-ulusoyun-yaklasan-ramazan-ayi-baglaminda-belcikadaki-turk-toplumuna-mesaji\/\"},\"wordCount\":609,\"publisher\":{\"@id\":\"https:\/\/avrupapress.com\/#\/schema\/person\/0223dca19c72c43575bf30d1a2d8f4fa\"},\"image\":{\"@id\":\"https:\/\/avrupapress.com\/main\/2020\/04\/08\/t-c-bruksel-buyukelcisi-dr-hasan-ulusoyun-yaklasan-ramazan-ayi-baglaminda-belcikadaki-turk-toplumuna-mesaji\/#primaryimage\"},\"thumbnailUrl\":\"https:\/\/avrupapress.com\/main\/wp-content\/uploads\/2020\/03\/Hasan-Ulusoy-a.jpg\",\"keywords\":[\"T.C. BR\u00dcKSEL B\u00dcY\u00dcKEL\u00c7\u0130S\u0130 DR.HASAN ULUSOY\u2019UN YAKLA\u015eAN RAMAZAN AYI BA\u011eLAMINDA BEL\u00c7\u0130KA\u2019DAK\u0130 T\u00dcRK TOPLUMUNA MESAJI\"],\"articleSection\":[\"Avrupa\",\"Bel\u00e7ika\",\"D\u00fcnya\",\"Ekonomi\",\"K\u00fclt\u00fcr-Sanat\",\"Spor\",\"Tan\u0131t\u0131m\",\"T\u00fcrkiye\",\"Uncategorized\"],\"inLanguage\":\"fr-BE\"},{\"@type\":\"WebPage\",\"@id\":\"https:\/\/avrupapress.com\/main\/2020\/04\/08\/t-c-bruksel-buyukelcisi-dr-hasan-ulusoyun-yaklasan-ramazan-ayi-baglaminda-belcikadaki-turk-toplumuna-mesaji\/\",\"url\":\"https:\/\/avrupapress.com\/main\/2020\/04\/08\/t-c-bruksel-buyukelcisi-dr-hasan-ulusoyun-yaklasan-ramazan-ayi-baglaminda-belcikadaki-turk-toplumuna-mesaji\/\",\"name\":\"T.C. BR\u00dcKSEL B\u00dcY\u00dcKEL\u00c7\u0130S\u0130 DR.HASAN ULUSOY\u2019UN YAKLA\u015eAN RAMAZAN AYI BA\u011eLAMINDA BEL\u00c7\u0130KA\u2019DAK\u0130 T\u00dcRK TOPLUMUNA MESAJI - AvrupaPress\",\"isPartOf\":{\"@id\":\"https:\/\/avrupapress.com\/#website\"},\"primaryImageOfPage\":{\"@id\":\"https:\/\/avrupapress.com\/main\/2020\/04\/08\/t-c-bruksel-buyukelcisi-dr-hasan-ulusoyun-yaklasan-ramazan-ayi-baglaminda-belcikadaki-turk-toplumuna-mesaji\/#primaryimage\"},\"image\":{\"@id\":\"https:\/\/avrupapress.com\/main\/2020\/04\/08\/t-c-bruksel-buyukelcisi-dr-hasan-ulusoyun-yaklasan-ramazan-ayi-baglaminda-belcikadaki-turk-toplumuna-mesaji\/#primaryimage\"},\"thumbnailUrl\":\"https:\/\/avrupapress.com\/main\/wp-content\/uploads\/2020\/03\/Hasan-Ulusoy-a.jpg\",\"datePublished\":\"2020-04-08T21:20:35+00:00\",\"dateModified\":\"2022-04-11T16:13:46+00:00\",\"breadcrumb\":{\"@id\":\"https:\/\/avrupapress.com\/main\/2020\/04\/08\/t-c-bruksel-buyukelcisi-dr-hasan-ulusoyun-yaklasan-ramazan-ayi-baglaminda-belcikadaki-turk-toplumuna-mesaji\/#breadcrumb\"},\"inLanguage\":\"fr-BE\",\"potentialAction\":[{\"@type\":\"ReadAction\",\"target\":[\"https:\/\/avrupapress.com\/main\/2020\/04\/08\/t-c-bruksel-buyukelcisi-dr-hasan-ulusoyun-yaklasan-ramazan-ayi-baglaminda-belcikadaki-turk-toplumuna-mesaji\/\"]}]},{\"@type\":\"ImageObject\",\"inLanguage\":\"fr-BE\",\"@id\":\"https:\/\/avrupapress.com\/main\/2020\/04\/08\/t-c-bruksel-buyukelcisi-dr-hasan-ulusoyun-yaklasan-ramazan-ayi-baglaminda-belcikadaki-turk-toplumuna-mesaji\/#primaryimage\",\"url\":\"https:\/\/avrupapress.com\/main\/wp-content\/uploads\/2020\/03\/Hasan-Ulusoy-a.jpg\",\"contentUrl\":\"https:\/\/avrupapress.com\/main\/wp-content\/uploads\/2020\/03\/Hasan-Ulusoy-a.jpg\",\"width\":800,\"height\":753},{\"@type\":\"BreadcrumbList\",\"@id\":\"https:\/\/avrupapress.com\/main\/2020\/04\/08\/t-c-bruksel-buyukelcisi-dr-hasan-ulusoyun-yaklasan-ramazan-ayi-baglaminda-belcikadaki-turk-toplumuna-mesaji\/#breadcrumb\",\"itemListElement\":[{\"@type\":\"ListItem\",\"position\":1,\"name\":\"Anasayfa\",\"item\":\"https:\/\/avrupapress.com\/\"},{\"@type\":\"ListItem\",\"position\":2,\"name\":\"T.C. BR\u00dcKSEL B\u00dcY\u00dcKEL\u00c7\u0130S\u0130 DR.HASAN ULUSOY\u2019UN YAKLA\u015eAN RAMAZAN AYI BA\u011eLAMINDA BEL\u00c7\u0130KA\u2019DAK\u0130 T\u00dcRK TOPLUMUNA MESAJI\"}]},{\"@type\":\"WebSite\",\"@id\":\"https:\/\/avrupapress.com\/#website\",\"url\":\"https:\/\/avrupapress.com\/\",\"name\":\"AvrupaPress\",\"description\":\"Haberin Adresi\",\"publisher\":{\"@id\":\"https:\/\/avrupapress.com\/#\/schema\/person\/0223dca19c72c43575bf30d1a2d8f4fa\"},\"potentialAction\":[{\"@type\":\"SearchAction\",\"target\":{\"@type\":\"EntryPoint\",\"urlTemplate\":\"https:\/\/avrupapress.com\/?s={search_term_string}\"},\"query-input\":{\"@type\":\"PropertyValueSpecification\",\"valueRequired\":true,\"valueName\":\"search_term_string\"}}],\"inLanguage\":\"fr-BE\"},{\"@type\":[\"Person\",\"Organization\"],\"@id\":\"https:\/\/avrupapress.com\/#\/schema\/person\/0223dca19c72c43575bf30d1a2d8f4fa\",\"name\":\"Bilgin \u00d6z\u00e7ift\u00e7i\",\"image\":{\"@type\":\"ImageObject\",\"inLanguage\":\"fr-BE\",\"@id\":\"https:\/\/avrupapress.com\/#\/schema\/person\/image\/\",\"url\":\"https:\/\/secure.gravatar.com\/avatar\/0f23b280433a21e1ea7a0adcc46ed0ad16afe3ad8e630fd13d8a017dcbd54ef3?s=96&d=mm&r=g\",\"contentUrl\":\"https:\/\/secure.gravatar.com\/avatar\/0f23b280433a21e1ea7a0adcc46ed0ad16afe3ad8e630fd13d8a017dcbd54ef3?s=96&d=mm&r=g\",\"caption\":\"Bilgin \u00d6z\u00e7ift\u00e7i\"},\"logo\":{\"@id\":\"https:\/\/avrupapress.com\/#\/schema\/person\/image\/\"},\"description\":\"Ne ben, nede sen... Biz ancak \\\"biz\\\" olursak g\u00fc\u00e7l\u00fc olabiliriz\"},{\"@type\":\"Person\",\"@id\":\"https:\/\/avrupapress.com\/#\/schema\/person\/68428444ec60970d1e1b700cf4ca1e8f\",\"name\":\"Edit\u00f6r\",\"image\":{\"@type\":\"ImageObject\",\"inLanguage\":\"fr-BE\",\"@id\":\"https:\/\/avrupapress.com\/#\/schema\/person\/image\/\",\"url\":\"https:\/\/secure.gravatar.com\/avatar\/74996b0977aa5f1559ba9883776652508b229005c0d78fb2597897f0bd651c09?s=96&d=mm&r=g\",\"contentUrl\":\"https:\/\/secure.gravatar.com\/avatar\/74996b0977aa5f1559ba9883776652508b229005c0d78fb2597897f0bd651c09?s=96&d=mm&r=g\",\"caption\":\"Edit\u00f6r\"},\"sameAs\":[\"http:\/\/www.avrupapress.com\"],\"url\":\"https:\/\/avrupapress.com\/main\/author\/editor\/\"}]}<\/script>\n<!-- \/ Yoast SEO plugin. -->","yoast_head_json":{"title":"T.C. BR\u00dcKSEL B\u00dcY\u00dcKEL\u00c7\u0130S\u0130 DR.HASAN ULUSOY\u2019UN YAKLA\u015eAN RAMAZAN AYI BA\u011eLAMINDA BEL\u00c7\u0130KA\u2019DAK\u0130 T\u00dcRK TOPLUMUNA MESAJI - AvrupaPress","robots":{"index":"index","follow":"follow","max-snippet":"max-snippet:-1","max-image-preview":"max-image-preview:large","max-video-preview":"max-video-preview:-1"},"canonical":"https:\/\/avrupapress.com\/main\/2020\/04\/08\/t-c-bruksel-buyukelcisi-dr-hasan-ulusoyun-yaklasan-ramazan-ayi-baglaminda-belcikadaki-turk-toplumuna-mesaji\/","og_locale":"fr_FR","og_type":"article","og_title":"T.C. BR\u00dcKSEL B\u00dcY\u00dcKEL\u00c7\u0130S\u0130 DR.HASAN ULUSOY\u2019UN YAKLA\u015eAN RAMAZAN AYI BA\u011eLAMINDA BEL\u00c7\u0130KA\u2019DAK\u0130 T\u00dcRK TOPLUMUNA MESAJI - AvrupaPress","og_description":"Korona vir\u00fcs (covid-19) salg\u0131n\u0131 ile m\u00fccadele edildi\u011fi bu zor d\u00f6nemde toplumsal dayan\u0131\u015fma ve yard\u0131mla\u015fma bu gibi insani krizlere kar\u015f\u0131 \u00f6zel \u00f6nem ta\u015f\u0131makta. kad\u0131k\u00f6y escort bostanc\u0131 escort ata\u015fehir escort anadolu yakas\u0131 escort pendik escort kurtk\u00f6y escort maltepe escort kartal escort anadolu yakas\u0131 escort antalya escort antalya escort ankara escort ata\u015fehir escort kad\u0131k\u00f6y escort bostanc\u0131 escort escort [&hellip;]","og_url":"https:\/\/avrupapress.com\/main\/2020\/04\/08\/t-c-bruksel-buyukelcisi-dr-hasan-ulusoyun-yaklasan-ramazan-ayi-baglaminda-belcikadaki-turk-toplumuna-mesaji\/","og_site_name":"AvrupaPress","article_published_time":"2020-04-08T21:20:35+00:00","article_modified_time":"2022-04-11T16:13:46+00:00","og_image":[{"width":800,"height":753,"url":"https:\/\/avrupapress.com\/main\/wp-content\/uploads\/2020\/03\/Hasan-Ulusoy-a.jpg","type":"image\/jpeg"}],"author":"Edit\u00f6r","twitter_card":"summary_large_image","twitter_misc":{"\u00c9crit par":"Edit\u00f6r","Dur\u00e9e de lecture est.":"3 minutes"},"schema":{"@context":"https:\/\/schema.org","@graph":[{"@type":"Article","@id":"https:\/\/avrupapress.com\/main\/2020\/04\/08\/t-c-bruksel-buyukelcisi-dr-hasan-ulusoyun-yaklasan-ramazan-ayi-baglaminda-belcikadaki-turk-toplumuna-mesaji\/#article","isPartOf":{"@id":"https:\/\/avrupapress.com\/main\/2020\/04\/08\/t-c-bruksel-buyukelcisi-dr-hasan-ulusoyun-yaklasan-ramazan-ayi-baglaminda-belcikadaki-turk-toplumuna-mesaji\/"},"author":{"name":"Edit\u00f6r","@id":"https:\/\/avrupapress.com\/#\/schema\/person\/68428444ec60970d1e1b700cf4ca1e8f"},"headline":"T.C. BR\u00dcKSEL B\u00dcY\u00dcKEL\u00c7\u0130S\u0130 DR.HASAN ULUSOY\u2019UN YAKLA\u015eAN RAMAZAN AYI BA\u011eLAMINDA BEL\u00c7\u0130KA\u2019DAK\u0130 T\u00dcRK TOPLUMUNA MESAJI","datePublished":"2020-04-08T21:20:35+00:00","dateModified":"2022-04-11T16:13:46+00:00","mainEntityOfPage":{"@id":"https:\/\/avrupapress.com\/main\/2020\/04\/08\/t-c-bruksel-buyukelcisi-dr-hasan-ulusoyun-yaklasan-ramazan-ayi-baglaminda-belcikadaki-turk-toplumuna-mesaji\/"},"wordCount":609,"publisher":{"@id":"https:\/\/avrupapress.com\/#\/schema\/person\/0223dca19c72c43575bf30d1a2d8f4fa"},"image":{"@id":"https:\/\/avrupapress.com\/main\/2020\/04\/08\/t-c-bruksel-buyukelcisi-dr-hasan-ulusoyun-yaklasan-ramazan-ayi-baglaminda-belcikadaki-turk-toplumuna-mesaji\/#primaryimage"},"thumbnailUrl":"https:\/\/avrupapress.com\/main\/wp-content\/uploads\/2020\/03\/Hasan-Ulusoy-a.jpg","keywords":["T.C. BR\u00dcKSEL B\u00dcY\u00dcKEL\u00c7\u0130S\u0130 DR.HASAN ULUSOY\u2019UN YAKLA\u015eAN RAMAZAN AYI BA\u011eLAMINDA BEL\u00c7\u0130KA\u2019DAK\u0130 T\u00dcRK TOPLUMUNA MESAJI"],"articleSection":["Avrupa","Bel\u00e7ika","D\u00fcnya","Ekonomi","K\u00fclt\u00fcr-Sanat","Spor","Tan\u0131t\u0131m","T\u00fcrkiye","Uncategorized"],"inLanguage":"fr-BE"},{"@type":"WebPage","@id":"https:\/\/avrupapress.com\/main\/2020\/04\/08\/t-c-bruksel-buyukelcisi-dr-hasan-ulusoyun-yaklasan-ramazan-ayi-baglaminda-belcikadaki-turk-toplumuna-mesaji\/","url":"https:\/\/avrupapress.com\/main\/2020\/04\/08\/t-c-bruksel-buyukelcisi-dr-hasan-ulusoyun-yaklasan-ramazan-ayi-baglaminda-belcikadaki-turk-toplumuna-mesaji\/","name":"T.C. BR\u00dcKSEL B\u00dcY\u00dcKEL\u00c7\u0130S\u0130 DR.HASAN ULUSOY\u2019UN YAKLA\u015eAN RAMAZAN AYI BA\u011eLAMINDA BEL\u00c7\u0130KA\u2019DAK\u0130 T\u00dcRK TOPLUMUNA MESAJI - AvrupaPress","isPartOf":{"@id":"https:\/\/avrupapress.com\/#website"},"primaryImageOfPage":{"@id":"https:\/\/avrupapress.com\/main\/2020\/04\/08\/t-c-bruksel-buyukelcisi-dr-hasan-ulusoyun-yaklasan-ramazan-ayi-baglaminda-belcikadaki-turk-toplumuna-mesaji\/#primaryimage"},"image":{"@id":"https:\/\/avrupapress.com\/main\/2020\/04\/08\/t-c-bruksel-buyukelcisi-dr-hasan-ulusoyun-yaklasan-ramazan-ayi-baglaminda-belcikadaki-turk-toplumuna-mesaji\/#primaryimage"},"thumbnailUrl":"https:\/\/avrupapress.com\/main\/wp-content\/uploads\/2020\/03\/Hasan-Ulusoy-a.jpg","datePublished":"2020-04-08T21:20:35+00:00","dateModified":"2022-04-11T16:13:46+00:00","breadcrumb":{"@id":"https:\/\/avrupapress.com\/main\/2020\/04\/08\/t-c-bruksel-buyukelcisi-dr-hasan-ulusoyun-yaklasan-ramazan-ayi-baglaminda-belcikadaki-turk-toplumuna-mesaji\/#breadcrumb"},"inLanguage":"fr-BE","potentialAction":[{"@type":"ReadAction","target":["https:\/\/avrupapress.com\/main\/2020\/04\/08\/t-c-bruksel-buyukelcisi-dr-hasan-ulusoyun-yaklasan-ramazan-ayi-baglaminda-belcikadaki-turk-toplumuna-mesaji\/"]}]},{"@type":"ImageObject","inLanguage":"fr-BE","@id":"https:\/\/avrupapress.com\/main\/2020\/04\/08\/t-c-bruksel-buyukelcisi-dr-hasan-ulusoyun-yaklasan-ramazan-ayi-baglaminda-belcikadaki-turk-toplumuna-mesaji\/#primaryimage","url":"https:\/\/avrupapress.com\/main\/wp-content\/uploads\/2020\/03\/Hasan-Ulusoy-a.jpg","contentUrl":"https:\/\/avrupapress.com\/main\/wp-content\/uploads\/2020\/03\/Hasan-Ulusoy-a.jpg","width":800,"height":753},{"@type":"BreadcrumbList","@id":"https:\/\/avrupapress.com\/main\/2020\/04\/08\/t-c-bruksel-buyukelcisi-dr-hasan-ulusoyun-yaklasan-ramazan-ayi-baglaminda-belcikadaki-turk-toplumuna-mesaji\/#breadcrumb","itemListElement":[{"@type":"ListItem","position":1,"name":"Anasayfa","item":"https:\/\/avrupapress.com\/"},{"@type":"ListItem","position":2,"name":"T.C. BR\u00dcKSEL B\u00dcY\u00dcKEL\u00c7\u0130S\u0130 DR.HASAN ULUSOY\u2019UN YAKLA\u015eAN RAMAZAN AYI BA\u011eLAMINDA BEL\u00c7\u0130KA\u2019DAK\u0130 T\u00dcRK TOPLUMUNA MESAJI"}]},{"@type":"WebSite","@id":"https:\/\/avrupapress.com\/#website","url":"https:\/\/avrupapress.com\/","name":"AvrupaPress","description":"Haberin Adresi","publisher":{"@id":"https:\/\/avrupapress.com\/#\/schema\/person\/0223dca19c72c43575bf30d1a2d8f4fa"},"potentialAction":[{"@type":"SearchAction","target":{"@type":"EntryPoint","urlTemplate":"https:\/\/avrupapress.com\/?s={search_term_string}"},"query-input":{"@type":"PropertyValueSpecification","valueRequired":true,"valueName":"search_term_string"}}],"inLanguage":"fr-BE"},{"@type":["Person","Organization"],"@id":"https:\/\/avrupapress.com\/#\/schema\/person\/0223dca19c72c43575bf30d1a2d8f4fa","name":"Bilgin \u00d6z\u00e7ift\u00e7i","image":{"@type":"ImageObject","inLanguage":"fr-BE","@id":"https:\/\/avrupapress.com\/#\/schema\/person\/image\/","url":"https:\/\/secure.gravatar.com\/avatar\/0f23b280433a21e1ea7a0adcc46ed0ad16afe3ad8e630fd13d8a017dcbd54ef3?s=96&d=mm&r=g","contentUrl":"https:\/\/secure.gravatar.com\/avatar\/0f23b280433a21e1ea7a0adcc46ed0ad16afe3ad8e630fd13d8a017dcbd54ef3?s=96&d=mm&r=g","caption":"Bilgin \u00d6z\u00e7ift\u00e7i"},"logo":{"@id":"https:\/\/avrupapress.com\/#\/schema\/person\/image\/"},"description":"Ne ben, nede sen... Biz ancak \"biz\" olursak g\u00fc\u00e7l\u00fc olabiliriz"},{"@type":"Person","@id":"https:\/\/avrupapress.com\/#\/schema\/person\/68428444ec60970d1e1b700cf4ca1e8f","name":"Edit\u00f6r","image":{"@type":"ImageObject","inLanguage":"fr-BE","@id":"https:\/\/avrupapress.com\/#\/schema\/person\/image\/","url":"https:\/\/secure.gravatar.com\/avatar\/74996b0977aa5f1559ba9883776652508b229005c0d78fb2597897f0bd651c09?s=96&d=mm&r=g","contentUrl":"https:\/\/secure.gravatar.com\/avatar\/74996b0977aa5f1559ba9883776652508b229005c0d78fb2597897f0bd651c09?s=96&d=mm&r=g","caption":"Edit\u00f6r"},"sameAs":["http:\/\/www.avrupapress.com"],"url":"https:\/\/avrupapress.com\/main\/author\/editor\/"}]}},"_links":{"self":[{"href":"https:\/\/avrupapress.com\/main\/wp-json\/wp\/v2\/posts\/11183","targetHints":{"allow":["GET"]}}],"collection":[{"href":"https:\/\/avrupapress.com\/main\/wp-json\/wp\/v2\/posts"}],"about":[{"href":"https:\/\/avrupapress.com\/main\/wp-json\/wp\/v2\/types\/post"}],"author":[{"embeddable":true,"href":"https:\/\/avrupapress.com\/main\/wp-json\/wp\/v2\/users\/3"}],"replies":[{"embeddable":true,"href":"https:\/\/avrupapress.com\/main\/wp-json\/wp\/v2\/comments?post=11183"}],"version-history":[{"count":3,"href":"https:\/\/avrupapress.com\/main\/wp-json\/wp\/v2\/posts\/11183\/revisions"}],"predecessor-version":[{"id":18443,"href":"https:\/\/avrupapress.com\/main\/wp-json\/wp\/v2\/posts\/11183\/revisions\/18443"}],"wp:featuredmedia":[{"embeddable":true,"href":"https:\/\/avrupapress.com\/main\/wp-json\/wp\/v2\/media\/10931"}],"wp:attachment":[{"href":"https:\/\/avrupapress.com\/main\/wp-json\/wp\/v2\/media?parent=11183"}],"wp:term":[{"taxonomy":"category","embeddable":true,"href":"https:\/\/avrupapress.com\/main\/wp-json\/wp\/v2\/categories?post=11183"},{"taxonomy":"post_tag","embeddable":true,"href":"https:\/\/avrupapress.com\/main\/wp-json\/wp\/v2\/tags?post=11183"}],"curies":[{"name":"wp","href":"https:\/\/api.w.org\/{rel}","templated":true}]}}