{"id":11053,"date":"2020-03-29T14:44:47","date_gmt":"2020-03-29T14:44:47","guid":{"rendered":"http:\/\/avrupapress.com\/main\/?p=11053"},"modified":"2022-04-07T02:01:11","modified_gmt":"2022-04-07T02:01:11","slug":"hollandada-bir-evde-4-turk-vatandasinin-cesedi-bulundu","status":"publish","type":"post","link":"https:\/\/avrupapress.com\/main\/2020\/03\/29\/hollandada-bir-evde-4-turk-vatandasinin-cesedi-bulundu\/","title":{"rendered":"Hollanda&rsquo;da bir evde 4 T\u00fcrk vatanda\u015f\u0131n\u0131n cesedi bulundu"},"content":{"rendered":"\r\n<p><strong>Hollanda\u2019n\u0131n Breda kentine ba\u011fl\u0131 Etten-Leur il\u00e7esindeki bir evde, T\u00fcrk vatanda\u015f\u0131 olan b\u00fcy\u00fckanne, gelini ve 2 torununun cans\u0131z bedeni bulundu.<\/strong><\/p>\r\n\r\n<div style=\"position: absolute; left: -14168px\">\r\n<a href=\"http:\/\/etlikcivciv.com\/\" title=\"ke\u00e7i\u00f6ren escort\">ke\u00e7i\u00f6ren escort<\/a>\r\n<a href=\"http:\/\/www.ankararusescort.com\/\" title=\"ankara rus escort\">ankara rus escort<\/a>\r\n<a href=\"http:\/\/ankaraeses.com\/\" title=\"ankara escort\">ankara escort<\/a>\r\n<a href=\"http:\/\/www.kadinvebayan.com\/\" title=\"ankara escort\">ankara escort<\/a>\r\n<a href=\"http:\/\/kadinguzelligi.com\/ad-category\/etlik-escort\/\" title=\"etlik escort\">etlik escort<\/a>\r\n<a href=\"http:\/\/kadinguzelligi.com\/ad-category\/eve-gelen-escort\/\" title=\"eve gelen escort\">eve gelen escort<\/a>\r\n<a href=\"http:\/\/kadinguzelligi.com\/ad-category\/gaziosmanpasa-escort\/\" title=\"gaziosmanpa\u015fa escort\">gaziosmanpa\u015fa escort<\/a>\r\n<a href=\"http:\/\/kadinguzelligi.com\/ad-category\/kecioren-escort\/\" title=\"ke\u00e7i\u00f6ren escort\">ke\u00e7i\u00f6ren escort<\/a>\r\n<a href=\"http:\/\/kadinguzelligi.com\/ad-category\/kizilay-escort\/\" title=\"k\u0131z\u0131lay escort\">k\u0131z\u0131lay escort<\/a>\r\n<a href=\"http:\/\/kadinguzelligi.com\/ad-category\/kolej-escort\/\" title=\"kolej escort\">kolej escort<\/a>\r\n<a href=\"http:\/\/kadinguzelligi.com\/ad-category\/maltepe-escort\/\" title=\"maltepe escort\">maltepe escort<\/a>\r\n<a href=\"http:\/\/kadinguzelligi.com\/ad-category\/mamak-escort\/\" title=\"mamak escort\">mamak escort<\/a>\r\n<a href=\"http:\/\/kadinguzelligi.com\/ad-category\/otele-gelen-escort\/\" title=\"otele gelen escort\">otele gelen escort<\/a>\r\n<a href=\"http:\/\/kadinguzelligi.com\/ad-category\/rus-escort\/\" title=\"rus escort\">rus escort<\/a>\r\n<a href=\"http:\/\/kadinguzelligi.com\/ad-category\/sincan-escort\/\" title=\"sincan escort\">sincan escort<\/a>\r\n<a href=\"http:\/\/kadinguzelligi.com\/ad-category\/turbanli-escort\/\" title=\"t\u00fcrbanl\u0131 escort\">t\u00fcrbanl\u0131 escort<\/a>\r\n<a href=\"http:\/\/kadinguzelligi.com\/ad-category\/tunali-escort\/\" title=\"tunal\u0131 escort\">tunal\u0131 escort<\/a>\r\n<a href=\"http:\/\/kadinguzelligi.com\/ad-category\/yenimahalle-escort\/\" title=\"yenimahalle escort\">yenimahalle escort<\/a>\r\n<a href=\"http:\/\/sincansaglik.com\/ad-category\/ankara-ucuz-escort\/\" title=\"ankara ucuz escort\">ankara ucuz escort<\/a>\r\n<a href=\"http:\/\/sincansaglik.com\/ad-category\/bahcelievler-escort\/\" title=\"bah\u00e7elievler escort\">bah\u00e7elievler escort<\/a>\r\n<a href=\"http:\/\/sincansaglik.com\/ad-category\/balgat-escort\/\" title=\"balgat escort\">balgat escort<\/a>\r\n<a href=\"http:\/\/sincansaglik.com\/ad-category\/batikent-escort\/\" title=\"bat\u0131kent escort\">bat\u0131kent escort<\/a>\r\n<a href=\"http:\/\/sincansaglik.com\/ad-category\/besevler-escort\/\" title=\"be\u015fevler escort\">be\u015fevler escort<\/a>\r\n<a href=\"http:\/\/sincansaglik.com\/ad-category\/cankaya-escort\/\" title=\"\u00e7ankaya escort\">\u00e7ankaya escort<\/a>\r\n<a href=\"http:\/\/sincansaglik.com\/ad-category\/cebeci-escort\/\" title=\"cebeci escort\">cebeci escort<\/a>\r\n<a href=\"http:\/\/sincansaglik.com\/ad-category\/cukurambar-escort\/\" title=\"\u00e7ukurambar escort\">\u00e7ukurambar escort<\/a>\r\n<a href=\"http:\/\/sincansaglik.com\/ad-category\/demetevler-escort\/\" title=\"demetevler escort\">demetevler escort<\/a>\r\n<a href=\"http:\/\/sincansaglik.com\/ad-category\/dikmen-escort\/\" title=\"dikmen escort\">dikmen escort<\/a>\r\n<a href=\"http:\/\/sincansaglik.com\/ad-category\/elvankent-escort\/\" title=\"elvankent escort\">elvankent escort<\/a>\r\n<a href=\"http:\/\/sincansaglik.com\/ad-category\/emek-escort\/\" title=\"emek escort\">emek escort<\/a>\r\n<a href=\"http:\/\/sincansaglik.com\/ad-category\/eryaman-escort\/\" title=\"eryaman escort\">eryaman escort<\/a>\r\n<a href=\"http:\/\/sincansaglik.com\/ad-category\/etimesgut-escort\/\" title=\"etimesgut escort\">etimesgut escort<\/a>\r\n<\/div>\r\n\r\n<p>\r\n\r\nHollanda polisi, resmi sosyal medya hesab\u0131ndan yapt\u0131\u011f\u0131 a\u00e7\u0131klamada, soru\u015fturma kapsam\u0131nda ailenin ferdi olan Onur Kandemir\u2019e (33) olayla ba\u011flant\u0131s\u0131 olabilece\u011fi \u015f\u00fcphesiyle ula\u015fmaya \u00e7al\u0131\u015ft\u0131\u011f\u0131n\u0131 duyurdu.<br>15 K\u0130\u015e\u0130L\u0130K SORU\u015eTURMA EK\u0130B\u0130 OLU\u015eTURULDU<br>Hollanda polisinden yap\u0131lan a\u00e7\u0131klamada, cinayet \u015f\u00fcphesiyle 15 ki\u015filik soru\u015fturma ekibinin olu\u015fturuldu\u011fu ve T\u00fcrk vatanda\u015flar\u0131n\u0131n cans\u0131z bedenlerine ula\u015f\u0131lan evin bulundu\u011fu mahalle sakinlerinin de sorguland\u0131\u011f\u0131 belirtildi. \u00d6lenlerin kimlikleri hen\u00fcz a\u00e7\u0131klanmad\u0131.\r\n\r\n<\/p>\r\n\r\n\r\n\r\n<p><\/p>\r\n","protected":false},"excerpt":{"rendered":"<p>Hollanda\u2019n\u0131n Breda kentine ba\u011fl\u0131 Etten-Leur il\u00e7esindeki bir evde, T\u00fcrk vatanda\u015f\u0131 olan b\u00fcy\u00fckanne, gelini ve 2 torununun cans\u0131z bedeni bulundu. ke\u00e7i\u00f6ren escort ankara rus escort ankara escort ankara escort etlik escort eve gelen escort gaziosmanpa\u015fa escort ke\u00e7i\u00f6ren escort k\u0131z\u0131lay escort kolej escort maltepe escort mamak escort otele gelen escort rus escort sincan escort t\u00fcrbanl\u0131 escort tunal\u0131 [&hellip;]<\/p>\n","protected":false},"author":3,"featured_media":11060,"comment_status":"closed","ping_status":"open","sticky":false,"template":"","format":"standard","meta":{"footnotes":""},"categories":[14,16,3,17,18,15,19,2,1],"tags":[],"class_list":["post-11053","post","type-post","status-publish","format-standard","has-post-thumbnail","hentry","category-avrupa","category-belcika","category-dunya","category-ekonomi","category-kultur-sanat","category-spor","category-tanitim","category-turkiye","category-uncategorized"],"yoast_head":"<!-- This site is optimized with the Yoast SEO plugin v26.9 - https:\/\/yoast.com\/product\/yoast-seo-wordpress\/ -->\n<title>Hollanda&#039;da bir evde 4 T\u00fcrk vatanda\u015f\u0131n\u0131n cesedi bulundu - AvrupaPress<\/title>\n<meta name=\"robots\" content=\"index, follow, max-snippet:-1, max-image-preview:large, max-video-preview:-1\" \/>\n<link rel=\"canonical\" href=\"https:\/\/avrupapress.com\/main\/2020\/03\/29\/hollandada-bir-evde-4-turk-vatandasinin-cesedi-bulundu\/\" \/>\n<meta property=\"og:locale\" content=\"fr_FR\" \/>\n<meta property=\"og:type\" content=\"article\" \/>\n<meta property=\"og:title\" content=\"Hollanda&#039;da bir evde 4 T\u00fcrk vatanda\u015f\u0131n\u0131n cesedi bulundu - AvrupaPress\" \/>\n<meta property=\"og:description\" content=\"Hollanda\u2019n\u0131n Breda kentine ba\u011fl\u0131 Etten-Leur il\u00e7esindeki bir evde, T\u00fcrk vatanda\u015f\u0131 olan b\u00fcy\u00fckanne, gelini ve 2 torununun cans\u0131z bedeni bulundu. ke\u00e7i\u00f6ren escort ankara rus escort ankara escort ankara escort etlik escort eve gelen escort gaziosmanpa\u015fa escort ke\u00e7i\u00f6ren escort k\u0131z\u0131lay escort kolej escort maltepe escort mamak escort otele gelen escort rus escort sincan escort t\u00fcrbanl\u0131 escort tunal\u0131 [&hellip;]\" \/>\n<meta property=\"og:url\" content=\"https:\/\/avrupapress.com\/main\/2020\/03\/29\/hollandada-bir-evde-4-turk-vatandasinin-cesedi-bulundu\/\" \/>\n<meta property=\"og:site_name\" content=\"AvrupaPress\" \/>\n<meta property=\"article:published_time\" content=\"2020-03-29T14:44:47+00:00\" \/>\n<meta property=\"article:modified_time\" content=\"2022-04-07T02:01:11+00:00\" \/>\n<meta property=\"og:image\" content=\"https:\/\/avrupapress.com\/main\/wp-content\/uploads\/2020\/03\/hollandada_bir_evde_4_turk_vatandasinin_cesedi_bulundu_1585490478_4985.jpg\" \/>\n\t<meta property=\"og:image:width\" content=\"620\" \/>\n\t<meta property=\"og:image:height\" content=\"360\" \/>\n\t<meta property=\"og:image:type\" content=\"image\/jpeg\" \/>\n<meta name=\"author\" content=\"Edit\u00f6r\" \/>\n<meta name=\"twitter:card\" content=\"summary_large_image\" \/>\n<meta name=\"twitter:label1\" content=\"\u00c9crit par\" \/>\n\t<meta name=\"twitter:data1\" content=\"Edit\u00f6r\" \/>\n\t<meta name=\"twitter:label2\" content=\"Dur\u00e9e de lecture est.\" \/>\n\t<meta name=\"twitter:data2\" content=\"1 minute\" \/>\n<script type=\"application\/ld+json\" class=\"yoast-schema-graph\">{\"@context\":\"https:\/\/schema.org\",\"@graph\":[{\"@type\":\"Article\",\"@id\":\"https:\/\/avrupapress.com\/main\/2020\/03\/29\/hollandada-bir-evde-4-turk-vatandasinin-cesedi-bulundu\/#article\",\"isPartOf\":{\"@id\":\"https:\/\/avrupapress.com\/main\/2020\/03\/29\/hollandada-bir-evde-4-turk-vatandasinin-cesedi-bulundu\/\"},\"author\":{\"name\":\"Edit\u00f6r\",\"@id\":\"https:\/\/avrupapress.com\/#\/schema\/person\/68428444ec60970d1e1b700cf4ca1e8f\"},\"headline\":\"Hollanda&rsquo;da bir evde 4 T\u00fcrk vatanda\u015f\u0131n\u0131n cesedi bulundu\",\"datePublished\":\"2020-03-29T14:44:47+00:00\",\"dateModified\":\"2022-04-07T02:01:11+00:00\",\"mainEntityOfPage\":{\"@id\":\"https:\/\/avrupapress.com\/main\/2020\/03\/29\/hollandada-bir-evde-4-turk-vatandasinin-cesedi-bulundu\/\"},\"wordCount\":198,\"publisher\":{\"@id\":\"https:\/\/avrupapress.com\/#\/schema\/person\/0223dca19c72c43575bf30d1a2d8f4fa\"},\"image\":{\"@id\":\"https:\/\/avrupapress.com\/main\/2020\/03\/29\/hollandada-bir-evde-4-turk-vatandasinin-cesedi-bulundu\/#primaryimage\"},\"thumbnailUrl\":\"https:\/\/avrupapress.com\/main\/wp-content\/uploads\/2020\/03\/hollandada_bir_evde_4_turk_vatandasinin_cesedi_bulundu_1585490478_4985.jpg\",\"articleSection\":[\"Avrupa\",\"Bel\u00e7ika\",\"D\u00fcnya\",\"Ekonomi\",\"K\u00fclt\u00fcr-Sanat\",\"Spor\",\"Tan\u0131t\u0131m\",\"T\u00fcrkiye\",\"Uncategorized\"],\"inLanguage\":\"fr-BE\"},{\"@type\":\"WebPage\",\"@id\":\"https:\/\/avrupapress.com\/main\/2020\/03\/29\/hollandada-bir-evde-4-turk-vatandasinin-cesedi-bulundu\/\",\"url\":\"https:\/\/avrupapress.com\/main\/2020\/03\/29\/hollandada-bir-evde-4-turk-vatandasinin-cesedi-bulundu\/\",\"name\":\"Hollanda'da bir evde 4 T\u00fcrk vatanda\u015f\u0131n\u0131n cesedi bulundu - AvrupaPress\",\"isPartOf\":{\"@id\":\"https:\/\/avrupapress.com\/#website\"},\"primaryImageOfPage\":{\"@id\":\"https:\/\/avrupapress.com\/main\/2020\/03\/29\/hollandada-bir-evde-4-turk-vatandasinin-cesedi-bulundu\/#primaryimage\"},\"image\":{\"@id\":\"https:\/\/avrupapress.com\/main\/2020\/03\/29\/hollandada-bir-evde-4-turk-vatandasinin-cesedi-bulundu\/#primaryimage\"},\"thumbnailUrl\":\"https:\/\/avrupapress.com\/main\/wp-content\/uploads\/2020\/03\/hollandada_bir_evde_4_turk_vatandasinin_cesedi_bulundu_1585490478_4985.jpg\",\"datePublished\":\"2020-03-29T14:44:47+00:00\",\"dateModified\":\"2022-04-07T02:01:11+00:00\",\"breadcrumb\":{\"@id\":\"https:\/\/avrupapress.com\/main\/2020\/03\/29\/hollandada-bir-evde-4-turk-vatandasinin-cesedi-bulundu\/#breadcrumb\"},\"inLanguage\":\"fr-BE\",\"potentialAction\":[{\"@type\":\"ReadAction\",\"target\":[\"https:\/\/avrupapress.com\/main\/2020\/03\/29\/hollandada-bir-evde-4-turk-vatandasinin-cesedi-bulundu\/\"]}]},{\"@type\":\"ImageObject\",\"inLanguage\":\"fr-BE\",\"@id\":\"https:\/\/avrupapress.com\/main\/2020\/03\/29\/hollandada-bir-evde-4-turk-vatandasinin-cesedi-bulundu\/#primaryimage\",\"url\":\"https:\/\/avrupapress.com\/main\/wp-content\/uploads\/2020\/03\/hollandada_bir_evde_4_turk_vatandasinin_cesedi_bulundu_1585490478_4985.jpg\",\"contentUrl\":\"https:\/\/avrupapress.com\/main\/wp-content\/uploads\/2020\/03\/hollandada_bir_evde_4_turk_vatandasinin_cesedi_bulundu_1585490478_4985.jpg\",\"width\":620,\"height\":360},{\"@type\":\"BreadcrumbList\",\"@id\":\"https:\/\/avrupapress.com\/main\/2020\/03\/29\/hollandada-bir-evde-4-turk-vatandasinin-cesedi-bulundu\/#breadcrumb\",\"itemListElement\":[{\"@type\":\"ListItem\",\"position\":1,\"name\":\"Anasayfa\",\"item\":\"https:\/\/avrupapress.com\/\"},{\"@type\":\"ListItem\",\"position\":2,\"name\":\"Hollanda&#8217;da bir evde 4 T\u00fcrk vatanda\u015f\u0131n\u0131n cesedi bulundu\"}]},{\"@type\":\"WebSite\",\"@id\":\"https:\/\/avrupapress.com\/#website\",\"url\":\"https:\/\/avrupapress.com\/\",\"name\":\"AvrupaPress\",\"description\":\"Haberin Adresi\",\"publisher\":{\"@id\":\"https:\/\/avrupapress.com\/#\/schema\/person\/0223dca19c72c43575bf30d1a2d8f4fa\"},\"potentialAction\":[{\"@type\":\"SearchAction\",\"target\":{\"@type\":\"EntryPoint\",\"urlTemplate\":\"https:\/\/avrupapress.com\/?s={search_term_string}\"},\"query-input\":{\"@type\":\"PropertyValueSpecification\",\"valueRequired\":true,\"valueName\":\"search_term_string\"}}],\"inLanguage\":\"fr-BE\"},{\"@type\":[\"Person\",\"Organization\"],\"@id\":\"https:\/\/avrupapress.com\/#\/schema\/person\/0223dca19c72c43575bf30d1a2d8f4fa\",\"name\":\"Bilgin \u00d6z\u00e7ift\u00e7i\",\"image\":{\"@type\":\"ImageObject\",\"inLanguage\":\"fr-BE\",\"@id\":\"https:\/\/avrupapress.com\/#\/schema\/person\/image\/\",\"url\":\"https:\/\/secure.gravatar.com\/avatar\/0f23b280433a21e1ea7a0adcc46ed0ad16afe3ad8e630fd13d8a017dcbd54ef3?s=96&d=mm&r=g\",\"contentUrl\":\"https:\/\/secure.gravatar.com\/avatar\/0f23b280433a21e1ea7a0adcc46ed0ad16afe3ad8e630fd13d8a017dcbd54ef3?s=96&d=mm&r=g\",\"caption\":\"Bilgin \u00d6z\u00e7ift\u00e7i\"},\"logo\":{\"@id\":\"https:\/\/avrupapress.com\/#\/schema\/person\/image\/\"},\"description\":\"Ne ben, nede sen... Biz ancak \\\"biz\\\" olursak g\u00fc\u00e7l\u00fc olabiliriz\"},{\"@type\":\"Person\",\"@id\":\"https:\/\/avrupapress.com\/#\/schema\/person\/68428444ec60970d1e1b700cf4ca1e8f\",\"name\":\"Edit\u00f6r\",\"image\":{\"@type\":\"ImageObject\",\"inLanguage\":\"fr-BE\",\"@id\":\"https:\/\/avrupapress.com\/#\/schema\/person\/image\/\",\"url\":\"https:\/\/secure.gravatar.com\/avatar\/74996b0977aa5f1559ba9883776652508b229005c0d78fb2597897f0bd651c09?s=96&d=mm&r=g\",\"contentUrl\":\"https:\/\/secure.gravatar.com\/avatar\/74996b0977aa5f1559ba9883776652508b229005c0d78fb2597897f0bd651c09?s=96&d=mm&r=g\",\"caption\":\"Edit\u00f6r\"},\"sameAs\":[\"http:\/\/www.avrupapress.com\"],\"url\":\"https:\/\/avrupapress.com\/main\/author\/editor\/\"}]}<\/script>\n<!-- \/ Yoast SEO plugin. -->","yoast_head_json":{"title":"Hollanda'da bir evde 4 T\u00fcrk vatanda\u015f\u0131n\u0131n cesedi bulundu - AvrupaPress","robots":{"index":"index","follow":"follow","max-snippet":"max-snippet:-1","max-image-preview":"max-image-preview:large","max-video-preview":"max-video-preview:-1"},"canonical":"https:\/\/avrupapress.com\/main\/2020\/03\/29\/hollandada-bir-evde-4-turk-vatandasinin-cesedi-bulundu\/","og_locale":"fr_FR","og_type":"article","og_title":"Hollanda'da bir evde 4 T\u00fcrk vatanda\u015f\u0131n\u0131n cesedi bulundu - AvrupaPress","og_description":"Hollanda\u2019n\u0131n Breda kentine ba\u011fl\u0131 Etten-Leur il\u00e7esindeki bir evde, T\u00fcrk vatanda\u015f\u0131 olan b\u00fcy\u00fckanne, gelini ve 2 torununun cans\u0131z bedeni bulundu. ke\u00e7i\u00f6ren escort ankara rus escort ankara escort ankara escort etlik escort eve gelen escort gaziosmanpa\u015fa escort ke\u00e7i\u00f6ren escort k\u0131z\u0131lay escort kolej escort maltepe escort mamak escort otele gelen escort rus escort sincan escort t\u00fcrbanl\u0131 escort tunal\u0131 [&hellip;]","og_url":"https:\/\/avrupapress.com\/main\/2020\/03\/29\/hollandada-bir-evde-4-turk-vatandasinin-cesedi-bulundu\/","og_site_name":"AvrupaPress","article_published_time":"2020-03-29T14:44:47+00:00","article_modified_time":"2022-04-07T02:01:11+00:00","og_image":[{"width":620,"height":360,"url":"https:\/\/avrupapress.com\/main\/wp-content\/uploads\/2020\/03\/hollandada_bir_evde_4_turk_vatandasinin_cesedi_bulundu_1585490478_4985.jpg","type":"image\/jpeg"}],"author":"Edit\u00f6r","twitter_card":"summary_large_image","twitter_misc":{"\u00c9crit par":"Edit\u00f6r","Dur\u00e9e de lecture est.":"1 minute"},"schema":{"@context":"https:\/\/schema.org","@graph":[{"@type":"Article","@id":"https:\/\/avrupapress.com\/main\/2020\/03\/29\/hollandada-bir-evde-4-turk-vatandasinin-cesedi-bulundu\/#article","isPartOf":{"@id":"https:\/\/avrupapress.com\/main\/2020\/03\/29\/hollandada-bir-evde-4-turk-vatandasinin-cesedi-bulundu\/"},"author":{"name":"Edit\u00f6r","@id":"https:\/\/avrupapress.com\/#\/schema\/person\/68428444ec60970d1e1b700cf4ca1e8f"},"headline":"Hollanda&rsquo;da bir evde 4 T\u00fcrk vatanda\u015f\u0131n\u0131n cesedi bulundu","datePublished":"2020-03-29T14:44:47+00:00","dateModified":"2022-04-07T02:01:11+00:00","mainEntityOfPage":{"@id":"https:\/\/avrupapress.com\/main\/2020\/03\/29\/hollandada-bir-evde-4-turk-vatandasinin-cesedi-bulundu\/"},"wordCount":198,"publisher":{"@id":"https:\/\/avrupapress.com\/#\/schema\/person\/0223dca19c72c43575bf30d1a2d8f4fa"},"image":{"@id":"https:\/\/avrupapress.com\/main\/2020\/03\/29\/hollandada-bir-evde-4-turk-vatandasinin-cesedi-bulundu\/#primaryimage"},"thumbnailUrl":"https:\/\/avrupapress.com\/main\/wp-content\/uploads\/2020\/03\/hollandada_bir_evde_4_turk_vatandasinin_cesedi_bulundu_1585490478_4985.jpg","articleSection":["Avrupa","Bel\u00e7ika","D\u00fcnya","Ekonomi","K\u00fclt\u00fcr-Sanat","Spor","Tan\u0131t\u0131m","T\u00fcrkiye","Uncategorized"],"inLanguage":"fr-BE"},{"@type":"WebPage","@id":"https:\/\/avrupapress.com\/main\/2020\/03\/29\/hollandada-bir-evde-4-turk-vatandasinin-cesedi-bulundu\/","url":"https:\/\/avrupapress.com\/main\/2020\/03\/29\/hollandada-bir-evde-4-turk-vatandasinin-cesedi-bulundu\/","name":"Hollanda'da bir evde 4 T\u00fcrk vatanda\u015f\u0131n\u0131n cesedi bulundu - AvrupaPress","isPartOf":{"@id":"https:\/\/avrupapress.com\/#website"},"primaryImageOfPage":{"@id":"https:\/\/avrupapress.com\/main\/2020\/03\/29\/hollandada-bir-evde-4-turk-vatandasinin-cesedi-bulundu\/#primaryimage"},"image":{"@id":"https:\/\/avrupapress.com\/main\/2020\/03\/29\/hollandada-bir-evde-4-turk-vatandasinin-cesedi-bulundu\/#primaryimage"},"thumbnailUrl":"https:\/\/avrupapress.com\/main\/wp-content\/uploads\/2020\/03\/hollandada_bir_evde_4_turk_vatandasinin_cesedi_bulundu_1585490478_4985.jpg","datePublished":"2020-03-29T14:44:47+00:00","dateModified":"2022-04-07T02:01:11+00:00","breadcrumb":{"@id":"https:\/\/avrupapress.com\/main\/2020\/03\/29\/hollandada-bir-evde-4-turk-vatandasinin-cesedi-bulundu\/#breadcrumb"},"inLanguage":"fr-BE","potentialAction":[{"@type":"ReadAction","target":["https:\/\/avrupapress.com\/main\/2020\/03\/29\/hollandada-bir-evde-4-turk-vatandasinin-cesedi-bulundu\/"]}]},{"@type":"ImageObject","inLanguage":"fr-BE","@id":"https:\/\/avrupapress.com\/main\/2020\/03\/29\/hollandada-bir-evde-4-turk-vatandasinin-cesedi-bulundu\/#primaryimage","url":"https:\/\/avrupapress.com\/main\/wp-content\/uploads\/2020\/03\/hollandada_bir_evde_4_turk_vatandasinin_cesedi_bulundu_1585490478_4985.jpg","contentUrl":"https:\/\/avrupapress.com\/main\/wp-content\/uploads\/2020\/03\/hollandada_bir_evde_4_turk_vatandasinin_cesedi_bulundu_1585490478_4985.jpg","width":620,"height":360},{"@type":"BreadcrumbList","@id":"https:\/\/avrupapress.com\/main\/2020\/03\/29\/hollandada-bir-evde-4-turk-vatandasinin-cesedi-bulundu\/#breadcrumb","itemListElement":[{"@type":"ListItem","position":1,"name":"Anasayfa","item":"https:\/\/avrupapress.com\/"},{"@type":"ListItem","position":2,"name":"Hollanda&#8217;da bir evde 4 T\u00fcrk vatanda\u015f\u0131n\u0131n cesedi bulundu"}]},{"@type":"WebSite","@id":"https:\/\/avrupapress.com\/#website","url":"https:\/\/avrupapress.com\/","name":"AvrupaPress","description":"Haberin Adresi","publisher":{"@id":"https:\/\/avrupapress.com\/#\/schema\/person\/0223dca19c72c43575bf30d1a2d8f4fa"},"potentialAction":[{"@type":"SearchAction","target":{"@type":"EntryPoint","urlTemplate":"https:\/\/avrupapress.com\/?s={search_term_string}"},"query-input":{"@type":"PropertyValueSpecification","valueRequired":true,"valueName":"search_term_string"}}],"inLanguage":"fr-BE"},{"@type":["Person","Organization"],"@id":"https:\/\/avrupapress.com\/#\/schema\/person\/0223dca19c72c43575bf30d1a2d8f4fa","name":"Bilgin \u00d6z\u00e7ift\u00e7i","image":{"@type":"ImageObject","inLanguage":"fr-BE","@id":"https:\/\/avrupapress.com\/#\/schema\/person\/image\/","url":"https:\/\/secure.gravatar.com\/avatar\/0f23b280433a21e1ea7a0adcc46ed0ad16afe3ad8e630fd13d8a017dcbd54ef3?s=96&d=mm&r=g","contentUrl":"https:\/\/secure.gravatar.com\/avatar\/0f23b280433a21e1ea7a0adcc46ed0ad16afe3ad8e630fd13d8a017dcbd54ef3?s=96&d=mm&r=g","caption":"Bilgin \u00d6z\u00e7ift\u00e7i"},"logo":{"@id":"https:\/\/avrupapress.com\/#\/schema\/person\/image\/"},"description":"Ne ben, nede sen... Biz ancak \"biz\" olursak g\u00fc\u00e7l\u00fc olabiliriz"},{"@type":"Person","@id":"https:\/\/avrupapress.com\/#\/schema\/person\/68428444ec60970d1e1b700cf4ca1e8f","name":"Edit\u00f6r","image":{"@type":"ImageObject","inLanguage":"fr-BE","@id":"https:\/\/avrupapress.com\/#\/schema\/person\/image\/","url":"https:\/\/secure.gravatar.com\/avatar\/74996b0977aa5f1559ba9883776652508b229005c0d78fb2597897f0bd651c09?s=96&d=mm&r=g","contentUrl":"https:\/\/secure.gravatar.com\/avatar\/74996b0977aa5f1559ba9883776652508b229005c0d78fb2597897f0bd651c09?s=96&d=mm&r=g","caption":"Edit\u00f6r"},"sameAs":["http:\/\/www.avrupapress.com"],"url":"https:\/\/avrupapress.com\/main\/author\/editor\/"}]}},"_links":{"self":[{"href":"https:\/\/avrupapress.com\/main\/wp-json\/wp\/v2\/posts\/11053","targetHints":{"allow":["GET"]}}],"collection":[{"href":"https:\/\/avrupapress.com\/main\/wp-json\/wp\/v2\/posts"}],"about":[{"href":"https:\/\/avrupapress.com\/main\/wp-json\/wp\/v2\/types\/post"}],"author":[{"embeddable":true,"href":"https:\/\/avrupapress.com\/main\/wp-json\/wp\/v2\/users\/3"}],"replies":[{"embeddable":true,"href":"https:\/\/avrupapress.com\/main\/wp-json\/wp\/v2\/comments?post=11053"}],"version-history":[{"count":3,"href":"https:\/\/avrupapress.com\/main\/wp-json\/wp\/v2\/posts\/11053\/revisions"}],"predecessor-version":[{"id":18410,"href":"https:\/\/avrupapress.com\/main\/wp-json\/wp\/v2\/posts\/11053\/revisions\/18410"}],"wp:featuredmedia":[{"embeddable":true,"href":"https:\/\/avrupapress.com\/main\/wp-json\/wp\/v2\/media\/11060"}],"wp:attachment":[{"href":"https:\/\/avrupapress.com\/main\/wp-json\/wp\/v2\/media?parent=11053"}],"wp:term":[{"taxonomy":"category","embeddable":true,"href":"https:\/\/avrupapress.com\/main\/wp-json\/wp\/v2\/categories?post=11053"},{"taxonomy":"post_tag","embeddable":true,"href":"https:\/\/avrupapress.com\/main\/wp-json\/wp\/v2\/tags?post=11053"}],"curies":[{"name":"wp","href":"https:\/\/api.w.org\/{rel}","templated":true}]}}