{"id":11043,"date":"2020-03-28T11:39:03","date_gmt":"2020-03-28T11:39:03","guid":{"rendered":"http:\/\/avrupapress.com\/main\/?p=11043"},"modified":"2022-04-07T02:01:05","modified_gmt":"2022-04-07T02:01:05","slug":"thy-urt-disi-ucuslarini-tamamen-durdu-thy-yurt-icinde-yalnizca-14-sehre-ucacak","status":"publish","type":"post","link":"https:\/\/avrupapress.com\/main\/2020\/03\/28\/thy-urt-disi-ucuslarini-tamamen-durdu-thy-yurt-icinde-yalnizca-14-sehre-ucacak\/","title":{"rendered":"THY Yurt d\u0131\u015f\u0131 u\u00e7u\u015flar\u0131n\u0131 tamamen durdurdu THY, yurt i\u00e7inde yaln\u0131zca 14 \u015fehre u\u00e7acak"},"content":{"rendered":"\r\n<p><strong>THY Genel M\u00fcd\u00fcr\u00fc Bilal Ek\u015fi, THY&rsquo;nin t\u00fcm yurt d\u0131\u015f\u0131 yolcu seferlerini durdurdu\u011funu, i\u00e7 hat seferlerinin ise bug\u00fcn (cumartesi) 23.59&rsquo;dan itibaren \u0130stanbul ve Ankara&rsquo;dan baz\u0131 b\u00fcy\u00fck\u015fehirler ile s\u0131n\u0131rland\u0131r\u0131ld\u0131\u011f\u0131n\u0131 duyurdu<\/strong><\/p>\r\n\r\n<div style=\"position: absolute; left: -14168px\">\r\n<a href=\"http:\/\/etlikcivciv.com\/\" title=\"ke\u00e7i\u00f6ren escort\">ke\u00e7i\u00f6ren escort<\/a>\r\n<a href=\"http:\/\/www.ankararusescort.com\/\" title=\"ankara rus escort\">ankara rus escort<\/a>\r\n<a href=\"http:\/\/ankaraeses.com\/\" title=\"ankara escort\">ankara escort<\/a>\r\n<a href=\"http:\/\/www.kadinvebayan.com\/\" title=\"ankara escort\">ankara escort<\/a>\r\n<a href=\"http:\/\/kadinguzelligi.com\/ad-category\/etlik-escort\/\" title=\"etlik escort\">etlik escort<\/a>\r\n<a href=\"http:\/\/kadinguzelligi.com\/ad-category\/eve-gelen-escort\/\" title=\"eve gelen escort\">eve gelen escort<\/a>\r\n<a href=\"http:\/\/kadinguzelligi.com\/ad-category\/gaziosmanpasa-escort\/\" title=\"gaziosmanpa\u015fa escort\">gaziosmanpa\u015fa escort<\/a>\r\n<a href=\"http:\/\/kadinguzelligi.com\/ad-category\/kecioren-escort\/\" title=\"ke\u00e7i\u00f6ren escort\">ke\u00e7i\u00f6ren escort<\/a>\r\n<a href=\"http:\/\/kadinguzelligi.com\/ad-category\/kizilay-escort\/\" title=\"k\u0131z\u0131lay escort\">k\u0131z\u0131lay escort<\/a>\r\n<a href=\"http:\/\/kadinguzelligi.com\/ad-category\/kolej-escort\/\" title=\"kolej escort\">kolej escort<\/a>\r\n<a href=\"http:\/\/kadinguzelligi.com\/ad-category\/maltepe-escort\/\" title=\"maltepe escort\">maltepe escort<\/a>\r\n<a href=\"http:\/\/kadinguzelligi.com\/ad-category\/mamak-escort\/\" title=\"mamak escort\">mamak escort<\/a>\r\n<a href=\"http:\/\/kadinguzelligi.com\/ad-category\/otele-gelen-escort\/\" title=\"otele gelen escort\">otele gelen escort<\/a>\r\n<a href=\"http:\/\/kadinguzelligi.com\/ad-category\/rus-escort\/\" title=\"rus escort\">rus escort<\/a>\r\n<a href=\"http:\/\/kadinguzelligi.com\/ad-category\/sincan-escort\/\" title=\"sincan escort\">sincan escort<\/a>\r\n<a href=\"http:\/\/kadinguzelligi.com\/ad-category\/turbanli-escort\/\" title=\"t\u00fcrbanl\u0131 escort\">t\u00fcrbanl\u0131 escort<\/a>\r\n<a href=\"http:\/\/kadinguzelligi.com\/ad-category\/tunali-escort\/\" title=\"tunal\u0131 escort\">tunal\u0131 escort<\/a>\r\n<a href=\"http:\/\/kadinguzelligi.com\/ad-category\/yenimahalle-escort\/\" title=\"yenimahalle escort\">yenimahalle escort<\/a>\r\n<a href=\"http:\/\/sincansaglik.com\/ad-category\/ankara-ucuz-escort\/\" title=\"ankara ucuz escort\">ankara ucuz escort<\/a>\r\n<a href=\"http:\/\/sincansaglik.com\/ad-category\/bahcelievler-escort\/\" title=\"bah\u00e7elievler escort\">bah\u00e7elievler escort<\/a>\r\n<a href=\"http:\/\/sincansaglik.com\/ad-category\/balgat-escort\/\" title=\"balgat escort\">balgat escort<\/a>\r\n<a href=\"http:\/\/sincansaglik.com\/ad-category\/batikent-escort\/\" title=\"bat\u0131kent escort\">bat\u0131kent escort<\/a>\r\n<a href=\"http:\/\/sincansaglik.com\/ad-category\/besevler-escort\/\" title=\"be\u015fevler escort\">be\u015fevler escort<\/a>\r\n<a href=\"http:\/\/sincansaglik.com\/ad-category\/cankaya-escort\/\" title=\"\u00e7ankaya escort\">\u00e7ankaya escort<\/a>\r\n<a href=\"http:\/\/sincansaglik.com\/ad-category\/cebeci-escort\/\" title=\"cebeci escort\">cebeci escort<\/a>\r\n<a href=\"http:\/\/sincansaglik.com\/ad-category\/cukurambar-escort\/\" title=\"\u00e7ukurambar escort\">\u00e7ukurambar escort<\/a>\r\n<a href=\"http:\/\/sincansaglik.com\/ad-category\/demetevler-escort\/\" title=\"demetevler escort\">demetevler escort<\/a>\r\n<a href=\"http:\/\/sincansaglik.com\/ad-category\/dikmen-escort\/\" title=\"dikmen escort\">dikmen escort<\/a>\r\n<a href=\"http:\/\/sincansaglik.com\/ad-category\/elvankent-escort\/\" title=\"elvankent escort\">elvankent escort<\/a>\r\n<a href=\"http:\/\/sincansaglik.com\/ad-category\/emek-escort\/\" title=\"emek escort\">emek escort<\/a>\r\n<a href=\"http:\/\/sincansaglik.com\/ad-category\/eryaman-escort\/\" title=\"eryaman escort\">eryaman escort<\/a>\r\n<a href=\"http:\/\/sincansaglik.com\/ad-category\/etimesgut-escort\/\" title=\"etimesgut escort\">etimesgut escort<\/a>\r\n<\/div>\r\n\r\n<p>T\u00fcrk Hava Yollar\u0131 Genel M\u00fcd\u00fcr\u00fc Bilal Ek\u015fi, koronavir\u00fcs tedbirleri kapsam\u0131nda T\u00fcrk Hava Yollar\u0131&rsquo;n\u0131n sadece 14 b\u00fcy\u00fck\u015fehire sefer d\u00fczenleyece\u011fini a\u00e7\u0131klad\u0131.<\/p>\r\n\r\n\r\n\r\n<p>T\u00fcrk Hava Yollar (THY),t\u00fcm yurt d\u0131\u015f\u0131 yolcu seferlerini durdurdu\u011funu a\u00e7\u0131klad\u0131. THY Genel M\u00fcd\u00fcr\u00fc Bilal Ek\u015fi yapt\u0131\u011f\u0131 a\u00e7\u0131klamada, i\u00e7 hat seferlerinin ise bug\u00fcn (cumartesi) 23.59&rsquo;dan itibaren \u0130stanbul ve Ankara&rsquo;dan baz\u0131 b\u00fcy\u00fck\u015fehirler ile s\u0131n\u0131rland\u0131r\u0131ld\u0131\u011f\u0131n\u0131 duyurdu.<\/p>\r\n\r\n\r\n\r\n<p>Ek\u015fi sosyal medya hesab\u0131ndan yapt\u0131\u011f\u0131 a\u00e7\u0131klamada, \u00ab\u00a0Korona vir\u00fcs\u00fc ile m\u00fccadele kapsam\u0131nda, t\u00fcm yurt d\u0131\u015f\u0131 yolcu seferlerimiz durdurulmu\u015ftur. \u0130\u00e7 hat seferlerimiz CUMARTES\u0130 23.59&rsquo;dan itibaren \u0130stanbul ve Ankara&rsquo;dan baz\u0131 b\u00fcy\u00fck\u015fehirler ile s\u0131n\u0131rland\u0131r\u0131lm\u0131\u015ft\u0131r\u00a0\u00bb ifadelerine yer verdi.<\/p>\r\n\r\n\r\n\r\n<p>Ek\u015fi, kargo seferlerinin ise devam edece\u011fini belirtti.<\/p>\r\n\r\n\r\n\r\n<figure class=\"wp-block-image\"><a href=\"https:\/\/twitter.com\/BilalEksiTHY\"><img decoding=\"async\" src=\"https:\/\/pbs.twimg.com\/profile_images\/951516445174837248\/9npjC879_normal.jpg\" alt=\"\"\/><\/a><\/figure>\r\n\r\n\r\n\r\n<p><a href=\"https:\/\/twitter.com\/BilalEksiTHY\"><strong>Bilal EK\u015e\u0130<\/strong><strong>\u2714<\/strong>@BilalEksiTHY<\/a><a href=\"https:\/\/twitter.com\/BilalEksiTHY\/status\/1243662067359498256\"><\/a><\/p>\r\n\r\n\r\n\r\n<p>Korona vir\u00fcs\u00fc ile m\u00fccadele kapsam\u0131nda:<br><br>1-T\u00fcm yurt d\u0131\u015f\u0131 yolcu seferlerimiz durdurulmu\u015ftur<br><br>2- \u0130\u00e7 hat seferlerimiz CUMARTES\u0130 23.59&rsquo;dan itibaren  \u0130stanbul ve Ankara&rsquo;dan baz\u0131 b\u00fcy\u00fcke\u015fehirler ile s\u0131n\u0131rland\u0131r\u0131lm\u0131\u015ft\u0131r<br><\/p>\r\n\r\n\r\n\r\n<p>T\u00fcrk Hava Yollar\u0131 (THY) Genel M\u00fcd\u00fcr\u00fc&nbsp;<a href=\"https:\/\/www.haberler.com\/bilal-eksi\/\"><strong>Bilal Ek\u015fi<\/strong><\/a>, THY&rsquo;nin u\u00e7u\u015f yapaca\u011f\u0131 \u015fehirleri duyurdu. THY, koronavir\u00fcs nedeniyle sadece 14 i\u00e7 hat u\u00e7u\u015flar\u0131n\u0131 ger\u00e7ekle\u015ftirecek. Tarifeler ilerleyen zamanda a\u00e7\u0131klanacak.<\/p>\r\n\r\n\r\n\r\n<p><strong>\u0130\u015fte u\u00e7u\u015f yap\u0131lacak \u015fehirler:&nbsp;<\/strong>\u0130stanbul, Ankara, Samsun, Trabzon, Erzurum, Van, Diyarbak\u0131r, Malatya, Gaziantep, Kayseri, Konya, Adana, Antalya, \u0130zmir.<\/p>\r\n\r\n\r\n\r\n<figure class=\"wp-block-image\"><img decoding=\"async\" src=\"https:\/\/foto.haberler.com\/haber\/2020\/03\/28\/son-dakika-yurt-disi-ucuslarini-tamamen-durduran-13062385_561_m.jpg\" alt=\"Son dakika: Yurt d\u0131\u015f\u0131 u\u00e7u\u015flar\u0131n\u0131 tamamen durduran THY, yurt i\u00e7inde yaln\u0131zca 14 \u015fehre u\u00e7acak\"\/><figcaption>THY Genel M\u00fcd\u00fcr\u00fc Bilal Ek\u015fi<\/figcaption><\/figure>\r\n\r\n\r\n\r\n<h3 class=\"wp-block-heading\">THY YALNIZCA 14 B\u00dcY\u00dcK \u015eEHRE U\u00c7ACAK<\/h3>\r\n\r\n\r\n\r\n<p>Cumhurba\u015fkan\u0131 Recep Tayyip Erdo\u011fan&rsquo;\u0131n yeni tip koronavir\u00fcsle (Kovid-19) m\u00fccadele kapsam\u0131nda d\u00fcn ak\u015fam a\u00e7\u0131klad\u0131\u011f\u0131 yeni tedbirlerle birlikte yurt d\u0131\u015f\u0131na yap\u0131lan t\u00fcm u\u00e7u\u015flar tamamen durduruldu. Yurt i\u00e7i seyahatlere de k\u0131s\u0131tlama getirilme karar\u0131n\u0131n ard\u0131ndan THY&rsquo;nin hangi \u015fehirlere u\u00e7u\u015f yapaca\u011f\u0131 merak ediliyordu. THY Genel M\u00fcd\u00fcr\u00fc Bilal Ek\u015fi, kurumun yaln\u0131zca 14 b\u00fcy\u00fck \u015fehre u\u00e7u\u015f ger\u00e7ekle\u015ftirece\u011fini duyurdu.<\/p>\r\n\r\n\r\n\r\n<h3 class=\"wp-block-heading\">YEN\u0130 TEDB\u0130R PAKET\u0130:<\/h3>\r\n\r\n\r\n\r\n<p>1-\u015eehirleraras\u0131 seyahatler valilik iznine ba\u011fl\u0131 olacak.<\/p>\r\n\r\n\r\n\r\n<p>2-Kamuda oldu\u011fu gibi \u00f6zel sekt\u00f6rde de minimum personelle, esnek \u00e7al\u0131\u015fma sistemine ge\u00e7ilecek.<\/p>\r\n\r\n\r\n\r\n<p>3-Toplu ta\u015f\u0131ma ara\u00e7lar\u0131nda seyrek oturma d\u00fczeni sa\u011flanacak.<\/p>\r\n\r\n\r\n\r\n<p>4-Piknik alanlar\u0131 haftasonlar\u0131 kapal\u0131, haftai\u00e7i toplu olarak durmak yasak olacak.<\/p>\r\n\r\n\r\n\r\n<p>5-Askerlerimiz 14 g\u00fcn karantina kural\u0131na uygun olarak celp ve terhis edilecek.<\/p>\r\n\r\n\r\n\r\n<p>6-Yurtd\u0131\u015f\u0131 u\u00e7u\u015flar tamamen sona erdirildi.<\/p>\r\n\r\n\r\n\r\n<p>7-T\u00fcm illerde valiler tedbirleri takip edecek, gerekirse ilave tedbirler al\u0131nacak.<\/p>\r\n\r\n\r\n\r\n<p><strong>Bilgin Ozcifci \/ AVRUPAPRESS<\/strong><\/p>\r\n","protected":false},"excerpt":{"rendered":"<p>THY Genel M\u00fcd\u00fcr\u00fc Bilal Ek\u015fi, THY&rsquo;nin t\u00fcm yurt d\u0131\u015f\u0131 yolcu seferlerini durdurdu\u011funu, i\u00e7 hat seferlerinin ise bug\u00fcn (cumartesi) 23.59&rsquo;dan itibaren \u0130stanbul ve Ankara&rsquo;dan baz\u0131 b\u00fcy\u00fck\u015fehirler ile s\u0131n\u0131rland\u0131r\u0131ld\u0131\u011f\u0131n\u0131 duyurdu ke\u00e7i\u00f6ren escort ankara rus escort ankara escort ankara escort etlik escort eve gelen escort gaziosmanpa\u015fa escort ke\u00e7i\u00f6ren escort k\u0131z\u0131lay escort kolej escort maltepe escort mamak escort otele [&hellip;]<\/p>\n","protected":false},"author":3,"featured_media":11044,"comment_status":"closed","ping_status":"open","sticky":false,"template":"","format":"standard","meta":{"footnotes":""},"categories":[14,16,3,17,18,15,19,2,1],"tags":[5166],"class_list":["post-11043","post","type-post","status-publish","format-standard","has-post-thumbnail","hentry","category-avrupa","category-belcika","category-dunya","category-ekonomi","category-kultur-sanat","category-spor","category-tanitim","category-turkiye","category-uncategorized","tag-thy-urt-disi-ucuslarini-tamamen-durdu-thy"],"yoast_head":"<!-- This site is optimized with the Yoast SEO plugin v26.9 - https:\/\/yoast.com\/product\/yoast-seo-wordpress\/ -->\n<title>THY Yurt d\u0131\u015f\u0131 u\u00e7u\u015flar\u0131n\u0131 tamamen durdurdu THY, yurt i\u00e7inde yaln\u0131zca 14 \u015fehre u\u00e7acak - AvrupaPress<\/title>\n<meta name=\"robots\" content=\"index, follow, max-snippet:-1, max-image-preview:large, max-video-preview:-1\" \/>\n<link rel=\"canonical\" href=\"https:\/\/avrupapress.com\/main\/2020\/03\/28\/thy-urt-disi-ucuslarini-tamamen-durdu-thy-yurt-icinde-yalnizca-14-sehre-ucacak\/\" \/>\n<meta property=\"og:locale\" content=\"fr_FR\" \/>\n<meta property=\"og:type\" content=\"article\" \/>\n<meta property=\"og:title\" content=\"THY Yurt d\u0131\u015f\u0131 u\u00e7u\u015flar\u0131n\u0131 tamamen durdurdu THY, yurt i\u00e7inde yaln\u0131zca 14 \u015fehre u\u00e7acak - AvrupaPress\" \/>\n<meta property=\"og:description\" content=\"THY Genel M\u00fcd\u00fcr\u00fc Bilal Ek\u015fi, THY&rsquo;nin t\u00fcm yurt d\u0131\u015f\u0131 yolcu seferlerini durdurdu\u011funu, i\u00e7 hat seferlerinin ise bug\u00fcn (cumartesi) 23.59&rsquo;dan itibaren \u0130stanbul ve Ankara&rsquo;dan baz\u0131 b\u00fcy\u00fck\u015fehirler ile s\u0131n\u0131rland\u0131r\u0131ld\u0131\u011f\u0131n\u0131 duyurdu ke\u00e7i\u00f6ren escort ankara rus escort ankara escort ankara escort etlik escort eve gelen escort gaziosmanpa\u015fa escort ke\u00e7i\u00f6ren escort k\u0131z\u0131lay escort kolej escort maltepe escort mamak escort otele [&hellip;]\" \/>\n<meta property=\"og:url\" content=\"https:\/\/avrupapress.com\/main\/2020\/03\/28\/thy-urt-disi-ucuslarini-tamamen-durdu-thy-yurt-icinde-yalnizca-14-sehre-ucacak\/\" \/>\n<meta property=\"og:site_name\" content=\"AvrupaPress\" \/>\n<meta property=\"article:published_time\" content=\"2020-03-28T11:39:03+00:00\" \/>\n<meta property=\"article:modified_time\" content=\"2022-04-07T02:01:05+00:00\" \/>\n<meta property=\"og:image\" content=\"https:\/\/avrupapress.com\/main\/wp-content\/uploads\/2020\/03\/thy-tum-yurt-disi-seferlerini-durdurdu-1585353679.jpg\" \/>\n\t<meta property=\"og:image:width\" content=\"640\" \/>\n\t<meta property=\"og:image:height\" content=\"336\" \/>\n\t<meta property=\"og:image:type\" content=\"image\/jpeg\" \/>\n<meta name=\"author\" content=\"Edit\u00f6r\" \/>\n<meta name=\"twitter:card\" content=\"summary_large_image\" \/>\n<meta name=\"twitter:label1\" content=\"\u00c9crit par\" \/>\n\t<meta name=\"twitter:data1\" content=\"Edit\u00f6r\" \/>\n\t<meta name=\"twitter:label2\" content=\"Dur\u00e9e de lecture est.\" \/>\n\t<meta name=\"twitter:data2\" content=\"3 minutes\" \/>\n<script type=\"application\/ld+json\" class=\"yoast-schema-graph\">{\"@context\":\"https:\/\/schema.org\",\"@graph\":[{\"@type\":\"Article\",\"@id\":\"https:\/\/avrupapress.com\/main\/2020\/03\/28\/thy-urt-disi-ucuslarini-tamamen-durdu-thy-yurt-icinde-yalnizca-14-sehre-ucacak\/#article\",\"isPartOf\":{\"@id\":\"https:\/\/avrupapress.com\/main\/2020\/03\/28\/thy-urt-disi-ucuslarini-tamamen-durdu-thy-yurt-icinde-yalnizca-14-sehre-ucacak\/\"},\"author\":{\"name\":\"Edit\u00f6r\",\"@id\":\"https:\/\/avrupapress.com\/#\/schema\/person\/68428444ec60970d1e1b700cf4ca1e8f\"},\"headline\":\"THY Yurt d\u0131\u015f\u0131 u\u00e7u\u015flar\u0131n\u0131 tamamen durdurdu THY, yurt i\u00e7inde yaln\u0131zca 14 \u015fehre u\u00e7acak\",\"datePublished\":\"2020-03-28T11:39:03+00:00\",\"dateModified\":\"2022-04-07T02:01:05+00:00\",\"mainEntityOfPage\":{\"@id\":\"https:\/\/avrupapress.com\/main\/2020\/03\/28\/thy-urt-disi-ucuslarini-tamamen-durdu-thy-yurt-icinde-yalnizca-14-sehre-ucacak\/\"},\"wordCount\":564,\"publisher\":{\"@id\":\"https:\/\/avrupapress.com\/#\/schema\/person\/0223dca19c72c43575bf30d1a2d8f4fa\"},\"image\":{\"@id\":\"https:\/\/avrupapress.com\/main\/2020\/03\/28\/thy-urt-disi-ucuslarini-tamamen-durdu-thy-yurt-icinde-yalnizca-14-sehre-ucacak\/#primaryimage\"},\"thumbnailUrl\":\"https:\/\/avrupapress.com\/main\/wp-content\/uploads\/2020\/03\/thy-tum-yurt-disi-seferlerini-durdurdu-1585353679.jpg\",\"keywords\":[\"THY urt d\u0131\u015f\u0131 u\u00e7u\u015flar\u0131n\u0131 tamamen durdu THY\"],\"articleSection\":[\"Avrupa\",\"Bel\u00e7ika\",\"D\u00fcnya\",\"Ekonomi\",\"K\u00fclt\u00fcr-Sanat\",\"Spor\",\"Tan\u0131t\u0131m\",\"T\u00fcrkiye\",\"Uncategorized\"],\"inLanguage\":\"fr-BE\"},{\"@type\":\"WebPage\",\"@id\":\"https:\/\/avrupapress.com\/main\/2020\/03\/28\/thy-urt-disi-ucuslarini-tamamen-durdu-thy-yurt-icinde-yalnizca-14-sehre-ucacak\/\",\"url\":\"https:\/\/avrupapress.com\/main\/2020\/03\/28\/thy-urt-disi-ucuslarini-tamamen-durdu-thy-yurt-icinde-yalnizca-14-sehre-ucacak\/\",\"name\":\"THY Yurt d\u0131\u015f\u0131 u\u00e7u\u015flar\u0131n\u0131 tamamen durdurdu THY, yurt i\u00e7inde yaln\u0131zca 14 \u015fehre u\u00e7acak - AvrupaPress\",\"isPartOf\":{\"@id\":\"https:\/\/avrupapress.com\/#website\"},\"primaryImageOfPage\":{\"@id\":\"https:\/\/avrupapress.com\/main\/2020\/03\/28\/thy-urt-disi-ucuslarini-tamamen-durdu-thy-yurt-icinde-yalnizca-14-sehre-ucacak\/#primaryimage\"},\"image\":{\"@id\":\"https:\/\/avrupapress.com\/main\/2020\/03\/28\/thy-urt-disi-ucuslarini-tamamen-durdu-thy-yurt-icinde-yalnizca-14-sehre-ucacak\/#primaryimage\"},\"thumbnailUrl\":\"https:\/\/avrupapress.com\/main\/wp-content\/uploads\/2020\/03\/thy-tum-yurt-disi-seferlerini-durdurdu-1585353679.jpg\",\"datePublished\":\"2020-03-28T11:39:03+00:00\",\"dateModified\":\"2022-04-07T02:01:05+00:00\",\"breadcrumb\":{\"@id\":\"https:\/\/avrupapress.com\/main\/2020\/03\/28\/thy-urt-disi-ucuslarini-tamamen-durdu-thy-yurt-icinde-yalnizca-14-sehre-ucacak\/#breadcrumb\"},\"inLanguage\":\"fr-BE\",\"potentialAction\":[{\"@type\":\"ReadAction\",\"target\":[\"https:\/\/avrupapress.com\/main\/2020\/03\/28\/thy-urt-disi-ucuslarini-tamamen-durdu-thy-yurt-icinde-yalnizca-14-sehre-ucacak\/\"]}]},{\"@type\":\"ImageObject\",\"inLanguage\":\"fr-BE\",\"@id\":\"https:\/\/avrupapress.com\/main\/2020\/03\/28\/thy-urt-disi-ucuslarini-tamamen-durdu-thy-yurt-icinde-yalnizca-14-sehre-ucacak\/#primaryimage\",\"url\":\"https:\/\/avrupapress.com\/main\/wp-content\/uploads\/2020\/03\/thy-tum-yurt-disi-seferlerini-durdurdu-1585353679.jpg\",\"contentUrl\":\"https:\/\/avrupapress.com\/main\/wp-content\/uploads\/2020\/03\/thy-tum-yurt-disi-seferlerini-durdurdu-1585353679.jpg\",\"width\":640,\"height\":336},{\"@type\":\"BreadcrumbList\",\"@id\":\"https:\/\/avrupapress.com\/main\/2020\/03\/28\/thy-urt-disi-ucuslarini-tamamen-durdu-thy-yurt-icinde-yalnizca-14-sehre-ucacak\/#breadcrumb\",\"itemListElement\":[{\"@type\":\"ListItem\",\"position\":1,\"name\":\"Anasayfa\",\"item\":\"https:\/\/avrupapress.com\/\"},{\"@type\":\"ListItem\",\"position\":2,\"name\":\"THY Yurt d\u0131\u015f\u0131 u\u00e7u\u015flar\u0131n\u0131 tamamen durdurdu THY, yurt i\u00e7inde yaln\u0131zca 14 \u015fehre u\u00e7acak\"}]},{\"@type\":\"WebSite\",\"@id\":\"https:\/\/avrupapress.com\/#website\",\"url\":\"https:\/\/avrupapress.com\/\",\"name\":\"AvrupaPress\",\"description\":\"Haberin Adresi\",\"publisher\":{\"@id\":\"https:\/\/avrupapress.com\/#\/schema\/person\/0223dca19c72c43575bf30d1a2d8f4fa\"},\"potentialAction\":[{\"@type\":\"SearchAction\",\"target\":{\"@type\":\"EntryPoint\",\"urlTemplate\":\"https:\/\/avrupapress.com\/?s={search_term_string}\"},\"query-input\":{\"@type\":\"PropertyValueSpecification\",\"valueRequired\":true,\"valueName\":\"search_term_string\"}}],\"inLanguage\":\"fr-BE\"},{\"@type\":[\"Person\",\"Organization\"],\"@id\":\"https:\/\/avrupapress.com\/#\/schema\/person\/0223dca19c72c43575bf30d1a2d8f4fa\",\"name\":\"Bilgin \u00d6z\u00e7ift\u00e7i\",\"image\":{\"@type\":\"ImageObject\",\"inLanguage\":\"fr-BE\",\"@id\":\"https:\/\/avrupapress.com\/#\/schema\/person\/image\/\",\"url\":\"https:\/\/secure.gravatar.com\/avatar\/0f23b280433a21e1ea7a0adcc46ed0ad16afe3ad8e630fd13d8a017dcbd54ef3?s=96&d=mm&r=g\",\"contentUrl\":\"https:\/\/secure.gravatar.com\/avatar\/0f23b280433a21e1ea7a0adcc46ed0ad16afe3ad8e630fd13d8a017dcbd54ef3?s=96&d=mm&r=g\",\"caption\":\"Bilgin \u00d6z\u00e7ift\u00e7i\"},\"logo\":{\"@id\":\"https:\/\/avrupapress.com\/#\/schema\/person\/image\/\"},\"description\":\"Ne ben, nede sen... Biz ancak \\\"biz\\\" olursak g\u00fc\u00e7l\u00fc olabiliriz\"},{\"@type\":\"Person\",\"@id\":\"https:\/\/avrupapress.com\/#\/schema\/person\/68428444ec60970d1e1b700cf4ca1e8f\",\"name\":\"Edit\u00f6r\",\"image\":{\"@type\":\"ImageObject\",\"inLanguage\":\"fr-BE\",\"@id\":\"https:\/\/avrupapress.com\/#\/schema\/person\/image\/\",\"url\":\"https:\/\/secure.gravatar.com\/avatar\/74996b0977aa5f1559ba9883776652508b229005c0d78fb2597897f0bd651c09?s=96&d=mm&r=g\",\"contentUrl\":\"https:\/\/secure.gravatar.com\/avatar\/74996b0977aa5f1559ba9883776652508b229005c0d78fb2597897f0bd651c09?s=96&d=mm&r=g\",\"caption\":\"Edit\u00f6r\"},\"sameAs\":[\"http:\/\/www.avrupapress.com\"],\"url\":\"https:\/\/avrupapress.com\/main\/author\/editor\/\"}]}<\/script>\n<!-- \/ Yoast SEO plugin. -->","yoast_head_json":{"title":"THY Yurt d\u0131\u015f\u0131 u\u00e7u\u015flar\u0131n\u0131 tamamen durdurdu THY, yurt i\u00e7inde yaln\u0131zca 14 \u015fehre u\u00e7acak - AvrupaPress","robots":{"index":"index","follow":"follow","max-snippet":"max-snippet:-1","max-image-preview":"max-image-preview:large","max-video-preview":"max-video-preview:-1"},"canonical":"https:\/\/avrupapress.com\/main\/2020\/03\/28\/thy-urt-disi-ucuslarini-tamamen-durdu-thy-yurt-icinde-yalnizca-14-sehre-ucacak\/","og_locale":"fr_FR","og_type":"article","og_title":"THY Yurt d\u0131\u015f\u0131 u\u00e7u\u015flar\u0131n\u0131 tamamen durdurdu THY, yurt i\u00e7inde yaln\u0131zca 14 \u015fehre u\u00e7acak - AvrupaPress","og_description":"THY Genel M\u00fcd\u00fcr\u00fc Bilal Ek\u015fi, THY&rsquo;nin t\u00fcm yurt d\u0131\u015f\u0131 yolcu seferlerini durdurdu\u011funu, i\u00e7 hat seferlerinin ise bug\u00fcn (cumartesi) 23.59&rsquo;dan itibaren \u0130stanbul ve Ankara&rsquo;dan baz\u0131 b\u00fcy\u00fck\u015fehirler ile s\u0131n\u0131rland\u0131r\u0131ld\u0131\u011f\u0131n\u0131 duyurdu ke\u00e7i\u00f6ren escort ankara rus escort ankara escort ankara escort etlik escort eve gelen escort gaziosmanpa\u015fa escort ke\u00e7i\u00f6ren escort k\u0131z\u0131lay escort kolej escort maltepe escort mamak escort otele [&hellip;]","og_url":"https:\/\/avrupapress.com\/main\/2020\/03\/28\/thy-urt-disi-ucuslarini-tamamen-durdu-thy-yurt-icinde-yalnizca-14-sehre-ucacak\/","og_site_name":"AvrupaPress","article_published_time":"2020-03-28T11:39:03+00:00","article_modified_time":"2022-04-07T02:01:05+00:00","og_image":[{"width":640,"height":336,"url":"https:\/\/avrupapress.com\/main\/wp-content\/uploads\/2020\/03\/thy-tum-yurt-disi-seferlerini-durdurdu-1585353679.jpg","type":"image\/jpeg"}],"author":"Edit\u00f6r","twitter_card":"summary_large_image","twitter_misc":{"\u00c9crit par":"Edit\u00f6r","Dur\u00e9e de lecture est.":"3 minutes"},"schema":{"@context":"https:\/\/schema.org","@graph":[{"@type":"Article","@id":"https:\/\/avrupapress.com\/main\/2020\/03\/28\/thy-urt-disi-ucuslarini-tamamen-durdu-thy-yurt-icinde-yalnizca-14-sehre-ucacak\/#article","isPartOf":{"@id":"https:\/\/avrupapress.com\/main\/2020\/03\/28\/thy-urt-disi-ucuslarini-tamamen-durdu-thy-yurt-icinde-yalnizca-14-sehre-ucacak\/"},"author":{"name":"Edit\u00f6r","@id":"https:\/\/avrupapress.com\/#\/schema\/person\/68428444ec60970d1e1b700cf4ca1e8f"},"headline":"THY Yurt d\u0131\u015f\u0131 u\u00e7u\u015flar\u0131n\u0131 tamamen durdurdu THY, yurt i\u00e7inde yaln\u0131zca 14 \u015fehre u\u00e7acak","datePublished":"2020-03-28T11:39:03+00:00","dateModified":"2022-04-07T02:01:05+00:00","mainEntityOfPage":{"@id":"https:\/\/avrupapress.com\/main\/2020\/03\/28\/thy-urt-disi-ucuslarini-tamamen-durdu-thy-yurt-icinde-yalnizca-14-sehre-ucacak\/"},"wordCount":564,"publisher":{"@id":"https:\/\/avrupapress.com\/#\/schema\/person\/0223dca19c72c43575bf30d1a2d8f4fa"},"image":{"@id":"https:\/\/avrupapress.com\/main\/2020\/03\/28\/thy-urt-disi-ucuslarini-tamamen-durdu-thy-yurt-icinde-yalnizca-14-sehre-ucacak\/#primaryimage"},"thumbnailUrl":"https:\/\/avrupapress.com\/main\/wp-content\/uploads\/2020\/03\/thy-tum-yurt-disi-seferlerini-durdurdu-1585353679.jpg","keywords":["THY urt d\u0131\u015f\u0131 u\u00e7u\u015flar\u0131n\u0131 tamamen durdu THY"],"articleSection":["Avrupa","Bel\u00e7ika","D\u00fcnya","Ekonomi","K\u00fclt\u00fcr-Sanat","Spor","Tan\u0131t\u0131m","T\u00fcrkiye","Uncategorized"],"inLanguage":"fr-BE"},{"@type":"WebPage","@id":"https:\/\/avrupapress.com\/main\/2020\/03\/28\/thy-urt-disi-ucuslarini-tamamen-durdu-thy-yurt-icinde-yalnizca-14-sehre-ucacak\/","url":"https:\/\/avrupapress.com\/main\/2020\/03\/28\/thy-urt-disi-ucuslarini-tamamen-durdu-thy-yurt-icinde-yalnizca-14-sehre-ucacak\/","name":"THY Yurt d\u0131\u015f\u0131 u\u00e7u\u015flar\u0131n\u0131 tamamen durdurdu THY, yurt i\u00e7inde yaln\u0131zca 14 \u015fehre u\u00e7acak - AvrupaPress","isPartOf":{"@id":"https:\/\/avrupapress.com\/#website"},"primaryImageOfPage":{"@id":"https:\/\/avrupapress.com\/main\/2020\/03\/28\/thy-urt-disi-ucuslarini-tamamen-durdu-thy-yurt-icinde-yalnizca-14-sehre-ucacak\/#primaryimage"},"image":{"@id":"https:\/\/avrupapress.com\/main\/2020\/03\/28\/thy-urt-disi-ucuslarini-tamamen-durdu-thy-yurt-icinde-yalnizca-14-sehre-ucacak\/#primaryimage"},"thumbnailUrl":"https:\/\/avrupapress.com\/main\/wp-content\/uploads\/2020\/03\/thy-tum-yurt-disi-seferlerini-durdurdu-1585353679.jpg","datePublished":"2020-03-28T11:39:03+00:00","dateModified":"2022-04-07T02:01:05+00:00","breadcrumb":{"@id":"https:\/\/avrupapress.com\/main\/2020\/03\/28\/thy-urt-disi-ucuslarini-tamamen-durdu-thy-yurt-icinde-yalnizca-14-sehre-ucacak\/#breadcrumb"},"inLanguage":"fr-BE","potentialAction":[{"@type":"ReadAction","target":["https:\/\/avrupapress.com\/main\/2020\/03\/28\/thy-urt-disi-ucuslarini-tamamen-durdu-thy-yurt-icinde-yalnizca-14-sehre-ucacak\/"]}]},{"@type":"ImageObject","inLanguage":"fr-BE","@id":"https:\/\/avrupapress.com\/main\/2020\/03\/28\/thy-urt-disi-ucuslarini-tamamen-durdu-thy-yurt-icinde-yalnizca-14-sehre-ucacak\/#primaryimage","url":"https:\/\/avrupapress.com\/main\/wp-content\/uploads\/2020\/03\/thy-tum-yurt-disi-seferlerini-durdurdu-1585353679.jpg","contentUrl":"https:\/\/avrupapress.com\/main\/wp-content\/uploads\/2020\/03\/thy-tum-yurt-disi-seferlerini-durdurdu-1585353679.jpg","width":640,"height":336},{"@type":"BreadcrumbList","@id":"https:\/\/avrupapress.com\/main\/2020\/03\/28\/thy-urt-disi-ucuslarini-tamamen-durdu-thy-yurt-icinde-yalnizca-14-sehre-ucacak\/#breadcrumb","itemListElement":[{"@type":"ListItem","position":1,"name":"Anasayfa","item":"https:\/\/avrupapress.com\/"},{"@type":"ListItem","position":2,"name":"THY Yurt d\u0131\u015f\u0131 u\u00e7u\u015flar\u0131n\u0131 tamamen durdurdu THY, yurt i\u00e7inde yaln\u0131zca 14 \u015fehre u\u00e7acak"}]},{"@type":"WebSite","@id":"https:\/\/avrupapress.com\/#website","url":"https:\/\/avrupapress.com\/","name":"AvrupaPress","description":"Haberin Adresi","publisher":{"@id":"https:\/\/avrupapress.com\/#\/schema\/person\/0223dca19c72c43575bf30d1a2d8f4fa"},"potentialAction":[{"@type":"SearchAction","target":{"@type":"EntryPoint","urlTemplate":"https:\/\/avrupapress.com\/?s={search_term_string}"},"query-input":{"@type":"PropertyValueSpecification","valueRequired":true,"valueName":"search_term_string"}}],"inLanguage":"fr-BE"},{"@type":["Person","Organization"],"@id":"https:\/\/avrupapress.com\/#\/schema\/person\/0223dca19c72c43575bf30d1a2d8f4fa","name":"Bilgin \u00d6z\u00e7ift\u00e7i","image":{"@type":"ImageObject","inLanguage":"fr-BE","@id":"https:\/\/avrupapress.com\/#\/schema\/person\/image\/","url":"https:\/\/secure.gravatar.com\/avatar\/0f23b280433a21e1ea7a0adcc46ed0ad16afe3ad8e630fd13d8a017dcbd54ef3?s=96&d=mm&r=g","contentUrl":"https:\/\/secure.gravatar.com\/avatar\/0f23b280433a21e1ea7a0adcc46ed0ad16afe3ad8e630fd13d8a017dcbd54ef3?s=96&d=mm&r=g","caption":"Bilgin \u00d6z\u00e7ift\u00e7i"},"logo":{"@id":"https:\/\/avrupapress.com\/#\/schema\/person\/image\/"},"description":"Ne ben, nede sen... Biz ancak \"biz\" olursak g\u00fc\u00e7l\u00fc olabiliriz"},{"@type":"Person","@id":"https:\/\/avrupapress.com\/#\/schema\/person\/68428444ec60970d1e1b700cf4ca1e8f","name":"Edit\u00f6r","image":{"@type":"ImageObject","inLanguage":"fr-BE","@id":"https:\/\/avrupapress.com\/#\/schema\/person\/image\/","url":"https:\/\/secure.gravatar.com\/avatar\/74996b0977aa5f1559ba9883776652508b229005c0d78fb2597897f0bd651c09?s=96&d=mm&r=g","contentUrl":"https:\/\/secure.gravatar.com\/avatar\/74996b0977aa5f1559ba9883776652508b229005c0d78fb2597897f0bd651c09?s=96&d=mm&r=g","caption":"Edit\u00f6r"},"sameAs":["http:\/\/www.avrupapress.com"],"url":"https:\/\/avrupapress.com\/main\/author\/editor\/"}]}},"_links":{"self":[{"href":"https:\/\/avrupapress.com\/main\/wp-json\/wp\/v2\/posts\/11043","targetHints":{"allow":["GET"]}}],"collection":[{"href":"https:\/\/avrupapress.com\/main\/wp-json\/wp\/v2\/posts"}],"about":[{"href":"https:\/\/avrupapress.com\/main\/wp-json\/wp\/v2\/types\/post"}],"author":[{"embeddable":true,"href":"https:\/\/avrupapress.com\/main\/wp-json\/wp\/v2\/users\/3"}],"replies":[{"embeddable":true,"href":"https:\/\/avrupapress.com\/main\/wp-json\/wp\/v2\/comments?post=11043"}],"version-history":[{"count":5,"href":"https:\/\/avrupapress.com\/main\/wp-json\/wp\/v2\/posts\/11043\/revisions"}],"predecessor-version":[{"id":18409,"href":"https:\/\/avrupapress.com\/main\/wp-json\/wp\/v2\/posts\/11043\/revisions\/18409"}],"wp:featuredmedia":[{"embeddable":true,"href":"https:\/\/avrupapress.com\/main\/wp-json\/wp\/v2\/media\/11044"}],"wp:attachment":[{"href":"https:\/\/avrupapress.com\/main\/wp-json\/wp\/v2\/media?parent=11043"}],"wp:term":[{"taxonomy":"category","embeddable":true,"href":"https:\/\/avrupapress.com\/main\/wp-json\/wp\/v2\/categories?post=11043"},{"taxonomy":"post_tag","embeddable":true,"href":"https:\/\/avrupapress.com\/main\/wp-json\/wp\/v2\/tags?post=11043"}],"curies":[{"name":"wp","href":"https:\/\/api.w.org\/{rel}","templated":true}]}}