{"id":11037,"date":"2020-03-28T09:31:44","date_gmt":"2020-03-28T09:31:44","guid":{"rendered":"http:\/\/avrupapress.com\/main\/?p=11037"},"modified":"2020-03-28T09:31:46","modified_gmt":"2020-03-28T09:31:46","slug":"anvers-ve-wommelgemde-saldirgan-davranislarindan-ve-polise-tukurmekten-dolayi-iki-adamin-tutuklandigini-bildirdi","status":"publish","type":"post","link":"https:\/\/avrupapress.com\/main\/2020\/03\/28\/anvers-ve-wommelgemde-saldirgan-davranislarindan-ve-polise-tukurmekten-dolayi-iki-adamin-tutuklandigini-bildirdi\/","title":{"rendered":"Anvers ve Wommelgem&rsquo;de sald\u0131rgan davran\u0131\u015flar\u0131ndan ve polise t\u00fck\u00fcrmekten dolay\u0131 iki adam\u0131n tutukland\u0131\u011f\u0131n\u0131 bildirdi."},"content":{"rendered":"\n<p><\/p>\n\n\n\n<p><strong> Bel\u00e7ikanin anvers ve Wommelgem sehrinde koronavir\u00fcs\u00fc ta\u015fidiklarini idda eden uc adam polise y\u00fcz\u00fcne t\u00fck\u00fcrd\u00fcler. <\/strong> <\/p>\n\n\n\n<p>Antwerp savc\u0131l\u0131\u011f\u0131, Per\u015fembe g\u00fcn\u00fc Anvers ve Wommelgem&rsquo;de sald\u0131rgan davran\u0131\u015flar\u0131ndan ve polise t\u00fck\u00fcrmekten dolay\u0131 iki adam\u0131n tutukland\u0131\u011f\u0131n\u0131 bildirdi. <\/p>\n\n\n\n<p>Antwerp savc\u0131l\u0131\u011f\u0131, Per\u015fembe g\u00fcn\u00fc Anvers ve Wommelgem&rsquo;de sald\u0131rgan davran\u0131\u015flar\u0131ndan ve polise t\u00fck\u00fcrmekten dolay\u0131 tutuklanan iki adam\u0131n tutukland\u0131\u011f\u0131n\u0131 bildirdi.<\/p>\n\n\n\n<p> Tutukland\u0131klar\u0131nda, yeni koronavir\u00fcs ile enfekte olduklar\u0131n\u0131 s\u00f6ylediler. \u0130lk tutuklama Per\u015fembe \u00f6\u011fleden sonra Anvers eyaletindeki Wommelgem&rsquo;de ger\u00e7ekle\u015fti. S\u00f6z konusu adam, koruyucu \u00f6nlemleri yasaklayan di\u011fer \u00fc\u00e7 ki\u015fiyle birlikte bir arabadayd\u0131.<\/p>\n\n\n\n<p> Polis bir kenara \u00e7ekilmelerini istedi\u011finde, adam sald\u0131rgan davrand\u0131 ve t\u00fck\u00fcrd\u00fc. Ayr\u0131ca tutukland\u0131ktan sonra karakolda bir polis memuruna t\u00fck\u00fcrd\u00fc.<\/p>\n\n\n\n<p> Birka\u00e7 saat sonra, ikinci tutuklama Antwerp&rsquo;te ger\u00e7ekle\u015fti ve burada birka\u00e7 trafik su\u00e7u i\u015fleyen bir araban\u0131n s\u00fcr\u00fcc\u00fcs\u00fc polisin onu kontrol etmek istedi\u011fini kabul etmedi. <\/p>\n\n\n\n<p>Adam ayr\u0131ca bir m\u00fcfetti\u015f kar\u015f\u0131s\u0131nda t\u00fck\u00fcrmeden \u00f6nce d\u00fc\u015fmanca davrand\u0131. \u0130ki san\u0131k, direnen ve tehlikeli maddelerle sald\u0131r\u0131 yapmakla tehdit ettikleri i\u00e7in tutukland\u0131. A\u011f\u0131r bir para cezas\u0131 ve hapis cezas\u0131yla kar\u015f\u0131 kar\u015f\u0131yalar. <\/p>\n\n\n\n<p><strong>Seval Aksan \/ AVRUPAPRESS<\/strong><\/p>\n","protected":false},"excerpt":{"rendered":"<p>Bel\u00e7ikanin anvers ve Wommelgem sehrinde koronavir\u00fcs\u00fc ta\u015fidiklarini idda eden uc adam polise y\u00fcz\u00fcne t\u00fck\u00fcrd\u00fcler. Antwerp savc\u0131l\u0131\u011f\u0131, Per\u015fembe g\u00fcn\u00fc Anvers ve Wommelgem&rsquo;de sald\u0131rgan davran\u0131\u015flar\u0131ndan ve polise t\u00fck\u00fcrmekten dolay\u0131 iki adam\u0131n tutukland\u0131\u011f\u0131n\u0131 bildirdi. Antwerp savc\u0131l\u0131\u011f\u0131, Per\u015fembe g\u00fcn\u00fc Anvers ve Wommelgem&rsquo;de sald\u0131rgan davran\u0131\u015flar\u0131ndan ve polise t\u00fck\u00fcrmekten dolay\u0131 tutuklanan iki adam\u0131n tutukland\u0131\u011f\u0131n\u0131 bildirdi. Tutukland\u0131klar\u0131nda, yeni koronavir\u00fcs ile enfekte olduklar\u0131n\u0131 [&hellip;]<\/p>\n","protected":false},"author":3,"featured_media":11038,"comment_status":"closed","ping_status":"open","sticky":false,"template":"","format":"standard","meta":{"footnotes":""},"categories":[14,16,3],"tags":[],"class_list":["post-11037","post","type-post","status-publish","format-standard","has-post-thumbnail","hentry","category-avrupa","category-belcika","category-dunya"],"yoast_head":"<!-- This site is optimized with the Yoast SEO plugin v26.9 - https:\/\/yoast.com\/product\/yoast-seo-wordpress\/ -->\n<title>Anvers ve Wommelgem&#039;de sald\u0131rgan davran\u0131\u015flar\u0131ndan ve polise t\u00fck\u00fcrmekten dolay\u0131 iki adam\u0131n tutukland\u0131\u011f\u0131n\u0131 bildirdi. - AvrupaPress<\/title>\n<meta name=\"robots\" content=\"index, follow, max-snippet:-1, max-image-preview:large, max-video-preview:-1\" \/>\n<link rel=\"canonical\" href=\"https:\/\/avrupapress.com\/2020\/03\/28\/anvers-ve-wommelgemde-saldirgan-davranislarindan-ve-polise-tukurmekten-dolayi-iki-adamin-tutuklandigini-bildirdi\/\" \/>\n<meta property=\"og:locale\" content=\"fr_FR\" \/>\n<meta property=\"og:type\" content=\"article\" \/>\n<meta property=\"og:title\" content=\"Anvers ve Wommelgem&#039;de sald\u0131rgan davran\u0131\u015flar\u0131ndan ve polise t\u00fck\u00fcrmekten dolay\u0131 iki adam\u0131n tutukland\u0131\u011f\u0131n\u0131 bildirdi. - AvrupaPress\" \/>\n<meta property=\"og:description\" content=\"Bel\u00e7ikanin anvers ve Wommelgem sehrinde koronavir\u00fcs\u00fc ta\u015fidiklarini idda eden uc adam polise y\u00fcz\u00fcne t\u00fck\u00fcrd\u00fcler. Antwerp savc\u0131l\u0131\u011f\u0131, Per\u015fembe g\u00fcn\u00fc Anvers ve Wommelgem&rsquo;de sald\u0131rgan davran\u0131\u015flar\u0131ndan ve polise t\u00fck\u00fcrmekten dolay\u0131 iki adam\u0131n tutukland\u0131\u011f\u0131n\u0131 bildirdi. Antwerp savc\u0131l\u0131\u011f\u0131, Per\u015fembe g\u00fcn\u00fc Anvers ve Wommelgem&rsquo;de sald\u0131rgan davran\u0131\u015flar\u0131ndan ve polise t\u00fck\u00fcrmekten dolay\u0131 tutuklanan iki adam\u0131n tutukland\u0131\u011f\u0131n\u0131 bildirdi. Tutukland\u0131klar\u0131nda, yeni koronavir\u00fcs ile enfekte olduklar\u0131n\u0131 [&hellip;]\" \/>\n<meta property=\"og:url\" content=\"https:\/\/avrupapress.com\/2020\/03\/28\/anvers-ve-wommelgemde-saldirgan-davranislarindan-ve-polise-tukurmekten-dolayi-iki-adamin-tutuklandigini-bildirdi\/\" \/>\n<meta property=\"og:site_name\" content=\"AvrupaPress\" \/>\n<meta property=\"article:published_time\" content=\"2020-03-28T09:31:44+00:00\" \/>\n<meta property=\"article:modified_time\" content=\"2020-03-28T09:31:46+00:00\" \/>\n<meta property=\"og:image\" content=\"https:\/\/avrupapress.com\/wp-content\/uploads\/2020\/03\/66c5e426e7da2ea6351b3b6b52dda.jpg\" \/>\n\t<meta property=\"og:image:width\" content=\"1000\" \/>\n\t<meta property=\"og:image:height\" content=\"600\" \/>\n\t<meta property=\"og:image:type\" content=\"image\/jpeg\" \/>\n<meta name=\"author\" content=\"Edit\u00f6r\" \/>\n<meta name=\"twitter:card\" content=\"summary_large_image\" \/>\n<meta name=\"twitter:label1\" content=\"\u00c9crit par\" \/>\n\t<meta name=\"twitter:data1\" content=\"Edit\u00f6r\" \/>\n\t<meta name=\"twitter:label2\" content=\"Dur\u00e9e de lecture est.\" \/>\n\t<meta name=\"twitter:data2\" content=\"1 minute\" \/>\n<script type=\"application\/ld+json\" class=\"yoast-schema-graph\">{\"@context\":\"https:\/\/schema.org\",\"@graph\":[{\"@type\":\"Article\",\"@id\":\"https:\/\/avrupapress.com\/2020\/03\/28\/anvers-ve-wommelgemde-saldirgan-davranislarindan-ve-polise-tukurmekten-dolayi-iki-adamin-tutuklandigini-bildirdi\/#article\",\"isPartOf\":{\"@id\":\"https:\/\/avrupapress.com\/2020\/03\/28\/anvers-ve-wommelgemde-saldirgan-davranislarindan-ve-polise-tukurmekten-dolayi-iki-adamin-tutuklandigini-bildirdi\/\"},\"author\":{\"name\":\"Edit\u00f6r\",\"@id\":\"https:\/\/avrupapress.com\/#\/schema\/person\/68428444ec60970d1e1b700cf4ca1e8f\"},\"headline\":\"Anvers ve Wommelgem&rsquo;de sald\u0131rgan davran\u0131\u015flar\u0131ndan ve polise t\u00fck\u00fcrmekten dolay\u0131 iki adam\u0131n tutukland\u0131\u011f\u0131n\u0131 bildirdi.\",\"datePublished\":\"2020-03-28T09:31:44+00:00\",\"dateModified\":\"2020-03-28T09:31:46+00:00\",\"mainEntityOfPage\":{\"@id\":\"https:\/\/avrupapress.com\/2020\/03\/28\/anvers-ve-wommelgemde-saldirgan-davranislarindan-ve-polise-tukurmekten-dolayi-iki-adamin-tutuklandigini-bildirdi\/\"},\"wordCount\":239,\"publisher\":{\"@id\":\"https:\/\/avrupapress.com\/#\/schema\/person\/0223dca19c72c43575bf30d1a2d8f4fa\"},\"image\":{\"@id\":\"https:\/\/avrupapress.com\/2020\/03\/28\/anvers-ve-wommelgemde-saldirgan-davranislarindan-ve-polise-tukurmekten-dolayi-iki-adamin-tutuklandigini-bildirdi\/#primaryimage\"},\"thumbnailUrl\":\"https:\/\/avrupapress.com\/main\/wp-content\/uploads\/2020\/03\/66c5e426e7da2ea6351b3b6b52dda.jpg\",\"articleSection\":[\"Avrupa\",\"Bel\u00e7ika\",\"D\u00fcnya\"],\"inLanguage\":\"fr-BE\"},{\"@type\":\"WebPage\",\"@id\":\"https:\/\/avrupapress.com\/2020\/03\/28\/anvers-ve-wommelgemde-saldirgan-davranislarindan-ve-polise-tukurmekten-dolayi-iki-adamin-tutuklandigini-bildirdi\/\",\"url\":\"https:\/\/avrupapress.com\/2020\/03\/28\/anvers-ve-wommelgemde-saldirgan-davranislarindan-ve-polise-tukurmekten-dolayi-iki-adamin-tutuklandigini-bildirdi\/\",\"name\":\"Anvers ve Wommelgem'de sald\u0131rgan davran\u0131\u015flar\u0131ndan ve polise t\u00fck\u00fcrmekten dolay\u0131 iki adam\u0131n tutukland\u0131\u011f\u0131n\u0131 bildirdi. - AvrupaPress\",\"isPartOf\":{\"@id\":\"https:\/\/avrupapress.com\/#website\"},\"primaryImageOfPage\":{\"@id\":\"https:\/\/avrupapress.com\/2020\/03\/28\/anvers-ve-wommelgemde-saldirgan-davranislarindan-ve-polise-tukurmekten-dolayi-iki-adamin-tutuklandigini-bildirdi\/#primaryimage\"},\"image\":{\"@id\":\"https:\/\/avrupapress.com\/2020\/03\/28\/anvers-ve-wommelgemde-saldirgan-davranislarindan-ve-polise-tukurmekten-dolayi-iki-adamin-tutuklandigini-bildirdi\/#primaryimage\"},\"thumbnailUrl\":\"https:\/\/avrupapress.com\/main\/wp-content\/uploads\/2020\/03\/66c5e426e7da2ea6351b3b6b52dda.jpg\",\"datePublished\":\"2020-03-28T09:31:44+00:00\",\"dateModified\":\"2020-03-28T09:31:46+00:00\",\"breadcrumb\":{\"@id\":\"https:\/\/avrupapress.com\/2020\/03\/28\/anvers-ve-wommelgemde-saldirgan-davranislarindan-ve-polise-tukurmekten-dolayi-iki-adamin-tutuklandigini-bildirdi\/#breadcrumb\"},\"inLanguage\":\"fr-BE\",\"potentialAction\":[{\"@type\":\"ReadAction\",\"target\":[\"https:\/\/avrupapress.com\/2020\/03\/28\/anvers-ve-wommelgemde-saldirgan-davranislarindan-ve-polise-tukurmekten-dolayi-iki-adamin-tutuklandigini-bildirdi\/\"]}]},{\"@type\":\"ImageObject\",\"inLanguage\":\"fr-BE\",\"@id\":\"https:\/\/avrupapress.com\/2020\/03\/28\/anvers-ve-wommelgemde-saldirgan-davranislarindan-ve-polise-tukurmekten-dolayi-iki-adamin-tutuklandigini-bildirdi\/#primaryimage\",\"url\":\"https:\/\/avrupapress.com\/main\/wp-content\/uploads\/2020\/03\/66c5e426e7da2ea6351b3b6b52dda.jpg\",\"contentUrl\":\"https:\/\/avrupapress.com\/main\/wp-content\/uploads\/2020\/03\/66c5e426e7da2ea6351b3b6b52dda.jpg\",\"width\":1000,\"height\":600},{\"@type\":\"BreadcrumbList\",\"@id\":\"https:\/\/avrupapress.com\/2020\/03\/28\/anvers-ve-wommelgemde-saldirgan-davranislarindan-ve-polise-tukurmekten-dolayi-iki-adamin-tutuklandigini-bildirdi\/#breadcrumb\",\"itemListElement\":[{\"@type\":\"ListItem\",\"position\":1,\"name\":\"Anasayfa\",\"item\":\"https:\/\/avrupapress.com\/\"},{\"@type\":\"ListItem\",\"position\":2,\"name\":\"Anvers ve Wommelgem&#8217;de sald\u0131rgan davran\u0131\u015flar\u0131ndan ve polise t\u00fck\u00fcrmekten dolay\u0131 iki adam\u0131n tutukland\u0131\u011f\u0131n\u0131 bildirdi.\"}]},{\"@type\":\"WebSite\",\"@id\":\"https:\/\/avrupapress.com\/#website\",\"url\":\"https:\/\/avrupapress.com\/\",\"name\":\"AvrupaPress\",\"description\":\"Haberin Adresi\",\"publisher\":{\"@id\":\"https:\/\/avrupapress.com\/#\/schema\/person\/0223dca19c72c43575bf30d1a2d8f4fa\"},\"potentialAction\":[{\"@type\":\"SearchAction\",\"target\":{\"@type\":\"EntryPoint\",\"urlTemplate\":\"https:\/\/avrupapress.com\/?s={search_term_string}\"},\"query-input\":{\"@type\":\"PropertyValueSpecification\",\"valueRequired\":true,\"valueName\":\"search_term_string\"}}],\"inLanguage\":\"fr-BE\"},{\"@type\":[\"Person\",\"Organization\"],\"@id\":\"https:\/\/avrupapress.com\/#\/schema\/person\/0223dca19c72c43575bf30d1a2d8f4fa\",\"name\":\"Bilgin \u00d6z\u00e7ift\u00e7i\",\"image\":{\"@type\":\"ImageObject\",\"inLanguage\":\"fr-BE\",\"@id\":\"https:\/\/avrupapress.com\/#\/schema\/person\/image\/\",\"url\":\"https:\/\/secure.gravatar.com\/avatar\/0f23b280433a21e1ea7a0adcc46ed0ad16afe3ad8e630fd13d8a017dcbd54ef3?s=96&d=mm&r=g\",\"contentUrl\":\"https:\/\/secure.gravatar.com\/avatar\/0f23b280433a21e1ea7a0adcc46ed0ad16afe3ad8e630fd13d8a017dcbd54ef3?s=96&d=mm&r=g\",\"caption\":\"Bilgin \u00d6z\u00e7ift\u00e7i\"},\"logo\":{\"@id\":\"https:\/\/avrupapress.com\/#\/schema\/person\/image\/\"},\"description\":\"Ne ben, nede sen... Biz ancak \\\"biz\\\" olursak g\u00fc\u00e7l\u00fc olabiliriz\"},{\"@type\":\"Person\",\"@id\":\"https:\/\/avrupapress.com\/#\/schema\/person\/68428444ec60970d1e1b700cf4ca1e8f\",\"name\":\"Edit\u00f6r\",\"image\":{\"@type\":\"ImageObject\",\"inLanguage\":\"fr-BE\",\"@id\":\"https:\/\/avrupapress.com\/#\/schema\/person\/image\/\",\"url\":\"https:\/\/secure.gravatar.com\/avatar\/74996b0977aa5f1559ba9883776652508b229005c0d78fb2597897f0bd651c09?s=96&d=mm&r=g\",\"contentUrl\":\"https:\/\/secure.gravatar.com\/avatar\/74996b0977aa5f1559ba9883776652508b229005c0d78fb2597897f0bd651c09?s=96&d=mm&r=g\",\"caption\":\"Edit\u00f6r\"},\"sameAs\":[\"http:\/\/www.avrupapress.com\"],\"url\":\"https:\/\/avrupapress.com\/main\/author\/editor\/\"}]}<\/script>\n<!-- \/ Yoast SEO plugin. -->","yoast_head_json":{"title":"Anvers ve Wommelgem'de sald\u0131rgan davran\u0131\u015flar\u0131ndan ve polise t\u00fck\u00fcrmekten dolay\u0131 iki adam\u0131n tutukland\u0131\u011f\u0131n\u0131 bildirdi. - AvrupaPress","robots":{"index":"index","follow":"follow","max-snippet":"max-snippet:-1","max-image-preview":"max-image-preview:large","max-video-preview":"max-video-preview:-1"},"canonical":"https:\/\/avrupapress.com\/2020\/03\/28\/anvers-ve-wommelgemde-saldirgan-davranislarindan-ve-polise-tukurmekten-dolayi-iki-adamin-tutuklandigini-bildirdi\/","og_locale":"fr_FR","og_type":"article","og_title":"Anvers ve Wommelgem'de sald\u0131rgan davran\u0131\u015flar\u0131ndan ve polise t\u00fck\u00fcrmekten dolay\u0131 iki adam\u0131n tutukland\u0131\u011f\u0131n\u0131 bildirdi. - AvrupaPress","og_description":"Bel\u00e7ikanin anvers ve Wommelgem sehrinde koronavir\u00fcs\u00fc ta\u015fidiklarini idda eden uc adam polise y\u00fcz\u00fcne t\u00fck\u00fcrd\u00fcler. Antwerp savc\u0131l\u0131\u011f\u0131, Per\u015fembe g\u00fcn\u00fc Anvers ve Wommelgem&rsquo;de sald\u0131rgan davran\u0131\u015flar\u0131ndan ve polise t\u00fck\u00fcrmekten dolay\u0131 iki adam\u0131n tutukland\u0131\u011f\u0131n\u0131 bildirdi. Antwerp savc\u0131l\u0131\u011f\u0131, Per\u015fembe g\u00fcn\u00fc Anvers ve Wommelgem&rsquo;de sald\u0131rgan davran\u0131\u015flar\u0131ndan ve polise t\u00fck\u00fcrmekten dolay\u0131 tutuklanan iki adam\u0131n tutukland\u0131\u011f\u0131n\u0131 bildirdi. Tutukland\u0131klar\u0131nda, yeni koronavir\u00fcs ile enfekte olduklar\u0131n\u0131 [&hellip;]","og_url":"https:\/\/avrupapress.com\/2020\/03\/28\/anvers-ve-wommelgemde-saldirgan-davranislarindan-ve-polise-tukurmekten-dolayi-iki-adamin-tutuklandigini-bildirdi\/","og_site_name":"AvrupaPress","article_published_time":"2020-03-28T09:31:44+00:00","article_modified_time":"2020-03-28T09:31:46+00:00","og_image":[{"width":1000,"height":600,"url":"https:\/\/avrupapress.com\/wp-content\/uploads\/2020\/03\/66c5e426e7da2ea6351b3b6b52dda.jpg","type":"image\/jpeg"}],"author":"Edit\u00f6r","twitter_card":"summary_large_image","twitter_misc":{"\u00c9crit par":"Edit\u00f6r","Dur\u00e9e de lecture est.":"1 minute"},"schema":{"@context":"https:\/\/schema.org","@graph":[{"@type":"Article","@id":"https:\/\/avrupapress.com\/2020\/03\/28\/anvers-ve-wommelgemde-saldirgan-davranislarindan-ve-polise-tukurmekten-dolayi-iki-adamin-tutuklandigini-bildirdi\/#article","isPartOf":{"@id":"https:\/\/avrupapress.com\/2020\/03\/28\/anvers-ve-wommelgemde-saldirgan-davranislarindan-ve-polise-tukurmekten-dolayi-iki-adamin-tutuklandigini-bildirdi\/"},"author":{"name":"Edit\u00f6r","@id":"https:\/\/avrupapress.com\/#\/schema\/person\/68428444ec60970d1e1b700cf4ca1e8f"},"headline":"Anvers ve Wommelgem&rsquo;de sald\u0131rgan davran\u0131\u015flar\u0131ndan ve polise t\u00fck\u00fcrmekten dolay\u0131 iki adam\u0131n tutukland\u0131\u011f\u0131n\u0131 bildirdi.","datePublished":"2020-03-28T09:31:44+00:00","dateModified":"2020-03-28T09:31:46+00:00","mainEntityOfPage":{"@id":"https:\/\/avrupapress.com\/2020\/03\/28\/anvers-ve-wommelgemde-saldirgan-davranislarindan-ve-polise-tukurmekten-dolayi-iki-adamin-tutuklandigini-bildirdi\/"},"wordCount":239,"publisher":{"@id":"https:\/\/avrupapress.com\/#\/schema\/person\/0223dca19c72c43575bf30d1a2d8f4fa"},"image":{"@id":"https:\/\/avrupapress.com\/2020\/03\/28\/anvers-ve-wommelgemde-saldirgan-davranislarindan-ve-polise-tukurmekten-dolayi-iki-adamin-tutuklandigini-bildirdi\/#primaryimage"},"thumbnailUrl":"https:\/\/avrupapress.com\/main\/wp-content\/uploads\/2020\/03\/66c5e426e7da2ea6351b3b6b52dda.jpg","articleSection":["Avrupa","Bel\u00e7ika","D\u00fcnya"],"inLanguage":"fr-BE"},{"@type":"WebPage","@id":"https:\/\/avrupapress.com\/2020\/03\/28\/anvers-ve-wommelgemde-saldirgan-davranislarindan-ve-polise-tukurmekten-dolayi-iki-adamin-tutuklandigini-bildirdi\/","url":"https:\/\/avrupapress.com\/2020\/03\/28\/anvers-ve-wommelgemde-saldirgan-davranislarindan-ve-polise-tukurmekten-dolayi-iki-adamin-tutuklandigini-bildirdi\/","name":"Anvers ve Wommelgem'de sald\u0131rgan davran\u0131\u015flar\u0131ndan ve polise t\u00fck\u00fcrmekten dolay\u0131 iki adam\u0131n tutukland\u0131\u011f\u0131n\u0131 bildirdi. - AvrupaPress","isPartOf":{"@id":"https:\/\/avrupapress.com\/#website"},"primaryImageOfPage":{"@id":"https:\/\/avrupapress.com\/2020\/03\/28\/anvers-ve-wommelgemde-saldirgan-davranislarindan-ve-polise-tukurmekten-dolayi-iki-adamin-tutuklandigini-bildirdi\/#primaryimage"},"image":{"@id":"https:\/\/avrupapress.com\/2020\/03\/28\/anvers-ve-wommelgemde-saldirgan-davranislarindan-ve-polise-tukurmekten-dolayi-iki-adamin-tutuklandigini-bildirdi\/#primaryimage"},"thumbnailUrl":"https:\/\/avrupapress.com\/main\/wp-content\/uploads\/2020\/03\/66c5e426e7da2ea6351b3b6b52dda.jpg","datePublished":"2020-03-28T09:31:44+00:00","dateModified":"2020-03-28T09:31:46+00:00","breadcrumb":{"@id":"https:\/\/avrupapress.com\/2020\/03\/28\/anvers-ve-wommelgemde-saldirgan-davranislarindan-ve-polise-tukurmekten-dolayi-iki-adamin-tutuklandigini-bildirdi\/#breadcrumb"},"inLanguage":"fr-BE","potentialAction":[{"@type":"ReadAction","target":["https:\/\/avrupapress.com\/2020\/03\/28\/anvers-ve-wommelgemde-saldirgan-davranislarindan-ve-polise-tukurmekten-dolayi-iki-adamin-tutuklandigini-bildirdi\/"]}]},{"@type":"ImageObject","inLanguage":"fr-BE","@id":"https:\/\/avrupapress.com\/2020\/03\/28\/anvers-ve-wommelgemde-saldirgan-davranislarindan-ve-polise-tukurmekten-dolayi-iki-adamin-tutuklandigini-bildirdi\/#primaryimage","url":"https:\/\/avrupapress.com\/main\/wp-content\/uploads\/2020\/03\/66c5e426e7da2ea6351b3b6b52dda.jpg","contentUrl":"https:\/\/avrupapress.com\/main\/wp-content\/uploads\/2020\/03\/66c5e426e7da2ea6351b3b6b52dda.jpg","width":1000,"height":600},{"@type":"BreadcrumbList","@id":"https:\/\/avrupapress.com\/2020\/03\/28\/anvers-ve-wommelgemde-saldirgan-davranislarindan-ve-polise-tukurmekten-dolayi-iki-adamin-tutuklandigini-bildirdi\/#breadcrumb","itemListElement":[{"@type":"ListItem","position":1,"name":"Anasayfa","item":"https:\/\/avrupapress.com\/"},{"@type":"ListItem","position":2,"name":"Anvers ve Wommelgem&#8217;de sald\u0131rgan davran\u0131\u015flar\u0131ndan ve polise t\u00fck\u00fcrmekten dolay\u0131 iki adam\u0131n tutukland\u0131\u011f\u0131n\u0131 bildirdi."}]},{"@type":"WebSite","@id":"https:\/\/avrupapress.com\/#website","url":"https:\/\/avrupapress.com\/","name":"AvrupaPress","description":"Haberin Adresi","publisher":{"@id":"https:\/\/avrupapress.com\/#\/schema\/person\/0223dca19c72c43575bf30d1a2d8f4fa"},"potentialAction":[{"@type":"SearchAction","target":{"@type":"EntryPoint","urlTemplate":"https:\/\/avrupapress.com\/?s={search_term_string}"},"query-input":{"@type":"PropertyValueSpecification","valueRequired":true,"valueName":"search_term_string"}}],"inLanguage":"fr-BE"},{"@type":["Person","Organization"],"@id":"https:\/\/avrupapress.com\/#\/schema\/person\/0223dca19c72c43575bf30d1a2d8f4fa","name":"Bilgin \u00d6z\u00e7ift\u00e7i","image":{"@type":"ImageObject","inLanguage":"fr-BE","@id":"https:\/\/avrupapress.com\/#\/schema\/person\/image\/","url":"https:\/\/secure.gravatar.com\/avatar\/0f23b280433a21e1ea7a0adcc46ed0ad16afe3ad8e630fd13d8a017dcbd54ef3?s=96&d=mm&r=g","contentUrl":"https:\/\/secure.gravatar.com\/avatar\/0f23b280433a21e1ea7a0adcc46ed0ad16afe3ad8e630fd13d8a017dcbd54ef3?s=96&d=mm&r=g","caption":"Bilgin \u00d6z\u00e7ift\u00e7i"},"logo":{"@id":"https:\/\/avrupapress.com\/#\/schema\/person\/image\/"},"description":"Ne ben, nede sen... Biz ancak \"biz\" olursak g\u00fc\u00e7l\u00fc olabiliriz"},{"@type":"Person","@id":"https:\/\/avrupapress.com\/#\/schema\/person\/68428444ec60970d1e1b700cf4ca1e8f","name":"Edit\u00f6r","image":{"@type":"ImageObject","inLanguage":"fr-BE","@id":"https:\/\/avrupapress.com\/#\/schema\/person\/image\/","url":"https:\/\/secure.gravatar.com\/avatar\/74996b0977aa5f1559ba9883776652508b229005c0d78fb2597897f0bd651c09?s=96&d=mm&r=g","contentUrl":"https:\/\/secure.gravatar.com\/avatar\/74996b0977aa5f1559ba9883776652508b229005c0d78fb2597897f0bd651c09?s=96&d=mm&r=g","caption":"Edit\u00f6r"},"sameAs":["http:\/\/www.avrupapress.com"],"url":"https:\/\/avrupapress.com\/main\/author\/editor\/"}]}},"_links":{"self":[{"href":"https:\/\/avrupapress.com\/main\/wp-json\/wp\/v2\/posts\/11037","targetHints":{"allow":["GET"]}}],"collection":[{"href":"https:\/\/avrupapress.com\/main\/wp-json\/wp\/v2\/posts"}],"about":[{"href":"https:\/\/avrupapress.com\/main\/wp-json\/wp\/v2\/types\/post"}],"author":[{"embeddable":true,"href":"https:\/\/avrupapress.com\/main\/wp-json\/wp\/v2\/users\/3"}],"replies":[{"embeddable":true,"href":"https:\/\/avrupapress.com\/main\/wp-json\/wp\/v2\/comments?post=11037"}],"version-history":[{"count":1,"href":"https:\/\/avrupapress.com\/main\/wp-json\/wp\/v2\/posts\/11037\/revisions"}],"predecessor-version":[{"id":11039,"href":"https:\/\/avrupapress.com\/main\/wp-json\/wp\/v2\/posts\/11037\/revisions\/11039"}],"wp:featuredmedia":[{"embeddable":true,"href":"https:\/\/avrupapress.com\/main\/wp-json\/wp\/v2\/media\/11038"}],"wp:attachment":[{"href":"https:\/\/avrupapress.com\/main\/wp-json\/wp\/v2\/media?parent=11037"}],"wp:term":[{"taxonomy":"category","embeddable":true,"href":"https:\/\/avrupapress.com\/main\/wp-json\/wp\/v2\/categories?post=11037"},{"taxonomy":"post_tag","embeddable":true,"href":"https:\/\/avrupapress.com\/main\/wp-json\/wp\/v2\/tags?post=11037"}],"curies":[{"name":"wp","href":"https:\/\/api.w.org\/{rel}","templated":true}]}}