{"id":11034,"date":"2020-03-28T09:06:16","date_gmt":"2020-03-28T09:06:16","guid":{"rendered":"http:\/\/avrupapress.com\/main\/?p=11034"},"modified":"2020-03-28T09:06:18","modified_gmt":"2020-03-28T09:06:18","slug":"ulastirma-ve-altyapi-bakani-mehmet-cahit-turhan-cumhurbaskanligi-karari-ile-gorevden-alindi","status":"publish","type":"post","link":"https:\/\/avrupapress.com\/main\/2020\/03\/28\/ulastirma-ve-altyapi-bakani-mehmet-cahit-turhan-cumhurbaskanligi-karari-ile-gorevden-alindi\/","title":{"rendered":"Ula\u015ft\u0131rma ve Altyap\u0131 Bakan\u0131 Mehmet Cahit Turhan, Cumhurba\u015fkanl\u0131\u011f\u0131 karar\u0131 ile g\u00f6revden al\u0131nd\u0131"},"content":{"rendered":"\n<p><strong>Resmi Gazete&rsquo;de yer alan Cumhurba\u015fkanl\u0131\u011f\u0131 karar\u0131 ile Ula\u015ft\u0131rma ve Altyap\u0131 Bakan\u0131 Mehmet Cahit Turhan g\u00f6revden al\u0131nd\u0131. Bakanl\u0131\u011fa Adil Karaismailo\u011flu atand\u0131. Bu g\u00f6revden alma, 2018 y\u0131l\u0131nda ge\u00e7ilen Cumhurba\u015fkanl\u0131\u011f\u0131 H\u00fck\u00fcmet Sistemi ile kurulan kabinedeki ilk de\u011fi\u015fiklik oldu.<\/strong><\/p>\n\n\n\n<p>Ula\u015ft\u0131rma ve Altyap\u0131 Bakan\u0131 Cahit Turhan g\u00f6revden al\u0131nd\u0131, Bakanl\u0131\u011fa Adil Karaismailo\u011flu atand\u0131. Atamaya ili\u015fkin karar Resmi Gazete&rsquo;de yay\u0131mland\u0131.<\/p>\n\n\n\n<p>Resmi Gazete&rsquo;deki atama kararlar\u0131nda; \u00ab\u00a0Ula\u015ft\u0131rma ve Altyap\u0131 Bakan\u0131 Mehmet Cahit Turan&rsquo;\u0131n g\u00f6revine son verilmi\u015f ve bu suretle bo\u015falan Ula\u015ft\u0131rma ve Altyap\u0131 Bakanl\u0131\u011f\u0131na Adil Karaismailo\u011flu T\u00fcrkiye Cumhuriyeti Anayasas\u0131n\u0131n 104 \u00fcnc\u00fc ve 106&rsquo;nc\u0131 maddeleri gere\u011fince atanm\u0131\u015ft\u0131r\u00a0\u00bb denildi.<\/p>\n\n\n\n<figure class=\"wp-block-image\"><img decoding=\"async\" src=\"https:\/\/foto.haberler.com\/haber\/2020\/03\/28\/son-dakika-ulastirma-ve-altyapi-bakani-mehmet-13061624_1003_m.jpg\" alt=\"Son Dakika: Ula\u015ft\u0131rma ve Altyap\u0131 Bakan\u0131 Mehmet Cahit Turhan, Cumhurba\u015fkanl\u0131\u011f\u0131 karar\u0131 ile g\u00f6revden al\u0131nd\u0131\"\/><\/figure>\n\n\n\n<h3 class=\"wp-block-heading\">CUMHURBA\u015eKANLI\u011eI KAB\u0130NES\u0130NDE \u0130LK DE\u011e\u0130\u015e\u0130KL\u0130K<\/h3>\n\n\n\n<p>Mehmet Cahit Turhan&rsquo;\u0131n g\u00f6revden al\u0131nmas\u0131, 2018 y\u0131l\u0131nda ge\u00e7ilen Cumhurba\u015fkanl\u0131\u011f\u0131 H\u00fck\u00fcmet Sistemi ile kurulan kabinedeki ilk de\u011fi\u015fiklik oldu.<\/p>\n\n\n\n<h3 class=\"wp-block-heading\">AD\u0130L KARA\u0130SMA\u0130LO\u011eLU K\u0130MD\u0130R?<\/h3>\n\n\n\n<p>Adil Karaismailo\u011flu 19 May\u0131s 1969 tarihinde Trabzon&rsquo;da d\u00fcnyaya geldi. Evli ve 2 \u00e7ocuk babas\u0131d\u0131r. \u00dcniversite e\u011fitimini Karadeniz Teknik \u00dcniversitesi Makina M\u00fchendisli\u011fi b\u00f6l\u00fcm\u00fcnde tamamlad\u0131. Y\u00fcksek lisans\u0131n\u0131 ise Bah\u00e7e\u015fehir \u00dcniversitesi, Kentsel Sistemler ve Ula\u015ft\u0131rma Y\u00f6netimi b\u00f6l\u00fcm\u00fcnde tamamlad\u0131.<\/p>\n\n\n\n<p>May\u0131s 1995&rsquo;de \u0130stanbul B\u00fcy\u00fck\u015fehir Belediyesi Ula\u015f\u0131m Koordinasyon M\u00fcd\u00fcrl\u00fc\u011f\u00fc&rsquo;nde ilk g\u00f6revine ba\u015flayan Karaismailo\u011flu. 1998 y\u0131l\u0131nda \u0130ETT Genel M\u00fcd\u00fcrl\u00fc\u011f\u00fc&rsquo;ne ge\u00e7ti. \u0130ETT&rsquo;nin \u00e7e\u015fitli birimlerinde m\u00fchendis ve y\u00f6netici olarak g\u00f6rev yapt\u0131.<\/p>\n\n\n\n<figure class=\"wp-block-image\"><img decoding=\"async\" src=\"https:\/\/foto.haberler.com\/haber\/2020\/03\/28\/son-dakika-ulastirma-ve-altyapi-bakani-mehmet-13061624_4290_m.jpg\" alt=\"Son Dakika: Ula\u015ft\u0131rma ve Altyap\u0131 Bakan\u0131 Mehmet Cahit Turhan, Cumhurba\u015fkanl\u0131\u011f\u0131 karar\u0131 ile g\u00f6revden al\u0131nd\u0131\"\/><figcaption>Adil Karaismailo\u011flu<\/figcaption><\/figure>\n\n\n\n<p>2002 y\u0131l\u0131ndan itibaren \u0130BB Trafik M\u00fcd\u00fcrl\u00fc\u011f\u00fc&rsquo;nde trafik kontrol merkezi, sinyalizasyon, ak\u0131ll\u0131 trafik sistemlerinden sorumlu M\u00fcd\u00fcr Yard\u0131mc\u0131s\u0131 olarak \u00e7al\u0131\u015fmakta iken 16 Kas\u0131m 2009 tarihinde Ula\u015f\u0131m Koordinasyon M\u00fcd\u00fcrl\u00fc\u011f\u00fc&rsquo;ne atand\u0131.<\/p>\n\n\n\n<p>23 Temmuz 2014 tarihinde Ula\u015f\u0131m Daire Ba\u015fkanl\u0131\u011f\u0131 g\u00f6revine getirildi. Ula\u015f\u0131m ile ilgili, \u0130stanbul genelinde bir\u00e7ok projenin hayata ge\u00e7irilmesine katk\u0131 sa\u011flad\u0131. Temmuz 2016&rsquo;da Ba\u015fbakanl\u0131k Toplu Konut \u0130daresi&rsquo;nde (TOK\u0130) \u0130stanbul Emlak Dairesi Ba\u015fkanl\u0131\u011f\u0131 g\u00f6revine atand\u0131. 26 Nisan 2018 tarihinde \u0130stanbul B\u00fcy\u00fck\u015fehir Belediye Ba\u015fkanl\u0131\u011f\u0131nda ula\u015f\u0131m, \u00e7evre ve teknoloji yat\u0131r\u0131mlar\u0131ndan sorumlu Genel Sekreter Yard\u0131mc\u0131l\u0131\u011f\u0131 g\u00f6revine atanm\u0131\u015ft\u0131r.<\/p>\n\n\n\n<h3 class=\"wp-block-heading\">MEHMET CAH\u0130T TURHAN K\u0130MD\u0130R?<\/h3>\n\n\n\n<p>59 ya\u015f\u0131nda olan Mehmet Cahit Turhan, aslen Trabzonlu&rsquo;dur.<\/p>\n\n\n\n<p>1981 y\u0131l\u0131nda Karadeniz Teknik \u00dcniversitesi (KT\u00dc) \u0130n\u015faat-Mimarl\u0131k Fak\u00fcltesi \u0130n\u015faat M\u00fchendisli\u011fi B\u00f6l\u00fcm\u00fcn\u00fc bitirdi. Lisans e\u011fitiminden sonra Karadeniz Teknik \u00dcniversitesi&rsquo;nde y\u00fcksek lisans yapt\u0131.<\/p>\n\n\n\n<p>\u00c7al\u0131\u015fma hayat\u0131na 1985 y\u0131l\u0131nda \u0130stanbul 17. B\u00f6lge M\u00fcd\u00fcrl\u00fc\u011f\u00fc Kap\u0131kule-Edirne Yolu (Edirne Kent Ge\u00e7i\u015fi) Grup \u015eefli\u011fi emrinde M\u00fchendis olarak ba\u015flad\u0131, Karayollar\u0131 Genel M\u00fcd\u00fcrl\u00fc\u011f\u00fc&rsquo;n\u00fcn \u00e7e\u015fitli te\u015fkilatlar\u0131nda b\u00fcrokratik g\u00f6revler \u00fcstlendi. Ocak 2006 tarihinde Karayollar\u0131 Genel M\u00fcd\u00fcr\u00fc olarak g\u00f6reve ba\u015flad\u0131. A\u011fustos 2015 tarihinde bu g\u00f6revden al\u0131narak Cumhurba\u015fkanl\u0131\u011f\u0131 ba\u015fdan\u0131\u015fman\u0131 olarak atand\u0131. 2 Ekim 2015 tarihinde ise Cumhurba\u015fkan\u0131 Recep Tayyip Erdo\u011fan taraf\u0131ndan Dan\u0131\u015ftay \u00fcyeli\u011fine atand\u0131.<\/p>\n\n\n\n<figure class=\"wp-block-image\"><img decoding=\"async\" src=\"https:\/\/foto.haberler.com\/haber\/2020\/03\/28\/son-dakika-ulastirma-ve-altyapi-bakani-mehmet-13061624_1641_m.jpg\" alt=\"Son Dakika: Ula\u015ft\u0131rma ve Altyap\u0131 Bakan\u0131 Mehmet Cahit Turhan, Cumhurba\u015fkanl\u0131\u011f\u0131 karar\u0131 ile g\u00f6revden al\u0131nd\u0131\"\/><\/figure>\n\n\n\n<p>23 Temmuz 2016 tarihinde g\u00f6revi sona erdi. 10 Temmuz 2018 tarihinde Cumhurba\u015fkan\u0131 Recep Tayyip Erdo\u011fan taraf\u0131ndan Ula\u015ft\u0131rma ve Altyap\u0131 Bakan\u0131 olarak atanm\u0131\u015ft\u0131.<\/p>\n\n\n\n<figure class=\"wp-block-image\"><img decoding=\"async\" src=\"https:\/\/foto.haberler.com\/haber\/2020\/03\/28\/son-dakika-ulastirma-ve-altyapi-bakani-mehmet-13061624_7897_o.jpg\" alt=\"Son Dakika: Ula\u015ft\u0131rma ve Altyap\u0131 Bakan\u0131 Mehmet Cahit Turhan, Cumhurba\u015fkanl\u0131\u011f\u0131 karar\u0131 ile g\u00f6revden al\u0131nd\u0131\"\/><\/figure>\n\n\n\n<p><a href=\"https:\/\/www.haberler.com\/video\/son-dakika-ulastirma-ve-altyapi-bakani-mehmet-13061624-videosu\/\">Haberin Videosu:&nbsp;Ula\u015ft\u0131rma ve Altyap\u0131 Bakan\u0131 Mehmet Cahit Turhan Cumhurba\u015fkanl\u0131\u011f\u0131 karar\u0131 ile g\u00f6revden al\u0131nd\u0131<\/a><\/p>\n","protected":false},"excerpt":{"rendered":"<p>Resmi Gazete&rsquo;de yer alan Cumhurba\u015fkanl\u0131\u011f\u0131 karar\u0131 ile Ula\u015ft\u0131rma ve Altyap\u0131 Bakan\u0131 Mehmet Cahit Turhan g\u00f6revden al\u0131nd\u0131. Bakanl\u0131\u011fa Adil Karaismailo\u011flu atand\u0131. Bu g\u00f6revden alma, 2018 y\u0131l\u0131nda ge\u00e7ilen Cumhurba\u015fkanl\u0131\u011f\u0131 H\u00fck\u00fcmet Sistemi ile kurulan kabinedeki ilk de\u011fi\u015fiklik oldu. Ula\u015ft\u0131rma ve Altyap\u0131 Bakan\u0131 Cahit Turhan g\u00f6revden al\u0131nd\u0131, Bakanl\u0131\u011fa Adil Karaismailo\u011flu atand\u0131. Atamaya ili\u015fkin karar Resmi Gazete&rsquo;de yay\u0131mland\u0131. Resmi Gazete&rsquo;deki [&hellip;]<\/p>\n","protected":false},"author":3,"featured_media":11035,"comment_status":"closed","ping_status":"open","sticky":false,"template":"","format":"standard","meta":{"footnotes":""},"categories":[14,16,3,17,18,15,19,2,1],"tags":[5163],"class_list":["post-11034","post","type-post","status-publish","format-standard","has-post-thumbnail","hentry","category-avrupa","category-belcika","category-dunya","category-ekonomi","category-kultur-sanat","category-spor","category-tanitim","category-turkiye","category-uncategorized","tag-ulastirma-ve-altyapi-bakani-mehmet-cahit-turhan"],"yoast_head":"<!-- This site is optimized with the Yoast SEO plugin v26.9 - https:\/\/yoast.com\/product\/yoast-seo-wordpress\/ -->\n<title>Ula\u015ft\u0131rma ve Altyap\u0131 Bakan\u0131 Mehmet Cahit Turhan, Cumhurba\u015fkanl\u0131\u011f\u0131 karar\u0131 ile g\u00f6revden al\u0131nd\u0131 - AvrupaPress<\/title>\n<meta name=\"robots\" content=\"index, follow, max-snippet:-1, max-image-preview:large, max-video-preview:-1\" \/>\n<link rel=\"canonical\" href=\"https:\/\/avrupapress.com\/2020\/03\/28\/ulastirma-ve-altyapi-bakani-mehmet-cahit-turhan-cumhurbaskanligi-karari-ile-gorevden-alindi\/\" \/>\n<meta property=\"og:locale\" content=\"fr_FR\" \/>\n<meta property=\"og:type\" content=\"article\" \/>\n<meta property=\"og:title\" content=\"Ula\u015ft\u0131rma ve Altyap\u0131 Bakan\u0131 Mehmet Cahit Turhan, Cumhurba\u015fkanl\u0131\u011f\u0131 karar\u0131 ile g\u00f6revden al\u0131nd\u0131 - AvrupaPress\" \/>\n<meta property=\"og:description\" content=\"Resmi Gazete&rsquo;de yer alan Cumhurba\u015fkanl\u0131\u011f\u0131 karar\u0131 ile Ula\u015ft\u0131rma ve Altyap\u0131 Bakan\u0131 Mehmet Cahit Turhan g\u00f6revden al\u0131nd\u0131. Bakanl\u0131\u011fa Adil Karaismailo\u011flu atand\u0131. Bu g\u00f6revden alma, 2018 y\u0131l\u0131nda ge\u00e7ilen Cumhurba\u015fkanl\u0131\u011f\u0131 H\u00fck\u00fcmet Sistemi ile kurulan kabinedeki ilk de\u011fi\u015fiklik oldu. Ula\u015ft\u0131rma ve Altyap\u0131 Bakan\u0131 Cahit Turhan g\u00f6revden al\u0131nd\u0131, Bakanl\u0131\u011fa Adil Karaismailo\u011flu atand\u0131. Atamaya ili\u015fkin karar Resmi Gazete&rsquo;de yay\u0131mland\u0131. Resmi Gazete&rsquo;deki [&hellip;]\" \/>\n<meta property=\"og:url\" content=\"https:\/\/avrupapress.com\/2020\/03\/28\/ulastirma-ve-altyapi-bakani-mehmet-cahit-turhan-cumhurbaskanligi-karari-ile-gorevden-alindi\/\" \/>\n<meta property=\"og:site_name\" content=\"AvrupaPress\" \/>\n<meta property=\"article:published_time\" content=\"2020-03-28T09:06:16+00:00\" \/>\n<meta property=\"article:modified_time\" content=\"2020-03-28T09:06:18+00:00\" \/>\n<meta property=\"og:image\" content=\"https:\/\/avrupapress.com\/wp-content\/uploads\/2020\/03\/ulastirma-ve-altyapi-bakani-cahit-turhan-in-13062398_9087_o.jpg\" \/>\n\t<meta property=\"og:image:width\" content=\"640\" \/>\n\t<meta property=\"og:image:height\" content=\"361\" \/>\n\t<meta property=\"og:image:type\" content=\"image\/jpeg\" \/>\n<meta name=\"author\" content=\"Edit\u00f6r\" \/>\n<meta name=\"twitter:card\" content=\"summary_large_image\" \/>\n<meta name=\"twitter:label1\" content=\"\u00c9crit par\" \/>\n\t<meta name=\"twitter:data1\" content=\"Edit\u00f6r\" \/>\n\t<meta name=\"twitter:label2\" content=\"Dur\u00e9e de lecture est.\" \/>\n\t<meta name=\"twitter:data2\" content=\"3 minutes\" \/>\n<script type=\"application\/ld+json\" class=\"yoast-schema-graph\">{\"@context\":\"https:\/\/schema.org\",\"@graph\":[{\"@type\":\"Article\",\"@id\":\"https:\/\/avrupapress.com\/2020\/03\/28\/ulastirma-ve-altyapi-bakani-mehmet-cahit-turhan-cumhurbaskanligi-karari-ile-gorevden-alindi\/#article\",\"isPartOf\":{\"@id\":\"https:\/\/avrupapress.com\/2020\/03\/28\/ulastirma-ve-altyapi-bakani-mehmet-cahit-turhan-cumhurbaskanligi-karari-ile-gorevden-alindi\/\"},\"author\":{\"name\":\"Edit\u00f6r\",\"@id\":\"https:\/\/avrupapress.com\/#\/schema\/person\/68428444ec60970d1e1b700cf4ca1e8f\"},\"headline\":\"Ula\u015ft\u0131rma ve Altyap\u0131 Bakan\u0131 Mehmet Cahit Turhan, Cumhurba\u015fkanl\u0131\u011f\u0131 karar\u0131 ile g\u00f6revden al\u0131nd\u0131\",\"datePublished\":\"2020-03-28T09:06:16+00:00\",\"dateModified\":\"2020-03-28T09:06:18+00:00\",\"mainEntityOfPage\":{\"@id\":\"https:\/\/avrupapress.com\/2020\/03\/28\/ulastirma-ve-altyapi-bakani-mehmet-cahit-turhan-cumhurbaskanligi-karari-ile-gorevden-alindi\/\"},\"wordCount\":588,\"publisher\":{\"@id\":\"https:\/\/avrupapress.com\/#\/schema\/person\/0223dca19c72c43575bf30d1a2d8f4fa\"},\"image\":{\"@id\":\"https:\/\/avrupapress.com\/2020\/03\/28\/ulastirma-ve-altyapi-bakani-mehmet-cahit-turhan-cumhurbaskanligi-karari-ile-gorevden-alindi\/#primaryimage\"},\"thumbnailUrl\":\"https:\/\/avrupapress.com\/main\/wp-content\/uploads\/2020\/03\/ulastirma-ve-altyapi-bakani-cahit-turhan-in-13062398_9087_o.jpg\",\"keywords\":[\"Ula\u015ft\u0131rma ve Altyap\u0131 Bakan\u0131 Mehmet Cahit Turhan\"],\"articleSection\":[\"Avrupa\",\"Bel\u00e7ika\",\"D\u00fcnya\",\"Ekonomi\",\"K\u00fclt\u00fcr-Sanat\",\"Spor\",\"Tan\u0131t\u0131m\",\"T\u00fcrkiye\",\"Uncategorized\"],\"inLanguage\":\"fr-BE\"},{\"@type\":\"WebPage\",\"@id\":\"https:\/\/avrupapress.com\/2020\/03\/28\/ulastirma-ve-altyapi-bakani-mehmet-cahit-turhan-cumhurbaskanligi-karari-ile-gorevden-alindi\/\",\"url\":\"https:\/\/avrupapress.com\/2020\/03\/28\/ulastirma-ve-altyapi-bakani-mehmet-cahit-turhan-cumhurbaskanligi-karari-ile-gorevden-alindi\/\",\"name\":\"Ula\u015ft\u0131rma ve Altyap\u0131 Bakan\u0131 Mehmet Cahit Turhan, Cumhurba\u015fkanl\u0131\u011f\u0131 karar\u0131 ile g\u00f6revden al\u0131nd\u0131 - AvrupaPress\",\"isPartOf\":{\"@id\":\"https:\/\/avrupapress.com\/#website\"},\"primaryImageOfPage\":{\"@id\":\"https:\/\/avrupapress.com\/2020\/03\/28\/ulastirma-ve-altyapi-bakani-mehmet-cahit-turhan-cumhurbaskanligi-karari-ile-gorevden-alindi\/#primaryimage\"},\"image\":{\"@id\":\"https:\/\/avrupapress.com\/2020\/03\/28\/ulastirma-ve-altyapi-bakani-mehmet-cahit-turhan-cumhurbaskanligi-karari-ile-gorevden-alindi\/#primaryimage\"},\"thumbnailUrl\":\"https:\/\/avrupapress.com\/main\/wp-content\/uploads\/2020\/03\/ulastirma-ve-altyapi-bakani-cahit-turhan-in-13062398_9087_o.jpg\",\"datePublished\":\"2020-03-28T09:06:16+00:00\",\"dateModified\":\"2020-03-28T09:06:18+00:00\",\"breadcrumb\":{\"@id\":\"https:\/\/avrupapress.com\/2020\/03\/28\/ulastirma-ve-altyapi-bakani-mehmet-cahit-turhan-cumhurbaskanligi-karari-ile-gorevden-alindi\/#breadcrumb\"},\"inLanguage\":\"fr-BE\",\"potentialAction\":[{\"@type\":\"ReadAction\",\"target\":[\"https:\/\/avrupapress.com\/2020\/03\/28\/ulastirma-ve-altyapi-bakani-mehmet-cahit-turhan-cumhurbaskanligi-karari-ile-gorevden-alindi\/\"]}]},{\"@type\":\"ImageObject\",\"inLanguage\":\"fr-BE\",\"@id\":\"https:\/\/avrupapress.com\/2020\/03\/28\/ulastirma-ve-altyapi-bakani-mehmet-cahit-turhan-cumhurbaskanligi-karari-ile-gorevden-alindi\/#primaryimage\",\"url\":\"https:\/\/avrupapress.com\/main\/wp-content\/uploads\/2020\/03\/ulastirma-ve-altyapi-bakani-cahit-turhan-in-13062398_9087_o.jpg\",\"contentUrl\":\"https:\/\/avrupapress.com\/main\/wp-content\/uploads\/2020\/03\/ulastirma-ve-altyapi-bakani-cahit-turhan-in-13062398_9087_o.jpg\",\"width\":640,\"height\":361},{\"@type\":\"BreadcrumbList\",\"@id\":\"https:\/\/avrupapress.com\/2020\/03\/28\/ulastirma-ve-altyapi-bakani-mehmet-cahit-turhan-cumhurbaskanligi-karari-ile-gorevden-alindi\/#breadcrumb\",\"itemListElement\":[{\"@type\":\"ListItem\",\"position\":1,\"name\":\"Anasayfa\",\"item\":\"https:\/\/avrupapress.com\/\"},{\"@type\":\"ListItem\",\"position\":2,\"name\":\"Ula\u015ft\u0131rma ve Altyap\u0131 Bakan\u0131 Mehmet Cahit Turhan, Cumhurba\u015fkanl\u0131\u011f\u0131 karar\u0131 ile g\u00f6revden al\u0131nd\u0131\"}]},{\"@type\":\"WebSite\",\"@id\":\"https:\/\/avrupapress.com\/#website\",\"url\":\"https:\/\/avrupapress.com\/\",\"name\":\"AvrupaPress\",\"description\":\"Haberin Adresi\",\"publisher\":{\"@id\":\"https:\/\/avrupapress.com\/#\/schema\/person\/0223dca19c72c43575bf30d1a2d8f4fa\"},\"potentialAction\":[{\"@type\":\"SearchAction\",\"target\":{\"@type\":\"EntryPoint\",\"urlTemplate\":\"https:\/\/avrupapress.com\/?s={search_term_string}\"},\"query-input\":{\"@type\":\"PropertyValueSpecification\",\"valueRequired\":true,\"valueName\":\"search_term_string\"}}],\"inLanguage\":\"fr-BE\"},{\"@type\":[\"Person\",\"Organization\"],\"@id\":\"https:\/\/avrupapress.com\/#\/schema\/person\/0223dca19c72c43575bf30d1a2d8f4fa\",\"name\":\"Bilgin \u00d6z\u00e7ift\u00e7i\",\"image\":{\"@type\":\"ImageObject\",\"inLanguage\":\"fr-BE\",\"@id\":\"https:\/\/avrupapress.com\/#\/schema\/person\/image\/\",\"url\":\"https:\/\/secure.gravatar.com\/avatar\/0f23b280433a21e1ea7a0adcc46ed0ad16afe3ad8e630fd13d8a017dcbd54ef3?s=96&d=mm&r=g\",\"contentUrl\":\"https:\/\/secure.gravatar.com\/avatar\/0f23b280433a21e1ea7a0adcc46ed0ad16afe3ad8e630fd13d8a017dcbd54ef3?s=96&d=mm&r=g\",\"caption\":\"Bilgin \u00d6z\u00e7ift\u00e7i\"},\"logo\":{\"@id\":\"https:\/\/avrupapress.com\/#\/schema\/person\/image\/\"},\"description\":\"Ne ben, nede sen... Biz ancak \\\"biz\\\" olursak g\u00fc\u00e7l\u00fc olabiliriz\"},{\"@type\":\"Person\",\"@id\":\"https:\/\/avrupapress.com\/#\/schema\/person\/68428444ec60970d1e1b700cf4ca1e8f\",\"name\":\"Edit\u00f6r\",\"image\":{\"@type\":\"ImageObject\",\"inLanguage\":\"fr-BE\",\"@id\":\"https:\/\/avrupapress.com\/#\/schema\/person\/image\/\",\"url\":\"https:\/\/secure.gravatar.com\/avatar\/74996b0977aa5f1559ba9883776652508b229005c0d78fb2597897f0bd651c09?s=96&d=mm&r=g\",\"contentUrl\":\"https:\/\/secure.gravatar.com\/avatar\/74996b0977aa5f1559ba9883776652508b229005c0d78fb2597897f0bd651c09?s=96&d=mm&r=g\",\"caption\":\"Edit\u00f6r\"},\"sameAs\":[\"http:\/\/www.avrupapress.com\"],\"url\":\"https:\/\/avrupapress.com\/main\/author\/editor\/\"}]}<\/script>\n<!-- \/ Yoast SEO plugin. -->","yoast_head_json":{"title":"Ula\u015ft\u0131rma ve Altyap\u0131 Bakan\u0131 Mehmet Cahit Turhan, Cumhurba\u015fkanl\u0131\u011f\u0131 karar\u0131 ile g\u00f6revden al\u0131nd\u0131 - AvrupaPress","robots":{"index":"index","follow":"follow","max-snippet":"max-snippet:-1","max-image-preview":"max-image-preview:large","max-video-preview":"max-video-preview:-1"},"canonical":"https:\/\/avrupapress.com\/2020\/03\/28\/ulastirma-ve-altyapi-bakani-mehmet-cahit-turhan-cumhurbaskanligi-karari-ile-gorevden-alindi\/","og_locale":"fr_FR","og_type":"article","og_title":"Ula\u015ft\u0131rma ve Altyap\u0131 Bakan\u0131 Mehmet Cahit Turhan, Cumhurba\u015fkanl\u0131\u011f\u0131 karar\u0131 ile g\u00f6revden al\u0131nd\u0131 - AvrupaPress","og_description":"Resmi Gazete&rsquo;de yer alan Cumhurba\u015fkanl\u0131\u011f\u0131 karar\u0131 ile Ula\u015ft\u0131rma ve Altyap\u0131 Bakan\u0131 Mehmet Cahit Turhan g\u00f6revden al\u0131nd\u0131. Bakanl\u0131\u011fa Adil Karaismailo\u011flu atand\u0131. Bu g\u00f6revden alma, 2018 y\u0131l\u0131nda ge\u00e7ilen Cumhurba\u015fkanl\u0131\u011f\u0131 H\u00fck\u00fcmet Sistemi ile kurulan kabinedeki ilk de\u011fi\u015fiklik oldu. Ula\u015ft\u0131rma ve Altyap\u0131 Bakan\u0131 Cahit Turhan g\u00f6revden al\u0131nd\u0131, Bakanl\u0131\u011fa Adil Karaismailo\u011flu atand\u0131. Atamaya ili\u015fkin karar Resmi Gazete&rsquo;de yay\u0131mland\u0131. Resmi Gazete&rsquo;deki [&hellip;]","og_url":"https:\/\/avrupapress.com\/2020\/03\/28\/ulastirma-ve-altyapi-bakani-mehmet-cahit-turhan-cumhurbaskanligi-karari-ile-gorevden-alindi\/","og_site_name":"AvrupaPress","article_published_time":"2020-03-28T09:06:16+00:00","article_modified_time":"2020-03-28T09:06:18+00:00","og_image":[{"width":640,"height":361,"url":"https:\/\/avrupapress.com\/wp-content\/uploads\/2020\/03\/ulastirma-ve-altyapi-bakani-cahit-turhan-in-13062398_9087_o.jpg","type":"image\/jpeg"}],"author":"Edit\u00f6r","twitter_card":"summary_large_image","twitter_misc":{"\u00c9crit par":"Edit\u00f6r","Dur\u00e9e de lecture est.":"3 minutes"},"schema":{"@context":"https:\/\/schema.org","@graph":[{"@type":"Article","@id":"https:\/\/avrupapress.com\/2020\/03\/28\/ulastirma-ve-altyapi-bakani-mehmet-cahit-turhan-cumhurbaskanligi-karari-ile-gorevden-alindi\/#article","isPartOf":{"@id":"https:\/\/avrupapress.com\/2020\/03\/28\/ulastirma-ve-altyapi-bakani-mehmet-cahit-turhan-cumhurbaskanligi-karari-ile-gorevden-alindi\/"},"author":{"name":"Edit\u00f6r","@id":"https:\/\/avrupapress.com\/#\/schema\/person\/68428444ec60970d1e1b700cf4ca1e8f"},"headline":"Ula\u015ft\u0131rma ve Altyap\u0131 Bakan\u0131 Mehmet Cahit Turhan, Cumhurba\u015fkanl\u0131\u011f\u0131 karar\u0131 ile g\u00f6revden al\u0131nd\u0131","datePublished":"2020-03-28T09:06:16+00:00","dateModified":"2020-03-28T09:06:18+00:00","mainEntityOfPage":{"@id":"https:\/\/avrupapress.com\/2020\/03\/28\/ulastirma-ve-altyapi-bakani-mehmet-cahit-turhan-cumhurbaskanligi-karari-ile-gorevden-alindi\/"},"wordCount":588,"publisher":{"@id":"https:\/\/avrupapress.com\/#\/schema\/person\/0223dca19c72c43575bf30d1a2d8f4fa"},"image":{"@id":"https:\/\/avrupapress.com\/2020\/03\/28\/ulastirma-ve-altyapi-bakani-mehmet-cahit-turhan-cumhurbaskanligi-karari-ile-gorevden-alindi\/#primaryimage"},"thumbnailUrl":"https:\/\/avrupapress.com\/main\/wp-content\/uploads\/2020\/03\/ulastirma-ve-altyapi-bakani-cahit-turhan-in-13062398_9087_o.jpg","keywords":["Ula\u015ft\u0131rma ve Altyap\u0131 Bakan\u0131 Mehmet Cahit Turhan"],"articleSection":["Avrupa","Bel\u00e7ika","D\u00fcnya","Ekonomi","K\u00fclt\u00fcr-Sanat","Spor","Tan\u0131t\u0131m","T\u00fcrkiye","Uncategorized"],"inLanguage":"fr-BE"},{"@type":"WebPage","@id":"https:\/\/avrupapress.com\/2020\/03\/28\/ulastirma-ve-altyapi-bakani-mehmet-cahit-turhan-cumhurbaskanligi-karari-ile-gorevden-alindi\/","url":"https:\/\/avrupapress.com\/2020\/03\/28\/ulastirma-ve-altyapi-bakani-mehmet-cahit-turhan-cumhurbaskanligi-karari-ile-gorevden-alindi\/","name":"Ula\u015ft\u0131rma ve Altyap\u0131 Bakan\u0131 Mehmet Cahit Turhan, Cumhurba\u015fkanl\u0131\u011f\u0131 karar\u0131 ile g\u00f6revden al\u0131nd\u0131 - AvrupaPress","isPartOf":{"@id":"https:\/\/avrupapress.com\/#website"},"primaryImageOfPage":{"@id":"https:\/\/avrupapress.com\/2020\/03\/28\/ulastirma-ve-altyapi-bakani-mehmet-cahit-turhan-cumhurbaskanligi-karari-ile-gorevden-alindi\/#primaryimage"},"image":{"@id":"https:\/\/avrupapress.com\/2020\/03\/28\/ulastirma-ve-altyapi-bakani-mehmet-cahit-turhan-cumhurbaskanligi-karari-ile-gorevden-alindi\/#primaryimage"},"thumbnailUrl":"https:\/\/avrupapress.com\/main\/wp-content\/uploads\/2020\/03\/ulastirma-ve-altyapi-bakani-cahit-turhan-in-13062398_9087_o.jpg","datePublished":"2020-03-28T09:06:16+00:00","dateModified":"2020-03-28T09:06:18+00:00","breadcrumb":{"@id":"https:\/\/avrupapress.com\/2020\/03\/28\/ulastirma-ve-altyapi-bakani-mehmet-cahit-turhan-cumhurbaskanligi-karari-ile-gorevden-alindi\/#breadcrumb"},"inLanguage":"fr-BE","potentialAction":[{"@type":"ReadAction","target":["https:\/\/avrupapress.com\/2020\/03\/28\/ulastirma-ve-altyapi-bakani-mehmet-cahit-turhan-cumhurbaskanligi-karari-ile-gorevden-alindi\/"]}]},{"@type":"ImageObject","inLanguage":"fr-BE","@id":"https:\/\/avrupapress.com\/2020\/03\/28\/ulastirma-ve-altyapi-bakani-mehmet-cahit-turhan-cumhurbaskanligi-karari-ile-gorevden-alindi\/#primaryimage","url":"https:\/\/avrupapress.com\/main\/wp-content\/uploads\/2020\/03\/ulastirma-ve-altyapi-bakani-cahit-turhan-in-13062398_9087_o.jpg","contentUrl":"https:\/\/avrupapress.com\/main\/wp-content\/uploads\/2020\/03\/ulastirma-ve-altyapi-bakani-cahit-turhan-in-13062398_9087_o.jpg","width":640,"height":361},{"@type":"BreadcrumbList","@id":"https:\/\/avrupapress.com\/2020\/03\/28\/ulastirma-ve-altyapi-bakani-mehmet-cahit-turhan-cumhurbaskanligi-karari-ile-gorevden-alindi\/#breadcrumb","itemListElement":[{"@type":"ListItem","position":1,"name":"Anasayfa","item":"https:\/\/avrupapress.com\/"},{"@type":"ListItem","position":2,"name":"Ula\u015ft\u0131rma ve Altyap\u0131 Bakan\u0131 Mehmet Cahit Turhan, Cumhurba\u015fkanl\u0131\u011f\u0131 karar\u0131 ile g\u00f6revden al\u0131nd\u0131"}]},{"@type":"WebSite","@id":"https:\/\/avrupapress.com\/#website","url":"https:\/\/avrupapress.com\/","name":"AvrupaPress","description":"Haberin Adresi","publisher":{"@id":"https:\/\/avrupapress.com\/#\/schema\/person\/0223dca19c72c43575bf30d1a2d8f4fa"},"potentialAction":[{"@type":"SearchAction","target":{"@type":"EntryPoint","urlTemplate":"https:\/\/avrupapress.com\/?s={search_term_string}"},"query-input":{"@type":"PropertyValueSpecification","valueRequired":true,"valueName":"search_term_string"}}],"inLanguage":"fr-BE"},{"@type":["Person","Organization"],"@id":"https:\/\/avrupapress.com\/#\/schema\/person\/0223dca19c72c43575bf30d1a2d8f4fa","name":"Bilgin \u00d6z\u00e7ift\u00e7i","image":{"@type":"ImageObject","inLanguage":"fr-BE","@id":"https:\/\/avrupapress.com\/#\/schema\/person\/image\/","url":"https:\/\/secure.gravatar.com\/avatar\/0f23b280433a21e1ea7a0adcc46ed0ad16afe3ad8e630fd13d8a017dcbd54ef3?s=96&d=mm&r=g","contentUrl":"https:\/\/secure.gravatar.com\/avatar\/0f23b280433a21e1ea7a0adcc46ed0ad16afe3ad8e630fd13d8a017dcbd54ef3?s=96&d=mm&r=g","caption":"Bilgin \u00d6z\u00e7ift\u00e7i"},"logo":{"@id":"https:\/\/avrupapress.com\/#\/schema\/person\/image\/"},"description":"Ne ben, nede sen... Biz ancak \"biz\" olursak g\u00fc\u00e7l\u00fc olabiliriz"},{"@type":"Person","@id":"https:\/\/avrupapress.com\/#\/schema\/person\/68428444ec60970d1e1b700cf4ca1e8f","name":"Edit\u00f6r","image":{"@type":"ImageObject","inLanguage":"fr-BE","@id":"https:\/\/avrupapress.com\/#\/schema\/person\/image\/","url":"https:\/\/secure.gravatar.com\/avatar\/74996b0977aa5f1559ba9883776652508b229005c0d78fb2597897f0bd651c09?s=96&d=mm&r=g","contentUrl":"https:\/\/secure.gravatar.com\/avatar\/74996b0977aa5f1559ba9883776652508b229005c0d78fb2597897f0bd651c09?s=96&d=mm&r=g","caption":"Edit\u00f6r"},"sameAs":["http:\/\/www.avrupapress.com"],"url":"https:\/\/avrupapress.com\/main\/author\/editor\/"}]}},"_links":{"self":[{"href":"https:\/\/avrupapress.com\/main\/wp-json\/wp\/v2\/posts\/11034","targetHints":{"allow":["GET"]}}],"collection":[{"href":"https:\/\/avrupapress.com\/main\/wp-json\/wp\/v2\/posts"}],"about":[{"href":"https:\/\/avrupapress.com\/main\/wp-json\/wp\/v2\/types\/post"}],"author":[{"embeddable":true,"href":"https:\/\/avrupapress.com\/main\/wp-json\/wp\/v2\/users\/3"}],"replies":[{"embeddable":true,"href":"https:\/\/avrupapress.com\/main\/wp-json\/wp\/v2\/comments?post=11034"}],"version-history":[{"count":1,"href":"https:\/\/avrupapress.com\/main\/wp-json\/wp\/v2\/posts\/11034\/revisions"}],"predecessor-version":[{"id":11036,"href":"https:\/\/avrupapress.com\/main\/wp-json\/wp\/v2\/posts\/11034\/revisions\/11036"}],"wp:featuredmedia":[{"embeddable":true,"href":"https:\/\/avrupapress.com\/main\/wp-json\/wp\/v2\/media\/11035"}],"wp:attachment":[{"href":"https:\/\/avrupapress.com\/main\/wp-json\/wp\/v2\/media?parent=11034"}],"wp:term":[{"taxonomy":"category","embeddable":true,"href":"https:\/\/avrupapress.com\/main\/wp-json\/wp\/v2\/categories?post=11034"},{"taxonomy":"post_tag","embeddable":true,"href":"https:\/\/avrupapress.com\/main\/wp-json\/wp\/v2\/tags?post=11034"}],"curies":[{"name":"wp","href":"https:\/\/api.w.org\/{rel}","templated":true}]}}