{"id":11030,"date":"2020-03-27T21:34:06","date_gmt":"2020-03-27T21:34:06","guid":{"rendered":"http:\/\/avrupapress.com\/main\/?p=11030"},"modified":"2020-03-27T21:34:08","modified_gmt":"2020-03-27T21:34:08","slug":"kuzey-makedonya-natonun-30uncu-uyesi-oldu","status":"publish","type":"post","link":"https:\/\/avrupapress.com\/main\/2020\/03\/27\/kuzey-makedonya-natonun-30uncu-uyesi-oldu\/","title":{"rendered":"Kuzey Makedonya NATO&rsquo;nun 30&rsquo;uncu \u00fcyesi oldu"},"content":{"rendered":"\n<p> <strong>Kuzey Makedonya, t\u00fcm resmi s\u00fcre\u00e7lerin tamamlanmas\u0131n\u0131n ard\u0131ndan NATO&rsquo;nun 30&rsquo;uncu \u00fcyesi oldu<\/strong> <\/p>\n\n\n\n<p>\n\nKonuya ili\u015fkin yaz\u0131l\u0131 yaz\u0131l\u0131 a\u00e7\u0131klama yapan Stoltenberg, \u00ab\u00a0Kuzey Makedonya, bug\u00fcn NATO ailesinin bir par\u00e7as\u0131 oldu. 30 uluslu ve yakla\u015f\u0131k 1 milyar n\u00fcfuslu bir aile. Bu aile, ne t\u00fcr s\u0131nama olursa olsun birlikte daha g\u00fc\u00e7l\u00fc ve g\u00fcvenli oldu\u011fu ger\u00e7e\u011fine dayanan bir aile.\u00a0\u00bb ifadelerini kulland\u0131.<\/p>\n\n\n\n<p>NATO m\u00fcttefiklerinin \u015fubat 2019&rsquo;da Kuzey Makedonya ile kat\u0131l\u0131m protokol\u00fcn\u00fc imzalad\u0131\u011f\u0131n\u0131 ve daha sonra t\u00fcm meclislerin onaylad\u0131\u011f\u0131n\u0131 an\u0131msatan Stoltenberg, \u00fclkenin bug\u00fcn kat\u0131l\u0131m enstr\u00fcman\u0131n\u0131 Washington&rsquo;da teslim etti\u011fini, b\u00f6ylelikle resmi onay s\u00fcrecinin tamamland\u0131\u011f\u0131n\u0131 duyurdu.<\/p>\n\n\n\n<p>Stoltenberg, Kuzey Makedonya&rsquo;n\u0131n uzun s\u00fcredir Avro-Atlantik g\u00fcvenli\u011fine \u00f6nemli katk\u0131lar sa\u011flad\u0131\u011f\u0131na dikkati \u00e7ekerek, Afganistan ve Kosova&rsquo;da olmak \u00fczere NATO misyonlar\u0131na kat\u0131ld\u0131\u011f\u0131n\u0131 hat\u0131rlatt\u0131.<\/p>\n\n\n\n<p>NATO Karargah\u0131&rsquo;nda 30 Mart&rsquo;ta d\u00fczenlenecek t\u00f6renle Kuzey Makedonya&rsquo;n\u0131n bayra\u011f\u0131 g\u00f6ndere \u00e7ekilecek.<\/p>\n\n\n\n<p>NATO ile Kuzey Makedonya aras\u0131nda kat\u0131l\u0131m protokol\u00fc, 6 \u015eubat 2019&rsquo;da imzalanm\u0131\u015ft\u0131. <\/p>\n\n\n\n<p><strong>Bilgin Ozcifci \/ AVRUPAPRESS<\/strong><\/p>\n","protected":false},"excerpt":{"rendered":"<p>Kuzey Makedonya, t\u00fcm resmi s\u00fcre\u00e7lerin tamamlanmas\u0131n\u0131n ard\u0131ndan NATO&rsquo;nun 30&rsquo;uncu \u00fcyesi oldu Konuya ili\u015fkin yaz\u0131l\u0131 yaz\u0131l\u0131 a\u00e7\u0131klama yapan Stoltenberg, \u00ab\u00a0Kuzey Makedonya, bug\u00fcn NATO ailesinin bir par\u00e7as\u0131 oldu. 30 uluslu ve yakla\u015f\u0131k 1 milyar n\u00fcfuslu bir aile. Bu aile, ne t\u00fcr s\u0131nama olursa olsun birlikte daha g\u00fc\u00e7l\u00fc ve g\u00fcvenli oldu\u011fu ger\u00e7e\u011fine dayanan bir aile.\u00a0\u00bb ifadelerini kulland\u0131. NATO [&hellip;]<\/p>\n","protected":false},"author":3,"featured_media":11032,"comment_status":"closed","ping_status":"open","sticky":false,"template":"","format":"standard","meta":{"footnotes":""},"categories":[14,16,3,17,18,15,19,2,1],"tags":[5162],"class_list":["post-11030","post","type-post","status-publish","format-standard","has-post-thumbnail","hentry","category-avrupa","category-belcika","category-dunya","category-ekonomi","category-kultur-sanat","category-spor","category-tanitim","category-turkiye","category-uncategorized","tag-kuzey-makedonya"],"yoast_head":"<!-- This site is optimized with the Yoast SEO plugin v26.9 - https:\/\/yoast.com\/product\/yoast-seo-wordpress\/ -->\n<title>Kuzey Makedonya NATO&#039;nun 30&#039;uncu \u00fcyesi oldu - AvrupaPress<\/title>\n<meta name=\"robots\" content=\"index, follow, max-snippet:-1, max-image-preview:large, max-video-preview:-1\" \/>\n<link rel=\"canonical\" href=\"https:\/\/avrupapress.com\/2020\/03\/27\/kuzey-makedonya-natonun-30uncu-uyesi-oldu\/\" \/>\n<meta property=\"og:locale\" content=\"fr_FR\" \/>\n<meta property=\"og:type\" content=\"article\" \/>\n<meta property=\"og:title\" content=\"Kuzey Makedonya NATO&#039;nun 30&#039;uncu \u00fcyesi oldu - AvrupaPress\" \/>\n<meta property=\"og:description\" content=\"Kuzey Makedonya, t\u00fcm resmi s\u00fcre\u00e7lerin tamamlanmas\u0131n\u0131n ard\u0131ndan NATO&rsquo;nun 30&rsquo;uncu \u00fcyesi oldu Konuya ili\u015fkin yaz\u0131l\u0131 yaz\u0131l\u0131 a\u00e7\u0131klama yapan Stoltenberg, \u00ab\u00a0Kuzey Makedonya, bug\u00fcn NATO ailesinin bir par\u00e7as\u0131 oldu. 30 uluslu ve yakla\u015f\u0131k 1 milyar n\u00fcfuslu bir aile. Bu aile, ne t\u00fcr s\u0131nama olursa olsun birlikte daha g\u00fc\u00e7l\u00fc ve g\u00fcvenli oldu\u011fu ger\u00e7e\u011fine dayanan bir aile.\u00a0\u00bb ifadelerini kulland\u0131. NATO [&hellip;]\" \/>\n<meta property=\"og:url\" content=\"https:\/\/avrupapress.com\/2020\/03\/27\/kuzey-makedonya-natonun-30uncu-uyesi-oldu\/\" \/>\n<meta property=\"og:site_name\" content=\"AvrupaPress\" \/>\n<meta property=\"article:published_time\" content=\"2020-03-27T21:34:06+00:00\" \/>\n<meta property=\"article:modified_time\" content=\"2020-03-27T21:34:08+00:00\" \/>\n<meta property=\"og:image\" content=\"https:\/\/avrupapress.com\/wp-content\/uploads\/2020\/03\/jYl747yD8UKGw7QCkKkKxA.jpg\" \/>\n\t<meta property=\"og:image:width\" content=\"710\" \/>\n\t<meta property=\"og:image:height\" content=\"404\" \/>\n\t<meta property=\"og:image:type\" content=\"image\/jpeg\" \/>\n<meta name=\"author\" content=\"Edit\u00f6r\" \/>\n<meta name=\"twitter:card\" content=\"summary_large_image\" \/>\n<meta name=\"twitter:label1\" content=\"\u00c9crit par\" \/>\n\t<meta name=\"twitter:data1\" content=\"Edit\u00f6r\" \/>\n\t<meta name=\"twitter:label2\" content=\"Dur\u00e9e de lecture est.\" \/>\n\t<meta name=\"twitter:data2\" content=\"1 minute\" \/>\n<script type=\"application\/ld+json\" class=\"yoast-schema-graph\">{\"@context\":\"https:\/\/schema.org\",\"@graph\":[{\"@type\":\"Article\",\"@id\":\"https:\/\/avrupapress.com\/2020\/03\/27\/kuzey-makedonya-natonun-30uncu-uyesi-oldu\/#article\",\"isPartOf\":{\"@id\":\"https:\/\/avrupapress.com\/2020\/03\/27\/kuzey-makedonya-natonun-30uncu-uyesi-oldu\/\"},\"author\":{\"name\":\"Edit\u00f6r\",\"@id\":\"https:\/\/avrupapress.com\/#\/schema\/person\/68428444ec60970d1e1b700cf4ca1e8f\"},\"headline\":\"Kuzey Makedonya NATO&rsquo;nun 30&rsquo;uncu \u00fcyesi oldu\",\"datePublished\":\"2020-03-27T21:34:06+00:00\",\"dateModified\":\"2020-03-27T21:34:08+00:00\",\"mainEntityOfPage\":{\"@id\":\"https:\/\/avrupapress.com\/2020\/03\/27\/kuzey-makedonya-natonun-30uncu-uyesi-oldu\/\"},\"wordCount\":191,\"publisher\":{\"@id\":\"https:\/\/avrupapress.com\/#\/schema\/person\/0223dca19c72c43575bf30d1a2d8f4fa\"},\"image\":{\"@id\":\"https:\/\/avrupapress.com\/2020\/03\/27\/kuzey-makedonya-natonun-30uncu-uyesi-oldu\/#primaryimage\"},\"thumbnailUrl\":\"https:\/\/avrupapress.com\/main\/wp-content\/uploads\/2020\/03\/jYl747yD8UKGw7QCkKkKxA.jpg\",\"keywords\":[\"Kuzey Makedonya\"],\"articleSection\":[\"Avrupa\",\"Bel\u00e7ika\",\"D\u00fcnya\",\"Ekonomi\",\"K\u00fclt\u00fcr-Sanat\",\"Spor\",\"Tan\u0131t\u0131m\",\"T\u00fcrkiye\",\"Uncategorized\"],\"inLanguage\":\"fr-BE\"},{\"@type\":\"WebPage\",\"@id\":\"https:\/\/avrupapress.com\/2020\/03\/27\/kuzey-makedonya-natonun-30uncu-uyesi-oldu\/\",\"url\":\"https:\/\/avrupapress.com\/2020\/03\/27\/kuzey-makedonya-natonun-30uncu-uyesi-oldu\/\",\"name\":\"Kuzey Makedonya NATO'nun 30'uncu \u00fcyesi oldu - AvrupaPress\",\"isPartOf\":{\"@id\":\"https:\/\/avrupapress.com\/#website\"},\"primaryImageOfPage\":{\"@id\":\"https:\/\/avrupapress.com\/2020\/03\/27\/kuzey-makedonya-natonun-30uncu-uyesi-oldu\/#primaryimage\"},\"image\":{\"@id\":\"https:\/\/avrupapress.com\/2020\/03\/27\/kuzey-makedonya-natonun-30uncu-uyesi-oldu\/#primaryimage\"},\"thumbnailUrl\":\"https:\/\/avrupapress.com\/main\/wp-content\/uploads\/2020\/03\/jYl747yD8UKGw7QCkKkKxA.jpg\",\"datePublished\":\"2020-03-27T21:34:06+00:00\",\"dateModified\":\"2020-03-27T21:34:08+00:00\",\"breadcrumb\":{\"@id\":\"https:\/\/avrupapress.com\/2020\/03\/27\/kuzey-makedonya-natonun-30uncu-uyesi-oldu\/#breadcrumb\"},\"inLanguage\":\"fr-BE\",\"potentialAction\":[{\"@type\":\"ReadAction\",\"target\":[\"https:\/\/avrupapress.com\/2020\/03\/27\/kuzey-makedonya-natonun-30uncu-uyesi-oldu\/\"]}]},{\"@type\":\"ImageObject\",\"inLanguage\":\"fr-BE\",\"@id\":\"https:\/\/avrupapress.com\/2020\/03\/27\/kuzey-makedonya-natonun-30uncu-uyesi-oldu\/#primaryimage\",\"url\":\"https:\/\/avrupapress.com\/main\/wp-content\/uploads\/2020\/03\/jYl747yD8UKGw7QCkKkKxA.jpg\",\"contentUrl\":\"https:\/\/avrupapress.com\/main\/wp-content\/uploads\/2020\/03\/jYl747yD8UKGw7QCkKkKxA.jpg\",\"width\":710,\"height\":404},{\"@type\":\"BreadcrumbList\",\"@id\":\"https:\/\/avrupapress.com\/2020\/03\/27\/kuzey-makedonya-natonun-30uncu-uyesi-oldu\/#breadcrumb\",\"itemListElement\":[{\"@type\":\"ListItem\",\"position\":1,\"name\":\"Anasayfa\",\"item\":\"https:\/\/avrupapress.com\/\"},{\"@type\":\"ListItem\",\"position\":2,\"name\":\"Kuzey Makedonya NATO&#8217;nun 30&#8217;uncu \u00fcyesi oldu\"}]},{\"@type\":\"WebSite\",\"@id\":\"https:\/\/avrupapress.com\/#website\",\"url\":\"https:\/\/avrupapress.com\/\",\"name\":\"AvrupaPress\",\"description\":\"Haberin Adresi\",\"publisher\":{\"@id\":\"https:\/\/avrupapress.com\/#\/schema\/person\/0223dca19c72c43575bf30d1a2d8f4fa\"},\"potentialAction\":[{\"@type\":\"SearchAction\",\"target\":{\"@type\":\"EntryPoint\",\"urlTemplate\":\"https:\/\/avrupapress.com\/?s={search_term_string}\"},\"query-input\":{\"@type\":\"PropertyValueSpecification\",\"valueRequired\":true,\"valueName\":\"search_term_string\"}}],\"inLanguage\":\"fr-BE\"},{\"@type\":[\"Person\",\"Organization\"],\"@id\":\"https:\/\/avrupapress.com\/#\/schema\/person\/0223dca19c72c43575bf30d1a2d8f4fa\",\"name\":\"Bilgin \u00d6z\u00e7ift\u00e7i\",\"image\":{\"@type\":\"ImageObject\",\"inLanguage\":\"fr-BE\",\"@id\":\"https:\/\/avrupapress.com\/#\/schema\/person\/image\/\",\"url\":\"https:\/\/secure.gravatar.com\/avatar\/0f23b280433a21e1ea7a0adcc46ed0ad16afe3ad8e630fd13d8a017dcbd54ef3?s=96&d=mm&r=g\",\"contentUrl\":\"https:\/\/secure.gravatar.com\/avatar\/0f23b280433a21e1ea7a0adcc46ed0ad16afe3ad8e630fd13d8a017dcbd54ef3?s=96&d=mm&r=g\",\"caption\":\"Bilgin \u00d6z\u00e7ift\u00e7i\"},\"logo\":{\"@id\":\"https:\/\/avrupapress.com\/#\/schema\/person\/image\/\"},\"description\":\"Ne ben, nede sen... Biz ancak \\\"biz\\\" olursak g\u00fc\u00e7l\u00fc olabiliriz\"},{\"@type\":\"Person\",\"@id\":\"https:\/\/avrupapress.com\/#\/schema\/person\/68428444ec60970d1e1b700cf4ca1e8f\",\"name\":\"Edit\u00f6r\",\"image\":{\"@type\":\"ImageObject\",\"inLanguage\":\"fr-BE\",\"@id\":\"https:\/\/avrupapress.com\/#\/schema\/person\/image\/\",\"url\":\"https:\/\/secure.gravatar.com\/avatar\/74996b0977aa5f1559ba9883776652508b229005c0d78fb2597897f0bd651c09?s=96&d=mm&r=g\",\"contentUrl\":\"https:\/\/secure.gravatar.com\/avatar\/74996b0977aa5f1559ba9883776652508b229005c0d78fb2597897f0bd651c09?s=96&d=mm&r=g\",\"caption\":\"Edit\u00f6r\"},\"sameAs\":[\"http:\/\/www.avrupapress.com\"],\"url\":\"https:\/\/avrupapress.com\/main\/author\/editor\/\"}]}<\/script>\n<!-- \/ Yoast SEO plugin. -->","yoast_head_json":{"title":"Kuzey Makedonya NATO'nun 30'uncu \u00fcyesi oldu - AvrupaPress","robots":{"index":"index","follow":"follow","max-snippet":"max-snippet:-1","max-image-preview":"max-image-preview:large","max-video-preview":"max-video-preview:-1"},"canonical":"https:\/\/avrupapress.com\/2020\/03\/27\/kuzey-makedonya-natonun-30uncu-uyesi-oldu\/","og_locale":"fr_FR","og_type":"article","og_title":"Kuzey Makedonya NATO'nun 30'uncu \u00fcyesi oldu - AvrupaPress","og_description":"Kuzey Makedonya, t\u00fcm resmi s\u00fcre\u00e7lerin tamamlanmas\u0131n\u0131n ard\u0131ndan NATO&rsquo;nun 30&rsquo;uncu \u00fcyesi oldu Konuya ili\u015fkin yaz\u0131l\u0131 yaz\u0131l\u0131 a\u00e7\u0131klama yapan Stoltenberg, \u00ab\u00a0Kuzey Makedonya, bug\u00fcn NATO ailesinin bir par\u00e7as\u0131 oldu. 30 uluslu ve yakla\u015f\u0131k 1 milyar n\u00fcfuslu bir aile. Bu aile, ne t\u00fcr s\u0131nama olursa olsun birlikte daha g\u00fc\u00e7l\u00fc ve g\u00fcvenli oldu\u011fu ger\u00e7e\u011fine dayanan bir aile.\u00a0\u00bb ifadelerini kulland\u0131. NATO [&hellip;]","og_url":"https:\/\/avrupapress.com\/2020\/03\/27\/kuzey-makedonya-natonun-30uncu-uyesi-oldu\/","og_site_name":"AvrupaPress","article_published_time":"2020-03-27T21:34:06+00:00","article_modified_time":"2020-03-27T21:34:08+00:00","og_image":[{"width":710,"height":404,"url":"https:\/\/avrupapress.com\/wp-content\/uploads\/2020\/03\/jYl747yD8UKGw7QCkKkKxA.jpg","type":"image\/jpeg"}],"author":"Edit\u00f6r","twitter_card":"summary_large_image","twitter_misc":{"\u00c9crit par":"Edit\u00f6r","Dur\u00e9e de lecture est.":"1 minute"},"schema":{"@context":"https:\/\/schema.org","@graph":[{"@type":"Article","@id":"https:\/\/avrupapress.com\/2020\/03\/27\/kuzey-makedonya-natonun-30uncu-uyesi-oldu\/#article","isPartOf":{"@id":"https:\/\/avrupapress.com\/2020\/03\/27\/kuzey-makedonya-natonun-30uncu-uyesi-oldu\/"},"author":{"name":"Edit\u00f6r","@id":"https:\/\/avrupapress.com\/#\/schema\/person\/68428444ec60970d1e1b700cf4ca1e8f"},"headline":"Kuzey Makedonya NATO&rsquo;nun 30&rsquo;uncu \u00fcyesi oldu","datePublished":"2020-03-27T21:34:06+00:00","dateModified":"2020-03-27T21:34:08+00:00","mainEntityOfPage":{"@id":"https:\/\/avrupapress.com\/2020\/03\/27\/kuzey-makedonya-natonun-30uncu-uyesi-oldu\/"},"wordCount":191,"publisher":{"@id":"https:\/\/avrupapress.com\/#\/schema\/person\/0223dca19c72c43575bf30d1a2d8f4fa"},"image":{"@id":"https:\/\/avrupapress.com\/2020\/03\/27\/kuzey-makedonya-natonun-30uncu-uyesi-oldu\/#primaryimage"},"thumbnailUrl":"https:\/\/avrupapress.com\/main\/wp-content\/uploads\/2020\/03\/jYl747yD8UKGw7QCkKkKxA.jpg","keywords":["Kuzey Makedonya"],"articleSection":["Avrupa","Bel\u00e7ika","D\u00fcnya","Ekonomi","K\u00fclt\u00fcr-Sanat","Spor","Tan\u0131t\u0131m","T\u00fcrkiye","Uncategorized"],"inLanguage":"fr-BE"},{"@type":"WebPage","@id":"https:\/\/avrupapress.com\/2020\/03\/27\/kuzey-makedonya-natonun-30uncu-uyesi-oldu\/","url":"https:\/\/avrupapress.com\/2020\/03\/27\/kuzey-makedonya-natonun-30uncu-uyesi-oldu\/","name":"Kuzey Makedonya NATO'nun 30'uncu \u00fcyesi oldu - AvrupaPress","isPartOf":{"@id":"https:\/\/avrupapress.com\/#website"},"primaryImageOfPage":{"@id":"https:\/\/avrupapress.com\/2020\/03\/27\/kuzey-makedonya-natonun-30uncu-uyesi-oldu\/#primaryimage"},"image":{"@id":"https:\/\/avrupapress.com\/2020\/03\/27\/kuzey-makedonya-natonun-30uncu-uyesi-oldu\/#primaryimage"},"thumbnailUrl":"https:\/\/avrupapress.com\/main\/wp-content\/uploads\/2020\/03\/jYl747yD8UKGw7QCkKkKxA.jpg","datePublished":"2020-03-27T21:34:06+00:00","dateModified":"2020-03-27T21:34:08+00:00","breadcrumb":{"@id":"https:\/\/avrupapress.com\/2020\/03\/27\/kuzey-makedonya-natonun-30uncu-uyesi-oldu\/#breadcrumb"},"inLanguage":"fr-BE","potentialAction":[{"@type":"ReadAction","target":["https:\/\/avrupapress.com\/2020\/03\/27\/kuzey-makedonya-natonun-30uncu-uyesi-oldu\/"]}]},{"@type":"ImageObject","inLanguage":"fr-BE","@id":"https:\/\/avrupapress.com\/2020\/03\/27\/kuzey-makedonya-natonun-30uncu-uyesi-oldu\/#primaryimage","url":"https:\/\/avrupapress.com\/main\/wp-content\/uploads\/2020\/03\/jYl747yD8UKGw7QCkKkKxA.jpg","contentUrl":"https:\/\/avrupapress.com\/main\/wp-content\/uploads\/2020\/03\/jYl747yD8UKGw7QCkKkKxA.jpg","width":710,"height":404},{"@type":"BreadcrumbList","@id":"https:\/\/avrupapress.com\/2020\/03\/27\/kuzey-makedonya-natonun-30uncu-uyesi-oldu\/#breadcrumb","itemListElement":[{"@type":"ListItem","position":1,"name":"Anasayfa","item":"https:\/\/avrupapress.com\/"},{"@type":"ListItem","position":2,"name":"Kuzey Makedonya NATO&#8217;nun 30&#8217;uncu \u00fcyesi oldu"}]},{"@type":"WebSite","@id":"https:\/\/avrupapress.com\/#website","url":"https:\/\/avrupapress.com\/","name":"AvrupaPress","description":"Haberin Adresi","publisher":{"@id":"https:\/\/avrupapress.com\/#\/schema\/person\/0223dca19c72c43575bf30d1a2d8f4fa"},"potentialAction":[{"@type":"SearchAction","target":{"@type":"EntryPoint","urlTemplate":"https:\/\/avrupapress.com\/?s={search_term_string}"},"query-input":{"@type":"PropertyValueSpecification","valueRequired":true,"valueName":"search_term_string"}}],"inLanguage":"fr-BE"},{"@type":["Person","Organization"],"@id":"https:\/\/avrupapress.com\/#\/schema\/person\/0223dca19c72c43575bf30d1a2d8f4fa","name":"Bilgin \u00d6z\u00e7ift\u00e7i","image":{"@type":"ImageObject","inLanguage":"fr-BE","@id":"https:\/\/avrupapress.com\/#\/schema\/person\/image\/","url":"https:\/\/secure.gravatar.com\/avatar\/0f23b280433a21e1ea7a0adcc46ed0ad16afe3ad8e630fd13d8a017dcbd54ef3?s=96&d=mm&r=g","contentUrl":"https:\/\/secure.gravatar.com\/avatar\/0f23b280433a21e1ea7a0adcc46ed0ad16afe3ad8e630fd13d8a017dcbd54ef3?s=96&d=mm&r=g","caption":"Bilgin \u00d6z\u00e7ift\u00e7i"},"logo":{"@id":"https:\/\/avrupapress.com\/#\/schema\/person\/image\/"},"description":"Ne ben, nede sen... Biz ancak \"biz\" olursak g\u00fc\u00e7l\u00fc olabiliriz"},{"@type":"Person","@id":"https:\/\/avrupapress.com\/#\/schema\/person\/68428444ec60970d1e1b700cf4ca1e8f","name":"Edit\u00f6r","image":{"@type":"ImageObject","inLanguage":"fr-BE","@id":"https:\/\/avrupapress.com\/#\/schema\/person\/image\/","url":"https:\/\/secure.gravatar.com\/avatar\/74996b0977aa5f1559ba9883776652508b229005c0d78fb2597897f0bd651c09?s=96&d=mm&r=g","contentUrl":"https:\/\/secure.gravatar.com\/avatar\/74996b0977aa5f1559ba9883776652508b229005c0d78fb2597897f0bd651c09?s=96&d=mm&r=g","caption":"Edit\u00f6r"},"sameAs":["http:\/\/www.avrupapress.com"],"url":"https:\/\/avrupapress.com\/main\/author\/editor\/"}]}},"_links":{"self":[{"href":"https:\/\/avrupapress.com\/main\/wp-json\/wp\/v2\/posts\/11030","targetHints":{"allow":["GET"]}}],"collection":[{"href":"https:\/\/avrupapress.com\/main\/wp-json\/wp\/v2\/posts"}],"about":[{"href":"https:\/\/avrupapress.com\/main\/wp-json\/wp\/v2\/types\/post"}],"author":[{"embeddable":true,"href":"https:\/\/avrupapress.com\/main\/wp-json\/wp\/v2\/users\/3"}],"replies":[{"embeddable":true,"href":"https:\/\/avrupapress.com\/main\/wp-json\/wp\/v2\/comments?post=11030"}],"version-history":[{"count":1,"href":"https:\/\/avrupapress.com\/main\/wp-json\/wp\/v2\/posts\/11030\/revisions"}],"predecessor-version":[{"id":11033,"href":"https:\/\/avrupapress.com\/main\/wp-json\/wp\/v2\/posts\/11030\/revisions\/11033"}],"wp:featuredmedia":[{"embeddable":true,"href":"https:\/\/avrupapress.com\/main\/wp-json\/wp\/v2\/media\/11032"}],"wp:attachment":[{"href":"https:\/\/avrupapress.com\/main\/wp-json\/wp\/v2\/media?parent=11030"}],"wp:term":[{"taxonomy":"category","embeddable":true,"href":"https:\/\/avrupapress.com\/main\/wp-json\/wp\/v2\/categories?post=11030"},{"taxonomy":"post_tag","embeddable":true,"href":"https:\/\/avrupapress.com\/main\/wp-json\/wp\/v2\/tags?post=11030"}],"curies":[{"name":"wp","href":"https:\/\/api.w.org\/{rel}","templated":true}]}}