{"id":11028,"date":"2020-03-27T21:17:40","date_gmt":"2020-03-27T21:17:40","guid":{"rendered":"http:\/\/avrupapress.com\/main\/?p=11028"},"modified":"2020-03-27T21:17:41","modified_gmt":"2020-03-27T21:17:41","slug":"corana-virusune-karsi-hijyenik-yasamak","status":"publish","type":"post","link":"https:\/\/avrupapress.com\/main\/2020\/03\/27\/corana-virusune-karsi-hijyenik-yasamak\/","title":{"rendered":"Corana vir\u00fcs\u00fcne kar\u015f\u0131 hijyenik ya\u015famak&#8230;"},"content":{"rendered":"\n<p> Corana vir\u00fcs\u00fcne kar\u015f\u0131 hijyenik ya\u015fayarak ve kendimizi izolasyon ederek her ne kadar kendimiz ve \u00e7evremiz i\u00e7in olas\u0131 riskleri b\u00fcy\u00fck \u00f6l\u00e7ekte azaltsakta bununla yetinmemeliyiz.<\/p>\n\n\n\n<p> Malum olan \u015fu ki Coronan\u0131n etki alt\u0131na ald\u0131\u011f\u0131 Milyarlarca insan i\u00e7inde yakla\u015f\u0131k sadece 700 bin vaka bulundu, bu vaklar\u0131n ise yakla\u015f\u0131k sadece 25 bini \u00f6l\u00fcmle sonu\u00e7land\u0131.<\/p>\n\n\n\n<p>Hijyenik ya\u015fant\u0131 ve kendimizi izolasyona alarak \u00fclkemizde bu riski daha da a\u015fa\u011f\u0131ya \u00e7ekebiliriz.  \u00d6l\u00fcm vakalar\u0131 genelikle kronik solunum hastal\u0131klar\u0131 olan ve ya\u015fl\u0131 insanlarda g\u00f6r\u00fcnmekte, o vakit bu konuda biraz daha duyarl\u0131 olmak laz\u0131md\u0131r. <\/p>\n\n\n\n<p> Kronik solunum hastal\u0131klar\u0131 olanlar\u0131n geleneksel t\u0131bb\u0131 da irdelemelerini tavsiye ederim. L\u00fctfen bunlar\u0131 ara\u015ft\u0131ral\u0131m ve olas\u0131 bir vir\u00fcs bula\u015fmas\u0131 durumunda vucudun ve \u00f6zelikle ak \u00e7i\u011ferlerin buna haz\u0131r ve diren\u00e7li olmas\u0131n\u0131 sa\u011flayal\u0131m. <\/p>\n\n\n\n<p>Ba\u011f\u0131\u015f\u0131kl\u0131k sisteminizi g\u00fc\u00e7lendirici besinlere bu zaman diliminde \u00f6ncelik verelim. ALLAH \u015fifas\u0131n\u0131 yaratmad\u0131\u011f\u0131 bir hastal\u0131\u011f\u0131 yaratmam\u0131\u015ft\u0131r ve elbete covid-19 bir tedavisi olacakt\u0131r. Bir tak\u0131m r\u00fcyalar g\u00f6rd\u00fc\u011f\u00fcn\u00fc iddia edenler oluyor ve bunu Peygamber Efendimize isnaden yap\u0131yorlar.<\/p>\n\n\n\n<p>  G\u00f6rmedi\u011fi bir r\u00fcyay\u0131 g\u00f6rd\u00fc\u011f\u00fcn\u00fc iddia eden dinimizde lanetlenir. Peygambere isnaden yalan s\u00f6yleyende islamdan \u00e7\u0131kar. B\u00f6yle bir r\u00fcyay\u0131 g\u00f6rmedi\u011fi halde g\u00f6rd\u00fcm diyen ki\u015finin islam ve m\u00fcsl\u00fcmanl\u0131kla t\u00fcm ba\u011flar\u0131 kopar ve kafir olarak \u00f6l\u00fcr. Bu i\u015f bu kadar ciddidir. <\/p>\n\n\n\n<p> \u0130nan\u00e7s\u0131z kimselerin b\u00f6yle i\u015flere te\u015feb\u00fcs etmesi gayet tabidir. Fakat m\u00fcsl\u00fcman bir kimse b\u00f6yle bir i\u015fe bile bile kat\u0131lmaz. E\u011fer r\u00fcya g\u00f6ren ki\u015fi ger\u00e7ekten o r\u00fcyay\u0131 g\u00f6rm\u00fc\u015fse, yani Peygamber Efendimizi g\u00f6rm\u00fc\u015fse ger\u00e7ekten g\u00f6rm\u00fc\u015ft\u00fcr. Zira bunun ile ilgili hadisler sahih ve sabittir. <\/p>\n\n\n\n<p> Sumak ile ilgili g\u00f6r\u00fclen r\u00fcyada b\u00f6yledir. R\u00fcyan\u0131n ger\u00e7ek olup olmad\u0131\u011f\u0131n\u0131n bilmenin tek bir yolu var, bu da o baharat\u0131n uzman ki\u015filer taraf\u0131nca incelenip, denenmesidir.Bu konuda dikatili olamak gerekir bitkilerin bir \u00e7ok faydasi oldugu gibi zararlarida olabilir. <\/p>\n\n\n\n<p><strong>Seval Aksan \/ AVRUPAPRESS<\/strong><\/p>\n","protected":false},"excerpt":{"rendered":"<p>Corana vir\u00fcs\u00fcne kar\u015f\u0131 hijyenik ya\u015fayarak ve kendimizi izolasyon ederek her ne kadar kendimiz ve \u00e7evremiz i\u00e7in olas\u0131 riskleri b\u00fcy\u00fck \u00f6l\u00e7ekte azaltsakta bununla yetinmemeliyiz. Malum olan \u015fu ki Coronan\u0131n etki alt\u0131na ald\u0131\u011f\u0131 Milyarlarca insan i\u00e7inde yakla\u015f\u0131k sadece 700 bin vaka bulundu, bu vaklar\u0131n ise yakla\u015f\u0131k sadece 25 bini \u00f6l\u00fcmle sonu\u00e7land\u0131. Hijyenik ya\u015fant\u0131 ve kendimizi izolasyona alarak [&hellip;]<\/p>\n","protected":false},"author":3,"featured_media":10261,"comment_status":"closed","ping_status":"open","sticky":false,"template":"","format":"standard","meta":{"footnotes":""},"categories":[14,16,3,17,18,15,19,2,1],"tags":[5161],"class_list":["post-11028","post","type-post","status-publish","format-standard","has-post-thumbnail","hentry","category-avrupa","category-belcika","category-dunya","category-ekonomi","category-kultur-sanat","category-spor","category-tanitim","category-turkiye","category-uncategorized","tag-corana-virusune-karsi-hijyenik-yasamak"],"yoast_head":"<!-- This site is optimized with the Yoast SEO plugin v26.9 - https:\/\/yoast.com\/product\/yoast-seo-wordpress\/ -->\n<title>Corana vir\u00fcs\u00fcne kar\u015f\u0131 hijyenik ya\u015famak... - AvrupaPress<\/title>\n<meta name=\"robots\" content=\"index, follow, max-snippet:-1, max-image-preview:large, max-video-preview:-1\" \/>\n<link rel=\"canonical\" href=\"https:\/\/avrupapress.com\/2020\/03\/27\/corana-virusune-karsi-hijyenik-yasamak\/\" \/>\n<meta property=\"og:locale\" content=\"fr_FR\" \/>\n<meta property=\"og:type\" content=\"article\" \/>\n<meta property=\"og:title\" content=\"Corana vir\u00fcs\u00fcne kar\u015f\u0131 hijyenik ya\u015famak... - AvrupaPress\" \/>\n<meta property=\"og:description\" content=\"Corana vir\u00fcs\u00fcne kar\u015f\u0131 hijyenik ya\u015fayarak ve kendimizi izolasyon ederek her ne kadar kendimiz ve \u00e7evremiz i\u00e7in olas\u0131 riskleri b\u00fcy\u00fck \u00f6l\u00e7ekte azaltsakta bununla yetinmemeliyiz. Malum olan \u015fu ki Coronan\u0131n etki alt\u0131na ald\u0131\u011f\u0131 Milyarlarca insan i\u00e7inde yakla\u015f\u0131k sadece 700 bin vaka bulundu, bu vaklar\u0131n ise yakla\u015f\u0131k sadece 25 bini \u00f6l\u00fcmle sonu\u00e7land\u0131. Hijyenik ya\u015fant\u0131 ve kendimizi izolasyona alarak [&hellip;]\" \/>\n<meta property=\"og:url\" content=\"https:\/\/avrupapress.com\/2020\/03\/27\/corana-virusune-karsi-hijyenik-yasamak\/\" \/>\n<meta property=\"og:site_name\" content=\"AvrupaPress\" \/>\n<meta property=\"article:published_time\" content=\"2020-03-27T21:17:40+00:00\" \/>\n<meta property=\"article:modified_time\" content=\"2020-03-27T21:17:41+00:00\" \/>\n<meta property=\"og:image\" content=\"https:\/\/avrupapress.com\/wp-content\/uploads\/2019\/12\/79385602_457470631595417_6776515737960841216_n-1.jpg\" \/>\n\t<meta property=\"og:image:width\" content=\"853\" \/>\n\t<meta property=\"og:image:height\" content=\"761\" \/>\n\t<meta property=\"og:image:type\" content=\"image\/jpeg\" \/>\n<meta name=\"author\" content=\"Edit\u00f6r\" \/>\n<meta name=\"twitter:card\" content=\"summary_large_image\" \/>\n<meta name=\"twitter:label1\" content=\"\u00c9crit par\" \/>\n\t<meta name=\"twitter:data1\" content=\"Edit\u00f6r\" \/>\n\t<meta name=\"twitter:label2\" content=\"Dur\u00e9e de lecture est.\" \/>\n\t<meta name=\"twitter:data2\" content=\"2 minutes\" \/>\n<script type=\"application\/ld+json\" class=\"yoast-schema-graph\">{\"@context\":\"https:\/\/schema.org\",\"@graph\":[{\"@type\":\"Article\",\"@id\":\"https:\/\/avrupapress.com\/2020\/03\/27\/corana-virusune-karsi-hijyenik-yasamak\/#article\",\"isPartOf\":{\"@id\":\"https:\/\/avrupapress.com\/2020\/03\/27\/corana-virusune-karsi-hijyenik-yasamak\/\"},\"author\":{\"name\":\"Edit\u00f6r\",\"@id\":\"https:\/\/avrupapress.com\/#\/schema\/person\/68428444ec60970d1e1b700cf4ca1e8f\"},\"headline\":\"Corana vir\u00fcs\u00fcne kar\u015f\u0131 hijyenik ya\u015famak&#8230;\",\"datePublished\":\"2020-03-27T21:17:40+00:00\",\"dateModified\":\"2020-03-27T21:17:41+00:00\",\"mainEntityOfPage\":{\"@id\":\"https:\/\/avrupapress.com\/2020\/03\/27\/corana-virusune-karsi-hijyenik-yasamak\/\"},\"wordCount\":377,\"publisher\":{\"@id\":\"https:\/\/avrupapress.com\/#\/schema\/person\/0223dca19c72c43575bf30d1a2d8f4fa\"},\"image\":{\"@id\":\"https:\/\/avrupapress.com\/2020\/03\/27\/corana-virusune-karsi-hijyenik-yasamak\/#primaryimage\"},\"thumbnailUrl\":\"https:\/\/avrupapress.com\/main\/wp-content\/uploads\/2019\/12\/79385602_457470631595417_6776515737960841216_n-1.jpg\",\"keywords\":[\"Corana vir\u00fcs\u00fcne kar\u015f\u0131 hijyenik ya\u015famak...\"],\"articleSection\":[\"Avrupa\",\"Bel\u00e7ika\",\"D\u00fcnya\",\"Ekonomi\",\"K\u00fclt\u00fcr-Sanat\",\"Spor\",\"Tan\u0131t\u0131m\",\"T\u00fcrkiye\",\"Uncategorized\"],\"inLanguage\":\"fr-BE\"},{\"@type\":\"WebPage\",\"@id\":\"https:\/\/avrupapress.com\/2020\/03\/27\/corana-virusune-karsi-hijyenik-yasamak\/\",\"url\":\"https:\/\/avrupapress.com\/2020\/03\/27\/corana-virusune-karsi-hijyenik-yasamak\/\",\"name\":\"Corana vir\u00fcs\u00fcne kar\u015f\u0131 hijyenik ya\u015famak... - AvrupaPress\",\"isPartOf\":{\"@id\":\"https:\/\/avrupapress.com\/#website\"},\"primaryImageOfPage\":{\"@id\":\"https:\/\/avrupapress.com\/2020\/03\/27\/corana-virusune-karsi-hijyenik-yasamak\/#primaryimage\"},\"image\":{\"@id\":\"https:\/\/avrupapress.com\/2020\/03\/27\/corana-virusune-karsi-hijyenik-yasamak\/#primaryimage\"},\"thumbnailUrl\":\"https:\/\/avrupapress.com\/main\/wp-content\/uploads\/2019\/12\/79385602_457470631595417_6776515737960841216_n-1.jpg\",\"datePublished\":\"2020-03-27T21:17:40+00:00\",\"dateModified\":\"2020-03-27T21:17:41+00:00\",\"breadcrumb\":{\"@id\":\"https:\/\/avrupapress.com\/2020\/03\/27\/corana-virusune-karsi-hijyenik-yasamak\/#breadcrumb\"},\"inLanguage\":\"fr-BE\",\"potentialAction\":[{\"@type\":\"ReadAction\",\"target\":[\"https:\/\/avrupapress.com\/2020\/03\/27\/corana-virusune-karsi-hijyenik-yasamak\/\"]}]},{\"@type\":\"ImageObject\",\"inLanguage\":\"fr-BE\",\"@id\":\"https:\/\/avrupapress.com\/2020\/03\/27\/corana-virusune-karsi-hijyenik-yasamak\/#primaryimage\",\"url\":\"https:\/\/avrupapress.com\/main\/wp-content\/uploads\/2019\/12\/79385602_457470631595417_6776515737960841216_n-1.jpg\",\"contentUrl\":\"https:\/\/avrupapress.com\/main\/wp-content\/uploads\/2019\/12\/79385602_457470631595417_6776515737960841216_n-1.jpg\",\"width\":853,\"height\":761},{\"@type\":\"BreadcrumbList\",\"@id\":\"https:\/\/avrupapress.com\/2020\/03\/27\/corana-virusune-karsi-hijyenik-yasamak\/#breadcrumb\",\"itemListElement\":[{\"@type\":\"ListItem\",\"position\":1,\"name\":\"Anasayfa\",\"item\":\"https:\/\/avrupapress.com\/\"},{\"@type\":\"ListItem\",\"position\":2,\"name\":\"Corana vir\u00fcs\u00fcne kar\u015f\u0131 hijyenik ya\u015famak&#8230;\"}]},{\"@type\":\"WebSite\",\"@id\":\"https:\/\/avrupapress.com\/#website\",\"url\":\"https:\/\/avrupapress.com\/\",\"name\":\"AvrupaPress\",\"description\":\"Haberin Adresi\",\"publisher\":{\"@id\":\"https:\/\/avrupapress.com\/#\/schema\/person\/0223dca19c72c43575bf30d1a2d8f4fa\"},\"potentialAction\":[{\"@type\":\"SearchAction\",\"target\":{\"@type\":\"EntryPoint\",\"urlTemplate\":\"https:\/\/avrupapress.com\/?s={search_term_string}\"},\"query-input\":{\"@type\":\"PropertyValueSpecification\",\"valueRequired\":true,\"valueName\":\"search_term_string\"}}],\"inLanguage\":\"fr-BE\"},{\"@type\":[\"Person\",\"Organization\"],\"@id\":\"https:\/\/avrupapress.com\/#\/schema\/person\/0223dca19c72c43575bf30d1a2d8f4fa\",\"name\":\"Bilgin \u00d6z\u00e7ift\u00e7i\",\"image\":{\"@type\":\"ImageObject\",\"inLanguage\":\"fr-BE\",\"@id\":\"https:\/\/avrupapress.com\/#\/schema\/person\/image\/\",\"url\":\"https:\/\/secure.gravatar.com\/avatar\/0f23b280433a21e1ea7a0adcc46ed0ad16afe3ad8e630fd13d8a017dcbd54ef3?s=96&d=mm&r=g\",\"contentUrl\":\"https:\/\/secure.gravatar.com\/avatar\/0f23b280433a21e1ea7a0adcc46ed0ad16afe3ad8e630fd13d8a017dcbd54ef3?s=96&d=mm&r=g\",\"caption\":\"Bilgin \u00d6z\u00e7ift\u00e7i\"},\"logo\":{\"@id\":\"https:\/\/avrupapress.com\/#\/schema\/person\/image\/\"},\"description\":\"Ne ben, nede sen... Biz ancak \\\"biz\\\" olursak g\u00fc\u00e7l\u00fc olabiliriz\"},{\"@type\":\"Person\",\"@id\":\"https:\/\/avrupapress.com\/#\/schema\/person\/68428444ec60970d1e1b700cf4ca1e8f\",\"name\":\"Edit\u00f6r\",\"image\":{\"@type\":\"ImageObject\",\"inLanguage\":\"fr-BE\",\"@id\":\"https:\/\/avrupapress.com\/#\/schema\/person\/image\/\",\"url\":\"https:\/\/secure.gravatar.com\/avatar\/74996b0977aa5f1559ba9883776652508b229005c0d78fb2597897f0bd651c09?s=96&d=mm&r=g\",\"contentUrl\":\"https:\/\/secure.gravatar.com\/avatar\/74996b0977aa5f1559ba9883776652508b229005c0d78fb2597897f0bd651c09?s=96&d=mm&r=g\",\"caption\":\"Edit\u00f6r\"},\"sameAs\":[\"http:\/\/www.avrupapress.com\"],\"url\":\"https:\/\/avrupapress.com\/main\/author\/editor\/\"}]}<\/script>\n<!-- \/ Yoast SEO plugin. -->","yoast_head_json":{"title":"Corana vir\u00fcs\u00fcne kar\u015f\u0131 hijyenik ya\u015famak... - AvrupaPress","robots":{"index":"index","follow":"follow","max-snippet":"max-snippet:-1","max-image-preview":"max-image-preview:large","max-video-preview":"max-video-preview:-1"},"canonical":"https:\/\/avrupapress.com\/2020\/03\/27\/corana-virusune-karsi-hijyenik-yasamak\/","og_locale":"fr_FR","og_type":"article","og_title":"Corana vir\u00fcs\u00fcne kar\u015f\u0131 hijyenik ya\u015famak... - AvrupaPress","og_description":"Corana vir\u00fcs\u00fcne kar\u015f\u0131 hijyenik ya\u015fayarak ve kendimizi izolasyon ederek her ne kadar kendimiz ve \u00e7evremiz i\u00e7in olas\u0131 riskleri b\u00fcy\u00fck \u00f6l\u00e7ekte azaltsakta bununla yetinmemeliyiz. Malum olan \u015fu ki Coronan\u0131n etki alt\u0131na ald\u0131\u011f\u0131 Milyarlarca insan i\u00e7inde yakla\u015f\u0131k sadece 700 bin vaka bulundu, bu vaklar\u0131n ise yakla\u015f\u0131k sadece 25 bini \u00f6l\u00fcmle sonu\u00e7land\u0131. Hijyenik ya\u015fant\u0131 ve kendimizi izolasyona alarak [&hellip;]","og_url":"https:\/\/avrupapress.com\/2020\/03\/27\/corana-virusune-karsi-hijyenik-yasamak\/","og_site_name":"AvrupaPress","article_published_time":"2020-03-27T21:17:40+00:00","article_modified_time":"2020-03-27T21:17:41+00:00","og_image":[{"width":853,"height":761,"url":"https:\/\/avrupapress.com\/wp-content\/uploads\/2019\/12\/79385602_457470631595417_6776515737960841216_n-1.jpg","type":"image\/jpeg"}],"author":"Edit\u00f6r","twitter_card":"summary_large_image","twitter_misc":{"\u00c9crit par":"Edit\u00f6r","Dur\u00e9e de lecture est.":"2 minutes"},"schema":{"@context":"https:\/\/schema.org","@graph":[{"@type":"Article","@id":"https:\/\/avrupapress.com\/2020\/03\/27\/corana-virusune-karsi-hijyenik-yasamak\/#article","isPartOf":{"@id":"https:\/\/avrupapress.com\/2020\/03\/27\/corana-virusune-karsi-hijyenik-yasamak\/"},"author":{"name":"Edit\u00f6r","@id":"https:\/\/avrupapress.com\/#\/schema\/person\/68428444ec60970d1e1b700cf4ca1e8f"},"headline":"Corana vir\u00fcs\u00fcne kar\u015f\u0131 hijyenik ya\u015famak&#8230;","datePublished":"2020-03-27T21:17:40+00:00","dateModified":"2020-03-27T21:17:41+00:00","mainEntityOfPage":{"@id":"https:\/\/avrupapress.com\/2020\/03\/27\/corana-virusune-karsi-hijyenik-yasamak\/"},"wordCount":377,"publisher":{"@id":"https:\/\/avrupapress.com\/#\/schema\/person\/0223dca19c72c43575bf30d1a2d8f4fa"},"image":{"@id":"https:\/\/avrupapress.com\/2020\/03\/27\/corana-virusune-karsi-hijyenik-yasamak\/#primaryimage"},"thumbnailUrl":"https:\/\/avrupapress.com\/main\/wp-content\/uploads\/2019\/12\/79385602_457470631595417_6776515737960841216_n-1.jpg","keywords":["Corana vir\u00fcs\u00fcne kar\u015f\u0131 hijyenik ya\u015famak..."],"articleSection":["Avrupa","Bel\u00e7ika","D\u00fcnya","Ekonomi","K\u00fclt\u00fcr-Sanat","Spor","Tan\u0131t\u0131m","T\u00fcrkiye","Uncategorized"],"inLanguage":"fr-BE"},{"@type":"WebPage","@id":"https:\/\/avrupapress.com\/2020\/03\/27\/corana-virusune-karsi-hijyenik-yasamak\/","url":"https:\/\/avrupapress.com\/2020\/03\/27\/corana-virusune-karsi-hijyenik-yasamak\/","name":"Corana vir\u00fcs\u00fcne kar\u015f\u0131 hijyenik ya\u015famak... - AvrupaPress","isPartOf":{"@id":"https:\/\/avrupapress.com\/#website"},"primaryImageOfPage":{"@id":"https:\/\/avrupapress.com\/2020\/03\/27\/corana-virusune-karsi-hijyenik-yasamak\/#primaryimage"},"image":{"@id":"https:\/\/avrupapress.com\/2020\/03\/27\/corana-virusune-karsi-hijyenik-yasamak\/#primaryimage"},"thumbnailUrl":"https:\/\/avrupapress.com\/main\/wp-content\/uploads\/2019\/12\/79385602_457470631595417_6776515737960841216_n-1.jpg","datePublished":"2020-03-27T21:17:40+00:00","dateModified":"2020-03-27T21:17:41+00:00","breadcrumb":{"@id":"https:\/\/avrupapress.com\/2020\/03\/27\/corana-virusune-karsi-hijyenik-yasamak\/#breadcrumb"},"inLanguage":"fr-BE","potentialAction":[{"@type":"ReadAction","target":["https:\/\/avrupapress.com\/2020\/03\/27\/corana-virusune-karsi-hijyenik-yasamak\/"]}]},{"@type":"ImageObject","inLanguage":"fr-BE","@id":"https:\/\/avrupapress.com\/2020\/03\/27\/corana-virusune-karsi-hijyenik-yasamak\/#primaryimage","url":"https:\/\/avrupapress.com\/main\/wp-content\/uploads\/2019\/12\/79385602_457470631595417_6776515737960841216_n-1.jpg","contentUrl":"https:\/\/avrupapress.com\/main\/wp-content\/uploads\/2019\/12\/79385602_457470631595417_6776515737960841216_n-1.jpg","width":853,"height":761},{"@type":"BreadcrumbList","@id":"https:\/\/avrupapress.com\/2020\/03\/27\/corana-virusune-karsi-hijyenik-yasamak\/#breadcrumb","itemListElement":[{"@type":"ListItem","position":1,"name":"Anasayfa","item":"https:\/\/avrupapress.com\/"},{"@type":"ListItem","position":2,"name":"Corana vir\u00fcs\u00fcne kar\u015f\u0131 hijyenik ya\u015famak&#8230;"}]},{"@type":"WebSite","@id":"https:\/\/avrupapress.com\/#website","url":"https:\/\/avrupapress.com\/","name":"AvrupaPress","description":"Haberin Adresi","publisher":{"@id":"https:\/\/avrupapress.com\/#\/schema\/person\/0223dca19c72c43575bf30d1a2d8f4fa"},"potentialAction":[{"@type":"SearchAction","target":{"@type":"EntryPoint","urlTemplate":"https:\/\/avrupapress.com\/?s={search_term_string}"},"query-input":{"@type":"PropertyValueSpecification","valueRequired":true,"valueName":"search_term_string"}}],"inLanguage":"fr-BE"},{"@type":["Person","Organization"],"@id":"https:\/\/avrupapress.com\/#\/schema\/person\/0223dca19c72c43575bf30d1a2d8f4fa","name":"Bilgin \u00d6z\u00e7ift\u00e7i","image":{"@type":"ImageObject","inLanguage":"fr-BE","@id":"https:\/\/avrupapress.com\/#\/schema\/person\/image\/","url":"https:\/\/secure.gravatar.com\/avatar\/0f23b280433a21e1ea7a0adcc46ed0ad16afe3ad8e630fd13d8a017dcbd54ef3?s=96&d=mm&r=g","contentUrl":"https:\/\/secure.gravatar.com\/avatar\/0f23b280433a21e1ea7a0adcc46ed0ad16afe3ad8e630fd13d8a017dcbd54ef3?s=96&d=mm&r=g","caption":"Bilgin \u00d6z\u00e7ift\u00e7i"},"logo":{"@id":"https:\/\/avrupapress.com\/#\/schema\/person\/image\/"},"description":"Ne ben, nede sen... Biz ancak \"biz\" olursak g\u00fc\u00e7l\u00fc olabiliriz"},{"@type":"Person","@id":"https:\/\/avrupapress.com\/#\/schema\/person\/68428444ec60970d1e1b700cf4ca1e8f","name":"Edit\u00f6r","image":{"@type":"ImageObject","inLanguage":"fr-BE","@id":"https:\/\/avrupapress.com\/#\/schema\/person\/image\/","url":"https:\/\/secure.gravatar.com\/avatar\/74996b0977aa5f1559ba9883776652508b229005c0d78fb2597897f0bd651c09?s=96&d=mm&r=g","contentUrl":"https:\/\/secure.gravatar.com\/avatar\/74996b0977aa5f1559ba9883776652508b229005c0d78fb2597897f0bd651c09?s=96&d=mm&r=g","caption":"Edit\u00f6r"},"sameAs":["http:\/\/www.avrupapress.com"],"url":"https:\/\/avrupapress.com\/main\/author\/editor\/"}]}},"_links":{"self":[{"href":"https:\/\/avrupapress.com\/main\/wp-json\/wp\/v2\/posts\/11028","targetHints":{"allow":["GET"]}}],"collection":[{"href":"https:\/\/avrupapress.com\/main\/wp-json\/wp\/v2\/posts"}],"about":[{"href":"https:\/\/avrupapress.com\/main\/wp-json\/wp\/v2\/types\/post"}],"author":[{"embeddable":true,"href":"https:\/\/avrupapress.com\/main\/wp-json\/wp\/v2\/users\/3"}],"replies":[{"embeddable":true,"href":"https:\/\/avrupapress.com\/main\/wp-json\/wp\/v2\/comments?post=11028"}],"version-history":[{"count":1,"href":"https:\/\/avrupapress.com\/main\/wp-json\/wp\/v2\/posts\/11028\/revisions"}],"predecessor-version":[{"id":11029,"href":"https:\/\/avrupapress.com\/main\/wp-json\/wp\/v2\/posts\/11028\/revisions\/11029"}],"wp:featuredmedia":[{"embeddable":true,"href":"https:\/\/avrupapress.com\/main\/wp-json\/wp\/v2\/media\/10261"}],"wp:attachment":[{"href":"https:\/\/avrupapress.com\/main\/wp-json\/wp\/v2\/media?parent=11028"}],"wp:term":[{"taxonomy":"category","embeddable":true,"href":"https:\/\/avrupapress.com\/main\/wp-json\/wp\/v2\/categories?post=11028"},{"taxonomy":"post_tag","embeddable":true,"href":"https:\/\/avrupapress.com\/main\/wp-json\/wp\/v2\/tags?post=11028"}],"curies":[{"name":"wp","href":"https:\/\/api.w.org\/{rel}","templated":true}]}}