{"id":11023,"date":"2020-03-27T19:04:01","date_gmt":"2020-03-27T19:04:01","guid":{"rendered":"http:\/\/avrupapress.com\/main\/?p=11023"},"modified":"2020-03-27T19:13:19","modified_gmt":"2020-03-27T19:13:19","slug":"belcika-ulusal-guvenlik-konseyi-kararlarini-basbakan-sophie-wilmes-acikladi-belcika-sokaga-cikma-yasagini-19-nisana-kadar-uzatti","status":"publish","type":"post","link":"https:\/\/avrupapress.com\/main\/2020\/03\/27\/belcika-ulusal-guvenlik-konseyi-kararlarini-basbakan-sophie-wilmes-acikladi-belcika-sokaga-cikma-yasagini-19-nisana-kadar-uzatti\/","title":{"rendered":"Bel\u00e7ika Ulusal G\u00fcvenlik Konseyi kararlar\u0131n\u0131 Ba\u015fbakan Sophie Wilmes a\u00e7\u0131klad\u0131. Bel\u00e7ika, soka\u011fa \u00e7\u0131kma yasa\u011f\u0131n\u0131 19 Nisan\u201da kadar uzatt\u0131.."},"content":{"rendered":"\n<p><strong>Bel\u00e7ika Ulusal G\u00fcvenlik Konseyi kararlar\u0131n\u0131 Ba\u015fbakan Sophie Wilmes a\u00e7\u0131klad\u0131.Al\u0131nan t\u00fcm tedbirler aynen 19 Nisan 2020 tarihine kadar devam edecek..<\/strong>.<\/p>\n\n\n\n<p> Milli G\u00fcvenlik Konseyi (CNS) bu Cuma g\u00fcn\u00fc Ba\u015fbakan Sophie Wilm\u00e8s ba\u015fkanl\u0131\u011f\u0131nda saat 14: 00&rsquo;de bir araya geldi. <\/p>\n\n\n\n<p>Risk y\u00f6netimi grubundaki uzmanlar\u0131n raporunu not ald\u0131 ve Bel\u00e7ika&rsquo;da halihaz\u0131rda al\u0131nan \u00f6nlemleri de\u011ferlendirdi. CNS sona erdi\u011finde, kontrol alt\u0131na alma ve mevcut \u00f6nlemler 18 Nisan&rsquo;a kadar uzat\u0131ld\u0131.<\/p>\n\n\n\n<p> Di\u011fer ayr\u0131nt\u0131lar yak\u0131nda yap\u0131lacak bir bas\u0131n toplant\u0131s\u0131nda ele alinaca\u011fini ifade etti.   Br\u00fcksel Ba\u015fkent B\u00f6lgesi H\u00fck\u00fcmeti Bakan\u0131 Rudi Vervoort: \u201cVatanda\u015flar\u0131n \u00e7o\u011funun kurallara sayg\u0131 duydu\u011funu g\u00f6rd\u00fck. <\/p>\n\n\n\n<p>Fakat \u015fimdi derhal yapt\u0131r\u0131mlar moduna ge\u00e7iyoruz, idari yapt\u0131r\u0131mlar. Kurallara uymayanlar cezaland\u0131r\u0131lmal\u0131d\u0131r. \u00ab\u00a0Diye belirtti.<\/p>\n\n\n\n<p> Valon Bakan Yard\u0131mc\u0131s\u0131 Elio Di Rupo: \u201cOkullar\u0131n durumu de\u011fi\u015fmiyor. Bu m\u00fcmk\u00fcn de\u011filse, il\u00e7eye g\u00f6re bir kurulu\u015f olacak \u00ab\u00a0s\u00f6zlerini ekledi. Wallon-Br\u00fcksel Federasyonu Bakan-Ba\u015fkan\u0131 Pierre-Yves Jeholet: \u00ab\u00a0Paskalya(P\u00e2ques) bayraminda \u00e7ocuklar\u0131n en iyi \u015fekilde eylenceden faydalanabilmeleri i\u00e7in her \u015fey yap\u0131lacak\u00a0\u00bbdedi.<\/p>\n\n\n\n<p> Bu Ulusal G\u00fcvenlik Konseyi s\u0131ras\u0131nda birka\u00e7 taraf aras\u0131nda gerginlik ya\u015fandi. \u0130\u00e7i\u015fleri Bakan\u0131 Pieter De Crem \u00f6zellikle \u00ab\u00a0Kilitleme Partileri\u00a0\u00bb ne ev ziyaretleriyle daha sert \u00f6nlemler almak isterken, di\u011fer partiler bunun yarars\u0131z olaca\u011f\u0131na ve baz\u0131lar\u0131n\u0131n yasaklara meydan okumak isteyerek uymayaca\u011fina inandi\u011fini dile getirdi. <\/p>\n\n\n\n<p>Bir hat\u0131rlatma olarak, s\u0131n\u0131rlama \u00f6nlemleri ba\u015flang\u0131\u00e7ta 5 Nisan&rsquo;a kadar planlanm\u0131\u015ft\u0131, ancak \u015fimdi 18 Nisan&rsquo;a kadar geni\u015fletilecek. Bu y\u00fczden iki hafta daha. Ek \u00f6nlemler al\u0131nmamas\u0131 durumunda, mevcut \u00f6nlemlere ili\u015fkin a\u00e7\u0131klamalar yap\u0131lacakt\u0131r ve bunlar\u0131n uygulanmas\u0131 daha kat\u0131 olabilir.<\/p>\n\n\n\n<p> Bu, \u00f6n\u00fcm\u00fczdeki birka\u00e7 dakika i\u00e7inde yap\u0131lmas\u0131 gereken Ba\u015fbakan Sophie Wilm\u00e8s&rsquo;in bas\u0131n toplant\u0131s\u0131nda a\u00e7\u0131kl\u0131\u011fa kavu\u015facak. Izolasiyon 18 Nisan 2020&rsquo;ye kadar uzat\u0131ld\u0131. Di\u011fer ayr\u0131nt\u0131lar hen\u00fcz belirlenmedi. &#8211; 17:45 ve Maggie De Block da dahil olmak \u00fczere bir\u00e7ok bakan Ulusal G\u00fcvenlik Konseyi toplant\u0131s\u0131ndan yeni ayr\u0131ld\u0131.<\/p>\n\n\n\n<p> Bas\u0131n toplant\u0131s\u0131n\u0131n \u00f6n\u00fcm\u00fczdeki birka\u00e7 dakika i\u00e7inde yap\u0131lmas\u0131 gerekiyor. Bel\u00e7ika&rsquo;da izolasiyon uzat\u0131lmas\u0131 i\u00e7in burada iki tarih belirtilmi\u015ftir: 19 Nisan ve 3 May\u0131s tarihleri.Bilgilerimize gore Ba\u015fbakan Yard\u0131mc\u0131s\u0131 ve Maliye Bakan\u0131 Alexander De Croo (Open Vld) Cuma \u00f6\u011fleden sonra, merakla beklenen bir Ulusal G\u00fcvenlik Konseyi&rsquo;ne geldi\u011finde, verilerin \u00ab\u00a0vatanda\u015flar\u0131n b\u00fcy\u00fck \u00e7o\u011funlu\u011funun\u00a0\u00bb \u00e7ok iyi sayg\u0131 g\u00f6sterdi\u011fini s\u00f6yledi. <\/p>\n\n\n\n<p>\u00d6nlemler \u201d. Operat\u00f6rler taraf\u0131ndan sa\u011flanan telekom verileri, di\u011fer \u015feylerin yan\u0131 s\u0131ra, \u00ab\u00a0sosyal mesafeye sayg\u0131 duyuldu\u011funu\u00a0\u00bb g\u00f6zlemlemeyi m\u00fcmk\u00fcn k\u0131l\u0131yor Alexander De Croo. Covid-19 salg\u0131n\u0131yla m\u00fccadelede k\u0131s\u0131tlay\u0131c\u0131 \u00f6nlemlerin \u00e7o\u011falt\u0131lmas\u0131ndan yana g\u00f6r\u00fcnm\u00fcyor.<\/p>\n\n\n\n<p> Ba\u015fbakan Yard\u0131mc\u0131s\u0131, \u00ab\u00a0\u0130nsanlar\u0131n b\u00fcy\u00fck \u00e7o\u011funlu\u011funun \u00f6nlemlere \u00e7ok iyi sayg\u0131 duydu\u011funu g\u00f6r\u00fcyoruz (&#8230;) Kendimi her zaman bir t\u0131rman\u0131\u015fa dayand\u0131rmay\u0131 tercih ediyorum.\u00a0\u00bbdedi. <\/p>\n\n\n\n<p><strong>Seval Aksan \/ AVRUPAPRESS<\/strong><\/p>\n","protected":false},"excerpt":{"rendered":"<p>Bel\u00e7ika Ulusal G\u00fcvenlik Konseyi kararlar\u0131n\u0131 Ba\u015fbakan Sophie Wilmes a\u00e7\u0131klad\u0131.Al\u0131nan t\u00fcm tedbirler aynen 19 Nisan 2020 tarihine kadar devam edecek&#8230; Milli G\u00fcvenlik Konseyi (CNS) bu Cuma g\u00fcn\u00fc Ba\u015fbakan Sophie Wilm\u00e8s ba\u015fkanl\u0131\u011f\u0131nda saat 14: 00&rsquo;de bir araya geldi. Risk y\u00f6netimi grubundaki uzmanlar\u0131n raporunu not ald\u0131 ve Bel\u00e7ika&rsquo;da halihaz\u0131rda al\u0131nan \u00f6nlemleri de\u011ferlendirdi. CNS sona erdi\u011finde, kontrol alt\u0131na alma [&hellip;]<\/p>\n","protected":false},"author":3,"featured_media":11025,"comment_status":"closed","ping_status":"open","sticky":false,"template":"","format":"standard","meta":{"footnotes":""},"categories":[14,16,3,17,18,15,19,2,1],"tags":[5160],"class_list":["post-11023","post","type-post","status-publish","format-standard","has-post-thumbnail","hentry","category-avrupa","category-belcika","category-dunya","category-ekonomi","category-kultur-sanat","category-spor","category-tanitim","category-turkiye","category-uncategorized","tag-belcika-ulusal-guvenlik-konseyi-kararlarini-basbakan-sophie-wilmes-acikladi-belcika"],"yoast_head":"<!-- This site is optimized with the Yoast SEO plugin v26.9 - https:\/\/yoast.com\/product\/yoast-seo-wordpress\/ -->\n<title>Bel\u00e7ika Ulusal G\u00fcvenlik Konseyi kararlar\u0131n\u0131 Ba\u015fbakan Sophie Wilmes a\u00e7\u0131klad\u0131. Bel\u00e7ika, soka\u011fa \u00e7\u0131kma yasa\u011f\u0131n\u0131 19 Nisan\u201da kadar uzatt\u0131.. - AvrupaPress<\/title>\n<meta name=\"robots\" content=\"index, follow, max-snippet:-1, max-image-preview:large, max-video-preview:-1\" \/>\n<link rel=\"canonical\" href=\"https:\/\/avrupapress.com\/2020\/03\/27\/belcika-ulusal-guvenlik-konseyi-kararlarini-basbakan-sophie-wilmes-acikladi-belcika-sokaga-cikma-yasagini-19-nisana-kadar-uzatti\/\" \/>\n<meta property=\"og:locale\" content=\"fr_FR\" \/>\n<meta property=\"og:type\" content=\"article\" \/>\n<meta property=\"og:title\" content=\"Bel\u00e7ika Ulusal G\u00fcvenlik Konseyi kararlar\u0131n\u0131 Ba\u015fbakan Sophie Wilmes a\u00e7\u0131klad\u0131. Bel\u00e7ika, soka\u011fa \u00e7\u0131kma yasa\u011f\u0131n\u0131 19 Nisan\u201da kadar uzatt\u0131.. - AvrupaPress\" \/>\n<meta property=\"og:description\" content=\"Bel\u00e7ika Ulusal G\u00fcvenlik Konseyi kararlar\u0131n\u0131 Ba\u015fbakan Sophie Wilmes a\u00e7\u0131klad\u0131.Al\u0131nan t\u00fcm tedbirler aynen 19 Nisan 2020 tarihine kadar devam edecek... Milli G\u00fcvenlik Konseyi (CNS) bu Cuma g\u00fcn\u00fc Ba\u015fbakan Sophie Wilm\u00e8s ba\u015fkanl\u0131\u011f\u0131nda saat 14: 00&rsquo;de bir araya geldi. Risk y\u00f6netimi grubundaki uzmanlar\u0131n raporunu not ald\u0131 ve Bel\u00e7ika&rsquo;da halihaz\u0131rda al\u0131nan \u00f6nlemleri de\u011ferlendirdi. CNS sona erdi\u011finde, kontrol alt\u0131na alma [&hellip;]\" \/>\n<meta property=\"og:url\" content=\"https:\/\/avrupapress.com\/2020\/03\/27\/belcika-ulusal-guvenlik-konseyi-kararlarini-basbakan-sophie-wilmes-acikladi-belcika-sokaga-cikma-yasagini-19-nisana-kadar-uzatti\/\" \/>\n<meta property=\"og:site_name\" content=\"AvrupaPress\" \/>\n<meta property=\"article:published_time\" content=\"2020-03-27T19:04:01+00:00\" \/>\n<meta property=\"article:modified_time\" content=\"2020-03-27T19:13:19+00:00\" \/>\n<meta property=\"og:image\" content=\"https:\/\/avrupapress.com\/wp-content\/uploads\/2020\/03\/773x435_cmsv2_5c02fc63-094a-5835-aa03-ede5ce389188-4563952.jpg\" \/>\n\t<meta property=\"og:image:width\" content=\"773\" \/>\n\t<meta property=\"og:image:height\" content=\"435\" \/>\n\t<meta property=\"og:image:type\" content=\"image\/jpeg\" \/>\n<meta name=\"author\" content=\"Edit\u00f6r\" \/>\n<meta name=\"twitter:card\" content=\"summary_large_image\" \/>\n<meta name=\"twitter:label1\" content=\"\u00c9crit par\" \/>\n\t<meta name=\"twitter:data1\" content=\"Edit\u00f6r\" \/>\n\t<meta name=\"twitter:label2\" content=\"Dur\u00e9e de lecture est.\" \/>\n\t<meta name=\"twitter:data2\" content=\"3 minutes\" \/>\n<script type=\"application\/ld+json\" class=\"yoast-schema-graph\">{\"@context\":\"https:\/\/schema.org\",\"@graph\":[{\"@type\":\"Article\",\"@id\":\"https:\/\/avrupapress.com\/2020\/03\/27\/belcika-ulusal-guvenlik-konseyi-kararlarini-basbakan-sophie-wilmes-acikladi-belcika-sokaga-cikma-yasagini-19-nisana-kadar-uzatti\/#article\",\"isPartOf\":{\"@id\":\"https:\/\/avrupapress.com\/2020\/03\/27\/belcika-ulusal-guvenlik-konseyi-kararlarini-basbakan-sophie-wilmes-acikladi-belcika-sokaga-cikma-yasagini-19-nisana-kadar-uzatti\/\"},\"author\":{\"name\":\"Edit\u00f6r\",\"@id\":\"https:\/\/avrupapress.com\/#\/schema\/person\/68428444ec60970d1e1b700cf4ca1e8f\"},\"headline\":\"Bel\u00e7ika Ulusal G\u00fcvenlik Konseyi kararlar\u0131n\u0131 Ba\u015fbakan Sophie Wilmes a\u00e7\u0131klad\u0131. Bel\u00e7ika, soka\u011fa \u00e7\u0131kma yasa\u011f\u0131n\u0131 19 Nisan\u201da kadar uzatt\u0131..\",\"datePublished\":\"2020-03-27T19:04:01+00:00\",\"dateModified\":\"2020-03-27T19:13:19+00:00\",\"mainEntityOfPage\":{\"@id\":\"https:\/\/avrupapress.com\/2020\/03\/27\/belcika-ulusal-guvenlik-konseyi-kararlarini-basbakan-sophie-wilmes-acikladi-belcika-sokaga-cikma-yasagini-19-nisana-kadar-uzatti\/\"},\"wordCount\":558,\"publisher\":{\"@id\":\"https:\/\/avrupapress.com\/#\/schema\/person\/0223dca19c72c43575bf30d1a2d8f4fa\"},\"image\":{\"@id\":\"https:\/\/avrupapress.com\/2020\/03\/27\/belcika-ulusal-guvenlik-konseyi-kararlarini-basbakan-sophie-wilmes-acikladi-belcika-sokaga-cikma-yasagini-19-nisana-kadar-uzatti\/#primaryimage\"},\"thumbnailUrl\":\"https:\/\/avrupapress.com\/main\/wp-content\/uploads\/2020\/03\/773x435_cmsv2_5c02fc63-094a-5835-aa03-ede5ce389188-4563952.jpg\",\"keywords\":[\"Bel\u00e7ika Ulusal G\u00fcvenlik Konseyi kararlar\u0131n\u0131 Ba\u015fbakan Sophie Wilmes a\u00e7\u0131klad\u0131. Bel\u00e7ika\"],\"articleSection\":[\"Avrupa\",\"Bel\u00e7ika\",\"D\u00fcnya\",\"Ekonomi\",\"K\u00fclt\u00fcr-Sanat\",\"Spor\",\"Tan\u0131t\u0131m\",\"T\u00fcrkiye\",\"Uncategorized\"],\"inLanguage\":\"fr-BE\"},{\"@type\":\"WebPage\",\"@id\":\"https:\/\/avrupapress.com\/2020\/03\/27\/belcika-ulusal-guvenlik-konseyi-kararlarini-basbakan-sophie-wilmes-acikladi-belcika-sokaga-cikma-yasagini-19-nisana-kadar-uzatti\/\",\"url\":\"https:\/\/avrupapress.com\/2020\/03\/27\/belcika-ulusal-guvenlik-konseyi-kararlarini-basbakan-sophie-wilmes-acikladi-belcika-sokaga-cikma-yasagini-19-nisana-kadar-uzatti\/\",\"name\":\"Bel\u00e7ika Ulusal G\u00fcvenlik Konseyi kararlar\u0131n\u0131 Ba\u015fbakan Sophie Wilmes a\u00e7\u0131klad\u0131. Bel\u00e7ika, soka\u011fa \u00e7\u0131kma yasa\u011f\u0131n\u0131 19 Nisan\u201da kadar uzatt\u0131.. - AvrupaPress\",\"isPartOf\":{\"@id\":\"https:\/\/avrupapress.com\/#website\"},\"primaryImageOfPage\":{\"@id\":\"https:\/\/avrupapress.com\/2020\/03\/27\/belcika-ulusal-guvenlik-konseyi-kararlarini-basbakan-sophie-wilmes-acikladi-belcika-sokaga-cikma-yasagini-19-nisana-kadar-uzatti\/#primaryimage\"},\"image\":{\"@id\":\"https:\/\/avrupapress.com\/2020\/03\/27\/belcika-ulusal-guvenlik-konseyi-kararlarini-basbakan-sophie-wilmes-acikladi-belcika-sokaga-cikma-yasagini-19-nisana-kadar-uzatti\/#primaryimage\"},\"thumbnailUrl\":\"https:\/\/avrupapress.com\/main\/wp-content\/uploads\/2020\/03\/773x435_cmsv2_5c02fc63-094a-5835-aa03-ede5ce389188-4563952.jpg\",\"datePublished\":\"2020-03-27T19:04:01+00:00\",\"dateModified\":\"2020-03-27T19:13:19+00:00\",\"breadcrumb\":{\"@id\":\"https:\/\/avrupapress.com\/2020\/03\/27\/belcika-ulusal-guvenlik-konseyi-kararlarini-basbakan-sophie-wilmes-acikladi-belcika-sokaga-cikma-yasagini-19-nisana-kadar-uzatti\/#breadcrumb\"},\"inLanguage\":\"fr-BE\",\"potentialAction\":[{\"@type\":\"ReadAction\",\"target\":[\"https:\/\/avrupapress.com\/2020\/03\/27\/belcika-ulusal-guvenlik-konseyi-kararlarini-basbakan-sophie-wilmes-acikladi-belcika-sokaga-cikma-yasagini-19-nisana-kadar-uzatti\/\"]}]},{\"@type\":\"ImageObject\",\"inLanguage\":\"fr-BE\",\"@id\":\"https:\/\/avrupapress.com\/2020\/03\/27\/belcika-ulusal-guvenlik-konseyi-kararlarini-basbakan-sophie-wilmes-acikladi-belcika-sokaga-cikma-yasagini-19-nisana-kadar-uzatti\/#primaryimage\",\"url\":\"https:\/\/avrupapress.com\/main\/wp-content\/uploads\/2020\/03\/773x435_cmsv2_5c02fc63-094a-5835-aa03-ede5ce389188-4563952.jpg\",\"contentUrl\":\"https:\/\/avrupapress.com\/main\/wp-content\/uploads\/2020\/03\/773x435_cmsv2_5c02fc63-094a-5835-aa03-ede5ce389188-4563952.jpg\",\"width\":773,\"height\":435},{\"@type\":\"BreadcrumbList\",\"@id\":\"https:\/\/avrupapress.com\/2020\/03\/27\/belcika-ulusal-guvenlik-konseyi-kararlarini-basbakan-sophie-wilmes-acikladi-belcika-sokaga-cikma-yasagini-19-nisana-kadar-uzatti\/#breadcrumb\",\"itemListElement\":[{\"@type\":\"ListItem\",\"position\":1,\"name\":\"Anasayfa\",\"item\":\"https:\/\/avrupapress.com\/\"},{\"@type\":\"ListItem\",\"position\":2,\"name\":\"Bel\u00e7ika Ulusal G\u00fcvenlik Konseyi kararlar\u0131n\u0131 Ba\u015fbakan Sophie Wilmes a\u00e7\u0131klad\u0131. Bel\u00e7ika, soka\u011fa \u00e7\u0131kma yasa\u011f\u0131n\u0131 19 Nisan\u201da kadar uzatt\u0131..\"}]},{\"@type\":\"WebSite\",\"@id\":\"https:\/\/avrupapress.com\/#website\",\"url\":\"https:\/\/avrupapress.com\/\",\"name\":\"AvrupaPress\",\"description\":\"Haberin Adresi\",\"publisher\":{\"@id\":\"https:\/\/avrupapress.com\/#\/schema\/person\/0223dca19c72c43575bf30d1a2d8f4fa\"},\"potentialAction\":[{\"@type\":\"SearchAction\",\"target\":{\"@type\":\"EntryPoint\",\"urlTemplate\":\"https:\/\/avrupapress.com\/?s={search_term_string}\"},\"query-input\":{\"@type\":\"PropertyValueSpecification\",\"valueRequired\":true,\"valueName\":\"search_term_string\"}}],\"inLanguage\":\"fr-BE\"},{\"@type\":[\"Person\",\"Organization\"],\"@id\":\"https:\/\/avrupapress.com\/#\/schema\/person\/0223dca19c72c43575bf30d1a2d8f4fa\",\"name\":\"Bilgin \u00d6z\u00e7ift\u00e7i\",\"image\":{\"@type\":\"ImageObject\",\"inLanguage\":\"fr-BE\",\"@id\":\"https:\/\/avrupapress.com\/#\/schema\/person\/image\/\",\"url\":\"https:\/\/secure.gravatar.com\/avatar\/0f23b280433a21e1ea7a0adcc46ed0ad16afe3ad8e630fd13d8a017dcbd54ef3?s=96&d=mm&r=g\",\"contentUrl\":\"https:\/\/secure.gravatar.com\/avatar\/0f23b280433a21e1ea7a0adcc46ed0ad16afe3ad8e630fd13d8a017dcbd54ef3?s=96&d=mm&r=g\",\"caption\":\"Bilgin \u00d6z\u00e7ift\u00e7i\"},\"logo\":{\"@id\":\"https:\/\/avrupapress.com\/#\/schema\/person\/image\/\"},\"description\":\"Ne ben, nede sen... Biz ancak \\\"biz\\\" olursak g\u00fc\u00e7l\u00fc olabiliriz\"},{\"@type\":\"Person\",\"@id\":\"https:\/\/avrupapress.com\/#\/schema\/person\/68428444ec60970d1e1b700cf4ca1e8f\",\"name\":\"Edit\u00f6r\",\"image\":{\"@type\":\"ImageObject\",\"inLanguage\":\"fr-BE\",\"@id\":\"https:\/\/avrupapress.com\/#\/schema\/person\/image\/\",\"url\":\"https:\/\/secure.gravatar.com\/avatar\/74996b0977aa5f1559ba9883776652508b229005c0d78fb2597897f0bd651c09?s=96&d=mm&r=g\",\"contentUrl\":\"https:\/\/secure.gravatar.com\/avatar\/74996b0977aa5f1559ba9883776652508b229005c0d78fb2597897f0bd651c09?s=96&d=mm&r=g\",\"caption\":\"Edit\u00f6r\"},\"sameAs\":[\"http:\/\/www.avrupapress.com\"],\"url\":\"https:\/\/avrupapress.com\/main\/author\/editor\/\"}]}<\/script>\n<!-- \/ Yoast SEO plugin. -->","yoast_head_json":{"title":"Bel\u00e7ika Ulusal G\u00fcvenlik Konseyi kararlar\u0131n\u0131 Ba\u015fbakan Sophie Wilmes a\u00e7\u0131klad\u0131. Bel\u00e7ika, soka\u011fa \u00e7\u0131kma yasa\u011f\u0131n\u0131 19 Nisan\u201da kadar uzatt\u0131.. - AvrupaPress","robots":{"index":"index","follow":"follow","max-snippet":"max-snippet:-1","max-image-preview":"max-image-preview:large","max-video-preview":"max-video-preview:-1"},"canonical":"https:\/\/avrupapress.com\/2020\/03\/27\/belcika-ulusal-guvenlik-konseyi-kararlarini-basbakan-sophie-wilmes-acikladi-belcika-sokaga-cikma-yasagini-19-nisana-kadar-uzatti\/","og_locale":"fr_FR","og_type":"article","og_title":"Bel\u00e7ika Ulusal G\u00fcvenlik Konseyi kararlar\u0131n\u0131 Ba\u015fbakan Sophie Wilmes a\u00e7\u0131klad\u0131. Bel\u00e7ika, soka\u011fa \u00e7\u0131kma yasa\u011f\u0131n\u0131 19 Nisan\u201da kadar uzatt\u0131.. - AvrupaPress","og_description":"Bel\u00e7ika Ulusal G\u00fcvenlik Konseyi kararlar\u0131n\u0131 Ba\u015fbakan Sophie Wilmes a\u00e7\u0131klad\u0131.Al\u0131nan t\u00fcm tedbirler aynen 19 Nisan 2020 tarihine kadar devam edecek... Milli G\u00fcvenlik Konseyi (CNS) bu Cuma g\u00fcn\u00fc Ba\u015fbakan Sophie Wilm\u00e8s ba\u015fkanl\u0131\u011f\u0131nda saat 14: 00&rsquo;de bir araya geldi. Risk y\u00f6netimi grubundaki uzmanlar\u0131n raporunu not ald\u0131 ve Bel\u00e7ika&rsquo;da halihaz\u0131rda al\u0131nan \u00f6nlemleri de\u011ferlendirdi. CNS sona erdi\u011finde, kontrol alt\u0131na alma [&hellip;]","og_url":"https:\/\/avrupapress.com\/2020\/03\/27\/belcika-ulusal-guvenlik-konseyi-kararlarini-basbakan-sophie-wilmes-acikladi-belcika-sokaga-cikma-yasagini-19-nisana-kadar-uzatti\/","og_site_name":"AvrupaPress","article_published_time":"2020-03-27T19:04:01+00:00","article_modified_time":"2020-03-27T19:13:19+00:00","og_image":[{"width":773,"height":435,"url":"https:\/\/avrupapress.com\/wp-content\/uploads\/2020\/03\/773x435_cmsv2_5c02fc63-094a-5835-aa03-ede5ce389188-4563952.jpg","type":"image\/jpeg"}],"author":"Edit\u00f6r","twitter_card":"summary_large_image","twitter_misc":{"\u00c9crit par":"Edit\u00f6r","Dur\u00e9e de lecture est.":"3 minutes"},"schema":{"@context":"https:\/\/schema.org","@graph":[{"@type":"Article","@id":"https:\/\/avrupapress.com\/2020\/03\/27\/belcika-ulusal-guvenlik-konseyi-kararlarini-basbakan-sophie-wilmes-acikladi-belcika-sokaga-cikma-yasagini-19-nisana-kadar-uzatti\/#article","isPartOf":{"@id":"https:\/\/avrupapress.com\/2020\/03\/27\/belcika-ulusal-guvenlik-konseyi-kararlarini-basbakan-sophie-wilmes-acikladi-belcika-sokaga-cikma-yasagini-19-nisana-kadar-uzatti\/"},"author":{"name":"Edit\u00f6r","@id":"https:\/\/avrupapress.com\/#\/schema\/person\/68428444ec60970d1e1b700cf4ca1e8f"},"headline":"Bel\u00e7ika Ulusal G\u00fcvenlik Konseyi kararlar\u0131n\u0131 Ba\u015fbakan Sophie Wilmes a\u00e7\u0131klad\u0131. Bel\u00e7ika, soka\u011fa \u00e7\u0131kma yasa\u011f\u0131n\u0131 19 Nisan\u201da kadar uzatt\u0131..","datePublished":"2020-03-27T19:04:01+00:00","dateModified":"2020-03-27T19:13:19+00:00","mainEntityOfPage":{"@id":"https:\/\/avrupapress.com\/2020\/03\/27\/belcika-ulusal-guvenlik-konseyi-kararlarini-basbakan-sophie-wilmes-acikladi-belcika-sokaga-cikma-yasagini-19-nisana-kadar-uzatti\/"},"wordCount":558,"publisher":{"@id":"https:\/\/avrupapress.com\/#\/schema\/person\/0223dca19c72c43575bf30d1a2d8f4fa"},"image":{"@id":"https:\/\/avrupapress.com\/2020\/03\/27\/belcika-ulusal-guvenlik-konseyi-kararlarini-basbakan-sophie-wilmes-acikladi-belcika-sokaga-cikma-yasagini-19-nisana-kadar-uzatti\/#primaryimage"},"thumbnailUrl":"https:\/\/avrupapress.com\/main\/wp-content\/uploads\/2020\/03\/773x435_cmsv2_5c02fc63-094a-5835-aa03-ede5ce389188-4563952.jpg","keywords":["Bel\u00e7ika Ulusal G\u00fcvenlik Konseyi kararlar\u0131n\u0131 Ba\u015fbakan Sophie Wilmes a\u00e7\u0131klad\u0131. Bel\u00e7ika"],"articleSection":["Avrupa","Bel\u00e7ika","D\u00fcnya","Ekonomi","K\u00fclt\u00fcr-Sanat","Spor","Tan\u0131t\u0131m","T\u00fcrkiye","Uncategorized"],"inLanguage":"fr-BE"},{"@type":"WebPage","@id":"https:\/\/avrupapress.com\/2020\/03\/27\/belcika-ulusal-guvenlik-konseyi-kararlarini-basbakan-sophie-wilmes-acikladi-belcika-sokaga-cikma-yasagini-19-nisana-kadar-uzatti\/","url":"https:\/\/avrupapress.com\/2020\/03\/27\/belcika-ulusal-guvenlik-konseyi-kararlarini-basbakan-sophie-wilmes-acikladi-belcika-sokaga-cikma-yasagini-19-nisana-kadar-uzatti\/","name":"Bel\u00e7ika Ulusal G\u00fcvenlik Konseyi kararlar\u0131n\u0131 Ba\u015fbakan Sophie Wilmes a\u00e7\u0131klad\u0131. Bel\u00e7ika, soka\u011fa \u00e7\u0131kma yasa\u011f\u0131n\u0131 19 Nisan\u201da kadar uzatt\u0131.. - AvrupaPress","isPartOf":{"@id":"https:\/\/avrupapress.com\/#website"},"primaryImageOfPage":{"@id":"https:\/\/avrupapress.com\/2020\/03\/27\/belcika-ulusal-guvenlik-konseyi-kararlarini-basbakan-sophie-wilmes-acikladi-belcika-sokaga-cikma-yasagini-19-nisana-kadar-uzatti\/#primaryimage"},"image":{"@id":"https:\/\/avrupapress.com\/2020\/03\/27\/belcika-ulusal-guvenlik-konseyi-kararlarini-basbakan-sophie-wilmes-acikladi-belcika-sokaga-cikma-yasagini-19-nisana-kadar-uzatti\/#primaryimage"},"thumbnailUrl":"https:\/\/avrupapress.com\/main\/wp-content\/uploads\/2020\/03\/773x435_cmsv2_5c02fc63-094a-5835-aa03-ede5ce389188-4563952.jpg","datePublished":"2020-03-27T19:04:01+00:00","dateModified":"2020-03-27T19:13:19+00:00","breadcrumb":{"@id":"https:\/\/avrupapress.com\/2020\/03\/27\/belcika-ulusal-guvenlik-konseyi-kararlarini-basbakan-sophie-wilmes-acikladi-belcika-sokaga-cikma-yasagini-19-nisana-kadar-uzatti\/#breadcrumb"},"inLanguage":"fr-BE","potentialAction":[{"@type":"ReadAction","target":["https:\/\/avrupapress.com\/2020\/03\/27\/belcika-ulusal-guvenlik-konseyi-kararlarini-basbakan-sophie-wilmes-acikladi-belcika-sokaga-cikma-yasagini-19-nisana-kadar-uzatti\/"]}]},{"@type":"ImageObject","inLanguage":"fr-BE","@id":"https:\/\/avrupapress.com\/2020\/03\/27\/belcika-ulusal-guvenlik-konseyi-kararlarini-basbakan-sophie-wilmes-acikladi-belcika-sokaga-cikma-yasagini-19-nisana-kadar-uzatti\/#primaryimage","url":"https:\/\/avrupapress.com\/main\/wp-content\/uploads\/2020\/03\/773x435_cmsv2_5c02fc63-094a-5835-aa03-ede5ce389188-4563952.jpg","contentUrl":"https:\/\/avrupapress.com\/main\/wp-content\/uploads\/2020\/03\/773x435_cmsv2_5c02fc63-094a-5835-aa03-ede5ce389188-4563952.jpg","width":773,"height":435},{"@type":"BreadcrumbList","@id":"https:\/\/avrupapress.com\/2020\/03\/27\/belcika-ulusal-guvenlik-konseyi-kararlarini-basbakan-sophie-wilmes-acikladi-belcika-sokaga-cikma-yasagini-19-nisana-kadar-uzatti\/#breadcrumb","itemListElement":[{"@type":"ListItem","position":1,"name":"Anasayfa","item":"https:\/\/avrupapress.com\/"},{"@type":"ListItem","position":2,"name":"Bel\u00e7ika Ulusal G\u00fcvenlik Konseyi kararlar\u0131n\u0131 Ba\u015fbakan Sophie Wilmes a\u00e7\u0131klad\u0131. Bel\u00e7ika, soka\u011fa \u00e7\u0131kma yasa\u011f\u0131n\u0131 19 Nisan\u201da kadar uzatt\u0131.."}]},{"@type":"WebSite","@id":"https:\/\/avrupapress.com\/#website","url":"https:\/\/avrupapress.com\/","name":"AvrupaPress","description":"Haberin Adresi","publisher":{"@id":"https:\/\/avrupapress.com\/#\/schema\/person\/0223dca19c72c43575bf30d1a2d8f4fa"},"potentialAction":[{"@type":"SearchAction","target":{"@type":"EntryPoint","urlTemplate":"https:\/\/avrupapress.com\/?s={search_term_string}"},"query-input":{"@type":"PropertyValueSpecification","valueRequired":true,"valueName":"search_term_string"}}],"inLanguage":"fr-BE"},{"@type":["Person","Organization"],"@id":"https:\/\/avrupapress.com\/#\/schema\/person\/0223dca19c72c43575bf30d1a2d8f4fa","name":"Bilgin \u00d6z\u00e7ift\u00e7i","image":{"@type":"ImageObject","inLanguage":"fr-BE","@id":"https:\/\/avrupapress.com\/#\/schema\/person\/image\/","url":"https:\/\/secure.gravatar.com\/avatar\/0f23b280433a21e1ea7a0adcc46ed0ad16afe3ad8e630fd13d8a017dcbd54ef3?s=96&d=mm&r=g","contentUrl":"https:\/\/secure.gravatar.com\/avatar\/0f23b280433a21e1ea7a0adcc46ed0ad16afe3ad8e630fd13d8a017dcbd54ef3?s=96&d=mm&r=g","caption":"Bilgin \u00d6z\u00e7ift\u00e7i"},"logo":{"@id":"https:\/\/avrupapress.com\/#\/schema\/person\/image\/"},"description":"Ne ben, nede sen... Biz ancak \"biz\" olursak g\u00fc\u00e7l\u00fc olabiliriz"},{"@type":"Person","@id":"https:\/\/avrupapress.com\/#\/schema\/person\/68428444ec60970d1e1b700cf4ca1e8f","name":"Edit\u00f6r","image":{"@type":"ImageObject","inLanguage":"fr-BE","@id":"https:\/\/avrupapress.com\/#\/schema\/person\/image\/","url":"https:\/\/secure.gravatar.com\/avatar\/74996b0977aa5f1559ba9883776652508b229005c0d78fb2597897f0bd651c09?s=96&d=mm&r=g","contentUrl":"https:\/\/secure.gravatar.com\/avatar\/74996b0977aa5f1559ba9883776652508b229005c0d78fb2597897f0bd651c09?s=96&d=mm&r=g","caption":"Edit\u00f6r"},"sameAs":["http:\/\/www.avrupapress.com"],"url":"https:\/\/avrupapress.com\/main\/author\/editor\/"}]}},"_links":{"self":[{"href":"https:\/\/avrupapress.com\/main\/wp-json\/wp\/v2\/posts\/11023","targetHints":{"allow":["GET"]}}],"collection":[{"href":"https:\/\/avrupapress.com\/main\/wp-json\/wp\/v2\/posts"}],"about":[{"href":"https:\/\/avrupapress.com\/main\/wp-json\/wp\/v2\/types\/post"}],"author":[{"embeddable":true,"href":"https:\/\/avrupapress.com\/main\/wp-json\/wp\/v2\/users\/3"}],"replies":[{"embeddable":true,"href":"https:\/\/avrupapress.com\/main\/wp-json\/wp\/v2\/comments?post=11023"}],"version-history":[{"count":2,"href":"https:\/\/avrupapress.com\/main\/wp-json\/wp\/v2\/posts\/11023\/revisions"}],"predecessor-version":[{"id":11027,"href":"https:\/\/avrupapress.com\/main\/wp-json\/wp\/v2\/posts\/11023\/revisions\/11027"}],"wp:featuredmedia":[{"embeddable":true,"href":"https:\/\/avrupapress.com\/main\/wp-json\/wp\/v2\/media\/11025"}],"wp:attachment":[{"href":"https:\/\/avrupapress.com\/main\/wp-json\/wp\/v2\/media?parent=11023"}],"wp:term":[{"taxonomy":"category","embeddable":true,"href":"https:\/\/avrupapress.com\/main\/wp-json\/wp\/v2\/categories?post=11023"},{"taxonomy":"post_tag","embeddable":true,"href":"https:\/\/avrupapress.com\/main\/wp-json\/wp\/v2\/tags?post=11023"}],"curies":[{"name":"wp","href":"https:\/\/api.w.org\/{rel}","templated":true}]}}