{"id":11020,"date":"2020-03-27T17:02:32","date_gmt":"2020-03-27T17:02:32","guid":{"rendered":"http:\/\/avrupapress.com\/main\/?p=11020"},"modified":"2020-03-27T17:02:34","modified_gmt":"2020-03-27T17:02:34","slug":"belcikada-kediye-sahibinden-koronavirus-bulasti","status":"publish","type":"post","link":"https:\/\/avrupapress.com\/main\/2020\/03\/27\/belcikada-kediye-sahibinden-koronavirus-bulasti\/","title":{"rendered":"Bel\u00e7ika\u2019da kediye sahibinden koronavir\u00fcs bula\u015ft\u0131"},"content":{"rendered":"\n<p><strong>Bel\u00e7ika\u2019da bir kediye sahibinden koronavir\u00fcs (Covid-19) bula\u015ft\u0131. Virolog Steven Van Gucht, kedinin, sahibinin ard\u0131ndan koronavir\u00fcs semptomlar\u0131n\u0131 g\u00f6stermeye ba\u015flad\u0131\u011f\u0131 ama iyile\u015fme s\u00fcrecinde oldu\u011funu ifade etti.<\/strong><\/p>\n\n\n\n<p> Bel\u00e7ika\u2019n\u0131n Valon B\u00f6lgesi\u2019nde bir kediye koronavir\u00fcs te\u015fhisi konuldu. Vir\u00fcs\u00fcn kediye sahibinden bula\u015ft\u0131\u011f\u0131 ifade edildi. Virolog Steven Van Gucht, olaya ili\u015fkin yapt\u0131\u011f\u0131 a\u00e7\u0131klamada, \u00ab\u00a0Sahibi semptomlar g\u00f6stermeye ba\u015flad\u0131ktan bir hafta sonra, kedi de semptomlar g\u00f6sterdi.<br>Semptomlar, ishal, kusma ve nefes alma zorluklar\u0131yd\u0131. Ara\u015ft\u0131rmac\u0131lar, vir\u00fcs\u00fc kedinin d\u0131\u015fk\u0131s\u0131nda buldular\u00a0\u00bb dedi. <br>Van Gucht, hayvandan insana vir\u00fcs bula\u015fmas\u0131 gibi bir durumun olmad\u0131\u011f\u0131n\u0131 hat\u0131rlatarak, \u00ab\u00a0Bunun yayg\u0131n oldu\u011funa dair hi\u00e7bir belirti yok. Bunun hayvandan insana de\u011fil, insandan hayvana ge\u00e7i\u015f oldu\u011funu belirtmek gerekiyor. Vir\u00fcs normal olarak hayvandan insana ge\u00e7mez\u00a0\u00bb ifadelerini kulland\u0131. <\/p>\n\n\n\n<p><strong>Bilgin Ozcifci \/ AVRUPAPRESS<\/strong><\/p>\n","protected":false},"excerpt":{"rendered":"<p>Bel\u00e7ika\u2019da bir kediye sahibinden koronavir\u00fcs (Covid-19) bula\u015ft\u0131. Virolog Steven Van Gucht, kedinin, sahibinin ard\u0131ndan koronavir\u00fcs semptomlar\u0131n\u0131 g\u00f6stermeye ba\u015flad\u0131\u011f\u0131 ama iyile\u015fme s\u00fcrecinde oldu\u011funu ifade etti. Bel\u00e7ika\u2019n\u0131n Valon B\u00f6lgesi\u2019nde bir kediye koronavir\u00fcs te\u015fhisi konuldu. Vir\u00fcs\u00fcn kediye sahibinden bula\u015ft\u0131\u011f\u0131 ifade edildi. Virolog Steven Van Gucht, olaya ili\u015fkin yapt\u0131\u011f\u0131 a\u00e7\u0131klamada, \u00ab\u00a0Sahibi semptomlar g\u00f6stermeye ba\u015flad\u0131ktan bir hafta sonra, kedi de [&hellip;]<\/p>\n","protected":false},"author":3,"featured_media":11021,"comment_status":"closed","ping_status":"open","sticky":false,"template":"","format":"standard","meta":{"footnotes":""},"categories":[14,16,3,17,18,19,2,1],"tags":[5159],"class_list":["post-11020","post","type-post","status-publish","format-standard","has-post-thumbnail","hentry","category-avrupa","category-belcika","category-dunya","category-ekonomi","category-kultur-sanat","category-tanitim","category-turkiye","category-uncategorized","tag-belcikada-kediye-sahibinden-koronavirus-bulasti"],"yoast_head":"<!-- This site is optimized with the Yoast SEO plugin v26.9 - https:\/\/yoast.com\/product\/yoast-seo-wordpress\/ -->\n<title>Bel\u00e7ika\u2019da kediye sahibinden koronavir\u00fcs bula\u015ft\u0131 - AvrupaPress<\/title>\n<meta name=\"robots\" content=\"index, follow, max-snippet:-1, max-image-preview:large, max-video-preview:-1\" \/>\n<link rel=\"canonical\" href=\"https:\/\/avrupapress.com\/2020\/03\/27\/belcikada-kediye-sahibinden-koronavirus-bulasti\/\" \/>\n<meta property=\"og:locale\" content=\"fr_FR\" \/>\n<meta property=\"og:type\" content=\"article\" \/>\n<meta property=\"og:title\" content=\"Bel\u00e7ika\u2019da kediye sahibinden koronavir\u00fcs bula\u015ft\u0131 - AvrupaPress\" \/>\n<meta property=\"og:description\" content=\"Bel\u00e7ika\u2019da bir kediye sahibinden koronavir\u00fcs (Covid-19) bula\u015ft\u0131. Virolog Steven Van Gucht, kedinin, sahibinin ard\u0131ndan koronavir\u00fcs semptomlar\u0131n\u0131 g\u00f6stermeye ba\u015flad\u0131\u011f\u0131 ama iyile\u015fme s\u00fcrecinde oldu\u011funu ifade etti. Bel\u00e7ika\u2019n\u0131n Valon B\u00f6lgesi\u2019nde bir kediye koronavir\u00fcs te\u015fhisi konuldu. Vir\u00fcs\u00fcn kediye sahibinden bula\u015ft\u0131\u011f\u0131 ifade edildi. Virolog Steven Van Gucht, olaya ili\u015fkin yapt\u0131\u011f\u0131 a\u00e7\u0131klamada, \u00ab\u00a0Sahibi semptomlar g\u00f6stermeye ba\u015flad\u0131ktan bir hafta sonra, kedi de [&hellip;]\" \/>\n<meta property=\"og:url\" content=\"https:\/\/avrupapress.com\/2020\/03\/27\/belcikada-kediye-sahibinden-koronavirus-bulasti\/\" \/>\n<meta property=\"og:site_name\" content=\"AvrupaPress\" \/>\n<meta property=\"article:published_time\" content=\"2020-03-27T17:02:32+00:00\" \/>\n<meta property=\"article:modified_time\" content=\"2020-03-27T17:02:34+00:00\" \/>\n<meta property=\"og:image\" content=\"https:\/\/avrupapress.com\/wp-content\/uploads\/2020\/03\/5e7e0bc318c773265cc09af1.jpg\" \/>\n\t<meta property=\"og:image:width\" content=\"750\" \/>\n\t<meta property=\"og:image:height\" content=\"422\" \/>\n\t<meta property=\"og:image:type\" content=\"image\/jpeg\" \/>\n<meta name=\"author\" content=\"Edit\u00f6r\" \/>\n<meta name=\"twitter:card\" content=\"summary_large_image\" \/>\n<meta name=\"twitter:label1\" content=\"\u00c9crit par\" \/>\n\t<meta name=\"twitter:data1\" content=\"Edit\u00f6r\" \/>\n\t<meta name=\"twitter:label2\" content=\"Dur\u00e9e de lecture est.\" \/>\n\t<meta name=\"twitter:data2\" content=\"1 minute\" \/>\n<script type=\"application\/ld+json\" class=\"yoast-schema-graph\">{\"@context\":\"https:\/\/schema.org\",\"@graph\":[{\"@type\":\"Article\",\"@id\":\"https:\/\/avrupapress.com\/2020\/03\/27\/belcikada-kediye-sahibinden-koronavirus-bulasti\/#article\",\"isPartOf\":{\"@id\":\"https:\/\/avrupapress.com\/2020\/03\/27\/belcikada-kediye-sahibinden-koronavirus-bulasti\/\"},\"author\":{\"name\":\"Edit\u00f6r\",\"@id\":\"https:\/\/avrupapress.com\/#\/schema\/person\/68428444ec60970d1e1b700cf4ca1e8f\"},\"headline\":\"Bel\u00e7ika\u2019da kediye sahibinden koronavir\u00fcs bula\u015ft\u0131\",\"datePublished\":\"2020-03-27T17:02:32+00:00\",\"dateModified\":\"2020-03-27T17:02:34+00:00\",\"mainEntityOfPage\":{\"@id\":\"https:\/\/avrupapress.com\/2020\/03\/27\/belcikada-kediye-sahibinden-koronavirus-bulasti\/\"},\"wordCount\":166,\"publisher\":{\"@id\":\"https:\/\/avrupapress.com\/#\/schema\/person\/0223dca19c72c43575bf30d1a2d8f4fa\"},\"image\":{\"@id\":\"https:\/\/avrupapress.com\/2020\/03\/27\/belcikada-kediye-sahibinden-koronavirus-bulasti\/#primaryimage\"},\"thumbnailUrl\":\"https:\/\/avrupapress.com\/main\/wp-content\/uploads\/2020\/03\/5e7e0bc318c773265cc09af1.jpg\",\"keywords\":[\"Bel\u00e7ika\u2019da kediye sahibinden koronavir\u00fcs bula\u015ft\u0131\"],\"articleSection\":[\"Avrupa\",\"Bel\u00e7ika\",\"D\u00fcnya\",\"Ekonomi\",\"K\u00fclt\u00fcr-Sanat\",\"Tan\u0131t\u0131m\",\"T\u00fcrkiye\",\"Uncategorized\"],\"inLanguage\":\"fr-BE\"},{\"@type\":\"WebPage\",\"@id\":\"https:\/\/avrupapress.com\/2020\/03\/27\/belcikada-kediye-sahibinden-koronavirus-bulasti\/\",\"url\":\"https:\/\/avrupapress.com\/2020\/03\/27\/belcikada-kediye-sahibinden-koronavirus-bulasti\/\",\"name\":\"Bel\u00e7ika\u2019da kediye sahibinden koronavir\u00fcs bula\u015ft\u0131 - AvrupaPress\",\"isPartOf\":{\"@id\":\"https:\/\/avrupapress.com\/#website\"},\"primaryImageOfPage\":{\"@id\":\"https:\/\/avrupapress.com\/2020\/03\/27\/belcikada-kediye-sahibinden-koronavirus-bulasti\/#primaryimage\"},\"image\":{\"@id\":\"https:\/\/avrupapress.com\/2020\/03\/27\/belcikada-kediye-sahibinden-koronavirus-bulasti\/#primaryimage\"},\"thumbnailUrl\":\"https:\/\/avrupapress.com\/main\/wp-content\/uploads\/2020\/03\/5e7e0bc318c773265cc09af1.jpg\",\"datePublished\":\"2020-03-27T17:02:32+00:00\",\"dateModified\":\"2020-03-27T17:02:34+00:00\",\"breadcrumb\":{\"@id\":\"https:\/\/avrupapress.com\/2020\/03\/27\/belcikada-kediye-sahibinden-koronavirus-bulasti\/#breadcrumb\"},\"inLanguage\":\"fr-BE\",\"potentialAction\":[{\"@type\":\"ReadAction\",\"target\":[\"https:\/\/avrupapress.com\/2020\/03\/27\/belcikada-kediye-sahibinden-koronavirus-bulasti\/\"]}]},{\"@type\":\"ImageObject\",\"inLanguage\":\"fr-BE\",\"@id\":\"https:\/\/avrupapress.com\/2020\/03\/27\/belcikada-kediye-sahibinden-koronavirus-bulasti\/#primaryimage\",\"url\":\"https:\/\/avrupapress.com\/main\/wp-content\/uploads\/2020\/03\/5e7e0bc318c773265cc09af1.jpg\",\"contentUrl\":\"https:\/\/avrupapress.com\/main\/wp-content\/uploads\/2020\/03\/5e7e0bc318c773265cc09af1.jpg\",\"width\":750,\"height\":422},{\"@type\":\"BreadcrumbList\",\"@id\":\"https:\/\/avrupapress.com\/2020\/03\/27\/belcikada-kediye-sahibinden-koronavirus-bulasti\/#breadcrumb\",\"itemListElement\":[{\"@type\":\"ListItem\",\"position\":1,\"name\":\"Anasayfa\",\"item\":\"https:\/\/avrupapress.com\/\"},{\"@type\":\"ListItem\",\"position\":2,\"name\":\"Bel\u00e7ika\u2019da kediye sahibinden koronavir\u00fcs bula\u015ft\u0131\"}]},{\"@type\":\"WebSite\",\"@id\":\"https:\/\/avrupapress.com\/#website\",\"url\":\"https:\/\/avrupapress.com\/\",\"name\":\"AvrupaPress\",\"description\":\"Haberin Adresi\",\"publisher\":{\"@id\":\"https:\/\/avrupapress.com\/#\/schema\/person\/0223dca19c72c43575bf30d1a2d8f4fa\"},\"potentialAction\":[{\"@type\":\"SearchAction\",\"target\":{\"@type\":\"EntryPoint\",\"urlTemplate\":\"https:\/\/avrupapress.com\/?s={search_term_string}\"},\"query-input\":{\"@type\":\"PropertyValueSpecification\",\"valueRequired\":true,\"valueName\":\"search_term_string\"}}],\"inLanguage\":\"fr-BE\"},{\"@type\":[\"Person\",\"Organization\"],\"@id\":\"https:\/\/avrupapress.com\/#\/schema\/person\/0223dca19c72c43575bf30d1a2d8f4fa\",\"name\":\"Bilgin \u00d6z\u00e7ift\u00e7i\",\"image\":{\"@type\":\"ImageObject\",\"inLanguage\":\"fr-BE\",\"@id\":\"https:\/\/avrupapress.com\/#\/schema\/person\/image\/\",\"url\":\"https:\/\/secure.gravatar.com\/avatar\/0f23b280433a21e1ea7a0adcc46ed0ad16afe3ad8e630fd13d8a017dcbd54ef3?s=96&d=mm&r=g\",\"contentUrl\":\"https:\/\/secure.gravatar.com\/avatar\/0f23b280433a21e1ea7a0adcc46ed0ad16afe3ad8e630fd13d8a017dcbd54ef3?s=96&d=mm&r=g\",\"caption\":\"Bilgin \u00d6z\u00e7ift\u00e7i\"},\"logo\":{\"@id\":\"https:\/\/avrupapress.com\/#\/schema\/person\/image\/\"},\"description\":\"Ne ben, nede sen... Biz ancak \\\"biz\\\" olursak g\u00fc\u00e7l\u00fc olabiliriz\"},{\"@type\":\"Person\",\"@id\":\"https:\/\/avrupapress.com\/#\/schema\/person\/68428444ec60970d1e1b700cf4ca1e8f\",\"name\":\"Edit\u00f6r\",\"image\":{\"@type\":\"ImageObject\",\"inLanguage\":\"fr-BE\",\"@id\":\"https:\/\/avrupapress.com\/#\/schema\/person\/image\/\",\"url\":\"https:\/\/secure.gravatar.com\/avatar\/74996b0977aa5f1559ba9883776652508b229005c0d78fb2597897f0bd651c09?s=96&d=mm&r=g\",\"contentUrl\":\"https:\/\/secure.gravatar.com\/avatar\/74996b0977aa5f1559ba9883776652508b229005c0d78fb2597897f0bd651c09?s=96&d=mm&r=g\",\"caption\":\"Edit\u00f6r\"},\"sameAs\":[\"http:\/\/www.avrupapress.com\"],\"url\":\"https:\/\/avrupapress.com\/main\/author\/editor\/\"}]}<\/script>\n<!-- \/ Yoast SEO plugin. -->","yoast_head_json":{"title":"Bel\u00e7ika\u2019da kediye sahibinden koronavir\u00fcs bula\u015ft\u0131 - AvrupaPress","robots":{"index":"index","follow":"follow","max-snippet":"max-snippet:-1","max-image-preview":"max-image-preview:large","max-video-preview":"max-video-preview:-1"},"canonical":"https:\/\/avrupapress.com\/2020\/03\/27\/belcikada-kediye-sahibinden-koronavirus-bulasti\/","og_locale":"fr_FR","og_type":"article","og_title":"Bel\u00e7ika\u2019da kediye sahibinden koronavir\u00fcs bula\u015ft\u0131 - AvrupaPress","og_description":"Bel\u00e7ika\u2019da bir kediye sahibinden koronavir\u00fcs (Covid-19) bula\u015ft\u0131. Virolog Steven Van Gucht, kedinin, sahibinin ard\u0131ndan koronavir\u00fcs semptomlar\u0131n\u0131 g\u00f6stermeye ba\u015flad\u0131\u011f\u0131 ama iyile\u015fme s\u00fcrecinde oldu\u011funu ifade etti. Bel\u00e7ika\u2019n\u0131n Valon B\u00f6lgesi\u2019nde bir kediye koronavir\u00fcs te\u015fhisi konuldu. Vir\u00fcs\u00fcn kediye sahibinden bula\u015ft\u0131\u011f\u0131 ifade edildi. Virolog Steven Van Gucht, olaya ili\u015fkin yapt\u0131\u011f\u0131 a\u00e7\u0131klamada, \u00ab\u00a0Sahibi semptomlar g\u00f6stermeye ba\u015flad\u0131ktan bir hafta sonra, kedi de [&hellip;]","og_url":"https:\/\/avrupapress.com\/2020\/03\/27\/belcikada-kediye-sahibinden-koronavirus-bulasti\/","og_site_name":"AvrupaPress","article_published_time":"2020-03-27T17:02:32+00:00","article_modified_time":"2020-03-27T17:02:34+00:00","og_image":[{"width":750,"height":422,"url":"https:\/\/avrupapress.com\/wp-content\/uploads\/2020\/03\/5e7e0bc318c773265cc09af1.jpg","type":"image\/jpeg"}],"author":"Edit\u00f6r","twitter_card":"summary_large_image","twitter_misc":{"\u00c9crit par":"Edit\u00f6r","Dur\u00e9e de lecture est.":"1 minute"},"schema":{"@context":"https:\/\/schema.org","@graph":[{"@type":"Article","@id":"https:\/\/avrupapress.com\/2020\/03\/27\/belcikada-kediye-sahibinden-koronavirus-bulasti\/#article","isPartOf":{"@id":"https:\/\/avrupapress.com\/2020\/03\/27\/belcikada-kediye-sahibinden-koronavirus-bulasti\/"},"author":{"name":"Edit\u00f6r","@id":"https:\/\/avrupapress.com\/#\/schema\/person\/68428444ec60970d1e1b700cf4ca1e8f"},"headline":"Bel\u00e7ika\u2019da kediye sahibinden koronavir\u00fcs bula\u015ft\u0131","datePublished":"2020-03-27T17:02:32+00:00","dateModified":"2020-03-27T17:02:34+00:00","mainEntityOfPage":{"@id":"https:\/\/avrupapress.com\/2020\/03\/27\/belcikada-kediye-sahibinden-koronavirus-bulasti\/"},"wordCount":166,"publisher":{"@id":"https:\/\/avrupapress.com\/#\/schema\/person\/0223dca19c72c43575bf30d1a2d8f4fa"},"image":{"@id":"https:\/\/avrupapress.com\/2020\/03\/27\/belcikada-kediye-sahibinden-koronavirus-bulasti\/#primaryimage"},"thumbnailUrl":"https:\/\/avrupapress.com\/main\/wp-content\/uploads\/2020\/03\/5e7e0bc318c773265cc09af1.jpg","keywords":["Bel\u00e7ika\u2019da kediye sahibinden koronavir\u00fcs bula\u015ft\u0131"],"articleSection":["Avrupa","Bel\u00e7ika","D\u00fcnya","Ekonomi","K\u00fclt\u00fcr-Sanat","Tan\u0131t\u0131m","T\u00fcrkiye","Uncategorized"],"inLanguage":"fr-BE"},{"@type":"WebPage","@id":"https:\/\/avrupapress.com\/2020\/03\/27\/belcikada-kediye-sahibinden-koronavirus-bulasti\/","url":"https:\/\/avrupapress.com\/2020\/03\/27\/belcikada-kediye-sahibinden-koronavirus-bulasti\/","name":"Bel\u00e7ika\u2019da kediye sahibinden koronavir\u00fcs bula\u015ft\u0131 - AvrupaPress","isPartOf":{"@id":"https:\/\/avrupapress.com\/#website"},"primaryImageOfPage":{"@id":"https:\/\/avrupapress.com\/2020\/03\/27\/belcikada-kediye-sahibinden-koronavirus-bulasti\/#primaryimage"},"image":{"@id":"https:\/\/avrupapress.com\/2020\/03\/27\/belcikada-kediye-sahibinden-koronavirus-bulasti\/#primaryimage"},"thumbnailUrl":"https:\/\/avrupapress.com\/main\/wp-content\/uploads\/2020\/03\/5e7e0bc318c773265cc09af1.jpg","datePublished":"2020-03-27T17:02:32+00:00","dateModified":"2020-03-27T17:02:34+00:00","breadcrumb":{"@id":"https:\/\/avrupapress.com\/2020\/03\/27\/belcikada-kediye-sahibinden-koronavirus-bulasti\/#breadcrumb"},"inLanguage":"fr-BE","potentialAction":[{"@type":"ReadAction","target":["https:\/\/avrupapress.com\/2020\/03\/27\/belcikada-kediye-sahibinden-koronavirus-bulasti\/"]}]},{"@type":"ImageObject","inLanguage":"fr-BE","@id":"https:\/\/avrupapress.com\/2020\/03\/27\/belcikada-kediye-sahibinden-koronavirus-bulasti\/#primaryimage","url":"https:\/\/avrupapress.com\/main\/wp-content\/uploads\/2020\/03\/5e7e0bc318c773265cc09af1.jpg","contentUrl":"https:\/\/avrupapress.com\/main\/wp-content\/uploads\/2020\/03\/5e7e0bc318c773265cc09af1.jpg","width":750,"height":422},{"@type":"BreadcrumbList","@id":"https:\/\/avrupapress.com\/2020\/03\/27\/belcikada-kediye-sahibinden-koronavirus-bulasti\/#breadcrumb","itemListElement":[{"@type":"ListItem","position":1,"name":"Anasayfa","item":"https:\/\/avrupapress.com\/"},{"@type":"ListItem","position":2,"name":"Bel\u00e7ika\u2019da kediye sahibinden koronavir\u00fcs bula\u015ft\u0131"}]},{"@type":"WebSite","@id":"https:\/\/avrupapress.com\/#website","url":"https:\/\/avrupapress.com\/","name":"AvrupaPress","description":"Haberin Adresi","publisher":{"@id":"https:\/\/avrupapress.com\/#\/schema\/person\/0223dca19c72c43575bf30d1a2d8f4fa"},"potentialAction":[{"@type":"SearchAction","target":{"@type":"EntryPoint","urlTemplate":"https:\/\/avrupapress.com\/?s={search_term_string}"},"query-input":{"@type":"PropertyValueSpecification","valueRequired":true,"valueName":"search_term_string"}}],"inLanguage":"fr-BE"},{"@type":["Person","Organization"],"@id":"https:\/\/avrupapress.com\/#\/schema\/person\/0223dca19c72c43575bf30d1a2d8f4fa","name":"Bilgin \u00d6z\u00e7ift\u00e7i","image":{"@type":"ImageObject","inLanguage":"fr-BE","@id":"https:\/\/avrupapress.com\/#\/schema\/person\/image\/","url":"https:\/\/secure.gravatar.com\/avatar\/0f23b280433a21e1ea7a0adcc46ed0ad16afe3ad8e630fd13d8a017dcbd54ef3?s=96&d=mm&r=g","contentUrl":"https:\/\/secure.gravatar.com\/avatar\/0f23b280433a21e1ea7a0adcc46ed0ad16afe3ad8e630fd13d8a017dcbd54ef3?s=96&d=mm&r=g","caption":"Bilgin \u00d6z\u00e7ift\u00e7i"},"logo":{"@id":"https:\/\/avrupapress.com\/#\/schema\/person\/image\/"},"description":"Ne ben, nede sen... Biz ancak \"biz\" olursak g\u00fc\u00e7l\u00fc olabiliriz"},{"@type":"Person","@id":"https:\/\/avrupapress.com\/#\/schema\/person\/68428444ec60970d1e1b700cf4ca1e8f","name":"Edit\u00f6r","image":{"@type":"ImageObject","inLanguage":"fr-BE","@id":"https:\/\/avrupapress.com\/#\/schema\/person\/image\/","url":"https:\/\/secure.gravatar.com\/avatar\/74996b0977aa5f1559ba9883776652508b229005c0d78fb2597897f0bd651c09?s=96&d=mm&r=g","contentUrl":"https:\/\/secure.gravatar.com\/avatar\/74996b0977aa5f1559ba9883776652508b229005c0d78fb2597897f0bd651c09?s=96&d=mm&r=g","caption":"Edit\u00f6r"},"sameAs":["http:\/\/www.avrupapress.com"],"url":"https:\/\/avrupapress.com\/main\/author\/editor\/"}]}},"_links":{"self":[{"href":"https:\/\/avrupapress.com\/main\/wp-json\/wp\/v2\/posts\/11020","targetHints":{"allow":["GET"]}}],"collection":[{"href":"https:\/\/avrupapress.com\/main\/wp-json\/wp\/v2\/posts"}],"about":[{"href":"https:\/\/avrupapress.com\/main\/wp-json\/wp\/v2\/types\/post"}],"author":[{"embeddable":true,"href":"https:\/\/avrupapress.com\/main\/wp-json\/wp\/v2\/users\/3"}],"replies":[{"embeddable":true,"href":"https:\/\/avrupapress.com\/main\/wp-json\/wp\/v2\/comments?post=11020"}],"version-history":[{"count":1,"href":"https:\/\/avrupapress.com\/main\/wp-json\/wp\/v2\/posts\/11020\/revisions"}],"predecessor-version":[{"id":11022,"href":"https:\/\/avrupapress.com\/main\/wp-json\/wp\/v2\/posts\/11020\/revisions\/11022"}],"wp:featuredmedia":[{"embeddable":true,"href":"https:\/\/avrupapress.com\/main\/wp-json\/wp\/v2\/media\/11021"}],"wp:attachment":[{"href":"https:\/\/avrupapress.com\/main\/wp-json\/wp\/v2\/media?parent=11020"}],"wp:term":[{"taxonomy":"category","embeddable":true,"href":"https:\/\/avrupapress.com\/main\/wp-json\/wp\/v2\/categories?post=11020"},{"taxonomy":"post_tag","embeddable":true,"href":"https:\/\/avrupapress.com\/main\/wp-json\/wp\/v2\/tags?post=11020"}],"curies":[{"name":"wp","href":"https:\/\/api.w.org\/{rel}","templated":true}]}}