{"id":11017,"date":"2020-03-27T16:16:23","date_gmt":"2020-03-27T16:16:23","guid":{"rendered":"http:\/\/avrupapress.com\/main\/?p=11017"},"modified":"2020-03-27T16:16:25","modified_gmt":"2020-03-27T16:16:25","slug":"aydemir-ve-dag-ailelerinin-aci-gunu","status":"publish","type":"post","link":"https:\/\/avrupapress.com\/main\/2020\/03\/27\/aydemir-ve-dag-ailelerinin-aci-gunu\/","title":{"rendered":"Aydemir ve Da\u011f ailelerinin ac\u0131 g\u00fcn\u00fc&#8230;"},"content":{"rendered":"\n<p> <strong>Belcika Turkce Medya Birliginin Baskan Yardimcisi olan Gazeteci Fikret Aydemir\u2019in ac\u0131 g\u00fcn\u00fc \u2013 Nuriye Aydemir\u2019in cenazesi g\u00f6z ya\u015flar\u0131 aras\u0131nda T\u00fcrkiye\u2019ye u\u011furland\u0131 <\/strong><\/p>\n\n\n\n<p>Gazeteci Fikret Aydemir\u2019in ac\u0131 g\u00fcn\u00fc \u2013 Nuriye Aydemir\u2019in cenazesi g\u00f6z ya\u015flar\u0131 aras\u0131nda T\u00fcrkiye\u2019ye u\u011furland\u0131<\/p>\n\n\n\n<p>Bel\u00e7ika\u2019da ya\u015fayan, \u00e7evresi taraf\u0131nda sevilen, say\u0131lan, S\u0131tk\u0131 Aydemir\u2019in de\u011ferli e\u015fi Nuriye Aydemir\u2019in korona vir\u00fcs etkisi ile hayat\u0131n\u0131 kaybetti\u011fi belirtildi.<br>Gazeteci Fikret Aydemir ve Willebroek Belediye Meclis \u00fcyesi Serkan Bozyi\u011fit\u2019in teyzeleri olan Nuriye Aydemir\u2019in vefat\u0131 aile bireylerinde, yak\u0131nlar\u0131nda, ve Willebroek \u015fehrinde ya\u015fayan T\u00fcrk toplumunda derin bir \u00fcz\u00fcnt\u00fc yaratt\u0131. Bel\u00e7ika T\u00fcrk toplumuna ve Fikret Aydemir arkada\u015f\u0131m\u0131za ba\u015f sa\u011fl\u0131\u011f\u0131 diliyoruz.<\/p>\n\n\n\n<p><strong>DA\u011e A\u0130LES\u0130 BABALARINI KAYBETT\u0130<\/strong>!<br>\u00d6te yandan Bel\u00e7ika\u2019n\u0131n ba\u015fkenti Br\u00fcksel\u2019de FC Schaerbeek Spor Kul\u00fcb\u00fc\u2019n\u00fcn bir d\u00f6nem y\u00f6neticili\u011fini yapan Hulisi Da\u011f\u2019\u0131n da hayat\u0131n\u0131 kaybetti\u011fi \u00f6\u011frenildi.<br>Allah,gani,gani rahmet eylesin,ailesi ve sevenlerinin ba\u015f\u0131 sa\u011folsun!<\/p>\n\n\n\n<p>Kaynak ; Belhaber<\/p>\n","protected":false},"excerpt":{"rendered":"<p>Belcika Turkce Medya Birliginin Baskan Yardimcisi olan Gazeteci Fikret Aydemir\u2019in ac\u0131 g\u00fcn\u00fc \u2013 Nuriye Aydemir\u2019in cenazesi g\u00f6z ya\u015flar\u0131 aras\u0131nda T\u00fcrkiye\u2019ye u\u011furland\u0131 Gazeteci Fikret Aydemir\u2019in ac\u0131 g\u00fcn\u00fc \u2013 Nuriye Aydemir\u2019in cenazesi g\u00f6z ya\u015flar\u0131 aras\u0131nda T\u00fcrkiye\u2019ye u\u011furland\u0131 Bel\u00e7ika\u2019da ya\u015fayan, \u00e7evresi taraf\u0131nda sevilen, say\u0131lan, S\u0131tk\u0131 Aydemir\u2019in de\u011ferli e\u015fi Nuriye Aydemir\u2019in korona vir\u00fcs etkisi ile hayat\u0131n\u0131 kaybetti\u011fi belirtildi.Gazeteci Fikret [&hellip;]<\/p>\n","protected":false},"author":3,"featured_media":11018,"comment_status":"closed","ping_status":"open","sticky":false,"template":"","format":"standard","meta":{"footnotes":""},"categories":[14,16,3,17,18,15,19,2,1],"tags":[5158],"class_list":["post-11017","post","type-post","status-publish","format-standard","has-post-thumbnail","hentry","category-avrupa","category-belcika","category-dunya","category-ekonomi","category-kultur-sanat","category-spor","category-tanitim","category-turkiye","category-uncategorized","tag-aydemir-ve-dag-ailelerinin-aci-gunu"],"yoast_head":"<!-- This site is optimized with the Yoast SEO plugin v26.9 - https:\/\/yoast.com\/product\/yoast-seo-wordpress\/ -->\n<title>Aydemir ve Da\u011f ailelerinin ac\u0131 g\u00fcn\u00fc... - AvrupaPress<\/title>\n<meta name=\"robots\" content=\"index, follow, max-snippet:-1, max-image-preview:large, max-video-preview:-1\" \/>\n<link rel=\"canonical\" href=\"https:\/\/avrupapress.com\/2020\/03\/27\/aydemir-ve-dag-ailelerinin-aci-gunu\/\" \/>\n<meta property=\"og:locale\" content=\"fr_FR\" \/>\n<meta property=\"og:type\" content=\"article\" \/>\n<meta property=\"og:title\" content=\"Aydemir ve Da\u011f ailelerinin ac\u0131 g\u00fcn\u00fc... - AvrupaPress\" \/>\n<meta property=\"og:description\" content=\"Belcika Turkce Medya Birliginin Baskan Yardimcisi olan Gazeteci Fikret Aydemir\u2019in ac\u0131 g\u00fcn\u00fc \u2013 Nuriye Aydemir\u2019in cenazesi g\u00f6z ya\u015flar\u0131 aras\u0131nda T\u00fcrkiye\u2019ye u\u011furland\u0131 Gazeteci Fikret Aydemir\u2019in ac\u0131 g\u00fcn\u00fc \u2013 Nuriye Aydemir\u2019in cenazesi g\u00f6z ya\u015flar\u0131 aras\u0131nda T\u00fcrkiye\u2019ye u\u011furland\u0131 Bel\u00e7ika\u2019da ya\u015fayan, \u00e7evresi taraf\u0131nda sevilen, say\u0131lan, S\u0131tk\u0131 Aydemir\u2019in de\u011ferli e\u015fi Nuriye Aydemir\u2019in korona vir\u00fcs etkisi ile hayat\u0131n\u0131 kaybetti\u011fi belirtildi.Gazeteci Fikret [&hellip;]\" \/>\n<meta property=\"og:url\" content=\"https:\/\/avrupapress.com\/2020\/03\/27\/aydemir-ve-dag-ailelerinin-aci-gunu\/\" \/>\n<meta property=\"og:site_name\" content=\"AvrupaPress\" \/>\n<meta property=\"article:published_time\" content=\"2020-03-27T16:16:23+00:00\" \/>\n<meta property=\"article:modified_time\" content=\"2020-03-27T16:16:25+00:00\" \/>\n<meta property=\"og:image\" content=\"https:\/\/avrupapress.com\/wp-content\/uploads\/2020\/03\/Hulisi-Dag-2.jpg\" \/>\n\t<meta property=\"og:image:width\" content=\"717\" \/>\n\t<meta property=\"og:image:height\" content=\"445\" \/>\n\t<meta property=\"og:image:type\" content=\"image\/jpeg\" \/>\n<meta name=\"author\" content=\"Edit\u00f6r\" \/>\n<meta name=\"twitter:card\" content=\"summary_large_image\" \/>\n<meta name=\"twitter:label1\" content=\"\u00c9crit par\" \/>\n\t<meta name=\"twitter:data1\" content=\"Edit\u00f6r\" \/>\n\t<meta name=\"twitter:label2\" content=\"Dur\u00e9e de lecture est.\" \/>\n\t<meta name=\"twitter:data2\" content=\"1 minute\" \/>\n<script type=\"application\/ld+json\" class=\"yoast-schema-graph\">{\"@context\":\"https:\/\/schema.org\",\"@graph\":[{\"@type\":\"Article\",\"@id\":\"https:\/\/avrupapress.com\/2020\/03\/27\/aydemir-ve-dag-ailelerinin-aci-gunu\/#article\",\"isPartOf\":{\"@id\":\"https:\/\/avrupapress.com\/2020\/03\/27\/aydemir-ve-dag-ailelerinin-aci-gunu\/\"},\"author\":{\"name\":\"Edit\u00f6r\",\"@id\":\"https:\/\/avrupapress.com\/#\/schema\/person\/68428444ec60970d1e1b700cf4ca1e8f\"},\"headline\":\"Aydemir ve Da\u011f ailelerinin ac\u0131 g\u00fcn\u00fc&#8230;\",\"datePublished\":\"2020-03-27T16:16:23+00:00\",\"dateModified\":\"2020-03-27T16:16:25+00:00\",\"mainEntityOfPage\":{\"@id\":\"https:\/\/avrupapress.com\/2020\/03\/27\/aydemir-ve-dag-ailelerinin-aci-gunu\/\"},\"wordCount\":193,\"publisher\":{\"@id\":\"https:\/\/avrupapress.com\/#\/schema\/person\/0223dca19c72c43575bf30d1a2d8f4fa\"},\"image\":{\"@id\":\"https:\/\/avrupapress.com\/2020\/03\/27\/aydemir-ve-dag-ailelerinin-aci-gunu\/#primaryimage\"},\"thumbnailUrl\":\"https:\/\/avrupapress.com\/main\/wp-content\/uploads\/2020\/03\/Hulisi-Dag-2.jpg\",\"keywords\":[\"Aydemir ve Da\u011f ailelerinin ac\u0131 g\u00fcn\u00fc...\"],\"articleSection\":[\"Avrupa\",\"Bel\u00e7ika\",\"D\u00fcnya\",\"Ekonomi\",\"K\u00fclt\u00fcr-Sanat\",\"Spor\",\"Tan\u0131t\u0131m\",\"T\u00fcrkiye\",\"Uncategorized\"],\"inLanguage\":\"fr-BE\"},{\"@type\":\"WebPage\",\"@id\":\"https:\/\/avrupapress.com\/2020\/03\/27\/aydemir-ve-dag-ailelerinin-aci-gunu\/\",\"url\":\"https:\/\/avrupapress.com\/2020\/03\/27\/aydemir-ve-dag-ailelerinin-aci-gunu\/\",\"name\":\"Aydemir ve Da\u011f ailelerinin ac\u0131 g\u00fcn\u00fc... - AvrupaPress\",\"isPartOf\":{\"@id\":\"https:\/\/avrupapress.com\/#website\"},\"primaryImageOfPage\":{\"@id\":\"https:\/\/avrupapress.com\/2020\/03\/27\/aydemir-ve-dag-ailelerinin-aci-gunu\/#primaryimage\"},\"image\":{\"@id\":\"https:\/\/avrupapress.com\/2020\/03\/27\/aydemir-ve-dag-ailelerinin-aci-gunu\/#primaryimage\"},\"thumbnailUrl\":\"https:\/\/avrupapress.com\/main\/wp-content\/uploads\/2020\/03\/Hulisi-Dag-2.jpg\",\"datePublished\":\"2020-03-27T16:16:23+00:00\",\"dateModified\":\"2020-03-27T16:16:25+00:00\",\"breadcrumb\":{\"@id\":\"https:\/\/avrupapress.com\/2020\/03\/27\/aydemir-ve-dag-ailelerinin-aci-gunu\/#breadcrumb\"},\"inLanguage\":\"fr-BE\",\"potentialAction\":[{\"@type\":\"ReadAction\",\"target\":[\"https:\/\/avrupapress.com\/2020\/03\/27\/aydemir-ve-dag-ailelerinin-aci-gunu\/\"]}]},{\"@type\":\"ImageObject\",\"inLanguage\":\"fr-BE\",\"@id\":\"https:\/\/avrupapress.com\/2020\/03\/27\/aydemir-ve-dag-ailelerinin-aci-gunu\/#primaryimage\",\"url\":\"https:\/\/avrupapress.com\/main\/wp-content\/uploads\/2020\/03\/Hulisi-Dag-2.jpg\",\"contentUrl\":\"https:\/\/avrupapress.com\/main\/wp-content\/uploads\/2020\/03\/Hulisi-Dag-2.jpg\",\"width\":717,\"height\":445},{\"@type\":\"BreadcrumbList\",\"@id\":\"https:\/\/avrupapress.com\/2020\/03\/27\/aydemir-ve-dag-ailelerinin-aci-gunu\/#breadcrumb\",\"itemListElement\":[{\"@type\":\"ListItem\",\"position\":1,\"name\":\"Anasayfa\",\"item\":\"https:\/\/avrupapress.com\/\"},{\"@type\":\"ListItem\",\"position\":2,\"name\":\"Aydemir ve Da\u011f ailelerinin ac\u0131 g\u00fcn\u00fc&#8230;\"}]},{\"@type\":\"WebSite\",\"@id\":\"https:\/\/avrupapress.com\/#website\",\"url\":\"https:\/\/avrupapress.com\/\",\"name\":\"AvrupaPress\",\"description\":\"Haberin Adresi\",\"publisher\":{\"@id\":\"https:\/\/avrupapress.com\/#\/schema\/person\/0223dca19c72c43575bf30d1a2d8f4fa\"},\"potentialAction\":[{\"@type\":\"SearchAction\",\"target\":{\"@type\":\"EntryPoint\",\"urlTemplate\":\"https:\/\/avrupapress.com\/?s={search_term_string}\"},\"query-input\":{\"@type\":\"PropertyValueSpecification\",\"valueRequired\":true,\"valueName\":\"search_term_string\"}}],\"inLanguage\":\"fr-BE\"},{\"@type\":[\"Person\",\"Organization\"],\"@id\":\"https:\/\/avrupapress.com\/#\/schema\/person\/0223dca19c72c43575bf30d1a2d8f4fa\",\"name\":\"Bilgin \u00d6z\u00e7ift\u00e7i\",\"image\":{\"@type\":\"ImageObject\",\"inLanguage\":\"fr-BE\",\"@id\":\"https:\/\/avrupapress.com\/#\/schema\/person\/image\/\",\"url\":\"https:\/\/secure.gravatar.com\/avatar\/0f23b280433a21e1ea7a0adcc46ed0ad16afe3ad8e630fd13d8a017dcbd54ef3?s=96&d=mm&r=g\",\"contentUrl\":\"https:\/\/secure.gravatar.com\/avatar\/0f23b280433a21e1ea7a0adcc46ed0ad16afe3ad8e630fd13d8a017dcbd54ef3?s=96&d=mm&r=g\",\"caption\":\"Bilgin \u00d6z\u00e7ift\u00e7i\"},\"logo\":{\"@id\":\"https:\/\/avrupapress.com\/#\/schema\/person\/image\/\"},\"description\":\"Ne ben, nede sen... Biz ancak \\\"biz\\\" olursak g\u00fc\u00e7l\u00fc olabiliriz\"},{\"@type\":\"Person\",\"@id\":\"https:\/\/avrupapress.com\/#\/schema\/person\/68428444ec60970d1e1b700cf4ca1e8f\",\"name\":\"Edit\u00f6r\",\"image\":{\"@type\":\"ImageObject\",\"inLanguage\":\"fr-BE\",\"@id\":\"https:\/\/avrupapress.com\/#\/schema\/person\/image\/\",\"url\":\"https:\/\/secure.gravatar.com\/avatar\/74996b0977aa5f1559ba9883776652508b229005c0d78fb2597897f0bd651c09?s=96&d=mm&r=g\",\"contentUrl\":\"https:\/\/secure.gravatar.com\/avatar\/74996b0977aa5f1559ba9883776652508b229005c0d78fb2597897f0bd651c09?s=96&d=mm&r=g\",\"caption\":\"Edit\u00f6r\"},\"sameAs\":[\"http:\/\/www.avrupapress.com\"],\"url\":\"https:\/\/avrupapress.com\/main\/author\/editor\/\"}]}<\/script>\n<!-- \/ Yoast SEO plugin. -->","yoast_head_json":{"title":"Aydemir ve Da\u011f ailelerinin ac\u0131 g\u00fcn\u00fc... - AvrupaPress","robots":{"index":"index","follow":"follow","max-snippet":"max-snippet:-1","max-image-preview":"max-image-preview:large","max-video-preview":"max-video-preview:-1"},"canonical":"https:\/\/avrupapress.com\/2020\/03\/27\/aydemir-ve-dag-ailelerinin-aci-gunu\/","og_locale":"fr_FR","og_type":"article","og_title":"Aydemir ve Da\u011f ailelerinin ac\u0131 g\u00fcn\u00fc... - AvrupaPress","og_description":"Belcika Turkce Medya Birliginin Baskan Yardimcisi olan Gazeteci Fikret Aydemir\u2019in ac\u0131 g\u00fcn\u00fc \u2013 Nuriye Aydemir\u2019in cenazesi g\u00f6z ya\u015flar\u0131 aras\u0131nda T\u00fcrkiye\u2019ye u\u011furland\u0131 Gazeteci Fikret Aydemir\u2019in ac\u0131 g\u00fcn\u00fc \u2013 Nuriye Aydemir\u2019in cenazesi g\u00f6z ya\u015flar\u0131 aras\u0131nda T\u00fcrkiye\u2019ye u\u011furland\u0131 Bel\u00e7ika\u2019da ya\u015fayan, \u00e7evresi taraf\u0131nda sevilen, say\u0131lan, S\u0131tk\u0131 Aydemir\u2019in de\u011ferli e\u015fi Nuriye Aydemir\u2019in korona vir\u00fcs etkisi ile hayat\u0131n\u0131 kaybetti\u011fi belirtildi.Gazeteci Fikret [&hellip;]","og_url":"https:\/\/avrupapress.com\/2020\/03\/27\/aydemir-ve-dag-ailelerinin-aci-gunu\/","og_site_name":"AvrupaPress","article_published_time":"2020-03-27T16:16:23+00:00","article_modified_time":"2020-03-27T16:16:25+00:00","og_image":[{"width":717,"height":445,"url":"https:\/\/avrupapress.com\/wp-content\/uploads\/2020\/03\/Hulisi-Dag-2.jpg","type":"image\/jpeg"}],"author":"Edit\u00f6r","twitter_card":"summary_large_image","twitter_misc":{"\u00c9crit par":"Edit\u00f6r","Dur\u00e9e de lecture est.":"1 minute"},"schema":{"@context":"https:\/\/schema.org","@graph":[{"@type":"Article","@id":"https:\/\/avrupapress.com\/2020\/03\/27\/aydemir-ve-dag-ailelerinin-aci-gunu\/#article","isPartOf":{"@id":"https:\/\/avrupapress.com\/2020\/03\/27\/aydemir-ve-dag-ailelerinin-aci-gunu\/"},"author":{"name":"Edit\u00f6r","@id":"https:\/\/avrupapress.com\/#\/schema\/person\/68428444ec60970d1e1b700cf4ca1e8f"},"headline":"Aydemir ve Da\u011f ailelerinin ac\u0131 g\u00fcn\u00fc&#8230;","datePublished":"2020-03-27T16:16:23+00:00","dateModified":"2020-03-27T16:16:25+00:00","mainEntityOfPage":{"@id":"https:\/\/avrupapress.com\/2020\/03\/27\/aydemir-ve-dag-ailelerinin-aci-gunu\/"},"wordCount":193,"publisher":{"@id":"https:\/\/avrupapress.com\/#\/schema\/person\/0223dca19c72c43575bf30d1a2d8f4fa"},"image":{"@id":"https:\/\/avrupapress.com\/2020\/03\/27\/aydemir-ve-dag-ailelerinin-aci-gunu\/#primaryimage"},"thumbnailUrl":"https:\/\/avrupapress.com\/main\/wp-content\/uploads\/2020\/03\/Hulisi-Dag-2.jpg","keywords":["Aydemir ve Da\u011f ailelerinin ac\u0131 g\u00fcn\u00fc..."],"articleSection":["Avrupa","Bel\u00e7ika","D\u00fcnya","Ekonomi","K\u00fclt\u00fcr-Sanat","Spor","Tan\u0131t\u0131m","T\u00fcrkiye","Uncategorized"],"inLanguage":"fr-BE"},{"@type":"WebPage","@id":"https:\/\/avrupapress.com\/2020\/03\/27\/aydemir-ve-dag-ailelerinin-aci-gunu\/","url":"https:\/\/avrupapress.com\/2020\/03\/27\/aydemir-ve-dag-ailelerinin-aci-gunu\/","name":"Aydemir ve Da\u011f ailelerinin ac\u0131 g\u00fcn\u00fc... - AvrupaPress","isPartOf":{"@id":"https:\/\/avrupapress.com\/#website"},"primaryImageOfPage":{"@id":"https:\/\/avrupapress.com\/2020\/03\/27\/aydemir-ve-dag-ailelerinin-aci-gunu\/#primaryimage"},"image":{"@id":"https:\/\/avrupapress.com\/2020\/03\/27\/aydemir-ve-dag-ailelerinin-aci-gunu\/#primaryimage"},"thumbnailUrl":"https:\/\/avrupapress.com\/main\/wp-content\/uploads\/2020\/03\/Hulisi-Dag-2.jpg","datePublished":"2020-03-27T16:16:23+00:00","dateModified":"2020-03-27T16:16:25+00:00","breadcrumb":{"@id":"https:\/\/avrupapress.com\/2020\/03\/27\/aydemir-ve-dag-ailelerinin-aci-gunu\/#breadcrumb"},"inLanguage":"fr-BE","potentialAction":[{"@type":"ReadAction","target":["https:\/\/avrupapress.com\/2020\/03\/27\/aydemir-ve-dag-ailelerinin-aci-gunu\/"]}]},{"@type":"ImageObject","inLanguage":"fr-BE","@id":"https:\/\/avrupapress.com\/2020\/03\/27\/aydemir-ve-dag-ailelerinin-aci-gunu\/#primaryimage","url":"https:\/\/avrupapress.com\/main\/wp-content\/uploads\/2020\/03\/Hulisi-Dag-2.jpg","contentUrl":"https:\/\/avrupapress.com\/main\/wp-content\/uploads\/2020\/03\/Hulisi-Dag-2.jpg","width":717,"height":445},{"@type":"BreadcrumbList","@id":"https:\/\/avrupapress.com\/2020\/03\/27\/aydemir-ve-dag-ailelerinin-aci-gunu\/#breadcrumb","itemListElement":[{"@type":"ListItem","position":1,"name":"Anasayfa","item":"https:\/\/avrupapress.com\/"},{"@type":"ListItem","position":2,"name":"Aydemir ve Da\u011f ailelerinin ac\u0131 g\u00fcn\u00fc&#8230;"}]},{"@type":"WebSite","@id":"https:\/\/avrupapress.com\/#website","url":"https:\/\/avrupapress.com\/","name":"AvrupaPress","description":"Haberin Adresi","publisher":{"@id":"https:\/\/avrupapress.com\/#\/schema\/person\/0223dca19c72c43575bf30d1a2d8f4fa"},"potentialAction":[{"@type":"SearchAction","target":{"@type":"EntryPoint","urlTemplate":"https:\/\/avrupapress.com\/?s={search_term_string}"},"query-input":{"@type":"PropertyValueSpecification","valueRequired":true,"valueName":"search_term_string"}}],"inLanguage":"fr-BE"},{"@type":["Person","Organization"],"@id":"https:\/\/avrupapress.com\/#\/schema\/person\/0223dca19c72c43575bf30d1a2d8f4fa","name":"Bilgin \u00d6z\u00e7ift\u00e7i","image":{"@type":"ImageObject","inLanguage":"fr-BE","@id":"https:\/\/avrupapress.com\/#\/schema\/person\/image\/","url":"https:\/\/secure.gravatar.com\/avatar\/0f23b280433a21e1ea7a0adcc46ed0ad16afe3ad8e630fd13d8a017dcbd54ef3?s=96&d=mm&r=g","contentUrl":"https:\/\/secure.gravatar.com\/avatar\/0f23b280433a21e1ea7a0adcc46ed0ad16afe3ad8e630fd13d8a017dcbd54ef3?s=96&d=mm&r=g","caption":"Bilgin \u00d6z\u00e7ift\u00e7i"},"logo":{"@id":"https:\/\/avrupapress.com\/#\/schema\/person\/image\/"},"description":"Ne ben, nede sen... Biz ancak \"biz\" olursak g\u00fc\u00e7l\u00fc olabiliriz"},{"@type":"Person","@id":"https:\/\/avrupapress.com\/#\/schema\/person\/68428444ec60970d1e1b700cf4ca1e8f","name":"Edit\u00f6r","image":{"@type":"ImageObject","inLanguage":"fr-BE","@id":"https:\/\/avrupapress.com\/#\/schema\/person\/image\/","url":"https:\/\/secure.gravatar.com\/avatar\/74996b0977aa5f1559ba9883776652508b229005c0d78fb2597897f0bd651c09?s=96&d=mm&r=g","contentUrl":"https:\/\/secure.gravatar.com\/avatar\/74996b0977aa5f1559ba9883776652508b229005c0d78fb2597897f0bd651c09?s=96&d=mm&r=g","caption":"Edit\u00f6r"},"sameAs":["http:\/\/www.avrupapress.com"],"url":"https:\/\/avrupapress.com\/main\/author\/editor\/"}]}},"_links":{"self":[{"href":"https:\/\/avrupapress.com\/main\/wp-json\/wp\/v2\/posts\/11017","targetHints":{"allow":["GET"]}}],"collection":[{"href":"https:\/\/avrupapress.com\/main\/wp-json\/wp\/v2\/posts"}],"about":[{"href":"https:\/\/avrupapress.com\/main\/wp-json\/wp\/v2\/types\/post"}],"author":[{"embeddable":true,"href":"https:\/\/avrupapress.com\/main\/wp-json\/wp\/v2\/users\/3"}],"replies":[{"embeddable":true,"href":"https:\/\/avrupapress.com\/main\/wp-json\/wp\/v2\/comments?post=11017"}],"version-history":[{"count":1,"href":"https:\/\/avrupapress.com\/main\/wp-json\/wp\/v2\/posts\/11017\/revisions"}],"predecessor-version":[{"id":11019,"href":"https:\/\/avrupapress.com\/main\/wp-json\/wp\/v2\/posts\/11017\/revisions\/11019"}],"wp:featuredmedia":[{"embeddable":true,"href":"https:\/\/avrupapress.com\/main\/wp-json\/wp\/v2\/media\/11018"}],"wp:attachment":[{"href":"https:\/\/avrupapress.com\/main\/wp-json\/wp\/v2\/media?parent=11017"}],"wp:term":[{"taxonomy":"category","embeddable":true,"href":"https:\/\/avrupapress.com\/main\/wp-json\/wp\/v2\/categories?post=11017"},{"taxonomy":"post_tag","embeddable":true,"href":"https:\/\/avrupapress.com\/main\/wp-json\/wp\/v2\/tags?post=11017"}],"curies":[{"name":"wp","href":"https:\/\/api.w.org\/{rel}","templated":true}]}}