{"id":11015,"date":"2020-03-26T22:47:57","date_gmt":"2020-03-26T22:47:57","guid":{"rendered":"http:\/\/avrupapress.com\/main\/?p=11015"},"modified":"2020-03-26T22:47:59","modified_gmt":"2020-03-26T22:47:59","slug":"turkiye-cumhuriyeti-bruksel-buyukelcilisi-dr-hasan-ulusoy-ve-ekibinden-evde-kal-evde-caliskampanyasi","status":"publish","type":"post","link":"https:\/\/avrupapress.com\/main\/2020\/03\/26\/turkiye-cumhuriyeti-bruksel-buyukelcilisi-dr-hasan-ulusoy-ve-ekibinden-evde-kal-evde-caliskampanyasi\/","title":{"rendered":"T\u00fcrkiye Cumhuriyeti Br\u00fcksel B\u00fcy\u00fckel\u00e7ilisi Dr. Hasan Ulusoy ve ekibinden \u00ab evde kal, evde \u00e7al\u0131\u015f\u201dkampanyas\u0131&#8230;"},"content":{"rendered":"\n<p>T\u00fcrkiye Cumhuriyeti Br\u00fcksel B\u00fcy\u00fckel\u00e7ili\u011fi, \u201cEvde kal-Evde \u00e7al\u0131\u015f\u201d kampanyas\u0131 ile vatanda\u015flar\u0131 evde kalmaya, evde \u00e7al\u0131\u015fmaya te\u015fvik etti;<\/p>\n\n\n\n<p><strong>\u201c&nbsp;<a href=\"https:\/\/twitter.com\/hashtag\/evdekal?src=hashtag_click\">#evdekal<\/a><\/strong><\/p>\n\n\n\n<p><strong><a href=\"https:\/\/twitter.com\/hashtag\/evden%C3%A7al%C4%B1%C5%9F?src=hashtag_click\">#evden\u00e7al\u0131\u015f<\/a><\/strong><\/p>\n\n\n\n<p><strong>Kampanyam\u0131z<\/strong><\/p>\n\n\n\n<p>Koronavir\u00fcs (Covid-19) salg\u0131n\u0131 kar\u015f\u0131s\u0131nda al\u0131nacak tedbirlere uyulmas\u0131n\u0131n, bu ba\u011flamda gerek bireysel, gerek toplum sa\u011fl\u0131\u011f\u0131 i\u00e7in sosyal izolasyonun \u00f6nemine dikkat \u00e7ekmek \u00fczere B\u00fcy\u00fckel\u00e7ili\u011fimizce bir sosyal medya kampanyas\u0131 ba\u015flat\u0131lm\u0131\u015ft\u0131r.<\/p>\n\n\n\n<p>S\u00f6zkonusu kampanyaya ili\u015fkin olarak B\u00fcy\u00fckel\u00e7ili\u011fimizce haz\u0131rlanan ve ba\u011flant\u0131s\u0131 a\u015fa\u011f\u0131da sunulan videonun&nbsp;Bel\u00e7ika T\u00fcrk toplumu nezdinde duyurulmas\u0131n\u0131 ve&nbsp;<a href=\"https:\/\/twitter.com\/hashtag\/evdekal?src=hashtag_click\">#evdekal<\/a>&nbsp;<a href=\"https:\/\/twitter.com\/hashtag\/evden%C3%A7al%C4%B1%C5%9F?src=hashtag_click\">#evden\u00e7al\u0131\u015f<\/a>ba\u015fl\u0131kl\u0131 kampanyam\u0131za kat\u0131l\u0131m sa\u011flanmas\u0131n\u0131 teminen, siz de\u011ferli bas\u0131n mensuplar\u0131m\u0131z\u0131n deste\u011fini bekliyoruz.<\/p>\n\n\n\n<figure class=\"wp-block-embed-twitter wp-block-embed is-type-rich is-provider-twitter\"><div class=\"wp-block-embed__wrapper\">\n<blockquote class=\"twitter-tweet\" data-width=\"500\" data-dnt=\"true\"><p lang=\"tr\" dir=\"ltr\">????K\u0131ymetli vatanda\u015flar\u0131m\u0131z, soyda\u015flar\u0131m\u0131z, B\u00fcy\u00fckel\u00e7imizin , Ba\u015fkonsoloslar\u0131m\u0131z\u0131n, B\u00fcy\u00fckel\u00e7ilik mensuplar\u0131 ve M\u00fc\u015favirlerimizin sizlere mesaj\u0131 var! <a href=\"https:\/\/twitter.com\/hashtag\/evdekal?src=hash&amp;ref_src=twsrc%5Etfw\">#evdekal<\/a> <a href=\"https:\/\/twitter.com\/hashtag\/evden%C3%A7al%C4%B1%C5%9F?src=hash&amp;ref_src=twsrc%5Etfw\">#evden\u00e7al\u0131\u015f<\/a> <a href=\"https:\/\/t.co\/C2r3znDZGD\">pic.twitter.com\/C2r3znDZGD<\/a><\/p>&mdash; T\u00fcrkiye in Belgium (@TC_BrukselBE) <a href=\"https:\/\/twitter.com\/TC_BrukselBE\/status\/1243205998233423875?ref_src=twsrc%5Etfw\">March 26, 2020<\/a><\/blockquote><script async src=\"https:\/\/platform.twitter.com\/widgets.js\" charset=\"utf-8\"><\/script>\n<\/div><\/figure>\n\n\n\n<p>\u0130lginize te\u015fekk\u00fcr eder, sa\u011fl\u0131k ve esenlikler dileriz.\u201d<\/p>\n","protected":false},"excerpt":{"rendered":"<p>T\u00fcrkiye Cumhuriyeti Br\u00fcksel B\u00fcy\u00fckel\u00e7ili\u011fi, \u201cEvde kal-Evde \u00e7al\u0131\u015f\u201d kampanyas\u0131 ile vatanda\u015flar\u0131 evde kalmaya, evde \u00e7al\u0131\u015fmaya te\u015fvik etti; \u201c&nbsp;#evdekal #evden\u00e7al\u0131\u015f Kampanyam\u0131z Koronavir\u00fcs (Covid-19) salg\u0131n\u0131 kar\u015f\u0131s\u0131nda al\u0131nacak tedbirlere uyulmas\u0131n\u0131n, bu ba\u011flamda gerek bireysel, gerek toplum sa\u011fl\u0131\u011f\u0131 i\u00e7in sosyal izolasyonun \u00f6nemine dikkat \u00e7ekmek \u00fczere B\u00fcy\u00fckel\u00e7ili\u011fimizce bir sosyal medya kampanyas\u0131 ba\u015flat\u0131lm\u0131\u015ft\u0131r. S\u00f6zkonusu kampanyaya ili\u015fkin olarak B\u00fcy\u00fckel\u00e7ili\u011fimizce haz\u0131rlanan ve ba\u011flant\u0131s\u0131 a\u015fa\u011f\u0131da [&hellip;]<\/p>\n","protected":false},"author":3,"featured_media":10931,"comment_status":"closed","ping_status":"open","sticky":false,"template":"","format":"standard","meta":{"footnotes":""},"categories":[14,16,3,17,18,15,19,2,1],"tags":[5157],"class_list":["post-11015","post","type-post","status-publish","format-standard","has-post-thumbnail","hentry","category-avrupa","category-belcika","category-dunya","category-ekonomi","category-kultur-sanat","category-spor","category-tanitim","category-turkiye","category-uncategorized","tag-turkiye-cumhuriyeti-bruksel-buyukelcilisi-dr-hasan-ulusoy-ve-ekibinden-evde-kal"],"yoast_head":"<!-- This site is optimized with the Yoast SEO plugin v26.9 - https:\/\/yoast.com\/product\/yoast-seo-wordpress\/ -->\n<title>T\u00fcrkiye Cumhuriyeti Br\u00fcksel B\u00fcy\u00fckel\u00e7ilisi Dr. Hasan Ulusoy ve ekibinden \u00ab evde kal, evde \u00e7al\u0131\u015f\u201dkampanyas\u0131... - AvrupaPress<\/title>\n<meta name=\"robots\" content=\"index, follow, max-snippet:-1, max-image-preview:large, max-video-preview:-1\" \/>\n<link rel=\"canonical\" href=\"https:\/\/avrupapress.com\/2020\/03\/26\/turkiye-cumhuriyeti-bruksel-buyukelcilisi-dr-hasan-ulusoy-ve-ekibinden-evde-kal-evde-caliskampanyasi\/\" \/>\n<meta property=\"og:locale\" content=\"fr_FR\" \/>\n<meta property=\"og:type\" content=\"article\" \/>\n<meta property=\"og:title\" content=\"T\u00fcrkiye Cumhuriyeti Br\u00fcksel B\u00fcy\u00fckel\u00e7ilisi Dr. Hasan Ulusoy ve ekibinden \u00ab evde kal, evde \u00e7al\u0131\u015f\u201dkampanyas\u0131... - AvrupaPress\" \/>\n<meta property=\"og:description\" content=\"T\u00fcrkiye Cumhuriyeti Br\u00fcksel B\u00fcy\u00fckel\u00e7ili\u011fi, \u201cEvde kal-Evde \u00e7al\u0131\u015f\u201d kampanyas\u0131 ile vatanda\u015flar\u0131 evde kalmaya, evde \u00e7al\u0131\u015fmaya te\u015fvik etti; \u201c&nbsp;#evdekal #evden\u00e7al\u0131\u015f Kampanyam\u0131z Koronavir\u00fcs (Covid-19) salg\u0131n\u0131 kar\u015f\u0131s\u0131nda al\u0131nacak tedbirlere uyulmas\u0131n\u0131n, bu ba\u011flamda gerek bireysel, gerek toplum sa\u011fl\u0131\u011f\u0131 i\u00e7in sosyal izolasyonun \u00f6nemine dikkat \u00e7ekmek \u00fczere B\u00fcy\u00fckel\u00e7ili\u011fimizce bir sosyal medya kampanyas\u0131 ba\u015flat\u0131lm\u0131\u015ft\u0131r. S\u00f6zkonusu kampanyaya ili\u015fkin olarak B\u00fcy\u00fckel\u00e7ili\u011fimizce haz\u0131rlanan ve ba\u011flant\u0131s\u0131 a\u015fa\u011f\u0131da [&hellip;]\" \/>\n<meta property=\"og:url\" content=\"https:\/\/avrupapress.com\/2020\/03\/26\/turkiye-cumhuriyeti-bruksel-buyukelcilisi-dr-hasan-ulusoy-ve-ekibinden-evde-kal-evde-caliskampanyasi\/\" \/>\n<meta property=\"og:site_name\" content=\"AvrupaPress\" \/>\n<meta property=\"article:published_time\" content=\"2020-03-26T22:47:57+00:00\" \/>\n<meta property=\"article:modified_time\" content=\"2020-03-26T22:47:59+00:00\" \/>\n<meta property=\"og:image\" content=\"https:\/\/avrupapress.com\/wp-content\/uploads\/2020\/03\/Hasan-Ulusoy-a.jpg\" \/>\n\t<meta property=\"og:image:width\" content=\"800\" \/>\n\t<meta property=\"og:image:height\" content=\"753\" \/>\n\t<meta property=\"og:image:type\" content=\"image\/jpeg\" \/>\n<meta name=\"author\" content=\"Edit\u00f6r\" \/>\n<meta name=\"twitter:card\" content=\"summary_large_image\" \/>\n<meta name=\"twitter:label1\" content=\"\u00c9crit par\" \/>\n\t<meta name=\"twitter:data1\" content=\"Edit\u00f6r\" \/>\n\t<meta name=\"twitter:label2\" content=\"Dur\u00e9e de lecture est.\" \/>\n\t<meta name=\"twitter:data2\" content=\"1 minute\" \/>\n<script type=\"application\/ld+json\" class=\"yoast-schema-graph\">{\"@context\":\"https:\/\/schema.org\",\"@graph\":[{\"@type\":\"Article\",\"@id\":\"https:\/\/avrupapress.com\/2020\/03\/26\/turkiye-cumhuriyeti-bruksel-buyukelcilisi-dr-hasan-ulusoy-ve-ekibinden-evde-kal-evde-caliskampanyasi\/#article\",\"isPartOf\":{\"@id\":\"https:\/\/avrupapress.com\/2020\/03\/26\/turkiye-cumhuriyeti-bruksel-buyukelcilisi-dr-hasan-ulusoy-ve-ekibinden-evde-kal-evde-caliskampanyasi\/\"},\"author\":{\"name\":\"Edit\u00f6r\",\"@id\":\"https:\/\/avrupapress.com\/#\/schema\/person\/68428444ec60970d1e1b700cf4ca1e8f\"},\"headline\":\"T\u00fcrkiye Cumhuriyeti Br\u00fcksel B\u00fcy\u00fckel\u00e7ilisi Dr. Hasan Ulusoy ve ekibinden \u00ab evde kal, evde \u00e7al\u0131\u015f\u201dkampanyas\u0131&#8230;\",\"datePublished\":\"2020-03-26T22:47:57+00:00\",\"dateModified\":\"2020-03-26T22:47:59+00:00\",\"mainEntityOfPage\":{\"@id\":\"https:\/\/avrupapress.com\/2020\/03\/26\/turkiye-cumhuriyeti-bruksel-buyukelcilisi-dr-hasan-ulusoy-ve-ekibinden-evde-kal-evde-caliskampanyasi\/\"},\"wordCount\":172,\"publisher\":{\"@id\":\"https:\/\/avrupapress.com\/#\/schema\/person\/0223dca19c72c43575bf30d1a2d8f4fa\"},\"image\":{\"@id\":\"https:\/\/avrupapress.com\/2020\/03\/26\/turkiye-cumhuriyeti-bruksel-buyukelcilisi-dr-hasan-ulusoy-ve-ekibinden-evde-kal-evde-caliskampanyasi\/#primaryimage\"},\"thumbnailUrl\":\"https:\/\/avrupapress.com\/main\/wp-content\/uploads\/2020\/03\/Hasan-Ulusoy-a.jpg\",\"keywords\":[\"T\u00fcrkiye Cumhuriyeti Br\u00fcksel B\u00fcy\u00fckel\u00e7ilisi Dr. Hasan Ulusoy ve ekibinden \u00ab evde kal\"],\"articleSection\":[\"Avrupa\",\"Bel\u00e7ika\",\"D\u00fcnya\",\"Ekonomi\",\"K\u00fclt\u00fcr-Sanat\",\"Spor\",\"Tan\u0131t\u0131m\",\"T\u00fcrkiye\",\"Uncategorized\"],\"inLanguage\":\"fr-BE\"},{\"@type\":\"WebPage\",\"@id\":\"https:\/\/avrupapress.com\/2020\/03\/26\/turkiye-cumhuriyeti-bruksel-buyukelcilisi-dr-hasan-ulusoy-ve-ekibinden-evde-kal-evde-caliskampanyasi\/\",\"url\":\"https:\/\/avrupapress.com\/2020\/03\/26\/turkiye-cumhuriyeti-bruksel-buyukelcilisi-dr-hasan-ulusoy-ve-ekibinden-evde-kal-evde-caliskampanyasi\/\",\"name\":\"T\u00fcrkiye Cumhuriyeti Br\u00fcksel B\u00fcy\u00fckel\u00e7ilisi Dr. Hasan Ulusoy ve ekibinden \u00ab evde kal, evde \u00e7al\u0131\u015f\u201dkampanyas\u0131... - AvrupaPress\",\"isPartOf\":{\"@id\":\"https:\/\/avrupapress.com\/#website\"},\"primaryImageOfPage\":{\"@id\":\"https:\/\/avrupapress.com\/2020\/03\/26\/turkiye-cumhuriyeti-bruksel-buyukelcilisi-dr-hasan-ulusoy-ve-ekibinden-evde-kal-evde-caliskampanyasi\/#primaryimage\"},\"image\":{\"@id\":\"https:\/\/avrupapress.com\/2020\/03\/26\/turkiye-cumhuriyeti-bruksel-buyukelcilisi-dr-hasan-ulusoy-ve-ekibinden-evde-kal-evde-caliskampanyasi\/#primaryimage\"},\"thumbnailUrl\":\"https:\/\/avrupapress.com\/main\/wp-content\/uploads\/2020\/03\/Hasan-Ulusoy-a.jpg\",\"datePublished\":\"2020-03-26T22:47:57+00:00\",\"dateModified\":\"2020-03-26T22:47:59+00:00\",\"breadcrumb\":{\"@id\":\"https:\/\/avrupapress.com\/2020\/03\/26\/turkiye-cumhuriyeti-bruksel-buyukelcilisi-dr-hasan-ulusoy-ve-ekibinden-evde-kal-evde-caliskampanyasi\/#breadcrumb\"},\"inLanguage\":\"fr-BE\",\"potentialAction\":[{\"@type\":\"ReadAction\",\"target\":[\"https:\/\/avrupapress.com\/2020\/03\/26\/turkiye-cumhuriyeti-bruksel-buyukelcilisi-dr-hasan-ulusoy-ve-ekibinden-evde-kal-evde-caliskampanyasi\/\"]}]},{\"@type\":\"ImageObject\",\"inLanguage\":\"fr-BE\",\"@id\":\"https:\/\/avrupapress.com\/2020\/03\/26\/turkiye-cumhuriyeti-bruksel-buyukelcilisi-dr-hasan-ulusoy-ve-ekibinden-evde-kal-evde-caliskampanyasi\/#primaryimage\",\"url\":\"https:\/\/avrupapress.com\/main\/wp-content\/uploads\/2020\/03\/Hasan-Ulusoy-a.jpg\",\"contentUrl\":\"https:\/\/avrupapress.com\/main\/wp-content\/uploads\/2020\/03\/Hasan-Ulusoy-a.jpg\",\"width\":800,\"height\":753},{\"@type\":\"BreadcrumbList\",\"@id\":\"https:\/\/avrupapress.com\/2020\/03\/26\/turkiye-cumhuriyeti-bruksel-buyukelcilisi-dr-hasan-ulusoy-ve-ekibinden-evde-kal-evde-caliskampanyasi\/#breadcrumb\",\"itemListElement\":[{\"@type\":\"ListItem\",\"position\":1,\"name\":\"Anasayfa\",\"item\":\"https:\/\/avrupapress.com\/\"},{\"@type\":\"ListItem\",\"position\":2,\"name\":\"T\u00fcrkiye Cumhuriyeti Br\u00fcksel B\u00fcy\u00fckel\u00e7ilisi Dr. Hasan Ulusoy ve ekibinden \u00ab evde kal, evde \u00e7al\u0131\u015f\u201dkampanyas\u0131&#8230;\"}]},{\"@type\":\"WebSite\",\"@id\":\"https:\/\/avrupapress.com\/#website\",\"url\":\"https:\/\/avrupapress.com\/\",\"name\":\"AvrupaPress\",\"description\":\"Haberin Adresi\",\"publisher\":{\"@id\":\"https:\/\/avrupapress.com\/#\/schema\/person\/0223dca19c72c43575bf30d1a2d8f4fa\"},\"potentialAction\":[{\"@type\":\"SearchAction\",\"target\":{\"@type\":\"EntryPoint\",\"urlTemplate\":\"https:\/\/avrupapress.com\/?s={search_term_string}\"},\"query-input\":{\"@type\":\"PropertyValueSpecification\",\"valueRequired\":true,\"valueName\":\"search_term_string\"}}],\"inLanguage\":\"fr-BE\"},{\"@type\":[\"Person\",\"Organization\"],\"@id\":\"https:\/\/avrupapress.com\/#\/schema\/person\/0223dca19c72c43575bf30d1a2d8f4fa\",\"name\":\"Bilgin \u00d6z\u00e7ift\u00e7i\",\"image\":{\"@type\":\"ImageObject\",\"inLanguage\":\"fr-BE\",\"@id\":\"https:\/\/avrupapress.com\/#\/schema\/person\/image\/\",\"url\":\"https:\/\/secure.gravatar.com\/avatar\/0f23b280433a21e1ea7a0adcc46ed0ad16afe3ad8e630fd13d8a017dcbd54ef3?s=96&d=mm&r=g\",\"contentUrl\":\"https:\/\/secure.gravatar.com\/avatar\/0f23b280433a21e1ea7a0adcc46ed0ad16afe3ad8e630fd13d8a017dcbd54ef3?s=96&d=mm&r=g\",\"caption\":\"Bilgin \u00d6z\u00e7ift\u00e7i\"},\"logo\":{\"@id\":\"https:\/\/avrupapress.com\/#\/schema\/person\/image\/\"},\"description\":\"Ne ben, nede sen... Biz ancak \\\"biz\\\" olursak g\u00fc\u00e7l\u00fc olabiliriz\"},{\"@type\":\"Person\",\"@id\":\"https:\/\/avrupapress.com\/#\/schema\/person\/68428444ec60970d1e1b700cf4ca1e8f\",\"name\":\"Edit\u00f6r\",\"image\":{\"@type\":\"ImageObject\",\"inLanguage\":\"fr-BE\",\"@id\":\"https:\/\/avrupapress.com\/#\/schema\/person\/image\/\",\"url\":\"https:\/\/secure.gravatar.com\/avatar\/74996b0977aa5f1559ba9883776652508b229005c0d78fb2597897f0bd651c09?s=96&d=mm&r=g\",\"contentUrl\":\"https:\/\/secure.gravatar.com\/avatar\/74996b0977aa5f1559ba9883776652508b229005c0d78fb2597897f0bd651c09?s=96&d=mm&r=g\",\"caption\":\"Edit\u00f6r\"},\"sameAs\":[\"http:\/\/www.avrupapress.com\"],\"url\":\"https:\/\/avrupapress.com\/main\/author\/editor\/\"}]}<\/script>\n<!-- \/ Yoast SEO plugin. -->","yoast_head_json":{"title":"T\u00fcrkiye Cumhuriyeti Br\u00fcksel B\u00fcy\u00fckel\u00e7ilisi Dr. Hasan Ulusoy ve ekibinden \u00ab evde kal, evde \u00e7al\u0131\u015f\u201dkampanyas\u0131... - AvrupaPress","robots":{"index":"index","follow":"follow","max-snippet":"max-snippet:-1","max-image-preview":"max-image-preview:large","max-video-preview":"max-video-preview:-1"},"canonical":"https:\/\/avrupapress.com\/2020\/03\/26\/turkiye-cumhuriyeti-bruksel-buyukelcilisi-dr-hasan-ulusoy-ve-ekibinden-evde-kal-evde-caliskampanyasi\/","og_locale":"fr_FR","og_type":"article","og_title":"T\u00fcrkiye Cumhuriyeti Br\u00fcksel B\u00fcy\u00fckel\u00e7ilisi Dr. Hasan Ulusoy ve ekibinden \u00ab evde kal, evde \u00e7al\u0131\u015f\u201dkampanyas\u0131... - AvrupaPress","og_description":"T\u00fcrkiye Cumhuriyeti Br\u00fcksel B\u00fcy\u00fckel\u00e7ili\u011fi, \u201cEvde kal-Evde \u00e7al\u0131\u015f\u201d kampanyas\u0131 ile vatanda\u015flar\u0131 evde kalmaya, evde \u00e7al\u0131\u015fmaya te\u015fvik etti; \u201c&nbsp;#evdekal #evden\u00e7al\u0131\u015f Kampanyam\u0131z Koronavir\u00fcs (Covid-19) salg\u0131n\u0131 kar\u015f\u0131s\u0131nda al\u0131nacak tedbirlere uyulmas\u0131n\u0131n, bu ba\u011flamda gerek bireysel, gerek toplum sa\u011fl\u0131\u011f\u0131 i\u00e7in sosyal izolasyonun \u00f6nemine dikkat \u00e7ekmek \u00fczere B\u00fcy\u00fckel\u00e7ili\u011fimizce bir sosyal medya kampanyas\u0131 ba\u015flat\u0131lm\u0131\u015ft\u0131r. S\u00f6zkonusu kampanyaya ili\u015fkin olarak B\u00fcy\u00fckel\u00e7ili\u011fimizce haz\u0131rlanan ve ba\u011flant\u0131s\u0131 a\u015fa\u011f\u0131da [&hellip;]","og_url":"https:\/\/avrupapress.com\/2020\/03\/26\/turkiye-cumhuriyeti-bruksel-buyukelcilisi-dr-hasan-ulusoy-ve-ekibinden-evde-kal-evde-caliskampanyasi\/","og_site_name":"AvrupaPress","article_published_time":"2020-03-26T22:47:57+00:00","article_modified_time":"2020-03-26T22:47:59+00:00","og_image":[{"width":800,"height":753,"url":"https:\/\/avrupapress.com\/wp-content\/uploads\/2020\/03\/Hasan-Ulusoy-a.jpg","type":"image\/jpeg"}],"author":"Edit\u00f6r","twitter_card":"summary_large_image","twitter_misc":{"\u00c9crit par":"Edit\u00f6r","Dur\u00e9e de lecture est.":"1 minute"},"schema":{"@context":"https:\/\/schema.org","@graph":[{"@type":"Article","@id":"https:\/\/avrupapress.com\/2020\/03\/26\/turkiye-cumhuriyeti-bruksel-buyukelcilisi-dr-hasan-ulusoy-ve-ekibinden-evde-kal-evde-caliskampanyasi\/#article","isPartOf":{"@id":"https:\/\/avrupapress.com\/2020\/03\/26\/turkiye-cumhuriyeti-bruksel-buyukelcilisi-dr-hasan-ulusoy-ve-ekibinden-evde-kal-evde-caliskampanyasi\/"},"author":{"name":"Edit\u00f6r","@id":"https:\/\/avrupapress.com\/#\/schema\/person\/68428444ec60970d1e1b700cf4ca1e8f"},"headline":"T\u00fcrkiye Cumhuriyeti Br\u00fcksel B\u00fcy\u00fckel\u00e7ilisi Dr. Hasan Ulusoy ve ekibinden \u00ab evde kal, evde \u00e7al\u0131\u015f\u201dkampanyas\u0131&#8230;","datePublished":"2020-03-26T22:47:57+00:00","dateModified":"2020-03-26T22:47:59+00:00","mainEntityOfPage":{"@id":"https:\/\/avrupapress.com\/2020\/03\/26\/turkiye-cumhuriyeti-bruksel-buyukelcilisi-dr-hasan-ulusoy-ve-ekibinden-evde-kal-evde-caliskampanyasi\/"},"wordCount":172,"publisher":{"@id":"https:\/\/avrupapress.com\/#\/schema\/person\/0223dca19c72c43575bf30d1a2d8f4fa"},"image":{"@id":"https:\/\/avrupapress.com\/2020\/03\/26\/turkiye-cumhuriyeti-bruksel-buyukelcilisi-dr-hasan-ulusoy-ve-ekibinden-evde-kal-evde-caliskampanyasi\/#primaryimage"},"thumbnailUrl":"https:\/\/avrupapress.com\/main\/wp-content\/uploads\/2020\/03\/Hasan-Ulusoy-a.jpg","keywords":["T\u00fcrkiye Cumhuriyeti Br\u00fcksel B\u00fcy\u00fckel\u00e7ilisi Dr. Hasan Ulusoy ve ekibinden \u00ab evde kal"],"articleSection":["Avrupa","Bel\u00e7ika","D\u00fcnya","Ekonomi","K\u00fclt\u00fcr-Sanat","Spor","Tan\u0131t\u0131m","T\u00fcrkiye","Uncategorized"],"inLanguage":"fr-BE"},{"@type":"WebPage","@id":"https:\/\/avrupapress.com\/2020\/03\/26\/turkiye-cumhuriyeti-bruksel-buyukelcilisi-dr-hasan-ulusoy-ve-ekibinden-evde-kal-evde-caliskampanyasi\/","url":"https:\/\/avrupapress.com\/2020\/03\/26\/turkiye-cumhuriyeti-bruksel-buyukelcilisi-dr-hasan-ulusoy-ve-ekibinden-evde-kal-evde-caliskampanyasi\/","name":"T\u00fcrkiye Cumhuriyeti Br\u00fcksel B\u00fcy\u00fckel\u00e7ilisi Dr. Hasan Ulusoy ve ekibinden \u00ab evde kal, evde \u00e7al\u0131\u015f\u201dkampanyas\u0131... - AvrupaPress","isPartOf":{"@id":"https:\/\/avrupapress.com\/#website"},"primaryImageOfPage":{"@id":"https:\/\/avrupapress.com\/2020\/03\/26\/turkiye-cumhuriyeti-bruksel-buyukelcilisi-dr-hasan-ulusoy-ve-ekibinden-evde-kal-evde-caliskampanyasi\/#primaryimage"},"image":{"@id":"https:\/\/avrupapress.com\/2020\/03\/26\/turkiye-cumhuriyeti-bruksel-buyukelcilisi-dr-hasan-ulusoy-ve-ekibinden-evde-kal-evde-caliskampanyasi\/#primaryimage"},"thumbnailUrl":"https:\/\/avrupapress.com\/main\/wp-content\/uploads\/2020\/03\/Hasan-Ulusoy-a.jpg","datePublished":"2020-03-26T22:47:57+00:00","dateModified":"2020-03-26T22:47:59+00:00","breadcrumb":{"@id":"https:\/\/avrupapress.com\/2020\/03\/26\/turkiye-cumhuriyeti-bruksel-buyukelcilisi-dr-hasan-ulusoy-ve-ekibinden-evde-kal-evde-caliskampanyasi\/#breadcrumb"},"inLanguage":"fr-BE","potentialAction":[{"@type":"ReadAction","target":["https:\/\/avrupapress.com\/2020\/03\/26\/turkiye-cumhuriyeti-bruksel-buyukelcilisi-dr-hasan-ulusoy-ve-ekibinden-evde-kal-evde-caliskampanyasi\/"]}]},{"@type":"ImageObject","inLanguage":"fr-BE","@id":"https:\/\/avrupapress.com\/2020\/03\/26\/turkiye-cumhuriyeti-bruksel-buyukelcilisi-dr-hasan-ulusoy-ve-ekibinden-evde-kal-evde-caliskampanyasi\/#primaryimage","url":"https:\/\/avrupapress.com\/main\/wp-content\/uploads\/2020\/03\/Hasan-Ulusoy-a.jpg","contentUrl":"https:\/\/avrupapress.com\/main\/wp-content\/uploads\/2020\/03\/Hasan-Ulusoy-a.jpg","width":800,"height":753},{"@type":"BreadcrumbList","@id":"https:\/\/avrupapress.com\/2020\/03\/26\/turkiye-cumhuriyeti-bruksel-buyukelcilisi-dr-hasan-ulusoy-ve-ekibinden-evde-kal-evde-caliskampanyasi\/#breadcrumb","itemListElement":[{"@type":"ListItem","position":1,"name":"Anasayfa","item":"https:\/\/avrupapress.com\/"},{"@type":"ListItem","position":2,"name":"T\u00fcrkiye Cumhuriyeti Br\u00fcksel B\u00fcy\u00fckel\u00e7ilisi Dr. Hasan Ulusoy ve ekibinden \u00ab evde kal, evde \u00e7al\u0131\u015f\u201dkampanyas\u0131&#8230;"}]},{"@type":"WebSite","@id":"https:\/\/avrupapress.com\/#website","url":"https:\/\/avrupapress.com\/","name":"AvrupaPress","description":"Haberin Adresi","publisher":{"@id":"https:\/\/avrupapress.com\/#\/schema\/person\/0223dca19c72c43575bf30d1a2d8f4fa"},"potentialAction":[{"@type":"SearchAction","target":{"@type":"EntryPoint","urlTemplate":"https:\/\/avrupapress.com\/?s={search_term_string}"},"query-input":{"@type":"PropertyValueSpecification","valueRequired":true,"valueName":"search_term_string"}}],"inLanguage":"fr-BE"},{"@type":["Person","Organization"],"@id":"https:\/\/avrupapress.com\/#\/schema\/person\/0223dca19c72c43575bf30d1a2d8f4fa","name":"Bilgin \u00d6z\u00e7ift\u00e7i","image":{"@type":"ImageObject","inLanguage":"fr-BE","@id":"https:\/\/avrupapress.com\/#\/schema\/person\/image\/","url":"https:\/\/secure.gravatar.com\/avatar\/0f23b280433a21e1ea7a0adcc46ed0ad16afe3ad8e630fd13d8a017dcbd54ef3?s=96&d=mm&r=g","contentUrl":"https:\/\/secure.gravatar.com\/avatar\/0f23b280433a21e1ea7a0adcc46ed0ad16afe3ad8e630fd13d8a017dcbd54ef3?s=96&d=mm&r=g","caption":"Bilgin \u00d6z\u00e7ift\u00e7i"},"logo":{"@id":"https:\/\/avrupapress.com\/#\/schema\/person\/image\/"},"description":"Ne ben, nede sen... Biz ancak \"biz\" olursak g\u00fc\u00e7l\u00fc olabiliriz"},{"@type":"Person","@id":"https:\/\/avrupapress.com\/#\/schema\/person\/68428444ec60970d1e1b700cf4ca1e8f","name":"Edit\u00f6r","image":{"@type":"ImageObject","inLanguage":"fr-BE","@id":"https:\/\/avrupapress.com\/#\/schema\/person\/image\/","url":"https:\/\/secure.gravatar.com\/avatar\/74996b0977aa5f1559ba9883776652508b229005c0d78fb2597897f0bd651c09?s=96&d=mm&r=g","contentUrl":"https:\/\/secure.gravatar.com\/avatar\/74996b0977aa5f1559ba9883776652508b229005c0d78fb2597897f0bd651c09?s=96&d=mm&r=g","caption":"Edit\u00f6r"},"sameAs":["http:\/\/www.avrupapress.com"],"url":"https:\/\/avrupapress.com\/main\/author\/editor\/"}]}},"_links":{"self":[{"href":"https:\/\/avrupapress.com\/main\/wp-json\/wp\/v2\/posts\/11015","targetHints":{"allow":["GET"]}}],"collection":[{"href":"https:\/\/avrupapress.com\/main\/wp-json\/wp\/v2\/posts"}],"about":[{"href":"https:\/\/avrupapress.com\/main\/wp-json\/wp\/v2\/types\/post"}],"author":[{"embeddable":true,"href":"https:\/\/avrupapress.com\/main\/wp-json\/wp\/v2\/users\/3"}],"replies":[{"embeddable":true,"href":"https:\/\/avrupapress.com\/main\/wp-json\/wp\/v2\/comments?post=11015"}],"version-history":[{"count":1,"href":"https:\/\/avrupapress.com\/main\/wp-json\/wp\/v2\/posts\/11015\/revisions"}],"predecessor-version":[{"id":11016,"href":"https:\/\/avrupapress.com\/main\/wp-json\/wp\/v2\/posts\/11015\/revisions\/11016"}],"wp:featuredmedia":[{"embeddable":true,"href":"https:\/\/avrupapress.com\/main\/wp-json\/wp\/v2\/media\/10931"}],"wp:attachment":[{"href":"https:\/\/avrupapress.com\/main\/wp-json\/wp\/v2\/media?parent=11015"}],"wp:term":[{"taxonomy":"category","embeddable":true,"href":"https:\/\/avrupapress.com\/main\/wp-json\/wp\/v2\/categories?post=11015"},{"taxonomy":"post_tag","embeddable":true,"href":"https:\/\/avrupapress.com\/main\/wp-json\/wp\/v2\/tags?post=11015"}],"curies":[{"name":"wp","href":"https:\/\/api.w.org\/{rel}","templated":true}]}}