{"id":11012,"date":"2020-03-26T22:45:03","date_gmt":"2020-03-26T22:45:03","guid":{"rendered":"http:\/\/avrupapress.com\/main\/?p=11012"},"modified":"2020-03-26T22:45:05","modified_gmt":"2020-03-26T22:45:05","slug":"koronavirus-belcika-kovid-19-yaslilarin-yasam-hakkini-elinden-mi-aliyor","status":"publish","type":"post","link":"https:\/\/avrupapress.com\/main\/2020\/03\/26\/koronavirus-belcika-kovid-19-yaslilarin-yasam-hakkini-elinden-mi-aliyor\/","title":{"rendered":"Koronavir\u00fcs Bel\u00e7ika: Kovid-19 ya\u015flilarin ya\u015fam hakkini elinden mi aliyor?"},"content":{"rendered":"\n<p> Bel\u00e7ikada da korktugumuz basimiza geliyor! En yasli. huzur evi sakinleri artik hastaneye alinmayacak. <\/p>\n\n\n\n<p>Bel\u00e7ika&rsquo;da gerontoloji ve geriatri derneklerinden gelen direktif uyarinca huzur evlerine,bakim merkezlerine, hastanelere sali gunu Tijid ve Morgen &lsquo;den rapor gitti. <\/p>\n\n\n\n<p>Bu h\u00fck\u00fcm Covid-19 un \u00f6l\u00fcmc\u00fcl olacagi a\u00e7ik olan en zayif ve en yaslilarin yasadigi bakim evleri \u00ab\u00a0sakinleriyle\u00a0\u00bbilgili. Hastanelerde,huzur evlerindeki ya\u015flilara fayda sa\u011flayabilmeleri i\u00e7in en iyi palyatif bakimi sunmaktan ba\u015fka hi\u00e7bir \u015fey yapilamayaca\u011fini Gent Universitesi hastanesinden(uz gent) profes\u00f6r Nel Van Den Noorgate acikladi.<\/p>\n\n\n\n<p> B\u00fcnye olarak direnci \u00e7ok d\u00fc\u015fm\u00fc\u015f ya\u015flilarin hastaneye got\u00fcr\u00fcl\u00fcp tibbi bir m\u00fcdahalede bulunarak hastanelerdeki yo\u011funlu\u011fu artira\u00e7agi i\u00e7in gereksiz ve zaman kaybi olacagini bildirdi. <\/p>\n\n\n\n<p>Bundan dolayi,aciliyet arz eden ya\u015f\u00e7a gen\u00e7 ve saglik durumu daha iyi gor\u00fcnen hastalara oncelik verilecektir. <\/p>\n\n\n\n<p><strong>Seval Aksan \/ AVRUPAPRESS<\/strong><\/p>\n","protected":false},"excerpt":{"rendered":"<p>Bel\u00e7ikada da korktugumuz basimiza geliyor! En yasli. huzur evi sakinleri artik hastaneye alinmayacak. Bel\u00e7ika&rsquo;da gerontoloji ve geriatri derneklerinden gelen direktif uyarinca huzur evlerine,bakim merkezlerine, hastanelere sali gunu Tijid ve Morgen &lsquo;den rapor gitti. Bu h\u00fck\u00fcm Covid-19 un \u00f6l\u00fcmc\u00fcl olacagi a\u00e7ik olan en zayif ve en yaslilarin yasadigi bakim evleri \u00ab\u00a0sakinleriyle\u00a0\u00bbilgili. Hastanelerde,huzur evlerindeki ya\u015flilara fayda sa\u011flayabilmeleri [&hellip;]<\/p>\n","protected":false},"author":3,"featured_media":11013,"comment_status":"closed","ping_status":"open","sticky":false,"template":"","format":"standard","meta":{"footnotes":""},"categories":[14,16,3,17,18,15,19,2,1],"tags":[5156],"class_list":["post-11012","post","type-post","status-publish","format-standard","has-post-thumbnail","hentry","category-avrupa","category-belcika","category-dunya","category-ekonomi","category-kultur-sanat","category-spor","category-tanitim","category-turkiye","category-uncategorized","tag-koronavirus-belcika-kovid-19-yaslilarin-yasam-hakkini-elinden-mi-aliyor"],"yoast_head":"<!-- This site is optimized with the Yoast SEO plugin v26.9 - https:\/\/yoast.com\/product\/yoast-seo-wordpress\/ -->\n<title>Koronavir\u00fcs Bel\u00e7ika: Kovid-19 ya\u015flilarin ya\u015fam hakkini elinden mi aliyor? - AvrupaPress<\/title>\n<meta name=\"robots\" content=\"index, follow, max-snippet:-1, max-image-preview:large, max-video-preview:-1\" \/>\n<link rel=\"canonical\" href=\"https:\/\/avrupapress.com\/2020\/03\/26\/koronavirus-belcika-kovid-19-yaslilarin-yasam-hakkini-elinden-mi-aliyor\/\" \/>\n<meta property=\"og:locale\" content=\"fr_FR\" \/>\n<meta property=\"og:type\" content=\"article\" \/>\n<meta property=\"og:title\" content=\"Koronavir\u00fcs Bel\u00e7ika: Kovid-19 ya\u015flilarin ya\u015fam hakkini elinden mi aliyor? - AvrupaPress\" \/>\n<meta property=\"og:description\" content=\"Bel\u00e7ikada da korktugumuz basimiza geliyor! En yasli. huzur evi sakinleri artik hastaneye alinmayacak. Bel\u00e7ika&rsquo;da gerontoloji ve geriatri derneklerinden gelen direktif uyarinca huzur evlerine,bakim merkezlerine, hastanelere sali gunu Tijid ve Morgen &lsquo;den rapor gitti. Bu h\u00fck\u00fcm Covid-19 un \u00f6l\u00fcmc\u00fcl olacagi a\u00e7ik olan en zayif ve en yaslilarin yasadigi bakim evleri \u00ab\u00a0sakinleriyle\u00a0\u00bbilgili. Hastanelerde,huzur evlerindeki ya\u015flilara fayda sa\u011flayabilmeleri [&hellip;]\" \/>\n<meta property=\"og:url\" content=\"https:\/\/avrupapress.com\/2020\/03\/26\/koronavirus-belcika-kovid-19-yaslilarin-yasam-hakkini-elinden-mi-aliyor\/\" \/>\n<meta property=\"og:site_name\" content=\"AvrupaPress\" \/>\n<meta property=\"article:published_time\" content=\"2020-03-26T22:45:03+00:00\" \/>\n<meta property=\"article:modified_time\" content=\"2020-03-26T22:45:05+00:00\" \/>\n<meta property=\"og:image\" content=\"https:\/\/avrupapress.com\/wp-content\/uploads\/2020\/03\/th-15.jpg\" \/>\n\t<meta property=\"og:image:width\" content=\"259\" \/>\n\t<meta property=\"og:image:height\" content=\"173\" \/>\n\t<meta property=\"og:image:type\" content=\"image\/jpeg\" \/>\n<meta name=\"author\" content=\"Edit\u00f6r\" \/>\n<meta name=\"twitter:card\" content=\"summary_large_image\" \/>\n<meta name=\"twitter:label1\" content=\"\u00c9crit par\" \/>\n\t<meta name=\"twitter:data1\" content=\"Edit\u00f6r\" \/>\n\t<meta name=\"twitter:label2\" content=\"Dur\u00e9e de lecture est.\" \/>\n\t<meta name=\"twitter:data2\" content=\"1 minute\" \/>\n<script type=\"application\/ld+json\" class=\"yoast-schema-graph\">{\"@context\":\"https:\/\/schema.org\",\"@graph\":[{\"@type\":\"Article\",\"@id\":\"https:\/\/avrupapress.com\/2020\/03\/26\/koronavirus-belcika-kovid-19-yaslilarin-yasam-hakkini-elinden-mi-aliyor\/#article\",\"isPartOf\":{\"@id\":\"https:\/\/avrupapress.com\/2020\/03\/26\/koronavirus-belcika-kovid-19-yaslilarin-yasam-hakkini-elinden-mi-aliyor\/\"},\"author\":{\"name\":\"Edit\u00f6r\",\"@id\":\"https:\/\/avrupapress.com\/#\/schema\/person\/68428444ec60970d1e1b700cf4ca1e8f\"},\"headline\":\"Koronavir\u00fcs Bel\u00e7ika: Kovid-19 ya\u015flilarin ya\u015fam hakkini elinden mi aliyor?\",\"datePublished\":\"2020-03-26T22:45:03+00:00\",\"dateModified\":\"2020-03-26T22:45:05+00:00\",\"mainEntityOfPage\":{\"@id\":\"https:\/\/avrupapress.com\/2020\/03\/26\/koronavirus-belcika-kovid-19-yaslilarin-yasam-hakkini-elinden-mi-aliyor\/\"},\"wordCount\":160,\"publisher\":{\"@id\":\"https:\/\/avrupapress.com\/#\/schema\/person\/0223dca19c72c43575bf30d1a2d8f4fa\"},\"image\":{\"@id\":\"https:\/\/avrupapress.com\/2020\/03\/26\/koronavirus-belcika-kovid-19-yaslilarin-yasam-hakkini-elinden-mi-aliyor\/#primaryimage\"},\"thumbnailUrl\":\"https:\/\/avrupapress.com\/main\/wp-content\/uploads\/2020\/03\/th-15.jpg\",\"keywords\":[\"Koronavir\u00fcs Bel\u00e7ika: Kovid-19 ya\u015flilarin ya\u015fam hakkini elinden mi aliyor?\"],\"articleSection\":[\"Avrupa\",\"Bel\u00e7ika\",\"D\u00fcnya\",\"Ekonomi\",\"K\u00fclt\u00fcr-Sanat\",\"Spor\",\"Tan\u0131t\u0131m\",\"T\u00fcrkiye\",\"Uncategorized\"],\"inLanguage\":\"fr-BE\"},{\"@type\":\"WebPage\",\"@id\":\"https:\/\/avrupapress.com\/2020\/03\/26\/koronavirus-belcika-kovid-19-yaslilarin-yasam-hakkini-elinden-mi-aliyor\/\",\"url\":\"https:\/\/avrupapress.com\/2020\/03\/26\/koronavirus-belcika-kovid-19-yaslilarin-yasam-hakkini-elinden-mi-aliyor\/\",\"name\":\"Koronavir\u00fcs Bel\u00e7ika: Kovid-19 ya\u015flilarin ya\u015fam hakkini elinden mi aliyor? - AvrupaPress\",\"isPartOf\":{\"@id\":\"https:\/\/avrupapress.com\/#website\"},\"primaryImageOfPage\":{\"@id\":\"https:\/\/avrupapress.com\/2020\/03\/26\/koronavirus-belcika-kovid-19-yaslilarin-yasam-hakkini-elinden-mi-aliyor\/#primaryimage\"},\"image\":{\"@id\":\"https:\/\/avrupapress.com\/2020\/03\/26\/koronavirus-belcika-kovid-19-yaslilarin-yasam-hakkini-elinden-mi-aliyor\/#primaryimage\"},\"thumbnailUrl\":\"https:\/\/avrupapress.com\/main\/wp-content\/uploads\/2020\/03\/th-15.jpg\",\"datePublished\":\"2020-03-26T22:45:03+00:00\",\"dateModified\":\"2020-03-26T22:45:05+00:00\",\"breadcrumb\":{\"@id\":\"https:\/\/avrupapress.com\/2020\/03\/26\/koronavirus-belcika-kovid-19-yaslilarin-yasam-hakkini-elinden-mi-aliyor\/#breadcrumb\"},\"inLanguage\":\"fr-BE\",\"potentialAction\":[{\"@type\":\"ReadAction\",\"target\":[\"https:\/\/avrupapress.com\/2020\/03\/26\/koronavirus-belcika-kovid-19-yaslilarin-yasam-hakkini-elinden-mi-aliyor\/\"]}]},{\"@type\":\"ImageObject\",\"inLanguage\":\"fr-BE\",\"@id\":\"https:\/\/avrupapress.com\/2020\/03\/26\/koronavirus-belcika-kovid-19-yaslilarin-yasam-hakkini-elinden-mi-aliyor\/#primaryimage\",\"url\":\"https:\/\/avrupapress.com\/main\/wp-content\/uploads\/2020\/03\/th-15.jpg\",\"contentUrl\":\"https:\/\/avrupapress.com\/main\/wp-content\/uploads\/2020\/03\/th-15.jpg\",\"width\":259,\"height\":173},{\"@type\":\"BreadcrumbList\",\"@id\":\"https:\/\/avrupapress.com\/2020\/03\/26\/koronavirus-belcika-kovid-19-yaslilarin-yasam-hakkini-elinden-mi-aliyor\/#breadcrumb\",\"itemListElement\":[{\"@type\":\"ListItem\",\"position\":1,\"name\":\"Anasayfa\",\"item\":\"https:\/\/avrupapress.com\/\"},{\"@type\":\"ListItem\",\"position\":2,\"name\":\"Koronavir\u00fcs Bel\u00e7ika: Kovid-19 ya\u015flilarin ya\u015fam hakkini elinden mi aliyor?\"}]},{\"@type\":\"WebSite\",\"@id\":\"https:\/\/avrupapress.com\/#website\",\"url\":\"https:\/\/avrupapress.com\/\",\"name\":\"AvrupaPress\",\"description\":\"Haberin Adresi\",\"publisher\":{\"@id\":\"https:\/\/avrupapress.com\/#\/schema\/person\/0223dca19c72c43575bf30d1a2d8f4fa\"},\"potentialAction\":[{\"@type\":\"SearchAction\",\"target\":{\"@type\":\"EntryPoint\",\"urlTemplate\":\"https:\/\/avrupapress.com\/?s={search_term_string}\"},\"query-input\":{\"@type\":\"PropertyValueSpecification\",\"valueRequired\":true,\"valueName\":\"search_term_string\"}}],\"inLanguage\":\"fr-BE\"},{\"@type\":[\"Person\",\"Organization\"],\"@id\":\"https:\/\/avrupapress.com\/#\/schema\/person\/0223dca19c72c43575bf30d1a2d8f4fa\",\"name\":\"Bilgin \u00d6z\u00e7ift\u00e7i\",\"image\":{\"@type\":\"ImageObject\",\"inLanguage\":\"fr-BE\",\"@id\":\"https:\/\/avrupapress.com\/#\/schema\/person\/image\/\",\"url\":\"https:\/\/secure.gravatar.com\/avatar\/0f23b280433a21e1ea7a0adcc46ed0ad16afe3ad8e630fd13d8a017dcbd54ef3?s=96&d=mm&r=g\",\"contentUrl\":\"https:\/\/secure.gravatar.com\/avatar\/0f23b280433a21e1ea7a0adcc46ed0ad16afe3ad8e630fd13d8a017dcbd54ef3?s=96&d=mm&r=g\",\"caption\":\"Bilgin \u00d6z\u00e7ift\u00e7i\"},\"logo\":{\"@id\":\"https:\/\/avrupapress.com\/#\/schema\/person\/image\/\"},\"description\":\"Ne ben, nede sen... Biz ancak \\\"biz\\\" olursak g\u00fc\u00e7l\u00fc olabiliriz\"},{\"@type\":\"Person\",\"@id\":\"https:\/\/avrupapress.com\/#\/schema\/person\/68428444ec60970d1e1b700cf4ca1e8f\",\"name\":\"Edit\u00f6r\",\"image\":{\"@type\":\"ImageObject\",\"inLanguage\":\"fr-BE\",\"@id\":\"https:\/\/avrupapress.com\/#\/schema\/person\/image\/\",\"url\":\"https:\/\/secure.gravatar.com\/avatar\/74996b0977aa5f1559ba9883776652508b229005c0d78fb2597897f0bd651c09?s=96&d=mm&r=g\",\"contentUrl\":\"https:\/\/secure.gravatar.com\/avatar\/74996b0977aa5f1559ba9883776652508b229005c0d78fb2597897f0bd651c09?s=96&d=mm&r=g\",\"caption\":\"Edit\u00f6r\"},\"sameAs\":[\"http:\/\/www.avrupapress.com\"],\"url\":\"https:\/\/avrupapress.com\/main\/author\/editor\/\"}]}<\/script>\n<!-- \/ Yoast SEO plugin. -->","yoast_head_json":{"title":"Koronavir\u00fcs Bel\u00e7ika: Kovid-19 ya\u015flilarin ya\u015fam hakkini elinden mi aliyor? - AvrupaPress","robots":{"index":"index","follow":"follow","max-snippet":"max-snippet:-1","max-image-preview":"max-image-preview:large","max-video-preview":"max-video-preview:-1"},"canonical":"https:\/\/avrupapress.com\/2020\/03\/26\/koronavirus-belcika-kovid-19-yaslilarin-yasam-hakkini-elinden-mi-aliyor\/","og_locale":"fr_FR","og_type":"article","og_title":"Koronavir\u00fcs Bel\u00e7ika: Kovid-19 ya\u015flilarin ya\u015fam hakkini elinden mi aliyor? - AvrupaPress","og_description":"Bel\u00e7ikada da korktugumuz basimiza geliyor! En yasli. huzur evi sakinleri artik hastaneye alinmayacak. Bel\u00e7ika&rsquo;da gerontoloji ve geriatri derneklerinden gelen direktif uyarinca huzur evlerine,bakim merkezlerine, hastanelere sali gunu Tijid ve Morgen &lsquo;den rapor gitti. Bu h\u00fck\u00fcm Covid-19 un \u00f6l\u00fcmc\u00fcl olacagi a\u00e7ik olan en zayif ve en yaslilarin yasadigi bakim evleri \u00ab\u00a0sakinleriyle\u00a0\u00bbilgili. Hastanelerde,huzur evlerindeki ya\u015flilara fayda sa\u011flayabilmeleri [&hellip;]","og_url":"https:\/\/avrupapress.com\/2020\/03\/26\/koronavirus-belcika-kovid-19-yaslilarin-yasam-hakkini-elinden-mi-aliyor\/","og_site_name":"AvrupaPress","article_published_time":"2020-03-26T22:45:03+00:00","article_modified_time":"2020-03-26T22:45:05+00:00","og_image":[{"width":259,"height":173,"url":"https:\/\/avrupapress.com\/wp-content\/uploads\/2020\/03\/th-15.jpg","type":"image\/jpeg"}],"author":"Edit\u00f6r","twitter_card":"summary_large_image","twitter_misc":{"\u00c9crit par":"Edit\u00f6r","Dur\u00e9e de lecture est.":"1 minute"},"schema":{"@context":"https:\/\/schema.org","@graph":[{"@type":"Article","@id":"https:\/\/avrupapress.com\/2020\/03\/26\/koronavirus-belcika-kovid-19-yaslilarin-yasam-hakkini-elinden-mi-aliyor\/#article","isPartOf":{"@id":"https:\/\/avrupapress.com\/2020\/03\/26\/koronavirus-belcika-kovid-19-yaslilarin-yasam-hakkini-elinden-mi-aliyor\/"},"author":{"name":"Edit\u00f6r","@id":"https:\/\/avrupapress.com\/#\/schema\/person\/68428444ec60970d1e1b700cf4ca1e8f"},"headline":"Koronavir\u00fcs Bel\u00e7ika: Kovid-19 ya\u015flilarin ya\u015fam hakkini elinden mi aliyor?","datePublished":"2020-03-26T22:45:03+00:00","dateModified":"2020-03-26T22:45:05+00:00","mainEntityOfPage":{"@id":"https:\/\/avrupapress.com\/2020\/03\/26\/koronavirus-belcika-kovid-19-yaslilarin-yasam-hakkini-elinden-mi-aliyor\/"},"wordCount":160,"publisher":{"@id":"https:\/\/avrupapress.com\/#\/schema\/person\/0223dca19c72c43575bf30d1a2d8f4fa"},"image":{"@id":"https:\/\/avrupapress.com\/2020\/03\/26\/koronavirus-belcika-kovid-19-yaslilarin-yasam-hakkini-elinden-mi-aliyor\/#primaryimage"},"thumbnailUrl":"https:\/\/avrupapress.com\/main\/wp-content\/uploads\/2020\/03\/th-15.jpg","keywords":["Koronavir\u00fcs Bel\u00e7ika: Kovid-19 ya\u015flilarin ya\u015fam hakkini elinden mi aliyor?"],"articleSection":["Avrupa","Bel\u00e7ika","D\u00fcnya","Ekonomi","K\u00fclt\u00fcr-Sanat","Spor","Tan\u0131t\u0131m","T\u00fcrkiye","Uncategorized"],"inLanguage":"fr-BE"},{"@type":"WebPage","@id":"https:\/\/avrupapress.com\/2020\/03\/26\/koronavirus-belcika-kovid-19-yaslilarin-yasam-hakkini-elinden-mi-aliyor\/","url":"https:\/\/avrupapress.com\/2020\/03\/26\/koronavirus-belcika-kovid-19-yaslilarin-yasam-hakkini-elinden-mi-aliyor\/","name":"Koronavir\u00fcs Bel\u00e7ika: Kovid-19 ya\u015flilarin ya\u015fam hakkini elinden mi aliyor? - AvrupaPress","isPartOf":{"@id":"https:\/\/avrupapress.com\/#website"},"primaryImageOfPage":{"@id":"https:\/\/avrupapress.com\/2020\/03\/26\/koronavirus-belcika-kovid-19-yaslilarin-yasam-hakkini-elinden-mi-aliyor\/#primaryimage"},"image":{"@id":"https:\/\/avrupapress.com\/2020\/03\/26\/koronavirus-belcika-kovid-19-yaslilarin-yasam-hakkini-elinden-mi-aliyor\/#primaryimage"},"thumbnailUrl":"https:\/\/avrupapress.com\/main\/wp-content\/uploads\/2020\/03\/th-15.jpg","datePublished":"2020-03-26T22:45:03+00:00","dateModified":"2020-03-26T22:45:05+00:00","breadcrumb":{"@id":"https:\/\/avrupapress.com\/2020\/03\/26\/koronavirus-belcika-kovid-19-yaslilarin-yasam-hakkini-elinden-mi-aliyor\/#breadcrumb"},"inLanguage":"fr-BE","potentialAction":[{"@type":"ReadAction","target":["https:\/\/avrupapress.com\/2020\/03\/26\/koronavirus-belcika-kovid-19-yaslilarin-yasam-hakkini-elinden-mi-aliyor\/"]}]},{"@type":"ImageObject","inLanguage":"fr-BE","@id":"https:\/\/avrupapress.com\/2020\/03\/26\/koronavirus-belcika-kovid-19-yaslilarin-yasam-hakkini-elinden-mi-aliyor\/#primaryimage","url":"https:\/\/avrupapress.com\/main\/wp-content\/uploads\/2020\/03\/th-15.jpg","contentUrl":"https:\/\/avrupapress.com\/main\/wp-content\/uploads\/2020\/03\/th-15.jpg","width":259,"height":173},{"@type":"BreadcrumbList","@id":"https:\/\/avrupapress.com\/2020\/03\/26\/koronavirus-belcika-kovid-19-yaslilarin-yasam-hakkini-elinden-mi-aliyor\/#breadcrumb","itemListElement":[{"@type":"ListItem","position":1,"name":"Anasayfa","item":"https:\/\/avrupapress.com\/"},{"@type":"ListItem","position":2,"name":"Koronavir\u00fcs Bel\u00e7ika: Kovid-19 ya\u015flilarin ya\u015fam hakkini elinden mi aliyor?"}]},{"@type":"WebSite","@id":"https:\/\/avrupapress.com\/#website","url":"https:\/\/avrupapress.com\/","name":"AvrupaPress","description":"Haberin Adresi","publisher":{"@id":"https:\/\/avrupapress.com\/#\/schema\/person\/0223dca19c72c43575bf30d1a2d8f4fa"},"potentialAction":[{"@type":"SearchAction","target":{"@type":"EntryPoint","urlTemplate":"https:\/\/avrupapress.com\/?s={search_term_string}"},"query-input":{"@type":"PropertyValueSpecification","valueRequired":true,"valueName":"search_term_string"}}],"inLanguage":"fr-BE"},{"@type":["Person","Organization"],"@id":"https:\/\/avrupapress.com\/#\/schema\/person\/0223dca19c72c43575bf30d1a2d8f4fa","name":"Bilgin \u00d6z\u00e7ift\u00e7i","image":{"@type":"ImageObject","inLanguage":"fr-BE","@id":"https:\/\/avrupapress.com\/#\/schema\/person\/image\/","url":"https:\/\/secure.gravatar.com\/avatar\/0f23b280433a21e1ea7a0adcc46ed0ad16afe3ad8e630fd13d8a017dcbd54ef3?s=96&d=mm&r=g","contentUrl":"https:\/\/secure.gravatar.com\/avatar\/0f23b280433a21e1ea7a0adcc46ed0ad16afe3ad8e630fd13d8a017dcbd54ef3?s=96&d=mm&r=g","caption":"Bilgin \u00d6z\u00e7ift\u00e7i"},"logo":{"@id":"https:\/\/avrupapress.com\/#\/schema\/person\/image\/"},"description":"Ne ben, nede sen... Biz ancak \"biz\" olursak g\u00fc\u00e7l\u00fc olabiliriz"},{"@type":"Person","@id":"https:\/\/avrupapress.com\/#\/schema\/person\/68428444ec60970d1e1b700cf4ca1e8f","name":"Edit\u00f6r","image":{"@type":"ImageObject","inLanguage":"fr-BE","@id":"https:\/\/avrupapress.com\/#\/schema\/person\/image\/","url":"https:\/\/secure.gravatar.com\/avatar\/74996b0977aa5f1559ba9883776652508b229005c0d78fb2597897f0bd651c09?s=96&d=mm&r=g","contentUrl":"https:\/\/secure.gravatar.com\/avatar\/74996b0977aa5f1559ba9883776652508b229005c0d78fb2597897f0bd651c09?s=96&d=mm&r=g","caption":"Edit\u00f6r"},"sameAs":["http:\/\/www.avrupapress.com"],"url":"https:\/\/avrupapress.com\/main\/author\/editor\/"}]}},"_links":{"self":[{"href":"https:\/\/avrupapress.com\/main\/wp-json\/wp\/v2\/posts\/11012","targetHints":{"allow":["GET"]}}],"collection":[{"href":"https:\/\/avrupapress.com\/main\/wp-json\/wp\/v2\/posts"}],"about":[{"href":"https:\/\/avrupapress.com\/main\/wp-json\/wp\/v2\/types\/post"}],"author":[{"embeddable":true,"href":"https:\/\/avrupapress.com\/main\/wp-json\/wp\/v2\/users\/3"}],"replies":[{"embeddable":true,"href":"https:\/\/avrupapress.com\/main\/wp-json\/wp\/v2\/comments?post=11012"}],"version-history":[{"count":1,"href":"https:\/\/avrupapress.com\/main\/wp-json\/wp\/v2\/posts\/11012\/revisions"}],"predecessor-version":[{"id":11014,"href":"https:\/\/avrupapress.com\/main\/wp-json\/wp\/v2\/posts\/11012\/revisions\/11014"}],"wp:featuredmedia":[{"embeddable":true,"href":"https:\/\/avrupapress.com\/main\/wp-json\/wp\/v2\/media\/11013"}],"wp:attachment":[{"href":"https:\/\/avrupapress.com\/main\/wp-json\/wp\/v2\/media?parent=11012"}],"wp:term":[{"taxonomy":"category","embeddable":true,"href":"https:\/\/avrupapress.com\/main\/wp-json\/wp\/v2\/categories?post=11012"},{"taxonomy":"post_tag","embeddable":true,"href":"https:\/\/avrupapress.com\/main\/wp-json\/wp\/v2\/tags?post=11012"}],"curies":[{"name":"wp","href":"https:\/\/api.w.org\/{rel}","templated":true}]}}