{"id":11009,"date":"2020-03-26T13:06:15","date_gmt":"2020-03-26T13:06:15","guid":{"rendered":"http:\/\/avrupapress.com\/main\/?p=11009"},"modified":"2020-03-26T13:06:16","modified_gmt":"2020-03-26T13:06:16","slug":"belcikada-emirdagli-ikinci-kisi-koronavirusten-hayatini-kaybetti","status":"publish","type":"post","link":"https:\/\/avrupapress.com\/main\/2020\/03\/26\/belcikada-emirdagli-ikinci-kisi-koronavirusten-hayatini-kaybetti\/","title":{"rendered":"Bel\u00e7ika&rsquo;da Emirda\u011f&rsquo;l\u0131 \u0130kinci Ki\u015fi Koronavir\u00fcs&rsquo;ten Hayat\u0131n\u0131 Kaybetti&#8230;"},"content":{"rendered":"\n<p> <strong>Bel\u00e7ika\u2019da hayatini kaybeden T\u00fcrk say\u0131s\u0131 bu sabah itibar\u0131yle 5\u2019e y\u00fckseldi.<\/strong>  <\/p>\n\n\n\n<p>Bel\u00e7ika&rsquo;da yeni tip koronavir\u00fcs (Kovid-19) salg\u0131n\u0131nda vaka say\u0131s\u0131 1298 artarak 6 bin 235&rsquo;e ula\u015f\u0131rken, \u00f6l\u00fc say\u0131s\u0131 da 42 art\u0131\u015fla 220 oldu.<\/p>\n\n\n\n<p>Bel\u00e7ika Kriz Merkezi&rsquo;nden yap\u0131lan a\u00e7\u0131klamada, \u00fclkede son 24 saatte 536 ki\u015finin hastaneye kald\u0131r\u0131ld\u0131\u011f\u0131 bildirildi.<\/p>\n\n\n\n<p>A\u00e7\u0131klamada, Kovid-19 g\u00f6r\u00fclen ki\u015fi say\u0131s\u0131n\u0131n 1298 artarak 6 bin 235&rsquo;e, vir\u00fcs nedeniyle hayat\u0131n\u0131 kaybedenlerin say\u0131s\u0131n\u0131n da 42 art\u0131\u015fla 220&rsquo;ye \u00e7\u0131kt\u0131\u011f\u0131 belirtildi.<\/p>\n\n\n\n<p> Bel\u00e7ika\u2019da hayatini kaybeden T\u00fcrk say\u0131s\u0131 bu sabah itibar\u0131yle 5\u2019e y\u00fckseldi. <\/p>\n\n\n\n<p> \u00a01948 do\u011fumlu \u015eakir G\u00f6nen&rsquo;in  Afyonkarahisar ilinin Emirda\u011f il\u00e7esine ba\u011fl\u0131 G\u00f6m\u00fc beldesi nufusuna kay\u0131tl\u0131\u00a0 oldugu ogrenildi<\/p>\n\n\n\n<p> koronavir\u00fcs enfeksiyonuna ba\u011fl\u0131 rahats\u0131zl\u0131k nedeniyle Br\u00fcksel\u2019de hayatini kaybetti.<\/p>\n\n\n\n<p> \u015eakir G\u00f6nen&rsquo;in   cenazesinin Emirda\u011f&rsquo;a g\u00f6nderilece\u011fi \u00f6\u011frenildi. <\/p>\n\n\n\n<p>Sa\u011fl\u0131k Bakan\u0131 Maggie de Block, kat\u0131ld\u0131\u011f\u0131 radyo program\u0131nda, yar\u0131n Ulusal G\u00fcvenlik Konseyinin tekrar toplanarak al\u0131nan tedbirleri de\u011ferlendirece\u011fini s\u00f6yledi.<\/p>\n\n\n\n<figure class=\"wp-block-image size-large\"><img loading=\"lazy\" decoding=\"async\" width=\"480\" height=\"480\" src=\"http:\/\/avrupapress.com\/main\/wp-content\/uploads\/2020\/03\/1623635_1489939667908519_3807559433830732705_n.jpg\" alt=\"\" class=\"wp-image-11010\" srcset=\"https:\/\/avrupapress.com\/main\/wp-content\/uploads\/2020\/03\/1623635_1489939667908519_3807559433830732705_n.jpg 480w, https:\/\/avrupapress.com\/main\/wp-content\/uploads\/2020\/03\/1623635_1489939667908519_3807559433830732705_n-300x300.jpg 300w, https:\/\/avrupapress.com\/main\/wp-content\/uploads\/2020\/03\/1623635_1489939667908519_3807559433830732705_n-150x150.jpg 150w\" sizes=\"auto, (max-width: 480px) 100vw, 480px\" \/><\/figure>\n\n\n\n<p><strong>Bilgin Ozcifci \/ AVRUPAPRESS<\/strong><\/p>\n\n\n\n<p><\/p>\n","protected":false},"excerpt":{"rendered":"<p>Bel\u00e7ika\u2019da hayatini kaybeden T\u00fcrk say\u0131s\u0131 bu sabah itibar\u0131yle 5\u2019e y\u00fckseldi. Bel\u00e7ika&rsquo;da yeni tip koronavir\u00fcs (Kovid-19) salg\u0131n\u0131nda vaka say\u0131s\u0131 1298 artarak 6 bin 235&rsquo;e ula\u015f\u0131rken, \u00f6l\u00fc say\u0131s\u0131 da 42 art\u0131\u015fla 220 oldu. Bel\u00e7ika Kriz Merkezi&rsquo;nden yap\u0131lan a\u00e7\u0131klamada, \u00fclkede son 24 saatte 536 ki\u015finin hastaneye kald\u0131r\u0131ld\u0131\u011f\u0131 bildirildi. A\u00e7\u0131klamada, Kovid-19 g\u00f6r\u00fclen ki\u015fi say\u0131s\u0131n\u0131n 1298 artarak 6 bin 235&rsquo;e, [&hellip;]<\/p>\n","protected":false},"author":3,"featured_media":10888,"comment_status":"closed","ping_status":"open","sticky":false,"template":"","format":"standard","meta":{"footnotes":""},"categories":[14,16,3,17,18,15,19,2,1],"tags":[],"class_list":["post-11009","post","type-post","status-publish","format-standard","has-post-thumbnail","hentry","category-avrupa","category-belcika","category-dunya","category-ekonomi","category-kultur-sanat","category-spor","category-tanitim","category-turkiye","category-uncategorized"],"yoast_head":"<!-- This site is optimized with the Yoast SEO plugin v26.9 - https:\/\/yoast.com\/product\/yoast-seo-wordpress\/ -->\n<title>Bel\u00e7ika&#039;da Emirda\u011f&#039;l\u0131 \u0130kinci Ki\u015fi Koronavir\u00fcs&#039;ten Hayat\u0131n\u0131 Kaybetti... - AvrupaPress<\/title>\n<meta name=\"robots\" content=\"index, follow, max-snippet:-1, max-image-preview:large, max-video-preview:-1\" \/>\n<link rel=\"canonical\" href=\"https:\/\/avrupapress.com\/2020\/03\/26\/belcikada-emirdagli-ikinci-kisi-koronavirusten-hayatini-kaybetti\/\" \/>\n<meta property=\"og:locale\" content=\"fr_FR\" \/>\n<meta property=\"og:type\" content=\"article\" \/>\n<meta property=\"og:title\" content=\"Bel\u00e7ika&#039;da Emirda\u011f&#039;l\u0131 \u0130kinci Ki\u015fi Koronavir\u00fcs&#039;ten Hayat\u0131n\u0131 Kaybetti... - AvrupaPress\" \/>\n<meta property=\"og:description\" content=\"Bel\u00e7ika\u2019da hayatini kaybeden T\u00fcrk say\u0131s\u0131 bu sabah itibar\u0131yle 5\u2019e y\u00fckseldi. Bel\u00e7ika&rsquo;da yeni tip koronavir\u00fcs (Kovid-19) salg\u0131n\u0131nda vaka say\u0131s\u0131 1298 artarak 6 bin 235&rsquo;e ula\u015f\u0131rken, \u00f6l\u00fc say\u0131s\u0131 da 42 art\u0131\u015fla 220 oldu. Bel\u00e7ika Kriz Merkezi&rsquo;nden yap\u0131lan a\u00e7\u0131klamada, \u00fclkede son 24 saatte 536 ki\u015finin hastaneye kald\u0131r\u0131ld\u0131\u011f\u0131 bildirildi. A\u00e7\u0131klamada, Kovid-19 g\u00f6r\u00fclen ki\u015fi say\u0131s\u0131n\u0131n 1298 artarak 6 bin 235&rsquo;e, [&hellip;]\" \/>\n<meta property=\"og:url\" content=\"https:\/\/avrupapress.com\/2020\/03\/26\/belcikada-emirdagli-ikinci-kisi-koronavirusten-hayatini-kaybetti\/\" \/>\n<meta property=\"og:site_name\" content=\"AvrupaPress\" \/>\n<meta property=\"article:published_time\" content=\"2020-03-26T13:06:15+00:00\" \/>\n<meta property=\"article:modified_time\" content=\"2020-03-26T13:06:16+00:00\" \/>\n<meta property=\"og:image\" content=\"https:\/\/avrupapress.com\/wp-content\/uploads\/2020\/03\/th-12.jpg\" \/>\n\t<meta property=\"og:image:width\" content=\"338\" \/>\n\t<meta property=\"og:image:height\" content=\"203\" \/>\n\t<meta property=\"og:image:type\" content=\"image\/jpeg\" \/>\n<meta name=\"author\" content=\"Edit\u00f6r\" \/>\n<meta name=\"twitter:card\" content=\"summary_large_image\" \/>\n<meta name=\"twitter:label1\" content=\"\u00c9crit par\" \/>\n\t<meta name=\"twitter:data1\" content=\"Edit\u00f6r\" \/>\n\t<meta name=\"twitter:label2\" content=\"Dur\u00e9e de lecture est.\" \/>\n\t<meta name=\"twitter:data2\" content=\"1 minute\" \/>\n<script type=\"application\/ld+json\" class=\"yoast-schema-graph\">{\"@context\":\"https:\/\/schema.org\",\"@graph\":[{\"@type\":\"Article\",\"@id\":\"https:\/\/avrupapress.com\/2020\/03\/26\/belcikada-emirdagli-ikinci-kisi-koronavirusten-hayatini-kaybetti\/#article\",\"isPartOf\":{\"@id\":\"https:\/\/avrupapress.com\/2020\/03\/26\/belcikada-emirdagli-ikinci-kisi-koronavirusten-hayatini-kaybetti\/\"},\"author\":{\"name\":\"Edit\u00f6r\",\"@id\":\"https:\/\/avrupapress.com\/#\/schema\/person\/68428444ec60970d1e1b700cf4ca1e8f\"},\"headline\":\"Bel\u00e7ika&rsquo;da Emirda\u011f&rsquo;l\u0131 \u0130kinci Ki\u015fi Koronavir\u00fcs&rsquo;ten Hayat\u0131n\u0131 Kaybetti&#8230;\",\"datePublished\":\"2020-03-26T13:06:15+00:00\",\"dateModified\":\"2020-03-26T13:06:16+00:00\",\"mainEntityOfPage\":{\"@id\":\"https:\/\/avrupapress.com\/2020\/03\/26\/belcikada-emirdagli-ikinci-kisi-koronavirusten-hayatini-kaybetti\/\"},\"wordCount\":193,\"publisher\":{\"@id\":\"https:\/\/avrupapress.com\/#\/schema\/person\/0223dca19c72c43575bf30d1a2d8f4fa\"},\"image\":{\"@id\":\"https:\/\/avrupapress.com\/2020\/03\/26\/belcikada-emirdagli-ikinci-kisi-koronavirusten-hayatini-kaybetti\/#primaryimage\"},\"thumbnailUrl\":\"https:\/\/avrupapress.com\/main\/wp-content\/uploads\/2020\/03\/th-12.jpg\",\"articleSection\":[\"Avrupa\",\"Bel\u00e7ika\",\"D\u00fcnya\",\"Ekonomi\",\"K\u00fclt\u00fcr-Sanat\",\"Spor\",\"Tan\u0131t\u0131m\",\"T\u00fcrkiye\",\"Uncategorized\"],\"inLanguage\":\"fr-BE\"},{\"@type\":\"WebPage\",\"@id\":\"https:\/\/avrupapress.com\/2020\/03\/26\/belcikada-emirdagli-ikinci-kisi-koronavirusten-hayatini-kaybetti\/\",\"url\":\"https:\/\/avrupapress.com\/2020\/03\/26\/belcikada-emirdagli-ikinci-kisi-koronavirusten-hayatini-kaybetti\/\",\"name\":\"Bel\u00e7ika'da Emirda\u011f'l\u0131 \u0130kinci Ki\u015fi Koronavir\u00fcs'ten Hayat\u0131n\u0131 Kaybetti... - AvrupaPress\",\"isPartOf\":{\"@id\":\"https:\/\/avrupapress.com\/#website\"},\"primaryImageOfPage\":{\"@id\":\"https:\/\/avrupapress.com\/2020\/03\/26\/belcikada-emirdagli-ikinci-kisi-koronavirusten-hayatini-kaybetti\/#primaryimage\"},\"image\":{\"@id\":\"https:\/\/avrupapress.com\/2020\/03\/26\/belcikada-emirdagli-ikinci-kisi-koronavirusten-hayatini-kaybetti\/#primaryimage\"},\"thumbnailUrl\":\"https:\/\/avrupapress.com\/main\/wp-content\/uploads\/2020\/03\/th-12.jpg\",\"datePublished\":\"2020-03-26T13:06:15+00:00\",\"dateModified\":\"2020-03-26T13:06:16+00:00\",\"breadcrumb\":{\"@id\":\"https:\/\/avrupapress.com\/2020\/03\/26\/belcikada-emirdagli-ikinci-kisi-koronavirusten-hayatini-kaybetti\/#breadcrumb\"},\"inLanguage\":\"fr-BE\",\"potentialAction\":[{\"@type\":\"ReadAction\",\"target\":[\"https:\/\/avrupapress.com\/2020\/03\/26\/belcikada-emirdagli-ikinci-kisi-koronavirusten-hayatini-kaybetti\/\"]}]},{\"@type\":\"ImageObject\",\"inLanguage\":\"fr-BE\",\"@id\":\"https:\/\/avrupapress.com\/2020\/03\/26\/belcikada-emirdagli-ikinci-kisi-koronavirusten-hayatini-kaybetti\/#primaryimage\",\"url\":\"https:\/\/avrupapress.com\/main\/wp-content\/uploads\/2020\/03\/th-12.jpg\",\"contentUrl\":\"https:\/\/avrupapress.com\/main\/wp-content\/uploads\/2020\/03\/th-12.jpg\",\"width\":338,\"height\":203},{\"@type\":\"BreadcrumbList\",\"@id\":\"https:\/\/avrupapress.com\/2020\/03\/26\/belcikada-emirdagli-ikinci-kisi-koronavirusten-hayatini-kaybetti\/#breadcrumb\",\"itemListElement\":[{\"@type\":\"ListItem\",\"position\":1,\"name\":\"Anasayfa\",\"item\":\"https:\/\/avrupapress.com\/\"},{\"@type\":\"ListItem\",\"position\":2,\"name\":\"Bel\u00e7ika&#8217;da Emirda\u011f&#8217;l\u0131 \u0130kinci Ki\u015fi Koronavir\u00fcs&#8217;ten Hayat\u0131n\u0131 Kaybetti&#8230;\"}]},{\"@type\":\"WebSite\",\"@id\":\"https:\/\/avrupapress.com\/#website\",\"url\":\"https:\/\/avrupapress.com\/\",\"name\":\"AvrupaPress\",\"description\":\"Haberin Adresi\",\"publisher\":{\"@id\":\"https:\/\/avrupapress.com\/#\/schema\/person\/0223dca19c72c43575bf30d1a2d8f4fa\"},\"potentialAction\":[{\"@type\":\"SearchAction\",\"target\":{\"@type\":\"EntryPoint\",\"urlTemplate\":\"https:\/\/avrupapress.com\/?s={search_term_string}\"},\"query-input\":{\"@type\":\"PropertyValueSpecification\",\"valueRequired\":true,\"valueName\":\"search_term_string\"}}],\"inLanguage\":\"fr-BE\"},{\"@type\":[\"Person\",\"Organization\"],\"@id\":\"https:\/\/avrupapress.com\/#\/schema\/person\/0223dca19c72c43575bf30d1a2d8f4fa\",\"name\":\"Bilgin \u00d6z\u00e7ift\u00e7i\",\"image\":{\"@type\":\"ImageObject\",\"inLanguage\":\"fr-BE\",\"@id\":\"https:\/\/avrupapress.com\/#\/schema\/person\/image\/\",\"url\":\"https:\/\/secure.gravatar.com\/avatar\/0f23b280433a21e1ea7a0adcc46ed0ad16afe3ad8e630fd13d8a017dcbd54ef3?s=96&d=mm&r=g\",\"contentUrl\":\"https:\/\/secure.gravatar.com\/avatar\/0f23b280433a21e1ea7a0adcc46ed0ad16afe3ad8e630fd13d8a017dcbd54ef3?s=96&d=mm&r=g\",\"caption\":\"Bilgin \u00d6z\u00e7ift\u00e7i\"},\"logo\":{\"@id\":\"https:\/\/avrupapress.com\/#\/schema\/person\/image\/\"},\"description\":\"Ne ben, nede sen... Biz ancak \\\"biz\\\" olursak g\u00fc\u00e7l\u00fc olabiliriz\"},{\"@type\":\"Person\",\"@id\":\"https:\/\/avrupapress.com\/#\/schema\/person\/68428444ec60970d1e1b700cf4ca1e8f\",\"name\":\"Edit\u00f6r\",\"image\":{\"@type\":\"ImageObject\",\"inLanguage\":\"fr-BE\",\"@id\":\"https:\/\/avrupapress.com\/#\/schema\/person\/image\/\",\"url\":\"https:\/\/secure.gravatar.com\/avatar\/74996b0977aa5f1559ba9883776652508b229005c0d78fb2597897f0bd651c09?s=96&d=mm&r=g\",\"contentUrl\":\"https:\/\/secure.gravatar.com\/avatar\/74996b0977aa5f1559ba9883776652508b229005c0d78fb2597897f0bd651c09?s=96&d=mm&r=g\",\"caption\":\"Edit\u00f6r\"},\"sameAs\":[\"http:\/\/www.avrupapress.com\"],\"url\":\"https:\/\/avrupapress.com\/main\/author\/editor\/\"}]}<\/script>\n<!-- \/ Yoast SEO plugin. -->","yoast_head_json":{"title":"Bel\u00e7ika'da Emirda\u011f'l\u0131 \u0130kinci Ki\u015fi Koronavir\u00fcs'ten Hayat\u0131n\u0131 Kaybetti... - AvrupaPress","robots":{"index":"index","follow":"follow","max-snippet":"max-snippet:-1","max-image-preview":"max-image-preview:large","max-video-preview":"max-video-preview:-1"},"canonical":"https:\/\/avrupapress.com\/2020\/03\/26\/belcikada-emirdagli-ikinci-kisi-koronavirusten-hayatini-kaybetti\/","og_locale":"fr_FR","og_type":"article","og_title":"Bel\u00e7ika'da Emirda\u011f'l\u0131 \u0130kinci Ki\u015fi Koronavir\u00fcs'ten Hayat\u0131n\u0131 Kaybetti... - AvrupaPress","og_description":"Bel\u00e7ika\u2019da hayatini kaybeden T\u00fcrk say\u0131s\u0131 bu sabah itibar\u0131yle 5\u2019e y\u00fckseldi. Bel\u00e7ika&rsquo;da yeni tip koronavir\u00fcs (Kovid-19) salg\u0131n\u0131nda vaka say\u0131s\u0131 1298 artarak 6 bin 235&rsquo;e ula\u015f\u0131rken, \u00f6l\u00fc say\u0131s\u0131 da 42 art\u0131\u015fla 220 oldu. Bel\u00e7ika Kriz Merkezi&rsquo;nden yap\u0131lan a\u00e7\u0131klamada, \u00fclkede son 24 saatte 536 ki\u015finin hastaneye kald\u0131r\u0131ld\u0131\u011f\u0131 bildirildi. A\u00e7\u0131klamada, Kovid-19 g\u00f6r\u00fclen ki\u015fi say\u0131s\u0131n\u0131n 1298 artarak 6 bin 235&rsquo;e, [&hellip;]","og_url":"https:\/\/avrupapress.com\/2020\/03\/26\/belcikada-emirdagli-ikinci-kisi-koronavirusten-hayatini-kaybetti\/","og_site_name":"AvrupaPress","article_published_time":"2020-03-26T13:06:15+00:00","article_modified_time":"2020-03-26T13:06:16+00:00","og_image":[{"width":338,"height":203,"url":"https:\/\/avrupapress.com\/wp-content\/uploads\/2020\/03\/th-12.jpg","type":"image\/jpeg"}],"author":"Edit\u00f6r","twitter_card":"summary_large_image","twitter_misc":{"\u00c9crit par":"Edit\u00f6r","Dur\u00e9e de lecture est.":"1 minute"},"schema":{"@context":"https:\/\/schema.org","@graph":[{"@type":"Article","@id":"https:\/\/avrupapress.com\/2020\/03\/26\/belcikada-emirdagli-ikinci-kisi-koronavirusten-hayatini-kaybetti\/#article","isPartOf":{"@id":"https:\/\/avrupapress.com\/2020\/03\/26\/belcikada-emirdagli-ikinci-kisi-koronavirusten-hayatini-kaybetti\/"},"author":{"name":"Edit\u00f6r","@id":"https:\/\/avrupapress.com\/#\/schema\/person\/68428444ec60970d1e1b700cf4ca1e8f"},"headline":"Bel\u00e7ika&rsquo;da Emirda\u011f&rsquo;l\u0131 \u0130kinci Ki\u015fi Koronavir\u00fcs&rsquo;ten Hayat\u0131n\u0131 Kaybetti&#8230;","datePublished":"2020-03-26T13:06:15+00:00","dateModified":"2020-03-26T13:06:16+00:00","mainEntityOfPage":{"@id":"https:\/\/avrupapress.com\/2020\/03\/26\/belcikada-emirdagli-ikinci-kisi-koronavirusten-hayatini-kaybetti\/"},"wordCount":193,"publisher":{"@id":"https:\/\/avrupapress.com\/#\/schema\/person\/0223dca19c72c43575bf30d1a2d8f4fa"},"image":{"@id":"https:\/\/avrupapress.com\/2020\/03\/26\/belcikada-emirdagli-ikinci-kisi-koronavirusten-hayatini-kaybetti\/#primaryimage"},"thumbnailUrl":"https:\/\/avrupapress.com\/main\/wp-content\/uploads\/2020\/03\/th-12.jpg","articleSection":["Avrupa","Bel\u00e7ika","D\u00fcnya","Ekonomi","K\u00fclt\u00fcr-Sanat","Spor","Tan\u0131t\u0131m","T\u00fcrkiye","Uncategorized"],"inLanguage":"fr-BE"},{"@type":"WebPage","@id":"https:\/\/avrupapress.com\/2020\/03\/26\/belcikada-emirdagli-ikinci-kisi-koronavirusten-hayatini-kaybetti\/","url":"https:\/\/avrupapress.com\/2020\/03\/26\/belcikada-emirdagli-ikinci-kisi-koronavirusten-hayatini-kaybetti\/","name":"Bel\u00e7ika'da Emirda\u011f'l\u0131 \u0130kinci Ki\u015fi Koronavir\u00fcs'ten Hayat\u0131n\u0131 Kaybetti... - AvrupaPress","isPartOf":{"@id":"https:\/\/avrupapress.com\/#website"},"primaryImageOfPage":{"@id":"https:\/\/avrupapress.com\/2020\/03\/26\/belcikada-emirdagli-ikinci-kisi-koronavirusten-hayatini-kaybetti\/#primaryimage"},"image":{"@id":"https:\/\/avrupapress.com\/2020\/03\/26\/belcikada-emirdagli-ikinci-kisi-koronavirusten-hayatini-kaybetti\/#primaryimage"},"thumbnailUrl":"https:\/\/avrupapress.com\/main\/wp-content\/uploads\/2020\/03\/th-12.jpg","datePublished":"2020-03-26T13:06:15+00:00","dateModified":"2020-03-26T13:06:16+00:00","breadcrumb":{"@id":"https:\/\/avrupapress.com\/2020\/03\/26\/belcikada-emirdagli-ikinci-kisi-koronavirusten-hayatini-kaybetti\/#breadcrumb"},"inLanguage":"fr-BE","potentialAction":[{"@type":"ReadAction","target":["https:\/\/avrupapress.com\/2020\/03\/26\/belcikada-emirdagli-ikinci-kisi-koronavirusten-hayatini-kaybetti\/"]}]},{"@type":"ImageObject","inLanguage":"fr-BE","@id":"https:\/\/avrupapress.com\/2020\/03\/26\/belcikada-emirdagli-ikinci-kisi-koronavirusten-hayatini-kaybetti\/#primaryimage","url":"https:\/\/avrupapress.com\/main\/wp-content\/uploads\/2020\/03\/th-12.jpg","contentUrl":"https:\/\/avrupapress.com\/main\/wp-content\/uploads\/2020\/03\/th-12.jpg","width":338,"height":203},{"@type":"BreadcrumbList","@id":"https:\/\/avrupapress.com\/2020\/03\/26\/belcikada-emirdagli-ikinci-kisi-koronavirusten-hayatini-kaybetti\/#breadcrumb","itemListElement":[{"@type":"ListItem","position":1,"name":"Anasayfa","item":"https:\/\/avrupapress.com\/"},{"@type":"ListItem","position":2,"name":"Bel\u00e7ika&#8217;da Emirda\u011f&#8217;l\u0131 \u0130kinci Ki\u015fi Koronavir\u00fcs&#8217;ten Hayat\u0131n\u0131 Kaybetti&#8230;"}]},{"@type":"WebSite","@id":"https:\/\/avrupapress.com\/#website","url":"https:\/\/avrupapress.com\/","name":"AvrupaPress","description":"Haberin Adresi","publisher":{"@id":"https:\/\/avrupapress.com\/#\/schema\/person\/0223dca19c72c43575bf30d1a2d8f4fa"},"potentialAction":[{"@type":"SearchAction","target":{"@type":"EntryPoint","urlTemplate":"https:\/\/avrupapress.com\/?s={search_term_string}"},"query-input":{"@type":"PropertyValueSpecification","valueRequired":true,"valueName":"search_term_string"}}],"inLanguage":"fr-BE"},{"@type":["Person","Organization"],"@id":"https:\/\/avrupapress.com\/#\/schema\/person\/0223dca19c72c43575bf30d1a2d8f4fa","name":"Bilgin \u00d6z\u00e7ift\u00e7i","image":{"@type":"ImageObject","inLanguage":"fr-BE","@id":"https:\/\/avrupapress.com\/#\/schema\/person\/image\/","url":"https:\/\/secure.gravatar.com\/avatar\/0f23b280433a21e1ea7a0adcc46ed0ad16afe3ad8e630fd13d8a017dcbd54ef3?s=96&d=mm&r=g","contentUrl":"https:\/\/secure.gravatar.com\/avatar\/0f23b280433a21e1ea7a0adcc46ed0ad16afe3ad8e630fd13d8a017dcbd54ef3?s=96&d=mm&r=g","caption":"Bilgin \u00d6z\u00e7ift\u00e7i"},"logo":{"@id":"https:\/\/avrupapress.com\/#\/schema\/person\/image\/"},"description":"Ne ben, nede sen... Biz ancak \"biz\" olursak g\u00fc\u00e7l\u00fc olabiliriz"},{"@type":"Person","@id":"https:\/\/avrupapress.com\/#\/schema\/person\/68428444ec60970d1e1b700cf4ca1e8f","name":"Edit\u00f6r","image":{"@type":"ImageObject","inLanguage":"fr-BE","@id":"https:\/\/avrupapress.com\/#\/schema\/person\/image\/","url":"https:\/\/secure.gravatar.com\/avatar\/74996b0977aa5f1559ba9883776652508b229005c0d78fb2597897f0bd651c09?s=96&d=mm&r=g","contentUrl":"https:\/\/secure.gravatar.com\/avatar\/74996b0977aa5f1559ba9883776652508b229005c0d78fb2597897f0bd651c09?s=96&d=mm&r=g","caption":"Edit\u00f6r"},"sameAs":["http:\/\/www.avrupapress.com"],"url":"https:\/\/avrupapress.com\/main\/author\/editor\/"}]}},"_links":{"self":[{"href":"https:\/\/avrupapress.com\/main\/wp-json\/wp\/v2\/posts\/11009","targetHints":{"allow":["GET"]}}],"collection":[{"href":"https:\/\/avrupapress.com\/main\/wp-json\/wp\/v2\/posts"}],"about":[{"href":"https:\/\/avrupapress.com\/main\/wp-json\/wp\/v2\/types\/post"}],"author":[{"embeddable":true,"href":"https:\/\/avrupapress.com\/main\/wp-json\/wp\/v2\/users\/3"}],"replies":[{"embeddable":true,"href":"https:\/\/avrupapress.com\/main\/wp-json\/wp\/v2\/comments?post=11009"}],"version-history":[{"count":1,"href":"https:\/\/avrupapress.com\/main\/wp-json\/wp\/v2\/posts\/11009\/revisions"}],"predecessor-version":[{"id":11011,"href":"https:\/\/avrupapress.com\/main\/wp-json\/wp\/v2\/posts\/11009\/revisions\/11011"}],"wp:featuredmedia":[{"embeddable":true,"href":"https:\/\/avrupapress.com\/main\/wp-json\/wp\/v2\/media\/10888"}],"wp:attachment":[{"href":"https:\/\/avrupapress.com\/main\/wp-json\/wp\/v2\/media?parent=11009"}],"wp:term":[{"taxonomy":"category","embeddable":true,"href":"https:\/\/avrupapress.com\/main\/wp-json\/wp\/v2\/categories?post=11009"},{"taxonomy":"post_tag","embeddable":true,"href":"https:\/\/avrupapress.com\/main\/wp-json\/wp\/v2\/tags?post=11009"}],"curies":[{"name":"wp","href":"https:\/\/api.w.org\/{rel}","templated":true}]}}