{"id":11006,"date":"2020-03-26T12:29:43","date_gmt":"2020-03-26T12:29:43","guid":{"rendered":"http:\/\/avrupapress.com\/main\/?p=11006"},"modified":"2020-03-26T12:29:45","modified_gmt":"2020-03-26T12:29:45","slug":"milli-guvenlik-konseyicnsdersleri-erteleme-kararini-o4-nisan-2020e-kadar-verdi","status":"publish","type":"post","link":"https:\/\/avrupapress.com\/main\/2020\/03\/26\/milli-guvenlik-konseyicnsdersleri-erteleme-kararini-o4-nisan-2020e-kadar-verdi\/","title":{"rendered":"Milli g\u00fcvenlik konseyi(CNS)dersleri erteleme kararini o4 nisan 2020&rsquo;e kadar verdi."},"content":{"rendered":"\n<p> Koronavirus Bel\u00e7ika:Yaz tatilinde okula gitmeye HAYIR.<\/p>\n\n\n\n<p> Koronavir\u00fcs hakinda yanli\u015f, yalan,duyumlar s\u00f6ylentiler var. Yaz tatilinde \u00f6\u011frencileri okula g\u00f6nderme fikri ekonomist Geert Noels&rsquo; in ekonomik toparlanmayi te\u015fvik etmek ama\u00e7li bir du\u015funcesidir. Ve bazilari zaten bu kararin alindigini d\u00fcs\u00fcn\u00fcyor gibi g\u00f6r\u00fcn\u00fcyor. <\/p>\n\n\n\n<p>Oysaki ,ekonomik toparlanmayi te\u015ffik etmek adina bir fikir sunumu ile ger\u00e7ek arasinda hi\u00e7 atilmamis kocaman bir adim var.<\/p>\n\n\n\n<p> Wallonie-Bruxelles Federasyon e\u011fitim bakani Caroline Desire (ps)\u00a0\u00bbBu hi\u00e7 g\u00fcndemde de\u011fil\u00a0\u00bb a\u00e7iklamasini yapti. Bu fikir hakkinda hi\u00e7 bir karar alinmadi. Hatta hi\u00e7 d\u00fcs\u00fcnmedik dedi.<\/p>\n\n\n\n<p>B\u00f6yle bir karar alinmasi icin \u00e7ok erken oldu\u011funu da ekledi.Milli g\u00fcvenlik konseyi(CNS)dersleri erteleme kararini o4 nisan 2020&rsquo;e kadar verdi. Paskalya(P\u00e2ques)tatiline kadar neler olup biter,bakariz dedi. <\/p>\n\n\n\n<p>Paskalya(p\u00e2ques) tatilinden sonra malumunuz, \u00e7ocuklarin yaz tatilinde e\u011fitim g\u00f6r\u00fcp g\u00f6rmeyecekleri b\u00fct\u00fcn velileri meraklandiran ve hassasiyet i\u00e7eren \u00f6zel bir uygulama olabilir. <\/p>\n\n\n\n<p>Hepimiz CNS in alacagi karari merakla bekliyor. Ayrica bu karar alinirken Wallone_Bruxelles e\u011fitim bakanliginin mudahil olmayacaklari bildirildi. <\/p>\n\n\n\n<p><strong>Seval Aksan \/ AVRUPAPRESS<\/strong><\/p>\n","protected":false},"excerpt":{"rendered":"<p>Koronavirus Bel\u00e7ika:Yaz tatilinde okula gitmeye HAYIR. Koronavir\u00fcs hakinda yanli\u015f, yalan,duyumlar s\u00f6ylentiler var. Yaz tatilinde \u00f6\u011frencileri okula g\u00f6nderme fikri ekonomist Geert Noels&rsquo; in ekonomik toparlanmayi te\u015fvik etmek ama\u00e7li bir du\u015funcesidir. Ve bazilari zaten bu kararin alindigini d\u00fcs\u00fcn\u00fcyor gibi g\u00f6r\u00fcn\u00fcyor. Oysaki ,ekonomik toparlanmayi te\u015ffik etmek adina bir fikir sunumu ile ger\u00e7ek arasinda hi\u00e7 atilmamis kocaman bir adim [&hellip;]<\/p>\n","protected":false},"author":3,"featured_media":11007,"comment_status":"closed","ping_status":"open","sticky":false,"template":"","format":"standard","meta":{"footnotes":""},"categories":[14,16,3,17,18,15,19,2,1],"tags":[],"class_list":["post-11006","post","type-post","status-publish","format-standard","has-post-thumbnail","hentry","category-avrupa","category-belcika","category-dunya","category-ekonomi","category-kultur-sanat","category-spor","category-tanitim","category-turkiye","category-uncategorized"],"yoast_head":"<!-- This site is optimized with the Yoast SEO plugin v26.9 - https:\/\/yoast.com\/product\/yoast-seo-wordpress\/ -->\n<title>Milli g\u00fcvenlik konseyi(CNS)dersleri erteleme kararini o4 nisan 2020&#039;e kadar verdi. - AvrupaPress<\/title>\n<meta name=\"robots\" content=\"index, follow, max-snippet:-1, max-image-preview:large, max-video-preview:-1\" \/>\n<link rel=\"canonical\" href=\"https:\/\/avrupapress.com\/2020\/03\/26\/milli-guvenlik-konseyicnsdersleri-erteleme-kararini-o4-nisan-2020e-kadar-verdi\/\" \/>\n<meta property=\"og:locale\" content=\"fr_FR\" \/>\n<meta property=\"og:type\" content=\"article\" \/>\n<meta property=\"og:title\" content=\"Milli g\u00fcvenlik konseyi(CNS)dersleri erteleme kararini o4 nisan 2020&#039;e kadar verdi. - AvrupaPress\" \/>\n<meta property=\"og:description\" content=\"Koronavirus Bel\u00e7ika:Yaz tatilinde okula gitmeye HAYIR. Koronavir\u00fcs hakinda yanli\u015f, yalan,duyumlar s\u00f6ylentiler var. Yaz tatilinde \u00f6\u011frencileri okula g\u00f6nderme fikri ekonomist Geert Noels&rsquo; in ekonomik toparlanmayi te\u015fvik etmek ama\u00e7li bir du\u015funcesidir. Ve bazilari zaten bu kararin alindigini d\u00fcs\u00fcn\u00fcyor gibi g\u00f6r\u00fcn\u00fcyor. Oysaki ,ekonomik toparlanmayi te\u015ffik etmek adina bir fikir sunumu ile ger\u00e7ek arasinda hi\u00e7 atilmamis kocaman bir adim [&hellip;]\" \/>\n<meta property=\"og:url\" content=\"https:\/\/avrupapress.com\/2020\/03\/26\/milli-guvenlik-konseyicnsdersleri-erteleme-kararini-o4-nisan-2020e-kadar-verdi\/\" \/>\n<meta property=\"og:site_name\" content=\"AvrupaPress\" \/>\n<meta property=\"article:published_time\" content=\"2020-03-26T12:29:43+00:00\" \/>\n<meta property=\"article:modified_time\" content=\"2020-03-26T12:29:45+00:00\" \/>\n<meta property=\"og:image\" content=\"https:\/\/avrupapress.com\/wp-content\/uploads\/2020\/03\/images.jpg\" \/>\n\t<meta property=\"og:image:width\" content=\"300\" \/>\n\t<meta property=\"og:image:height\" content=\"168\" \/>\n\t<meta property=\"og:image:type\" content=\"image\/jpeg\" \/>\n<meta name=\"author\" content=\"Edit\u00f6r\" \/>\n<meta name=\"twitter:card\" content=\"summary_large_image\" \/>\n<meta name=\"twitter:label1\" content=\"\u00c9crit par\" \/>\n\t<meta name=\"twitter:data1\" content=\"Edit\u00f6r\" \/>\n\t<meta name=\"twitter:label2\" content=\"Dur\u00e9e de lecture est.\" \/>\n\t<meta name=\"twitter:data2\" content=\"1 minute\" \/>\n<script type=\"application\/ld+json\" class=\"yoast-schema-graph\">{\"@context\":\"https:\/\/schema.org\",\"@graph\":[{\"@type\":\"Article\",\"@id\":\"https:\/\/avrupapress.com\/2020\/03\/26\/milli-guvenlik-konseyicnsdersleri-erteleme-kararini-o4-nisan-2020e-kadar-verdi\/#article\",\"isPartOf\":{\"@id\":\"https:\/\/avrupapress.com\/2020\/03\/26\/milli-guvenlik-konseyicnsdersleri-erteleme-kararini-o4-nisan-2020e-kadar-verdi\/\"},\"author\":{\"name\":\"Edit\u00f6r\",\"@id\":\"https:\/\/avrupapress.com\/#\/schema\/person\/68428444ec60970d1e1b700cf4ca1e8f\"},\"headline\":\"Milli g\u00fcvenlik konseyi(CNS)dersleri erteleme kararini o4 nisan 2020&rsquo;e kadar verdi.\",\"datePublished\":\"2020-03-26T12:29:43+00:00\",\"dateModified\":\"2020-03-26T12:29:45+00:00\",\"mainEntityOfPage\":{\"@id\":\"https:\/\/avrupapress.com\/2020\/03\/26\/milli-guvenlik-konseyicnsdersleri-erteleme-kararini-o4-nisan-2020e-kadar-verdi\/\"},\"wordCount\":202,\"publisher\":{\"@id\":\"https:\/\/avrupapress.com\/#\/schema\/person\/0223dca19c72c43575bf30d1a2d8f4fa\"},\"image\":{\"@id\":\"https:\/\/avrupapress.com\/2020\/03\/26\/milli-guvenlik-konseyicnsdersleri-erteleme-kararini-o4-nisan-2020e-kadar-verdi\/#primaryimage\"},\"thumbnailUrl\":\"https:\/\/avrupapress.com\/main\/wp-content\/uploads\/2020\/03\/images.jpg\",\"articleSection\":[\"Avrupa\",\"Bel\u00e7ika\",\"D\u00fcnya\",\"Ekonomi\",\"K\u00fclt\u00fcr-Sanat\",\"Spor\",\"Tan\u0131t\u0131m\",\"T\u00fcrkiye\",\"Uncategorized\"],\"inLanguage\":\"fr-BE\"},{\"@type\":\"WebPage\",\"@id\":\"https:\/\/avrupapress.com\/2020\/03\/26\/milli-guvenlik-konseyicnsdersleri-erteleme-kararini-o4-nisan-2020e-kadar-verdi\/\",\"url\":\"https:\/\/avrupapress.com\/2020\/03\/26\/milli-guvenlik-konseyicnsdersleri-erteleme-kararini-o4-nisan-2020e-kadar-verdi\/\",\"name\":\"Milli g\u00fcvenlik konseyi(CNS)dersleri erteleme kararini o4 nisan 2020'e kadar verdi. - AvrupaPress\",\"isPartOf\":{\"@id\":\"https:\/\/avrupapress.com\/#website\"},\"primaryImageOfPage\":{\"@id\":\"https:\/\/avrupapress.com\/2020\/03\/26\/milli-guvenlik-konseyicnsdersleri-erteleme-kararini-o4-nisan-2020e-kadar-verdi\/#primaryimage\"},\"image\":{\"@id\":\"https:\/\/avrupapress.com\/2020\/03\/26\/milli-guvenlik-konseyicnsdersleri-erteleme-kararini-o4-nisan-2020e-kadar-verdi\/#primaryimage\"},\"thumbnailUrl\":\"https:\/\/avrupapress.com\/main\/wp-content\/uploads\/2020\/03\/images.jpg\",\"datePublished\":\"2020-03-26T12:29:43+00:00\",\"dateModified\":\"2020-03-26T12:29:45+00:00\",\"breadcrumb\":{\"@id\":\"https:\/\/avrupapress.com\/2020\/03\/26\/milli-guvenlik-konseyicnsdersleri-erteleme-kararini-o4-nisan-2020e-kadar-verdi\/#breadcrumb\"},\"inLanguage\":\"fr-BE\",\"potentialAction\":[{\"@type\":\"ReadAction\",\"target\":[\"https:\/\/avrupapress.com\/2020\/03\/26\/milli-guvenlik-konseyicnsdersleri-erteleme-kararini-o4-nisan-2020e-kadar-verdi\/\"]}]},{\"@type\":\"ImageObject\",\"inLanguage\":\"fr-BE\",\"@id\":\"https:\/\/avrupapress.com\/2020\/03\/26\/milli-guvenlik-konseyicnsdersleri-erteleme-kararini-o4-nisan-2020e-kadar-verdi\/#primaryimage\",\"url\":\"https:\/\/avrupapress.com\/main\/wp-content\/uploads\/2020\/03\/images.jpg\",\"contentUrl\":\"https:\/\/avrupapress.com\/main\/wp-content\/uploads\/2020\/03\/images.jpg\",\"width\":300,\"height\":168},{\"@type\":\"BreadcrumbList\",\"@id\":\"https:\/\/avrupapress.com\/2020\/03\/26\/milli-guvenlik-konseyicnsdersleri-erteleme-kararini-o4-nisan-2020e-kadar-verdi\/#breadcrumb\",\"itemListElement\":[{\"@type\":\"ListItem\",\"position\":1,\"name\":\"Anasayfa\",\"item\":\"https:\/\/avrupapress.com\/\"},{\"@type\":\"ListItem\",\"position\":2,\"name\":\"Milli g\u00fcvenlik konseyi(CNS)dersleri erteleme kararini o4 nisan 2020&#8217;e kadar verdi.\"}]},{\"@type\":\"WebSite\",\"@id\":\"https:\/\/avrupapress.com\/#website\",\"url\":\"https:\/\/avrupapress.com\/\",\"name\":\"AvrupaPress\",\"description\":\"Haberin Adresi\",\"publisher\":{\"@id\":\"https:\/\/avrupapress.com\/#\/schema\/person\/0223dca19c72c43575bf30d1a2d8f4fa\"},\"potentialAction\":[{\"@type\":\"SearchAction\",\"target\":{\"@type\":\"EntryPoint\",\"urlTemplate\":\"https:\/\/avrupapress.com\/?s={search_term_string}\"},\"query-input\":{\"@type\":\"PropertyValueSpecification\",\"valueRequired\":true,\"valueName\":\"search_term_string\"}}],\"inLanguage\":\"fr-BE\"},{\"@type\":[\"Person\",\"Organization\"],\"@id\":\"https:\/\/avrupapress.com\/#\/schema\/person\/0223dca19c72c43575bf30d1a2d8f4fa\",\"name\":\"Bilgin \u00d6z\u00e7ift\u00e7i\",\"image\":{\"@type\":\"ImageObject\",\"inLanguage\":\"fr-BE\",\"@id\":\"https:\/\/avrupapress.com\/#\/schema\/person\/image\/\",\"url\":\"https:\/\/secure.gravatar.com\/avatar\/0f23b280433a21e1ea7a0adcc46ed0ad16afe3ad8e630fd13d8a017dcbd54ef3?s=96&d=mm&r=g\",\"contentUrl\":\"https:\/\/secure.gravatar.com\/avatar\/0f23b280433a21e1ea7a0adcc46ed0ad16afe3ad8e630fd13d8a017dcbd54ef3?s=96&d=mm&r=g\",\"caption\":\"Bilgin \u00d6z\u00e7ift\u00e7i\"},\"logo\":{\"@id\":\"https:\/\/avrupapress.com\/#\/schema\/person\/image\/\"},\"description\":\"Ne ben, nede sen... Biz ancak \\\"biz\\\" olursak g\u00fc\u00e7l\u00fc olabiliriz\"},{\"@type\":\"Person\",\"@id\":\"https:\/\/avrupapress.com\/#\/schema\/person\/68428444ec60970d1e1b700cf4ca1e8f\",\"name\":\"Edit\u00f6r\",\"image\":{\"@type\":\"ImageObject\",\"inLanguage\":\"fr-BE\",\"@id\":\"https:\/\/avrupapress.com\/#\/schema\/person\/image\/\",\"url\":\"https:\/\/secure.gravatar.com\/avatar\/74996b0977aa5f1559ba9883776652508b229005c0d78fb2597897f0bd651c09?s=96&d=mm&r=g\",\"contentUrl\":\"https:\/\/secure.gravatar.com\/avatar\/74996b0977aa5f1559ba9883776652508b229005c0d78fb2597897f0bd651c09?s=96&d=mm&r=g\",\"caption\":\"Edit\u00f6r\"},\"sameAs\":[\"http:\/\/www.avrupapress.com\"],\"url\":\"https:\/\/avrupapress.com\/main\/author\/editor\/\"}]}<\/script>\n<!-- \/ Yoast SEO plugin. -->","yoast_head_json":{"title":"Milli g\u00fcvenlik konseyi(CNS)dersleri erteleme kararini o4 nisan 2020'e kadar verdi. - AvrupaPress","robots":{"index":"index","follow":"follow","max-snippet":"max-snippet:-1","max-image-preview":"max-image-preview:large","max-video-preview":"max-video-preview:-1"},"canonical":"https:\/\/avrupapress.com\/2020\/03\/26\/milli-guvenlik-konseyicnsdersleri-erteleme-kararini-o4-nisan-2020e-kadar-verdi\/","og_locale":"fr_FR","og_type":"article","og_title":"Milli g\u00fcvenlik konseyi(CNS)dersleri erteleme kararini o4 nisan 2020'e kadar verdi. - AvrupaPress","og_description":"Koronavirus Bel\u00e7ika:Yaz tatilinde okula gitmeye HAYIR. Koronavir\u00fcs hakinda yanli\u015f, yalan,duyumlar s\u00f6ylentiler var. Yaz tatilinde \u00f6\u011frencileri okula g\u00f6nderme fikri ekonomist Geert Noels&rsquo; in ekonomik toparlanmayi te\u015fvik etmek ama\u00e7li bir du\u015funcesidir. Ve bazilari zaten bu kararin alindigini d\u00fcs\u00fcn\u00fcyor gibi g\u00f6r\u00fcn\u00fcyor. Oysaki ,ekonomik toparlanmayi te\u015ffik etmek adina bir fikir sunumu ile ger\u00e7ek arasinda hi\u00e7 atilmamis kocaman bir adim [&hellip;]","og_url":"https:\/\/avrupapress.com\/2020\/03\/26\/milli-guvenlik-konseyicnsdersleri-erteleme-kararini-o4-nisan-2020e-kadar-verdi\/","og_site_name":"AvrupaPress","article_published_time":"2020-03-26T12:29:43+00:00","article_modified_time":"2020-03-26T12:29:45+00:00","og_image":[{"width":300,"height":168,"url":"https:\/\/avrupapress.com\/wp-content\/uploads\/2020\/03\/images.jpg","type":"image\/jpeg"}],"author":"Edit\u00f6r","twitter_card":"summary_large_image","twitter_misc":{"\u00c9crit par":"Edit\u00f6r","Dur\u00e9e de lecture est.":"1 minute"},"schema":{"@context":"https:\/\/schema.org","@graph":[{"@type":"Article","@id":"https:\/\/avrupapress.com\/2020\/03\/26\/milli-guvenlik-konseyicnsdersleri-erteleme-kararini-o4-nisan-2020e-kadar-verdi\/#article","isPartOf":{"@id":"https:\/\/avrupapress.com\/2020\/03\/26\/milli-guvenlik-konseyicnsdersleri-erteleme-kararini-o4-nisan-2020e-kadar-verdi\/"},"author":{"name":"Edit\u00f6r","@id":"https:\/\/avrupapress.com\/#\/schema\/person\/68428444ec60970d1e1b700cf4ca1e8f"},"headline":"Milli g\u00fcvenlik konseyi(CNS)dersleri erteleme kararini o4 nisan 2020&rsquo;e kadar verdi.","datePublished":"2020-03-26T12:29:43+00:00","dateModified":"2020-03-26T12:29:45+00:00","mainEntityOfPage":{"@id":"https:\/\/avrupapress.com\/2020\/03\/26\/milli-guvenlik-konseyicnsdersleri-erteleme-kararini-o4-nisan-2020e-kadar-verdi\/"},"wordCount":202,"publisher":{"@id":"https:\/\/avrupapress.com\/#\/schema\/person\/0223dca19c72c43575bf30d1a2d8f4fa"},"image":{"@id":"https:\/\/avrupapress.com\/2020\/03\/26\/milli-guvenlik-konseyicnsdersleri-erteleme-kararini-o4-nisan-2020e-kadar-verdi\/#primaryimage"},"thumbnailUrl":"https:\/\/avrupapress.com\/main\/wp-content\/uploads\/2020\/03\/images.jpg","articleSection":["Avrupa","Bel\u00e7ika","D\u00fcnya","Ekonomi","K\u00fclt\u00fcr-Sanat","Spor","Tan\u0131t\u0131m","T\u00fcrkiye","Uncategorized"],"inLanguage":"fr-BE"},{"@type":"WebPage","@id":"https:\/\/avrupapress.com\/2020\/03\/26\/milli-guvenlik-konseyicnsdersleri-erteleme-kararini-o4-nisan-2020e-kadar-verdi\/","url":"https:\/\/avrupapress.com\/2020\/03\/26\/milli-guvenlik-konseyicnsdersleri-erteleme-kararini-o4-nisan-2020e-kadar-verdi\/","name":"Milli g\u00fcvenlik konseyi(CNS)dersleri erteleme kararini o4 nisan 2020'e kadar verdi. - AvrupaPress","isPartOf":{"@id":"https:\/\/avrupapress.com\/#website"},"primaryImageOfPage":{"@id":"https:\/\/avrupapress.com\/2020\/03\/26\/milli-guvenlik-konseyicnsdersleri-erteleme-kararini-o4-nisan-2020e-kadar-verdi\/#primaryimage"},"image":{"@id":"https:\/\/avrupapress.com\/2020\/03\/26\/milli-guvenlik-konseyicnsdersleri-erteleme-kararini-o4-nisan-2020e-kadar-verdi\/#primaryimage"},"thumbnailUrl":"https:\/\/avrupapress.com\/main\/wp-content\/uploads\/2020\/03\/images.jpg","datePublished":"2020-03-26T12:29:43+00:00","dateModified":"2020-03-26T12:29:45+00:00","breadcrumb":{"@id":"https:\/\/avrupapress.com\/2020\/03\/26\/milli-guvenlik-konseyicnsdersleri-erteleme-kararini-o4-nisan-2020e-kadar-verdi\/#breadcrumb"},"inLanguage":"fr-BE","potentialAction":[{"@type":"ReadAction","target":["https:\/\/avrupapress.com\/2020\/03\/26\/milli-guvenlik-konseyicnsdersleri-erteleme-kararini-o4-nisan-2020e-kadar-verdi\/"]}]},{"@type":"ImageObject","inLanguage":"fr-BE","@id":"https:\/\/avrupapress.com\/2020\/03\/26\/milli-guvenlik-konseyicnsdersleri-erteleme-kararini-o4-nisan-2020e-kadar-verdi\/#primaryimage","url":"https:\/\/avrupapress.com\/main\/wp-content\/uploads\/2020\/03\/images.jpg","contentUrl":"https:\/\/avrupapress.com\/main\/wp-content\/uploads\/2020\/03\/images.jpg","width":300,"height":168},{"@type":"BreadcrumbList","@id":"https:\/\/avrupapress.com\/2020\/03\/26\/milli-guvenlik-konseyicnsdersleri-erteleme-kararini-o4-nisan-2020e-kadar-verdi\/#breadcrumb","itemListElement":[{"@type":"ListItem","position":1,"name":"Anasayfa","item":"https:\/\/avrupapress.com\/"},{"@type":"ListItem","position":2,"name":"Milli g\u00fcvenlik konseyi(CNS)dersleri erteleme kararini o4 nisan 2020&#8217;e kadar verdi."}]},{"@type":"WebSite","@id":"https:\/\/avrupapress.com\/#website","url":"https:\/\/avrupapress.com\/","name":"AvrupaPress","description":"Haberin Adresi","publisher":{"@id":"https:\/\/avrupapress.com\/#\/schema\/person\/0223dca19c72c43575bf30d1a2d8f4fa"},"potentialAction":[{"@type":"SearchAction","target":{"@type":"EntryPoint","urlTemplate":"https:\/\/avrupapress.com\/?s={search_term_string}"},"query-input":{"@type":"PropertyValueSpecification","valueRequired":true,"valueName":"search_term_string"}}],"inLanguage":"fr-BE"},{"@type":["Person","Organization"],"@id":"https:\/\/avrupapress.com\/#\/schema\/person\/0223dca19c72c43575bf30d1a2d8f4fa","name":"Bilgin \u00d6z\u00e7ift\u00e7i","image":{"@type":"ImageObject","inLanguage":"fr-BE","@id":"https:\/\/avrupapress.com\/#\/schema\/person\/image\/","url":"https:\/\/secure.gravatar.com\/avatar\/0f23b280433a21e1ea7a0adcc46ed0ad16afe3ad8e630fd13d8a017dcbd54ef3?s=96&d=mm&r=g","contentUrl":"https:\/\/secure.gravatar.com\/avatar\/0f23b280433a21e1ea7a0adcc46ed0ad16afe3ad8e630fd13d8a017dcbd54ef3?s=96&d=mm&r=g","caption":"Bilgin \u00d6z\u00e7ift\u00e7i"},"logo":{"@id":"https:\/\/avrupapress.com\/#\/schema\/person\/image\/"},"description":"Ne ben, nede sen... Biz ancak \"biz\" olursak g\u00fc\u00e7l\u00fc olabiliriz"},{"@type":"Person","@id":"https:\/\/avrupapress.com\/#\/schema\/person\/68428444ec60970d1e1b700cf4ca1e8f","name":"Edit\u00f6r","image":{"@type":"ImageObject","inLanguage":"fr-BE","@id":"https:\/\/avrupapress.com\/#\/schema\/person\/image\/","url":"https:\/\/secure.gravatar.com\/avatar\/74996b0977aa5f1559ba9883776652508b229005c0d78fb2597897f0bd651c09?s=96&d=mm&r=g","contentUrl":"https:\/\/secure.gravatar.com\/avatar\/74996b0977aa5f1559ba9883776652508b229005c0d78fb2597897f0bd651c09?s=96&d=mm&r=g","caption":"Edit\u00f6r"},"sameAs":["http:\/\/www.avrupapress.com"],"url":"https:\/\/avrupapress.com\/main\/author\/editor\/"}]}},"_links":{"self":[{"href":"https:\/\/avrupapress.com\/main\/wp-json\/wp\/v2\/posts\/11006","targetHints":{"allow":["GET"]}}],"collection":[{"href":"https:\/\/avrupapress.com\/main\/wp-json\/wp\/v2\/posts"}],"about":[{"href":"https:\/\/avrupapress.com\/main\/wp-json\/wp\/v2\/types\/post"}],"author":[{"embeddable":true,"href":"https:\/\/avrupapress.com\/main\/wp-json\/wp\/v2\/users\/3"}],"replies":[{"embeddable":true,"href":"https:\/\/avrupapress.com\/main\/wp-json\/wp\/v2\/comments?post=11006"}],"version-history":[{"count":1,"href":"https:\/\/avrupapress.com\/main\/wp-json\/wp\/v2\/posts\/11006\/revisions"}],"predecessor-version":[{"id":11008,"href":"https:\/\/avrupapress.com\/main\/wp-json\/wp\/v2\/posts\/11006\/revisions\/11008"}],"wp:featuredmedia":[{"embeddable":true,"href":"https:\/\/avrupapress.com\/main\/wp-json\/wp\/v2\/media\/11007"}],"wp:attachment":[{"href":"https:\/\/avrupapress.com\/main\/wp-json\/wp\/v2\/media?parent=11006"}],"wp:term":[{"taxonomy":"category","embeddable":true,"href":"https:\/\/avrupapress.com\/main\/wp-json\/wp\/v2\/categories?post=11006"},{"taxonomy":"post_tag","embeddable":true,"href":"https:\/\/avrupapress.com\/main\/wp-json\/wp\/v2\/tags?post=11006"}],"curies":[{"name":"wp","href":"https:\/\/api.w.org\/{rel}","templated":true}]}}