{"id":11001,"date":"2020-03-25T21:50:08","date_gmt":"2020-03-25T21:50:08","guid":{"rendered":"http:\/\/avrupapress.com\/main\/?p=11001"},"modified":"2020-03-25T21:50:10","modified_gmt":"2020-03-25T21:50:10","slug":"irakin-kuzeyinde-teror-orgutunun-havanli-saldirisinda-2-askerimiz-sehit-oldu-2-askerimiz-yaralandi","status":"publish","type":"post","link":"https:\/\/avrupapress.com\/main\/2020\/03\/25\/irakin-kuzeyinde-teror-orgutunun-havanli-saldirisinda-2-askerimiz-sehit-oldu-2-askerimiz-yaralandi\/","title":{"rendered":"Irak&rsquo;in Kuzeyinde Ter\u00f6r \u00f6rg\u00fct\u00fcn\u00fcn havanl\u0131 sald\u0131r\u0131s\u0131nda 2 askerimiz \u015fehit oldu, 2 askerimiz yaraland\u0131"},"content":{"rendered":"\n<p> <strong>Milli Savunma Bakanl\u0131\u011f\u0131 (MSB) Bas\u0131n ve Halkla \u0130li\u015fkiler M\u00fc\u015favirli\u011finden yap\u0131lan a\u00e7\u0131klamada, Irak kuzeyi Haftanin b\u00f6lgesinde b\u00f6l\u00fcc\u00fc ter\u00f6r \u00f6rg\u00fct\u00fc mensuplar\u0131nca havan topu ile yap\u0131lan taciz at\u0131\u015f\u0131nda, 2 askerimiz \u015fehit oldu, 2 askerimiz de yaraland\u0131. Askerlerimize y\u00f6nelik sald\u0131r\u0131 sonras\u0131 ba\u015flat\u0131lan operasyonda 8 PKK&rsquo;l\u0131 ter\u00f6rist etkisiz hale getirildi.<\/strong><\/p>\n\n\n\n<p>Milli Savunma Bakanl\u0131\u011f\u0131, b\u00f6l\u00fcc\u00fc ter\u00f6r \u00f6rg\u00fct\u00fcn\u00fcn d\u00fczenledi\u011fi sald\u0131r\u0131da 2 askerin \u015fehit oldu\u011fu, 2 askerin de yaraland\u0131\u011f\u0131n\u0131 duyurdu.<\/p>\n\n\n\n<p>Bakanl\u0131ktan yap\u0131lan yaz\u0131l\u0131 a\u00e7\u0131klamada, \u00ab\u00a0<a href=\"https:\/\/www.haberler.com\/irak\/\"><strong>Irak<\/strong><\/a>&nbsp;kuzeyi Haftanin b\u00f6lgesinde, 25 Mart 2020 tarihinde b\u00f6l\u00fcc\u00fc ter\u00f6r \u00f6rg\u00fct\u00fc mensuplar\u0131nca havan ile yap\u0131lan taciz at\u0131\u015f\u0131 neticesinde, 2 kahraman silah arkada\u015f\u0131m\u0131z \u015fehit olmu\u015f, 2 kahraman silah arkada\u015f\u0131m\u0131z yaralanm\u0131\u015ft\u0131r.<\/p>\n\n\n\n<h3 class=\"wp-block-heading\">\u00ab\u00a0GEREKL\u0130 KAR\u015eILIK VER\u0130LM\u0130\u015eT\u0130R\u00a0\u00bb<\/h3>\n\n\n\n<p>B\u00f6lgede tespit edilen hedefler derhal ate\u015f destek vas\u0131talar\u0131m\u0131z ile yo\u011fun \u015fekilde ate\u015f alt\u0131na al\u0131narak gerekli kar\u015f\u0131l\u0131k verilmi\u015f, hedefler tahrip edilmi\u015f ve \u015fehitlerimizin kan\u0131 yerde b\u0131rak\u0131lmam\u0131\u015ft\u0131r, b\u0131rak\u0131lmayacakt\u0131r\u00a0\u00bb denildi.<\/p>\n\n\n\n<p>A\u00e7\u0131klamada, derin bir ac\u0131 ve \u00fcz\u00fcnt\u00fcye neden olan olayda hayat\u0131n\u0131 kaybeden \u015fehitlere Allah&rsquo;tan rahmet, aileleri, T\u00fcrk Silahl\u0131 Kuvvetleri ile T\u00fcrk milletine ba\u015fsa\u011fl\u0131\u011f\u0131 dile\u011finde bulunulurken, yaral\u0131 askerler i\u00e7in de acil \u015fifa dilekleri iletildi.<\/p>\n\n\n\n<figure class=\"wp-block-image\"><img decoding=\"async\" src=\"https:\/\/foto.haberler.com\/haber\/2020\/03\/25\/son-dakika-teror-orgutunun-havanli-saldirisinda-13054037_395_m.jpg\" alt=\"\"\/><\/figure>\n\n\n\n<h3 class=\"wp-block-heading\">SALDIRI SONRASI D\u00dcZENLENEN OPERASYONDA 8 PKK&rsquo;LI \u00d6LD\u00dcR\u00dcLD\u00dc<\/h3>\n\n\n\n<p>Milli Savunma Bakanl\u0131\u011f\u0131, sald\u0131r\u0131 sonras\u0131 operasyon d\u00fczenlendi\u011finin a\u00e7\u0131klayarak 8 PKK&rsquo;l\u0131 ter\u00f6ristin hava taarruzuyla etkisiz hale getirildi\u011fini a\u00e7\u0131klad\u0131.<\/p>\n\n\n\n<h3 class=\"wp-block-heading\">\u015eANLIURFA&rsquo;YA \u015eEH\u0130T ATE\u015e\u0130 D\u00dc\u015eT\u00dc<\/h3>\n\n\n\n<p>Irak&rsquo;\u0131n kuzeyindeki Haftanin b\u00f6lgesinde PKK&rsquo;l\u0131 ter\u00f6ristlerce d\u00fczenlenen sald\u0131r\u0131da \u015fehit olan Piyade Uzman \u00c7avu\u015f \u0130smail Karata\u015f&rsquo;\u0131n ac\u0131 haberi memleketi \u015eanl\u0131urfa&rsquo;n\u0131n Bozova il\u00e7esindeki ailesine ula\u015ft\u0131.<\/p>\n\n\n\n<p>\u015eehit uzman \u00e7avu\u015fun cenazesi ak\u015fam saatlerinde askeri u\u00e7akla GAP Havaalan\u0131na getirildi. T\u00fcrk bayra\u011f\u0131na sar\u0131l\u0131 \u015fehit Karata\u015f&rsquo;\u0131n naa\u015f\u0131n\u0131; \u015eanl\u0131urfa Valisi Abdullah Erin, 20&rsquo;nci Z\u0131rhl\u0131 Tugay Komutan\u0131 Tu\u011fgeneral Oktay A\u011fbuga, \u0130l Emniyet M\u00fcd\u00fcr\u00fc Sel\u00e7uk Do\u011fu\u015f \u0130l Jandarma Komutan\u0131 Albay Ey\u00fcp Sabri Kiri\u015f\u00e7i kar\u015f\u0131lad\u0131. \u015eehidin cenazesi kar\u015f\u0131lama sonras\u0131 hastane morguna kald\u0131r\u0131ld\u0131.<\/p>\n\n\n\n<figure class=\"wp-block-image\"><img decoding=\"async\" src=\"https:\/\/foto.haberler.com\/haber\/2020\/03\/25\/son-dakika-teror-orgutunun-havanli-saldirisinda-13054037_3917_m.jpg\" alt=\"\"\/><\/figure>\n\n\n\n<h3 class=\"wp-block-heading\">MAN\u0130SA&rsquo;YA \u015eEH\u0130T ATE\u015e\u0130 D\u00dc\u015eT\u00dc<\/h3>\n\n\n\n<p>Manisa&rsquo;n\u0131n Turgutlu il\u00e7esine \u015fehit ate\u015fi d\u00fc\u015ft\u00fc. T\u00fcrk Silahl\u0131 Kuvvetleri taraf\u0131ndan y\u00fcr\u00fct\u00fclen PEN\u00c7E-3 Harekat\u0131 s\u0131ras\u0131nda ter\u00f6ristlerce girilen \u00e7at\u0131\u015fmada havan at\u0131\u015f\u0131 nedeniyle Uzman Onba\u015f\u0131 Onur Karakaya \u015fehit d\u00fc\u015ft\u00fc. 22 ya\u015f\u0131ndaki Karakaya&rsquo;n\u0131n annesi \u00dcmm\u00fc ile babas\u0131 \u0130brahim Karakaya&rsquo;ya ac\u0131&nbsp;<a href=\"https:\/\/www.haberler.com\/\"><strong>haber<\/strong><\/a>&nbsp;verildi. Turgutlu Kaymakam\u0131 Ali Y\u0131lmaz, Garnizon Komutan\u0131 Albay Kenan Pe\u015fternik, Turgutlu Belediye Ba\u015fkan\u0131 \u00c7etin Ak\u0131n, \u0130l\u00e7e Jandarma Komutan\u0131 Y\u00fczba\u015f\u0131 Halim Karaer, \u0130l\u00e7e Emniyet M\u00fcd\u00fcr\u00fc G\u00f6khan Balaban ve resmi daire yetkilileri taraf\u0131ndan aileye haber verilmesi sonras\u0131nda 112 Acil Servis ekipleri de kap\u0131da haz\u0131r bekletildi. Ac\u0131 haberin ard\u0131ndan babaoca\u011f\u0131na T\u00fcrk bayra\u011f\u0131 as\u0131ld\u0131. \u00d6te yandan ac\u0131l\u0131 aileye Aile \u00c7al\u0131\u015fma ve Sosyal Hizmetler Manisa \u0130l M\u00fcd\u00fcrl\u00fc\u011f\u00fc psikologlar\u0131 taraf\u0131ndan da destek verildi.<\/p>\n\n\n\n<p>Yakla\u015f\u0131k 2 y\u0131ld\u0131r g\u00f6rev yapt\u0131\u011f\u0131 \u00f6\u011frenilen 22 ya\u015f\u0131ndaki \u015fehidin 3 ayl\u0131k ni\u015fanl\u0131 oldu\u011fu \u00f6\u011frenildi.<\/p>\n\n\n\n<figure class=\"wp-block-image\"><img decoding=\"async\" src=\"https:\/\/foto.haberler.com\/haber\/2020\/03\/25\/son-dakika-teror-orgutunun-havanli-saldirisinda-13054037_7604_m.jpg\" alt=\"\"\/><\/figure>\n\n\n\n<figure class=\"wp-block-image\"><img decoding=\"async\" src=\"https:\/\/foto.haberler.com\/haber\/2020\/03\/25\/son-dakika-teror-orgutunun-havanli-saldirisinda-13054037_6834_m.jpg\" alt=\"\"\/><\/figure>\n\n\n\n<figure class=\"wp-block-image\"><img decoding=\"async\" src=\"https:\/\/foto.haberler.com\/haber\/2020\/03\/25\/son-dakika-teror-orgutunun-havanli-saldirisinda-13054037_6354_o.jpg\" alt=\"Son Dakika: Ter\u00f6r \u00f6rg\u00fct\u00fcn\u00fcn havanl\u0131 sald\u0131r\u0131s\u0131nda 2 askerimiz \u015fehit oldu, 2 askerimiz yaraland\u0131\"\/><\/figure>\n\n\n\n<p><a href=\"https:\/\/www.haberler.com\/video\/son-dakika-teror-orgutunun-havanli-saldirisinda-13054037-videosu\/\">Haberin Videosu:&nbsp;Ter\u00f6r \u00f6rg\u00fct\u00fcn\u00fcn havanl\u0131 sald\u0131r\u0131s\u0131nda 2 askerimiz \u015fehit oldu, 2 askerimiz yaraland\u0131<\/a><\/p>\n\n\n\n<p><\/p>\n\n\n\n<p>  <\/p>\n","protected":false},"excerpt":{"rendered":"<p>Milli Savunma Bakanl\u0131\u011f\u0131 (MSB) Bas\u0131n ve Halkla \u0130li\u015fkiler M\u00fc\u015favirli\u011finden yap\u0131lan a\u00e7\u0131klamada, Irak kuzeyi Haftanin b\u00f6lgesinde b\u00f6l\u00fcc\u00fc ter\u00f6r \u00f6rg\u00fct\u00fc mensuplar\u0131nca havan topu ile yap\u0131lan taciz at\u0131\u015f\u0131nda, 2 askerimiz \u015fehit oldu, 2 askerimiz de yaraland\u0131. Askerlerimize y\u00f6nelik sald\u0131r\u0131 sonras\u0131 ba\u015flat\u0131lan operasyonda 8 PKK&rsquo;l\u0131 ter\u00f6rist etkisiz hale getirildi. Milli Savunma Bakanl\u0131\u011f\u0131, b\u00f6l\u00fcc\u00fc ter\u00f6r \u00f6rg\u00fct\u00fcn\u00fcn d\u00fczenledi\u011fi sald\u0131r\u0131da 2 askerin [&hellip;]<\/p>\n","protected":false},"author":3,"featured_media":11002,"comment_status":"closed","ping_status":"open","sticky":false,"template":"","format":"standard","meta":{"footnotes":""},"categories":[14,16,3,17,18,15,19,2,1],"tags":[5153],"class_list":["post-11001","post","type-post","status-publish","format-standard","has-post-thumbnail","hentry","category-avrupa","category-belcika","category-dunya","category-ekonomi","category-kultur-sanat","category-spor","category-tanitim","category-turkiye","category-uncategorized","tag-2-askerimiz-yaralandi"],"yoast_head":"<!-- This site is optimized with the Yoast SEO plugin v26.9 - https:\/\/yoast.com\/product\/yoast-seo-wordpress\/ -->\n<title>Irak&#039;in Kuzeyinde Ter\u00f6r \u00f6rg\u00fct\u00fcn\u00fcn havanl\u0131 sald\u0131r\u0131s\u0131nda 2 askerimiz \u015fehit oldu, 2 askerimiz yaraland\u0131 - AvrupaPress<\/title>\n<meta name=\"robots\" content=\"index, follow, max-snippet:-1, max-image-preview:large, max-video-preview:-1\" \/>\n<link rel=\"canonical\" href=\"https:\/\/avrupapress.com\/2020\/03\/25\/irakin-kuzeyinde-teror-orgutunun-havanli-saldirisinda-2-askerimiz-sehit-oldu-2-askerimiz-yaralandi\/\" \/>\n<meta property=\"og:locale\" content=\"fr_FR\" \/>\n<meta property=\"og:type\" content=\"article\" \/>\n<meta property=\"og:title\" content=\"Irak&#039;in Kuzeyinde Ter\u00f6r \u00f6rg\u00fct\u00fcn\u00fcn havanl\u0131 sald\u0131r\u0131s\u0131nda 2 askerimiz \u015fehit oldu, 2 askerimiz yaraland\u0131 - AvrupaPress\" \/>\n<meta property=\"og:description\" content=\"Milli Savunma Bakanl\u0131\u011f\u0131 (MSB) Bas\u0131n ve Halkla \u0130li\u015fkiler M\u00fc\u015favirli\u011finden yap\u0131lan a\u00e7\u0131klamada, Irak kuzeyi Haftanin b\u00f6lgesinde b\u00f6l\u00fcc\u00fc ter\u00f6r \u00f6rg\u00fct\u00fc mensuplar\u0131nca havan topu ile yap\u0131lan taciz at\u0131\u015f\u0131nda, 2 askerimiz \u015fehit oldu, 2 askerimiz de yaraland\u0131. Askerlerimize y\u00f6nelik sald\u0131r\u0131 sonras\u0131 ba\u015flat\u0131lan operasyonda 8 PKK&rsquo;l\u0131 ter\u00f6rist etkisiz hale getirildi. Milli Savunma Bakanl\u0131\u011f\u0131, b\u00f6l\u00fcc\u00fc ter\u00f6r \u00f6rg\u00fct\u00fcn\u00fcn d\u00fczenledi\u011fi sald\u0131r\u0131da 2 askerin [&hellip;]\" \/>\n<meta property=\"og:url\" content=\"https:\/\/avrupapress.com\/2020\/03\/25\/irakin-kuzeyinde-teror-orgutunun-havanli-saldirisinda-2-askerimiz-sehit-oldu-2-askerimiz-yaralandi\/\" \/>\n<meta property=\"og:site_name\" content=\"AvrupaPress\" \/>\n<meta property=\"article:published_time\" content=\"2020-03-25T21:50:08+00:00\" \/>\n<meta property=\"article:modified_time\" content=\"2020-03-25T21:50:10+00:00\" \/>\n<meta property=\"og:image\" content=\"https:\/\/avrupapress.com\/wp-content\/uploads\/2020\/03\/son-dakika-teror-orgutunun-havanli-saldirisinda-13054037_6354_o.jpg\" \/>\n\t<meta property=\"og:image:width\" content=\"640\" \/>\n\t<meta property=\"og:image:height\" content=\"361\" \/>\n\t<meta property=\"og:image:type\" content=\"image\/jpeg\" \/>\n<meta name=\"author\" content=\"Edit\u00f6r\" \/>\n<meta name=\"twitter:card\" content=\"summary_large_image\" \/>\n<meta name=\"twitter:label1\" content=\"\u00c9crit par\" \/>\n\t<meta name=\"twitter:data1\" content=\"Edit\u00f6r\" \/>\n\t<meta name=\"twitter:label2\" content=\"Dur\u00e9e de lecture est.\" \/>\n\t<meta name=\"twitter:data2\" content=\"3 minutes\" \/>\n<script type=\"application\/ld+json\" class=\"yoast-schema-graph\">{\"@context\":\"https:\/\/schema.org\",\"@graph\":[{\"@type\":\"Article\",\"@id\":\"https:\/\/avrupapress.com\/2020\/03\/25\/irakin-kuzeyinde-teror-orgutunun-havanli-saldirisinda-2-askerimiz-sehit-oldu-2-askerimiz-yaralandi\/#article\",\"isPartOf\":{\"@id\":\"https:\/\/avrupapress.com\/2020\/03\/25\/irakin-kuzeyinde-teror-orgutunun-havanli-saldirisinda-2-askerimiz-sehit-oldu-2-askerimiz-yaralandi\/\"},\"author\":{\"name\":\"Edit\u00f6r\",\"@id\":\"https:\/\/avrupapress.com\/#\/schema\/person\/68428444ec60970d1e1b700cf4ca1e8f\"},\"headline\":\"Irak&rsquo;in Kuzeyinde Ter\u00f6r \u00f6rg\u00fct\u00fcn\u00fcn havanl\u0131 sald\u0131r\u0131s\u0131nda 2 askerimiz \u015fehit oldu, 2 askerimiz yaraland\u0131\",\"datePublished\":\"2020-03-25T21:50:08+00:00\",\"dateModified\":\"2020-03-25T21:50:10+00:00\",\"mainEntityOfPage\":{\"@id\":\"https:\/\/avrupapress.com\/2020\/03\/25\/irakin-kuzeyinde-teror-orgutunun-havanli-saldirisinda-2-askerimiz-sehit-oldu-2-askerimiz-yaralandi\/\"},\"wordCount\":579,\"publisher\":{\"@id\":\"https:\/\/avrupapress.com\/#\/schema\/person\/0223dca19c72c43575bf30d1a2d8f4fa\"},\"image\":{\"@id\":\"https:\/\/avrupapress.com\/2020\/03\/25\/irakin-kuzeyinde-teror-orgutunun-havanli-saldirisinda-2-askerimiz-sehit-oldu-2-askerimiz-yaralandi\/#primaryimage\"},\"thumbnailUrl\":\"https:\/\/avrupapress.com\/main\/wp-content\/uploads\/2020\/03\/son-dakika-teror-orgutunun-havanli-saldirisinda-13054037_6354_o.jpg\",\"keywords\":[\"2 askerimiz yaraland\u0131\"],\"articleSection\":[\"Avrupa\",\"Bel\u00e7ika\",\"D\u00fcnya\",\"Ekonomi\",\"K\u00fclt\u00fcr-Sanat\",\"Spor\",\"Tan\u0131t\u0131m\",\"T\u00fcrkiye\",\"Uncategorized\"],\"inLanguage\":\"fr-BE\"},{\"@type\":\"WebPage\",\"@id\":\"https:\/\/avrupapress.com\/2020\/03\/25\/irakin-kuzeyinde-teror-orgutunun-havanli-saldirisinda-2-askerimiz-sehit-oldu-2-askerimiz-yaralandi\/\",\"url\":\"https:\/\/avrupapress.com\/2020\/03\/25\/irakin-kuzeyinde-teror-orgutunun-havanli-saldirisinda-2-askerimiz-sehit-oldu-2-askerimiz-yaralandi\/\",\"name\":\"Irak'in Kuzeyinde Ter\u00f6r \u00f6rg\u00fct\u00fcn\u00fcn havanl\u0131 sald\u0131r\u0131s\u0131nda 2 askerimiz \u015fehit oldu, 2 askerimiz yaraland\u0131 - AvrupaPress\",\"isPartOf\":{\"@id\":\"https:\/\/avrupapress.com\/#website\"},\"primaryImageOfPage\":{\"@id\":\"https:\/\/avrupapress.com\/2020\/03\/25\/irakin-kuzeyinde-teror-orgutunun-havanli-saldirisinda-2-askerimiz-sehit-oldu-2-askerimiz-yaralandi\/#primaryimage\"},\"image\":{\"@id\":\"https:\/\/avrupapress.com\/2020\/03\/25\/irakin-kuzeyinde-teror-orgutunun-havanli-saldirisinda-2-askerimiz-sehit-oldu-2-askerimiz-yaralandi\/#primaryimage\"},\"thumbnailUrl\":\"https:\/\/avrupapress.com\/main\/wp-content\/uploads\/2020\/03\/son-dakika-teror-orgutunun-havanli-saldirisinda-13054037_6354_o.jpg\",\"datePublished\":\"2020-03-25T21:50:08+00:00\",\"dateModified\":\"2020-03-25T21:50:10+00:00\",\"breadcrumb\":{\"@id\":\"https:\/\/avrupapress.com\/2020\/03\/25\/irakin-kuzeyinde-teror-orgutunun-havanli-saldirisinda-2-askerimiz-sehit-oldu-2-askerimiz-yaralandi\/#breadcrumb\"},\"inLanguage\":\"fr-BE\",\"potentialAction\":[{\"@type\":\"ReadAction\",\"target\":[\"https:\/\/avrupapress.com\/2020\/03\/25\/irakin-kuzeyinde-teror-orgutunun-havanli-saldirisinda-2-askerimiz-sehit-oldu-2-askerimiz-yaralandi\/\"]}]},{\"@type\":\"ImageObject\",\"inLanguage\":\"fr-BE\",\"@id\":\"https:\/\/avrupapress.com\/2020\/03\/25\/irakin-kuzeyinde-teror-orgutunun-havanli-saldirisinda-2-askerimiz-sehit-oldu-2-askerimiz-yaralandi\/#primaryimage\",\"url\":\"https:\/\/avrupapress.com\/main\/wp-content\/uploads\/2020\/03\/son-dakika-teror-orgutunun-havanli-saldirisinda-13054037_6354_o.jpg\",\"contentUrl\":\"https:\/\/avrupapress.com\/main\/wp-content\/uploads\/2020\/03\/son-dakika-teror-orgutunun-havanli-saldirisinda-13054037_6354_o.jpg\",\"width\":640,\"height\":361},{\"@type\":\"BreadcrumbList\",\"@id\":\"https:\/\/avrupapress.com\/2020\/03\/25\/irakin-kuzeyinde-teror-orgutunun-havanli-saldirisinda-2-askerimiz-sehit-oldu-2-askerimiz-yaralandi\/#breadcrumb\",\"itemListElement\":[{\"@type\":\"ListItem\",\"position\":1,\"name\":\"Anasayfa\",\"item\":\"https:\/\/avrupapress.com\/\"},{\"@type\":\"ListItem\",\"position\":2,\"name\":\"Irak&#8217;in Kuzeyinde Ter\u00f6r \u00f6rg\u00fct\u00fcn\u00fcn havanl\u0131 sald\u0131r\u0131s\u0131nda 2 askerimiz \u015fehit oldu, 2 askerimiz yaraland\u0131\"}]},{\"@type\":\"WebSite\",\"@id\":\"https:\/\/avrupapress.com\/#website\",\"url\":\"https:\/\/avrupapress.com\/\",\"name\":\"AvrupaPress\",\"description\":\"Haberin Adresi\",\"publisher\":{\"@id\":\"https:\/\/avrupapress.com\/#\/schema\/person\/0223dca19c72c43575bf30d1a2d8f4fa\"},\"potentialAction\":[{\"@type\":\"SearchAction\",\"target\":{\"@type\":\"EntryPoint\",\"urlTemplate\":\"https:\/\/avrupapress.com\/?s={search_term_string}\"},\"query-input\":{\"@type\":\"PropertyValueSpecification\",\"valueRequired\":true,\"valueName\":\"search_term_string\"}}],\"inLanguage\":\"fr-BE\"},{\"@type\":[\"Person\",\"Organization\"],\"@id\":\"https:\/\/avrupapress.com\/#\/schema\/person\/0223dca19c72c43575bf30d1a2d8f4fa\",\"name\":\"Bilgin \u00d6z\u00e7ift\u00e7i\",\"image\":{\"@type\":\"ImageObject\",\"inLanguage\":\"fr-BE\",\"@id\":\"https:\/\/avrupapress.com\/#\/schema\/person\/image\/\",\"url\":\"https:\/\/secure.gravatar.com\/avatar\/0f23b280433a21e1ea7a0adcc46ed0ad16afe3ad8e630fd13d8a017dcbd54ef3?s=96&d=mm&r=g\",\"contentUrl\":\"https:\/\/secure.gravatar.com\/avatar\/0f23b280433a21e1ea7a0adcc46ed0ad16afe3ad8e630fd13d8a017dcbd54ef3?s=96&d=mm&r=g\",\"caption\":\"Bilgin \u00d6z\u00e7ift\u00e7i\"},\"logo\":{\"@id\":\"https:\/\/avrupapress.com\/#\/schema\/person\/image\/\"},\"description\":\"Ne ben, nede sen... Biz ancak \\\"biz\\\" olursak g\u00fc\u00e7l\u00fc olabiliriz\"},{\"@type\":\"Person\",\"@id\":\"https:\/\/avrupapress.com\/#\/schema\/person\/68428444ec60970d1e1b700cf4ca1e8f\",\"name\":\"Edit\u00f6r\",\"image\":{\"@type\":\"ImageObject\",\"inLanguage\":\"fr-BE\",\"@id\":\"https:\/\/avrupapress.com\/#\/schema\/person\/image\/\",\"url\":\"https:\/\/secure.gravatar.com\/avatar\/74996b0977aa5f1559ba9883776652508b229005c0d78fb2597897f0bd651c09?s=96&d=mm&r=g\",\"contentUrl\":\"https:\/\/secure.gravatar.com\/avatar\/74996b0977aa5f1559ba9883776652508b229005c0d78fb2597897f0bd651c09?s=96&d=mm&r=g\",\"caption\":\"Edit\u00f6r\"},\"sameAs\":[\"http:\/\/www.avrupapress.com\"],\"url\":\"https:\/\/avrupapress.com\/main\/author\/editor\/\"}]}<\/script>\n<!-- \/ Yoast SEO plugin. -->","yoast_head_json":{"title":"Irak'in Kuzeyinde Ter\u00f6r \u00f6rg\u00fct\u00fcn\u00fcn havanl\u0131 sald\u0131r\u0131s\u0131nda 2 askerimiz \u015fehit oldu, 2 askerimiz yaraland\u0131 - AvrupaPress","robots":{"index":"index","follow":"follow","max-snippet":"max-snippet:-1","max-image-preview":"max-image-preview:large","max-video-preview":"max-video-preview:-1"},"canonical":"https:\/\/avrupapress.com\/2020\/03\/25\/irakin-kuzeyinde-teror-orgutunun-havanli-saldirisinda-2-askerimiz-sehit-oldu-2-askerimiz-yaralandi\/","og_locale":"fr_FR","og_type":"article","og_title":"Irak'in Kuzeyinde Ter\u00f6r \u00f6rg\u00fct\u00fcn\u00fcn havanl\u0131 sald\u0131r\u0131s\u0131nda 2 askerimiz \u015fehit oldu, 2 askerimiz yaraland\u0131 - AvrupaPress","og_description":"Milli Savunma Bakanl\u0131\u011f\u0131 (MSB) Bas\u0131n ve Halkla \u0130li\u015fkiler M\u00fc\u015favirli\u011finden yap\u0131lan a\u00e7\u0131klamada, Irak kuzeyi Haftanin b\u00f6lgesinde b\u00f6l\u00fcc\u00fc ter\u00f6r \u00f6rg\u00fct\u00fc mensuplar\u0131nca havan topu ile yap\u0131lan taciz at\u0131\u015f\u0131nda, 2 askerimiz \u015fehit oldu, 2 askerimiz de yaraland\u0131. Askerlerimize y\u00f6nelik sald\u0131r\u0131 sonras\u0131 ba\u015flat\u0131lan operasyonda 8 PKK&rsquo;l\u0131 ter\u00f6rist etkisiz hale getirildi. Milli Savunma Bakanl\u0131\u011f\u0131, b\u00f6l\u00fcc\u00fc ter\u00f6r \u00f6rg\u00fct\u00fcn\u00fcn d\u00fczenledi\u011fi sald\u0131r\u0131da 2 askerin [&hellip;]","og_url":"https:\/\/avrupapress.com\/2020\/03\/25\/irakin-kuzeyinde-teror-orgutunun-havanli-saldirisinda-2-askerimiz-sehit-oldu-2-askerimiz-yaralandi\/","og_site_name":"AvrupaPress","article_published_time":"2020-03-25T21:50:08+00:00","article_modified_time":"2020-03-25T21:50:10+00:00","og_image":[{"width":640,"height":361,"url":"https:\/\/avrupapress.com\/wp-content\/uploads\/2020\/03\/son-dakika-teror-orgutunun-havanli-saldirisinda-13054037_6354_o.jpg","type":"image\/jpeg"}],"author":"Edit\u00f6r","twitter_card":"summary_large_image","twitter_misc":{"\u00c9crit par":"Edit\u00f6r","Dur\u00e9e de lecture est.":"3 minutes"},"schema":{"@context":"https:\/\/schema.org","@graph":[{"@type":"Article","@id":"https:\/\/avrupapress.com\/2020\/03\/25\/irakin-kuzeyinde-teror-orgutunun-havanli-saldirisinda-2-askerimiz-sehit-oldu-2-askerimiz-yaralandi\/#article","isPartOf":{"@id":"https:\/\/avrupapress.com\/2020\/03\/25\/irakin-kuzeyinde-teror-orgutunun-havanli-saldirisinda-2-askerimiz-sehit-oldu-2-askerimiz-yaralandi\/"},"author":{"name":"Edit\u00f6r","@id":"https:\/\/avrupapress.com\/#\/schema\/person\/68428444ec60970d1e1b700cf4ca1e8f"},"headline":"Irak&rsquo;in Kuzeyinde Ter\u00f6r \u00f6rg\u00fct\u00fcn\u00fcn havanl\u0131 sald\u0131r\u0131s\u0131nda 2 askerimiz \u015fehit oldu, 2 askerimiz yaraland\u0131","datePublished":"2020-03-25T21:50:08+00:00","dateModified":"2020-03-25T21:50:10+00:00","mainEntityOfPage":{"@id":"https:\/\/avrupapress.com\/2020\/03\/25\/irakin-kuzeyinde-teror-orgutunun-havanli-saldirisinda-2-askerimiz-sehit-oldu-2-askerimiz-yaralandi\/"},"wordCount":579,"publisher":{"@id":"https:\/\/avrupapress.com\/#\/schema\/person\/0223dca19c72c43575bf30d1a2d8f4fa"},"image":{"@id":"https:\/\/avrupapress.com\/2020\/03\/25\/irakin-kuzeyinde-teror-orgutunun-havanli-saldirisinda-2-askerimiz-sehit-oldu-2-askerimiz-yaralandi\/#primaryimage"},"thumbnailUrl":"https:\/\/avrupapress.com\/main\/wp-content\/uploads\/2020\/03\/son-dakika-teror-orgutunun-havanli-saldirisinda-13054037_6354_o.jpg","keywords":["2 askerimiz yaraland\u0131"],"articleSection":["Avrupa","Bel\u00e7ika","D\u00fcnya","Ekonomi","K\u00fclt\u00fcr-Sanat","Spor","Tan\u0131t\u0131m","T\u00fcrkiye","Uncategorized"],"inLanguage":"fr-BE"},{"@type":"WebPage","@id":"https:\/\/avrupapress.com\/2020\/03\/25\/irakin-kuzeyinde-teror-orgutunun-havanli-saldirisinda-2-askerimiz-sehit-oldu-2-askerimiz-yaralandi\/","url":"https:\/\/avrupapress.com\/2020\/03\/25\/irakin-kuzeyinde-teror-orgutunun-havanli-saldirisinda-2-askerimiz-sehit-oldu-2-askerimiz-yaralandi\/","name":"Irak'in Kuzeyinde Ter\u00f6r \u00f6rg\u00fct\u00fcn\u00fcn havanl\u0131 sald\u0131r\u0131s\u0131nda 2 askerimiz \u015fehit oldu, 2 askerimiz yaraland\u0131 - AvrupaPress","isPartOf":{"@id":"https:\/\/avrupapress.com\/#website"},"primaryImageOfPage":{"@id":"https:\/\/avrupapress.com\/2020\/03\/25\/irakin-kuzeyinde-teror-orgutunun-havanli-saldirisinda-2-askerimiz-sehit-oldu-2-askerimiz-yaralandi\/#primaryimage"},"image":{"@id":"https:\/\/avrupapress.com\/2020\/03\/25\/irakin-kuzeyinde-teror-orgutunun-havanli-saldirisinda-2-askerimiz-sehit-oldu-2-askerimiz-yaralandi\/#primaryimage"},"thumbnailUrl":"https:\/\/avrupapress.com\/main\/wp-content\/uploads\/2020\/03\/son-dakika-teror-orgutunun-havanli-saldirisinda-13054037_6354_o.jpg","datePublished":"2020-03-25T21:50:08+00:00","dateModified":"2020-03-25T21:50:10+00:00","breadcrumb":{"@id":"https:\/\/avrupapress.com\/2020\/03\/25\/irakin-kuzeyinde-teror-orgutunun-havanli-saldirisinda-2-askerimiz-sehit-oldu-2-askerimiz-yaralandi\/#breadcrumb"},"inLanguage":"fr-BE","potentialAction":[{"@type":"ReadAction","target":["https:\/\/avrupapress.com\/2020\/03\/25\/irakin-kuzeyinde-teror-orgutunun-havanli-saldirisinda-2-askerimiz-sehit-oldu-2-askerimiz-yaralandi\/"]}]},{"@type":"ImageObject","inLanguage":"fr-BE","@id":"https:\/\/avrupapress.com\/2020\/03\/25\/irakin-kuzeyinde-teror-orgutunun-havanli-saldirisinda-2-askerimiz-sehit-oldu-2-askerimiz-yaralandi\/#primaryimage","url":"https:\/\/avrupapress.com\/main\/wp-content\/uploads\/2020\/03\/son-dakika-teror-orgutunun-havanli-saldirisinda-13054037_6354_o.jpg","contentUrl":"https:\/\/avrupapress.com\/main\/wp-content\/uploads\/2020\/03\/son-dakika-teror-orgutunun-havanli-saldirisinda-13054037_6354_o.jpg","width":640,"height":361},{"@type":"BreadcrumbList","@id":"https:\/\/avrupapress.com\/2020\/03\/25\/irakin-kuzeyinde-teror-orgutunun-havanli-saldirisinda-2-askerimiz-sehit-oldu-2-askerimiz-yaralandi\/#breadcrumb","itemListElement":[{"@type":"ListItem","position":1,"name":"Anasayfa","item":"https:\/\/avrupapress.com\/"},{"@type":"ListItem","position":2,"name":"Irak&#8217;in Kuzeyinde Ter\u00f6r \u00f6rg\u00fct\u00fcn\u00fcn havanl\u0131 sald\u0131r\u0131s\u0131nda 2 askerimiz \u015fehit oldu, 2 askerimiz yaraland\u0131"}]},{"@type":"WebSite","@id":"https:\/\/avrupapress.com\/#website","url":"https:\/\/avrupapress.com\/","name":"AvrupaPress","description":"Haberin Adresi","publisher":{"@id":"https:\/\/avrupapress.com\/#\/schema\/person\/0223dca19c72c43575bf30d1a2d8f4fa"},"potentialAction":[{"@type":"SearchAction","target":{"@type":"EntryPoint","urlTemplate":"https:\/\/avrupapress.com\/?s={search_term_string}"},"query-input":{"@type":"PropertyValueSpecification","valueRequired":true,"valueName":"search_term_string"}}],"inLanguage":"fr-BE"},{"@type":["Person","Organization"],"@id":"https:\/\/avrupapress.com\/#\/schema\/person\/0223dca19c72c43575bf30d1a2d8f4fa","name":"Bilgin \u00d6z\u00e7ift\u00e7i","image":{"@type":"ImageObject","inLanguage":"fr-BE","@id":"https:\/\/avrupapress.com\/#\/schema\/person\/image\/","url":"https:\/\/secure.gravatar.com\/avatar\/0f23b280433a21e1ea7a0adcc46ed0ad16afe3ad8e630fd13d8a017dcbd54ef3?s=96&d=mm&r=g","contentUrl":"https:\/\/secure.gravatar.com\/avatar\/0f23b280433a21e1ea7a0adcc46ed0ad16afe3ad8e630fd13d8a017dcbd54ef3?s=96&d=mm&r=g","caption":"Bilgin \u00d6z\u00e7ift\u00e7i"},"logo":{"@id":"https:\/\/avrupapress.com\/#\/schema\/person\/image\/"},"description":"Ne ben, nede sen... Biz ancak \"biz\" olursak g\u00fc\u00e7l\u00fc olabiliriz"},{"@type":"Person","@id":"https:\/\/avrupapress.com\/#\/schema\/person\/68428444ec60970d1e1b700cf4ca1e8f","name":"Edit\u00f6r","image":{"@type":"ImageObject","inLanguage":"fr-BE","@id":"https:\/\/avrupapress.com\/#\/schema\/person\/image\/","url":"https:\/\/secure.gravatar.com\/avatar\/74996b0977aa5f1559ba9883776652508b229005c0d78fb2597897f0bd651c09?s=96&d=mm&r=g","contentUrl":"https:\/\/secure.gravatar.com\/avatar\/74996b0977aa5f1559ba9883776652508b229005c0d78fb2597897f0bd651c09?s=96&d=mm&r=g","caption":"Edit\u00f6r"},"sameAs":["http:\/\/www.avrupapress.com"],"url":"https:\/\/avrupapress.com\/main\/author\/editor\/"}]}},"_links":{"self":[{"href":"https:\/\/avrupapress.com\/main\/wp-json\/wp\/v2\/posts\/11001","targetHints":{"allow":["GET"]}}],"collection":[{"href":"https:\/\/avrupapress.com\/main\/wp-json\/wp\/v2\/posts"}],"about":[{"href":"https:\/\/avrupapress.com\/main\/wp-json\/wp\/v2\/types\/post"}],"author":[{"embeddable":true,"href":"https:\/\/avrupapress.com\/main\/wp-json\/wp\/v2\/users\/3"}],"replies":[{"embeddable":true,"href":"https:\/\/avrupapress.com\/main\/wp-json\/wp\/v2\/comments?post=11001"}],"version-history":[{"count":1,"href":"https:\/\/avrupapress.com\/main\/wp-json\/wp\/v2\/posts\/11001\/revisions"}],"predecessor-version":[{"id":11003,"href":"https:\/\/avrupapress.com\/main\/wp-json\/wp\/v2\/posts\/11001\/revisions\/11003"}],"wp:featuredmedia":[{"embeddable":true,"href":"https:\/\/avrupapress.com\/main\/wp-json\/wp\/v2\/media\/11002"}],"wp:attachment":[{"href":"https:\/\/avrupapress.com\/main\/wp-json\/wp\/v2\/media?parent=11001"}],"wp:term":[{"taxonomy":"category","embeddable":true,"href":"https:\/\/avrupapress.com\/main\/wp-json\/wp\/v2\/categories?post=11001"},{"taxonomy":"post_tag","embeddable":true,"href":"https:\/\/avrupapress.com\/main\/wp-json\/wp\/v2\/tags?post=11001"}],"curies":[{"name":"wp","href":"https:\/\/api.w.org\/{rel}","templated":true}]}}