{"id":10998,"date":"2020-03-25T21:19:12","date_gmt":"2020-03-25T21:19:12","guid":{"rendered":"http:\/\/avrupapress.com\/main\/?p=10998"},"modified":"2020-03-25T21:19:13","modified_gmt":"2020-03-25T21:19:13","slug":"belcikada-kovid-19-enfeksiyonu-benzin-fiyatlarini-dusurdu","status":"publish","type":"post","link":"https:\/\/avrupapress.com\/main\/2020\/03\/25\/belcikada-kovid-19-enfeksiyonu-benzin-fiyatlarini-dusurdu\/","title":{"rendered":"Belcika&rsquo;da kovid-19 enfeksiyonu benzin fiyatlarini D\u00fcs\u00fcrd\u00fc"},"content":{"rendered":"\n<p> Belcika&rsquo;da kovid-19 enfeksiyonu nedeniyle benzin t\u00fcketiminde sert d\u00fc\u015f\u00fc\u015flerle birlikte benzin fiyatlarinda ani bir d\u00fc\u015f\u00fc\u015f ya\u015fandi.<\/p>\n\n\n\n<p> Gecen hafta, 2009&rsquo;un ba\u015findan bu yana en d\u00fc\u015f\u00fck seviyelerine ula\u015fmi\u015f olan benzin fiyatlari d\u00fc\u015f\u00fc\u015f\u00fcn\u00fc s\u00fcrd\u00fcrd\u00fc. <\/p>\n\n\n\n<p>Belcika koronavir\u00fcs\u00fcn yayilmasiyla gectigimiz hafta yayinlanan benzin fiyatlarinda sert bir d\u00fc\u015f\u00fc\u015fe yol acti.<\/p>\n\n\n\n<p> Bu persembe g\u00fcn\u00fc benzin fiyatlarinin daha da d\u00fc\u015fece\u011fini enerji y\u00f6netimi (Spf ekonimi) tarafindan aciklandi.<\/p>\n\n\n\n<p> Son zamanlarda petrol fiyatlari varil basina cok dustu. Suudi Arabistan&rsquo;in dengesiz teklifleri karsinda fiyatlar kizi\u015fiti .Covid-19 nedeniyle ekonomik sikintilardan dolayi binlerce ucak benzin sikintisi cekiyor.. <\/p>\n\n\n\n<p><strong>Seval Aksan \/ AVRUPAPRESS<\/strong><\/p>\n","protected":false},"excerpt":{"rendered":"<p>Belcika&rsquo;da kovid-19 enfeksiyonu nedeniyle benzin t\u00fcketiminde sert d\u00fc\u015f\u00fc\u015flerle birlikte benzin fiyatlarinda ani bir d\u00fc\u015f\u00fc\u015f ya\u015fandi. Gecen hafta, 2009&rsquo;un ba\u015findan bu yana en d\u00fc\u015f\u00fck seviyelerine ula\u015fmi\u015f olan benzin fiyatlari d\u00fc\u015f\u00fc\u015f\u00fcn\u00fc s\u00fcrd\u00fcrd\u00fc. Belcika koronavir\u00fcs\u00fcn yayilmasiyla gectigimiz hafta yayinlanan benzin fiyatlarinda sert bir d\u00fc\u015f\u00fc\u015fe yol acti. Bu persembe g\u00fcn\u00fc benzin fiyatlarinin daha da d\u00fc\u015fece\u011fini enerji y\u00f6netimi (Spf ekonimi) [&hellip;]<\/p>\n","protected":false},"author":3,"featured_media":10999,"comment_status":"closed","ping_status":"open","sticky":false,"template":"","format":"standard","meta":{"footnotes":""},"categories":[14,16,3,17,18,15,19,2,1],"tags":[],"class_list":["post-10998","post","type-post","status-publish","format-standard","has-post-thumbnail","hentry","category-avrupa","category-belcika","category-dunya","category-ekonomi","category-kultur-sanat","category-spor","category-tanitim","category-turkiye","category-uncategorized"],"yoast_head":"<!-- This site is optimized with the Yoast SEO plugin v26.9 - https:\/\/yoast.com\/product\/yoast-seo-wordpress\/ -->\n<title>Belcika&#039;da kovid-19 enfeksiyonu benzin fiyatlarini D\u00fcs\u00fcrd\u00fc - AvrupaPress<\/title>\n<meta name=\"robots\" content=\"index, follow, max-snippet:-1, max-image-preview:large, max-video-preview:-1\" \/>\n<link rel=\"canonical\" href=\"https:\/\/avrupapress.com\/2020\/03\/25\/belcikada-kovid-19-enfeksiyonu-benzin-fiyatlarini-dusurdu\/\" \/>\n<meta property=\"og:locale\" content=\"fr_FR\" \/>\n<meta property=\"og:type\" content=\"article\" \/>\n<meta property=\"og:title\" content=\"Belcika&#039;da kovid-19 enfeksiyonu benzin fiyatlarini D\u00fcs\u00fcrd\u00fc - AvrupaPress\" \/>\n<meta property=\"og:description\" content=\"Belcika&rsquo;da kovid-19 enfeksiyonu nedeniyle benzin t\u00fcketiminde sert d\u00fc\u015f\u00fc\u015flerle birlikte benzin fiyatlarinda ani bir d\u00fc\u015f\u00fc\u015f ya\u015fandi. Gecen hafta, 2009&rsquo;un ba\u015findan bu yana en d\u00fc\u015f\u00fck seviyelerine ula\u015fmi\u015f olan benzin fiyatlari d\u00fc\u015f\u00fc\u015f\u00fcn\u00fc s\u00fcrd\u00fcrd\u00fc. Belcika koronavir\u00fcs\u00fcn yayilmasiyla gectigimiz hafta yayinlanan benzin fiyatlarinda sert bir d\u00fc\u015f\u00fc\u015fe yol acti. Bu persembe g\u00fcn\u00fc benzin fiyatlarinin daha da d\u00fc\u015fece\u011fini enerji y\u00f6netimi (Spf ekonimi) [&hellip;]\" \/>\n<meta property=\"og:url\" content=\"https:\/\/avrupapress.com\/2020\/03\/25\/belcikada-kovid-19-enfeksiyonu-benzin-fiyatlarini-dusurdu\/\" \/>\n<meta property=\"og:site_name\" content=\"AvrupaPress\" \/>\n<meta property=\"article:published_time\" content=\"2020-03-25T21:19:12+00:00\" \/>\n<meta property=\"article:modified_time\" content=\"2020-03-25T21:19:13+00:00\" \/>\n<meta property=\"og:image\" content=\"https:\/\/avrupapress.com\/wp-content\/uploads\/2020\/03\/S0-le-diesel-va-augmenter-les-associations-de-consommateurs-inquietes-162704.jpg\" \/>\n\t<meta property=\"og:image:width\" content=\"640\" \/>\n\t<meta property=\"og:image:height\" content=\"468\" \/>\n\t<meta property=\"og:image:type\" content=\"image\/jpeg\" \/>\n<meta name=\"author\" content=\"Edit\u00f6r\" \/>\n<meta name=\"twitter:card\" content=\"summary_large_image\" \/>\n<meta name=\"twitter:label1\" content=\"\u00c9crit par\" \/>\n\t<meta name=\"twitter:data1\" content=\"Edit\u00f6r\" \/>\n\t<meta name=\"twitter:label2\" content=\"Dur\u00e9e de lecture est.\" \/>\n\t<meta name=\"twitter:data2\" content=\"1 minute\" \/>\n<script type=\"application\/ld+json\" class=\"yoast-schema-graph\">{\"@context\":\"https:\/\/schema.org\",\"@graph\":[{\"@type\":\"Article\",\"@id\":\"https:\/\/avrupapress.com\/2020\/03\/25\/belcikada-kovid-19-enfeksiyonu-benzin-fiyatlarini-dusurdu\/#article\",\"isPartOf\":{\"@id\":\"https:\/\/avrupapress.com\/2020\/03\/25\/belcikada-kovid-19-enfeksiyonu-benzin-fiyatlarini-dusurdu\/\"},\"author\":{\"name\":\"Edit\u00f6r\",\"@id\":\"https:\/\/avrupapress.com\/#\/schema\/person\/68428444ec60970d1e1b700cf4ca1e8f\"},\"headline\":\"Belcika&rsquo;da kovid-19 enfeksiyonu benzin fiyatlarini D\u00fcs\u00fcrd\u00fc\",\"datePublished\":\"2020-03-25T21:19:12+00:00\",\"dateModified\":\"2020-03-25T21:19:13+00:00\",\"mainEntityOfPage\":{\"@id\":\"https:\/\/avrupapress.com\/2020\/03\/25\/belcikada-kovid-19-enfeksiyonu-benzin-fiyatlarini-dusurdu\/\"},\"wordCount\":110,\"publisher\":{\"@id\":\"https:\/\/avrupapress.com\/#\/schema\/person\/0223dca19c72c43575bf30d1a2d8f4fa\"},\"image\":{\"@id\":\"https:\/\/avrupapress.com\/2020\/03\/25\/belcikada-kovid-19-enfeksiyonu-benzin-fiyatlarini-dusurdu\/#primaryimage\"},\"thumbnailUrl\":\"https:\/\/avrupapress.com\/main\/wp-content\/uploads\/2020\/03\/S0-le-diesel-va-augmenter-les-associations-de-consommateurs-inquietes-162704.jpg\",\"articleSection\":[\"Avrupa\",\"Bel\u00e7ika\",\"D\u00fcnya\",\"Ekonomi\",\"K\u00fclt\u00fcr-Sanat\",\"Spor\",\"Tan\u0131t\u0131m\",\"T\u00fcrkiye\",\"Uncategorized\"],\"inLanguage\":\"fr-BE\"},{\"@type\":\"WebPage\",\"@id\":\"https:\/\/avrupapress.com\/2020\/03\/25\/belcikada-kovid-19-enfeksiyonu-benzin-fiyatlarini-dusurdu\/\",\"url\":\"https:\/\/avrupapress.com\/2020\/03\/25\/belcikada-kovid-19-enfeksiyonu-benzin-fiyatlarini-dusurdu\/\",\"name\":\"Belcika'da kovid-19 enfeksiyonu benzin fiyatlarini D\u00fcs\u00fcrd\u00fc - AvrupaPress\",\"isPartOf\":{\"@id\":\"https:\/\/avrupapress.com\/#website\"},\"primaryImageOfPage\":{\"@id\":\"https:\/\/avrupapress.com\/2020\/03\/25\/belcikada-kovid-19-enfeksiyonu-benzin-fiyatlarini-dusurdu\/#primaryimage\"},\"image\":{\"@id\":\"https:\/\/avrupapress.com\/2020\/03\/25\/belcikada-kovid-19-enfeksiyonu-benzin-fiyatlarini-dusurdu\/#primaryimage\"},\"thumbnailUrl\":\"https:\/\/avrupapress.com\/main\/wp-content\/uploads\/2020\/03\/S0-le-diesel-va-augmenter-les-associations-de-consommateurs-inquietes-162704.jpg\",\"datePublished\":\"2020-03-25T21:19:12+00:00\",\"dateModified\":\"2020-03-25T21:19:13+00:00\",\"breadcrumb\":{\"@id\":\"https:\/\/avrupapress.com\/2020\/03\/25\/belcikada-kovid-19-enfeksiyonu-benzin-fiyatlarini-dusurdu\/#breadcrumb\"},\"inLanguage\":\"fr-BE\",\"potentialAction\":[{\"@type\":\"ReadAction\",\"target\":[\"https:\/\/avrupapress.com\/2020\/03\/25\/belcikada-kovid-19-enfeksiyonu-benzin-fiyatlarini-dusurdu\/\"]}]},{\"@type\":\"ImageObject\",\"inLanguage\":\"fr-BE\",\"@id\":\"https:\/\/avrupapress.com\/2020\/03\/25\/belcikada-kovid-19-enfeksiyonu-benzin-fiyatlarini-dusurdu\/#primaryimage\",\"url\":\"https:\/\/avrupapress.com\/main\/wp-content\/uploads\/2020\/03\/S0-le-diesel-va-augmenter-les-associations-de-consommateurs-inquietes-162704.jpg\",\"contentUrl\":\"https:\/\/avrupapress.com\/main\/wp-content\/uploads\/2020\/03\/S0-le-diesel-va-augmenter-les-associations-de-consommateurs-inquietes-162704.jpg\",\"width\":640,\"height\":468},{\"@type\":\"BreadcrumbList\",\"@id\":\"https:\/\/avrupapress.com\/2020\/03\/25\/belcikada-kovid-19-enfeksiyonu-benzin-fiyatlarini-dusurdu\/#breadcrumb\",\"itemListElement\":[{\"@type\":\"ListItem\",\"position\":1,\"name\":\"Anasayfa\",\"item\":\"https:\/\/avrupapress.com\/\"},{\"@type\":\"ListItem\",\"position\":2,\"name\":\"Belcika&#8217;da kovid-19 enfeksiyonu benzin fiyatlarini D\u00fcs\u00fcrd\u00fc\"}]},{\"@type\":\"WebSite\",\"@id\":\"https:\/\/avrupapress.com\/#website\",\"url\":\"https:\/\/avrupapress.com\/\",\"name\":\"AvrupaPress\",\"description\":\"Haberin Adresi\",\"publisher\":{\"@id\":\"https:\/\/avrupapress.com\/#\/schema\/person\/0223dca19c72c43575bf30d1a2d8f4fa\"},\"potentialAction\":[{\"@type\":\"SearchAction\",\"target\":{\"@type\":\"EntryPoint\",\"urlTemplate\":\"https:\/\/avrupapress.com\/?s={search_term_string}\"},\"query-input\":{\"@type\":\"PropertyValueSpecification\",\"valueRequired\":true,\"valueName\":\"search_term_string\"}}],\"inLanguage\":\"fr-BE\"},{\"@type\":[\"Person\",\"Organization\"],\"@id\":\"https:\/\/avrupapress.com\/#\/schema\/person\/0223dca19c72c43575bf30d1a2d8f4fa\",\"name\":\"Bilgin \u00d6z\u00e7ift\u00e7i\",\"image\":{\"@type\":\"ImageObject\",\"inLanguage\":\"fr-BE\",\"@id\":\"https:\/\/avrupapress.com\/#\/schema\/person\/image\/\",\"url\":\"https:\/\/secure.gravatar.com\/avatar\/0f23b280433a21e1ea7a0adcc46ed0ad16afe3ad8e630fd13d8a017dcbd54ef3?s=96&d=mm&r=g\",\"contentUrl\":\"https:\/\/secure.gravatar.com\/avatar\/0f23b280433a21e1ea7a0adcc46ed0ad16afe3ad8e630fd13d8a017dcbd54ef3?s=96&d=mm&r=g\",\"caption\":\"Bilgin \u00d6z\u00e7ift\u00e7i\"},\"logo\":{\"@id\":\"https:\/\/avrupapress.com\/#\/schema\/person\/image\/\"},\"description\":\"Ne ben, nede sen... Biz ancak \\\"biz\\\" olursak g\u00fc\u00e7l\u00fc olabiliriz\"},{\"@type\":\"Person\",\"@id\":\"https:\/\/avrupapress.com\/#\/schema\/person\/68428444ec60970d1e1b700cf4ca1e8f\",\"name\":\"Edit\u00f6r\",\"image\":{\"@type\":\"ImageObject\",\"inLanguage\":\"fr-BE\",\"@id\":\"https:\/\/avrupapress.com\/#\/schema\/person\/image\/\",\"url\":\"https:\/\/secure.gravatar.com\/avatar\/74996b0977aa5f1559ba9883776652508b229005c0d78fb2597897f0bd651c09?s=96&d=mm&r=g\",\"contentUrl\":\"https:\/\/secure.gravatar.com\/avatar\/74996b0977aa5f1559ba9883776652508b229005c0d78fb2597897f0bd651c09?s=96&d=mm&r=g\",\"caption\":\"Edit\u00f6r\"},\"sameAs\":[\"http:\/\/www.avrupapress.com\"],\"url\":\"https:\/\/avrupapress.com\/main\/author\/editor\/\"}]}<\/script>\n<!-- \/ Yoast SEO plugin. -->","yoast_head_json":{"title":"Belcika'da kovid-19 enfeksiyonu benzin fiyatlarini D\u00fcs\u00fcrd\u00fc - AvrupaPress","robots":{"index":"index","follow":"follow","max-snippet":"max-snippet:-1","max-image-preview":"max-image-preview:large","max-video-preview":"max-video-preview:-1"},"canonical":"https:\/\/avrupapress.com\/2020\/03\/25\/belcikada-kovid-19-enfeksiyonu-benzin-fiyatlarini-dusurdu\/","og_locale":"fr_FR","og_type":"article","og_title":"Belcika'da kovid-19 enfeksiyonu benzin fiyatlarini D\u00fcs\u00fcrd\u00fc - AvrupaPress","og_description":"Belcika&rsquo;da kovid-19 enfeksiyonu nedeniyle benzin t\u00fcketiminde sert d\u00fc\u015f\u00fc\u015flerle birlikte benzin fiyatlarinda ani bir d\u00fc\u015f\u00fc\u015f ya\u015fandi. Gecen hafta, 2009&rsquo;un ba\u015findan bu yana en d\u00fc\u015f\u00fck seviyelerine ula\u015fmi\u015f olan benzin fiyatlari d\u00fc\u015f\u00fc\u015f\u00fcn\u00fc s\u00fcrd\u00fcrd\u00fc. Belcika koronavir\u00fcs\u00fcn yayilmasiyla gectigimiz hafta yayinlanan benzin fiyatlarinda sert bir d\u00fc\u015f\u00fc\u015fe yol acti. Bu persembe g\u00fcn\u00fc benzin fiyatlarinin daha da d\u00fc\u015fece\u011fini enerji y\u00f6netimi (Spf ekonimi) [&hellip;]","og_url":"https:\/\/avrupapress.com\/2020\/03\/25\/belcikada-kovid-19-enfeksiyonu-benzin-fiyatlarini-dusurdu\/","og_site_name":"AvrupaPress","article_published_time":"2020-03-25T21:19:12+00:00","article_modified_time":"2020-03-25T21:19:13+00:00","og_image":[{"width":640,"height":468,"url":"https:\/\/avrupapress.com\/wp-content\/uploads\/2020\/03\/S0-le-diesel-va-augmenter-les-associations-de-consommateurs-inquietes-162704.jpg","type":"image\/jpeg"}],"author":"Edit\u00f6r","twitter_card":"summary_large_image","twitter_misc":{"\u00c9crit par":"Edit\u00f6r","Dur\u00e9e de lecture est.":"1 minute"},"schema":{"@context":"https:\/\/schema.org","@graph":[{"@type":"Article","@id":"https:\/\/avrupapress.com\/2020\/03\/25\/belcikada-kovid-19-enfeksiyonu-benzin-fiyatlarini-dusurdu\/#article","isPartOf":{"@id":"https:\/\/avrupapress.com\/2020\/03\/25\/belcikada-kovid-19-enfeksiyonu-benzin-fiyatlarini-dusurdu\/"},"author":{"name":"Edit\u00f6r","@id":"https:\/\/avrupapress.com\/#\/schema\/person\/68428444ec60970d1e1b700cf4ca1e8f"},"headline":"Belcika&rsquo;da kovid-19 enfeksiyonu benzin fiyatlarini D\u00fcs\u00fcrd\u00fc","datePublished":"2020-03-25T21:19:12+00:00","dateModified":"2020-03-25T21:19:13+00:00","mainEntityOfPage":{"@id":"https:\/\/avrupapress.com\/2020\/03\/25\/belcikada-kovid-19-enfeksiyonu-benzin-fiyatlarini-dusurdu\/"},"wordCount":110,"publisher":{"@id":"https:\/\/avrupapress.com\/#\/schema\/person\/0223dca19c72c43575bf30d1a2d8f4fa"},"image":{"@id":"https:\/\/avrupapress.com\/2020\/03\/25\/belcikada-kovid-19-enfeksiyonu-benzin-fiyatlarini-dusurdu\/#primaryimage"},"thumbnailUrl":"https:\/\/avrupapress.com\/main\/wp-content\/uploads\/2020\/03\/S0-le-diesel-va-augmenter-les-associations-de-consommateurs-inquietes-162704.jpg","articleSection":["Avrupa","Bel\u00e7ika","D\u00fcnya","Ekonomi","K\u00fclt\u00fcr-Sanat","Spor","Tan\u0131t\u0131m","T\u00fcrkiye","Uncategorized"],"inLanguage":"fr-BE"},{"@type":"WebPage","@id":"https:\/\/avrupapress.com\/2020\/03\/25\/belcikada-kovid-19-enfeksiyonu-benzin-fiyatlarini-dusurdu\/","url":"https:\/\/avrupapress.com\/2020\/03\/25\/belcikada-kovid-19-enfeksiyonu-benzin-fiyatlarini-dusurdu\/","name":"Belcika'da kovid-19 enfeksiyonu benzin fiyatlarini D\u00fcs\u00fcrd\u00fc - AvrupaPress","isPartOf":{"@id":"https:\/\/avrupapress.com\/#website"},"primaryImageOfPage":{"@id":"https:\/\/avrupapress.com\/2020\/03\/25\/belcikada-kovid-19-enfeksiyonu-benzin-fiyatlarini-dusurdu\/#primaryimage"},"image":{"@id":"https:\/\/avrupapress.com\/2020\/03\/25\/belcikada-kovid-19-enfeksiyonu-benzin-fiyatlarini-dusurdu\/#primaryimage"},"thumbnailUrl":"https:\/\/avrupapress.com\/main\/wp-content\/uploads\/2020\/03\/S0-le-diesel-va-augmenter-les-associations-de-consommateurs-inquietes-162704.jpg","datePublished":"2020-03-25T21:19:12+00:00","dateModified":"2020-03-25T21:19:13+00:00","breadcrumb":{"@id":"https:\/\/avrupapress.com\/2020\/03\/25\/belcikada-kovid-19-enfeksiyonu-benzin-fiyatlarini-dusurdu\/#breadcrumb"},"inLanguage":"fr-BE","potentialAction":[{"@type":"ReadAction","target":["https:\/\/avrupapress.com\/2020\/03\/25\/belcikada-kovid-19-enfeksiyonu-benzin-fiyatlarini-dusurdu\/"]}]},{"@type":"ImageObject","inLanguage":"fr-BE","@id":"https:\/\/avrupapress.com\/2020\/03\/25\/belcikada-kovid-19-enfeksiyonu-benzin-fiyatlarini-dusurdu\/#primaryimage","url":"https:\/\/avrupapress.com\/main\/wp-content\/uploads\/2020\/03\/S0-le-diesel-va-augmenter-les-associations-de-consommateurs-inquietes-162704.jpg","contentUrl":"https:\/\/avrupapress.com\/main\/wp-content\/uploads\/2020\/03\/S0-le-diesel-va-augmenter-les-associations-de-consommateurs-inquietes-162704.jpg","width":640,"height":468},{"@type":"BreadcrumbList","@id":"https:\/\/avrupapress.com\/2020\/03\/25\/belcikada-kovid-19-enfeksiyonu-benzin-fiyatlarini-dusurdu\/#breadcrumb","itemListElement":[{"@type":"ListItem","position":1,"name":"Anasayfa","item":"https:\/\/avrupapress.com\/"},{"@type":"ListItem","position":2,"name":"Belcika&#8217;da kovid-19 enfeksiyonu benzin fiyatlarini D\u00fcs\u00fcrd\u00fc"}]},{"@type":"WebSite","@id":"https:\/\/avrupapress.com\/#website","url":"https:\/\/avrupapress.com\/","name":"AvrupaPress","description":"Haberin Adresi","publisher":{"@id":"https:\/\/avrupapress.com\/#\/schema\/person\/0223dca19c72c43575bf30d1a2d8f4fa"},"potentialAction":[{"@type":"SearchAction","target":{"@type":"EntryPoint","urlTemplate":"https:\/\/avrupapress.com\/?s={search_term_string}"},"query-input":{"@type":"PropertyValueSpecification","valueRequired":true,"valueName":"search_term_string"}}],"inLanguage":"fr-BE"},{"@type":["Person","Organization"],"@id":"https:\/\/avrupapress.com\/#\/schema\/person\/0223dca19c72c43575bf30d1a2d8f4fa","name":"Bilgin \u00d6z\u00e7ift\u00e7i","image":{"@type":"ImageObject","inLanguage":"fr-BE","@id":"https:\/\/avrupapress.com\/#\/schema\/person\/image\/","url":"https:\/\/secure.gravatar.com\/avatar\/0f23b280433a21e1ea7a0adcc46ed0ad16afe3ad8e630fd13d8a017dcbd54ef3?s=96&d=mm&r=g","contentUrl":"https:\/\/secure.gravatar.com\/avatar\/0f23b280433a21e1ea7a0adcc46ed0ad16afe3ad8e630fd13d8a017dcbd54ef3?s=96&d=mm&r=g","caption":"Bilgin \u00d6z\u00e7ift\u00e7i"},"logo":{"@id":"https:\/\/avrupapress.com\/#\/schema\/person\/image\/"},"description":"Ne ben, nede sen... Biz ancak \"biz\" olursak g\u00fc\u00e7l\u00fc olabiliriz"},{"@type":"Person","@id":"https:\/\/avrupapress.com\/#\/schema\/person\/68428444ec60970d1e1b700cf4ca1e8f","name":"Edit\u00f6r","image":{"@type":"ImageObject","inLanguage":"fr-BE","@id":"https:\/\/avrupapress.com\/#\/schema\/person\/image\/","url":"https:\/\/secure.gravatar.com\/avatar\/74996b0977aa5f1559ba9883776652508b229005c0d78fb2597897f0bd651c09?s=96&d=mm&r=g","contentUrl":"https:\/\/secure.gravatar.com\/avatar\/74996b0977aa5f1559ba9883776652508b229005c0d78fb2597897f0bd651c09?s=96&d=mm&r=g","caption":"Edit\u00f6r"},"sameAs":["http:\/\/www.avrupapress.com"],"url":"https:\/\/avrupapress.com\/main\/author\/editor\/"}]}},"_links":{"self":[{"href":"https:\/\/avrupapress.com\/main\/wp-json\/wp\/v2\/posts\/10998","targetHints":{"allow":["GET"]}}],"collection":[{"href":"https:\/\/avrupapress.com\/main\/wp-json\/wp\/v2\/posts"}],"about":[{"href":"https:\/\/avrupapress.com\/main\/wp-json\/wp\/v2\/types\/post"}],"author":[{"embeddable":true,"href":"https:\/\/avrupapress.com\/main\/wp-json\/wp\/v2\/users\/3"}],"replies":[{"embeddable":true,"href":"https:\/\/avrupapress.com\/main\/wp-json\/wp\/v2\/comments?post=10998"}],"version-history":[{"count":1,"href":"https:\/\/avrupapress.com\/main\/wp-json\/wp\/v2\/posts\/10998\/revisions"}],"predecessor-version":[{"id":11000,"href":"https:\/\/avrupapress.com\/main\/wp-json\/wp\/v2\/posts\/10998\/revisions\/11000"}],"wp:featuredmedia":[{"embeddable":true,"href":"https:\/\/avrupapress.com\/main\/wp-json\/wp\/v2\/media\/10999"}],"wp:attachment":[{"href":"https:\/\/avrupapress.com\/main\/wp-json\/wp\/v2\/media?parent=10998"}],"wp:term":[{"taxonomy":"category","embeddable":true,"href":"https:\/\/avrupapress.com\/main\/wp-json\/wp\/v2\/categories?post=10998"},{"taxonomy":"post_tag","embeddable":true,"href":"https:\/\/avrupapress.com\/main\/wp-json\/wp\/v2\/tags?post=10998"}],"curies":[{"name":"wp","href":"https:\/\/api.w.org\/{rel}","templated":true}]}}