{"id":10995,"date":"2020-03-25T17:34:18","date_gmt":"2020-03-25T17:34:18","guid":{"rendered":"http:\/\/avrupapress.com\/main\/?p=10995"},"modified":"2020-03-25T17:34:19","modified_gmt":"2020-03-25T17:34:19","slug":"turkiyede-egitime-30-nisana-kadar-okullara-verilen-ara-uzatildi","status":"publish","type":"post","link":"https:\/\/avrupapress.com\/main\/2020\/03\/25\/turkiyede-egitime-30-nisana-kadar-okullara-verilen-ara-uzatildi\/","title":{"rendered":"T\u00dcRK\u0130YE&rsquo;DE \u00a0\u00bbE\u011e\u0130T\u0130ME 30 N\u0130SAN&rsquo;A KADAR OKULLARA VER\u0130LEN ARA UZATILDI"},"content":{"rendered":"\n<p><strong>Milli E\u011fitim Bakan\u0131 Ziya Sel\u00e7uk, koronavir\u00fcs tedbirleri kapsam\u0131nda okullar\u0131n 30 Nisan&rsquo;a kadar tatil edildi\u011fini a\u00e7\u0131klad\u0131. Milli E\u011fitim Bakan\u0131 Sel\u00e7uk, \u00ab\u00a0Uzaktan e\u011fitim s\u00fcreci devam edecek. Her t\u00fcrl\u00fc senaryoya haz\u0131r\u0131z\u00a0\u00bb dedi.<\/strong> <strong>Milli E\u011fitim Bakan\u0131 Ziya Sel\u00e7uk<\/strong> <strong>Milli E\u011fitim Bakan\u0131 Ziya Sel\u00e7uk, koronavir\u00fcs tedbirleri kapsam\u0131nda okullar\u0131n 30 Nisan&rsquo;a kadar tatil edildi\u011fini a\u00e7\u0131klad\u0131. Milli E\u011fitim Bakan\u0131 Sel\u00e7uk, \u00ab\u00a0Uzaktan e\u011fitim s\u00fcreci devam edecek. Her t\u00fcrl\u00fc senaryoya haz\u0131r\u0131z\u00a0\u00bb dedi.<\/strong><\/p>\n\n\n\n<p> Ankara&rsquo;da saat 13.30&rsquo;da ba\u015flayan &lsquo;e\u011fitim&rsquo; konulu Koronavir\u00fcs Bilim Kurulu toplant\u0131s\u0131n\u0131n ard\u0131ndan Milli E\u011fitim Bakan\u0131 Ziya Sel\u00e7uk ve Sa\u011fl\u0131k Bakan\u0131 Fahrettin Koca a\u00e7\u0131klamalarda bulundu. <\/p>\n\n\n\n<p>Milli E\u011fitim Bakan\u0131 Ziya Sel\u00e7uk, Cumhurba\u015fkan\u0131 Recep Tayyip Erdo\u011fan ba\u015fkanl\u0131\u011f\u0131nda yap\u0131lan Koronavir\u00fcs Bilim Kurulu toplant\u0131s\u0131 sonras\u0131 Sa\u011fl\u0131k Bakan\u0131 Fahrettin Koca ile ortak bir bas\u0131n a\u00e7\u0131klamas\u0131 ger\u00e7ekle\u015ftirdi. Yeni tip korona vir\u00fcs\u00fcn (Covid-19) e\u011fitim \u00fczerindeki etkilerini a\u00e7\u0131klayan Bakan Sel\u00e7uk, uzaktan e\u011fitim s\u00fcrecinin 30 Nisan&rsquo;a kadar uzat\u0131laca\u011f\u0131n\u0131 a\u00e7\u0131klad\u0131.<\/p>\n\n\n\n<h3 class=\"wp-block-heading\">\u00ab\u00a0SOSYAL HAYAT ASGAR\u0130YE \u0130ND\u0130R\u0130LMEL\u0130\u00a0\u00bb<\/h3>\n\n\n\n<p>Koronavir\u00fcsle ilgili uyar\u0131larda bulunan Sa\u011fl\u0131k Bakan\u0131 Fahrettin Koca, \u00a0\u00bbGaziantep, Erzurum, Konya, \u0130zmir, Kahramanmara\u015f, Eski\u015fehir, Edirne, Sinop&#8230; aziz milettim \u015fehir \u015fehir ev ev T\u00fcrkiye&#8230; Bu vir\u00fcs d\u00fcnyay\u0131 tehdit ediyor. Bu hastal\u0131\u011fa kar\u015f\u0131 elimizde g\u00fc\u00e7l\u00fc bir koz var. O da yakalanmamak. Corona vir\u00fcs kar\u015f\u0131s\u0131nda ise biz irade sahibiyiz. D\u0131\u015far\u0131 \u00e7\u0131k\u0131p \u00e7\u0131kmamak konusunda irade sahibiyiz. Verdi\u011fimiz m\u00fccadelenin ba\u015far\u0131s\u0131 tek tek bireylere ba\u011fl\u0131d\u0131r. Devlet burada yapt\u0131r\u0131m uygulayan k\u0131lavuzdur. Hi\u00e7bir hekim vir\u00fcs\u00fcn size bula\u015fmas\u0131n\u0131 \u00f6nleyemez. Bunu siz \u00f6nleyebilirsiniz. \u0130nsan say\u0131s\u0131n\u0131n artt\u0131\u011f\u0131 her ortam riskin artt\u0131\u011f\u0131 ortamd\u0131r. Sevgili gen\u00e7ler risk alt\u0131na giriyorsunuz. Belki hasta olmuyorsunuz ama ta\u015f\u0131y\u0131c\u0131 oluyorsunuz. Hastal\u0131\u011fa hatta daha b\u00fcy\u00fck ac\u0131lara arac\u0131l\u0131k etmeyin. Ya\u015f\u0131 b\u00fcy\u00fck olanlara ise, vir\u00fcs ya\u015f ay\u0131r\u0131m\u0131 yapm\u0131yor. Dikkatli olmal\u0131s\u0131n\u0131z. Sosyal hayat\u0131n\u0131 asgari d\u00fczeye indirmelisiniz. Telefon sohbetlerinizi daha uzun tutabilirsiniz. \u00c7ocuklar\u0131m\u0131z i\u00e7in ise art\u0131k oyunlar\u0131 evde oynuyoruz, d\u0131\u015far\u0131 \u00e7\u0131kmak yok. Bir misafir gelirse sar\u0131lmak yok. Sevgimizi sayg\u0131m\u0131z\u0131 uzaktan g\u00f6steriyoruz.<\/p>\n\n\n\n<h3 class=\"wp-block-heading\">\u00a0\u00bbE\u011e\u0130T\u0130ME VER\u0130LEN ARA UZATILACAK\u00a0\u00bb<\/h3>\n\n\n\n<p>Corona vir\u00fcs nedeniyle okullar\u0131m\u0131z tatile girdi y\u00f6n\u00fcnde alg\u0131 yanl\u0131\u015ft\u0131r. Biz sadece ara verdik. E\u011fitim bir s\u00fcreli\u011fine internet \u00fczerinden veriliyor. Uygulamay\u0131 l\u00fctfen tatil olarak g\u00f6rmeyin. E\u011fitime verilen ara uzat\u0131lacak.<\/p>\n\n\n\n<h3 class=\"wp-block-heading\">T\u00dcRK\u0130YE&rsquo;DE VAKA B\u0130LG\u0130LERE D\u0130J\u0130TAL ORTAMA YANSIYACAK<\/h3>\n\n\n\n<p>\u00d6zellikle herg\u00fcn vaka sonu\u00e7lar\u0131n\u0131 bildirmeye \u00e7al\u0131\u015f\u0131yoruz. Bundan sonraki s\u00fcre\u00e7te b\u00fct\u00fcn detaylar\u0131 dijital ortam herg\u00fcn g\u00fcncelleyerek payla\u015faca\u011f\u0131z.<\/p>\n\n\n\n<figure class=\"wp-block-image\"><img decoding=\"async\" src=\"https:\/\/foto.haberler.com\/haber\/2020\/03\/25\/son-dakika-okullara-verilen-ara-30-nisan-a-kadar-13053581_6826_m.jpg\" alt=\"\"\/><\/figure>\n\n\n\n<h3 class=\"wp-block-heading\">2 HASTA \u0130Y\u0130LE\u015eEREK TABURCU ED\u0130LD\u0130<\/h3>\n\n\n\n<p>\u00d6zellikle erken d\u00f6nemde ilk vakalar\u0131m\u0131zdan olan iki hastam\u0131z\u0131n bilgisini vermek istiyorum. 65 ya\u015f\u0131nda bir erkek hastam\u0131z taburcu oldu. Di\u011feri 60 ya\u015f\u0131nda ba\u015fka bir erkek hastam\u0131z taburcu oldular. 7 g\u00fcn sonra taburcu oldu. Toplam 26 hastam\u0131z iyile\u015fti.<\/p>\n\n\n\n<h3 class=\"wp-block-heading\">E\u011e\u0130T\u0130ME 30 N\u0130SAN&rsquo;A KADAR ARA VER\u0130LD\u0130<\/h3>\n\n\n\n<p>Okullara verilen aran\u0131n uzat\u0131ld\u0131\u011f\u0131n\u0131 a\u00e7\u0131klayan Ziya Sel\u00e7uk, \u00a0\u00bbTelevizyon yoluyla bir uzaktan e\u011fitime ba\u015flad\u0131k. Uzaktan e\u011fitim k\u0131sm\u0131 d\u0131\u015f\u0131nda da telafi \u00e7al\u0131\u015fmalar\u0131 ba\u015fayacak. Telafinin ne zaman nas\u0131l ola\u011f\u0131 da Bilim Kurulu&rsquo;nun \u00f6nerileri do\u011frultusunda olacak. E\u011fitimde elbette kay\u0131plar olacak.Biz her t\u00fcrl\u00fc senaryoya da haz\u0131r\u0131z. \u00d6n\u00fcm\u00fczdeki ara s\u00fcrecini 30 Nisan tarihine kadar uzatt\u0131k.\u00a0\u00bb dedi.<\/p>\n\n\n\n<p>Sel\u00e7uk s\u00f6zlerini \u015f\u00f6yle s\u00fcrd\u00fcrd\u00fc:<\/p>\n\n\n\n<p>\u00c7ocuklar\u0131n ruhsal sa\u011fl\u0131\u011f\u0131 da \u00e7ok \u00f6nemli, bizim televizyon yoluyla ula\u015fmaya \u00e7al\u0131\u015ft\u0131\u011f\u0131m\u0131z i\u00e7eriklerde \u00e7al\u0131\u015fmalar\u0131m\u0131z artacak. Bug\u00fcnk\u00fc \u00e7al\u0131\u015fmalardan dolay\u0131 b\u00fct\u00fcn heyetlere te\u015fekk\u00fcr ederim. Gereken her t\u00fcrl\u00fc tedbirin al\u0131naca\u011f\u0131n\u0131 ifade etmek isterim.<\/p>\n\n\n\n<h3 class=\"wp-block-heading\">\u00dcCRETL\u0130 \u00d6\u011eRETMENLER\u0130N DURUMU<\/h3>\n\n\n\n<p>\u00dccretli \u00f6\u011fretmenler konusundaki mevcut mevzuat derse giren \u00f6\u011fretmenlerimizin \u00fccretini almas\u0131 konusunda \u00e7ok a\u00e7\u0131k, bizim telafi e\u011fitim olarak planlad\u0131\u011f\u0131m\u0131z b\u00fct\u00fcn e\u011fitim \u00e7al\u0131\u015fmalar\u0131nda derslerimizi \u00fccretli \u00f6\u011fretmenlerimizin girmesi s\u00f6z konusu olacak. Mevzuat ve teknik \u00e7al\u0131\u015fmalar devam ediyor.<\/p>\n\n\n\n<h3 class=\"wp-block-heading\">SOKA\u011eA \u00c7IKMA YASA\u011eI OLACAK MI?<\/h3>\n\n\n\n<p>Sa\u011fl\u0131k Bakan\u0131 Koca \u00a0\u00bbsoka\u011fa \u00e7\u0131kma yasa\u011f\u0131 uygulanacak m\u0131\u00a0\u00bb y\u00f6n\u00fcndeki soruya, \u00a0\u00bbHerkesin kendi OHAL&rsquo;ini kendince uygulamas\u0131n\u0131 s\u00f6yledim. Burada Bilim Kurulu&rsquo;nda konu\u015ftu\u011fumuz, \u00f6zellikle kontroll\u00fc ya\u015fam daha nas\u0131l olabilir konusunda da bir \u00e7al\u0131\u015fma olacak\u00a0\u00bb ifadelerini kulland\u0131.<\/p>\n\n\n\n<h3 class=\"wp-block-heading\">LGS SINAVI ERTELENECEK M\u0130?<\/h3>\n\n\n\n<p>Ziya Sel\u00e7uk s\u0131navlar\u0131n ertelenmesine y\u00f6nelik olarak y\u00f6netilen soruya, \u00a0\u00bbLGS&rsquo;nin nas\u0131l yap\u0131laca\u011f\u0131na do\u011fru 3 plan var \u00f6n\u00fcm\u00fczde. En asgari d\u00fczeydeki tedbirlerimizi de alaca\u011f\u0131z. Sadece y\u00fcz y\u00fcze g\u00f6rd\u00fcklerini konulardan s\u0131nava gireceklerini de zaten s\u00f6ylemi\u015ftik\u00a0\u00bb dedi.<\/p>\n\n\n\n<h3 class=\"wp-block-heading\">K\u0130MLERE TEST YAPILMALI?<\/h3>\n\n\n\n<p>Bakan Koca, \u00a0\u00bb83 milyonun test yapt\u0131rmas\u0131na gerek yok. \u00c7\u00fcnk\u00fc negatif olabilir. Ama 3 g\u00fcn sonra 5 g\u00fcn sonra da pozitif \u00e7\u0131kabilir. Herkes kendisini vir\u00fcs ta\u015f\u0131y\u0131c\u0131 olarak g\u00f6rmeli ve \u00f6yle davranmal\u0131. O nedenledir ki biz 14 g\u00fcnl\u00fck zaman dilimini \u00f6nemsiyoruz. Kimler yapt\u0131rmal\u0131, insanlar d\u00fcn bir hastanemizde kuyruklar olu\u015fturdu. Bunlar gerekli de\u011fil. Ancak hekim uygun g\u00f6r\u00fcrse yapt\u0131rmal\u0131y\u0131z. \u0130kincisi birisi pozitif \u00e7\u0131kt\u0131ysa ve temas ettiyse yapt\u0131rmal\u0131.\u00a0\u00bb \u015feklinde konu\u015ftu.<\/p>\n\n\n\n<h3 class=\"wp-block-heading\">\u00d6ZEL OKUL \u00dcCRETLER\u0130<\/h3>\n\n\n\n<p>\u00d6zel okullara ili\u015fkin soruya Ziya Sel\u00e7uk, \u00a0\u00bbBu konu uzun soluklu bir konu. Ve telafisi yap\u0131lacak bir husus. Tamamlayacak ve telafi edilecek bir e\u011fitim bu. Bu konuda s\u0131k\u0131nt\u0131 \u00e7\u0131kaca\u011f\u0131n\u0131 d\u00fc\u015f\u00fcnm\u00fcyorum.\u00a0\u00bb dedi.<\/p>\n\n\n\n<p>\u00d6zelde \u00fccret konusunda test yap\u0131ld\u0131\u011f\u0131 y\u00f6n\u00fcndeki soruya Bakan Koca, \u00a0\u00bbHi\u00e7bir test \u00fccret ile yap\u0131ls\u0131n istemiyoruz. \u00dcniversite hastanelerimiz dahil olmak \u00fczere biz bakanl\u0131k olarak veriyoruz. Asla vatanda\u015f\u0131m\u0131zdan \u00fccret almama noktas\u0131nda da gayret i\u00e7indeyiz. Biz izni vak\u0131f \u00fcniversitelerine de verdik. Ve \u00fccretle test yapanlardan da bizim haberimiz olsun.\u00a0\u00bb<\/p>\n\n\n\n<h3 class=\"wp-block-heading\">\u00a0\u00bbV\u0130R\u00dcS AN\u0130DEN D\u00dc\u015eMEN\u0130ZE NEDEN OLMAZ\u00a0\u00bb<\/h3>\n\n\n\n<p>Sosyal medyada bay\u0131lan vs gibi g\u00f6r\u00fcnt\u00fcler servis edildi. Biz bu hastal\u0131\u011f\u0131 \u015f\u00f6yle biliyoruz, \u00f6ncelikle solunum s\u0131k\u0131nt\u0131s\u0131 ile ba\u015flayan bir s\u00fcre\u00e7. An\u0131nda d\u00fc\u015fme ile an\u0131nda kaybedilme ile sonu\u00e7lanabilir bir seyirle gitmiyor. Ve bunlara asla inanmay\u0131n.<\/p>\n\n\n\n<p><strong>Bilgin Ozcifci \/ AVRUPAPRESS<\/strong><\/p>\n","protected":false},"excerpt":{"rendered":"<p>Milli E\u011fitim Bakan\u0131 Ziya Sel\u00e7uk, koronavir\u00fcs tedbirleri kapsam\u0131nda okullar\u0131n 30 Nisan&rsquo;a kadar tatil edildi\u011fini a\u00e7\u0131klad\u0131. Milli E\u011fitim Bakan\u0131 Sel\u00e7uk, \u00ab\u00a0Uzaktan e\u011fitim s\u00fcreci devam edecek. Her t\u00fcrl\u00fc senaryoya haz\u0131r\u0131z\u00a0\u00bb dedi. Milli E\u011fitim Bakan\u0131 Ziya Sel\u00e7uk Milli E\u011fitim Bakan\u0131 Ziya Sel\u00e7uk, koronavir\u00fcs tedbirleri kapsam\u0131nda okullar\u0131n 30 Nisan&rsquo;a kadar tatil edildi\u011fini a\u00e7\u0131klad\u0131. Milli E\u011fitim Bakan\u0131 Sel\u00e7uk, \u00ab\u00a0Uzaktan e\u011fitim [&hellip;]<\/p>\n","protected":false},"author":3,"featured_media":10996,"comment_status":"closed","ping_status":"open","sticky":false,"template":"","format":"standard","meta":{"footnotes":""},"categories":[14,16,3,17,18,15,19,2,1],"tags":[],"class_list":["post-10995","post","type-post","status-publish","format-standard","has-post-thumbnail","hentry","category-avrupa","category-belcika","category-dunya","category-ekonomi","category-kultur-sanat","category-spor","category-tanitim","category-turkiye","category-uncategorized"],"yoast_head":"<!-- This site is optimized with the Yoast SEO plugin v26.9 - https:\/\/yoast.com\/product\/yoast-seo-wordpress\/ -->\n<title>T\u00dcRK\u0130YE&#039;DE &#039;&#039;E\u011e\u0130T\u0130ME 30 N\u0130SAN&#039;A KADAR OKULLARA VER\u0130LEN ARA UZATILDI - AvrupaPress<\/title>\n<meta name=\"robots\" content=\"index, follow, max-snippet:-1, max-image-preview:large, max-video-preview:-1\" \/>\n<link rel=\"canonical\" href=\"https:\/\/avrupapress.com\/2020\/03\/25\/turkiyede-egitime-30-nisana-kadar-okullara-verilen-ara-uzatildi\/\" \/>\n<meta property=\"og:locale\" content=\"fr_FR\" \/>\n<meta property=\"og:type\" content=\"article\" \/>\n<meta property=\"og:title\" content=\"T\u00dcRK\u0130YE&#039;DE &#039;&#039;E\u011e\u0130T\u0130ME 30 N\u0130SAN&#039;A KADAR OKULLARA VER\u0130LEN ARA UZATILDI - AvrupaPress\" \/>\n<meta property=\"og:description\" content=\"Milli E\u011fitim Bakan\u0131 Ziya Sel\u00e7uk, koronavir\u00fcs tedbirleri kapsam\u0131nda okullar\u0131n 30 Nisan&rsquo;a kadar tatil edildi\u011fini a\u00e7\u0131klad\u0131. Milli E\u011fitim Bakan\u0131 Sel\u00e7uk, \u00ab\u00a0Uzaktan e\u011fitim s\u00fcreci devam edecek. Her t\u00fcrl\u00fc senaryoya haz\u0131r\u0131z\u00a0\u00bb dedi. Milli E\u011fitim Bakan\u0131 Ziya Sel\u00e7uk Milli E\u011fitim Bakan\u0131 Ziya Sel\u00e7uk, koronavir\u00fcs tedbirleri kapsam\u0131nda okullar\u0131n 30 Nisan&rsquo;a kadar tatil edildi\u011fini a\u00e7\u0131klad\u0131. Milli E\u011fitim Bakan\u0131 Sel\u00e7uk, \u00ab\u00a0Uzaktan e\u011fitim [&hellip;]\" \/>\n<meta property=\"og:url\" content=\"https:\/\/avrupapress.com\/2020\/03\/25\/turkiyede-egitime-30-nisana-kadar-okullara-verilen-ara-uzatildi\/\" \/>\n<meta property=\"og:site_name\" content=\"AvrupaPress\" \/>\n<meta property=\"article:published_time\" content=\"2020-03-25T17:34:18+00:00\" \/>\n<meta property=\"article:modified_time\" content=\"2020-03-25T17:34:19+00:00\" \/>\n<meta property=\"og:image\" content=\"https:\/\/avrupapress.com\/wp-content\/uploads\/2020\/03\/2297869_810x458.jpg\" \/>\n\t<meta property=\"og:image:width\" content=\"810\" \/>\n\t<meta property=\"og:image:height\" content=\"458\" \/>\n\t<meta property=\"og:image:type\" content=\"image\/jpeg\" \/>\n<meta name=\"author\" content=\"Edit\u00f6r\" \/>\n<meta name=\"twitter:card\" content=\"summary_large_image\" \/>\n<meta name=\"twitter:label1\" content=\"\u00c9crit par\" \/>\n\t<meta name=\"twitter:data1\" content=\"Edit\u00f6r\" \/>\n\t<meta name=\"twitter:label2\" content=\"Dur\u00e9e de lecture est.\" \/>\n\t<meta name=\"twitter:data2\" content=\"5 minutes\" \/>\n<script type=\"application\/ld+json\" class=\"yoast-schema-graph\">{\"@context\":\"https:\/\/schema.org\",\"@graph\":[{\"@type\":\"Article\",\"@id\":\"https:\/\/avrupapress.com\/2020\/03\/25\/turkiyede-egitime-30-nisana-kadar-okullara-verilen-ara-uzatildi\/#article\",\"isPartOf\":{\"@id\":\"https:\/\/avrupapress.com\/2020\/03\/25\/turkiyede-egitime-30-nisana-kadar-okullara-verilen-ara-uzatildi\/\"},\"author\":{\"name\":\"Edit\u00f6r\",\"@id\":\"https:\/\/avrupapress.com\/#\/schema\/person\/68428444ec60970d1e1b700cf4ca1e8f\"},\"headline\":\"T\u00dcRK\u0130YE&rsquo;DE \u00a0\u00bbE\u011e\u0130T\u0130ME 30 N\u0130SAN&rsquo;A KADAR OKULLARA VER\u0130LEN ARA UZATILDI\",\"datePublished\":\"2020-03-25T17:34:18+00:00\",\"dateModified\":\"2020-03-25T17:34:19+00:00\",\"mainEntityOfPage\":{\"@id\":\"https:\/\/avrupapress.com\/2020\/03\/25\/turkiyede-egitime-30-nisana-kadar-okullara-verilen-ara-uzatildi\/\"},\"wordCount\":1106,\"publisher\":{\"@id\":\"https:\/\/avrupapress.com\/#\/schema\/person\/0223dca19c72c43575bf30d1a2d8f4fa\"},\"image\":{\"@id\":\"https:\/\/avrupapress.com\/2020\/03\/25\/turkiyede-egitime-30-nisana-kadar-okullara-verilen-ara-uzatildi\/#primaryimage\"},\"thumbnailUrl\":\"https:\/\/avrupapress.com\/main\/wp-content\/uploads\/2020\/03\/2297869_810x458.jpg\",\"articleSection\":[\"Avrupa\",\"Bel\u00e7ika\",\"D\u00fcnya\",\"Ekonomi\",\"K\u00fclt\u00fcr-Sanat\",\"Spor\",\"Tan\u0131t\u0131m\",\"T\u00fcrkiye\",\"Uncategorized\"],\"inLanguage\":\"fr-BE\"},{\"@type\":\"WebPage\",\"@id\":\"https:\/\/avrupapress.com\/2020\/03\/25\/turkiyede-egitime-30-nisana-kadar-okullara-verilen-ara-uzatildi\/\",\"url\":\"https:\/\/avrupapress.com\/2020\/03\/25\/turkiyede-egitime-30-nisana-kadar-okullara-verilen-ara-uzatildi\/\",\"name\":\"T\u00dcRK\u0130YE'DE ''E\u011e\u0130T\u0130ME 30 N\u0130SAN'A KADAR OKULLARA VER\u0130LEN ARA UZATILDI - AvrupaPress\",\"isPartOf\":{\"@id\":\"https:\/\/avrupapress.com\/#website\"},\"primaryImageOfPage\":{\"@id\":\"https:\/\/avrupapress.com\/2020\/03\/25\/turkiyede-egitime-30-nisana-kadar-okullara-verilen-ara-uzatildi\/#primaryimage\"},\"image\":{\"@id\":\"https:\/\/avrupapress.com\/2020\/03\/25\/turkiyede-egitime-30-nisana-kadar-okullara-verilen-ara-uzatildi\/#primaryimage\"},\"thumbnailUrl\":\"https:\/\/avrupapress.com\/main\/wp-content\/uploads\/2020\/03\/2297869_810x458.jpg\",\"datePublished\":\"2020-03-25T17:34:18+00:00\",\"dateModified\":\"2020-03-25T17:34:19+00:00\",\"breadcrumb\":{\"@id\":\"https:\/\/avrupapress.com\/2020\/03\/25\/turkiyede-egitime-30-nisana-kadar-okullara-verilen-ara-uzatildi\/#breadcrumb\"},\"inLanguage\":\"fr-BE\",\"potentialAction\":[{\"@type\":\"ReadAction\",\"target\":[\"https:\/\/avrupapress.com\/2020\/03\/25\/turkiyede-egitime-30-nisana-kadar-okullara-verilen-ara-uzatildi\/\"]}]},{\"@type\":\"ImageObject\",\"inLanguage\":\"fr-BE\",\"@id\":\"https:\/\/avrupapress.com\/2020\/03\/25\/turkiyede-egitime-30-nisana-kadar-okullara-verilen-ara-uzatildi\/#primaryimage\",\"url\":\"https:\/\/avrupapress.com\/main\/wp-content\/uploads\/2020\/03\/2297869_810x458.jpg\",\"contentUrl\":\"https:\/\/avrupapress.com\/main\/wp-content\/uploads\/2020\/03\/2297869_810x458.jpg\",\"width\":810,\"height\":458},{\"@type\":\"BreadcrumbList\",\"@id\":\"https:\/\/avrupapress.com\/2020\/03\/25\/turkiyede-egitime-30-nisana-kadar-okullara-verilen-ara-uzatildi\/#breadcrumb\",\"itemListElement\":[{\"@type\":\"ListItem\",\"position\":1,\"name\":\"Anasayfa\",\"item\":\"https:\/\/avrupapress.com\/\"},{\"@type\":\"ListItem\",\"position\":2,\"name\":\"T\u00dcRK\u0130YE&#8217;DE &#8221;E\u011e\u0130T\u0130ME 30 N\u0130SAN&#8217;A KADAR OKULLARA VER\u0130LEN ARA UZATILDI\"}]},{\"@type\":\"WebSite\",\"@id\":\"https:\/\/avrupapress.com\/#website\",\"url\":\"https:\/\/avrupapress.com\/\",\"name\":\"AvrupaPress\",\"description\":\"Haberin Adresi\",\"publisher\":{\"@id\":\"https:\/\/avrupapress.com\/#\/schema\/person\/0223dca19c72c43575bf30d1a2d8f4fa\"},\"potentialAction\":[{\"@type\":\"SearchAction\",\"target\":{\"@type\":\"EntryPoint\",\"urlTemplate\":\"https:\/\/avrupapress.com\/?s={search_term_string}\"},\"query-input\":{\"@type\":\"PropertyValueSpecification\",\"valueRequired\":true,\"valueName\":\"search_term_string\"}}],\"inLanguage\":\"fr-BE\"},{\"@type\":[\"Person\",\"Organization\"],\"@id\":\"https:\/\/avrupapress.com\/#\/schema\/person\/0223dca19c72c43575bf30d1a2d8f4fa\",\"name\":\"Bilgin \u00d6z\u00e7ift\u00e7i\",\"image\":{\"@type\":\"ImageObject\",\"inLanguage\":\"fr-BE\",\"@id\":\"https:\/\/avrupapress.com\/#\/schema\/person\/image\/\",\"url\":\"https:\/\/secure.gravatar.com\/avatar\/0f23b280433a21e1ea7a0adcc46ed0ad16afe3ad8e630fd13d8a017dcbd54ef3?s=96&d=mm&r=g\",\"contentUrl\":\"https:\/\/secure.gravatar.com\/avatar\/0f23b280433a21e1ea7a0adcc46ed0ad16afe3ad8e630fd13d8a017dcbd54ef3?s=96&d=mm&r=g\",\"caption\":\"Bilgin \u00d6z\u00e7ift\u00e7i\"},\"logo\":{\"@id\":\"https:\/\/avrupapress.com\/#\/schema\/person\/image\/\"},\"description\":\"Ne ben, nede sen... Biz ancak \\\"biz\\\" olursak g\u00fc\u00e7l\u00fc olabiliriz\"},{\"@type\":\"Person\",\"@id\":\"https:\/\/avrupapress.com\/#\/schema\/person\/68428444ec60970d1e1b700cf4ca1e8f\",\"name\":\"Edit\u00f6r\",\"image\":{\"@type\":\"ImageObject\",\"inLanguage\":\"fr-BE\",\"@id\":\"https:\/\/avrupapress.com\/#\/schema\/person\/image\/\",\"url\":\"https:\/\/secure.gravatar.com\/avatar\/74996b0977aa5f1559ba9883776652508b229005c0d78fb2597897f0bd651c09?s=96&d=mm&r=g\",\"contentUrl\":\"https:\/\/secure.gravatar.com\/avatar\/74996b0977aa5f1559ba9883776652508b229005c0d78fb2597897f0bd651c09?s=96&d=mm&r=g\",\"caption\":\"Edit\u00f6r\"},\"sameAs\":[\"http:\/\/www.avrupapress.com\"],\"url\":\"https:\/\/avrupapress.com\/main\/author\/editor\/\"}]}<\/script>\n<!-- \/ Yoast SEO plugin. -->","yoast_head_json":{"title":"T\u00dcRK\u0130YE'DE ''E\u011e\u0130T\u0130ME 30 N\u0130SAN'A KADAR OKULLARA VER\u0130LEN ARA UZATILDI - AvrupaPress","robots":{"index":"index","follow":"follow","max-snippet":"max-snippet:-1","max-image-preview":"max-image-preview:large","max-video-preview":"max-video-preview:-1"},"canonical":"https:\/\/avrupapress.com\/2020\/03\/25\/turkiyede-egitime-30-nisana-kadar-okullara-verilen-ara-uzatildi\/","og_locale":"fr_FR","og_type":"article","og_title":"T\u00dcRK\u0130YE'DE ''E\u011e\u0130T\u0130ME 30 N\u0130SAN'A KADAR OKULLARA VER\u0130LEN ARA UZATILDI - AvrupaPress","og_description":"Milli E\u011fitim Bakan\u0131 Ziya Sel\u00e7uk, koronavir\u00fcs tedbirleri kapsam\u0131nda okullar\u0131n 30 Nisan&rsquo;a kadar tatil edildi\u011fini a\u00e7\u0131klad\u0131. Milli E\u011fitim Bakan\u0131 Sel\u00e7uk, \u00ab\u00a0Uzaktan e\u011fitim s\u00fcreci devam edecek. Her t\u00fcrl\u00fc senaryoya haz\u0131r\u0131z\u00a0\u00bb dedi. Milli E\u011fitim Bakan\u0131 Ziya Sel\u00e7uk Milli E\u011fitim Bakan\u0131 Ziya Sel\u00e7uk, koronavir\u00fcs tedbirleri kapsam\u0131nda okullar\u0131n 30 Nisan&rsquo;a kadar tatil edildi\u011fini a\u00e7\u0131klad\u0131. Milli E\u011fitim Bakan\u0131 Sel\u00e7uk, \u00ab\u00a0Uzaktan e\u011fitim [&hellip;]","og_url":"https:\/\/avrupapress.com\/2020\/03\/25\/turkiyede-egitime-30-nisana-kadar-okullara-verilen-ara-uzatildi\/","og_site_name":"AvrupaPress","article_published_time":"2020-03-25T17:34:18+00:00","article_modified_time":"2020-03-25T17:34:19+00:00","og_image":[{"width":810,"height":458,"url":"https:\/\/avrupapress.com\/wp-content\/uploads\/2020\/03\/2297869_810x458.jpg","type":"image\/jpeg"}],"author":"Edit\u00f6r","twitter_card":"summary_large_image","twitter_misc":{"\u00c9crit par":"Edit\u00f6r","Dur\u00e9e de lecture est.":"5 minutes"},"schema":{"@context":"https:\/\/schema.org","@graph":[{"@type":"Article","@id":"https:\/\/avrupapress.com\/2020\/03\/25\/turkiyede-egitime-30-nisana-kadar-okullara-verilen-ara-uzatildi\/#article","isPartOf":{"@id":"https:\/\/avrupapress.com\/2020\/03\/25\/turkiyede-egitime-30-nisana-kadar-okullara-verilen-ara-uzatildi\/"},"author":{"name":"Edit\u00f6r","@id":"https:\/\/avrupapress.com\/#\/schema\/person\/68428444ec60970d1e1b700cf4ca1e8f"},"headline":"T\u00dcRK\u0130YE&rsquo;DE \u00a0\u00bbE\u011e\u0130T\u0130ME 30 N\u0130SAN&rsquo;A KADAR OKULLARA VER\u0130LEN ARA UZATILDI","datePublished":"2020-03-25T17:34:18+00:00","dateModified":"2020-03-25T17:34:19+00:00","mainEntityOfPage":{"@id":"https:\/\/avrupapress.com\/2020\/03\/25\/turkiyede-egitime-30-nisana-kadar-okullara-verilen-ara-uzatildi\/"},"wordCount":1106,"publisher":{"@id":"https:\/\/avrupapress.com\/#\/schema\/person\/0223dca19c72c43575bf30d1a2d8f4fa"},"image":{"@id":"https:\/\/avrupapress.com\/2020\/03\/25\/turkiyede-egitime-30-nisana-kadar-okullara-verilen-ara-uzatildi\/#primaryimage"},"thumbnailUrl":"https:\/\/avrupapress.com\/main\/wp-content\/uploads\/2020\/03\/2297869_810x458.jpg","articleSection":["Avrupa","Bel\u00e7ika","D\u00fcnya","Ekonomi","K\u00fclt\u00fcr-Sanat","Spor","Tan\u0131t\u0131m","T\u00fcrkiye","Uncategorized"],"inLanguage":"fr-BE"},{"@type":"WebPage","@id":"https:\/\/avrupapress.com\/2020\/03\/25\/turkiyede-egitime-30-nisana-kadar-okullara-verilen-ara-uzatildi\/","url":"https:\/\/avrupapress.com\/2020\/03\/25\/turkiyede-egitime-30-nisana-kadar-okullara-verilen-ara-uzatildi\/","name":"T\u00dcRK\u0130YE'DE ''E\u011e\u0130T\u0130ME 30 N\u0130SAN'A KADAR OKULLARA VER\u0130LEN ARA UZATILDI - AvrupaPress","isPartOf":{"@id":"https:\/\/avrupapress.com\/#website"},"primaryImageOfPage":{"@id":"https:\/\/avrupapress.com\/2020\/03\/25\/turkiyede-egitime-30-nisana-kadar-okullara-verilen-ara-uzatildi\/#primaryimage"},"image":{"@id":"https:\/\/avrupapress.com\/2020\/03\/25\/turkiyede-egitime-30-nisana-kadar-okullara-verilen-ara-uzatildi\/#primaryimage"},"thumbnailUrl":"https:\/\/avrupapress.com\/main\/wp-content\/uploads\/2020\/03\/2297869_810x458.jpg","datePublished":"2020-03-25T17:34:18+00:00","dateModified":"2020-03-25T17:34:19+00:00","breadcrumb":{"@id":"https:\/\/avrupapress.com\/2020\/03\/25\/turkiyede-egitime-30-nisana-kadar-okullara-verilen-ara-uzatildi\/#breadcrumb"},"inLanguage":"fr-BE","potentialAction":[{"@type":"ReadAction","target":["https:\/\/avrupapress.com\/2020\/03\/25\/turkiyede-egitime-30-nisana-kadar-okullara-verilen-ara-uzatildi\/"]}]},{"@type":"ImageObject","inLanguage":"fr-BE","@id":"https:\/\/avrupapress.com\/2020\/03\/25\/turkiyede-egitime-30-nisana-kadar-okullara-verilen-ara-uzatildi\/#primaryimage","url":"https:\/\/avrupapress.com\/main\/wp-content\/uploads\/2020\/03\/2297869_810x458.jpg","contentUrl":"https:\/\/avrupapress.com\/main\/wp-content\/uploads\/2020\/03\/2297869_810x458.jpg","width":810,"height":458},{"@type":"BreadcrumbList","@id":"https:\/\/avrupapress.com\/2020\/03\/25\/turkiyede-egitime-30-nisana-kadar-okullara-verilen-ara-uzatildi\/#breadcrumb","itemListElement":[{"@type":"ListItem","position":1,"name":"Anasayfa","item":"https:\/\/avrupapress.com\/"},{"@type":"ListItem","position":2,"name":"T\u00dcRK\u0130YE&#8217;DE &#8221;E\u011e\u0130T\u0130ME 30 N\u0130SAN&#8217;A KADAR OKULLARA VER\u0130LEN ARA UZATILDI"}]},{"@type":"WebSite","@id":"https:\/\/avrupapress.com\/#website","url":"https:\/\/avrupapress.com\/","name":"AvrupaPress","description":"Haberin Adresi","publisher":{"@id":"https:\/\/avrupapress.com\/#\/schema\/person\/0223dca19c72c43575bf30d1a2d8f4fa"},"potentialAction":[{"@type":"SearchAction","target":{"@type":"EntryPoint","urlTemplate":"https:\/\/avrupapress.com\/?s={search_term_string}"},"query-input":{"@type":"PropertyValueSpecification","valueRequired":true,"valueName":"search_term_string"}}],"inLanguage":"fr-BE"},{"@type":["Person","Organization"],"@id":"https:\/\/avrupapress.com\/#\/schema\/person\/0223dca19c72c43575bf30d1a2d8f4fa","name":"Bilgin \u00d6z\u00e7ift\u00e7i","image":{"@type":"ImageObject","inLanguage":"fr-BE","@id":"https:\/\/avrupapress.com\/#\/schema\/person\/image\/","url":"https:\/\/secure.gravatar.com\/avatar\/0f23b280433a21e1ea7a0adcc46ed0ad16afe3ad8e630fd13d8a017dcbd54ef3?s=96&d=mm&r=g","contentUrl":"https:\/\/secure.gravatar.com\/avatar\/0f23b280433a21e1ea7a0adcc46ed0ad16afe3ad8e630fd13d8a017dcbd54ef3?s=96&d=mm&r=g","caption":"Bilgin \u00d6z\u00e7ift\u00e7i"},"logo":{"@id":"https:\/\/avrupapress.com\/#\/schema\/person\/image\/"},"description":"Ne ben, nede sen... Biz ancak \"biz\" olursak g\u00fc\u00e7l\u00fc olabiliriz"},{"@type":"Person","@id":"https:\/\/avrupapress.com\/#\/schema\/person\/68428444ec60970d1e1b700cf4ca1e8f","name":"Edit\u00f6r","image":{"@type":"ImageObject","inLanguage":"fr-BE","@id":"https:\/\/avrupapress.com\/#\/schema\/person\/image\/","url":"https:\/\/secure.gravatar.com\/avatar\/74996b0977aa5f1559ba9883776652508b229005c0d78fb2597897f0bd651c09?s=96&d=mm&r=g","contentUrl":"https:\/\/secure.gravatar.com\/avatar\/74996b0977aa5f1559ba9883776652508b229005c0d78fb2597897f0bd651c09?s=96&d=mm&r=g","caption":"Edit\u00f6r"},"sameAs":["http:\/\/www.avrupapress.com"],"url":"https:\/\/avrupapress.com\/main\/author\/editor\/"}]}},"_links":{"self":[{"href":"https:\/\/avrupapress.com\/main\/wp-json\/wp\/v2\/posts\/10995","targetHints":{"allow":["GET"]}}],"collection":[{"href":"https:\/\/avrupapress.com\/main\/wp-json\/wp\/v2\/posts"}],"about":[{"href":"https:\/\/avrupapress.com\/main\/wp-json\/wp\/v2\/types\/post"}],"author":[{"embeddable":true,"href":"https:\/\/avrupapress.com\/main\/wp-json\/wp\/v2\/users\/3"}],"replies":[{"embeddable":true,"href":"https:\/\/avrupapress.com\/main\/wp-json\/wp\/v2\/comments?post=10995"}],"version-history":[{"count":1,"href":"https:\/\/avrupapress.com\/main\/wp-json\/wp\/v2\/posts\/10995\/revisions"}],"predecessor-version":[{"id":10997,"href":"https:\/\/avrupapress.com\/main\/wp-json\/wp\/v2\/posts\/10995\/revisions\/10997"}],"wp:featuredmedia":[{"embeddable":true,"href":"https:\/\/avrupapress.com\/main\/wp-json\/wp\/v2\/media\/10996"}],"wp:attachment":[{"href":"https:\/\/avrupapress.com\/main\/wp-json\/wp\/v2\/media?parent=10995"}],"wp:term":[{"taxonomy":"category","embeddable":true,"href":"https:\/\/avrupapress.com\/main\/wp-json\/wp\/v2\/categories?post=10995"},{"taxonomy":"post_tag","embeddable":true,"href":"https:\/\/avrupapress.com\/main\/wp-json\/wp\/v2\/tags?post=10995"}],"curies":[{"name":"wp","href":"https:\/\/api.w.org\/{rel}","templated":true}]}}