{"id":10974,"date":"2020-03-25T13:32:18","date_gmt":"2020-03-25T13:32:18","guid":{"rendered":"http:\/\/avrupapress.com\/main\/?p=10974"},"modified":"2020-03-25T15:39:07","modified_gmt":"2020-03-25T15:39:07","slug":"belcikada-yasayan-turk-vatandaslarimiz-corona-kurbani-oldular","status":"publish","type":"post","link":"https:\/\/avrupapress.com\/main\/2020\/03\/25\/belcikada-yasayan-turk-vatandaslarimiz-corona-kurbani-oldular\/","title":{"rendered":"Bel\u00e7ika\u2019da yasayan 4 T\u00fcrk vatanda\u015flar\u0131m\u0131z Corona kurban\u0131 oldular!"},"content":{"rendered":"\n<p>Bel\u00e7ika\u2019da Corona viris\u00fc salg\u0131n\u0131 ile ilgili tedbirler kararl\u0131l\u0131kla s\u00fcrd\u00fcr\u00fcl\u00fcyor. \u00d6zellikle vatanda\u015flar\u0131n sa\u011fl\u0131klar\u0131 i\u00e7in t\u00fcm imkanlar seferber edilirken, ba\u015fta \u00e7al\u0131\u015fanlar olmak \u00fczere, emekliler, i\u015f sahipleri ve di\u011fer alanlarda da iyile\u015ftirme ve \u00f6teleme \u00e7al\u0131\u015fmalar\u0131na a\u011f\u0131rl\u0131k veriliyor..<br>Corona Vir\u00fcs\u00fc(Covid 19) salg\u0131n\u0131 ile ilgili olarak \u00fclkede hayat\u0131n\u0131 kaybeden A\u011fr\u0131l\u0131 \u0130smet Onur(74), Erzincanl\u0131 Elif Sar\u0131y\u0131ld\u0131z\u2019a(59) bu sabah 80 ya\u015f\u0131ndaki Posoflu Nuriye Aydemir ile&nbsp; 51 Ya\u015f\u0131ndaki Emirda\u011fl\u0131 Y\u0131lmaz Ta\u015fp\u0131nar\u2019da(22 Mart 20202) eklendi..<br>Nuriye Aydemir\u2019in Anvers, Y\u0131lmaz Ta\u015fp\u0131nar\u2019\u0131n ise Br\u00fcksel\u2019de tedavi g\u00f6rd\u00fc\u011f\u00fc hastanede Corona te\u015fhisi ile hayat\u0131n\u0131 kaybetti\u011fi \u00f6\u011frenildi.( Y\u0131lmaz Ta\u015fp\u0131nar\u2019\u0131n \u00f6l\u00fcm nedeni olarak Corana vir\u00fcs\u00fc te\u015fhisi kondu)<br>Allah gani, gani rahmet eylesin..Ailesi ve yak\u0131nlar\u0131n\u0131n ba\u015f\u0131 sa\u011folsun!<\/p>\n\n\n\n<p><strong>BEL\u00c7\u0130KA\u2019DA DURUM<\/strong><br>Bel\u00e7ika\u2019da an itibari ile&nbsp; 434 yeni corona vakas\u0131 tespit edilirken, corona\u2019dan \u00f6lenlerin say\u0131s\u0131 da 178\u2019e y\u00fckseldi. Hastanelerde tedavi g\u00f6renlerin say\u0131s\u0131 da&nbsp; 2 Bin 308 olarak a\u00e7\u0131kland\u0131. 115 Ki\u015finin de hastanelerden tedavi edilerek evlerine g\u00f6nderildi\u011fi belirtildi. Halen Flaman b\u00f6lgesinde 429,Walon b\u00f6lgesinde 176 ve Br\u00fcksel b\u00f6lgesinde de 57 ki\u015finin hastal\u0131k nedeni ile hastanelere ba\u015fvurdu\u011fu belirtildi..<\/p>\n\n\n\n<p><strong>B\u00dcY\u00dcKEL\u00c7\u0130 G\u00d6R\u00dcNT\u00dcL\u00dc MESAJ YAYIMLADI<\/strong><br>\u00d6te yandan T\u00fcrkiye Cumhuriyeti Br\u00fcksel B\u00fcy\u00fckel\u00e7isi Dr. Hasan Ulusoy,vatanda\u015flara evlerinde kalmalar\u0131 yolunda g\u00f6r\u00fcnt\u00fcl\u00fc \u00e7a\u011fr\u0131da bulunarak ,\u00f6nemli hususlar\u0131n alt\u0131n\u0131 \u00e7izdi ve herkese sa\u011fl\u0131kl\u0131 g\u00fcnler diledi.<\/p>\n\n\n\n<p><strong>Bilgin Ozcifci \/ AVRUPAPRESS<\/strong><\/p>\n\n\n\n<p>.<\/p>\n","protected":false},"excerpt":{"rendered":"<p>Bel\u00e7ika\u2019da Corona viris\u00fc salg\u0131n\u0131 ile ilgili tedbirler kararl\u0131l\u0131kla s\u00fcrd\u00fcr\u00fcl\u00fcyor. \u00d6zellikle vatanda\u015flar\u0131n sa\u011fl\u0131klar\u0131 i\u00e7in t\u00fcm imkanlar seferber edilirken, ba\u015fta \u00e7al\u0131\u015fanlar olmak \u00fczere, emekliler, i\u015f sahipleri ve di\u011fer alanlarda da iyile\u015ftirme ve \u00f6teleme \u00e7al\u0131\u015fmalar\u0131na a\u011f\u0131rl\u0131k veriliyor..Corona Vir\u00fcs\u00fc(Covid 19) salg\u0131n\u0131 ile ilgili olarak \u00fclkede hayat\u0131n\u0131 kaybeden A\u011fr\u0131l\u0131 \u0130smet Onur(74), Erzincanl\u0131 Elif Sar\u0131y\u0131ld\u0131z\u2019a(59) bu sabah 80 ya\u015f\u0131ndaki Posoflu Nuriye [&hellip;]<\/p>\n","protected":false},"author":3,"featured_media":10979,"comment_status":"closed","ping_status":"open","sticky":false,"template":"","format":"standard","meta":{"footnotes":""},"categories":[14,16,3,17,18,15,19,2,1],"tags":[5148],"class_list":["post-10974","post","type-post","status-publish","format-standard","has-post-thumbnail","hentry","category-avrupa","category-belcika","category-dunya","category-ekonomi","category-kultur-sanat","category-spor","category-tanitim","category-turkiye","category-uncategorized","tag-belcikada-yasayan-turk-vatandaslarimiz-corona-kurbani-oldular"],"yoast_head":"<!-- This site is optimized with the Yoast SEO plugin v26.9 - https:\/\/yoast.com\/product\/yoast-seo-wordpress\/ -->\n<title>Bel\u00e7ika\u2019da yasayan 4 T\u00fcrk vatanda\u015flar\u0131m\u0131z Corona kurban\u0131 oldular! - AvrupaPress<\/title>\n<meta name=\"robots\" content=\"index, follow, max-snippet:-1, max-image-preview:large, max-video-preview:-1\" \/>\n<link rel=\"canonical\" href=\"https:\/\/avrupapress.com\/2020\/03\/25\/belcikada-yasayan-turk-vatandaslarimiz-corona-kurbani-oldular\/\" \/>\n<meta property=\"og:locale\" content=\"fr_FR\" \/>\n<meta property=\"og:type\" content=\"article\" \/>\n<meta property=\"og:title\" content=\"Bel\u00e7ika\u2019da yasayan 4 T\u00fcrk vatanda\u015flar\u0131m\u0131z Corona kurban\u0131 oldular! - AvrupaPress\" \/>\n<meta property=\"og:description\" content=\"Bel\u00e7ika\u2019da Corona viris\u00fc salg\u0131n\u0131 ile ilgili tedbirler kararl\u0131l\u0131kla s\u00fcrd\u00fcr\u00fcl\u00fcyor. \u00d6zellikle vatanda\u015flar\u0131n sa\u011fl\u0131klar\u0131 i\u00e7in t\u00fcm imkanlar seferber edilirken, ba\u015fta \u00e7al\u0131\u015fanlar olmak \u00fczere, emekliler, i\u015f sahipleri ve di\u011fer alanlarda da iyile\u015ftirme ve \u00f6teleme \u00e7al\u0131\u015fmalar\u0131na a\u011f\u0131rl\u0131k veriliyor..Corona Vir\u00fcs\u00fc(Covid 19) salg\u0131n\u0131 ile ilgili olarak \u00fclkede hayat\u0131n\u0131 kaybeden A\u011fr\u0131l\u0131 \u0130smet Onur(74), Erzincanl\u0131 Elif Sar\u0131y\u0131ld\u0131z\u2019a(59) bu sabah 80 ya\u015f\u0131ndaki Posoflu Nuriye [&hellip;]\" \/>\n<meta property=\"og:url\" content=\"https:\/\/avrupapress.com\/2020\/03\/25\/belcikada-yasayan-turk-vatandaslarimiz-corona-kurbani-oldular\/\" \/>\n<meta property=\"og:site_name\" content=\"AvrupaPress\" \/>\n<meta property=\"article:published_time\" content=\"2020-03-25T13:32:18+00:00\" \/>\n<meta property=\"article:modified_time\" content=\"2020-03-25T15:39:07+00:00\" \/>\n<meta property=\"og:image\" content=\"https:\/\/avrupapress.com\/wp-content\/uploads\/2020\/03\/harita.jpg\" \/>\n\t<meta property=\"og:image:width\" content=\"292\" \/>\n\t<meta property=\"og:image:height\" content=\"164\" \/>\n\t<meta property=\"og:image:type\" content=\"image\/jpeg\" \/>\n<meta name=\"author\" content=\"Edit\u00f6r\" \/>\n<meta name=\"twitter:card\" content=\"summary_large_image\" \/>\n<meta name=\"twitter:label1\" content=\"\u00c9crit par\" \/>\n\t<meta name=\"twitter:data1\" content=\"Edit\u00f6r\" \/>\n\t<meta name=\"twitter:label2\" content=\"Dur\u00e9e de lecture est.\" \/>\n\t<meta name=\"twitter:data2\" content=\"1 minute\" \/>\n<script type=\"application\/ld+json\" class=\"yoast-schema-graph\">{\"@context\":\"https:\/\/schema.org\",\"@graph\":[{\"@type\":\"Article\",\"@id\":\"https:\/\/avrupapress.com\/2020\/03\/25\/belcikada-yasayan-turk-vatandaslarimiz-corona-kurbani-oldular\/#article\",\"isPartOf\":{\"@id\":\"https:\/\/avrupapress.com\/2020\/03\/25\/belcikada-yasayan-turk-vatandaslarimiz-corona-kurbani-oldular\/\"},\"author\":{\"name\":\"Edit\u00f6r\",\"@id\":\"https:\/\/avrupapress.com\/#\/schema\/person\/68428444ec60970d1e1b700cf4ca1e8f\"},\"headline\":\"Bel\u00e7ika\u2019da yasayan 4 T\u00fcrk vatanda\u015flar\u0131m\u0131z Corona kurban\u0131 oldular!\",\"datePublished\":\"2020-03-25T13:32:18+00:00\",\"dateModified\":\"2020-03-25T15:39:07+00:00\",\"mainEntityOfPage\":{\"@id\":\"https:\/\/avrupapress.com\/2020\/03\/25\/belcikada-yasayan-turk-vatandaslarimiz-corona-kurbani-oldular\/\"},\"wordCount\":298,\"publisher\":{\"@id\":\"https:\/\/avrupapress.com\/#\/schema\/person\/0223dca19c72c43575bf30d1a2d8f4fa\"},\"image\":{\"@id\":\"https:\/\/avrupapress.com\/2020\/03\/25\/belcikada-yasayan-turk-vatandaslarimiz-corona-kurbani-oldular\/#primaryimage\"},\"thumbnailUrl\":\"https:\/\/avrupapress.com\/main\/wp-content\/uploads\/2020\/03\/harita.jpg\",\"keywords\":[\"Bel\u00e7ika\u2019da yasayan T\u00fcrk vatanda\u015flar\u0131m\u0131z Corona kurban\u0131 oldular!\"],\"articleSection\":[\"Avrupa\",\"Bel\u00e7ika\",\"D\u00fcnya\",\"Ekonomi\",\"K\u00fclt\u00fcr-Sanat\",\"Spor\",\"Tan\u0131t\u0131m\",\"T\u00fcrkiye\",\"Uncategorized\"],\"inLanguage\":\"fr-BE\"},{\"@type\":\"WebPage\",\"@id\":\"https:\/\/avrupapress.com\/2020\/03\/25\/belcikada-yasayan-turk-vatandaslarimiz-corona-kurbani-oldular\/\",\"url\":\"https:\/\/avrupapress.com\/2020\/03\/25\/belcikada-yasayan-turk-vatandaslarimiz-corona-kurbani-oldular\/\",\"name\":\"Bel\u00e7ika\u2019da yasayan 4 T\u00fcrk vatanda\u015flar\u0131m\u0131z Corona kurban\u0131 oldular! - AvrupaPress\",\"isPartOf\":{\"@id\":\"https:\/\/avrupapress.com\/#website\"},\"primaryImageOfPage\":{\"@id\":\"https:\/\/avrupapress.com\/2020\/03\/25\/belcikada-yasayan-turk-vatandaslarimiz-corona-kurbani-oldular\/#primaryimage\"},\"image\":{\"@id\":\"https:\/\/avrupapress.com\/2020\/03\/25\/belcikada-yasayan-turk-vatandaslarimiz-corona-kurbani-oldular\/#primaryimage\"},\"thumbnailUrl\":\"https:\/\/avrupapress.com\/main\/wp-content\/uploads\/2020\/03\/harita.jpg\",\"datePublished\":\"2020-03-25T13:32:18+00:00\",\"dateModified\":\"2020-03-25T15:39:07+00:00\",\"breadcrumb\":{\"@id\":\"https:\/\/avrupapress.com\/2020\/03\/25\/belcikada-yasayan-turk-vatandaslarimiz-corona-kurbani-oldular\/#breadcrumb\"},\"inLanguage\":\"fr-BE\",\"potentialAction\":[{\"@type\":\"ReadAction\",\"target\":[\"https:\/\/avrupapress.com\/2020\/03\/25\/belcikada-yasayan-turk-vatandaslarimiz-corona-kurbani-oldular\/\"]}]},{\"@type\":\"ImageObject\",\"inLanguage\":\"fr-BE\",\"@id\":\"https:\/\/avrupapress.com\/2020\/03\/25\/belcikada-yasayan-turk-vatandaslarimiz-corona-kurbani-oldular\/#primaryimage\",\"url\":\"https:\/\/avrupapress.com\/main\/wp-content\/uploads\/2020\/03\/harita.jpg\",\"contentUrl\":\"https:\/\/avrupapress.com\/main\/wp-content\/uploads\/2020\/03\/harita.jpg\",\"width\":292,\"height\":164},{\"@type\":\"BreadcrumbList\",\"@id\":\"https:\/\/avrupapress.com\/2020\/03\/25\/belcikada-yasayan-turk-vatandaslarimiz-corona-kurbani-oldular\/#breadcrumb\",\"itemListElement\":[{\"@type\":\"ListItem\",\"position\":1,\"name\":\"Anasayfa\",\"item\":\"https:\/\/avrupapress.com\/\"},{\"@type\":\"ListItem\",\"position\":2,\"name\":\"Bel\u00e7ika\u2019da yasayan 4 T\u00fcrk vatanda\u015flar\u0131m\u0131z Corona kurban\u0131 oldular!\"}]},{\"@type\":\"WebSite\",\"@id\":\"https:\/\/avrupapress.com\/#website\",\"url\":\"https:\/\/avrupapress.com\/\",\"name\":\"AvrupaPress\",\"description\":\"Haberin Adresi\",\"publisher\":{\"@id\":\"https:\/\/avrupapress.com\/#\/schema\/person\/0223dca19c72c43575bf30d1a2d8f4fa\"},\"potentialAction\":[{\"@type\":\"SearchAction\",\"target\":{\"@type\":\"EntryPoint\",\"urlTemplate\":\"https:\/\/avrupapress.com\/?s={search_term_string}\"},\"query-input\":{\"@type\":\"PropertyValueSpecification\",\"valueRequired\":true,\"valueName\":\"search_term_string\"}}],\"inLanguage\":\"fr-BE\"},{\"@type\":[\"Person\",\"Organization\"],\"@id\":\"https:\/\/avrupapress.com\/#\/schema\/person\/0223dca19c72c43575bf30d1a2d8f4fa\",\"name\":\"Bilgin \u00d6z\u00e7ift\u00e7i\",\"image\":{\"@type\":\"ImageObject\",\"inLanguage\":\"fr-BE\",\"@id\":\"https:\/\/avrupapress.com\/#\/schema\/person\/image\/\",\"url\":\"https:\/\/secure.gravatar.com\/avatar\/0f23b280433a21e1ea7a0adcc46ed0ad16afe3ad8e630fd13d8a017dcbd54ef3?s=96&d=mm&r=g\",\"contentUrl\":\"https:\/\/secure.gravatar.com\/avatar\/0f23b280433a21e1ea7a0adcc46ed0ad16afe3ad8e630fd13d8a017dcbd54ef3?s=96&d=mm&r=g\",\"caption\":\"Bilgin \u00d6z\u00e7ift\u00e7i\"},\"logo\":{\"@id\":\"https:\/\/avrupapress.com\/#\/schema\/person\/image\/\"},\"description\":\"Ne ben, nede sen... Biz ancak \\\"biz\\\" olursak g\u00fc\u00e7l\u00fc olabiliriz\"},{\"@type\":\"Person\",\"@id\":\"https:\/\/avrupapress.com\/#\/schema\/person\/68428444ec60970d1e1b700cf4ca1e8f\",\"name\":\"Edit\u00f6r\",\"image\":{\"@type\":\"ImageObject\",\"inLanguage\":\"fr-BE\",\"@id\":\"https:\/\/avrupapress.com\/#\/schema\/person\/image\/\",\"url\":\"https:\/\/secure.gravatar.com\/avatar\/74996b0977aa5f1559ba9883776652508b229005c0d78fb2597897f0bd651c09?s=96&d=mm&r=g\",\"contentUrl\":\"https:\/\/secure.gravatar.com\/avatar\/74996b0977aa5f1559ba9883776652508b229005c0d78fb2597897f0bd651c09?s=96&d=mm&r=g\",\"caption\":\"Edit\u00f6r\"},\"sameAs\":[\"http:\/\/www.avrupapress.com\"],\"url\":\"https:\/\/avrupapress.com\/main\/author\/editor\/\"}]}<\/script>\n<!-- \/ Yoast SEO plugin. -->","yoast_head_json":{"title":"Bel\u00e7ika\u2019da yasayan 4 T\u00fcrk vatanda\u015flar\u0131m\u0131z Corona kurban\u0131 oldular! - AvrupaPress","robots":{"index":"index","follow":"follow","max-snippet":"max-snippet:-1","max-image-preview":"max-image-preview:large","max-video-preview":"max-video-preview:-1"},"canonical":"https:\/\/avrupapress.com\/2020\/03\/25\/belcikada-yasayan-turk-vatandaslarimiz-corona-kurbani-oldular\/","og_locale":"fr_FR","og_type":"article","og_title":"Bel\u00e7ika\u2019da yasayan 4 T\u00fcrk vatanda\u015flar\u0131m\u0131z Corona kurban\u0131 oldular! - AvrupaPress","og_description":"Bel\u00e7ika\u2019da Corona viris\u00fc salg\u0131n\u0131 ile ilgili tedbirler kararl\u0131l\u0131kla s\u00fcrd\u00fcr\u00fcl\u00fcyor. \u00d6zellikle vatanda\u015flar\u0131n sa\u011fl\u0131klar\u0131 i\u00e7in t\u00fcm imkanlar seferber edilirken, ba\u015fta \u00e7al\u0131\u015fanlar olmak \u00fczere, emekliler, i\u015f sahipleri ve di\u011fer alanlarda da iyile\u015ftirme ve \u00f6teleme \u00e7al\u0131\u015fmalar\u0131na a\u011f\u0131rl\u0131k veriliyor..Corona Vir\u00fcs\u00fc(Covid 19) salg\u0131n\u0131 ile ilgili olarak \u00fclkede hayat\u0131n\u0131 kaybeden A\u011fr\u0131l\u0131 \u0130smet Onur(74), Erzincanl\u0131 Elif Sar\u0131y\u0131ld\u0131z\u2019a(59) bu sabah 80 ya\u015f\u0131ndaki Posoflu Nuriye [&hellip;]","og_url":"https:\/\/avrupapress.com\/2020\/03\/25\/belcikada-yasayan-turk-vatandaslarimiz-corona-kurbani-oldular\/","og_site_name":"AvrupaPress","article_published_time":"2020-03-25T13:32:18+00:00","article_modified_time":"2020-03-25T15:39:07+00:00","og_image":[{"width":292,"height":164,"url":"https:\/\/avrupapress.com\/wp-content\/uploads\/2020\/03\/harita.jpg","type":"image\/jpeg"}],"author":"Edit\u00f6r","twitter_card":"summary_large_image","twitter_misc":{"\u00c9crit par":"Edit\u00f6r","Dur\u00e9e de lecture est.":"1 minute"},"schema":{"@context":"https:\/\/schema.org","@graph":[{"@type":"Article","@id":"https:\/\/avrupapress.com\/2020\/03\/25\/belcikada-yasayan-turk-vatandaslarimiz-corona-kurbani-oldular\/#article","isPartOf":{"@id":"https:\/\/avrupapress.com\/2020\/03\/25\/belcikada-yasayan-turk-vatandaslarimiz-corona-kurbani-oldular\/"},"author":{"name":"Edit\u00f6r","@id":"https:\/\/avrupapress.com\/#\/schema\/person\/68428444ec60970d1e1b700cf4ca1e8f"},"headline":"Bel\u00e7ika\u2019da yasayan 4 T\u00fcrk vatanda\u015flar\u0131m\u0131z Corona kurban\u0131 oldular!","datePublished":"2020-03-25T13:32:18+00:00","dateModified":"2020-03-25T15:39:07+00:00","mainEntityOfPage":{"@id":"https:\/\/avrupapress.com\/2020\/03\/25\/belcikada-yasayan-turk-vatandaslarimiz-corona-kurbani-oldular\/"},"wordCount":298,"publisher":{"@id":"https:\/\/avrupapress.com\/#\/schema\/person\/0223dca19c72c43575bf30d1a2d8f4fa"},"image":{"@id":"https:\/\/avrupapress.com\/2020\/03\/25\/belcikada-yasayan-turk-vatandaslarimiz-corona-kurbani-oldular\/#primaryimage"},"thumbnailUrl":"https:\/\/avrupapress.com\/main\/wp-content\/uploads\/2020\/03\/harita.jpg","keywords":["Bel\u00e7ika\u2019da yasayan T\u00fcrk vatanda\u015flar\u0131m\u0131z Corona kurban\u0131 oldular!"],"articleSection":["Avrupa","Bel\u00e7ika","D\u00fcnya","Ekonomi","K\u00fclt\u00fcr-Sanat","Spor","Tan\u0131t\u0131m","T\u00fcrkiye","Uncategorized"],"inLanguage":"fr-BE"},{"@type":"WebPage","@id":"https:\/\/avrupapress.com\/2020\/03\/25\/belcikada-yasayan-turk-vatandaslarimiz-corona-kurbani-oldular\/","url":"https:\/\/avrupapress.com\/2020\/03\/25\/belcikada-yasayan-turk-vatandaslarimiz-corona-kurbani-oldular\/","name":"Bel\u00e7ika\u2019da yasayan 4 T\u00fcrk vatanda\u015flar\u0131m\u0131z Corona kurban\u0131 oldular! - AvrupaPress","isPartOf":{"@id":"https:\/\/avrupapress.com\/#website"},"primaryImageOfPage":{"@id":"https:\/\/avrupapress.com\/2020\/03\/25\/belcikada-yasayan-turk-vatandaslarimiz-corona-kurbani-oldular\/#primaryimage"},"image":{"@id":"https:\/\/avrupapress.com\/2020\/03\/25\/belcikada-yasayan-turk-vatandaslarimiz-corona-kurbani-oldular\/#primaryimage"},"thumbnailUrl":"https:\/\/avrupapress.com\/main\/wp-content\/uploads\/2020\/03\/harita.jpg","datePublished":"2020-03-25T13:32:18+00:00","dateModified":"2020-03-25T15:39:07+00:00","breadcrumb":{"@id":"https:\/\/avrupapress.com\/2020\/03\/25\/belcikada-yasayan-turk-vatandaslarimiz-corona-kurbani-oldular\/#breadcrumb"},"inLanguage":"fr-BE","potentialAction":[{"@type":"ReadAction","target":["https:\/\/avrupapress.com\/2020\/03\/25\/belcikada-yasayan-turk-vatandaslarimiz-corona-kurbani-oldular\/"]}]},{"@type":"ImageObject","inLanguage":"fr-BE","@id":"https:\/\/avrupapress.com\/2020\/03\/25\/belcikada-yasayan-turk-vatandaslarimiz-corona-kurbani-oldular\/#primaryimage","url":"https:\/\/avrupapress.com\/main\/wp-content\/uploads\/2020\/03\/harita.jpg","contentUrl":"https:\/\/avrupapress.com\/main\/wp-content\/uploads\/2020\/03\/harita.jpg","width":292,"height":164},{"@type":"BreadcrumbList","@id":"https:\/\/avrupapress.com\/2020\/03\/25\/belcikada-yasayan-turk-vatandaslarimiz-corona-kurbani-oldular\/#breadcrumb","itemListElement":[{"@type":"ListItem","position":1,"name":"Anasayfa","item":"https:\/\/avrupapress.com\/"},{"@type":"ListItem","position":2,"name":"Bel\u00e7ika\u2019da yasayan 4 T\u00fcrk vatanda\u015flar\u0131m\u0131z Corona kurban\u0131 oldular!"}]},{"@type":"WebSite","@id":"https:\/\/avrupapress.com\/#website","url":"https:\/\/avrupapress.com\/","name":"AvrupaPress","description":"Haberin Adresi","publisher":{"@id":"https:\/\/avrupapress.com\/#\/schema\/person\/0223dca19c72c43575bf30d1a2d8f4fa"},"potentialAction":[{"@type":"SearchAction","target":{"@type":"EntryPoint","urlTemplate":"https:\/\/avrupapress.com\/?s={search_term_string}"},"query-input":{"@type":"PropertyValueSpecification","valueRequired":true,"valueName":"search_term_string"}}],"inLanguage":"fr-BE"},{"@type":["Person","Organization"],"@id":"https:\/\/avrupapress.com\/#\/schema\/person\/0223dca19c72c43575bf30d1a2d8f4fa","name":"Bilgin \u00d6z\u00e7ift\u00e7i","image":{"@type":"ImageObject","inLanguage":"fr-BE","@id":"https:\/\/avrupapress.com\/#\/schema\/person\/image\/","url":"https:\/\/secure.gravatar.com\/avatar\/0f23b280433a21e1ea7a0adcc46ed0ad16afe3ad8e630fd13d8a017dcbd54ef3?s=96&d=mm&r=g","contentUrl":"https:\/\/secure.gravatar.com\/avatar\/0f23b280433a21e1ea7a0adcc46ed0ad16afe3ad8e630fd13d8a017dcbd54ef3?s=96&d=mm&r=g","caption":"Bilgin \u00d6z\u00e7ift\u00e7i"},"logo":{"@id":"https:\/\/avrupapress.com\/#\/schema\/person\/image\/"},"description":"Ne ben, nede sen... Biz ancak \"biz\" olursak g\u00fc\u00e7l\u00fc olabiliriz"},{"@type":"Person","@id":"https:\/\/avrupapress.com\/#\/schema\/person\/68428444ec60970d1e1b700cf4ca1e8f","name":"Edit\u00f6r","image":{"@type":"ImageObject","inLanguage":"fr-BE","@id":"https:\/\/avrupapress.com\/#\/schema\/person\/image\/","url":"https:\/\/secure.gravatar.com\/avatar\/74996b0977aa5f1559ba9883776652508b229005c0d78fb2597897f0bd651c09?s=96&d=mm&r=g","contentUrl":"https:\/\/secure.gravatar.com\/avatar\/74996b0977aa5f1559ba9883776652508b229005c0d78fb2597897f0bd651c09?s=96&d=mm&r=g","caption":"Edit\u00f6r"},"sameAs":["http:\/\/www.avrupapress.com"],"url":"https:\/\/avrupapress.com\/main\/author\/editor\/"}]}},"_links":{"self":[{"href":"https:\/\/avrupapress.com\/main\/wp-json\/wp\/v2\/posts\/10974","targetHints":{"allow":["GET"]}}],"collection":[{"href":"https:\/\/avrupapress.com\/main\/wp-json\/wp\/v2\/posts"}],"about":[{"href":"https:\/\/avrupapress.com\/main\/wp-json\/wp\/v2\/types\/post"}],"author":[{"embeddable":true,"href":"https:\/\/avrupapress.com\/main\/wp-json\/wp\/v2\/users\/3"}],"replies":[{"embeddable":true,"href":"https:\/\/avrupapress.com\/main\/wp-json\/wp\/v2\/comments?post=10974"}],"version-history":[{"count":2,"href":"https:\/\/avrupapress.com\/main\/wp-json\/wp\/v2\/posts\/10974\/revisions"}],"predecessor-version":[{"id":10977,"href":"https:\/\/avrupapress.com\/main\/wp-json\/wp\/v2\/posts\/10974\/revisions\/10977"}],"wp:featuredmedia":[{"embeddable":true,"href":"https:\/\/avrupapress.com\/main\/wp-json\/wp\/v2\/media\/10979"}],"wp:attachment":[{"href":"https:\/\/avrupapress.com\/main\/wp-json\/wp\/v2\/media?parent=10974"}],"wp:term":[{"taxonomy":"category","embeddable":true,"href":"https:\/\/avrupapress.com\/main\/wp-json\/wp\/v2\/categories?post=10974"},{"taxonomy":"post_tag","embeddable":true,"href":"https:\/\/avrupapress.com\/main\/wp-json\/wp\/v2\/tags?post=10974"}],"curies":[{"name":"wp","href":"https:\/\/api.w.org\/{rel}","templated":true}]}}