{"id":10972,"date":"2020-03-25T12:55:56","date_gmt":"2020-03-25T12:55:56","guid":{"rendered":"http:\/\/avrupapress.com\/main\/?p=10972"},"modified":"2020-03-25T12:55:58","modified_gmt":"2020-03-25T12:55:58","slug":"belcikada-636-yeni-vaka-sayisi-178-can-kaybi-toplam4937-vaka","status":"publish","type":"post","link":"https:\/\/avrupapress.com\/main\/2020\/03\/25\/belcikada-636-yeni-vaka-sayisi-178-can-kaybi-toplam4937-vaka\/","title":{"rendered":"belcikada 636 yeni vaka sayisi 178 can kaybi toplam4937 vaka"},"content":{"rendered":"\n<p> Covid-19 nedeniyle Pazartesi g\u00fcn\u00fc 34 \u00f6l\u00fcm daha meydana gelerek \u00f6l\u00fc say\u0131s\u0131 178&rsquo;ye y\u00fckseldi. <\/p>\n\n\n\n<p>\u0130\u00e7i\u015fleri Kriz Merkezi&rsquo;nden g\u00fcnl\u00fck haber konferans\u0131nda haber do\u011fruland\u0131. 526 Yeni teyit edilmi\u015f enfeksiyon ile birlikte toplam hasta say\u0131s\u0131 4.937&rsquo;dur. <\/p>\n\n\n\n<p>Flaman b\u00f6lgesinde 381, Wallonia&rsquo;da 87, Br\u00fcksel&rsquo;de 38 yeni korona vakas\u0131 var. Di\u011fer 20 vakan\u0131n ikametleri hakk\u0131nda kamu sa\u011fl\u0131k hizmetlerinde bilgi yok. 256 Yeni hasta hastaneye kald\u0131r\u0131l\u0131rken, 60 ki\u015finin hastaneden ayr\u0131lmas\u0131na izin verildi. <\/p>\n\n\n\n<p>Toplam 1,859 ki\u015fi hastanede tedavi g\u00f6r\u00fcyor. 59 yeni hasta yo\u011fun bak\u0131ma yat\u0131r\u0131larak toplam yo\u011fun bak\u0131m hastas\u0131 381&rsquo;e ula\u015ft\u0131. 43 Hasta eklenerek solunum cihaz\u0131nda ki hasta say\u0131s\u0131 282 oldu.<\/p>\n\n\n\n<p> Sciensano&rsquo;dan Steven Van Gucht, \u00ab\u00a0\u00d6l\u00fcm rakamlar\u0131 g\u00fcnden g\u00fcne b\u00fcy\u00fck dalgalanmalar g\u00f6sterebilir, \u00e7\u00fcnk\u00fc farkl\u0131 yetkililer taraf\u0131ndan onaylanmas\u0131 zaman al\u0131r. Vir\u00fcslerin asla birinin hatas\u0131 olmad\u0131\u011f\u0131n\u0131 bilmek \u00f6nemlidir, bunun etraf\u0131nda bir damgalama yapmamal\u0131y\u0131z, onlar do\u011fan\u0131n bir par\u00e7as\u0131. Bununla dayan\u0131\u015fma i\u00e7inde hareket etmeliyiz. \u00a0\u00bb dedi Van Gucht.<\/p>\n\n\n\n<p> Evde kal\u0131n Federal Kriz Merkezi&rsquo;nden Yves Stevens, \u00ab\u00a0\u015eimdi parkta arkada\u015flarla tak\u0131lman\u0131n veya kom\u015fularla aperatif alman\u0131n zaman\u0131 de\u011fil. Temel kural \u00e7ok basit, evde olabildi\u011fince evde kalmak, b\u00f6ylece vir\u00fcs\u00fcn yay\u0131lma \u015fans\u0131 yok\u201d dedi.<\/p>\n\n\n\n<p> Hareket etmeye ihtiya\u00e7 duyan herkes, t\u00fcm rekreasyonlar\u0131n yasak oldu\u011funu bilmelidir. Stevens, sadece yak\u0131n cevrede m\u00fcmk\u00fcn oldu\u011funda ve yaln\u0131zca 1.5 metre kural\u0131na uyulursa, aile \u00fcyeleri veya bir arkada\u015fla y\u00fcr\u00fcy\u00fc\u015fe, bisiklet kullanmaya ve ko\u015fmaya izin verildi\u011fini, bir parka, denize veya Ardenlere ara\u00e7 ile gitmenin yasak oldu\u011funu s\u00f6yl\u00fcyor. <\/p>\n\n\n\n<p>Stevens, \u00ab\u00a0\u00d6nlemler kat\u0131, ancak vir\u00fcs\u00fc durdurmak i\u00e7in sadece bir \u015fans\u0131m\u0131z var, o da \u015fimdi ki vakit. \u00ab\u00a0vir\u00fcs\u00fcn yay\u0131lmas\u0131n\u0131 s\u0131n\u0131rlaman\u0131n tek yolu bu\u201d diye ekledi. <\/p>\n\n\n\n<p><strong>Oznur Barlas \/ AVRUPAPRESS<\/strong><\/p>\n","protected":false},"excerpt":{"rendered":"<p>Covid-19 nedeniyle Pazartesi g\u00fcn\u00fc 34 \u00f6l\u00fcm daha meydana gelerek \u00f6l\u00fc say\u0131s\u0131 178&rsquo;ye y\u00fckseldi. \u0130\u00e7i\u015fleri Kriz Merkezi&rsquo;nden g\u00fcnl\u00fck haber konferans\u0131nda haber do\u011fruland\u0131. 526 Yeni teyit edilmi\u015f enfeksiyon ile birlikte toplam hasta say\u0131s\u0131 4.937&rsquo;dur. Flaman b\u00f6lgesinde 381, Wallonia&rsquo;da 87, Br\u00fcksel&rsquo;de 38 yeni korona vakas\u0131 var. Di\u011fer 20 vakan\u0131n ikametleri hakk\u0131nda kamu sa\u011fl\u0131k hizmetlerinde bilgi yok. 256 Yeni [&hellip;]<\/p>\n","protected":false},"author":3,"featured_media":10810,"comment_status":"closed","ping_status":"open","sticky":false,"template":"","format":"standard","meta":{"footnotes":""},"categories":[14,16,3,17,18,15,19,2,1],"tags":[],"class_list":["post-10972","post","type-post","status-publish","format-standard","has-post-thumbnail","hentry","category-avrupa","category-belcika","category-dunya","category-ekonomi","category-kultur-sanat","category-spor","category-tanitim","category-turkiye","category-uncategorized"],"yoast_head":"<!-- This site is optimized with the Yoast SEO plugin v26.9 - https:\/\/yoast.com\/product\/yoast-seo-wordpress\/ -->\n<title>belcikada 636 yeni vaka sayisi 178 can kaybi toplam4937 vaka - AvrupaPress<\/title>\n<meta name=\"robots\" content=\"index, follow, max-snippet:-1, max-image-preview:large, max-video-preview:-1\" \/>\n<link rel=\"canonical\" href=\"https:\/\/avrupapress.com\/2020\/03\/25\/belcikada-636-yeni-vaka-sayisi-178-can-kaybi-toplam4937-vaka\/\" \/>\n<meta property=\"og:locale\" content=\"fr_FR\" \/>\n<meta property=\"og:type\" content=\"article\" \/>\n<meta property=\"og:title\" content=\"belcikada 636 yeni vaka sayisi 178 can kaybi toplam4937 vaka - AvrupaPress\" \/>\n<meta property=\"og:description\" content=\"Covid-19 nedeniyle Pazartesi g\u00fcn\u00fc 34 \u00f6l\u00fcm daha meydana gelerek \u00f6l\u00fc say\u0131s\u0131 178&rsquo;ye y\u00fckseldi. \u0130\u00e7i\u015fleri Kriz Merkezi&rsquo;nden g\u00fcnl\u00fck haber konferans\u0131nda haber do\u011fruland\u0131. 526 Yeni teyit edilmi\u015f enfeksiyon ile birlikte toplam hasta say\u0131s\u0131 4.937&rsquo;dur. Flaman b\u00f6lgesinde 381, Wallonia&rsquo;da 87, Br\u00fcksel&rsquo;de 38 yeni korona vakas\u0131 var. Di\u011fer 20 vakan\u0131n ikametleri hakk\u0131nda kamu sa\u011fl\u0131k hizmetlerinde bilgi yok. 256 Yeni [&hellip;]\" \/>\n<meta property=\"og:url\" content=\"https:\/\/avrupapress.com\/2020\/03\/25\/belcikada-636-yeni-vaka-sayisi-178-can-kaybi-toplam4937-vaka\/\" \/>\n<meta property=\"og:site_name\" content=\"AvrupaPress\" \/>\n<meta property=\"article:published_time\" content=\"2020-03-25T12:55:56+00:00\" \/>\n<meta property=\"article:modified_time\" content=\"2020-03-25T12:55:58+00:00\" \/>\n<meta property=\"og:image\" content=\"https:\/\/avrupapress.com\/wp-content\/uploads\/2020\/03\/th-5.jpg\" \/>\n\t<meta property=\"og:image:width\" content=\"263\" \/>\n\t<meta property=\"og:image:height\" content=\"177\" \/>\n\t<meta property=\"og:image:type\" content=\"image\/jpeg\" \/>\n<meta name=\"author\" content=\"Edit\u00f6r\" \/>\n<meta name=\"twitter:card\" content=\"summary_large_image\" \/>\n<meta name=\"twitter:label1\" content=\"\u00c9crit par\" \/>\n\t<meta name=\"twitter:data1\" content=\"Edit\u00f6r\" \/>\n\t<meta name=\"twitter:label2\" content=\"Dur\u00e9e de lecture est.\" \/>\n\t<meta name=\"twitter:data2\" content=\"2 minutes\" \/>\n<script type=\"application\/ld+json\" class=\"yoast-schema-graph\">{\"@context\":\"https:\/\/schema.org\",\"@graph\":[{\"@type\":\"Article\",\"@id\":\"https:\/\/avrupapress.com\/2020\/03\/25\/belcikada-636-yeni-vaka-sayisi-178-can-kaybi-toplam4937-vaka\/#article\",\"isPartOf\":{\"@id\":\"https:\/\/avrupapress.com\/2020\/03\/25\/belcikada-636-yeni-vaka-sayisi-178-can-kaybi-toplam4937-vaka\/\"},\"author\":{\"name\":\"Edit\u00f6r\",\"@id\":\"https:\/\/avrupapress.com\/#\/schema\/person\/68428444ec60970d1e1b700cf4ca1e8f\"},\"headline\":\"belcikada 636 yeni vaka sayisi 178 can kaybi toplam4937 vaka\",\"datePublished\":\"2020-03-25T12:55:56+00:00\",\"dateModified\":\"2020-03-25T12:55:58+00:00\",\"mainEntityOfPage\":{\"@id\":\"https:\/\/avrupapress.com\/2020\/03\/25\/belcikada-636-yeni-vaka-sayisi-178-can-kaybi-toplam4937-vaka\/\"},\"wordCount\":326,\"publisher\":{\"@id\":\"https:\/\/avrupapress.com\/#\/schema\/person\/0223dca19c72c43575bf30d1a2d8f4fa\"},\"image\":{\"@id\":\"https:\/\/avrupapress.com\/2020\/03\/25\/belcikada-636-yeni-vaka-sayisi-178-can-kaybi-toplam4937-vaka\/#primaryimage\"},\"thumbnailUrl\":\"https:\/\/avrupapress.com\/main\/wp-content\/uploads\/2020\/03\/th-5.jpg\",\"articleSection\":[\"Avrupa\",\"Bel\u00e7ika\",\"D\u00fcnya\",\"Ekonomi\",\"K\u00fclt\u00fcr-Sanat\",\"Spor\",\"Tan\u0131t\u0131m\",\"T\u00fcrkiye\",\"Uncategorized\"],\"inLanguage\":\"fr-BE\"},{\"@type\":\"WebPage\",\"@id\":\"https:\/\/avrupapress.com\/2020\/03\/25\/belcikada-636-yeni-vaka-sayisi-178-can-kaybi-toplam4937-vaka\/\",\"url\":\"https:\/\/avrupapress.com\/2020\/03\/25\/belcikada-636-yeni-vaka-sayisi-178-can-kaybi-toplam4937-vaka\/\",\"name\":\"belcikada 636 yeni vaka sayisi 178 can kaybi toplam4937 vaka - AvrupaPress\",\"isPartOf\":{\"@id\":\"https:\/\/avrupapress.com\/#website\"},\"primaryImageOfPage\":{\"@id\":\"https:\/\/avrupapress.com\/2020\/03\/25\/belcikada-636-yeni-vaka-sayisi-178-can-kaybi-toplam4937-vaka\/#primaryimage\"},\"image\":{\"@id\":\"https:\/\/avrupapress.com\/2020\/03\/25\/belcikada-636-yeni-vaka-sayisi-178-can-kaybi-toplam4937-vaka\/#primaryimage\"},\"thumbnailUrl\":\"https:\/\/avrupapress.com\/main\/wp-content\/uploads\/2020\/03\/th-5.jpg\",\"datePublished\":\"2020-03-25T12:55:56+00:00\",\"dateModified\":\"2020-03-25T12:55:58+00:00\",\"breadcrumb\":{\"@id\":\"https:\/\/avrupapress.com\/2020\/03\/25\/belcikada-636-yeni-vaka-sayisi-178-can-kaybi-toplam4937-vaka\/#breadcrumb\"},\"inLanguage\":\"fr-BE\",\"potentialAction\":[{\"@type\":\"ReadAction\",\"target\":[\"https:\/\/avrupapress.com\/2020\/03\/25\/belcikada-636-yeni-vaka-sayisi-178-can-kaybi-toplam4937-vaka\/\"]}]},{\"@type\":\"ImageObject\",\"inLanguage\":\"fr-BE\",\"@id\":\"https:\/\/avrupapress.com\/2020\/03\/25\/belcikada-636-yeni-vaka-sayisi-178-can-kaybi-toplam4937-vaka\/#primaryimage\",\"url\":\"https:\/\/avrupapress.com\/main\/wp-content\/uploads\/2020\/03\/th-5.jpg\",\"contentUrl\":\"https:\/\/avrupapress.com\/main\/wp-content\/uploads\/2020\/03\/th-5.jpg\",\"width\":263,\"height\":177},{\"@type\":\"BreadcrumbList\",\"@id\":\"https:\/\/avrupapress.com\/2020\/03\/25\/belcikada-636-yeni-vaka-sayisi-178-can-kaybi-toplam4937-vaka\/#breadcrumb\",\"itemListElement\":[{\"@type\":\"ListItem\",\"position\":1,\"name\":\"Anasayfa\",\"item\":\"https:\/\/avrupapress.com\/\"},{\"@type\":\"ListItem\",\"position\":2,\"name\":\"belcikada 636 yeni vaka sayisi 178 can kaybi toplam4937 vaka\"}]},{\"@type\":\"WebSite\",\"@id\":\"https:\/\/avrupapress.com\/#website\",\"url\":\"https:\/\/avrupapress.com\/\",\"name\":\"AvrupaPress\",\"description\":\"Haberin Adresi\",\"publisher\":{\"@id\":\"https:\/\/avrupapress.com\/#\/schema\/person\/0223dca19c72c43575bf30d1a2d8f4fa\"},\"potentialAction\":[{\"@type\":\"SearchAction\",\"target\":{\"@type\":\"EntryPoint\",\"urlTemplate\":\"https:\/\/avrupapress.com\/?s={search_term_string}\"},\"query-input\":{\"@type\":\"PropertyValueSpecification\",\"valueRequired\":true,\"valueName\":\"search_term_string\"}}],\"inLanguage\":\"fr-BE\"},{\"@type\":[\"Person\",\"Organization\"],\"@id\":\"https:\/\/avrupapress.com\/#\/schema\/person\/0223dca19c72c43575bf30d1a2d8f4fa\",\"name\":\"Bilgin \u00d6z\u00e7ift\u00e7i\",\"image\":{\"@type\":\"ImageObject\",\"inLanguage\":\"fr-BE\",\"@id\":\"https:\/\/avrupapress.com\/#\/schema\/person\/image\/\",\"url\":\"https:\/\/secure.gravatar.com\/avatar\/0f23b280433a21e1ea7a0adcc46ed0ad16afe3ad8e630fd13d8a017dcbd54ef3?s=96&d=mm&r=g\",\"contentUrl\":\"https:\/\/secure.gravatar.com\/avatar\/0f23b280433a21e1ea7a0adcc46ed0ad16afe3ad8e630fd13d8a017dcbd54ef3?s=96&d=mm&r=g\",\"caption\":\"Bilgin \u00d6z\u00e7ift\u00e7i\"},\"logo\":{\"@id\":\"https:\/\/avrupapress.com\/#\/schema\/person\/image\/\"},\"description\":\"Ne ben, nede sen... Biz ancak \\\"biz\\\" olursak g\u00fc\u00e7l\u00fc olabiliriz\"},{\"@type\":\"Person\",\"@id\":\"https:\/\/avrupapress.com\/#\/schema\/person\/68428444ec60970d1e1b700cf4ca1e8f\",\"name\":\"Edit\u00f6r\",\"image\":{\"@type\":\"ImageObject\",\"inLanguage\":\"fr-BE\",\"@id\":\"https:\/\/avrupapress.com\/#\/schema\/person\/image\/\",\"url\":\"https:\/\/secure.gravatar.com\/avatar\/74996b0977aa5f1559ba9883776652508b229005c0d78fb2597897f0bd651c09?s=96&d=mm&r=g\",\"contentUrl\":\"https:\/\/secure.gravatar.com\/avatar\/74996b0977aa5f1559ba9883776652508b229005c0d78fb2597897f0bd651c09?s=96&d=mm&r=g\",\"caption\":\"Edit\u00f6r\"},\"sameAs\":[\"http:\/\/www.avrupapress.com\"],\"url\":\"https:\/\/avrupapress.com\/main\/author\/editor\/\"}]}<\/script>\n<!-- \/ Yoast SEO plugin. -->","yoast_head_json":{"title":"belcikada 636 yeni vaka sayisi 178 can kaybi toplam4937 vaka - AvrupaPress","robots":{"index":"index","follow":"follow","max-snippet":"max-snippet:-1","max-image-preview":"max-image-preview:large","max-video-preview":"max-video-preview:-1"},"canonical":"https:\/\/avrupapress.com\/2020\/03\/25\/belcikada-636-yeni-vaka-sayisi-178-can-kaybi-toplam4937-vaka\/","og_locale":"fr_FR","og_type":"article","og_title":"belcikada 636 yeni vaka sayisi 178 can kaybi toplam4937 vaka - AvrupaPress","og_description":"Covid-19 nedeniyle Pazartesi g\u00fcn\u00fc 34 \u00f6l\u00fcm daha meydana gelerek \u00f6l\u00fc say\u0131s\u0131 178&rsquo;ye y\u00fckseldi. \u0130\u00e7i\u015fleri Kriz Merkezi&rsquo;nden g\u00fcnl\u00fck haber konferans\u0131nda haber do\u011fruland\u0131. 526 Yeni teyit edilmi\u015f enfeksiyon ile birlikte toplam hasta say\u0131s\u0131 4.937&rsquo;dur. Flaman b\u00f6lgesinde 381, Wallonia&rsquo;da 87, Br\u00fcksel&rsquo;de 38 yeni korona vakas\u0131 var. Di\u011fer 20 vakan\u0131n ikametleri hakk\u0131nda kamu sa\u011fl\u0131k hizmetlerinde bilgi yok. 256 Yeni [&hellip;]","og_url":"https:\/\/avrupapress.com\/2020\/03\/25\/belcikada-636-yeni-vaka-sayisi-178-can-kaybi-toplam4937-vaka\/","og_site_name":"AvrupaPress","article_published_time":"2020-03-25T12:55:56+00:00","article_modified_time":"2020-03-25T12:55:58+00:00","og_image":[{"width":263,"height":177,"url":"https:\/\/avrupapress.com\/wp-content\/uploads\/2020\/03\/th-5.jpg","type":"image\/jpeg"}],"author":"Edit\u00f6r","twitter_card":"summary_large_image","twitter_misc":{"\u00c9crit par":"Edit\u00f6r","Dur\u00e9e de lecture est.":"2 minutes"},"schema":{"@context":"https:\/\/schema.org","@graph":[{"@type":"Article","@id":"https:\/\/avrupapress.com\/2020\/03\/25\/belcikada-636-yeni-vaka-sayisi-178-can-kaybi-toplam4937-vaka\/#article","isPartOf":{"@id":"https:\/\/avrupapress.com\/2020\/03\/25\/belcikada-636-yeni-vaka-sayisi-178-can-kaybi-toplam4937-vaka\/"},"author":{"name":"Edit\u00f6r","@id":"https:\/\/avrupapress.com\/#\/schema\/person\/68428444ec60970d1e1b700cf4ca1e8f"},"headline":"belcikada 636 yeni vaka sayisi 178 can kaybi toplam4937 vaka","datePublished":"2020-03-25T12:55:56+00:00","dateModified":"2020-03-25T12:55:58+00:00","mainEntityOfPage":{"@id":"https:\/\/avrupapress.com\/2020\/03\/25\/belcikada-636-yeni-vaka-sayisi-178-can-kaybi-toplam4937-vaka\/"},"wordCount":326,"publisher":{"@id":"https:\/\/avrupapress.com\/#\/schema\/person\/0223dca19c72c43575bf30d1a2d8f4fa"},"image":{"@id":"https:\/\/avrupapress.com\/2020\/03\/25\/belcikada-636-yeni-vaka-sayisi-178-can-kaybi-toplam4937-vaka\/#primaryimage"},"thumbnailUrl":"https:\/\/avrupapress.com\/main\/wp-content\/uploads\/2020\/03\/th-5.jpg","articleSection":["Avrupa","Bel\u00e7ika","D\u00fcnya","Ekonomi","K\u00fclt\u00fcr-Sanat","Spor","Tan\u0131t\u0131m","T\u00fcrkiye","Uncategorized"],"inLanguage":"fr-BE"},{"@type":"WebPage","@id":"https:\/\/avrupapress.com\/2020\/03\/25\/belcikada-636-yeni-vaka-sayisi-178-can-kaybi-toplam4937-vaka\/","url":"https:\/\/avrupapress.com\/2020\/03\/25\/belcikada-636-yeni-vaka-sayisi-178-can-kaybi-toplam4937-vaka\/","name":"belcikada 636 yeni vaka sayisi 178 can kaybi toplam4937 vaka - AvrupaPress","isPartOf":{"@id":"https:\/\/avrupapress.com\/#website"},"primaryImageOfPage":{"@id":"https:\/\/avrupapress.com\/2020\/03\/25\/belcikada-636-yeni-vaka-sayisi-178-can-kaybi-toplam4937-vaka\/#primaryimage"},"image":{"@id":"https:\/\/avrupapress.com\/2020\/03\/25\/belcikada-636-yeni-vaka-sayisi-178-can-kaybi-toplam4937-vaka\/#primaryimage"},"thumbnailUrl":"https:\/\/avrupapress.com\/main\/wp-content\/uploads\/2020\/03\/th-5.jpg","datePublished":"2020-03-25T12:55:56+00:00","dateModified":"2020-03-25T12:55:58+00:00","breadcrumb":{"@id":"https:\/\/avrupapress.com\/2020\/03\/25\/belcikada-636-yeni-vaka-sayisi-178-can-kaybi-toplam4937-vaka\/#breadcrumb"},"inLanguage":"fr-BE","potentialAction":[{"@type":"ReadAction","target":["https:\/\/avrupapress.com\/2020\/03\/25\/belcikada-636-yeni-vaka-sayisi-178-can-kaybi-toplam4937-vaka\/"]}]},{"@type":"ImageObject","inLanguage":"fr-BE","@id":"https:\/\/avrupapress.com\/2020\/03\/25\/belcikada-636-yeni-vaka-sayisi-178-can-kaybi-toplam4937-vaka\/#primaryimage","url":"https:\/\/avrupapress.com\/main\/wp-content\/uploads\/2020\/03\/th-5.jpg","contentUrl":"https:\/\/avrupapress.com\/main\/wp-content\/uploads\/2020\/03\/th-5.jpg","width":263,"height":177},{"@type":"BreadcrumbList","@id":"https:\/\/avrupapress.com\/2020\/03\/25\/belcikada-636-yeni-vaka-sayisi-178-can-kaybi-toplam4937-vaka\/#breadcrumb","itemListElement":[{"@type":"ListItem","position":1,"name":"Anasayfa","item":"https:\/\/avrupapress.com\/"},{"@type":"ListItem","position":2,"name":"belcikada 636 yeni vaka sayisi 178 can kaybi toplam4937 vaka"}]},{"@type":"WebSite","@id":"https:\/\/avrupapress.com\/#website","url":"https:\/\/avrupapress.com\/","name":"AvrupaPress","description":"Haberin Adresi","publisher":{"@id":"https:\/\/avrupapress.com\/#\/schema\/person\/0223dca19c72c43575bf30d1a2d8f4fa"},"potentialAction":[{"@type":"SearchAction","target":{"@type":"EntryPoint","urlTemplate":"https:\/\/avrupapress.com\/?s={search_term_string}"},"query-input":{"@type":"PropertyValueSpecification","valueRequired":true,"valueName":"search_term_string"}}],"inLanguage":"fr-BE"},{"@type":["Person","Organization"],"@id":"https:\/\/avrupapress.com\/#\/schema\/person\/0223dca19c72c43575bf30d1a2d8f4fa","name":"Bilgin \u00d6z\u00e7ift\u00e7i","image":{"@type":"ImageObject","inLanguage":"fr-BE","@id":"https:\/\/avrupapress.com\/#\/schema\/person\/image\/","url":"https:\/\/secure.gravatar.com\/avatar\/0f23b280433a21e1ea7a0adcc46ed0ad16afe3ad8e630fd13d8a017dcbd54ef3?s=96&d=mm&r=g","contentUrl":"https:\/\/secure.gravatar.com\/avatar\/0f23b280433a21e1ea7a0adcc46ed0ad16afe3ad8e630fd13d8a017dcbd54ef3?s=96&d=mm&r=g","caption":"Bilgin \u00d6z\u00e7ift\u00e7i"},"logo":{"@id":"https:\/\/avrupapress.com\/#\/schema\/person\/image\/"},"description":"Ne ben, nede sen... Biz ancak \"biz\" olursak g\u00fc\u00e7l\u00fc olabiliriz"},{"@type":"Person","@id":"https:\/\/avrupapress.com\/#\/schema\/person\/68428444ec60970d1e1b700cf4ca1e8f","name":"Edit\u00f6r","image":{"@type":"ImageObject","inLanguage":"fr-BE","@id":"https:\/\/avrupapress.com\/#\/schema\/person\/image\/","url":"https:\/\/secure.gravatar.com\/avatar\/74996b0977aa5f1559ba9883776652508b229005c0d78fb2597897f0bd651c09?s=96&d=mm&r=g","contentUrl":"https:\/\/secure.gravatar.com\/avatar\/74996b0977aa5f1559ba9883776652508b229005c0d78fb2597897f0bd651c09?s=96&d=mm&r=g","caption":"Edit\u00f6r"},"sameAs":["http:\/\/www.avrupapress.com"],"url":"https:\/\/avrupapress.com\/main\/author\/editor\/"}]}},"_links":{"self":[{"href":"https:\/\/avrupapress.com\/main\/wp-json\/wp\/v2\/posts\/10972","targetHints":{"allow":["GET"]}}],"collection":[{"href":"https:\/\/avrupapress.com\/main\/wp-json\/wp\/v2\/posts"}],"about":[{"href":"https:\/\/avrupapress.com\/main\/wp-json\/wp\/v2\/types\/post"}],"author":[{"embeddable":true,"href":"https:\/\/avrupapress.com\/main\/wp-json\/wp\/v2\/users\/3"}],"replies":[{"embeddable":true,"href":"https:\/\/avrupapress.com\/main\/wp-json\/wp\/v2\/comments?post=10972"}],"version-history":[{"count":1,"href":"https:\/\/avrupapress.com\/main\/wp-json\/wp\/v2\/posts\/10972\/revisions"}],"predecessor-version":[{"id":10973,"href":"https:\/\/avrupapress.com\/main\/wp-json\/wp\/v2\/posts\/10972\/revisions\/10973"}],"wp:featuredmedia":[{"embeddable":true,"href":"https:\/\/avrupapress.com\/main\/wp-json\/wp\/v2\/media\/10810"}],"wp:attachment":[{"href":"https:\/\/avrupapress.com\/main\/wp-json\/wp\/v2\/media?parent=10972"}],"wp:term":[{"taxonomy":"category","embeddable":true,"href":"https:\/\/avrupapress.com\/main\/wp-json\/wp\/v2\/categories?post=10972"},{"taxonomy":"post_tag","embeddable":true,"href":"https:\/\/avrupapress.com\/main\/wp-json\/wp\/v2\/tags?post=10972"}],"curies":[{"name":"wp","href":"https:\/\/api.w.org\/{rel}","templated":true}]}}