{"id":10966,"date":"2020-03-24T20:09:20","date_gmt":"2020-03-24T20:09:20","guid":{"rendered":"http:\/\/avrupapress.com\/main\/?p=10966"},"modified":"2020-03-24T20:09:22","modified_gmt":"2020-03-24T20:09:22","slug":"belcika-genelinde-bay-bayan-kuafor-salonlari-5-nisana-kadar-kapatildi","status":"publish","type":"post","link":"https:\/\/avrupapress.com\/main\/2020\/03\/24\/belcika-genelinde-bay-bayan-kuafor-salonlari-5-nisana-kadar-kapatildi\/","title":{"rendered":"Bel\u00e7ika genelinde bay bayan kuaf\u00f6r salonlar\u0131 5 Nisan&rsquo;a kadar kapat\u0131ld\u0131"},"content":{"rendered":"\n<p><strong>Bel\u00e7ika\nH\u00fck\u00fcmeti \u00ab\u00a0koronavirus\u00a0\u00bbtetbirleri konulu genelgede<br>\nbay bayan kuaf\u00f6r faaliyetlerinin bu gece saat 24 itibariyla 5 nisan a kadar<br>\ndurduruldu\u011funu ba\u015fbakan Sofie Wilmes tarafindan bildirildi. <\/strong><\/p>\n\n\n\n<p>Bel\u00e7ika\nH\u00fck\u00fcmeti \u00ab\u00a0koronavirus\u00a0\u00bbtetbirleri konulu genelgede bay<br>\nbayan kuaf\u00f6r faaliyetlerinin bu gece saat 24 itibariyla 5 nisan a kadar<br>\ndurduruldu\u011funu ba\u015fbakan Sofie Wilmes tarafindan bildirildi.<\/p>\n\n\n\n<p>Genelgede\n,yapilan i\u015flem sirasinda bir\u00e7ok kez fiziksel temasin olmasi<br>\nnedeniyle,kuaf\u00f6r,berber,g\u00fczelik salonu gibi i\u015f yerlerinin faaliyetleri ge\u00e7ici<br>\ns\u00fcreli\u011fine durduruldu.<\/p>\n\n\n\n<p>Bu kapsamda\n,insanlarin toplu kullanim alanlarindan uzak kalmasi sa\u011flanarak<br>\nvir\u00fcs\u00fcn yayilmasinin \u00f6n\u00fcne gecilmis oldu. Soz konusu eski genelgede berberler<br>\nodasini ,memnun etmiyen h\u00fck\u00fcmetin verdigi bir dizi kararlara kar\u015fi ,<strong>Bel\u00e7ika<br>\nsinirlari i\u00e7inde olan kuaf\u00f6rlerinde diger gida sekt\u00f6rlerinde yapilan 4000 euro<br>\nprim yardimi gibi izolasiyona uyan kuaf\u00f6rlerinde bu haktan yararlanacagini<br>\nFlaman ekonomi bakani Hilde Crevit tarafindan aciklandi.<\/strong><\/p>\n\n\n\n<p>Luxembourg&rsquo;un\nBastogne sehrinin kaymakami Beno\u00eet Lutgen&rsquo; inde pazar g\u00fcn\u00fcnden<br>\nbu yana kuaf\u00f6rlerin kapatilmasina y\u00f6nelik koydu\u011fu yasa\u011fa uymayan halkinin<br>\nBelcika&rsquo;ya gelip sac bakim ihtiyaclarini gidermek istemeleri ,iki \u00fclkeyi<br>\nisbirligine itmistir .<\/p>\n\n\n\n<p>Bu amacla\n,her iki ulke arasinda alinan ortak karar neticesinde ,<strong>05<br>\nnisan 2020&rsquo;ye kadar bay ,bayan kuaf\u00f6rler kapatilmi\u015ftir.<\/strong><\/p>\n\n\n\n<p><strong>Seval Aksan\n\/ AVRUPAPRESS<\/strong><\/p>\n","protected":false},"excerpt":{"rendered":"<p>Bel\u00e7ika H\u00fck\u00fcmeti \u00ab\u00a0koronavirus\u00a0\u00bbtetbirleri konulu genelgede bay bayan kuaf\u00f6r faaliyetlerinin bu gece saat 24 itibariyla 5 nisan a kadar durduruldu\u011funu ba\u015fbakan Sofie Wilmes tarafindan bildirildi. Bel\u00e7ika H\u00fck\u00fcmeti \u00ab\u00a0koronavirus\u00a0\u00bbtetbirleri konulu genelgede bay bayan kuaf\u00f6r faaliyetlerinin bu gece saat 24 itibariyla 5 nisan a kadar durduruldu\u011funu ba\u015fbakan Sofie Wilmes tarafindan bildirildi. Genelgede ,yapilan i\u015flem sirasinda bir\u00e7ok kez fiziksel [&hellip;]<\/p>\n","protected":false},"author":3,"featured_media":10967,"comment_status":"closed","ping_status":"open","sticky":false,"template":"","format":"standard","meta":{"footnotes":""},"categories":[14,16,3,17,18,15,19,2,1],"tags":[],"class_list":["post-10966","post","type-post","status-publish","format-standard","has-post-thumbnail","hentry","category-avrupa","category-belcika","category-dunya","category-ekonomi","category-kultur-sanat","category-spor","category-tanitim","category-turkiye","category-uncategorized"],"yoast_head":"<!-- This site is optimized with the Yoast SEO plugin v26.9 - https:\/\/yoast.com\/product\/yoast-seo-wordpress\/ -->\n<title>Bel\u00e7ika genelinde bay bayan kuaf\u00f6r salonlar\u0131 5 Nisan&#039;a kadar kapat\u0131ld\u0131 - AvrupaPress<\/title>\n<meta name=\"robots\" content=\"index, follow, max-snippet:-1, max-image-preview:large, max-video-preview:-1\" \/>\n<link rel=\"canonical\" href=\"https:\/\/avrupapress.com\/2020\/03\/24\/belcika-genelinde-bay-bayan-kuafor-salonlari-5-nisana-kadar-kapatildi\/\" \/>\n<meta property=\"og:locale\" content=\"fr_FR\" \/>\n<meta property=\"og:type\" content=\"article\" \/>\n<meta property=\"og:title\" content=\"Bel\u00e7ika genelinde bay bayan kuaf\u00f6r salonlar\u0131 5 Nisan&#039;a kadar kapat\u0131ld\u0131 - AvrupaPress\" \/>\n<meta property=\"og:description\" content=\"Bel\u00e7ika H\u00fck\u00fcmeti \u00ab\u00a0koronavirus\u00a0\u00bbtetbirleri konulu genelgede bay bayan kuaf\u00f6r faaliyetlerinin bu gece saat 24 itibariyla 5 nisan a kadar durduruldu\u011funu ba\u015fbakan Sofie Wilmes tarafindan bildirildi. Bel\u00e7ika H\u00fck\u00fcmeti \u00ab\u00a0koronavirus\u00a0\u00bbtetbirleri konulu genelgede bay bayan kuaf\u00f6r faaliyetlerinin bu gece saat 24 itibariyla 5 nisan a kadar durduruldu\u011funu ba\u015fbakan Sofie Wilmes tarafindan bildirildi. Genelgede ,yapilan i\u015flem sirasinda bir\u00e7ok kez fiziksel [&hellip;]\" \/>\n<meta property=\"og:url\" content=\"https:\/\/avrupapress.com\/2020\/03\/24\/belcika-genelinde-bay-bayan-kuafor-salonlari-5-nisana-kadar-kapatildi\/\" \/>\n<meta property=\"og:site_name\" content=\"AvrupaPress\" \/>\n<meta property=\"article:published_time\" content=\"2020-03-24T20:09:20+00:00\" \/>\n<meta property=\"article:modified_time\" content=\"2020-03-24T20:09:22+00:00\" \/>\n<meta property=\"og:image\" content=\"https:\/\/avrupapress.com\/wp-content\/uploads\/2020\/03\/90679087_10158206595774727_1087217262416363520_n.jpg\" \/>\n\t<meta property=\"og:image:width\" content=\"766\" \/>\n\t<meta property=\"og:image:height\" content=\"559\" \/>\n\t<meta property=\"og:image:type\" content=\"image\/jpeg\" \/>\n<meta name=\"author\" content=\"Edit\u00f6r\" \/>\n<meta name=\"twitter:card\" content=\"summary_large_image\" \/>\n<meta name=\"twitter:label1\" content=\"\u00c9crit par\" \/>\n\t<meta name=\"twitter:data1\" content=\"Edit\u00f6r\" \/>\n\t<meta name=\"twitter:label2\" content=\"Dur\u00e9e de lecture est.\" \/>\n\t<meta name=\"twitter:data2\" content=\"1 minute\" \/>\n<script type=\"application\/ld+json\" class=\"yoast-schema-graph\">{\"@context\":\"https:\/\/schema.org\",\"@graph\":[{\"@type\":\"Article\",\"@id\":\"https:\/\/avrupapress.com\/2020\/03\/24\/belcika-genelinde-bay-bayan-kuafor-salonlari-5-nisana-kadar-kapatildi\/#article\",\"isPartOf\":{\"@id\":\"https:\/\/avrupapress.com\/2020\/03\/24\/belcika-genelinde-bay-bayan-kuafor-salonlari-5-nisana-kadar-kapatildi\/\"},\"author\":{\"name\":\"Edit\u00f6r\",\"@id\":\"https:\/\/avrupapress.com\/#\/schema\/person\/68428444ec60970d1e1b700cf4ca1e8f\"},\"headline\":\"Bel\u00e7ika genelinde bay bayan kuaf\u00f6r salonlar\u0131 5 Nisan&rsquo;a kadar kapat\u0131ld\u0131\",\"datePublished\":\"2020-03-24T20:09:20+00:00\",\"dateModified\":\"2020-03-24T20:09:22+00:00\",\"mainEntityOfPage\":{\"@id\":\"https:\/\/avrupapress.com\/2020\/03\/24\/belcika-genelinde-bay-bayan-kuafor-salonlari-5-nisana-kadar-kapatildi\/\"},\"wordCount\":222,\"publisher\":{\"@id\":\"https:\/\/avrupapress.com\/#\/schema\/person\/0223dca19c72c43575bf30d1a2d8f4fa\"},\"image\":{\"@id\":\"https:\/\/avrupapress.com\/2020\/03\/24\/belcika-genelinde-bay-bayan-kuafor-salonlari-5-nisana-kadar-kapatildi\/#primaryimage\"},\"thumbnailUrl\":\"https:\/\/avrupapress.com\/main\/wp-content\/uploads\/2020\/03\/90679087_10158206595774727_1087217262416363520_n.jpg\",\"articleSection\":[\"Avrupa\",\"Bel\u00e7ika\",\"D\u00fcnya\",\"Ekonomi\",\"K\u00fclt\u00fcr-Sanat\",\"Spor\",\"Tan\u0131t\u0131m\",\"T\u00fcrkiye\",\"Uncategorized\"],\"inLanguage\":\"fr-BE\"},{\"@type\":\"WebPage\",\"@id\":\"https:\/\/avrupapress.com\/2020\/03\/24\/belcika-genelinde-bay-bayan-kuafor-salonlari-5-nisana-kadar-kapatildi\/\",\"url\":\"https:\/\/avrupapress.com\/2020\/03\/24\/belcika-genelinde-bay-bayan-kuafor-salonlari-5-nisana-kadar-kapatildi\/\",\"name\":\"Bel\u00e7ika genelinde bay bayan kuaf\u00f6r salonlar\u0131 5 Nisan'a kadar kapat\u0131ld\u0131 - AvrupaPress\",\"isPartOf\":{\"@id\":\"https:\/\/avrupapress.com\/#website\"},\"primaryImageOfPage\":{\"@id\":\"https:\/\/avrupapress.com\/2020\/03\/24\/belcika-genelinde-bay-bayan-kuafor-salonlari-5-nisana-kadar-kapatildi\/#primaryimage\"},\"image\":{\"@id\":\"https:\/\/avrupapress.com\/2020\/03\/24\/belcika-genelinde-bay-bayan-kuafor-salonlari-5-nisana-kadar-kapatildi\/#primaryimage\"},\"thumbnailUrl\":\"https:\/\/avrupapress.com\/main\/wp-content\/uploads\/2020\/03\/90679087_10158206595774727_1087217262416363520_n.jpg\",\"datePublished\":\"2020-03-24T20:09:20+00:00\",\"dateModified\":\"2020-03-24T20:09:22+00:00\",\"breadcrumb\":{\"@id\":\"https:\/\/avrupapress.com\/2020\/03\/24\/belcika-genelinde-bay-bayan-kuafor-salonlari-5-nisana-kadar-kapatildi\/#breadcrumb\"},\"inLanguage\":\"fr-BE\",\"potentialAction\":[{\"@type\":\"ReadAction\",\"target\":[\"https:\/\/avrupapress.com\/2020\/03\/24\/belcika-genelinde-bay-bayan-kuafor-salonlari-5-nisana-kadar-kapatildi\/\"]}]},{\"@type\":\"ImageObject\",\"inLanguage\":\"fr-BE\",\"@id\":\"https:\/\/avrupapress.com\/2020\/03\/24\/belcika-genelinde-bay-bayan-kuafor-salonlari-5-nisana-kadar-kapatildi\/#primaryimage\",\"url\":\"https:\/\/avrupapress.com\/main\/wp-content\/uploads\/2020\/03\/90679087_10158206595774727_1087217262416363520_n.jpg\",\"contentUrl\":\"https:\/\/avrupapress.com\/main\/wp-content\/uploads\/2020\/03\/90679087_10158206595774727_1087217262416363520_n.jpg\",\"width\":766,\"height\":559},{\"@type\":\"BreadcrumbList\",\"@id\":\"https:\/\/avrupapress.com\/2020\/03\/24\/belcika-genelinde-bay-bayan-kuafor-salonlari-5-nisana-kadar-kapatildi\/#breadcrumb\",\"itemListElement\":[{\"@type\":\"ListItem\",\"position\":1,\"name\":\"Anasayfa\",\"item\":\"https:\/\/avrupapress.com\/\"},{\"@type\":\"ListItem\",\"position\":2,\"name\":\"Bel\u00e7ika genelinde bay bayan kuaf\u00f6r salonlar\u0131 5 Nisan&#8217;a kadar kapat\u0131ld\u0131\"}]},{\"@type\":\"WebSite\",\"@id\":\"https:\/\/avrupapress.com\/#website\",\"url\":\"https:\/\/avrupapress.com\/\",\"name\":\"AvrupaPress\",\"description\":\"Haberin Adresi\",\"publisher\":{\"@id\":\"https:\/\/avrupapress.com\/#\/schema\/person\/0223dca19c72c43575bf30d1a2d8f4fa\"},\"potentialAction\":[{\"@type\":\"SearchAction\",\"target\":{\"@type\":\"EntryPoint\",\"urlTemplate\":\"https:\/\/avrupapress.com\/?s={search_term_string}\"},\"query-input\":{\"@type\":\"PropertyValueSpecification\",\"valueRequired\":true,\"valueName\":\"search_term_string\"}}],\"inLanguage\":\"fr-BE\"},{\"@type\":[\"Person\",\"Organization\"],\"@id\":\"https:\/\/avrupapress.com\/#\/schema\/person\/0223dca19c72c43575bf30d1a2d8f4fa\",\"name\":\"Bilgin \u00d6z\u00e7ift\u00e7i\",\"image\":{\"@type\":\"ImageObject\",\"inLanguage\":\"fr-BE\",\"@id\":\"https:\/\/avrupapress.com\/#\/schema\/person\/image\/\",\"url\":\"https:\/\/secure.gravatar.com\/avatar\/0f23b280433a21e1ea7a0adcc46ed0ad16afe3ad8e630fd13d8a017dcbd54ef3?s=96&d=mm&r=g\",\"contentUrl\":\"https:\/\/secure.gravatar.com\/avatar\/0f23b280433a21e1ea7a0adcc46ed0ad16afe3ad8e630fd13d8a017dcbd54ef3?s=96&d=mm&r=g\",\"caption\":\"Bilgin \u00d6z\u00e7ift\u00e7i\"},\"logo\":{\"@id\":\"https:\/\/avrupapress.com\/#\/schema\/person\/image\/\"},\"description\":\"Ne ben, nede sen... Biz ancak \\\"biz\\\" olursak g\u00fc\u00e7l\u00fc olabiliriz\"},{\"@type\":\"Person\",\"@id\":\"https:\/\/avrupapress.com\/#\/schema\/person\/68428444ec60970d1e1b700cf4ca1e8f\",\"name\":\"Edit\u00f6r\",\"image\":{\"@type\":\"ImageObject\",\"inLanguage\":\"fr-BE\",\"@id\":\"https:\/\/avrupapress.com\/#\/schema\/person\/image\/\",\"url\":\"https:\/\/secure.gravatar.com\/avatar\/74996b0977aa5f1559ba9883776652508b229005c0d78fb2597897f0bd651c09?s=96&d=mm&r=g\",\"contentUrl\":\"https:\/\/secure.gravatar.com\/avatar\/74996b0977aa5f1559ba9883776652508b229005c0d78fb2597897f0bd651c09?s=96&d=mm&r=g\",\"caption\":\"Edit\u00f6r\"},\"sameAs\":[\"http:\/\/www.avrupapress.com\"],\"url\":\"https:\/\/avrupapress.com\/main\/author\/editor\/\"}]}<\/script>\n<!-- \/ Yoast SEO plugin. -->","yoast_head_json":{"title":"Bel\u00e7ika genelinde bay bayan kuaf\u00f6r salonlar\u0131 5 Nisan'a kadar kapat\u0131ld\u0131 - AvrupaPress","robots":{"index":"index","follow":"follow","max-snippet":"max-snippet:-1","max-image-preview":"max-image-preview:large","max-video-preview":"max-video-preview:-1"},"canonical":"https:\/\/avrupapress.com\/2020\/03\/24\/belcika-genelinde-bay-bayan-kuafor-salonlari-5-nisana-kadar-kapatildi\/","og_locale":"fr_FR","og_type":"article","og_title":"Bel\u00e7ika genelinde bay bayan kuaf\u00f6r salonlar\u0131 5 Nisan'a kadar kapat\u0131ld\u0131 - AvrupaPress","og_description":"Bel\u00e7ika H\u00fck\u00fcmeti \u00ab\u00a0koronavirus\u00a0\u00bbtetbirleri konulu genelgede bay bayan kuaf\u00f6r faaliyetlerinin bu gece saat 24 itibariyla 5 nisan a kadar durduruldu\u011funu ba\u015fbakan Sofie Wilmes tarafindan bildirildi. Bel\u00e7ika H\u00fck\u00fcmeti \u00ab\u00a0koronavirus\u00a0\u00bbtetbirleri konulu genelgede bay bayan kuaf\u00f6r faaliyetlerinin bu gece saat 24 itibariyla 5 nisan a kadar durduruldu\u011funu ba\u015fbakan Sofie Wilmes tarafindan bildirildi. Genelgede ,yapilan i\u015flem sirasinda bir\u00e7ok kez fiziksel [&hellip;]","og_url":"https:\/\/avrupapress.com\/2020\/03\/24\/belcika-genelinde-bay-bayan-kuafor-salonlari-5-nisana-kadar-kapatildi\/","og_site_name":"AvrupaPress","article_published_time":"2020-03-24T20:09:20+00:00","article_modified_time":"2020-03-24T20:09:22+00:00","og_image":[{"width":766,"height":559,"url":"https:\/\/avrupapress.com\/wp-content\/uploads\/2020\/03\/90679087_10158206595774727_1087217262416363520_n.jpg","type":"image\/jpeg"}],"author":"Edit\u00f6r","twitter_card":"summary_large_image","twitter_misc":{"\u00c9crit par":"Edit\u00f6r","Dur\u00e9e de lecture est.":"1 minute"},"schema":{"@context":"https:\/\/schema.org","@graph":[{"@type":"Article","@id":"https:\/\/avrupapress.com\/2020\/03\/24\/belcika-genelinde-bay-bayan-kuafor-salonlari-5-nisana-kadar-kapatildi\/#article","isPartOf":{"@id":"https:\/\/avrupapress.com\/2020\/03\/24\/belcika-genelinde-bay-bayan-kuafor-salonlari-5-nisana-kadar-kapatildi\/"},"author":{"name":"Edit\u00f6r","@id":"https:\/\/avrupapress.com\/#\/schema\/person\/68428444ec60970d1e1b700cf4ca1e8f"},"headline":"Bel\u00e7ika genelinde bay bayan kuaf\u00f6r salonlar\u0131 5 Nisan&rsquo;a kadar kapat\u0131ld\u0131","datePublished":"2020-03-24T20:09:20+00:00","dateModified":"2020-03-24T20:09:22+00:00","mainEntityOfPage":{"@id":"https:\/\/avrupapress.com\/2020\/03\/24\/belcika-genelinde-bay-bayan-kuafor-salonlari-5-nisana-kadar-kapatildi\/"},"wordCount":222,"publisher":{"@id":"https:\/\/avrupapress.com\/#\/schema\/person\/0223dca19c72c43575bf30d1a2d8f4fa"},"image":{"@id":"https:\/\/avrupapress.com\/2020\/03\/24\/belcika-genelinde-bay-bayan-kuafor-salonlari-5-nisana-kadar-kapatildi\/#primaryimage"},"thumbnailUrl":"https:\/\/avrupapress.com\/main\/wp-content\/uploads\/2020\/03\/90679087_10158206595774727_1087217262416363520_n.jpg","articleSection":["Avrupa","Bel\u00e7ika","D\u00fcnya","Ekonomi","K\u00fclt\u00fcr-Sanat","Spor","Tan\u0131t\u0131m","T\u00fcrkiye","Uncategorized"],"inLanguage":"fr-BE"},{"@type":"WebPage","@id":"https:\/\/avrupapress.com\/2020\/03\/24\/belcika-genelinde-bay-bayan-kuafor-salonlari-5-nisana-kadar-kapatildi\/","url":"https:\/\/avrupapress.com\/2020\/03\/24\/belcika-genelinde-bay-bayan-kuafor-salonlari-5-nisana-kadar-kapatildi\/","name":"Bel\u00e7ika genelinde bay bayan kuaf\u00f6r salonlar\u0131 5 Nisan'a kadar kapat\u0131ld\u0131 - AvrupaPress","isPartOf":{"@id":"https:\/\/avrupapress.com\/#website"},"primaryImageOfPage":{"@id":"https:\/\/avrupapress.com\/2020\/03\/24\/belcika-genelinde-bay-bayan-kuafor-salonlari-5-nisana-kadar-kapatildi\/#primaryimage"},"image":{"@id":"https:\/\/avrupapress.com\/2020\/03\/24\/belcika-genelinde-bay-bayan-kuafor-salonlari-5-nisana-kadar-kapatildi\/#primaryimage"},"thumbnailUrl":"https:\/\/avrupapress.com\/main\/wp-content\/uploads\/2020\/03\/90679087_10158206595774727_1087217262416363520_n.jpg","datePublished":"2020-03-24T20:09:20+00:00","dateModified":"2020-03-24T20:09:22+00:00","breadcrumb":{"@id":"https:\/\/avrupapress.com\/2020\/03\/24\/belcika-genelinde-bay-bayan-kuafor-salonlari-5-nisana-kadar-kapatildi\/#breadcrumb"},"inLanguage":"fr-BE","potentialAction":[{"@type":"ReadAction","target":["https:\/\/avrupapress.com\/2020\/03\/24\/belcika-genelinde-bay-bayan-kuafor-salonlari-5-nisana-kadar-kapatildi\/"]}]},{"@type":"ImageObject","inLanguage":"fr-BE","@id":"https:\/\/avrupapress.com\/2020\/03\/24\/belcika-genelinde-bay-bayan-kuafor-salonlari-5-nisana-kadar-kapatildi\/#primaryimage","url":"https:\/\/avrupapress.com\/main\/wp-content\/uploads\/2020\/03\/90679087_10158206595774727_1087217262416363520_n.jpg","contentUrl":"https:\/\/avrupapress.com\/main\/wp-content\/uploads\/2020\/03\/90679087_10158206595774727_1087217262416363520_n.jpg","width":766,"height":559},{"@type":"BreadcrumbList","@id":"https:\/\/avrupapress.com\/2020\/03\/24\/belcika-genelinde-bay-bayan-kuafor-salonlari-5-nisana-kadar-kapatildi\/#breadcrumb","itemListElement":[{"@type":"ListItem","position":1,"name":"Anasayfa","item":"https:\/\/avrupapress.com\/"},{"@type":"ListItem","position":2,"name":"Bel\u00e7ika genelinde bay bayan kuaf\u00f6r salonlar\u0131 5 Nisan&#8217;a kadar kapat\u0131ld\u0131"}]},{"@type":"WebSite","@id":"https:\/\/avrupapress.com\/#website","url":"https:\/\/avrupapress.com\/","name":"AvrupaPress","description":"Haberin Adresi","publisher":{"@id":"https:\/\/avrupapress.com\/#\/schema\/person\/0223dca19c72c43575bf30d1a2d8f4fa"},"potentialAction":[{"@type":"SearchAction","target":{"@type":"EntryPoint","urlTemplate":"https:\/\/avrupapress.com\/?s={search_term_string}"},"query-input":{"@type":"PropertyValueSpecification","valueRequired":true,"valueName":"search_term_string"}}],"inLanguage":"fr-BE"},{"@type":["Person","Organization"],"@id":"https:\/\/avrupapress.com\/#\/schema\/person\/0223dca19c72c43575bf30d1a2d8f4fa","name":"Bilgin \u00d6z\u00e7ift\u00e7i","image":{"@type":"ImageObject","inLanguage":"fr-BE","@id":"https:\/\/avrupapress.com\/#\/schema\/person\/image\/","url":"https:\/\/secure.gravatar.com\/avatar\/0f23b280433a21e1ea7a0adcc46ed0ad16afe3ad8e630fd13d8a017dcbd54ef3?s=96&d=mm&r=g","contentUrl":"https:\/\/secure.gravatar.com\/avatar\/0f23b280433a21e1ea7a0adcc46ed0ad16afe3ad8e630fd13d8a017dcbd54ef3?s=96&d=mm&r=g","caption":"Bilgin \u00d6z\u00e7ift\u00e7i"},"logo":{"@id":"https:\/\/avrupapress.com\/#\/schema\/person\/image\/"},"description":"Ne ben, nede sen... Biz ancak \"biz\" olursak g\u00fc\u00e7l\u00fc olabiliriz"},{"@type":"Person","@id":"https:\/\/avrupapress.com\/#\/schema\/person\/68428444ec60970d1e1b700cf4ca1e8f","name":"Edit\u00f6r","image":{"@type":"ImageObject","inLanguage":"fr-BE","@id":"https:\/\/avrupapress.com\/#\/schema\/person\/image\/","url":"https:\/\/secure.gravatar.com\/avatar\/74996b0977aa5f1559ba9883776652508b229005c0d78fb2597897f0bd651c09?s=96&d=mm&r=g","contentUrl":"https:\/\/secure.gravatar.com\/avatar\/74996b0977aa5f1559ba9883776652508b229005c0d78fb2597897f0bd651c09?s=96&d=mm&r=g","caption":"Edit\u00f6r"},"sameAs":["http:\/\/www.avrupapress.com"],"url":"https:\/\/avrupapress.com\/main\/author\/editor\/"}]}},"_links":{"self":[{"href":"https:\/\/avrupapress.com\/main\/wp-json\/wp\/v2\/posts\/10966","targetHints":{"allow":["GET"]}}],"collection":[{"href":"https:\/\/avrupapress.com\/main\/wp-json\/wp\/v2\/posts"}],"about":[{"href":"https:\/\/avrupapress.com\/main\/wp-json\/wp\/v2\/types\/post"}],"author":[{"embeddable":true,"href":"https:\/\/avrupapress.com\/main\/wp-json\/wp\/v2\/users\/3"}],"replies":[{"embeddable":true,"href":"https:\/\/avrupapress.com\/main\/wp-json\/wp\/v2\/comments?post=10966"}],"version-history":[{"count":1,"href":"https:\/\/avrupapress.com\/main\/wp-json\/wp\/v2\/posts\/10966\/revisions"}],"predecessor-version":[{"id":10968,"href":"https:\/\/avrupapress.com\/main\/wp-json\/wp\/v2\/posts\/10966\/revisions\/10968"}],"wp:featuredmedia":[{"embeddable":true,"href":"https:\/\/avrupapress.com\/main\/wp-json\/wp\/v2\/media\/10967"}],"wp:attachment":[{"href":"https:\/\/avrupapress.com\/main\/wp-json\/wp\/v2\/media?parent=10966"}],"wp:term":[{"taxonomy":"category","embeddable":true,"href":"https:\/\/avrupapress.com\/main\/wp-json\/wp\/v2\/categories?post=10966"},{"taxonomy":"post_tag","embeddable":true,"href":"https:\/\/avrupapress.com\/main\/wp-json\/wp\/v2\/tags?post=10966"}],"curies":[{"name":"wp","href":"https:\/\/api.w.org\/{rel}","templated":true}]}}