{"id":10963,"date":"2020-03-24T19:47:38","date_gmt":"2020-03-24T19:47:38","guid":{"rendered":"http:\/\/avrupapress.com\/main\/?p=10963"},"modified":"2020-03-24T19:57:30","modified_gmt":"2020-03-24T19:57:30","slug":"uid-belcika-olarak-belcika-makamlariyla-birlikte-koordineli-bir-sekilde-calismaktayiz","status":"publish","type":"post","link":"https:\/\/avrupapress.com\/main\/2020\/03\/24\/uid-belcika-olarak-belcika-makamlariyla-birlikte-koordineli-bir-sekilde-calismaktayiz\/","title":{"rendered":"UID Belcika olarak Belcika makamlariyla birlikte koordineli bir sekilde calismaktayiz"},"content":{"rendered":"<p><strong>UID BEL\u00c7\u0130KA<\/strong><strong>Uluslararas\u0131 Demokratlar Birli\u011fi\u2019nin Bel\u00e7ika Ba\u015fkan\u0131 Basir Hamarat\u00a0UID Belcika olarak Belcika makamlariyla CORONA V\u0130RUS ile m\u00fccadele subelerimizle birlikte koordineli bir sekilde calismaktayiz<\/strong><\/p>\n<p>Uluslararas\u0131 Demokratlar Birli\u011fi\u2019nin Bel\u00e7ika Ba\u015fkan\u0131 Basir Hamarat\u00a0UID Belcika olarak Belcika makamlariyla CORONA V\u0130RUS ile m\u00fccadele subelerimizle birlikte koordineli bir sekilde calismaktayiz.<\/p>\n<p>Teskilatimiz Belcika\u2019nin hemen hemen her Bolgesinde sosyal medya araciliyla iletisim hesaplari acarak yasli ve ihtiyac sahiplerine milliyet gozetmeden ulasip sorunlarini gidermede yardimci olmaktiyiz.<\/p>\n<p>T\u00fcrkiyedeki h\u00fck\u00fcmetimizle istisare ederek CORONA V\u0130RUS&rsquo;den dolayi burda vefat eden vatandaslarimizi belcika h\u00fck\u00fcmetimizin izni dahalinde T\u00fcrkiye&rsquo;ye nakli konusunda yardimci olmaktayiz.<\/p>\n<p>B\u00fct\u00fcn D\u00fcnya&rsquo;da\u00a0 oldugu gibi bizde&rsquo;de UID Ailesi ve biz T\u00fcrk vatandaslari olarak Belcika h\u00fck\u00fcmetin\u00a0 CORONA V\u0130RUS\u0130 ile M\u00fccadelesinde\u00a0 birlikte calismaya devam edecegiz&#8230;<\/p>\n<p>Belcikadaki T\u00fcrk vatandaslarimizin duyarli olmasini ve Belcika h\u00fck\u00fcmeti&rsquo;nin CORONA V\u0130RUSLE m\u00fccadelesinde almis oldugu kurallara harfiyen uyulmasinda azami gayret gosterelim&#8230;<\/p>\n<p>Allaha Emanet olun<\/p>\n<p><strong>Uluslararas\u0131 Demokratlar Birli\u011fi\u2019nin Bel\u00e7ika Ba\u015fkan\u0131 Basir Hamarat<\/strong><\/p>\n<p><strong>Bilgin Ozcifci \/ AVRUPAPRESS<\/strong><\/p>\n<style>\n<!--\n \/* Font Definitions *\/\n @font-face\n\t{font-family:\"Cambria Math\";\n\tpanose-1:2 4 5 3 5 4 6 3 2 4;\n\tmso-font-charset:1;\n\tmso-generic-font-family:roman;\n\tmso-font-format:other;\n\tmso-font-pitch:variable;\n\tmso-font-signature:0 0 0 0 0 0;}\n@font-face\n\t{font-family:Calibri;\n\tpanose-1:2 15 5 2 2 2 4 3 2 4;\n\tmso-font-charset:0;\n\tmso-generic-font-family:swiss;\n\tmso-font-pitch:variable;\n\tmso-font-signature:-469750017 -1073732485 9 0 511 0;}\n \/* Style Definitions *\/\n p.MsoNormal, li.MsoNormal, div.MsoNormal\n\t{mso-style-unhide:no;\n\tmso-style-qformat:yes;\n\tmso-style-parent:\"\";\n\tmargin-top:0cm;\n\tmargin-right:0cm;\n\tmargin-bottom:10.0pt;\n\tmargin-left:0cm;\n\tline-height:115%;\n\tmso-pagination:widow-orphan;\n\tfont-size:11.0pt;\n\tfont-family:\"Calibri\",\"sans-serif\";\n\tmso-ascii-font-family:Calibri;\n\tmso-ascii-theme-font:minor-latin;\n\tmso-fareast-font-family:Calibri;\n\tmso-fareast-theme-font:minor-latin;\n\tmso-hansi-font-family:Calibri;\n\tmso-hansi-theme-font:minor-latin;\n\tmso-bidi-font-family:\"Times New Roman\";\n\tmso-bidi-theme-font:minor-bidi;\n\tmso-fareast-language:EN-US;}\np\n\t{mso-style-noshow:yes;\n\tmso-style-priority:99;\n\tmso-margin-top-alt:auto;\n\tmargin-right:0cm;\n\tmso-margin-bottom-alt:auto;\n\tmargin-left:0cm;\n\tmso-pagination:widow-orphan;\n\tfont-size:12.0pt;\n\tfont-family:\"Times New Roman\",\"serif\";\n\tmso-fareast-font-family:\"Times New Roman\";}\n.MsoChpDefault\n\t{mso-style-type:export-only;\n\tmso-default-props:yes;\n\tmso-ascii-font-family:Calibri;\n\tmso-ascii-theme-font:minor-latin;\n\tmso-fareast-font-family:Calibri;\n\tmso-fareast-theme-font:minor-latin;\n\tmso-hansi-font-family:Calibri;\n\tmso-hansi-theme-font:minor-latin;\n\tmso-bidi-font-family:\"Times New Roman\";\n\tmso-bidi-theme-font:minor-bidi;\n\tmso-fareast-language:EN-US;}\n.MsoPapDefault\n\t{mso-style-type:export-only;\n\tmargin-bottom:10.0pt;\n\tline-height:115%;}\n@page Section1\n\t{size:612.0pt 792.0pt;\n\tmargin:70.85pt 70.85pt 70.85pt 70.85pt;\n\tmso-header-margin:35.4pt;\n\tmso-footer-margin:35.4pt;\n\tmso-paper-source:0;}\ndiv.Section1\n\t{page:Section1;}\n--><br \/>\n<\/style>\n<p><!-- [if gte mso 10]>\n\n\n\n<style>\n \/* Style Definitions *\/\n table.MsoNormalTable\n\t{mso-style-name:\"Normal Tablo\";\n\tmso-tstyle-rowband-size:0;\n\tmso-tstyle-colband-size:0;\n\tmso-style-noshow:yes;\n\tmso-style-priority:99;\n\tmso-style-qformat:yes;\n\tmso-style-parent:\"\";\n\tmso-padding-alt:0cm 5.4pt 0cm 5.4pt;\n\tmso-para-margin-top:0cm;\n\tmso-para-margin-right:0cm;\n\tmso-para-margin-bottom:10.0pt;\n\tmso-para-margin-left:0cm;\n\tline-height:115%;\n\tmso-pagination:widow-orphan;\n\tfont-size:11.0pt;\n\tfont-family:\"Calibri\",\"sans-serif\";\n\tmso-ascii-font-family:Calibri;\n\tmso-ascii-theme-font:minor-latin;\n\tmso-fareast-font-family:\"Times New Roman\";\n\tmso-fareast-theme-font:minor-fareast;\n\tmso-hansi-font-family:Calibri;\n\tmso-hansi-theme-font:minor-latin;\n\tmso-bidi-font-family:\"Times New Roman\";\n\tmso-bidi-theme-font:minor-bidi;}\n<\/style>\n\n\n\n<![endif]--><\/p>\n<p><!--StartFragment--><\/p>\n","protected":false},"excerpt":{"rendered":"<p>UID BEL\u00c7\u0130KAUluslararas\u0131 Demokratlar Birli\u011fi\u2019nin Bel\u00e7ika Ba\u015fkan\u0131 Basir Hamarat\u00a0UID Belcika olarak Belcika makamlariyla CORONA V\u0130RUS ile m\u00fccadele subelerimizle birlikte koordineli bir sekilde calismaktayiz Uluslararas\u0131 Demokratlar Birli\u011fi\u2019nin Bel\u00e7ika Ba\u015fkan\u0131 Basir Hamarat\u00a0UID Belcika olarak Belcika makamlariyla CORONA V\u0130RUS ile m\u00fccadele subelerimizle birlikte koordineli bir sekilde calismaktayiz. Teskilatimiz Belcika\u2019nin hemen hemen her Bolgesinde sosyal medya araciliyla iletisim hesaplari acarak [&hellip;]<\/p>\n","protected":false},"author":3,"featured_media":10924,"comment_status":"closed","ping_status":"open","sticky":false,"template":"","format":"standard","meta":{"footnotes":""},"categories":[14,16,3,17,18,15,19,2,1],"tags":[5146],"class_list":["post-10963","post","type-post","status-publish","format-standard","has-post-thumbnail","hentry","category-avrupa","category-belcika","category-dunya","category-ekonomi","category-kultur-sanat","category-spor","category-tanitim","category-turkiye","category-uncategorized","tag-uid-belcika-olarak-belcika-makamlariyla-birlikte-koordineli-bir-sekilde-calismaktayiz"],"yoast_head":"<!-- This site is optimized with the Yoast SEO plugin v26.9 - https:\/\/yoast.com\/product\/yoast-seo-wordpress\/ -->\n<title>UID Belcika olarak Belcika makamlariyla birlikte koordineli bir sekilde calismaktayiz - AvrupaPress<\/title>\n<meta name=\"robots\" content=\"index, follow, max-snippet:-1, max-image-preview:large, max-video-preview:-1\" \/>\n<link rel=\"canonical\" href=\"https:\/\/avrupapress.com\/2020\/03\/24\/uid-belcika-olarak-belcika-makamlariyla-birlikte-koordineli-bir-sekilde-calismaktayiz\/\" \/>\n<meta property=\"og:locale\" content=\"fr_FR\" \/>\n<meta property=\"og:type\" content=\"article\" \/>\n<meta property=\"og:title\" content=\"UID Belcika olarak Belcika makamlariyla birlikte koordineli bir sekilde calismaktayiz - AvrupaPress\" \/>\n<meta property=\"og:description\" content=\"UID BEL\u00c7\u0130KAUluslararas\u0131 Demokratlar Birli\u011fi\u2019nin Bel\u00e7ika Ba\u015fkan\u0131 Basir Hamarat\u00a0UID Belcika olarak Belcika makamlariyla CORONA V\u0130RUS ile m\u00fccadele subelerimizle birlikte koordineli bir sekilde calismaktayiz Uluslararas\u0131 Demokratlar Birli\u011fi\u2019nin Bel\u00e7ika Ba\u015fkan\u0131 Basir Hamarat\u00a0UID Belcika olarak Belcika makamlariyla CORONA V\u0130RUS ile m\u00fccadele subelerimizle birlikte koordineli bir sekilde calismaktayiz. Teskilatimiz Belcika\u2019nin hemen hemen her Bolgesinde sosyal medya araciliyla iletisim hesaplari acarak [&hellip;]\" \/>\n<meta property=\"og:url\" content=\"https:\/\/avrupapress.com\/2020\/03\/24\/uid-belcika-olarak-belcika-makamlariyla-birlikte-koordineli-bir-sekilde-calismaktayiz\/\" \/>\n<meta property=\"og:site_name\" content=\"AvrupaPress\" \/>\n<meta property=\"article:published_time\" content=\"2020-03-24T19:47:38+00:00\" \/>\n<meta property=\"article:modified_time\" content=\"2020-03-24T19:57:30+00:00\" \/>\n<meta property=\"og:image\" content=\"https:\/\/avrupapress.com\/wp-content\/uploads\/2020\/03\/Basir-Hamarat-a.jpg\" \/>\n\t<meta property=\"og:image:width\" content=\"800\" \/>\n\t<meta property=\"og:image:height\" content=\"545\" \/>\n\t<meta property=\"og:image:type\" content=\"image\/jpeg\" \/>\n<meta name=\"author\" content=\"Edit\u00f6r\" \/>\n<meta name=\"twitter:card\" content=\"summary_large_image\" \/>\n<meta name=\"twitter:label1\" content=\"\u00c9crit par\" \/>\n\t<meta name=\"twitter:data1\" content=\"Edit\u00f6r\" \/>\n\t<meta name=\"twitter:label2\" content=\"Dur\u00e9e de lecture est.\" \/>\n\t<meta name=\"twitter:data2\" content=\"1 minute\" \/>\n<script type=\"application\/ld+json\" class=\"yoast-schema-graph\">{\"@context\":\"https:\/\/schema.org\",\"@graph\":[{\"@type\":\"Article\",\"@id\":\"https:\/\/avrupapress.com\/2020\/03\/24\/uid-belcika-olarak-belcika-makamlariyla-birlikte-koordineli-bir-sekilde-calismaktayiz\/#article\",\"isPartOf\":{\"@id\":\"https:\/\/avrupapress.com\/2020\/03\/24\/uid-belcika-olarak-belcika-makamlariyla-birlikte-koordineli-bir-sekilde-calismaktayiz\/\"},\"author\":{\"name\":\"Edit\u00f6r\",\"@id\":\"https:\/\/avrupapress.com\/#\/schema\/person\/68428444ec60970d1e1b700cf4ca1e8f\"},\"headline\":\"UID Belcika olarak Belcika makamlariyla birlikte koordineli bir sekilde calismaktayiz\",\"datePublished\":\"2020-03-24T19:47:38+00:00\",\"dateModified\":\"2020-03-24T19:57:30+00:00\",\"mainEntityOfPage\":{\"@id\":\"https:\/\/avrupapress.com\/2020\/03\/24\/uid-belcika-olarak-belcika-makamlariyla-birlikte-koordineli-bir-sekilde-calismaktayiz\/\"},\"wordCount\":191,\"publisher\":{\"@id\":\"https:\/\/avrupapress.com\/#\/schema\/person\/0223dca19c72c43575bf30d1a2d8f4fa\"},\"image\":{\"@id\":\"https:\/\/avrupapress.com\/2020\/03\/24\/uid-belcika-olarak-belcika-makamlariyla-birlikte-koordineli-bir-sekilde-calismaktayiz\/#primaryimage\"},\"thumbnailUrl\":\"https:\/\/avrupapress.com\/main\/wp-content\/uploads\/2020\/03\/Basir-Hamarat-a.jpg\",\"keywords\":[\"UID Belcika olarak Belcika makamlariyla birlikte koordineli bir sekilde calismaktayiz\"],\"articleSection\":[\"Avrupa\",\"Bel\u00e7ika\",\"D\u00fcnya\",\"Ekonomi\",\"K\u00fclt\u00fcr-Sanat\",\"Spor\",\"Tan\u0131t\u0131m\",\"T\u00fcrkiye\",\"Uncategorized\"],\"inLanguage\":\"fr-BE\"},{\"@type\":\"WebPage\",\"@id\":\"https:\/\/avrupapress.com\/2020\/03\/24\/uid-belcika-olarak-belcika-makamlariyla-birlikte-koordineli-bir-sekilde-calismaktayiz\/\",\"url\":\"https:\/\/avrupapress.com\/2020\/03\/24\/uid-belcika-olarak-belcika-makamlariyla-birlikte-koordineli-bir-sekilde-calismaktayiz\/\",\"name\":\"UID Belcika olarak Belcika makamlariyla birlikte koordineli bir sekilde calismaktayiz - AvrupaPress\",\"isPartOf\":{\"@id\":\"https:\/\/avrupapress.com\/#website\"},\"primaryImageOfPage\":{\"@id\":\"https:\/\/avrupapress.com\/2020\/03\/24\/uid-belcika-olarak-belcika-makamlariyla-birlikte-koordineli-bir-sekilde-calismaktayiz\/#primaryimage\"},\"image\":{\"@id\":\"https:\/\/avrupapress.com\/2020\/03\/24\/uid-belcika-olarak-belcika-makamlariyla-birlikte-koordineli-bir-sekilde-calismaktayiz\/#primaryimage\"},\"thumbnailUrl\":\"https:\/\/avrupapress.com\/main\/wp-content\/uploads\/2020\/03\/Basir-Hamarat-a.jpg\",\"datePublished\":\"2020-03-24T19:47:38+00:00\",\"dateModified\":\"2020-03-24T19:57:30+00:00\",\"breadcrumb\":{\"@id\":\"https:\/\/avrupapress.com\/2020\/03\/24\/uid-belcika-olarak-belcika-makamlariyla-birlikte-koordineli-bir-sekilde-calismaktayiz\/#breadcrumb\"},\"inLanguage\":\"fr-BE\",\"potentialAction\":[{\"@type\":\"ReadAction\",\"target\":[\"https:\/\/avrupapress.com\/2020\/03\/24\/uid-belcika-olarak-belcika-makamlariyla-birlikte-koordineli-bir-sekilde-calismaktayiz\/\"]}]},{\"@type\":\"ImageObject\",\"inLanguage\":\"fr-BE\",\"@id\":\"https:\/\/avrupapress.com\/2020\/03\/24\/uid-belcika-olarak-belcika-makamlariyla-birlikte-koordineli-bir-sekilde-calismaktayiz\/#primaryimage\",\"url\":\"https:\/\/avrupapress.com\/main\/wp-content\/uploads\/2020\/03\/Basir-Hamarat-a.jpg\",\"contentUrl\":\"https:\/\/avrupapress.com\/main\/wp-content\/uploads\/2020\/03\/Basir-Hamarat-a.jpg\",\"width\":800,\"height\":545},{\"@type\":\"BreadcrumbList\",\"@id\":\"https:\/\/avrupapress.com\/2020\/03\/24\/uid-belcika-olarak-belcika-makamlariyla-birlikte-koordineli-bir-sekilde-calismaktayiz\/#breadcrumb\",\"itemListElement\":[{\"@type\":\"ListItem\",\"position\":1,\"name\":\"Anasayfa\",\"item\":\"https:\/\/avrupapress.com\/\"},{\"@type\":\"ListItem\",\"position\":2,\"name\":\"UID Belcika olarak Belcika makamlariyla birlikte koordineli bir sekilde calismaktayiz\"}]},{\"@type\":\"WebSite\",\"@id\":\"https:\/\/avrupapress.com\/#website\",\"url\":\"https:\/\/avrupapress.com\/\",\"name\":\"AvrupaPress\",\"description\":\"Haberin Adresi\",\"publisher\":{\"@id\":\"https:\/\/avrupapress.com\/#\/schema\/person\/0223dca19c72c43575bf30d1a2d8f4fa\"},\"potentialAction\":[{\"@type\":\"SearchAction\",\"target\":{\"@type\":\"EntryPoint\",\"urlTemplate\":\"https:\/\/avrupapress.com\/?s={search_term_string}\"},\"query-input\":{\"@type\":\"PropertyValueSpecification\",\"valueRequired\":true,\"valueName\":\"search_term_string\"}}],\"inLanguage\":\"fr-BE\"},{\"@type\":[\"Person\",\"Organization\"],\"@id\":\"https:\/\/avrupapress.com\/#\/schema\/person\/0223dca19c72c43575bf30d1a2d8f4fa\",\"name\":\"Bilgin \u00d6z\u00e7ift\u00e7i\",\"image\":{\"@type\":\"ImageObject\",\"inLanguage\":\"fr-BE\",\"@id\":\"https:\/\/avrupapress.com\/#\/schema\/person\/image\/\",\"url\":\"https:\/\/secure.gravatar.com\/avatar\/0f23b280433a21e1ea7a0adcc46ed0ad16afe3ad8e630fd13d8a017dcbd54ef3?s=96&d=mm&r=g\",\"contentUrl\":\"https:\/\/secure.gravatar.com\/avatar\/0f23b280433a21e1ea7a0adcc46ed0ad16afe3ad8e630fd13d8a017dcbd54ef3?s=96&d=mm&r=g\",\"caption\":\"Bilgin \u00d6z\u00e7ift\u00e7i\"},\"logo\":{\"@id\":\"https:\/\/avrupapress.com\/#\/schema\/person\/image\/\"},\"description\":\"Ne ben, nede sen... Biz ancak \\\"biz\\\" olursak g\u00fc\u00e7l\u00fc olabiliriz\"},{\"@type\":\"Person\",\"@id\":\"https:\/\/avrupapress.com\/#\/schema\/person\/68428444ec60970d1e1b700cf4ca1e8f\",\"name\":\"Edit\u00f6r\",\"image\":{\"@type\":\"ImageObject\",\"inLanguage\":\"fr-BE\",\"@id\":\"https:\/\/avrupapress.com\/#\/schema\/person\/image\/\",\"url\":\"https:\/\/secure.gravatar.com\/avatar\/74996b0977aa5f1559ba9883776652508b229005c0d78fb2597897f0bd651c09?s=96&d=mm&r=g\",\"contentUrl\":\"https:\/\/secure.gravatar.com\/avatar\/74996b0977aa5f1559ba9883776652508b229005c0d78fb2597897f0bd651c09?s=96&d=mm&r=g\",\"caption\":\"Edit\u00f6r\"},\"sameAs\":[\"http:\/\/www.avrupapress.com\"],\"url\":\"https:\/\/avrupapress.com\/main\/author\/editor\/\"}]}<\/script>\n<!-- \/ Yoast SEO plugin. -->","yoast_head_json":{"title":"UID Belcika olarak Belcika makamlariyla birlikte koordineli bir sekilde calismaktayiz - AvrupaPress","robots":{"index":"index","follow":"follow","max-snippet":"max-snippet:-1","max-image-preview":"max-image-preview:large","max-video-preview":"max-video-preview:-1"},"canonical":"https:\/\/avrupapress.com\/2020\/03\/24\/uid-belcika-olarak-belcika-makamlariyla-birlikte-koordineli-bir-sekilde-calismaktayiz\/","og_locale":"fr_FR","og_type":"article","og_title":"UID Belcika olarak Belcika makamlariyla birlikte koordineli bir sekilde calismaktayiz - AvrupaPress","og_description":"UID BEL\u00c7\u0130KAUluslararas\u0131 Demokratlar Birli\u011fi\u2019nin Bel\u00e7ika Ba\u015fkan\u0131 Basir Hamarat\u00a0UID Belcika olarak Belcika makamlariyla CORONA V\u0130RUS ile m\u00fccadele subelerimizle birlikte koordineli bir sekilde calismaktayiz Uluslararas\u0131 Demokratlar Birli\u011fi\u2019nin Bel\u00e7ika Ba\u015fkan\u0131 Basir Hamarat\u00a0UID Belcika olarak Belcika makamlariyla CORONA V\u0130RUS ile m\u00fccadele subelerimizle birlikte koordineli bir sekilde calismaktayiz. Teskilatimiz Belcika\u2019nin hemen hemen her Bolgesinde sosyal medya araciliyla iletisim hesaplari acarak [&hellip;]","og_url":"https:\/\/avrupapress.com\/2020\/03\/24\/uid-belcika-olarak-belcika-makamlariyla-birlikte-koordineli-bir-sekilde-calismaktayiz\/","og_site_name":"AvrupaPress","article_published_time":"2020-03-24T19:47:38+00:00","article_modified_time":"2020-03-24T19:57:30+00:00","og_image":[{"width":800,"height":545,"url":"https:\/\/avrupapress.com\/wp-content\/uploads\/2020\/03\/Basir-Hamarat-a.jpg","type":"image\/jpeg"}],"author":"Edit\u00f6r","twitter_card":"summary_large_image","twitter_misc":{"\u00c9crit par":"Edit\u00f6r","Dur\u00e9e de lecture est.":"1 minute"},"schema":{"@context":"https:\/\/schema.org","@graph":[{"@type":"Article","@id":"https:\/\/avrupapress.com\/2020\/03\/24\/uid-belcika-olarak-belcika-makamlariyla-birlikte-koordineli-bir-sekilde-calismaktayiz\/#article","isPartOf":{"@id":"https:\/\/avrupapress.com\/2020\/03\/24\/uid-belcika-olarak-belcika-makamlariyla-birlikte-koordineli-bir-sekilde-calismaktayiz\/"},"author":{"name":"Edit\u00f6r","@id":"https:\/\/avrupapress.com\/#\/schema\/person\/68428444ec60970d1e1b700cf4ca1e8f"},"headline":"UID Belcika olarak Belcika makamlariyla birlikte koordineli bir sekilde calismaktayiz","datePublished":"2020-03-24T19:47:38+00:00","dateModified":"2020-03-24T19:57:30+00:00","mainEntityOfPage":{"@id":"https:\/\/avrupapress.com\/2020\/03\/24\/uid-belcika-olarak-belcika-makamlariyla-birlikte-koordineli-bir-sekilde-calismaktayiz\/"},"wordCount":191,"publisher":{"@id":"https:\/\/avrupapress.com\/#\/schema\/person\/0223dca19c72c43575bf30d1a2d8f4fa"},"image":{"@id":"https:\/\/avrupapress.com\/2020\/03\/24\/uid-belcika-olarak-belcika-makamlariyla-birlikte-koordineli-bir-sekilde-calismaktayiz\/#primaryimage"},"thumbnailUrl":"https:\/\/avrupapress.com\/main\/wp-content\/uploads\/2020\/03\/Basir-Hamarat-a.jpg","keywords":["UID Belcika olarak Belcika makamlariyla birlikte koordineli bir sekilde calismaktayiz"],"articleSection":["Avrupa","Bel\u00e7ika","D\u00fcnya","Ekonomi","K\u00fclt\u00fcr-Sanat","Spor","Tan\u0131t\u0131m","T\u00fcrkiye","Uncategorized"],"inLanguage":"fr-BE"},{"@type":"WebPage","@id":"https:\/\/avrupapress.com\/2020\/03\/24\/uid-belcika-olarak-belcika-makamlariyla-birlikte-koordineli-bir-sekilde-calismaktayiz\/","url":"https:\/\/avrupapress.com\/2020\/03\/24\/uid-belcika-olarak-belcika-makamlariyla-birlikte-koordineli-bir-sekilde-calismaktayiz\/","name":"UID Belcika olarak Belcika makamlariyla birlikte koordineli bir sekilde calismaktayiz - AvrupaPress","isPartOf":{"@id":"https:\/\/avrupapress.com\/#website"},"primaryImageOfPage":{"@id":"https:\/\/avrupapress.com\/2020\/03\/24\/uid-belcika-olarak-belcika-makamlariyla-birlikte-koordineli-bir-sekilde-calismaktayiz\/#primaryimage"},"image":{"@id":"https:\/\/avrupapress.com\/2020\/03\/24\/uid-belcika-olarak-belcika-makamlariyla-birlikte-koordineli-bir-sekilde-calismaktayiz\/#primaryimage"},"thumbnailUrl":"https:\/\/avrupapress.com\/main\/wp-content\/uploads\/2020\/03\/Basir-Hamarat-a.jpg","datePublished":"2020-03-24T19:47:38+00:00","dateModified":"2020-03-24T19:57:30+00:00","breadcrumb":{"@id":"https:\/\/avrupapress.com\/2020\/03\/24\/uid-belcika-olarak-belcika-makamlariyla-birlikte-koordineli-bir-sekilde-calismaktayiz\/#breadcrumb"},"inLanguage":"fr-BE","potentialAction":[{"@type":"ReadAction","target":["https:\/\/avrupapress.com\/2020\/03\/24\/uid-belcika-olarak-belcika-makamlariyla-birlikte-koordineli-bir-sekilde-calismaktayiz\/"]}]},{"@type":"ImageObject","inLanguage":"fr-BE","@id":"https:\/\/avrupapress.com\/2020\/03\/24\/uid-belcika-olarak-belcika-makamlariyla-birlikte-koordineli-bir-sekilde-calismaktayiz\/#primaryimage","url":"https:\/\/avrupapress.com\/main\/wp-content\/uploads\/2020\/03\/Basir-Hamarat-a.jpg","contentUrl":"https:\/\/avrupapress.com\/main\/wp-content\/uploads\/2020\/03\/Basir-Hamarat-a.jpg","width":800,"height":545},{"@type":"BreadcrumbList","@id":"https:\/\/avrupapress.com\/2020\/03\/24\/uid-belcika-olarak-belcika-makamlariyla-birlikte-koordineli-bir-sekilde-calismaktayiz\/#breadcrumb","itemListElement":[{"@type":"ListItem","position":1,"name":"Anasayfa","item":"https:\/\/avrupapress.com\/"},{"@type":"ListItem","position":2,"name":"UID Belcika olarak Belcika makamlariyla birlikte koordineli bir sekilde calismaktayiz"}]},{"@type":"WebSite","@id":"https:\/\/avrupapress.com\/#website","url":"https:\/\/avrupapress.com\/","name":"AvrupaPress","description":"Haberin Adresi","publisher":{"@id":"https:\/\/avrupapress.com\/#\/schema\/person\/0223dca19c72c43575bf30d1a2d8f4fa"},"potentialAction":[{"@type":"SearchAction","target":{"@type":"EntryPoint","urlTemplate":"https:\/\/avrupapress.com\/?s={search_term_string}"},"query-input":{"@type":"PropertyValueSpecification","valueRequired":true,"valueName":"search_term_string"}}],"inLanguage":"fr-BE"},{"@type":["Person","Organization"],"@id":"https:\/\/avrupapress.com\/#\/schema\/person\/0223dca19c72c43575bf30d1a2d8f4fa","name":"Bilgin \u00d6z\u00e7ift\u00e7i","image":{"@type":"ImageObject","inLanguage":"fr-BE","@id":"https:\/\/avrupapress.com\/#\/schema\/person\/image\/","url":"https:\/\/secure.gravatar.com\/avatar\/0f23b280433a21e1ea7a0adcc46ed0ad16afe3ad8e630fd13d8a017dcbd54ef3?s=96&d=mm&r=g","contentUrl":"https:\/\/secure.gravatar.com\/avatar\/0f23b280433a21e1ea7a0adcc46ed0ad16afe3ad8e630fd13d8a017dcbd54ef3?s=96&d=mm&r=g","caption":"Bilgin \u00d6z\u00e7ift\u00e7i"},"logo":{"@id":"https:\/\/avrupapress.com\/#\/schema\/person\/image\/"},"description":"Ne ben, nede sen... Biz ancak \"biz\" olursak g\u00fc\u00e7l\u00fc olabiliriz"},{"@type":"Person","@id":"https:\/\/avrupapress.com\/#\/schema\/person\/68428444ec60970d1e1b700cf4ca1e8f","name":"Edit\u00f6r","image":{"@type":"ImageObject","inLanguage":"fr-BE","@id":"https:\/\/avrupapress.com\/#\/schema\/person\/image\/","url":"https:\/\/secure.gravatar.com\/avatar\/74996b0977aa5f1559ba9883776652508b229005c0d78fb2597897f0bd651c09?s=96&d=mm&r=g","contentUrl":"https:\/\/secure.gravatar.com\/avatar\/74996b0977aa5f1559ba9883776652508b229005c0d78fb2597897f0bd651c09?s=96&d=mm&r=g","caption":"Edit\u00f6r"},"sameAs":["http:\/\/www.avrupapress.com"],"url":"https:\/\/avrupapress.com\/main\/author\/editor\/"}]}},"_links":{"self":[{"href":"https:\/\/avrupapress.com\/main\/wp-json\/wp\/v2\/posts\/10963","targetHints":{"allow":["GET"]}}],"collection":[{"href":"https:\/\/avrupapress.com\/main\/wp-json\/wp\/v2\/posts"}],"about":[{"href":"https:\/\/avrupapress.com\/main\/wp-json\/wp\/v2\/types\/post"}],"author":[{"embeddable":true,"href":"https:\/\/avrupapress.com\/main\/wp-json\/wp\/v2\/users\/3"}],"replies":[{"embeddable":true,"href":"https:\/\/avrupapress.com\/main\/wp-json\/wp\/v2\/comments?post=10963"}],"version-history":[{"count":2,"href":"https:\/\/avrupapress.com\/main\/wp-json\/wp\/v2\/posts\/10963\/revisions"}],"predecessor-version":[{"id":10965,"href":"https:\/\/avrupapress.com\/main\/wp-json\/wp\/v2\/posts\/10963\/revisions\/10965"}],"wp:featuredmedia":[{"embeddable":true,"href":"https:\/\/avrupapress.com\/main\/wp-json\/wp\/v2\/media\/10924"}],"wp:attachment":[{"href":"https:\/\/avrupapress.com\/main\/wp-json\/wp\/v2\/media?parent=10963"}],"wp:term":[{"taxonomy":"category","embeddable":true,"href":"https:\/\/avrupapress.com\/main\/wp-json\/wp\/v2\/categories?post=10963"},{"taxonomy":"post_tag","embeddable":true,"href":"https:\/\/avrupapress.com\/main\/wp-json\/wp\/v2\/tags?post=10963"}],"curies":[{"name":"wp","href":"https:\/\/api.w.org\/{rel}","templated":true}]}}