{"id":10948,"date":"2020-03-24T15:20:43","date_gmt":"2020-03-24T15:20:43","guid":{"rendered":"http:\/\/avrupapress.com\/main\/?p=10948"},"modified":"2020-03-24T15:20:46","modified_gmt":"2020-03-24T15:20:46","slug":"yabanci-dusmanligini-durduralim","status":"publish","type":"post","link":"https:\/\/avrupapress.com\/main\/2020\/03\/24\/yabanci-dusmanligini-durduralim\/","title":{"rendered":"YABANCI D\u00dc\u015eMANLI\u011eINI DURDURALIM!.."},"content":{"rendered":"\n<p><strong>YABANCI\nD\u00dc\u015eMANLI\u011eINI DURDURALIM!..<\/strong><strong><\/strong><\/p>\n\n\n\n<p>Irk\u00e7\u0131l\u0131k ve \u015fiddet sadece Almanya\u2019n\u0131n de\u011fil, t\u00fcm\nAvrupa\u2019n\u0131n sorunudur. K\u00fclt\u00fcrel uyum sorunlar\u0131n\u0131n k\u00f6kenini inceleyen sosyologlar;<em>\u201cbu konudaki en b\u00fcy\u00fck engelin Avrupal\u0131n\u0131n\ndo\u011fas\u0131nda var olan \u0131rk\u00e7\u0131 yakla\u015f\u0131m oldu\u011fu\u201d<\/em>na dikkat \u00e7ekiyorlar.Irk\u00e7\u0131l\u0131k,\nd\u00fcnyan\u0131n neresinde olursa olsun coronavir\u00fcs\u00fc gibi bula\u015f\u0131c\u0131 ve tehlikeli olarak g\u00f6r\u00fclmelidir.<\/p>\n\n\n\n<p>Fransa\u2019da, Hollanda\u2019da, Avusturya\u2019da,\n\u0130ngiltere\u2019de, \u0130talya\u2019da, Bel\u00e7ika ve Yunanistan\u2019da ve di\u011fer AB \u00fclkelerinde a\u015f\u0131r\u0131\nsa\u011f giderek g\u00fc\u00e7lenmekte, buna gerek\u00e7e olarak artan i\u015fsizlik ve ekonomik kriz\ng\u00f6sterilmektedir. Hi\u00e7bir gerek\u00e7e, insan d\u00fc\u015fmanl\u0131\u011f\u0131n\u0131 hakl\u0131 k\u0131lamaz. Krizin ger\u00e7ek\nsorumlusu kapitalist emperyalist sistemdir; onlar\u0131n doymak bilmeyen k\u00e2r\nh\u0131rslar\u0131d\u0131r.Sald\u0131r\u0131lar\u0131n hedefinde ba\u015fta T\u00fcrkler olmak \u00fczere t\u00fcm M\u00fcsl\u00fcmanlar ve\ng\u00f6\u00e7menler vard\u0131r. Tehlikede olan sadece g\u00f6\u00e7menler de\u011fil, demokrasinin ta\nkendisidir. <\/p>\n\n\n\n<p>Almanya\u2019da, 90\u2019l\u0131 y\u0131llarda iyice az\u0131tan \u0131rk\u00e7\u0131\nsald\u0131r\u0131lar Hoyerswerda, M\u00f6ln ve Solingen\u2019de s\u00fcrm\u00fc\u015f; bunu NSU cinayetleri,2019\u2019da\nKassel Valisi Walter L\u00fcbcke\u2019nin \u00f6ld\u00fcr\u00fclmesi izlemi\u015ftir. 19 \u015eubat 2020\u2019de\nHanau\u2019da 9 ki\u015finin kur\u015funlanmas\u0131 toplumu derinden sarsm\u0131\u015ft\u0131r. 1999-2020 aras\u0131\n208 insan Naziler taraf\u0131ndan katledilmi\u015f, y\u00fczlercesi yaralanm\u0131\u015ft\u0131r.Demokrasilerde,\ndemokrasiyi yok etmek isteyen \u00f6rg\u00fctlere ve eylemlere asla yer verilemez. T\u00fcm\ndemokratik partiler ve kurulu\u015flar, g\u00f6\u00e7men \u00f6rg\u00fctleri, emniyet g\u00fc\u00e7leri artan\ntehlikeye kar\u015f\u0131 durmal\u0131d\u0131r.<\/p>\n\n\n\n<p><strong>ALMAN YETK\u0130L\u0130LERE\n\u00d6NER\u0130LER<\/strong><\/p>\n\n\n\n<p>\u25a0&nbsp;&nbsp; \u0130nsanlar\u0131m\u0131z\n\u00f6ld\u00fcr\u00fcld\u00fckten sonra sald\u0131r\u0131lar\u0131 k\u0131namak yerine, \u0131rk\u00e7\u0131l\u0131\u011f\u0131 ve yabanc\u0131\nd\u00fc\u015fmanl\u0131\u011f\u0131n\u0131 k\u00f6r\u00fckleyen t\u00fcm parti ve \u00f6rg\u00fctleri kapat\u0131n\u0131z.NSU dosyas\u0131n\u0131 a\u00e7\u0131n\u0131z;\nsald\u0131r\u0131lar\u0131n arka plan\u0131n\u0131 a\u00e7\u0131klay\u0131n\u0131z.<\/p>\n\n\n\n<p>\u25a0&nbsp;&nbsp; Se\u00e7imlerde,\ng\u00f6\u00e7menleri g\u00fcnah ke\u00e7isi olarak g\u00f6stermeyiniz. Kin ve nefret tohumlar\u0131\nekmeyiniz; toplumsal bar\u0131\u015f\u0131 bozmay\u0131n\u0131z.<\/p>\n\n\n\n<p>\u25a0&nbsp;&nbsp; Be\u015f\ny\u0131ldan itibaren Almanya\u2019da oturan t\u00fcm g\u00f6\u00e7menlere belediye se\u00e7imlerine kat\u0131lma\nhakk\u0131 tan\u0131y\u0131n\u0131z. Bizi, i\u015flevleri son derece s\u0131n\u0131rl\u0131 olan Yabanc\u0131lar Meclisi ya\nda Uyum Meclisi ile oyalamaktan vazge\u00e7iniz.<\/p>\n\n\n\n<p>\u25a0 \u0130\u015fsizli\u011fi, yoksullu\u011fu \u00f6nleyecek tedbirleri\nal\u0131n\u0131z. Almanya\u2019n\u0131n olanaklar\u0131n\u0131 yerli ve g\u00f6\u00e7men ayr\u0131m\u0131 yapmadan herkese e\u015fit\nolarak sununuz. <\/p>\n\n\n\n<p>\u25a0&nbsp;&nbsp; \u00c7ifte\nvatanda\u015fl\u0131\u011f\u0131 kabul ediniz. Alman vatanda\u015fl\u0131\u011f\u0131na ge\u00e7meyi kolayla\u015ft\u0131r\u0131n\u0131z. Siyasi\npartilerde ve kurumlarda g\u00f6\u00e7menler i\u00e7in kota uygulay\u0131n\u0131z.<\/p>\n\n\n\n<p>\u25a0&nbsp;&nbsp; Alman\nhalk\u0131nda g\u00f6\u00e7menlere kar\u015f\u0131 varolan \u00f6nyarg\u0131lar\u0131 ortadan kald\u0131rmaya y\u00f6nelik\ntoplumsal, k\u00fclt\u00fcrel ve sanatsal \u00e7al\u0131\u015fmalar\u0131 destekleyiniz. Kamuoyunu uyar\u0131c\u0131 ve\nbilgilendirici malzemeler haz\u0131rlay\u0131n\u0131z.<\/p>\n\n\n\n<p>\u25a0&nbsp;&nbsp; Konut\narayan g\u00f6\u00e7menlere ayr\u0131mc\u0131l\u0131k yapmay\u0131n\u0131z. Ancak bu \u015fekilde g\u00f6\u00e7menler Almanlarla\nkom\u015fu olabilir ve daha kolay Almanca \u00f6\u011frenirler.<\/p>\n\n\n\n<p>\u25a0&nbsp;&nbsp; G\u00f6\u00e7menlerin\ndillerine, dinlerine ve k\u00fclt\u00fcrlerine sayg\u0131 g\u00f6steriniz. Anadili derslerini\nkald\u0131rmaktan, okul bah\u00e7elerinde T\u00fcrk\u00e7e konu\u015fmay\u0131 yasaklamaktan vazge\u00e7iniz. <\/p>\n\n\n\n<p>\u25a0&nbsp;&nbsp; Okullarda\nyerli ile g\u00f6\u00e7men \u00f6\u011frencilerin kayna\u015fmas\u0131 i\u00e7in gereken \u00f6nlemleri al\u0131n\u0131z. Ders\nkitaplar\u0131nda farkl\u0131 \u00fclkelerden gelen g\u00f6\u00e7menlerin ulusal k\u00fclt\u00fcrlerine ve dini\ninan\u00e7lar\u0131na yer veriniz.<\/p>\n\n\n\n<p>\u25a0&nbsp;&nbsp; Anaokulundan\nba\u015flayarak e\u011fitimin b\u00fct\u00fcn kademelerinde ho\u015fg\u00f6r\u00fcye dayanan, insan haklar\u0131na\nsayg\u0131l\u0131, \u015fiddete, kine ve yabanc\u0131 d\u00fc\u015fmanl\u0131\u011f\u0131na kar\u015f\u0131 bir e\u011fitim uygulanmas\u0131n\u0131\nsa\u011flay\u0131n\u0131z.<\/p>\n\n\n\n<p>\u25a0&nbsp;&nbsp; Yabanc\u0131\nd\u00fc\u015fmanl\u0131\u011f\u0131 yapanlara, \u015fiddet uygulayanlara kar\u015f\u0131 cayd\u0131r\u0131c\u0131 yasal \u00f6nlemler\nal\u0131n\u0131z. Derneklerimize ve camilerimize&nbsp;\nyap\u0131lan sald\u0131r\u0131lar\u0131 \u00f6nleyiniz.<\/p>\n\n\n\n<p><strong>T\u00dcRK G\u00d6\u00c7MENLERE D\u00dc\u015eEN G\u00d6REVLER<\/strong><\/p>\n\n\n\n<p>\u25a0&nbsp;&nbsp; \u00c7ocuklar\u0131m\u0131z\u0131n\nve gen\u00e7lerimizin e\u011fitimine gereken \u00f6nemi verelim. Okuyan, ara\u015ft\u0131ran ve d\u00fc\u015f\u00fcnen\nbir toplum olmak i\u00e7in, ya\u015fad\u0131\u011f\u0131m\u0131z \u00fclkede \u00f6nemli mevkilere gelmek i\u00e7in\n\u00e7al\u0131\u015fal\u0131m.<\/p>\n\n\n\n<p>\u25a0&nbsp;&nbsp; Almanlarla\niyi bir diyalog kurman\u0131n ve onlara derdimizi anlatman\u0131n yolu, dil \u00f6\u011frenmekten\nge\u00e7er. Ya\u015f\u0131m\u0131z ka\u00e7 olursa olsun Almanca \u00f6\u011frenmek i\u00e7in gereken \u00e7abay\u0131\ng\u00f6sterelim.<\/p>\n\n\n\n<p>\u25a0&nbsp;&nbsp; \u0130\u015fimizle,\ndavran\u0131\u015f\u0131m\u0131zla, \u00e7a\u011fda\u015f giyimimizle, kom\u015fulu\u011fumuzla ve k\u00fclt\u00fcr\u00fcm\u00fczle kendimizi bu\ntopluma kabul ettirmek i\u00e7in gayret edelim. <\/p>\n\n\n\n<p>\u25a0&nbsp;&nbsp; \u0130\u00e7inde\nya\u015fad\u0131\u011f\u0131m\u0131z \u00fclkenin sosyal, k\u00fclt\u00fcrel ve dini de\u011ferlerine, yasalar\u0131na sayg\u0131\ng\u00f6sterelim. Bar\u0131\u015f ve uyum i\u00e7inde ya\u015famak i\u00e7in elimizden geleni yapal\u0131m.<\/p>\n\n\n\n<p>\u25a0&nbsp;&nbsp; T\u00fcrk-Alman\ndostlu\u011funu geli\u015ftirmek i\u00e7in \u00e7aba g\u00f6sterelim. \u00dclkemize turist g\u00f6ndererek bizi ve\nk\u00fclt\u00fcr\u00fcm\u00fcz\u00fc daha yak\u0131ndan tan\u0131malar\u0131n\u0131 sa\u011flayal\u0131m.<\/p>\n\n\n\n<p>&nbsp;&nbsp;&nbsp;&nbsp; \u25a0Kahvelere\nve camilere kapanarak kendimizi toplumdan soyutlamayal\u0131m. Siyasi partilere,\nsendikalara ve di\u011fer sivil toplum \u00f6rg\u00fctlerine \u00fcye olal\u0131m. Buralarda\nsorunlar\u0131m\u0131z\u0131 dile getirelim; haklar\u0131m\u0131z\u0131 almak i\u00e7in m\u00fccadele edelim. Almanya\n\u00e7ap\u0131nda g\u00fc\u00e7l\u00fc bir T\u00fcrk toplumu olu\u015ftural\u0131m.<\/p>\n\n\n\n<p>\u25a0 Alman vatanda\u015f\u0131 olan yurtta\u015flar\u0131m\u0131z\u0131n se\u00e7imlere\nkat\u0131lmalar\u0131n\u0131 ve &nbsp;demokratik partilere oy\nvermelerini sa\u011flayal\u0131m.<\/p>\n\n\n\n<p><strong>\u00d6RG\u00dcTL\u00dc VE TEDB\u0130RL\u0130 OLMALIYIZ<\/strong><\/p>\n\n\n\n<p>Yabanc\u0131 d\u00fc\u015fmanl\u0131\u011f\u0131 ve \u0131rk\u00e7\u0131l\u0131k, bizi uzun y\u0131llar\nu\u011fra\u015ft\u0131racak bir sorundur. T\u00fcrktoplumu<\/p>\n\n\n\n<p>olarak aram\u0131zdaki g\u00f6r\u00fc\u015f ayr\u0131l\u0131klar\u0131n\u0131 bir kenara\nb\u0131rakarak birlik olmal\u0131; her t\u00fcrl\u00fc olumsuz<\/p>\n\n\n\n<p>durumlar\u0131 hesaba katarak \u00f6nlemalmal\u0131y\u0131z. Bu\ntoplumda bar\u0131\u015f i\u00e7inde bir arada ya\u015fama ve<\/p>\n\n\n\n<p>kendimiziezdirmemek i\u00e7in; sokak sokak, mahalle\nmahalle \u00f6rg\u00fctl\u00fc ve tedbirli olmal\u0131y\u0131z.<\/p>\n\n\n\n<p>Yabanc\u0131 d\u00fc\u015fmanl\u0131\u011f\u0131na ve \u0131rk\u00e7\u0131l\u0131\u011fa kar\u015f\u0131 \u00e7\u0131kan\nyerli, g\u00f6\u00e7men t\u00fcm ki\u015fi vekurulu\u015flarla kal\u0131c\u0131<\/p>\n\n\n\n<p>giri\u015fimler olu\u015fturmal\u0131; kent, eyalet ve federal\nd\u00fczeyde\u00f6rg\u00fctlenmeli; haklar\u0131m\u0131z\u0131yasal ve<\/p>\n\n\n\n<p>demokratik yollardan aramal\u0131,\u015fiddet olaylar\u0131na\nasla meydan vermemeliyiz.<\/p>\n\n\n<p><br \/><br \/><!--StartFragment--><\/p>\n\n\n<p><strong>Bahattin Gemici \/AVRUPAPRESS<\/strong><\/p>\n\n\n\n<p><strong>e\u011fitimci-yazar<\/strong><\/p>\n\n\n<p><!--EndFragment--><br>\n<br>\n<\/p>","protected":false},"excerpt":{"rendered":"<p>YABANCI D\u00dc\u015eMANLI\u011eINI DURDURALIM!.. Irk\u00e7\u0131l\u0131k ve \u015fiddet sadece Almanya\u2019n\u0131n de\u011fil, t\u00fcm Avrupa\u2019n\u0131n sorunudur. K\u00fclt\u00fcrel uyum sorunlar\u0131n\u0131n k\u00f6kenini inceleyen sosyologlar;\u201cbu konudaki en b\u00fcy\u00fck engelin Avrupal\u0131n\u0131n do\u011fas\u0131nda var olan \u0131rk\u00e7\u0131 yakla\u015f\u0131m oldu\u011fu\u201dna dikkat \u00e7ekiyorlar.Irk\u00e7\u0131l\u0131k, d\u00fcnyan\u0131n neresinde olursa olsun coronavir\u00fcs\u00fc gibi bula\u015f\u0131c\u0131 ve tehlikeli olarak g\u00f6r\u00fclmelidir. Fransa\u2019da, Hollanda\u2019da, Avusturya\u2019da, \u0130ngiltere\u2019de, \u0130talya\u2019da, Bel\u00e7ika ve Yunanistan\u2019da ve di\u011fer AB \u00fclkelerinde a\u015f\u0131r\u0131 [&hellip;]<\/p>\n","protected":false},"author":3,"featured_media":10949,"comment_status":"closed","ping_status":"open","sticky":false,"template":"","format":"standard","meta":{"footnotes":""},"categories":[14,16,3,17,18,19,2,1],"tags":[5143],"class_list":["post-10948","post","type-post","status-publish","format-standard","has-post-thumbnail","hentry","category-avrupa","category-belcika","category-dunya","category-ekonomi","category-kultur-sanat","category-tanitim","category-turkiye","category-uncategorized","tag-yabanci-dusmanligini-durduralim"],"yoast_head":"<!-- This site is optimized with the Yoast SEO plugin v26.9 - https:\/\/yoast.com\/product\/yoast-seo-wordpress\/ -->\n<title>YABANCI D\u00dc\u015eMANLI\u011eINI DURDURALIM!.. - AvrupaPress<\/title>\n<meta name=\"robots\" content=\"index, follow, max-snippet:-1, max-image-preview:large, max-video-preview:-1\" \/>\n<link rel=\"canonical\" href=\"https:\/\/avrupapress.com\/2020\/03\/24\/yabanci-dusmanligini-durduralim\/\" \/>\n<meta property=\"og:locale\" content=\"fr_FR\" \/>\n<meta property=\"og:type\" content=\"article\" \/>\n<meta property=\"og:title\" content=\"YABANCI D\u00dc\u015eMANLI\u011eINI DURDURALIM!.. - AvrupaPress\" \/>\n<meta property=\"og:description\" content=\"YABANCI D\u00dc\u015eMANLI\u011eINI DURDURALIM!.. Irk\u00e7\u0131l\u0131k ve \u015fiddet sadece Almanya\u2019n\u0131n de\u011fil, t\u00fcm Avrupa\u2019n\u0131n sorunudur. K\u00fclt\u00fcrel uyum sorunlar\u0131n\u0131n k\u00f6kenini inceleyen sosyologlar;\u201cbu konudaki en b\u00fcy\u00fck engelin Avrupal\u0131n\u0131n do\u011fas\u0131nda var olan \u0131rk\u00e7\u0131 yakla\u015f\u0131m oldu\u011fu\u201dna dikkat \u00e7ekiyorlar.Irk\u00e7\u0131l\u0131k, d\u00fcnyan\u0131n neresinde olursa olsun coronavir\u00fcs\u00fc gibi bula\u015f\u0131c\u0131 ve tehlikeli olarak g\u00f6r\u00fclmelidir. Fransa\u2019da, Hollanda\u2019da, Avusturya\u2019da, \u0130ngiltere\u2019de, \u0130talya\u2019da, Bel\u00e7ika ve Yunanistan\u2019da ve di\u011fer AB \u00fclkelerinde a\u015f\u0131r\u0131 [&hellip;]\" \/>\n<meta property=\"og:url\" content=\"https:\/\/avrupapress.com\/2020\/03\/24\/yabanci-dusmanligini-durduralim\/\" \/>\n<meta property=\"og:site_name\" content=\"AvrupaPress\" \/>\n<meta property=\"article:published_time\" content=\"2020-03-24T15:20:43+00:00\" \/>\n<meta property=\"article:modified_time\" content=\"2020-03-24T15:20:46+00:00\" \/>\n<meta property=\"og:image\" content=\"https:\/\/avrupapress.com\/wp-content\/uploads\/2020\/03\/thumbnail_IMG-20191119-WA0011-728x410-1.jpg\" \/>\n\t<meta property=\"og:image:width\" content=\"728\" \/>\n\t<meta property=\"og:image:height\" content=\"410\" \/>\n\t<meta property=\"og:image:type\" content=\"image\/jpeg\" \/>\n<meta name=\"author\" content=\"Edit\u00f6r\" \/>\n<meta name=\"twitter:card\" content=\"summary_large_image\" \/>\n<meta name=\"twitter:label1\" content=\"\u00c9crit par\" \/>\n\t<meta name=\"twitter:data1\" content=\"Edit\u00f6r\" \/>\n\t<meta name=\"twitter:label2\" content=\"Dur\u00e9e de lecture est.\" \/>\n\t<meta name=\"twitter:data2\" content=\"5 minutes\" \/>\n<script type=\"application\/ld+json\" class=\"yoast-schema-graph\">{\"@context\":\"https:\/\/schema.org\",\"@graph\":[{\"@type\":\"Article\",\"@id\":\"https:\/\/avrupapress.com\/2020\/03\/24\/yabanci-dusmanligini-durduralim\/#article\",\"isPartOf\":{\"@id\":\"https:\/\/avrupapress.com\/2020\/03\/24\/yabanci-dusmanligini-durduralim\/\"},\"author\":{\"name\":\"Edit\u00f6r\",\"@id\":\"https:\/\/avrupapress.com\/#\/schema\/person\/68428444ec60970d1e1b700cf4ca1e8f\"},\"headline\":\"YABANCI D\u00dc\u015eMANLI\u011eINI DURDURALIM!..\",\"datePublished\":\"2020-03-24T15:20:43+00:00\",\"dateModified\":\"2020-03-24T15:20:46+00:00\",\"mainEntityOfPage\":{\"@id\":\"https:\/\/avrupapress.com\/2020\/03\/24\/yabanci-dusmanligini-durduralim\/\"},\"wordCount\":1014,\"publisher\":{\"@id\":\"https:\/\/avrupapress.com\/#\/schema\/person\/0223dca19c72c43575bf30d1a2d8f4fa\"},\"image\":{\"@id\":\"https:\/\/avrupapress.com\/2020\/03\/24\/yabanci-dusmanligini-durduralim\/#primaryimage\"},\"thumbnailUrl\":\"https:\/\/avrupapress.com\/main\/wp-content\/uploads\/2020\/03\/thumbnail_IMG-20191119-WA0011-728x410-1.jpg\",\"keywords\":[\"YABANCI D\u00dc\u015eMANLI\u011eINI DURDURALIM!..\"],\"articleSection\":[\"Avrupa\",\"Bel\u00e7ika\",\"D\u00fcnya\",\"Ekonomi\",\"K\u00fclt\u00fcr-Sanat\",\"Tan\u0131t\u0131m\",\"T\u00fcrkiye\",\"Uncategorized\"],\"inLanguage\":\"fr-BE\"},{\"@type\":\"WebPage\",\"@id\":\"https:\/\/avrupapress.com\/2020\/03\/24\/yabanci-dusmanligini-durduralim\/\",\"url\":\"https:\/\/avrupapress.com\/2020\/03\/24\/yabanci-dusmanligini-durduralim\/\",\"name\":\"YABANCI D\u00dc\u015eMANLI\u011eINI DURDURALIM!.. - AvrupaPress\",\"isPartOf\":{\"@id\":\"https:\/\/avrupapress.com\/#website\"},\"primaryImageOfPage\":{\"@id\":\"https:\/\/avrupapress.com\/2020\/03\/24\/yabanci-dusmanligini-durduralim\/#primaryimage\"},\"image\":{\"@id\":\"https:\/\/avrupapress.com\/2020\/03\/24\/yabanci-dusmanligini-durduralim\/#primaryimage\"},\"thumbnailUrl\":\"https:\/\/avrupapress.com\/main\/wp-content\/uploads\/2020\/03\/thumbnail_IMG-20191119-WA0011-728x410-1.jpg\",\"datePublished\":\"2020-03-24T15:20:43+00:00\",\"dateModified\":\"2020-03-24T15:20:46+00:00\",\"breadcrumb\":{\"@id\":\"https:\/\/avrupapress.com\/2020\/03\/24\/yabanci-dusmanligini-durduralim\/#breadcrumb\"},\"inLanguage\":\"fr-BE\",\"potentialAction\":[{\"@type\":\"ReadAction\",\"target\":[\"https:\/\/avrupapress.com\/2020\/03\/24\/yabanci-dusmanligini-durduralim\/\"]}]},{\"@type\":\"ImageObject\",\"inLanguage\":\"fr-BE\",\"@id\":\"https:\/\/avrupapress.com\/2020\/03\/24\/yabanci-dusmanligini-durduralim\/#primaryimage\",\"url\":\"https:\/\/avrupapress.com\/main\/wp-content\/uploads\/2020\/03\/thumbnail_IMG-20191119-WA0011-728x410-1.jpg\",\"contentUrl\":\"https:\/\/avrupapress.com\/main\/wp-content\/uploads\/2020\/03\/thumbnail_IMG-20191119-WA0011-728x410-1.jpg\",\"width\":728,\"height\":410},{\"@type\":\"BreadcrumbList\",\"@id\":\"https:\/\/avrupapress.com\/2020\/03\/24\/yabanci-dusmanligini-durduralim\/#breadcrumb\",\"itemListElement\":[{\"@type\":\"ListItem\",\"position\":1,\"name\":\"Anasayfa\",\"item\":\"https:\/\/avrupapress.com\/\"},{\"@type\":\"ListItem\",\"position\":2,\"name\":\"YABANCI D\u00dc\u015eMANLI\u011eINI DURDURALIM!..\"}]},{\"@type\":\"WebSite\",\"@id\":\"https:\/\/avrupapress.com\/#website\",\"url\":\"https:\/\/avrupapress.com\/\",\"name\":\"AvrupaPress\",\"description\":\"Haberin Adresi\",\"publisher\":{\"@id\":\"https:\/\/avrupapress.com\/#\/schema\/person\/0223dca19c72c43575bf30d1a2d8f4fa\"},\"potentialAction\":[{\"@type\":\"SearchAction\",\"target\":{\"@type\":\"EntryPoint\",\"urlTemplate\":\"https:\/\/avrupapress.com\/?s={search_term_string}\"},\"query-input\":{\"@type\":\"PropertyValueSpecification\",\"valueRequired\":true,\"valueName\":\"search_term_string\"}}],\"inLanguage\":\"fr-BE\"},{\"@type\":[\"Person\",\"Organization\"],\"@id\":\"https:\/\/avrupapress.com\/#\/schema\/person\/0223dca19c72c43575bf30d1a2d8f4fa\",\"name\":\"Bilgin \u00d6z\u00e7ift\u00e7i\",\"image\":{\"@type\":\"ImageObject\",\"inLanguage\":\"fr-BE\",\"@id\":\"https:\/\/avrupapress.com\/#\/schema\/person\/image\/\",\"url\":\"https:\/\/secure.gravatar.com\/avatar\/0f23b280433a21e1ea7a0adcc46ed0ad16afe3ad8e630fd13d8a017dcbd54ef3?s=96&d=mm&r=g\",\"contentUrl\":\"https:\/\/secure.gravatar.com\/avatar\/0f23b280433a21e1ea7a0adcc46ed0ad16afe3ad8e630fd13d8a017dcbd54ef3?s=96&d=mm&r=g\",\"caption\":\"Bilgin \u00d6z\u00e7ift\u00e7i\"},\"logo\":{\"@id\":\"https:\/\/avrupapress.com\/#\/schema\/person\/image\/\"},\"description\":\"Ne ben, nede sen... Biz ancak \\\"biz\\\" olursak g\u00fc\u00e7l\u00fc olabiliriz\"},{\"@type\":\"Person\",\"@id\":\"https:\/\/avrupapress.com\/#\/schema\/person\/68428444ec60970d1e1b700cf4ca1e8f\",\"name\":\"Edit\u00f6r\",\"image\":{\"@type\":\"ImageObject\",\"inLanguage\":\"fr-BE\",\"@id\":\"https:\/\/avrupapress.com\/#\/schema\/person\/image\/\",\"url\":\"https:\/\/secure.gravatar.com\/avatar\/74996b0977aa5f1559ba9883776652508b229005c0d78fb2597897f0bd651c09?s=96&d=mm&r=g\",\"contentUrl\":\"https:\/\/secure.gravatar.com\/avatar\/74996b0977aa5f1559ba9883776652508b229005c0d78fb2597897f0bd651c09?s=96&d=mm&r=g\",\"caption\":\"Edit\u00f6r\"},\"sameAs\":[\"http:\/\/www.avrupapress.com\"],\"url\":\"https:\/\/avrupapress.com\/main\/author\/editor\/\"}]}<\/script>\n<!-- \/ Yoast SEO plugin. -->","yoast_head_json":{"title":"YABANCI D\u00dc\u015eMANLI\u011eINI DURDURALIM!.. - AvrupaPress","robots":{"index":"index","follow":"follow","max-snippet":"max-snippet:-1","max-image-preview":"max-image-preview:large","max-video-preview":"max-video-preview:-1"},"canonical":"https:\/\/avrupapress.com\/2020\/03\/24\/yabanci-dusmanligini-durduralim\/","og_locale":"fr_FR","og_type":"article","og_title":"YABANCI D\u00dc\u015eMANLI\u011eINI DURDURALIM!.. - AvrupaPress","og_description":"YABANCI D\u00dc\u015eMANLI\u011eINI DURDURALIM!.. Irk\u00e7\u0131l\u0131k ve \u015fiddet sadece Almanya\u2019n\u0131n de\u011fil, t\u00fcm Avrupa\u2019n\u0131n sorunudur. K\u00fclt\u00fcrel uyum sorunlar\u0131n\u0131n k\u00f6kenini inceleyen sosyologlar;\u201cbu konudaki en b\u00fcy\u00fck engelin Avrupal\u0131n\u0131n do\u011fas\u0131nda var olan \u0131rk\u00e7\u0131 yakla\u015f\u0131m oldu\u011fu\u201dna dikkat \u00e7ekiyorlar.Irk\u00e7\u0131l\u0131k, d\u00fcnyan\u0131n neresinde olursa olsun coronavir\u00fcs\u00fc gibi bula\u015f\u0131c\u0131 ve tehlikeli olarak g\u00f6r\u00fclmelidir. Fransa\u2019da, Hollanda\u2019da, Avusturya\u2019da, \u0130ngiltere\u2019de, \u0130talya\u2019da, Bel\u00e7ika ve Yunanistan\u2019da ve di\u011fer AB \u00fclkelerinde a\u015f\u0131r\u0131 [&hellip;]","og_url":"https:\/\/avrupapress.com\/2020\/03\/24\/yabanci-dusmanligini-durduralim\/","og_site_name":"AvrupaPress","article_published_time":"2020-03-24T15:20:43+00:00","article_modified_time":"2020-03-24T15:20:46+00:00","og_image":[{"width":728,"height":410,"url":"https:\/\/avrupapress.com\/wp-content\/uploads\/2020\/03\/thumbnail_IMG-20191119-WA0011-728x410-1.jpg","type":"image\/jpeg"}],"author":"Edit\u00f6r","twitter_card":"summary_large_image","twitter_misc":{"\u00c9crit par":"Edit\u00f6r","Dur\u00e9e de lecture est.":"5 minutes"},"schema":{"@context":"https:\/\/schema.org","@graph":[{"@type":"Article","@id":"https:\/\/avrupapress.com\/2020\/03\/24\/yabanci-dusmanligini-durduralim\/#article","isPartOf":{"@id":"https:\/\/avrupapress.com\/2020\/03\/24\/yabanci-dusmanligini-durduralim\/"},"author":{"name":"Edit\u00f6r","@id":"https:\/\/avrupapress.com\/#\/schema\/person\/68428444ec60970d1e1b700cf4ca1e8f"},"headline":"YABANCI D\u00dc\u015eMANLI\u011eINI DURDURALIM!..","datePublished":"2020-03-24T15:20:43+00:00","dateModified":"2020-03-24T15:20:46+00:00","mainEntityOfPage":{"@id":"https:\/\/avrupapress.com\/2020\/03\/24\/yabanci-dusmanligini-durduralim\/"},"wordCount":1014,"publisher":{"@id":"https:\/\/avrupapress.com\/#\/schema\/person\/0223dca19c72c43575bf30d1a2d8f4fa"},"image":{"@id":"https:\/\/avrupapress.com\/2020\/03\/24\/yabanci-dusmanligini-durduralim\/#primaryimage"},"thumbnailUrl":"https:\/\/avrupapress.com\/main\/wp-content\/uploads\/2020\/03\/thumbnail_IMG-20191119-WA0011-728x410-1.jpg","keywords":["YABANCI D\u00dc\u015eMANLI\u011eINI DURDURALIM!.."],"articleSection":["Avrupa","Bel\u00e7ika","D\u00fcnya","Ekonomi","K\u00fclt\u00fcr-Sanat","Tan\u0131t\u0131m","T\u00fcrkiye","Uncategorized"],"inLanguage":"fr-BE"},{"@type":"WebPage","@id":"https:\/\/avrupapress.com\/2020\/03\/24\/yabanci-dusmanligini-durduralim\/","url":"https:\/\/avrupapress.com\/2020\/03\/24\/yabanci-dusmanligini-durduralim\/","name":"YABANCI D\u00dc\u015eMANLI\u011eINI DURDURALIM!.. - AvrupaPress","isPartOf":{"@id":"https:\/\/avrupapress.com\/#website"},"primaryImageOfPage":{"@id":"https:\/\/avrupapress.com\/2020\/03\/24\/yabanci-dusmanligini-durduralim\/#primaryimage"},"image":{"@id":"https:\/\/avrupapress.com\/2020\/03\/24\/yabanci-dusmanligini-durduralim\/#primaryimage"},"thumbnailUrl":"https:\/\/avrupapress.com\/main\/wp-content\/uploads\/2020\/03\/thumbnail_IMG-20191119-WA0011-728x410-1.jpg","datePublished":"2020-03-24T15:20:43+00:00","dateModified":"2020-03-24T15:20:46+00:00","breadcrumb":{"@id":"https:\/\/avrupapress.com\/2020\/03\/24\/yabanci-dusmanligini-durduralim\/#breadcrumb"},"inLanguage":"fr-BE","potentialAction":[{"@type":"ReadAction","target":["https:\/\/avrupapress.com\/2020\/03\/24\/yabanci-dusmanligini-durduralim\/"]}]},{"@type":"ImageObject","inLanguage":"fr-BE","@id":"https:\/\/avrupapress.com\/2020\/03\/24\/yabanci-dusmanligini-durduralim\/#primaryimage","url":"https:\/\/avrupapress.com\/main\/wp-content\/uploads\/2020\/03\/thumbnail_IMG-20191119-WA0011-728x410-1.jpg","contentUrl":"https:\/\/avrupapress.com\/main\/wp-content\/uploads\/2020\/03\/thumbnail_IMG-20191119-WA0011-728x410-1.jpg","width":728,"height":410},{"@type":"BreadcrumbList","@id":"https:\/\/avrupapress.com\/2020\/03\/24\/yabanci-dusmanligini-durduralim\/#breadcrumb","itemListElement":[{"@type":"ListItem","position":1,"name":"Anasayfa","item":"https:\/\/avrupapress.com\/"},{"@type":"ListItem","position":2,"name":"YABANCI D\u00dc\u015eMANLI\u011eINI DURDURALIM!.."}]},{"@type":"WebSite","@id":"https:\/\/avrupapress.com\/#website","url":"https:\/\/avrupapress.com\/","name":"AvrupaPress","description":"Haberin Adresi","publisher":{"@id":"https:\/\/avrupapress.com\/#\/schema\/person\/0223dca19c72c43575bf30d1a2d8f4fa"},"potentialAction":[{"@type":"SearchAction","target":{"@type":"EntryPoint","urlTemplate":"https:\/\/avrupapress.com\/?s={search_term_string}"},"query-input":{"@type":"PropertyValueSpecification","valueRequired":true,"valueName":"search_term_string"}}],"inLanguage":"fr-BE"},{"@type":["Person","Organization"],"@id":"https:\/\/avrupapress.com\/#\/schema\/person\/0223dca19c72c43575bf30d1a2d8f4fa","name":"Bilgin \u00d6z\u00e7ift\u00e7i","image":{"@type":"ImageObject","inLanguage":"fr-BE","@id":"https:\/\/avrupapress.com\/#\/schema\/person\/image\/","url":"https:\/\/secure.gravatar.com\/avatar\/0f23b280433a21e1ea7a0adcc46ed0ad16afe3ad8e630fd13d8a017dcbd54ef3?s=96&d=mm&r=g","contentUrl":"https:\/\/secure.gravatar.com\/avatar\/0f23b280433a21e1ea7a0adcc46ed0ad16afe3ad8e630fd13d8a017dcbd54ef3?s=96&d=mm&r=g","caption":"Bilgin \u00d6z\u00e7ift\u00e7i"},"logo":{"@id":"https:\/\/avrupapress.com\/#\/schema\/person\/image\/"},"description":"Ne ben, nede sen... Biz ancak \"biz\" olursak g\u00fc\u00e7l\u00fc olabiliriz"},{"@type":"Person","@id":"https:\/\/avrupapress.com\/#\/schema\/person\/68428444ec60970d1e1b700cf4ca1e8f","name":"Edit\u00f6r","image":{"@type":"ImageObject","inLanguage":"fr-BE","@id":"https:\/\/avrupapress.com\/#\/schema\/person\/image\/","url":"https:\/\/secure.gravatar.com\/avatar\/74996b0977aa5f1559ba9883776652508b229005c0d78fb2597897f0bd651c09?s=96&d=mm&r=g","contentUrl":"https:\/\/secure.gravatar.com\/avatar\/74996b0977aa5f1559ba9883776652508b229005c0d78fb2597897f0bd651c09?s=96&d=mm&r=g","caption":"Edit\u00f6r"},"sameAs":["http:\/\/www.avrupapress.com"],"url":"https:\/\/avrupapress.com\/main\/author\/editor\/"}]}},"_links":{"self":[{"href":"https:\/\/avrupapress.com\/main\/wp-json\/wp\/v2\/posts\/10948","targetHints":{"allow":["GET"]}}],"collection":[{"href":"https:\/\/avrupapress.com\/main\/wp-json\/wp\/v2\/posts"}],"about":[{"href":"https:\/\/avrupapress.com\/main\/wp-json\/wp\/v2\/types\/post"}],"author":[{"embeddable":true,"href":"https:\/\/avrupapress.com\/main\/wp-json\/wp\/v2\/users\/3"}],"replies":[{"embeddable":true,"href":"https:\/\/avrupapress.com\/main\/wp-json\/wp\/v2\/comments?post=10948"}],"version-history":[{"count":1,"href":"https:\/\/avrupapress.com\/main\/wp-json\/wp\/v2\/posts\/10948\/revisions"}],"predecessor-version":[{"id":10950,"href":"https:\/\/avrupapress.com\/main\/wp-json\/wp\/v2\/posts\/10948\/revisions\/10950"}],"wp:featuredmedia":[{"embeddable":true,"href":"https:\/\/avrupapress.com\/main\/wp-json\/wp\/v2\/media\/10949"}],"wp:attachment":[{"href":"https:\/\/avrupapress.com\/main\/wp-json\/wp\/v2\/media?parent=10948"}],"wp:term":[{"taxonomy":"category","embeddable":true,"href":"https:\/\/avrupapress.com\/main\/wp-json\/wp\/v2\/categories?post=10948"},{"taxonomy":"post_tag","embeddable":true,"href":"https:\/\/avrupapress.com\/main\/wp-json\/wp\/v2\/tags?post=10948"}],"curies":[{"name":"wp","href":"https:\/\/api.w.org\/{rel}","templated":true}]}}