{"id":10945,"date":"2020-03-23T21:37:27","date_gmt":"2020-03-23T21:37:27","guid":{"rendered":"http:\/\/avrupapress.com\/main\/?p=10945"},"modified":"2020-03-23T21:37:28","modified_gmt":"2020-03-23T21:37:28","slug":"belcikada-coronadan-olen-89-kisi-arasinda-bir-turk-kadini-da-var","status":"publish","type":"post","link":"https:\/\/avrupapress.com\/main\/2020\/03\/23\/belcikada-coronadan-olen-89-kisi-arasinda-bir-turk-kadini-da-var\/","title":{"rendered":"Bel\u00e7ika\u2019da Corona\u2019dan \u00f6len 89 ki\u015fi aras\u0131nda bir T\u00fcrk kad\u0131n\u0131 da var&#8230;"},"content":{"rendered":"\n<p> <strong>BEL\u00c7\u0130KA\u2019da Corona vir\u00fcs\u00fc (Covid 19) ile m\u00fccadele \u00fclke genelinde s\u00fcrd\u00fcr\u00fcl\u00fcyor. <\/strong><\/p>\n\n\n\n<p> BEL\u00c7\u0130KA\u2019da Corona vir\u00fcs\u00fc (Covid 19) ile m\u00fccadele \u00fclke genelinde s\u00fcrd\u00fcr\u00fcl\u00fcyor.<br>Yap\u0131lan t\u00fcm m\u00fcdahalelere ra\u011fmen \u00fclkede Corona vir\u00fcs\u00fcnden \u00f6lenlerin say\u0131s\u0131 an itibari ile 89 oldu. Bu \u00f6lenler aras\u0131nda 59 ya\u015f\u0131nda Heusden\/Zolder\u2019de ikamet eden ve ailesi karantinaya al\u0131nan bir T\u00fcrk kad\u0131n\u0131 da var..<br>Bel\u00e7ika\u2019da son 24 saat i\u00e7inde hastaneye giden\u00a0 342 ki\u015finin test sonu\u00e7lar\u0131 pozitif \u00e7\u0131kt\u0131. Bu say\u0131 toplam olarak 3 Bin 743\u2019e ula\u015ft\u0131..<br>Sadece pazar g\u00fcn\u00fc itibari ile hastanelik olan 1.643 ki\u015fiden 290\u2019n\u0131 hastanelerde kontrol alt\u0131na al\u0131nd\u0131. Di\u011ferlerinin tedavileri evlerinden yap\u0131l\u0131yor.<br>Bu arada Frankofon \u00fcniversitelerin 30 Haziran tarihine kadar kapand\u0131\u011f\u0131 duyuruldu..<br>Heusden\/Zolder\u2019de Corona\u2019dan vefat eden T\u00fcrk kad\u0131n\u0131 ile ilgili bilginin kendilerine iletildi\u011fini do\u011frulan Bel\u00e7ika U\u0130D Ba\u015fkan\u0131 Basir Hamarat,\u201d Merhumeye Allah\u2019tan rahmet dileriz..Maalesef vefat do\u011fru..Art\u0131k cenaze i\u015flemleri ile ilgileniyoruz..\u201ddiyerek, hastan\u0131n Sint-Frarncis-Heusden\u2019de ger\u00e7ekle\u015fti\u011fini do\u011frulad\u0131.<br>\u00d6te yandan ba\u015fkent Br\u00fcksel\u2019de internet \u00fczerinden birliktelik olu\u015fturan T\u00fcrk kad\u0131nlar\u0131, \u00e7e\u015fitli hastaneler i\u00e7in maske dikmeye ba\u015flad\u0131lar.. <\/p>\n\n\n\n<p><strong>Bilgin Ozcifci \/ AVRUPAPRESS<\/strong><\/p>\n","protected":false},"excerpt":{"rendered":"<p>BEL\u00c7\u0130KA\u2019da Corona vir\u00fcs\u00fc (Covid 19) ile m\u00fccadele \u00fclke genelinde s\u00fcrd\u00fcr\u00fcl\u00fcyor. BEL\u00c7\u0130KA\u2019da Corona vir\u00fcs\u00fc (Covid 19) ile m\u00fccadele \u00fclke genelinde s\u00fcrd\u00fcr\u00fcl\u00fcyor.Yap\u0131lan t\u00fcm m\u00fcdahalelere ra\u011fmen \u00fclkede Corona vir\u00fcs\u00fcnden \u00f6lenlerin say\u0131s\u0131 an itibari ile 89 oldu. Bu \u00f6lenler aras\u0131nda 59 ya\u015f\u0131nda Heusden\/Zolder\u2019de ikamet eden ve ailesi karantinaya al\u0131nan bir T\u00fcrk kad\u0131n\u0131 da var..Bel\u00e7ika\u2019da son 24 saat i\u00e7inde hastaneye [&hellip;]<\/p>\n","protected":false},"author":3,"featured_media":10888,"comment_status":"closed","ping_status":"open","sticky":false,"template":"","format":"standard","meta":{"footnotes":""},"categories":[14,16,3,17,18,15,19,2,1],"tags":[5142],"class_list":["post-10945","post","type-post","status-publish","format-standard","has-post-thumbnail","hentry","category-avrupa","category-belcika","category-dunya","category-ekonomi","category-kultur-sanat","category-spor","category-tanitim","category-turkiye","category-uncategorized","tag-belcikada-coronadan-olen-89-kisi-arasinda-bir-turk-kadini-da-var"],"yoast_head":"<!-- This site is optimized with the Yoast SEO plugin v26.9 - https:\/\/yoast.com\/product\/yoast-seo-wordpress\/ -->\n<title>Bel\u00e7ika\u2019da Corona\u2019dan \u00f6len 89 ki\u015fi aras\u0131nda bir T\u00fcrk kad\u0131n\u0131 da var... - AvrupaPress<\/title>\n<meta name=\"robots\" content=\"index, follow, max-snippet:-1, max-image-preview:large, max-video-preview:-1\" \/>\n<link rel=\"canonical\" href=\"https:\/\/avrupapress.com\/2020\/03\/23\/belcikada-coronadan-olen-89-kisi-arasinda-bir-turk-kadini-da-var\/\" \/>\n<meta property=\"og:locale\" content=\"fr_FR\" \/>\n<meta property=\"og:type\" content=\"article\" \/>\n<meta property=\"og:title\" content=\"Bel\u00e7ika\u2019da Corona\u2019dan \u00f6len 89 ki\u015fi aras\u0131nda bir T\u00fcrk kad\u0131n\u0131 da var... - AvrupaPress\" \/>\n<meta property=\"og:description\" content=\"BEL\u00c7\u0130KA\u2019da Corona vir\u00fcs\u00fc (Covid 19) ile m\u00fccadele \u00fclke genelinde s\u00fcrd\u00fcr\u00fcl\u00fcyor. BEL\u00c7\u0130KA\u2019da Corona vir\u00fcs\u00fc (Covid 19) ile m\u00fccadele \u00fclke genelinde s\u00fcrd\u00fcr\u00fcl\u00fcyor.Yap\u0131lan t\u00fcm m\u00fcdahalelere ra\u011fmen \u00fclkede Corona vir\u00fcs\u00fcnden \u00f6lenlerin say\u0131s\u0131 an itibari ile 89 oldu. Bu \u00f6lenler aras\u0131nda 59 ya\u015f\u0131nda Heusden\/Zolder\u2019de ikamet eden ve ailesi karantinaya al\u0131nan bir T\u00fcrk kad\u0131n\u0131 da var..Bel\u00e7ika\u2019da son 24 saat i\u00e7inde hastaneye [&hellip;]\" \/>\n<meta property=\"og:url\" content=\"https:\/\/avrupapress.com\/2020\/03\/23\/belcikada-coronadan-olen-89-kisi-arasinda-bir-turk-kadini-da-var\/\" \/>\n<meta property=\"og:site_name\" content=\"AvrupaPress\" \/>\n<meta property=\"article:published_time\" content=\"2020-03-23T21:37:27+00:00\" \/>\n<meta property=\"article:modified_time\" content=\"2020-03-23T21:37:28+00:00\" \/>\n<meta property=\"og:image\" content=\"https:\/\/avrupapress.com\/wp-content\/uploads\/2020\/03\/th-12.jpg\" \/>\n\t<meta property=\"og:image:width\" content=\"338\" \/>\n\t<meta property=\"og:image:height\" content=\"203\" \/>\n\t<meta property=\"og:image:type\" content=\"image\/jpeg\" \/>\n<meta name=\"author\" content=\"Edit\u00f6r\" \/>\n<meta name=\"twitter:card\" content=\"summary_large_image\" \/>\n<meta name=\"twitter:label1\" content=\"\u00c9crit par\" \/>\n\t<meta name=\"twitter:data1\" content=\"Edit\u00f6r\" \/>\n\t<meta name=\"twitter:label2\" content=\"Dur\u00e9e de lecture est.\" \/>\n\t<meta name=\"twitter:data2\" content=\"1 minute\" \/>\n<script type=\"application\/ld+json\" class=\"yoast-schema-graph\">{\"@context\":\"https:\/\/schema.org\",\"@graph\":[{\"@type\":\"Article\",\"@id\":\"https:\/\/avrupapress.com\/2020\/03\/23\/belcikada-coronadan-olen-89-kisi-arasinda-bir-turk-kadini-da-var\/#article\",\"isPartOf\":{\"@id\":\"https:\/\/avrupapress.com\/2020\/03\/23\/belcikada-coronadan-olen-89-kisi-arasinda-bir-turk-kadini-da-var\/\"},\"author\":{\"name\":\"Edit\u00f6r\",\"@id\":\"https:\/\/avrupapress.com\/#\/schema\/person\/68428444ec60970d1e1b700cf4ca1e8f\"},\"headline\":\"Bel\u00e7ika\u2019da Corona\u2019dan \u00f6len 89 ki\u015fi aras\u0131nda bir T\u00fcrk kad\u0131n\u0131 da var&#8230;\",\"datePublished\":\"2020-03-23T21:37:27+00:00\",\"dateModified\":\"2020-03-23T21:37:28+00:00\",\"mainEntityOfPage\":{\"@id\":\"https:\/\/avrupapress.com\/2020\/03\/23\/belcikada-coronadan-olen-89-kisi-arasinda-bir-turk-kadini-da-var\/\"},\"wordCount\":234,\"publisher\":{\"@id\":\"https:\/\/avrupapress.com\/#\/schema\/person\/0223dca19c72c43575bf30d1a2d8f4fa\"},\"image\":{\"@id\":\"https:\/\/avrupapress.com\/2020\/03\/23\/belcikada-coronadan-olen-89-kisi-arasinda-bir-turk-kadini-da-var\/#primaryimage\"},\"thumbnailUrl\":\"https:\/\/avrupapress.com\/main\/wp-content\/uploads\/2020\/03\/th-12.jpg\",\"keywords\":[\"Bel\u00e7ika\u2019da Corona\u2019dan \u00f6len 89 ki\u015fi aras\u0131nda bir T\u00fcrk kad\u0131n\u0131 da var...\"],\"articleSection\":[\"Avrupa\",\"Bel\u00e7ika\",\"D\u00fcnya\",\"Ekonomi\",\"K\u00fclt\u00fcr-Sanat\",\"Spor\",\"Tan\u0131t\u0131m\",\"T\u00fcrkiye\",\"Uncategorized\"],\"inLanguage\":\"fr-BE\"},{\"@type\":\"WebPage\",\"@id\":\"https:\/\/avrupapress.com\/2020\/03\/23\/belcikada-coronadan-olen-89-kisi-arasinda-bir-turk-kadini-da-var\/\",\"url\":\"https:\/\/avrupapress.com\/2020\/03\/23\/belcikada-coronadan-olen-89-kisi-arasinda-bir-turk-kadini-da-var\/\",\"name\":\"Bel\u00e7ika\u2019da Corona\u2019dan \u00f6len 89 ki\u015fi aras\u0131nda bir T\u00fcrk kad\u0131n\u0131 da var... - AvrupaPress\",\"isPartOf\":{\"@id\":\"https:\/\/avrupapress.com\/#website\"},\"primaryImageOfPage\":{\"@id\":\"https:\/\/avrupapress.com\/2020\/03\/23\/belcikada-coronadan-olen-89-kisi-arasinda-bir-turk-kadini-da-var\/#primaryimage\"},\"image\":{\"@id\":\"https:\/\/avrupapress.com\/2020\/03\/23\/belcikada-coronadan-olen-89-kisi-arasinda-bir-turk-kadini-da-var\/#primaryimage\"},\"thumbnailUrl\":\"https:\/\/avrupapress.com\/main\/wp-content\/uploads\/2020\/03\/th-12.jpg\",\"datePublished\":\"2020-03-23T21:37:27+00:00\",\"dateModified\":\"2020-03-23T21:37:28+00:00\",\"breadcrumb\":{\"@id\":\"https:\/\/avrupapress.com\/2020\/03\/23\/belcikada-coronadan-olen-89-kisi-arasinda-bir-turk-kadini-da-var\/#breadcrumb\"},\"inLanguage\":\"fr-BE\",\"potentialAction\":[{\"@type\":\"ReadAction\",\"target\":[\"https:\/\/avrupapress.com\/2020\/03\/23\/belcikada-coronadan-olen-89-kisi-arasinda-bir-turk-kadini-da-var\/\"]}]},{\"@type\":\"ImageObject\",\"inLanguage\":\"fr-BE\",\"@id\":\"https:\/\/avrupapress.com\/2020\/03\/23\/belcikada-coronadan-olen-89-kisi-arasinda-bir-turk-kadini-da-var\/#primaryimage\",\"url\":\"https:\/\/avrupapress.com\/main\/wp-content\/uploads\/2020\/03\/th-12.jpg\",\"contentUrl\":\"https:\/\/avrupapress.com\/main\/wp-content\/uploads\/2020\/03\/th-12.jpg\",\"width\":338,\"height\":203},{\"@type\":\"BreadcrumbList\",\"@id\":\"https:\/\/avrupapress.com\/2020\/03\/23\/belcikada-coronadan-olen-89-kisi-arasinda-bir-turk-kadini-da-var\/#breadcrumb\",\"itemListElement\":[{\"@type\":\"ListItem\",\"position\":1,\"name\":\"Anasayfa\",\"item\":\"https:\/\/avrupapress.com\/\"},{\"@type\":\"ListItem\",\"position\":2,\"name\":\"Bel\u00e7ika\u2019da Corona\u2019dan \u00f6len 89 ki\u015fi aras\u0131nda bir T\u00fcrk kad\u0131n\u0131 da var&#8230;\"}]},{\"@type\":\"WebSite\",\"@id\":\"https:\/\/avrupapress.com\/#website\",\"url\":\"https:\/\/avrupapress.com\/\",\"name\":\"AvrupaPress\",\"description\":\"Haberin Adresi\",\"publisher\":{\"@id\":\"https:\/\/avrupapress.com\/#\/schema\/person\/0223dca19c72c43575bf30d1a2d8f4fa\"},\"potentialAction\":[{\"@type\":\"SearchAction\",\"target\":{\"@type\":\"EntryPoint\",\"urlTemplate\":\"https:\/\/avrupapress.com\/?s={search_term_string}\"},\"query-input\":{\"@type\":\"PropertyValueSpecification\",\"valueRequired\":true,\"valueName\":\"search_term_string\"}}],\"inLanguage\":\"fr-BE\"},{\"@type\":[\"Person\",\"Organization\"],\"@id\":\"https:\/\/avrupapress.com\/#\/schema\/person\/0223dca19c72c43575bf30d1a2d8f4fa\",\"name\":\"Bilgin \u00d6z\u00e7ift\u00e7i\",\"image\":{\"@type\":\"ImageObject\",\"inLanguage\":\"fr-BE\",\"@id\":\"https:\/\/avrupapress.com\/#\/schema\/person\/image\/\",\"url\":\"https:\/\/secure.gravatar.com\/avatar\/0f23b280433a21e1ea7a0adcc46ed0ad16afe3ad8e630fd13d8a017dcbd54ef3?s=96&d=mm&r=g\",\"contentUrl\":\"https:\/\/secure.gravatar.com\/avatar\/0f23b280433a21e1ea7a0adcc46ed0ad16afe3ad8e630fd13d8a017dcbd54ef3?s=96&d=mm&r=g\",\"caption\":\"Bilgin \u00d6z\u00e7ift\u00e7i\"},\"logo\":{\"@id\":\"https:\/\/avrupapress.com\/#\/schema\/person\/image\/\"},\"description\":\"Ne ben, nede sen... Biz ancak \\\"biz\\\" olursak g\u00fc\u00e7l\u00fc olabiliriz\"},{\"@type\":\"Person\",\"@id\":\"https:\/\/avrupapress.com\/#\/schema\/person\/68428444ec60970d1e1b700cf4ca1e8f\",\"name\":\"Edit\u00f6r\",\"image\":{\"@type\":\"ImageObject\",\"inLanguage\":\"fr-BE\",\"@id\":\"https:\/\/avrupapress.com\/#\/schema\/person\/image\/\",\"url\":\"https:\/\/secure.gravatar.com\/avatar\/74996b0977aa5f1559ba9883776652508b229005c0d78fb2597897f0bd651c09?s=96&d=mm&r=g\",\"contentUrl\":\"https:\/\/secure.gravatar.com\/avatar\/74996b0977aa5f1559ba9883776652508b229005c0d78fb2597897f0bd651c09?s=96&d=mm&r=g\",\"caption\":\"Edit\u00f6r\"},\"sameAs\":[\"http:\/\/www.avrupapress.com\"],\"url\":\"https:\/\/avrupapress.com\/main\/author\/editor\/\"}]}<\/script>\n<!-- \/ Yoast SEO plugin. -->","yoast_head_json":{"title":"Bel\u00e7ika\u2019da Corona\u2019dan \u00f6len 89 ki\u015fi aras\u0131nda bir T\u00fcrk kad\u0131n\u0131 da var... - AvrupaPress","robots":{"index":"index","follow":"follow","max-snippet":"max-snippet:-1","max-image-preview":"max-image-preview:large","max-video-preview":"max-video-preview:-1"},"canonical":"https:\/\/avrupapress.com\/2020\/03\/23\/belcikada-coronadan-olen-89-kisi-arasinda-bir-turk-kadini-da-var\/","og_locale":"fr_FR","og_type":"article","og_title":"Bel\u00e7ika\u2019da Corona\u2019dan \u00f6len 89 ki\u015fi aras\u0131nda bir T\u00fcrk kad\u0131n\u0131 da var... - AvrupaPress","og_description":"BEL\u00c7\u0130KA\u2019da Corona vir\u00fcs\u00fc (Covid 19) ile m\u00fccadele \u00fclke genelinde s\u00fcrd\u00fcr\u00fcl\u00fcyor. BEL\u00c7\u0130KA\u2019da Corona vir\u00fcs\u00fc (Covid 19) ile m\u00fccadele \u00fclke genelinde s\u00fcrd\u00fcr\u00fcl\u00fcyor.Yap\u0131lan t\u00fcm m\u00fcdahalelere ra\u011fmen \u00fclkede Corona vir\u00fcs\u00fcnden \u00f6lenlerin say\u0131s\u0131 an itibari ile 89 oldu. Bu \u00f6lenler aras\u0131nda 59 ya\u015f\u0131nda Heusden\/Zolder\u2019de ikamet eden ve ailesi karantinaya al\u0131nan bir T\u00fcrk kad\u0131n\u0131 da var..Bel\u00e7ika\u2019da son 24 saat i\u00e7inde hastaneye [&hellip;]","og_url":"https:\/\/avrupapress.com\/2020\/03\/23\/belcikada-coronadan-olen-89-kisi-arasinda-bir-turk-kadini-da-var\/","og_site_name":"AvrupaPress","article_published_time":"2020-03-23T21:37:27+00:00","article_modified_time":"2020-03-23T21:37:28+00:00","og_image":[{"width":338,"height":203,"url":"https:\/\/avrupapress.com\/wp-content\/uploads\/2020\/03\/th-12.jpg","type":"image\/jpeg"}],"author":"Edit\u00f6r","twitter_card":"summary_large_image","twitter_misc":{"\u00c9crit par":"Edit\u00f6r","Dur\u00e9e de lecture est.":"1 minute"},"schema":{"@context":"https:\/\/schema.org","@graph":[{"@type":"Article","@id":"https:\/\/avrupapress.com\/2020\/03\/23\/belcikada-coronadan-olen-89-kisi-arasinda-bir-turk-kadini-da-var\/#article","isPartOf":{"@id":"https:\/\/avrupapress.com\/2020\/03\/23\/belcikada-coronadan-olen-89-kisi-arasinda-bir-turk-kadini-da-var\/"},"author":{"name":"Edit\u00f6r","@id":"https:\/\/avrupapress.com\/#\/schema\/person\/68428444ec60970d1e1b700cf4ca1e8f"},"headline":"Bel\u00e7ika\u2019da Corona\u2019dan \u00f6len 89 ki\u015fi aras\u0131nda bir T\u00fcrk kad\u0131n\u0131 da var&#8230;","datePublished":"2020-03-23T21:37:27+00:00","dateModified":"2020-03-23T21:37:28+00:00","mainEntityOfPage":{"@id":"https:\/\/avrupapress.com\/2020\/03\/23\/belcikada-coronadan-olen-89-kisi-arasinda-bir-turk-kadini-da-var\/"},"wordCount":234,"publisher":{"@id":"https:\/\/avrupapress.com\/#\/schema\/person\/0223dca19c72c43575bf30d1a2d8f4fa"},"image":{"@id":"https:\/\/avrupapress.com\/2020\/03\/23\/belcikada-coronadan-olen-89-kisi-arasinda-bir-turk-kadini-da-var\/#primaryimage"},"thumbnailUrl":"https:\/\/avrupapress.com\/main\/wp-content\/uploads\/2020\/03\/th-12.jpg","keywords":["Bel\u00e7ika\u2019da Corona\u2019dan \u00f6len 89 ki\u015fi aras\u0131nda bir T\u00fcrk kad\u0131n\u0131 da var..."],"articleSection":["Avrupa","Bel\u00e7ika","D\u00fcnya","Ekonomi","K\u00fclt\u00fcr-Sanat","Spor","Tan\u0131t\u0131m","T\u00fcrkiye","Uncategorized"],"inLanguage":"fr-BE"},{"@type":"WebPage","@id":"https:\/\/avrupapress.com\/2020\/03\/23\/belcikada-coronadan-olen-89-kisi-arasinda-bir-turk-kadini-da-var\/","url":"https:\/\/avrupapress.com\/2020\/03\/23\/belcikada-coronadan-olen-89-kisi-arasinda-bir-turk-kadini-da-var\/","name":"Bel\u00e7ika\u2019da Corona\u2019dan \u00f6len 89 ki\u015fi aras\u0131nda bir T\u00fcrk kad\u0131n\u0131 da var... - AvrupaPress","isPartOf":{"@id":"https:\/\/avrupapress.com\/#website"},"primaryImageOfPage":{"@id":"https:\/\/avrupapress.com\/2020\/03\/23\/belcikada-coronadan-olen-89-kisi-arasinda-bir-turk-kadini-da-var\/#primaryimage"},"image":{"@id":"https:\/\/avrupapress.com\/2020\/03\/23\/belcikada-coronadan-olen-89-kisi-arasinda-bir-turk-kadini-da-var\/#primaryimage"},"thumbnailUrl":"https:\/\/avrupapress.com\/main\/wp-content\/uploads\/2020\/03\/th-12.jpg","datePublished":"2020-03-23T21:37:27+00:00","dateModified":"2020-03-23T21:37:28+00:00","breadcrumb":{"@id":"https:\/\/avrupapress.com\/2020\/03\/23\/belcikada-coronadan-olen-89-kisi-arasinda-bir-turk-kadini-da-var\/#breadcrumb"},"inLanguage":"fr-BE","potentialAction":[{"@type":"ReadAction","target":["https:\/\/avrupapress.com\/2020\/03\/23\/belcikada-coronadan-olen-89-kisi-arasinda-bir-turk-kadini-da-var\/"]}]},{"@type":"ImageObject","inLanguage":"fr-BE","@id":"https:\/\/avrupapress.com\/2020\/03\/23\/belcikada-coronadan-olen-89-kisi-arasinda-bir-turk-kadini-da-var\/#primaryimage","url":"https:\/\/avrupapress.com\/main\/wp-content\/uploads\/2020\/03\/th-12.jpg","contentUrl":"https:\/\/avrupapress.com\/main\/wp-content\/uploads\/2020\/03\/th-12.jpg","width":338,"height":203},{"@type":"BreadcrumbList","@id":"https:\/\/avrupapress.com\/2020\/03\/23\/belcikada-coronadan-olen-89-kisi-arasinda-bir-turk-kadini-da-var\/#breadcrumb","itemListElement":[{"@type":"ListItem","position":1,"name":"Anasayfa","item":"https:\/\/avrupapress.com\/"},{"@type":"ListItem","position":2,"name":"Bel\u00e7ika\u2019da Corona\u2019dan \u00f6len 89 ki\u015fi aras\u0131nda bir T\u00fcrk kad\u0131n\u0131 da var&#8230;"}]},{"@type":"WebSite","@id":"https:\/\/avrupapress.com\/#website","url":"https:\/\/avrupapress.com\/","name":"AvrupaPress","description":"Haberin Adresi","publisher":{"@id":"https:\/\/avrupapress.com\/#\/schema\/person\/0223dca19c72c43575bf30d1a2d8f4fa"},"potentialAction":[{"@type":"SearchAction","target":{"@type":"EntryPoint","urlTemplate":"https:\/\/avrupapress.com\/?s={search_term_string}"},"query-input":{"@type":"PropertyValueSpecification","valueRequired":true,"valueName":"search_term_string"}}],"inLanguage":"fr-BE"},{"@type":["Person","Organization"],"@id":"https:\/\/avrupapress.com\/#\/schema\/person\/0223dca19c72c43575bf30d1a2d8f4fa","name":"Bilgin \u00d6z\u00e7ift\u00e7i","image":{"@type":"ImageObject","inLanguage":"fr-BE","@id":"https:\/\/avrupapress.com\/#\/schema\/person\/image\/","url":"https:\/\/secure.gravatar.com\/avatar\/0f23b280433a21e1ea7a0adcc46ed0ad16afe3ad8e630fd13d8a017dcbd54ef3?s=96&d=mm&r=g","contentUrl":"https:\/\/secure.gravatar.com\/avatar\/0f23b280433a21e1ea7a0adcc46ed0ad16afe3ad8e630fd13d8a017dcbd54ef3?s=96&d=mm&r=g","caption":"Bilgin \u00d6z\u00e7ift\u00e7i"},"logo":{"@id":"https:\/\/avrupapress.com\/#\/schema\/person\/image\/"},"description":"Ne ben, nede sen... Biz ancak \"biz\" olursak g\u00fc\u00e7l\u00fc olabiliriz"},{"@type":"Person","@id":"https:\/\/avrupapress.com\/#\/schema\/person\/68428444ec60970d1e1b700cf4ca1e8f","name":"Edit\u00f6r","image":{"@type":"ImageObject","inLanguage":"fr-BE","@id":"https:\/\/avrupapress.com\/#\/schema\/person\/image\/","url":"https:\/\/secure.gravatar.com\/avatar\/74996b0977aa5f1559ba9883776652508b229005c0d78fb2597897f0bd651c09?s=96&d=mm&r=g","contentUrl":"https:\/\/secure.gravatar.com\/avatar\/74996b0977aa5f1559ba9883776652508b229005c0d78fb2597897f0bd651c09?s=96&d=mm&r=g","caption":"Edit\u00f6r"},"sameAs":["http:\/\/www.avrupapress.com"],"url":"https:\/\/avrupapress.com\/main\/author\/editor\/"}]}},"_links":{"self":[{"href":"https:\/\/avrupapress.com\/main\/wp-json\/wp\/v2\/posts\/10945","targetHints":{"allow":["GET"]}}],"collection":[{"href":"https:\/\/avrupapress.com\/main\/wp-json\/wp\/v2\/posts"}],"about":[{"href":"https:\/\/avrupapress.com\/main\/wp-json\/wp\/v2\/types\/post"}],"author":[{"embeddable":true,"href":"https:\/\/avrupapress.com\/main\/wp-json\/wp\/v2\/users\/3"}],"replies":[{"embeddable":true,"href":"https:\/\/avrupapress.com\/main\/wp-json\/wp\/v2\/comments?post=10945"}],"version-history":[{"count":1,"href":"https:\/\/avrupapress.com\/main\/wp-json\/wp\/v2\/posts\/10945\/revisions"}],"predecessor-version":[{"id":10946,"href":"https:\/\/avrupapress.com\/main\/wp-json\/wp\/v2\/posts\/10945\/revisions\/10946"}],"wp:featuredmedia":[{"embeddable":true,"href":"https:\/\/avrupapress.com\/main\/wp-json\/wp\/v2\/media\/10888"}],"wp:attachment":[{"href":"https:\/\/avrupapress.com\/main\/wp-json\/wp\/v2\/media?parent=10945"}],"wp:term":[{"taxonomy":"category","embeddable":true,"href":"https:\/\/avrupapress.com\/main\/wp-json\/wp\/v2\/categories?post=10945"},{"taxonomy":"post_tag","embeddable":true,"href":"https:\/\/avrupapress.com\/main\/wp-json\/wp\/v2\/tags?post=10945"}],"curies":[{"name":"wp","href":"https:\/\/api.w.org\/{rel}","templated":true}]}}