{"id":10942,"date":"2020-03-23T08:41:05","date_gmt":"2020-03-23T08:41:05","guid":{"rendered":"http:\/\/avrupapress.com\/main\/?p=10942"},"modified":"2020-03-23T08:41:07","modified_gmt":"2020-03-23T08:41:07","slug":"belcikada-ev-kredilerini-koronavirus-nedeniyle-erteleme","status":"publish","type":"post","link":"https:\/\/avrupapress.com\/main\/2020\/03\/23\/belcikada-ev-kredilerini-koronavirus-nedeniyle-erteleme\/","title":{"rendered":"Bel\u00e7ika&rsquo;da Ev kredi&rsquo;lerini koronavir\u00fcs nedeniyle erteleme&#8230;"},"content":{"rendered":"\n<p><strong>Bel\u00e7ika&rsquo;da yeni tip koronavir\u00fcs (Kovid-19) salg\u0131n\u0131ndan ekonomik olarak etkilenenlerin konut kredisi \u00f6demeleri eyl\u00fcl ay\u0131na kadar ertelendi.<\/strong><\/p>\n\n\n\n<p> Bel\u00e7ika Maliye Bakan\u0131 Alexander De Croo, koronavir\u00fcs krizi nedeniyle al\u0131nan yeni ekonomik tedbirleri a\u00e7\u0131klad\u0131. Koronavir\u00fcs krizinin ekonomik sonu\u00e7lar\u0131 ile m\u00fccadele konusunda finans sekt\u00f6r\u00fc ile federal h\u00fck\u00fcmet aras\u0131nda anla\u015fma sa\u011fland\u0131\u011f\u0131na i\u015faret eden Croo, koronavir\u00fcse kar\u015f\u0131 al\u0131nan tedbirler kapsam\u0131nda mali zorluklar ya\u015fayanlar\u0131n konut kredisi \u00f6demelerinin eyl\u00fcl ay\u0131na kadar ertelendi\u011fini bildirdi.<br>Krizden etkilenen, farkl\u0131 krediler kullanm\u0131\u015f \u015firket ve serbest meslek sahiplerinin de \u00e7e\u015fitli \u00f6demelerini erteleyebileceklerini belirten Croo, kredi borcu olanlar\u0131n banka \u015fubelerine giderek \u00f6demelerini erteleyebileceklerini kaydetti. Croo, ekonomi toparlanana kadar i\u015fletmelere yeni kredi sa\u011flanmas\u0131 amac\u0131yla finans sekt\u00f6r\u00fcne y\u00f6nelik 50 milyar avroluk bir kredi garanti fonu kurulaca\u011f\u0131n\u0131 da s\u00f6zlerine ekledi.  <\/p>\n\n\n\n<p><strong>Bilgin Ozcifci \/ AVRUPAPRESS<\/strong><\/p>\n","protected":false},"excerpt":{"rendered":"<p>Bel\u00e7ika&rsquo;da yeni tip koronavir\u00fcs (Kovid-19) salg\u0131n\u0131ndan ekonomik olarak etkilenenlerin konut kredisi \u00f6demeleri eyl\u00fcl ay\u0131na kadar ertelendi. Bel\u00e7ika Maliye Bakan\u0131 Alexander De Croo, koronavir\u00fcs krizi nedeniyle al\u0131nan yeni ekonomik tedbirleri a\u00e7\u0131klad\u0131. Koronavir\u00fcs krizinin ekonomik sonu\u00e7lar\u0131 ile m\u00fccadele konusunda finans sekt\u00f6r\u00fc ile federal h\u00fck\u00fcmet aras\u0131nda anla\u015fma sa\u011fland\u0131\u011f\u0131na i\u015faret eden Croo, koronavir\u00fcse kar\u015f\u0131 al\u0131nan tedbirler kapsam\u0131nda mali zorluklar [&hellip;]<\/p>\n","protected":false},"author":3,"featured_media":10943,"comment_status":"closed","ping_status":"open","sticky":false,"template":"","format":"standard","meta":{"footnotes":""},"categories":[14,16,3,17,18,15,19,2,1],"tags":[],"class_list":["post-10942","post","type-post","status-publish","format-standard","has-post-thumbnail","hentry","category-avrupa","category-belcika","category-dunya","category-ekonomi","category-kultur-sanat","category-spor","category-tanitim","category-turkiye","category-uncategorized"],"yoast_head":"<!-- This site is optimized with the Yoast SEO plugin v26.9 - https:\/\/yoast.com\/product\/yoast-seo-wordpress\/ -->\n<title>Bel\u00e7ika&#039;da Ev kredi&#039;lerini koronavir\u00fcs nedeniyle erteleme... - AvrupaPress<\/title>\n<meta name=\"robots\" content=\"index, follow, max-snippet:-1, max-image-preview:large, max-video-preview:-1\" \/>\n<link rel=\"canonical\" href=\"https:\/\/avrupapress.com\/2020\/03\/23\/belcikada-ev-kredilerini-koronavirus-nedeniyle-erteleme\/\" \/>\n<meta property=\"og:locale\" content=\"fr_FR\" \/>\n<meta property=\"og:type\" content=\"article\" \/>\n<meta property=\"og:title\" content=\"Bel\u00e7ika&#039;da Ev kredi&#039;lerini koronavir\u00fcs nedeniyle erteleme... - AvrupaPress\" \/>\n<meta property=\"og:description\" content=\"Bel\u00e7ika&rsquo;da yeni tip koronavir\u00fcs (Kovid-19) salg\u0131n\u0131ndan ekonomik olarak etkilenenlerin konut kredisi \u00f6demeleri eyl\u00fcl ay\u0131na kadar ertelendi. Bel\u00e7ika Maliye Bakan\u0131 Alexander De Croo, koronavir\u00fcs krizi nedeniyle al\u0131nan yeni ekonomik tedbirleri a\u00e7\u0131klad\u0131. Koronavir\u00fcs krizinin ekonomik sonu\u00e7lar\u0131 ile m\u00fccadele konusunda finans sekt\u00f6r\u00fc ile federal h\u00fck\u00fcmet aras\u0131nda anla\u015fma sa\u011fland\u0131\u011f\u0131na i\u015faret eden Croo, koronavir\u00fcse kar\u015f\u0131 al\u0131nan tedbirler kapsam\u0131nda mali zorluklar [&hellip;]\" \/>\n<meta property=\"og:url\" content=\"https:\/\/avrupapress.com\/2020\/03\/23\/belcikada-ev-kredilerini-koronavirus-nedeniyle-erteleme\/\" \/>\n<meta property=\"og:site_name\" content=\"AvrupaPress\" \/>\n<meta property=\"article:published_time\" content=\"2020-03-23T08:41:05+00:00\" \/>\n<meta property=\"article:modified_time\" content=\"2020-03-23T08:41:07+00:00\" \/>\n<meta property=\"og:image\" content=\"https:\/\/avrupapress.com\/wp-content\/uploads\/2020\/03\/89939811_2523173334563477_7889380620923568128_n.jpg\" \/>\n\t<meta property=\"og:image:width\" content=\"720\" \/>\n\t<meta property=\"og:image:height\" content=\"892\" \/>\n\t<meta property=\"og:image:type\" content=\"image\/jpeg\" \/>\n<meta name=\"author\" content=\"Edit\u00f6r\" \/>\n<meta name=\"twitter:card\" content=\"summary_large_image\" \/>\n<meta name=\"twitter:label1\" content=\"\u00c9crit par\" \/>\n\t<meta name=\"twitter:data1\" content=\"Edit\u00f6r\" \/>\n\t<meta name=\"twitter:label2\" content=\"Dur\u00e9e de lecture est.\" \/>\n\t<meta name=\"twitter:data2\" content=\"1 minute\" \/>\n<script type=\"application\/ld+json\" class=\"yoast-schema-graph\">{\"@context\":\"https:\/\/schema.org\",\"@graph\":[{\"@type\":\"Article\",\"@id\":\"https:\/\/avrupapress.com\/2020\/03\/23\/belcikada-ev-kredilerini-koronavirus-nedeniyle-erteleme\/#article\",\"isPartOf\":{\"@id\":\"https:\/\/avrupapress.com\/2020\/03\/23\/belcikada-ev-kredilerini-koronavirus-nedeniyle-erteleme\/\"},\"author\":{\"name\":\"Edit\u00f6r\",\"@id\":\"https:\/\/avrupapress.com\/#\/schema\/person\/68428444ec60970d1e1b700cf4ca1e8f\"},\"headline\":\"Bel\u00e7ika&rsquo;da Ev kredi&rsquo;lerini koronavir\u00fcs nedeniyle erteleme&#8230;\",\"datePublished\":\"2020-03-23T08:41:05+00:00\",\"dateModified\":\"2020-03-23T08:41:07+00:00\",\"mainEntityOfPage\":{\"@id\":\"https:\/\/avrupapress.com\/2020\/03\/23\/belcikada-ev-kredilerini-koronavirus-nedeniyle-erteleme\/\"},\"wordCount\":161,\"publisher\":{\"@id\":\"https:\/\/avrupapress.com\/#\/schema\/person\/0223dca19c72c43575bf30d1a2d8f4fa\"},\"image\":{\"@id\":\"https:\/\/avrupapress.com\/2020\/03\/23\/belcikada-ev-kredilerini-koronavirus-nedeniyle-erteleme\/#primaryimage\"},\"thumbnailUrl\":\"https:\/\/avrupapress.com\/main\/wp-content\/uploads\/2020\/03\/89939811_2523173334563477_7889380620923568128_n.jpg\",\"articleSection\":[\"Avrupa\",\"Bel\u00e7ika\",\"D\u00fcnya\",\"Ekonomi\",\"K\u00fclt\u00fcr-Sanat\",\"Spor\",\"Tan\u0131t\u0131m\",\"T\u00fcrkiye\",\"Uncategorized\"],\"inLanguage\":\"fr-BE\"},{\"@type\":\"WebPage\",\"@id\":\"https:\/\/avrupapress.com\/2020\/03\/23\/belcikada-ev-kredilerini-koronavirus-nedeniyle-erteleme\/\",\"url\":\"https:\/\/avrupapress.com\/2020\/03\/23\/belcikada-ev-kredilerini-koronavirus-nedeniyle-erteleme\/\",\"name\":\"Bel\u00e7ika'da Ev kredi'lerini koronavir\u00fcs nedeniyle erteleme... - AvrupaPress\",\"isPartOf\":{\"@id\":\"https:\/\/avrupapress.com\/#website\"},\"primaryImageOfPage\":{\"@id\":\"https:\/\/avrupapress.com\/2020\/03\/23\/belcikada-ev-kredilerini-koronavirus-nedeniyle-erteleme\/#primaryimage\"},\"image\":{\"@id\":\"https:\/\/avrupapress.com\/2020\/03\/23\/belcikada-ev-kredilerini-koronavirus-nedeniyle-erteleme\/#primaryimage\"},\"thumbnailUrl\":\"https:\/\/avrupapress.com\/main\/wp-content\/uploads\/2020\/03\/89939811_2523173334563477_7889380620923568128_n.jpg\",\"datePublished\":\"2020-03-23T08:41:05+00:00\",\"dateModified\":\"2020-03-23T08:41:07+00:00\",\"breadcrumb\":{\"@id\":\"https:\/\/avrupapress.com\/2020\/03\/23\/belcikada-ev-kredilerini-koronavirus-nedeniyle-erteleme\/#breadcrumb\"},\"inLanguage\":\"fr-BE\",\"potentialAction\":[{\"@type\":\"ReadAction\",\"target\":[\"https:\/\/avrupapress.com\/2020\/03\/23\/belcikada-ev-kredilerini-koronavirus-nedeniyle-erteleme\/\"]}]},{\"@type\":\"ImageObject\",\"inLanguage\":\"fr-BE\",\"@id\":\"https:\/\/avrupapress.com\/2020\/03\/23\/belcikada-ev-kredilerini-koronavirus-nedeniyle-erteleme\/#primaryimage\",\"url\":\"https:\/\/avrupapress.com\/main\/wp-content\/uploads\/2020\/03\/89939811_2523173334563477_7889380620923568128_n.jpg\",\"contentUrl\":\"https:\/\/avrupapress.com\/main\/wp-content\/uploads\/2020\/03\/89939811_2523173334563477_7889380620923568128_n.jpg\",\"width\":720,\"height\":892},{\"@type\":\"BreadcrumbList\",\"@id\":\"https:\/\/avrupapress.com\/2020\/03\/23\/belcikada-ev-kredilerini-koronavirus-nedeniyle-erteleme\/#breadcrumb\",\"itemListElement\":[{\"@type\":\"ListItem\",\"position\":1,\"name\":\"Anasayfa\",\"item\":\"https:\/\/avrupapress.com\/\"},{\"@type\":\"ListItem\",\"position\":2,\"name\":\"Bel\u00e7ika&#8217;da Ev kredi&#8217;lerini koronavir\u00fcs nedeniyle erteleme&#8230;\"}]},{\"@type\":\"WebSite\",\"@id\":\"https:\/\/avrupapress.com\/#website\",\"url\":\"https:\/\/avrupapress.com\/\",\"name\":\"AvrupaPress\",\"description\":\"Haberin Adresi\",\"publisher\":{\"@id\":\"https:\/\/avrupapress.com\/#\/schema\/person\/0223dca19c72c43575bf30d1a2d8f4fa\"},\"potentialAction\":[{\"@type\":\"SearchAction\",\"target\":{\"@type\":\"EntryPoint\",\"urlTemplate\":\"https:\/\/avrupapress.com\/?s={search_term_string}\"},\"query-input\":{\"@type\":\"PropertyValueSpecification\",\"valueRequired\":true,\"valueName\":\"search_term_string\"}}],\"inLanguage\":\"fr-BE\"},{\"@type\":[\"Person\",\"Organization\"],\"@id\":\"https:\/\/avrupapress.com\/#\/schema\/person\/0223dca19c72c43575bf30d1a2d8f4fa\",\"name\":\"Bilgin \u00d6z\u00e7ift\u00e7i\",\"image\":{\"@type\":\"ImageObject\",\"inLanguage\":\"fr-BE\",\"@id\":\"https:\/\/avrupapress.com\/#\/schema\/person\/image\/\",\"url\":\"https:\/\/secure.gravatar.com\/avatar\/0f23b280433a21e1ea7a0adcc46ed0ad16afe3ad8e630fd13d8a017dcbd54ef3?s=96&d=mm&r=g\",\"contentUrl\":\"https:\/\/secure.gravatar.com\/avatar\/0f23b280433a21e1ea7a0adcc46ed0ad16afe3ad8e630fd13d8a017dcbd54ef3?s=96&d=mm&r=g\",\"caption\":\"Bilgin \u00d6z\u00e7ift\u00e7i\"},\"logo\":{\"@id\":\"https:\/\/avrupapress.com\/#\/schema\/person\/image\/\"},\"description\":\"Ne ben, nede sen... Biz ancak \\\"biz\\\" olursak g\u00fc\u00e7l\u00fc olabiliriz\"},{\"@type\":\"Person\",\"@id\":\"https:\/\/avrupapress.com\/#\/schema\/person\/68428444ec60970d1e1b700cf4ca1e8f\",\"name\":\"Edit\u00f6r\",\"image\":{\"@type\":\"ImageObject\",\"inLanguage\":\"fr-BE\",\"@id\":\"https:\/\/avrupapress.com\/#\/schema\/person\/image\/\",\"url\":\"https:\/\/secure.gravatar.com\/avatar\/74996b0977aa5f1559ba9883776652508b229005c0d78fb2597897f0bd651c09?s=96&d=mm&r=g\",\"contentUrl\":\"https:\/\/secure.gravatar.com\/avatar\/74996b0977aa5f1559ba9883776652508b229005c0d78fb2597897f0bd651c09?s=96&d=mm&r=g\",\"caption\":\"Edit\u00f6r\"},\"sameAs\":[\"http:\/\/www.avrupapress.com\"],\"url\":\"https:\/\/avrupapress.com\/main\/author\/editor\/\"}]}<\/script>\n<!-- \/ Yoast SEO plugin. -->","yoast_head_json":{"title":"Bel\u00e7ika'da Ev kredi'lerini koronavir\u00fcs nedeniyle erteleme... - AvrupaPress","robots":{"index":"index","follow":"follow","max-snippet":"max-snippet:-1","max-image-preview":"max-image-preview:large","max-video-preview":"max-video-preview:-1"},"canonical":"https:\/\/avrupapress.com\/2020\/03\/23\/belcikada-ev-kredilerini-koronavirus-nedeniyle-erteleme\/","og_locale":"fr_FR","og_type":"article","og_title":"Bel\u00e7ika'da Ev kredi'lerini koronavir\u00fcs nedeniyle erteleme... - AvrupaPress","og_description":"Bel\u00e7ika&rsquo;da yeni tip koronavir\u00fcs (Kovid-19) salg\u0131n\u0131ndan ekonomik olarak etkilenenlerin konut kredisi \u00f6demeleri eyl\u00fcl ay\u0131na kadar ertelendi. Bel\u00e7ika Maliye Bakan\u0131 Alexander De Croo, koronavir\u00fcs krizi nedeniyle al\u0131nan yeni ekonomik tedbirleri a\u00e7\u0131klad\u0131. Koronavir\u00fcs krizinin ekonomik sonu\u00e7lar\u0131 ile m\u00fccadele konusunda finans sekt\u00f6r\u00fc ile federal h\u00fck\u00fcmet aras\u0131nda anla\u015fma sa\u011fland\u0131\u011f\u0131na i\u015faret eden Croo, koronavir\u00fcse kar\u015f\u0131 al\u0131nan tedbirler kapsam\u0131nda mali zorluklar [&hellip;]","og_url":"https:\/\/avrupapress.com\/2020\/03\/23\/belcikada-ev-kredilerini-koronavirus-nedeniyle-erteleme\/","og_site_name":"AvrupaPress","article_published_time":"2020-03-23T08:41:05+00:00","article_modified_time":"2020-03-23T08:41:07+00:00","og_image":[{"width":720,"height":892,"url":"https:\/\/avrupapress.com\/wp-content\/uploads\/2020\/03\/89939811_2523173334563477_7889380620923568128_n.jpg","type":"image\/jpeg"}],"author":"Edit\u00f6r","twitter_card":"summary_large_image","twitter_misc":{"\u00c9crit par":"Edit\u00f6r","Dur\u00e9e de lecture est.":"1 minute"},"schema":{"@context":"https:\/\/schema.org","@graph":[{"@type":"Article","@id":"https:\/\/avrupapress.com\/2020\/03\/23\/belcikada-ev-kredilerini-koronavirus-nedeniyle-erteleme\/#article","isPartOf":{"@id":"https:\/\/avrupapress.com\/2020\/03\/23\/belcikada-ev-kredilerini-koronavirus-nedeniyle-erteleme\/"},"author":{"name":"Edit\u00f6r","@id":"https:\/\/avrupapress.com\/#\/schema\/person\/68428444ec60970d1e1b700cf4ca1e8f"},"headline":"Bel\u00e7ika&rsquo;da Ev kredi&rsquo;lerini koronavir\u00fcs nedeniyle erteleme&#8230;","datePublished":"2020-03-23T08:41:05+00:00","dateModified":"2020-03-23T08:41:07+00:00","mainEntityOfPage":{"@id":"https:\/\/avrupapress.com\/2020\/03\/23\/belcikada-ev-kredilerini-koronavirus-nedeniyle-erteleme\/"},"wordCount":161,"publisher":{"@id":"https:\/\/avrupapress.com\/#\/schema\/person\/0223dca19c72c43575bf30d1a2d8f4fa"},"image":{"@id":"https:\/\/avrupapress.com\/2020\/03\/23\/belcikada-ev-kredilerini-koronavirus-nedeniyle-erteleme\/#primaryimage"},"thumbnailUrl":"https:\/\/avrupapress.com\/main\/wp-content\/uploads\/2020\/03\/89939811_2523173334563477_7889380620923568128_n.jpg","articleSection":["Avrupa","Bel\u00e7ika","D\u00fcnya","Ekonomi","K\u00fclt\u00fcr-Sanat","Spor","Tan\u0131t\u0131m","T\u00fcrkiye","Uncategorized"],"inLanguage":"fr-BE"},{"@type":"WebPage","@id":"https:\/\/avrupapress.com\/2020\/03\/23\/belcikada-ev-kredilerini-koronavirus-nedeniyle-erteleme\/","url":"https:\/\/avrupapress.com\/2020\/03\/23\/belcikada-ev-kredilerini-koronavirus-nedeniyle-erteleme\/","name":"Bel\u00e7ika'da Ev kredi'lerini koronavir\u00fcs nedeniyle erteleme... - AvrupaPress","isPartOf":{"@id":"https:\/\/avrupapress.com\/#website"},"primaryImageOfPage":{"@id":"https:\/\/avrupapress.com\/2020\/03\/23\/belcikada-ev-kredilerini-koronavirus-nedeniyle-erteleme\/#primaryimage"},"image":{"@id":"https:\/\/avrupapress.com\/2020\/03\/23\/belcikada-ev-kredilerini-koronavirus-nedeniyle-erteleme\/#primaryimage"},"thumbnailUrl":"https:\/\/avrupapress.com\/main\/wp-content\/uploads\/2020\/03\/89939811_2523173334563477_7889380620923568128_n.jpg","datePublished":"2020-03-23T08:41:05+00:00","dateModified":"2020-03-23T08:41:07+00:00","breadcrumb":{"@id":"https:\/\/avrupapress.com\/2020\/03\/23\/belcikada-ev-kredilerini-koronavirus-nedeniyle-erteleme\/#breadcrumb"},"inLanguage":"fr-BE","potentialAction":[{"@type":"ReadAction","target":["https:\/\/avrupapress.com\/2020\/03\/23\/belcikada-ev-kredilerini-koronavirus-nedeniyle-erteleme\/"]}]},{"@type":"ImageObject","inLanguage":"fr-BE","@id":"https:\/\/avrupapress.com\/2020\/03\/23\/belcikada-ev-kredilerini-koronavirus-nedeniyle-erteleme\/#primaryimage","url":"https:\/\/avrupapress.com\/main\/wp-content\/uploads\/2020\/03\/89939811_2523173334563477_7889380620923568128_n.jpg","contentUrl":"https:\/\/avrupapress.com\/main\/wp-content\/uploads\/2020\/03\/89939811_2523173334563477_7889380620923568128_n.jpg","width":720,"height":892},{"@type":"BreadcrumbList","@id":"https:\/\/avrupapress.com\/2020\/03\/23\/belcikada-ev-kredilerini-koronavirus-nedeniyle-erteleme\/#breadcrumb","itemListElement":[{"@type":"ListItem","position":1,"name":"Anasayfa","item":"https:\/\/avrupapress.com\/"},{"@type":"ListItem","position":2,"name":"Bel\u00e7ika&#8217;da Ev kredi&#8217;lerini koronavir\u00fcs nedeniyle erteleme&#8230;"}]},{"@type":"WebSite","@id":"https:\/\/avrupapress.com\/#website","url":"https:\/\/avrupapress.com\/","name":"AvrupaPress","description":"Haberin Adresi","publisher":{"@id":"https:\/\/avrupapress.com\/#\/schema\/person\/0223dca19c72c43575bf30d1a2d8f4fa"},"potentialAction":[{"@type":"SearchAction","target":{"@type":"EntryPoint","urlTemplate":"https:\/\/avrupapress.com\/?s={search_term_string}"},"query-input":{"@type":"PropertyValueSpecification","valueRequired":true,"valueName":"search_term_string"}}],"inLanguage":"fr-BE"},{"@type":["Person","Organization"],"@id":"https:\/\/avrupapress.com\/#\/schema\/person\/0223dca19c72c43575bf30d1a2d8f4fa","name":"Bilgin \u00d6z\u00e7ift\u00e7i","image":{"@type":"ImageObject","inLanguage":"fr-BE","@id":"https:\/\/avrupapress.com\/#\/schema\/person\/image\/","url":"https:\/\/secure.gravatar.com\/avatar\/0f23b280433a21e1ea7a0adcc46ed0ad16afe3ad8e630fd13d8a017dcbd54ef3?s=96&d=mm&r=g","contentUrl":"https:\/\/secure.gravatar.com\/avatar\/0f23b280433a21e1ea7a0adcc46ed0ad16afe3ad8e630fd13d8a017dcbd54ef3?s=96&d=mm&r=g","caption":"Bilgin \u00d6z\u00e7ift\u00e7i"},"logo":{"@id":"https:\/\/avrupapress.com\/#\/schema\/person\/image\/"},"description":"Ne ben, nede sen... Biz ancak \"biz\" olursak g\u00fc\u00e7l\u00fc olabiliriz"},{"@type":"Person","@id":"https:\/\/avrupapress.com\/#\/schema\/person\/68428444ec60970d1e1b700cf4ca1e8f","name":"Edit\u00f6r","image":{"@type":"ImageObject","inLanguage":"fr-BE","@id":"https:\/\/avrupapress.com\/#\/schema\/person\/image\/","url":"https:\/\/secure.gravatar.com\/avatar\/74996b0977aa5f1559ba9883776652508b229005c0d78fb2597897f0bd651c09?s=96&d=mm&r=g","contentUrl":"https:\/\/secure.gravatar.com\/avatar\/74996b0977aa5f1559ba9883776652508b229005c0d78fb2597897f0bd651c09?s=96&d=mm&r=g","caption":"Edit\u00f6r"},"sameAs":["http:\/\/www.avrupapress.com"],"url":"https:\/\/avrupapress.com\/main\/author\/editor\/"}]}},"_links":{"self":[{"href":"https:\/\/avrupapress.com\/main\/wp-json\/wp\/v2\/posts\/10942","targetHints":{"allow":["GET"]}}],"collection":[{"href":"https:\/\/avrupapress.com\/main\/wp-json\/wp\/v2\/posts"}],"about":[{"href":"https:\/\/avrupapress.com\/main\/wp-json\/wp\/v2\/types\/post"}],"author":[{"embeddable":true,"href":"https:\/\/avrupapress.com\/main\/wp-json\/wp\/v2\/users\/3"}],"replies":[{"embeddable":true,"href":"https:\/\/avrupapress.com\/main\/wp-json\/wp\/v2\/comments?post=10942"}],"version-history":[{"count":1,"href":"https:\/\/avrupapress.com\/main\/wp-json\/wp\/v2\/posts\/10942\/revisions"}],"predecessor-version":[{"id":10944,"href":"https:\/\/avrupapress.com\/main\/wp-json\/wp\/v2\/posts\/10942\/revisions\/10944"}],"wp:featuredmedia":[{"embeddable":true,"href":"https:\/\/avrupapress.com\/main\/wp-json\/wp\/v2\/media\/10943"}],"wp:attachment":[{"href":"https:\/\/avrupapress.com\/main\/wp-json\/wp\/v2\/media?parent=10942"}],"wp:term":[{"taxonomy":"category","embeddable":true,"href":"https:\/\/avrupapress.com\/main\/wp-json\/wp\/v2\/categories?post=10942"},{"taxonomy":"post_tag","embeddable":true,"href":"https:\/\/avrupapress.com\/main\/wp-json\/wp\/v2\/tags?post=10942"}],"curies":[{"name":"wp","href":"https:\/\/api.w.org\/{rel}","templated":true}]}}