{"id":10937,"date":"2020-03-22T19:14:34","date_gmt":"2020-03-22T19:14:34","guid":{"rendered":"http:\/\/avrupapress.com\/main\/?p=10937"},"modified":"2020-03-22T19:17:30","modified_gmt":"2020-03-22T19:17:30","slug":"belcikadaki-turk-ogrencilerimize-onemli-duyuru","status":"publish","type":"post","link":"https:\/\/avrupapress.com\/main\/2020\/03\/22\/belcikadaki-turk-ogrencilerimize-onemli-duyuru\/","title":{"rendered":"BEL\u00c7\u0130KA&rsquo;DAK\u0130 T\u00dcRK \u00d6\u011eRENC\u0130LER\u0130M\u0130ZE \u00d6NEML\u0130 DUYURU"},"content":{"rendered":"\n<p> T.C. Milli E\u011fitim Bakanl\u0131\u011f\u0131 ve Jean Monnet burslar\u0131, Erasmus ve AFS programlar\u0131 gibi yollarla veya kendi imkanlar\u0131yla Bel\u00e7ika y\u00fcksek e\u011fitim kurumlar\u0131nda lisans\/lisans \u00fcst\u00fc \u00f6\u011frenim g\u00f6rmek i\u00e7in Bel\u00e7ika\u2019ya \u00fclkemizden gelmi\u015f ve burada okumakta olan \u00f6\u011frencilerimizin, ihtiya\u00e7 duyuldu\u011fu takdirde kendileriyle temasa ge\u00e7ilebilmesini ve yard\u0131mc\u0131 olunabilmesini teminen, isim, telefon, T.C. Kimlik Numaras\u0131, bulunulan \u015fehir ve \u00f6\u011frenim g\u00f6r\u00fclen okul bilgilerini m\u00fcmk\u00fcnse bug\u00fcn i\u00e7inde B\u00fcy\u00fckel\u00e7ili\u011fimizin resmi e-posta hesab\u0131na <strong>(embassy.brussels@mfa.gov.tr) <\/strong>iletmeleri \u00f6nemle rica olunur. <\/p>\n\n\n\n<p><strong>Bilgin Ozcifci \/ AVRUPAPRESS<\/strong><\/p>\n","protected":false},"excerpt":{"rendered":"<p>T.C. Milli E\u011fitim Bakanl\u0131\u011f\u0131 ve Jean Monnet burslar\u0131, Erasmus ve AFS programlar\u0131 gibi yollarla veya kendi imkanlar\u0131yla Bel\u00e7ika y\u00fcksek e\u011fitim kurumlar\u0131nda lisans\/lisans \u00fcst\u00fc \u00f6\u011frenim g\u00f6rmek i\u00e7in Bel\u00e7ika\u2019ya \u00fclkemizden gelmi\u015f ve burada okumakta olan \u00f6\u011frencilerimizin, ihtiya\u00e7 duyuldu\u011fu takdirde kendileriyle temasa ge\u00e7ilebilmesini ve yard\u0131mc\u0131 olunabilmesini teminen, isim, telefon, T.C. Kimlik Numaras\u0131, bulunulan \u015fehir ve \u00f6\u011frenim g\u00f6r\u00fclen okul [&hellip;]<\/p>\n","protected":false},"author":3,"featured_media":10917,"comment_status":"closed","ping_status":"open","sticky":false,"template":"","format":"standard","meta":{"footnotes":""},"categories":[14,16,3,17,18,15,19,2,1],"tags":[],"class_list":["post-10937","post","type-post","status-publish","format-standard","has-post-thumbnail","hentry","category-avrupa","category-belcika","category-dunya","category-ekonomi","category-kultur-sanat","category-spor","category-tanitim","category-turkiye","category-uncategorized"],"yoast_head":"<!-- This site is optimized with the Yoast SEO plugin v26.9 - https:\/\/yoast.com\/product\/yoast-seo-wordpress\/ -->\n<title>BEL\u00c7\u0130KA&#039;DAK\u0130 T\u00dcRK \u00d6\u011eRENC\u0130LER\u0130M\u0130ZE \u00d6NEML\u0130 DUYURU - AvrupaPress<\/title>\n<meta name=\"robots\" content=\"index, follow, max-snippet:-1, max-image-preview:large, max-video-preview:-1\" \/>\n<link rel=\"canonical\" href=\"https:\/\/avrupapress.com\/2020\/03\/22\/belcikadaki-turk-ogrencilerimize-onemli-duyuru\/\" \/>\n<meta property=\"og:locale\" content=\"fr_FR\" \/>\n<meta property=\"og:type\" content=\"article\" \/>\n<meta property=\"og:title\" content=\"BEL\u00c7\u0130KA&#039;DAK\u0130 T\u00dcRK \u00d6\u011eRENC\u0130LER\u0130M\u0130ZE \u00d6NEML\u0130 DUYURU - AvrupaPress\" \/>\n<meta property=\"og:description\" content=\"T.C. Milli E\u011fitim Bakanl\u0131\u011f\u0131 ve Jean Monnet burslar\u0131, Erasmus ve AFS programlar\u0131 gibi yollarla veya kendi imkanlar\u0131yla Bel\u00e7ika y\u00fcksek e\u011fitim kurumlar\u0131nda lisans\/lisans \u00fcst\u00fc \u00f6\u011frenim g\u00f6rmek i\u00e7in Bel\u00e7ika\u2019ya \u00fclkemizden gelmi\u015f ve burada okumakta olan \u00f6\u011frencilerimizin, ihtiya\u00e7 duyuldu\u011fu takdirde kendileriyle temasa ge\u00e7ilebilmesini ve yard\u0131mc\u0131 olunabilmesini teminen, isim, telefon, T.C. Kimlik Numaras\u0131, bulunulan \u015fehir ve \u00f6\u011frenim g\u00f6r\u00fclen okul [&hellip;]\" \/>\n<meta property=\"og:url\" content=\"https:\/\/avrupapress.com\/2020\/03\/22\/belcikadaki-turk-ogrencilerimize-onemli-duyuru\/\" \/>\n<meta property=\"og:site_name\" content=\"AvrupaPress\" \/>\n<meta property=\"article:published_time\" content=\"2020-03-22T19:14:34+00:00\" \/>\n<meta property=\"article:modified_time\" content=\"2020-03-22T19:17:30+00:00\" \/>\n<meta property=\"og:image\" content=\"https:\/\/avrupapress.com\/wp-content\/uploads\/2020\/03\/82469691_2727807810608714_851237645911588864_o.jpg\" \/>\n\t<meta property=\"og:image:width\" content=\"960\" \/>\n\t<meta property=\"og:image:height\" content=\"960\" \/>\n\t<meta property=\"og:image:type\" content=\"image\/jpeg\" \/>\n<meta name=\"author\" content=\"Edit\u00f6r\" \/>\n<meta name=\"twitter:card\" content=\"summary_large_image\" \/>\n<meta name=\"twitter:label1\" content=\"\u00c9crit par\" \/>\n\t<meta name=\"twitter:data1\" content=\"Edit\u00f6r\" \/>\n\t<meta name=\"twitter:label2\" content=\"Dur\u00e9e de lecture est.\" \/>\n\t<meta name=\"twitter:data2\" content=\"1 minute\" \/>\n<script type=\"application\/ld+json\" class=\"yoast-schema-graph\">{\"@context\":\"https:\/\/schema.org\",\"@graph\":[{\"@type\":\"Article\",\"@id\":\"https:\/\/avrupapress.com\/2020\/03\/22\/belcikadaki-turk-ogrencilerimize-onemli-duyuru\/#article\",\"isPartOf\":{\"@id\":\"https:\/\/avrupapress.com\/2020\/03\/22\/belcikadaki-turk-ogrencilerimize-onemli-duyuru\/\"},\"author\":{\"name\":\"Edit\u00f6r\",\"@id\":\"https:\/\/avrupapress.com\/#\/schema\/person\/68428444ec60970d1e1b700cf4ca1e8f\"},\"headline\":\"BEL\u00c7\u0130KA&rsquo;DAK\u0130 T\u00dcRK \u00d6\u011eRENC\u0130LER\u0130M\u0130ZE \u00d6NEML\u0130 DUYURU\",\"datePublished\":\"2020-03-22T19:14:34+00:00\",\"dateModified\":\"2020-03-22T19:17:30+00:00\",\"mainEntityOfPage\":{\"@id\":\"https:\/\/avrupapress.com\/2020\/03\/22\/belcikadaki-turk-ogrencilerimize-onemli-duyuru\/\"},\"wordCount\":112,\"publisher\":{\"@id\":\"https:\/\/avrupapress.com\/#\/schema\/person\/0223dca19c72c43575bf30d1a2d8f4fa\"},\"image\":{\"@id\":\"https:\/\/avrupapress.com\/2020\/03\/22\/belcikadaki-turk-ogrencilerimize-onemli-duyuru\/#primaryimage\"},\"thumbnailUrl\":\"https:\/\/avrupapress.com\/main\/wp-content\/uploads\/2020\/03\/82469691_2727807810608714_851237645911588864_o.jpg\",\"articleSection\":[\"Avrupa\",\"Bel\u00e7ika\",\"D\u00fcnya\",\"Ekonomi\",\"K\u00fclt\u00fcr-Sanat\",\"Spor\",\"Tan\u0131t\u0131m\",\"T\u00fcrkiye\",\"Uncategorized\"],\"inLanguage\":\"fr-BE\"},{\"@type\":\"WebPage\",\"@id\":\"https:\/\/avrupapress.com\/2020\/03\/22\/belcikadaki-turk-ogrencilerimize-onemli-duyuru\/\",\"url\":\"https:\/\/avrupapress.com\/2020\/03\/22\/belcikadaki-turk-ogrencilerimize-onemli-duyuru\/\",\"name\":\"BEL\u00c7\u0130KA'DAK\u0130 T\u00dcRK \u00d6\u011eRENC\u0130LER\u0130M\u0130ZE \u00d6NEML\u0130 DUYURU - AvrupaPress\",\"isPartOf\":{\"@id\":\"https:\/\/avrupapress.com\/#website\"},\"primaryImageOfPage\":{\"@id\":\"https:\/\/avrupapress.com\/2020\/03\/22\/belcikadaki-turk-ogrencilerimize-onemli-duyuru\/#primaryimage\"},\"image\":{\"@id\":\"https:\/\/avrupapress.com\/2020\/03\/22\/belcikadaki-turk-ogrencilerimize-onemli-duyuru\/#primaryimage\"},\"thumbnailUrl\":\"https:\/\/avrupapress.com\/main\/wp-content\/uploads\/2020\/03\/82469691_2727807810608714_851237645911588864_o.jpg\",\"datePublished\":\"2020-03-22T19:14:34+00:00\",\"dateModified\":\"2020-03-22T19:17:30+00:00\",\"breadcrumb\":{\"@id\":\"https:\/\/avrupapress.com\/2020\/03\/22\/belcikadaki-turk-ogrencilerimize-onemli-duyuru\/#breadcrumb\"},\"inLanguage\":\"fr-BE\",\"potentialAction\":[{\"@type\":\"ReadAction\",\"target\":[\"https:\/\/avrupapress.com\/2020\/03\/22\/belcikadaki-turk-ogrencilerimize-onemli-duyuru\/\"]}]},{\"@type\":\"ImageObject\",\"inLanguage\":\"fr-BE\",\"@id\":\"https:\/\/avrupapress.com\/2020\/03\/22\/belcikadaki-turk-ogrencilerimize-onemli-duyuru\/#primaryimage\",\"url\":\"https:\/\/avrupapress.com\/main\/wp-content\/uploads\/2020\/03\/82469691_2727807810608714_851237645911588864_o.jpg\",\"contentUrl\":\"https:\/\/avrupapress.com\/main\/wp-content\/uploads\/2020\/03\/82469691_2727807810608714_851237645911588864_o.jpg\",\"width\":960,\"height\":960},{\"@type\":\"BreadcrumbList\",\"@id\":\"https:\/\/avrupapress.com\/2020\/03\/22\/belcikadaki-turk-ogrencilerimize-onemli-duyuru\/#breadcrumb\",\"itemListElement\":[{\"@type\":\"ListItem\",\"position\":1,\"name\":\"Anasayfa\",\"item\":\"https:\/\/avrupapress.com\/\"},{\"@type\":\"ListItem\",\"position\":2,\"name\":\"BEL\u00c7\u0130KA&#8217;DAK\u0130 T\u00dcRK \u00d6\u011eRENC\u0130LER\u0130M\u0130ZE \u00d6NEML\u0130 DUYURU\"}]},{\"@type\":\"WebSite\",\"@id\":\"https:\/\/avrupapress.com\/#website\",\"url\":\"https:\/\/avrupapress.com\/\",\"name\":\"AvrupaPress\",\"description\":\"Haberin Adresi\",\"publisher\":{\"@id\":\"https:\/\/avrupapress.com\/#\/schema\/person\/0223dca19c72c43575bf30d1a2d8f4fa\"},\"potentialAction\":[{\"@type\":\"SearchAction\",\"target\":{\"@type\":\"EntryPoint\",\"urlTemplate\":\"https:\/\/avrupapress.com\/?s={search_term_string}\"},\"query-input\":{\"@type\":\"PropertyValueSpecification\",\"valueRequired\":true,\"valueName\":\"search_term_string\"}}],\"inLanguage\":\"fr-BE\"},{\"@type\":[\"Person\",\"Organization\"],\"@id\":\"https:\/\/avrupapress.com\/#\/schema\/person\/0223dca19c72c43575bf30d1a2d8f4fa\",\"name\":\"Bilgin \u00d6z\u00e7ift\u00e7i\",\"image\":{\"@type\":\"ImageObject\",\"inLanguage\":\"fr-BE\",\"@id\":\"https:\/\/avrupapress.com\/#\/schema\/person\/image\/\",\"url\":\"https:\/\/secure.gravatar.com\/avatar\/0f23b280433a21e1ea7a0adcc46ed0ad16afe3ad8e630fd13d8a017dcbd54ef3?s=96&d=mm&r=g\",\"contentUrl\":\"https:\/\/secure.gravatar.com\/avatar\/0f23b280433a21e1ea7a0adcc46ed0ad16afe3ad8e630fd13d8a017dcbd54ef3?s=96&d=mm&r=g\",\"caption\":\"Bilgin \u00d6z\u00e7ift\u00e7i\"},\"logo\":{\"@id\":\"https:\/\/avrupapress.com\/#\/schema\/person\/image\/\"},\"description\":\"Ne ben, nede sen... Biz ancak \\\"biz\\\" olursak g\u00fc\u00e7l\u00fc olabiliriz\"},{\"@type\":\"Person\",\"@id\":\"https:\/\/avrupapress.com\/#\/schema\/person\/68428444ec60970d1e1b700cf4ca1e8f\",\"name\":\"Edit\u00f6r\",\"image\":{\"@type\":\"ImageObject\",\"inLanguage\":\"fr-BE\",\"@id\":\"https:\/\/avrupapress.com\/#\/schema\/person\/image\/\",\"url\":\"https:\/\/secure.gravatar.com\/avatar\/74996b0977aa5f1559ba9883776652508b229005c0d78fb2597897f0bd651c09?s=96&d=mm&r=g\",\"contentUrl\":\"https:\/\/secure.gravatar.com\/avatar\/74996b0977aa5f1559ba9883776652508b229005c0d78fb2597897f0bd651c09?s=96&d=mm&r=g\",\"caption\":\"Edit\u00f6r\"},\"sameAs\":[\"http:\/\/www.avrupapress.com\"],\"url\":\"https:\/\/avrupapress.com\/main\/author\/editor\/\"}]}<\/script>\n<!-- \/ Yoast SEO plugin. -->","yoast_head_json":{"title":"BEL\u00c7\u0130KA'DAK\u0130 T\u00dcRK \u00d6\u011eRENC\u0130LER\u0130M\u0130ZE \u00d6NEML\u0130 DUYURU - AvrupaPress","robots":{"index":"index","follow":"follow","max-snippet":"max-snippet:-1","max-image-preview":"max-image-preview:large","max-video-preview":"max-video-preview:-1"},"canonical":"https:\/\/avrupapress.com\/2020\/03\/22\/belcikadaki-turk-ogrencilerimize-onemli-duyuru\/","og_locale":"fr_FR","og_type":"article","og_title":"BEL\u00c7\u0130KA'DAK\u0130 T\u00dcRK \u00d6\u011eRENC\u0130LER\u0130M\u0130ZE \u00d6NEML\u0130 DUYURU - AvrupaPress","og_description":"T.C. Milli E\u011fitim Bakanl\u0131\u011f\u0131 ve Jean Monnet burslar\u0131, Erasmus ve AFS programlar\u0131 gibi yollarla veya kendi imkanlar\u0131yla Bel\u00e7ika y\u00fcksek e\u011fitim kurumlar\u0131nda lisans\/lisans \u00fcst\u00fc \u00f6\u011frenim g\u00f6rmek i\u00e7in Bel\u00e7ika\u2019ya \u00fclkemizden gelmi\u015f ve burada okumakta olan \u00f6\u011frencilerimizin, ihtiya\u00e7 duyuldu\u011fu takdirde kendileriyle temasa ge\u00e7ilebilmesini ve yard\u0131mc\u0131 olunabilmesini teminen, isim, telefon, T.C. Kimlik Numaras\u0131, bulunulan \u015fehir ve \u00f6\u011frenim g\u00f6r\u00fclen okul [&hellip;]","og_url":"https:\/\/avrupapress.com\/2020\/03\/22\/belcikadaki-turk-ogrencilerimize-onemli-duyuru\/","og_site_name":"AvrupaPress","article_published_time":"2020-03-22T19:14:34+00:00","article_modified_time":"2020-03-22T19:17:30+00:00","og_image":[{"width":960,"height":960,"url":"https:\/\/avrupapress.com\/wp-content\/uploads\/2020\/03\/82469691_2727807810608714_851237645911588864_o.jpg","type":"image\/jpeg"}],"author":"Edit\u00f6r","twitter_card":"summary_large_image","twitter_misc":{"\u00c9crit par":"Edit\u00f6r","Dur\u00e9e de lecture est.":"1 minute"},"schema":{"@context":"https:\/\/schema.org","@graph":[{"@type":"Article","@id":"https:\/\/avrupapress.com\/2020\/03\/22\/belcikadaki-turk-ogrencilerimize-onemli-duyuru\/#article","isPartOf":{"@id":"https:\/\/avrupapress.com\/2020\/03\/22\/belcikadaki-turk-ogrencilerimize-onemli-duyuru\/"},"author":{"name":"Edit\u00f6r","@id":"https:\/\/avrupapress.com\/#\/schema\/person\/68428444ec60970d1e1b700cf4ca1e8f"},"headline":"BEL\u00c7\u0130KA&rsquo;DAK\u0130 T\u00dcRK \u00d6\u011eRENC\u0130LER\u0130M\u0130ZE \u00d6NEML\u0130 DUYURU","datePublished":"2020-03-22T19:14:34+00:00","dateModified":"2020-03-22T19:17:30+00:00","mainEntityOfPage":{"@id":"https:\/\/avrupapress.com\/2020\/03\/22\/belcikadaki-turk-ogrencilerimize-onemli-duyuru\/"},"wordCount":112,"publisher":{"@id":"https:\/\/avrupapress.com\/#\/schema\/person\/0223dca19c72c43575bf30d1a2d8f4fa"},"image":{"@id":"https:\/\/avrupapress.com\/2020\/03\/22\/belcikadaki-turk-ogrencilerimize-onemli-duyuru\/#primaryimage"},"thumbnailUrl":"https:\/\/avrupapress.com\/main\/wp-content\/uploads\/2020\/03\/82469691_2727807810608714_851237645911588864_o.jpg","articleSection":["Avrupa","Bel\u00e7ika","D\u00fcnya","Ekonomi","K\u00fclt\u00fcr-Sanat","Spor","Tan\u0131t\u0131m","T\u00fcrkiye","Uncategorized"],"inLanguage":"fr-BE"},{"@type":"WebPage","@id":"https:\/\/avrupapress.com\/2020\/03\/22\/belcikadaki-turk-ogrencilerimize-onemli-duyuru\/","url":"https:\/\/avrupapress.com\/2020\/03\/22\/belcikadaki-turk-ogrencilerimize-onemli-duyuru\/","name":"BEL\u00c7\u0130KA'DAK\u0130 T\u00dcRK \u00d6\u011eRENC\u0130LER\u0130M\u0130ZE \u00d6NEML\u0130 DUYURU - AvrupaPress","isPartOf":{"@id":"https:\/\/avrupapress.com\/#website"},"primaryImageOfPage":{"@id":"https:\/\/avrupapress.com\/2020\/03\/22\/belcikadaki-turk-ogrencilerimize-onemli-duyuru\/#primaryimage"},"image":{"@id":"https:\/\/avrupapress.com\/2020\/03\/22\/belcikadaki-turk-ogrencilerimize-onemli-duyuru\/#primaryimage"},"thumbnailUrl":"https:\/\/avrupapress.com\/main\/wp-content\/uploads\/2020\/03\/82469691_2727807810608714_851237645911588864_o.jpg","datePublished":"2020-03-22T19:14:34+00:00","dateModified":"2020-03-22T19:17:30+00:00","breadcrumb":{"@id":"https:\/\/avrupapress.com\/2020\/03\/22\/belcikadaki-turk-ogrencilerimize-onemli-duyuru\/#breadcrumb"},"inLanguage":"fr-BE","potentialAction":[{"@type":"ReadAction","target":["https:\/\/avrupapress.com\/2020\/03\/22\/belcikadaki-turk-ogrencilerimize-onemli-duyuru\/"]}]},{"@type":"ImageObject","inLanguage":"fr-BE","@id":"https:\/\/avrupapress.com\/2020\/03\/22\/belcikadaki-turk-ogrencilerimize-onemli-duyuru\/#primaryimage","url":"https:\/\/avrupapress.com\/main\/wp-content\/uploads\/2020\/03\/82469691_2727807810608714_851237645911588864_o.jpg","contentUrl":"https:\/\/avrupapress.com\/main\/wp-content\/uploads\/2020\/03\/82469691_2727807810608714_851237645911588864_o.jpg","width":960,"height":960},{"@type":"BreadcrumbList","@id":"https:\/\/avrupapress.com\/2020\/03\/22\/belcikadaki-turk-ogrencilerimize-onemli-duyuru\/#breadcrumb","itemListElement":[{"@type":"ListItem","position":1,"name":"Anasayfa","item":"https:\/\/avrupapress.com\/"},{"@type":"ListItem","position":2,"name":"BEL\u00c7\u0130KA&#8217;DAK\u0130 T\u00dcRK \u00d6\u011eRENC\u0130LER\u0130M\u0130ZE \u00d6NEML\u0130 DUYURU"}]},{"@type":"WebSite","@id":"https:\/\/avrupapress.com\/#website","url":"https:\/\/avrupapress.com\/","name":"AvrupaPress","description":"Haberin Adresi","publisher":{"@id":"https:\/\/avrupapress.com\/#\/schema\/person\/0223dca19c72c43575bf30d1a2d8f4fa"},"potentialAction":[{"@type":"SearchAction","target":{"@type":"EntryPoint","urlTemplate":"https:\/\/avrupapress.com\/?s={search_term_string}"},"query-input":{"@type":"PropertyValueSpecification","valueRequired":true,"valueName":"search_term_string"}}],"inLanguage":"fr-BE"},{"@type":["Person","Organization"],"@id":"https:\/\/avrupapress.com\/#\/schema\/person\/0223dca19c72c43575bf30d1a2d8f4fa","name":"Bilgin \u00d6z\u00e7ift\u00e7i","image":{"@type":"ImageObject","inLanguage":"fr-BE","@id":"https:\/\/avrupapress.com\/#\/schema\/person\/image\/","url":"https:\/\/secure.gravatar.com\/avatar\/0f23b280433a21e1ea7a0adcc46ed0ad16afe3ad8e630fd13d8a017dcbd54ef3?s=96&d=mm&r=g","contentUrl":"https:\/\/secure.gravatar.com\/avatar\/0f23b280433a21e1ea7a0adcc46ed0ad16afe3ad8e630fd13d8a017dcbd54ef3?s=96&d=mm&r=g","caption":"Bilgin \u00d6z\u00e7ift\u00e7i"},"logo":{"@id":"https:\/\/avrupapress.com\/#\/schema\/person\/image\/"},"description":"Ne ben, nede sen... Biz ancak \"biz\" olursak g\u00fc\u00e7l\u00fc olabiliriz"},{"@type":"Person","@id":"https:\/\/avrupapress.com\/#\/schema\/person\/68428444ec60970d1e1b700cf4ca1e8f","name":"Edit\u00f6r","image":{"@type":"ImageObject","inLanguage":"fr-BE","@id":"https:\/\/avrupapress.com\/#\/schema\/person\/image\/","url":"https:\/\/secure.gravatar.com\/avatar\/74996b0977aa5f1559ba9883776652508b229005c0d78fb2597897f0bd651c09?s=96&d=mm&r=g","contentUrl":"https:\/\/secure.gravatar.com\/avatar\/74996b0977aa5f1559ba9883776652508b229005c0d78fb2597897f0bd651c09?s=96&d=mm&r=g","caption":"Edit\u00f6r"},"sameAs":["http:\/\/www.avrupapress.com"],"url":"https:\/\/avrupapress.com\/main\/author\/editor\/"}]}},"_links":{"self":[{"href":"https:\/\/avrupapress.com\/main\/wp-json\/wp\/v2\/posts\/10937","targetHints":{"allow":["GET"]}}],"collection":[{"href":"https:\/\/avrupapress.com\/main\/wp-json\/wp\/v2\/posts"}],"about":[{"href":"https:\/\/avrupapress.com\/main\/wp-json\/wp\/v2\/types\/post"}],"author":[{"embeddable":true,"href":"https:\/\/avrupapress.com\/main\/wp-json\/wp\/v2\/users\/3"}],"replies":[{"embeddable":true,"href":"https:\/\/avrupapress.com\/main\/wp-json\/wp\/v2\/comments?post=10937"}],"version-history":[{"count":1,"href":"https:\/\/avrupapress.com\/main\/wp-json\/wp\/v2\/posts\/10937\/revisions"}],"predecessor-version":[{"id":10939,"href":"https:\/\/avrupapress.com\/main\/wp-json\/wp\/v2\/posts\/10937\/revisions\/10939"}],"wp:featuredmedia":[{"embeddable":true,"href":"https:\/\/avrupapress.com\/main\/wp-json\/wp\/v2\/media\/10917"}],"wp:attachment":[{"href":"https:\/\/avrupapress.com\/main\/wp-json\/wp\/v2\/media?parent=10937"}],"wp:term":[{"taxonomy":"category","embeddable":true,"href":"https:\/\/avrupapress.com\/main\/wp-json\/wp\/v2\/categories?post=10937"},{"taxonomy":"post_tag","embeddable":true,"href":"https:\/\/avrupapress.com\/main\/wp-json\/wp\/v2\/tags?post=10937"}],"curies":[{"name":"wp","href":"https:\/\/api.w.org\/{rel}","templated":true}]}}