{"id":10930,"date":"2020-03-22T17:02:29","date_gmt":"2020-03-22T17:02:29","guid":{"rendered":"http:\/\/avrupapress.com\/main\/?p=10930"},"modified":"2020-03-22T17:02:30","modified_gmt":"2020-03-22T17:02:30","slug":"turkiye-cumhuriyeti-bruksel-buyukelcisi-dr-hasan-ulusoyun-koronavirus-salgini-baglaminda-belcikadaki-vatandaslarina-mesaji","status":"publish","type":"post","link":"https:\/\/avrupapress.com\/main\/2020\/03\/22\/turkiye-cumhuriyeti-bruksel-buyukelcisi-dr-hasan-ulusoyun-koronavirus-salgini-baglaminda-belcikadaki-vatandaslarina-mesaji\/","title":{"rendered":"T\u00dcRK\u0130YE CUMHUR\u0130YET\u0130 BR\u00dcKSEL B\u00dcY\u00dcKEL\u00c7\u0130S\u0130 DR. HASAN ULUSOY&rsquo;UN KORONAV\u0130R\u00dcS SALGINI BA\u011eLAMINDA BEL\u00c7\u0130KA&rsquo;DAK\u0130 VATANDA\u015eLARINA MESAJI"},"content":{"rendered":"\n<p> <strong>K\u0131ymetliVatanda\u015flar\u0131m,\u00a0<\/strong> <\/p>\n\n\n\n<p>Koronavir\u00fcs (covid-19) isimli \u00e7ok bula\u015f\u0131c\u0131 bir vir\u00fcs her yerde oldu\u011fu gibi Bel\u00e7ika\u2019da da h\u0131zla yay\u0131lmaktad\u0131r. Bu durumun \u00f6n\u00fcm\u00fczdeki belli bir s\u00fcre daha artarak s\u00fcrece\u011fi tahmin olunmaktad\u0131r.<br><br>Bir\u00e7ok insan belirti g\u00f6stermeden bu vir\u00fcs\u00fc kapmakta ve risk grubundaki insanlara, yani&nbsp; ya\u015fl\u0131lar, hamileler ve kronik hastal\u0131\u011f\u0131 olanlara ( ba\u011f\u0131\u015f\u0131kl\u0131k sistemi sorunlular, kanser hastalar\u0131 ve kemoterapi alanlar, y\u00fcksek tansiyon, diabet, kalp ve akci\u011fer hastalar\u0131 gibi) fark\u0131nda olmadan bula\u015ft\u0131rabilmektedirler.&nbsp;<br><br>Vir\u00fcs\u00fc birbirimize bula\u015ft\u0131rmaman\u0131n en temel yolu, el temizli\u011finin yan\u0131s\u0131ra, insanlar\u0131m\u0131z\u0131n el s\u0131kma, sar\u0131lma, \u00f6pme gibi gibi davran\u0131\u015flardan bu d\u00f6nemde ka\u00e7\u0131nmalar\u0131d\u0131r. Bel\u00e7ika makamlar\u0131, insanlar\u0131n bir araya gelmemeleri i\u00e7in bir dizi \u00f6nlem a\u00e7\u0131klam\u0131\u015ft\u0131r. Bu kararlar gerek B\u00fcy\u00fckel\u00e7ilik ve Ba\u015fkonsolosluklar\u0131m\u0131zca, gerek sivil toplum kurulu\u015flar\u0131m\u0131z ve yerel T\u00fcrk bas\u0131n\u0131 taraf\u0131ndan d\u00fczenli olarak sizlere duyurulmaktad\u0131r.&nbsp;<br><br>Bir araya gelerek sohbet etmeyi seven, sevgimizi ve muhabetimizi yak\u0131n \u015fekilde birbirimize g\u00f6stermek isteyen y\u00fcre\u011fi geni\u015f, samimi bir toplumuz. Bunlar \u00f6nemli meziyetler.&nbsp; Ancak sizler bizler i\u00e7in de\u011ferlisiniz. Sa\u011fl\u0131\u011f\u0131n\u0131za zarar gelmemesi, risk grubundaki insanlar\u0131m\u0131z\u0131n korunmas\u0131 i\u00e7in bu d\u00f6nemde bu al\u0131\u015fkanl\u0131klar\u0131m\u0131z\u0131 kontrol alt\u0131na almak \u00f6nemlidir.&nbsp; Ba\u015fta aileniz olmak \u00fczere, ya\u015fad\u0131\u011f\u0131n\u0131z \u00e7evrede, bu bula\u015f\u0131c\u0131 vir\u00fcsten olabildi\u011fince sak\u0131nmak i\u00e7in temizlik kurallar\u0131na uyarken, ayn\u0131 zamanda&nbsp;al\u0131nan kararlara ve \u00f6nlemlere uygun olarak davranman\u0131z\u0131, \u00e7ekirdek aileniz d\u0131\u015f\u0131nda bir araya gelmekten uzak durman\u0131z\u0131 sizlerin ve toplumun sa\u011fl\u0131\u011f\u0131 i\u00e7in \u00f6nemle rica ederim.<\/p>\n\n\n\n<p>Sa\u011fl\u0131k ve muhabbetle,&nbsp;<br><br>Dr. Hasan Ulusoy&nbsp;<br>T.C. Br\u00fcksel B\u00fcy\u00fckel\u00e7isi<\/p>\n","protected":false},"excerpt":{"rendered":"<p>K\u0131ymetliVatanda\u015flar\u0131m,\u00a0 Koronavir\u00fcs (covid-19) isimli \u00e7ok bula\u015f\u0131c\u0131 bir vir\u00fcs her yerde oldu\u011fu gibi Bel\u00e7ika\u2019da da h\u0131zla yay\u0131lmaktad\u0131r. Bu durumun \u00f6n\u00fcm\u00fczdeki belli bir s\u00fcre daha artarak s\u00fcrece\u011fi tahmin olunmaktad\u0131r. Bir\u00e7ok insan belirti g\u00f6stermeden bu vir\u00fcs\u00fc kapmakta ve risk grubundaki insanlara, yani&nbsp; ya\u015fl\u0131lar, hamileler ve kronik hastal\u0131\u011f\u0131 olanlara ( ba\u011f\u0131\u015f\u0131kl\u0131k sistemi sorunlular, kanser hastalar\u0131 ve kemoterapi alanlar, y\u00fcksek [&hellip;]<\/p>\n","protected":false},"author":3,"featured_media":10853,"comment_status":"closed","ping_status":"open","sticky":false,"template":"","format":"standard","meta":{"footnotes":""},"categories":[14,16,3,17,19,2,1],"tags":[],"class_list":["post-10930","post","type-post","status-publish","format-standard","has-post-thumbnail","hentry","category-avrupa","category-belcika","category-dunya","category-ekonomi","category-tanitim","category-turkiye","category-uncategorized"],"yoast_head":"<!-- This site is optimized with the Yoast SEO plugin v26.9 - https:\/\/yoast.com\/product\/yoast-seo-wordpress\/ -->\n<title>T\u00dcRK\u0130YE CUMHUR\u0130YET\u0130 BR\u00dcKSEL B\u00dcY\u00dcKEL\u00c7\u0130S\u0130 DR. HASAN ULUSOY&#039;UN KORONAV\u0130R\u00dcS SALGINI BA\u011eLAMINDA BEL\u00c7\u0130KA&#039;DAK\u0130 VATANDA\u015eLARINA MESAJI - AvrupaPress<\/title>\n<meta name=\"robots\" content=\"index, follow, max-snippet:-1, max-image-preview:large, max-video-preview:-1\" \/>\n<link rel=\"canonical\" href=\"https:\/\/avrupapress.com\/2020\/03\/22\/turkiye-cumhuriyeti-bruksel-buyukelcisi-dr-hasan-ulusoyun-koronavirus-salgini-baglaminda-belcikadaki-vatandaslarina-mesaji\/\" \/>\n<meta property=\"og:locale\" content=\"fr_FR\" \/>\n<meta property=\"og:type\" content=\"article\" \/>\n<meta property=\"og:title\" content=\"T\u00dcRK\u0130YE CUMHUR\u0130YET\u0130 BR\u00dcKSEL B\u00dcY\u00dcKEL\u00c7\u0130S\u0130 DR. HASAN ULUSOY&#039;UN KORONAV\u0130R\u00dcS SALGINI BA\u011eLAMINDA BEL\u00c7\u0130KA&#039;DAK\u0130 VATANDA\u015eLARINA MESAJI - AvrupaPress\" \/>\n<meta property=\"og:description\" content=\"K\u0131ymetliVatanda\u015flar\u0131m,\u00a0 Koronavir\u00fcs (covid-19) isimli \u00e7ok bula\u015f\u0131c\u0131 bir vir\u00fcs her yerde oldu\u011fu gibi Bel\u00e7ika\u2019da da h\u0131zla yay\u0131lmaktad\u0131r. Bu durumun \u00f6n\u00fcm\u00fczdeki belli bir s\u00fcre daha artarak s\u00fcrece\u011fi tahmin olunmaktad\u0131r. Bir\u00e7ok insan belirti g\u00f6stermeden bu vir\u00fcs\u00fc kapmakta ve risk grubundaki insanlara, yani&nbsp; ya\u015fl\u0131lar, hamileler ve kronik hastal\u0131\u011f\u0131 olanlara ( ba\u011f\u0131\u015f\u0131kl\u0131k sistemi sorunlular, kanser hastalar\u0131 ve kemoterapi alanlar, y\u00fcksek [&hellip;]\" \/>\n<meta property=\"og:url\" content=\"https:\/\/avrupapress.com\/2020\/03\/22\/turkiye-cumhuriyeti-bruksel-buyukelcisi-dr-hasan-ulusoyun-koronavirus-salgini-baglaminda-belcikadaki-vatandaslarina-mesaji\/\" \/>\n<meta property=\"og:site_name\" content=\"AvrupaPress\" \/>\n<meta property=\"article:published_time\" content=\"2020-03-22T17:02:29+00:00\" \/>\n<meta property=\"article:modified_time\" content=\"2020-03-22T17:02:30+00:00\" \/>\n<meta property=\"og:image\" content=\"https:\/\/avrupapress.com\/wp-content\/uploads\/2020\/03\/89437194_2847873621935465_1516415801026936832_o.jpg\" \/>\n\t<meta property=\"og:image:width\" content=\"1920\" \/>\n\t<meta property=\"og:image:height\" content=\"1240\" \/>\n\t<meta property=\"og:image:type\" content=\"image\/jpeg\" \/>\n<meta name=\"author\" content=\"Edit\u00f6r\" \/>\n<meta name=\"twitter:card\" content=\"summary_large_image\" \/>\n<meta name=\"twitter:label1\" content=\"\u00c9crit par\" \/>\n\t<meta name=\"twitter:data1\" content=\"Edit\u00f6r\" \/>\n\t<meta name=\"twitter:label2\" content=\"Dur\u00e9e de lecture est.\" \/>\n\t<meta name=\"twitter:data2\" content=\"2 minutes\" \/>\n<script type=\"application\/ld+json\" class=\"yoast-schema-graph\">{\"@context\":\"https:\/\/schema.org\",\"@graph\":[{\"@type\":\"Article\",\"@id\":\"https:\/\/avrupapress.com\/2020\/03\/22\/turkiye-cumhuriyeti-bruksel-buyukelcisi-dr-hasan-ulusoyun-koronavirus-salgini-baglaminda-belcikadaki-vatandaslarina-mesaji\/#article\",\"isPartOf\":{\"@id\":\"https:\/\/avrupapress.com\/2020\/03\/22\/turkiye-cumhuriyeti-bruksel-buyukelcisi-dr-hasan-ulusoyun-koronavirus-salgini-baglaminda-belcikadaki-vatandaslarina-mesaji\/\"},\"author\":{\"name\":\"Edit\u00f6r\",\"@id\":\"https:\/\/avrupapress.com\/#\/schema\/person\/68428444ec60970d1e1b700cf4ca1e8f\"},\"headline\":\"T\u00dcRK\u0130YE CUMHUR\u0130YET\u0130 BR\u00dcKSEL B\u00dcY\u00dcKEL\u00c7\u0130S\u0130 DR. HASAN ULUSOY&rsquo;UN KORONAV\u0130R\u00dcS SALGINI BA\u011eLAMINDA BEL\u00c7\u0130KA&rsquo;DAK\u0130 VATANDA\u015eLARINA MESAJI\",\"datePublished\":\"2020-03-22T17:02:29+00:00\",\"dateModified\":\"2020-03-22T17:02:30+00:00\",\"mainEntityOfPage\":{\"@id\":\"https:\/\/avrupapress.com\/2020\/03\/22\/turkiye-cumhuriyeti-bruksel-buyukelcisi-dr-hasan-ulusoyun-koronavirus-salgini-baglaminda-belcikadaki-vatandaslarina-mesaji\/\"},\"wordCount\":348,\"publisher\":{\"@id\":\"https:\/\/avrupapress.com\/#\/schema\/person\/0223dca19c72c43575bf30d1a2d8f4fa\"},\"image\":{\"@id\":\"https:\/\/avrupapress.com\/2020\/03\/22\/turkiye-cumhuriyeti-bruksel-buyukelcisi-dr-hasan-ulusoyun-koronavirus-salgini-baglaminda-belcikadaki-vatandaslarina-mesaji\/#primaryimage\"},\"thumbnailUrl\":\"https:\/\/avrupapress.com\/main\/wp-content\/uploads\/2020\/03\/89437194_2847873621935465_1516415801026936832_o.jpg\",\"articleSection\":[\"Avrupa\",\"Bel\u00e7ika\",\"D\u00fcnya\",\"Ekonomi\",\"Tan\u0131t\u0131m\",\"T\u00fcrkiye\",\"Uncategorized\"],\"inLanguage\":\"fr-BE\"},{\"@type\":\"WebPage\",\"@id\":\"https:\/\/avrupapress.com\/2020\/03\/22\/turkiye-cumhuriyeti-bruksel-buyukelcisi-dr-hasan-ulusoyun-koronavirus-salgini-baglaminda-belcikadaki-vatandaslarina-mesaji\/\",\"url\":\"https:\/\/avrupapress.com\/2020\/03\/22\/turkiye-cumhuriyeti-bruksel-buyukelcisi-dr-hasan-ulusoyun-koronavirus-salgini-baglaminda-belcikadaki-vatandaslarina-mesaji\/\",\"name\":\"T\u00dcRK\u0130YE CUMHUR\u0130YET\u0130 BR\u00dcKSEL B\u00dcY\u00dcKEL\u00c7\u0130S\u0130 DR. HASAN ULUSOY'UN KORONAV\u0130R\u00dcS SALGINI BA\u011eLAMINDA BEL\u00c7\u0130KA'DAK\u0130 VATANDA\u015eLARINA MESAJI - AvrupaPress\",\"isPartOf\":{\"@id\":\"https:\/\/avrupapress.com\/#website\"},\"primaryImageOfPage\":{\"@id\":\"https:\/\/avrupapress.com\/2020\/03\/22\/turkiye-cumhuriyeti-bruksel-buyukelcisi-dr-hasan-ulusoyun-koronavirus-salgini-baglaminda-belcikadaki-vatandaslarina-mesaji\/#primaryimage\"},\"image\":{\"@id\":\"https:\/\/avrupapress.com\/2020\/03\/22\/turkiye-cumhuriyeti-bruksel-buyukelcisi-dr-hasan-ulusoyun-koronavirus-salgini-baglaminda-belcikadaki-vatandaslarina-mesaji\/#primaryimage\"},\"thumbnailUrl\":\"https:\/\/avrupapress.com\/main\/wp-content\/uploads\/2020\/03\/89437194_2847873621935465_1516415801026936832_o.jpg\",\"datePublished\":\"2020-03-22T17:02:29+00:00\",\"dateModified\":\"2020-03-22T17:02:30+00:00\",\"breadcrumb\":{\"@id\":\"https:\/\/avrupapress.com\/2020\/03\/22\/turkiye-cumhuriyeti-bruksel-buyukelcisi-dr-hasan-ulusoyun-koronavirus-salgini-baglaminda-belcikadaki-vatandaslarina-mesaji\/#breadcrumb\"},\"inLanguage\":\"fr-BE\",\"potentialAction\":[{\"@type\":\"ReadAction\",\"target\":[\"https:\/\/avrupapress.com\/2020\/03\/22\/turkiye-cumhuriyeti-bruksel-buyukelcisi-dr-hasan-ulusoyun-koronavirus-salgini-baglaminda-belcikadaki-vatandaslarina-mesaji\/\"]}]},{\"@type\":\"ImageObject\",\"inLanguage\":\"fr-BE\",\"@id\":\"https:\/\/avrupapress.com\/2020\/03\/22\/turkiye-cumhuriyeti-bruksel-buyukelcisi-dr-hasan-ulusoyun-koronavirus-salgini-baglaminda-belcikadaki-vatandaslarina-mesaji\/#primaryimage\",\"url\":\"https:\/\/avrupapress.com\/main\/wp-content\/uploads\/2020\/03\/89437194_2847873621935465_1516415801026936832_o.jpg\",\"contentUrl\":\"https:\/\/avrupapress.com\/main\/wp-content\/uploads\/2020\/03\/89437194_2847873621935465_1516415801026936832_o.jpg\",\"width\":1920,\"height\":1240},{\"@type\":\"BreadcrumbList\",\"@id\":\"https:\/\/avrupapress.com\/2020\/03\/22\/turkiye-cumhuriyeti-bruksel-buyukelcisi-dr-hasan-ulusoyun-koronavirus-salgini-baglaminda-belcikadaki-vatandaslarina-mesaji\/#breadcrumb\",\"itemListElement\":[{\"@type\":\"ListItem\",\"position\":1,\"name\":\"Anasayfa\",\"item\":\"https:\/\/avrupapress.com\/\"},{\"@type\":\"ListItem\",\"position\":2,\"name\":\"T\u00dcRK\u0130YE CUMHUR\u0130YET\u0130 BR\u00dcKSEL B\u00dcY\u00dcKEL\u00c7\u0130S\u0130 DR. HASAN ULUSOY&#8217;UN KORONAV\u0130R\u00dcS SALGINI BA\u011eLAMINDA BEL\u00c7\u0130KA&#8217;DAK\u0130 VATANDA\u015eLARINA MESAJI\"}]},{\"@type\":\"WebSite\",\"@id\":\"https:\/\/avrupapress.com\/#website\",\"url\":\"https:\/\/avrupapress.com\/\",\"name\":\"AvrupaPress\",\"description\":\"Haberin Adresi\",\"publisher\":{\"@id\":\"https:\/\/avrupapress.com\/#\/schema\/person\/0223dca19c72c43575bf30d1a2d8f4fa\"},\"potentialAction\":[{\"@type\":\"SearchAction\",\"target\":{\"@type\":\"EntryPoint\",\"urlTemplate\":\"https:\/\/avrupapress.com\/?s={search_term_string}\"},\"query-input\":{\"@type\":\"PropertyValueSpecification\",\"valueRequired\":true,\"valueName\":\"search_term_string\"}}],\"inLanguage\":\"fr-BE\"},{\"@type\":[\"Person\",\"Organization\"],\"@id\":\"https:\/\/avrupapress.com\/#\/schema\/person\/0223dca19c72c43575bf30d1a2d8f4fa\",\"name\":\"Bilgin \u00d6z\u00e7ift\u00e7i\",\"image\":{\"@type\":\"ImageObject\",\"inLanguage\":\"fr-BE\",\"@id\":\"https:\/\/avrupapress.com\/#\/schema\/person\/image\/\",\"url\":\"https:\/\/secure.gravatar.com\/avatar\/0f23b280433a21e1ea7a0adcc46ed0ad16afe3ad8e630fd13d8a017dcbd54ef3?s=96&d=mm&r=g\",\"contentUrl\":\"https:\/\/secure.gravatar.com\/avatar\/0f23b280433a21e1ea7a0adcc46ed0ad16afe3ad8e630fd13d8a017dcbd54ef3?s=96&d=mm&r=g\",\"caption\":\"Bilgin \u00d6z\u00e7ift\u00e7i\"},\"logo\":{\"@id\":\"https:\/\/avrupapress.com\/#\/schema\/person\/image\/\"},\"description\":\"Ne ben, nede sen... Biz ancak \\\"biz\\\" olursak g\u00fc\u00e7l\u00fc olabiliriz\"},{\"@type\":\"Person\",\"@id\":\"https:\/\/avrupapress.com\/#\/schema\/person\/68428444ec60970d1e1b700cf4ca1e8f\",\"name\":\"Edit\u00f6r\",\"image\":{\"@type\":\"ImageObject\",\"inLanguage\":\"fr-BE\",\"@id\":\"https:\/\/avrupapress.com\/#\/schema\/person\/image\/\",\"url\":\"https:\/\/secure.gravatar.com\/avatar\/74996b0977aa5f1559ba9883776652508b229005c0d78fb2597897f0bd651c09?s=96&d=mm&r=g\",\"contentUrl\":\"https:\/\/secure.gravatar.com\/avatar\/74996b0977aa5f1559ba9883776652508b229005c0d78fb2597897f0bd651c09?s=96&d=mm&r=g\",\"caption\":\"Edit\u00f6r\"},\"sameAs\":[\"http:\/\/www.avrupapress.com\"],\"url\":\"https:\/\/avrupapress.com\/main\/author\/editor\/\"}]}<\/script>\n<!-- \/ Yoast SEO plugin. -->","yoast_head_json":{"title":"T\u00dcRK\u0130YE CUMHUR\u0130YET\u0130 BR\u00dcKSEL B\u00dcY\u00dcKEL\u00c7\u0130S\u0130 DR. HASAN ULUSOY'UN KORONAV\u0130R\u00dcS SALGINI BA\u011eLAMINDA BEL\u00c7\u0130KA'DAK\u0130 VATANDA\u015eLARINA MESAJI - AvrupaPress","robots":{"index":"index","follow":"follow","max-snippet":"max-snippet:-1","max-image-preview":"max-image-preview:large","max-video-preview":"max-video-preview:-1"},"canonical":"https:\/\/avrupapress.com\/2020\/03\/22\/turkiye-cumhuriyeti-bruksel-buyukelcisi-dr-hasan-ulusoyun-koronavirus-salgini-baglaminda-belcikadaki-vatandaslarina-mesaji\/","og_locale":"fr_FR","og_type":"article","og_title":"T\u00dcRK\u0130YE CUMHUR\u0130YET\u0130 BR\u00dcKSEL B\u00dcY\u00dcKEL\u00c7\u0130S\u0130 DR. HASAN ULUSOY'UN KORONAV\u0130R\u00dcS SALGINI BA\u011eLAMINDA BEL\u00c7\u0130KA'DAK\u0130 VATANDA\u015eLARINA MESAJI - AvrupaPress","og_description":"K\u0131ymetliVatanda\u015flar\u0131m,\u00a0 Koronavir\u00fcs (covid-19) isimli \u00e7ok bula\u015f\u0131c\u0131 bir vir\u00fcs her yerde oldu\u011fu gibi Bel\u00e7ika\u2019da da h\u0131zla yay\u0131lmaktad\u0131r. Bu durumun \u00f6n\u00fcm\u00fczdeki belli bir s\u00fcre daha artarak s\u00fcrece\u011fi tahmin olunmaktad\u0131r. Bir\u00e7ok insan belirti g\u00f6stermeden bu vir\u00fcs\u00fc kapmakta ve risk grubundaki insanlara, yani&nbsp; ya\u015fl\u0131lar, hamileler ve kronik hastal\u0131\u011f\u0131 olanlara ( ba\u011f\u0131\u015f\u0131kl\u0131k sistemi sorunlular, kanser hastalar\u0131 ve kemoterapi alanlar, y\u00fcksek [&hellip;]","og_url":"https:\/\/avrupapress.com\/2020\/03\/22\/turkiye-cumhuriyeti-bruksel-buyukelcisi-dr-hasan-ulusoyun-koronavirus-salgini-baglaminda-belcikadaki-vatandaslarina-mesaji\/","og_site_name":"AvrupaPress","article_published_time":"2020-03-22T17:02:29+00:00","article_modified_time":"2020-03-22T17:02:30+00:00","og_image":[{"width":1920,"height":1240,"url":"https:\/\/avrupapress.com\/wp-content\/uploads\/2020\/03\/89437194_2847873621935465_1516415801026936832_o.jpg","type":"image\/jpeg"}],"author":"Edit\u00f6r","twitter_card":"summary_large_image","twitter_misc":{"\u00c9crit par":"Edit\u00f6r","Dur\u00e9e de lecture est.":"2 minutes"},"schema":{"@context":"https:\/\/schema.org","@graph":[{"@type":"Article","@id":"https:\/\/avrupapress.com\/2020\/03\/22\/turkiye-cumhuriyeti-bruksel-buyukelcisi-dr-hasan-ulusoyun-koronavirus-salgini-baglaminda-belcikadaki-vatandaslarina-mesaji\/#article","isPartOf":{"@id":"https:\/\/avrupapress.com\/2020\/03\/22\/turkiye-cumhuriyeti-bruksel-buyukelcisi-dr-hasan-ulusoyun-koronavirus-salgini-baglaminda-belcikadaki-vatandaslarina-mesaji\/"},"author":{"name":"Edit\u00f6r","@id":"https:\/\/avrupapress.com\/#\/schema\/person\/68428444ec60970d1e1b700cf4ca1e8f"},"headline":"T\u00dcRK\u0130YE CUMHUR\u0130YET\u0130 BR\u00dcKSEL B\u00dcY\u00dcKEL\u00c7\u0130S\u0130 DR. HASAN ULUSOY&rsquo;UN KORONAV\u0130R\u00dcS SALGINI BA\u011eLAMINDA BEL\u00c7\u0130KA&rsquo;DAK\u0130 VATANDA\u015eLARINA MESAJI","datePublished":"2020-03-22T17:02:29+00:00","dateModified":"2020-03-22T17:02:30+00:00","mainEntityOfPage":{"@id":"https:\/\/avrupapress.com\/2020\/03\/22\/turkiye-cumhuriyeti-bruksel-buyukelcisi-dr-hasan-ulusoyun-koronavirus-salgini-baglaminda-belcikadaki-vatandaslarina-mesaji\/"},"wordCount":348,"publisher":{"@id":"https:\/\/avrupapress.com\/#\/schema\/person\/0223dca19c72c43575bf30d1a2d8f4fa"},"image":{"@id":"https:\/\/avrupapress.com\/2020\/03\/22\/turkiye-cumhuriyeti-bruksel-buyukelcisi-dr-hasan-ulusoyun-koronavirus-salgini-baglaminda-belcikadaki-vatandaslarina-mesaji\/#primaryimage"},"thumbnailUrl":"https:\/\/avrupapress.com\/main\/wp-content\/uploads\/2020\/03\/89437194_2847873621935465_1516415801026936832_o.jpg","articleSection":["Avrupa","Bel\u00e7ika","D\u00fcnya","Ekonomi","Tan\u0131t\u0131m","T\u00fcrkiye","Uncategorized"],"inLanguage":"fr-BE"},{"@type":"WebPage","@id":"https:\/\/avrupapress.com\/2020\/03\/22\/turkiye-cumhuriyeti-bruksel-buyukelcisi-dr-hasan-ulusoyun-koronavirus-salgini-baglaminda-belcikadaki-vatandaslarina-mesaji\/","url":"https:\/\/avrupapress.com\/2020\/03\/22\/turkiye-cumhuriyeti-bruksel-buyukelcisi-dr-hasan-ulusoyun-koronavirus-salgini-baglaminda-belcikadaki-vatandaslarina-mesaji\/","name":"T\u00dcRK\u0130YE CUMHUR\u0130YET\u0130 BR\u00dcKSEL B\u00dcY\u00dcKEL\u00c7\u0130S\u0130 DR. HASAN ULUSOY'UN KORONAV\u0130R\u00dcS SALGINI BA\u011eLAMINDA BEL\u00c7\u0130KA'DAK\u0130 VATANDA\u015eLARINA MESAJI - AvrupaPress","isPartOf":{"@id":"https:\/\/avrupapress.com\/#website"},"primaryImageOfPage":{"@id":"https:\/\/avrupapress.com\/2020\/03\/22\/turkiye-cumhuriyeti-bruksel-buyukelcisi-dr-hasan-ulusoyun-koronavirus-salgini-baglaminda-belcikadaki-vatandaslarina-mesaji\/#primaryimage"},"image":{"@id":"https:\/\/avrupapress.com\/2020\/03\/22\/turkiye-cumhuriyeti-bruksel-buyukelcisi-dr-hasan-ulusoyun-koronavirus-salgini-baglaminda-belcikadaki-vatandaslarina-mesaji\/#primaryimage"},"thumbnailUrl":"https:\/\/avrupapress.com\/main\/wp-content\/uploads\/2020\/03\/89437194_2847873621935465_1516415801026936832_o.jpg","datePublished":"2020-03-22T17:02:29+00:00","dateModified":"2020-03-22T17:02:30+00:00","breadcrumb":{"@id":"https:\/\/avrupapress.com\/2020\/03\/22\/turkiye-cumhuriyeti-bruksel-buyukelcisi-dr-hasan-ulusoyun-koronavirus-salgini-baglaminda-belcikadaki-vatandaslarina-mesaji\/#breadcrumb"},"inLanguage":"fr-BE","potentialAction":[{"@type":"ReadAction","target":["https:\/\/avrupapress.com\/2020\/03\/22\/turkiye-cumhuriyeti-bruksel-buyukelcisi-dr-hasan-ulusoyun-koronavirus-salgini-baglaminda-belcikadaki-vatandaslarina-mesaji\/"]}]},{"@type":"ImageObject","inLanguage":"fr-BE","@id":"https:\/\/avrupapress.com\/2020\/03\/22\/turkiye-cumhuriyeti-bruksel-buyukelcisi-dr-hasan-ulusoyun-koronavirus-salgini-baglaminda-belcikadaki-vatandaslarina-mesaji\/#primaryimage","url":"https:\/\/avrupapress.com\/main\/wp-content\/uploads\/2020\/03\/89437194_2847873621935465_1516415801026936832_o.jpg","contentUrl":"https:\/\/avrupapress.com\/main\/wp-content\/uploads\/2020\/03\/89437194_2847873621935465_1516415801026936832_o.jpg","width":1920,"height":1240},{"@type":"BreadcrumbList","@id":"https:\/\/avrupapress.com\/2020\/03\/22\/turkiye-cumhuriyeti-bruksel-buyukelcisi-dr-hasan-ulusoyun-koronavirus-salgini-baglaminda-belcikadaki-vatandaslarina-mesaji\/#breadcrumb","itemListElement":[{"@type":"ListItem","position":1,"name":"Anasayfa","item":"https:\/\/avrupapress.com\/"},{"@type":"ListItem","position":2,"name":"T\u00dcRK\u0130YE CUMHUR\u0130YET\u0130 BR\u00dcKSEL B\u00dcY\u00dcKEL\u00c7\u0130S\u0130 DR. HASAN ULUSOY&#8217;UN KORONAV\u0130R\u00dcS SALGINI BA\u011eLAMINDA BEL\u00c7\u0130KA&#8217;DAK\u0130 VATANDA\u015eLARINA MESAJI"}]},{"@type":"WebSite","@id":"https:\/\/avrupapress.com\/#website","url":"https:\/\/avrupapress.com\/","name":"AvrupaPress","description":"Haberin Adresi","publisher":{"@id":"https:\/\/avrupapress.com\/#\/schema\/person\/0223dca19c72c43575bf30d1a2d8f4fa"},"potentialAction":[{"@type":"SearchAction","target":{"@type":"EntryPoint","urlTemplate":"https:\/\/avrupapress.com\/?s={search_term_string}"},"query-input":{"@type":"PropertyValueSpecification","valueRequired":true,"valueName":"search_term_string"}}],"inLanguage":"fr-BE"},{"@type":["Person","Organization"],"@id":"https:\/\/avrupapress.com\/#\/schema\/person\/0223dca19c72c43575bf30d1a2d8f4fa","name":"Bilgin \u00d6z\u00e7ift\u00e7i","image":{"@type":"ImageObject","inLanguage":"fr-BE","@id":"https:\/\/avrupapress.com\/#\/schema\/person\/image\/","url":"https:\/\/secure.gravatar.com\/avatar\/0f23b280433a21e1ea7a0adcc46ed0ad16afe3ad8e630fd13d8a017dcbd54ef3?s=96&d=mm&r=g","contentUrl":"https:\/\/secure.gravatar.com\/avatar\/0f23b280433a21e1ea7a0adcc46ed0ad16afe3ad8e630fd13d8a017dcbd54ef3?s=96&d=mm&r=g","caption":"Bilgin \u00d6z\u00e7ift\u00e7i"},"logo":{"@id":"https:\/\/avrupapress.com\/#\/schema\/person\/image\/"},"description":"Ne ben, nede sen... Biz ancak \"biz\" olursak g\u00fc\u00e7l\u00fc olabiliriz"},{"@type":"Person","@id":"https:\/\/avrupapress.com\/#\/schema\/person\/68428444ec60970d1e1b700cf4ca1e8f","name":"Edit\u00f6r","image":{"@type":"ImageObject","inLanguage":"fr-BE","@id":"https:\/\/avrupapress.com\/#\/schema\/person\/image\/","url":"https:\/\/secure.gravatar.com\/avatar\/74996b0977aa5f1559ba9883776652508b229005c0d78fb2597897f0bd651c09?s=96&d=mm&r=g","contentUrl":"https:\/\/secure.gravatar.com\/avatar\/74996b0977aa5f1559ba9883776652508b229005c0d78fb2597897f0bd651c09?s=96&d=mm&r=g","caption":"Edit\u00f6r"},"sameAs":["http:\/\/www.avrupapress.com"],"url":"https:\/\/avrupapress.com\/main\/author\/editor\/"}]}},"_links":{"self":[{"href":"https:\/\/avrupapress.com\/main\/wp-json\/wp\/v2\/posts\/10930","targetHints":{"allow":["GET"]}}],"collection":[{"href":"https:\/\/avrupapress.com\/main\/wp-json\/wp\/v2\/posts"}],"about":[{"href":"https:\/\/avrupapress.com\/main\/wp-json\/wp\/v2\/types\/post"}],"author":[{"embeddable":true,"href":"https:\/\/avrupapress.com\/main\/wp-json\/wp\/v2\/users\/3"}],"replies":[{"embeddable":true,"href":"https:\/\/avrupapress.com\/main\/wp-json\/wp\/v2\/comments?post=10930"}],"version-history":[{"count":1,"href":"https:\/\/avrupapress.com\/main\/wp-json\/wp\/v2\/posts\/10930\/revisions"}],"predecessor-version":[{"id":10932,"href":"https:\/\/avrupapress.com\/main\/wp-json\/wp\/v2\/posts\/10930\/revisions\/10932"}],"wp:featuredmedia":[{"embeddable":true,"href":"https:\/\/avrupapress.com\/main\/wp-json\/wp\/v2\/media\/10853"}],"wp:attachment":[{"href":"https:\/\/avrupapress.com\/main\/wp-json\/wp\/v2\/media?parent=10930"}],"wp:term":[{"taxonomy":"category","embeddable":true,"href":"https:\/\/avrupapress.com\/main\/wp-json\/wp\/v2\/categories?post=10930"},{"taxonomy":"post_tag","embeddable":true,"href":"https:\/\/avrupapress.com\/main\/wp-json\/wp\/v2\/tags?post=10930"}],"curies":[{"name":"wp","href":"https:\/\/api.w.org\/{rel}","templated":true}]}}