{"id":10927,"date":"2020-03-21T17:21:39","date_gmt":"2020-03-21T17:21:39","guid":{"rendered":"http:\/\/avrupapress.com\/main\/?p=10927"},"modified":"2020-03-21T17:21:40","modified_gmt":"2020-03-21T17:21:40","slug":"belcikada-coronadan-ilk-olum-agrili-ismet-onuru-kaybettik","status":"publish","type":"post","link":"https:\/\/avrupapress.com\/main\/2020\/03\/21\/belcikada-coronadan-ilk-olum-agrili-ismet-onuru-kaybettik\/","title":{"rendered":"Bel\u00e7ika\u2019da Corona\u2019dan  \u0130lk \u00d6l\u00fcm A\u011fr\u0131l\u0131 \u0130smet Onur\u2019u  kaybettik!"},"content":{"rendered":"\n<p>Bel\u00e7ika\u2019n\u0131n Limburg b\u00f6lgesi yerle\u015fim birimlerinden Genk Kolderbos\u2019ta ya\u015fayan aslen A\u011fr\u0131 ile Ele\u015fgirt \u0130l\u00e7esi halk\u0131ndan emekli \u0130smet Onur\u2019un(74) vefat\u0131 sevenlerini \u00fczd\u00fc.<br>F\u0131r\u0131nc\u0131 Erol Onur\u2019un babas\u0131 olan \u0130smet Onur, emeklilik g\u00fcnlerinin bir b\u00f6l\u00fcm\u00fcn\u00fc ge\u00e7irdi\u011fi Bel\u00e7ika\u2019da hayat\u0131n\u0131 kaybetmesi ailesi,sevenleri ve dostlar\u0131n\u0131 derinden sarst\u0131.<br>Koldorbos Y\u0131ld\u0131r\u0131m Beyaz\u0131t Camii cemaatinden olan \u0130smet Onur, bir s\u00fcredir rahats\u0131z olup tedavi g\u00f6r\u00fcyordu. Tedavi g\u00f6rd\u00fc\u011f\u00fc hastanede Corona viris\u00fcden \u00f6ld\u00fc\u011f\u00fc tespit edilen \u0130stem Onur\u2019un cenazesi T\u00fcrkiye\u2019ye g\u00f6nderilecek..<br>Corona vir\u00fcs salg\u0131n\u0131 nedeni ile tedbirlerin al\u0131nd\u0131\u011f\u0131 \u015fu g\u00fcnlerde, \u0130smet Onur\u2019un cenazesinin memleketine g\u00f6t\u00fcr\u00fcl\u00fcp, g\u00f6t\u00fcr\u00fclmeyece\u011fi konusunda hen\u00fcz net bir bilgi yok..Ancak Diyanet Cenaze Fonu yetkilileri, cenazenin&nbsp; kald\u0131r\u0131lmas\u0131 i\u00e7in haz\u0131rl\u0131klar\u0131n\u0131 s\u00fcrd\u00fcr\u00fcyor.<br>Allah gani, gani rahmet eylesin, mekan\u0131 cennet olsun!<\/p>\n\n\n\n<p><strong>ZAFER SARIKAYA A\u00c7IKLADI<\/strong><br>\u00d6te yandan \u0130smet Onur\u2019un \u00f6l\u00fcm\u00fc ile ilgili olarak U\u0130D Bel\u00e7ika Ba\u015fkan\u0131 Basir Hamarat, \u0130smet Onur\u2019un \u00f6l\u00fcm\u00fc ile ilgili olarak AK Parti \u0130stanbul milletvekili Zafer Sar\u0131kaya ile s\u00fcrekli g\u00f6r\u00fc\u015fme halindeyiz. Al\u0131nan kararlar ortada..Ancak art\u0131k Bel\u00e7ika yetkili makamlar\u0131,hastane sa\u011fl\u0131k kurulu izin verdi\u011fi takdirde T\u00fcrk vatanda\u015flar\u0131n\u0131n cenazesi Bel\u00e7ika\u2019Da kalmayacak. Bu ba\u011flamda \u0130smet Onur\u2019un cenazesini en erken Pazartesi g\u00fcn\u00fc T\u00fcrkiye\u2019ye g\u00f6nderece\u011fiz\u201ddiyerek merhuma Allah\u2019tan rahmet,yak\u0131nlar\u0131na da ba\u015fsa\u011fl\u0131\u011f\u0131 diledi.<\/p>\n\n\n\n<p><strong>Bilgin Ozcifci \/ AVRUAPRESS<\/strong><\/p>\n","protected":false},"excerpt":{"rendered":"<p>Bel\u00e7ika\u2019n\u0131n Limburg b\u00f6lgesi yerle\u015fim birimlerinden Genk Kolderbos\u2019ta ya\u015fayan aslen A\u011fr\u0131 ile Ele\u015fgirt \u0130l\u00e7esi halk\u0131ndan emekli \u0130smet Onur\u2019un(74) vefat\u0131 sevenlerini \u00fczd\u00fc.F\u0131r\u0131nc\u0131 Erol Onur\u2019un babas\u0131 olan \u0130smet Onur, emeklilik g\u00fcnlerinin bir b\u00f6l\u00fcm\u00fcn\u00fc ge\u00e7irdi\u011fi Bel\u00e7ika\u2019da hayat\u0131n\u0131 kaybetmesi ailesi,sevenleri ve dostlar\u0131n\u0131 derinden sarst\u0131.Koldorbos Y\u0131ld\u0131r\u0131m Beyaz\u0131t Camii cemaatinden olan \u0130smet Onur, bir s\u00fcredir rahats\u0131z olup tedavi g\u00f6r\u00fcyordu. Tedavi g\u00f6rd\u00fc\u011f\u00fc hastanede [&hellip;]<\/p>\n","protected":false},"author":3,"featured_media":10928,"comment_status":"closed","ping_status":"open","sticky":false,"template":"","format":"standard","meta":{"footnotes":""},"categories":[14,16,3,17,18,15,19,2,1],"tags":[],"class_list":["post-10927","post","type-post","status-publish","format-standard","has-post-thumbnail","hentry","category-avrupa","category-belcika","category-dunya","category-ekonomi","category-kultur-sanat","category-spor","category-tanitim","category-turkiye","category-uncategorized"],"yoast_head":"<!-- This site is optimized with the Yoast SEO plugin v26.9 - https:\/\/yoast.com\/product\/yoast-seo-wordpress\/ -->\n<title>Bel\u00e7ika\u2019da Corona\u2019dan \u0130lk \u00d6l\u00fcm A\u011fr\u0131l\u0131 \u0130smet Onur\u2019u kaybettik! - AvrupaPress<\/title>\n<meta name=\"robots\" content=\"index, follow, max-snippet:-1, max-image-preview:large, max-video-preview:-1\" \/>\n<link rel=\"canonical\" href=\"https:\/\/avrupapress.com\/2020\/03\/21\/belcikada-coronadan-ilk-olum-agrili-ismet-onuru-kaybettik\/\" \/>\n<meta property=\"og:locale\" content=\"fr_FR\" \/>\n<meta property=\"og:type\" content=\"article\" \/>\n<meta property=\"og:title\" content=\"Bel\u00e7ika\u2019da Corona\u2019dan \u0130lk \u00d6l\u00fcm A\u011fr\u0131l\u0131 \u0130smet Onur\u2019u kaybettik! - AvrupaPress\" \/>\n<meta property=\"og:description\" content=\"Bel\u00e7ika\u2019n\u0131n Limburg b\u00f6lgesi yerle\u015fim birimlerinden Genk Kolderbos\u2019ta ya\u015fayan aslen A\u011fr\u0131 ile Ele\u015fgirt \u0130l\u00e7esi halk\u0131ndan emekli \u0130smet Onur\u2019un(74) vefat\u0131 sevenlerini \u00fczd\u00fc.F\u0131r\u0131nc\u0131 Erol Onur\u2019un babas\u0131 olan \u0130smet Onur, emeklilik g\u00fcnlerinin bir b\u00f6l\u00fcm\u00fcn\u00fc ge\u00e7irdi\u011fi Bel\u00e7ika\u2019da hayat\u0131n\u0131 kaybetmesi ailesi,sevenleri ve dostlar\u0131n\u0131 derinden sarst\u0131.Koldorbos Y\u0131ld\u0131r\u0131m Beyaz\u0131t Camii cemaatinden olan \u0130smet Onur, bir s\u00fcredir rahats\u0131z olup tedavi g\u00f6r\u00fcyordu. Tedavi g\u00f6rd\u00fc\u011f\u00fc hastanede [&hellip;]\" \/>\n<meta property=\"og:url\" content=\"https:\/\/avrupapress.com\/2020\/03\/21\/belcikada-coronadan-ilk-olum-agrili-ismet-onuru-kaybettik\/\" \/>\n<meta property=\"og:site_name\" content=\"AvrupaPress\" \/>\n<meta property=\"article:published_time\" content=\"2020-03-21T17:21:39+00:00\" \/>\n<meta property=\"article:modified_time\" content=\"2020-03-21T17:21:40+00:00\" \/>\n<meta property=\"og:image\" content=\"https:\/\/avrupapress.com\/wp-content\/uploads\/2020\/03\/ismet-Onur.jpg\" \/>\n\t<meta property=\"og:image:width\" content=\"806\" \/>\n\t<meta property=\"og:image:height\" content=\"442\" \/>\n\t<meta property=\"og:image:type\" content=\"image\/jpeg\" \/>\n<meta name=\"author\" content=\"Edit\u00f6r\" \/>\n<meta name=\"twitter:card\" content=\"summary_large_image\" \/>\n<meta name=\"twitter:label1\" content=\"\u00c9crit par\" \/>\n\t<meta name=\"twitter:data1\" content=\"Edit\u00f6r\" \/>\n\t<meta name=\"twitter:label2\" content=\"Dur\u00e9e de lecture est.\" \/>\n\t<meta name=\"twitter:data2\" content=\"1 minute\" \/>\n<script type=\"application\/ld+json\" class=\"yoast-schema-graph\">{\"@context\":\"https:\/\/schema.org\",\"@graph\":[{\"@type\":\"Article\",\"@id\":\"https:\/\/avrupapress.com\/2020\/03\/21\/belcikada-coronadan-ilk-olum-agrili-ismet-onuru-kaybettik\/#article\",\"isPartOf\":{\"@id\":\"https:\/\/avrupapress.com\/2020\/03\/21\/belcikada-coronadan-ilk-olum-agrili-ismet-onuru-kaybettik\/\"},\"author\":{\"name\":\"Edit\u00f6r\",\"@id\":\"https:\/\/avrupapress.com\/#\/schema\/person\/68428444ec60970d1e1b700cf4ca1e8f\"},\"headline\":\"Bel\u00e7ika\u2019da Corona\u2019dan \u0130lk \u00d6l\u00fcm A\u011fr\u0131l\u0131 \u0130smet Onur\u2019u kaybettik!\",\"datePublished\":\"2020-03-21T17:21:39+00:00\",\"dateModified\":\"2020-03-21T17:21:40+00:00\",\"mainEntityOfPage\":{\"@id\":\"https:\/\/avrupapress.com\/2020\/03\/21\/belcikada-coronadan-ilk-olum-agrili-ismet-onuru-kaybettik\/\"},\"wordCount\":294,\"publisher\":{\"@id\":\"https:\/\/avrupapress.com\/#\/schema\/person\/0223dca19c72c43575bf30d1a2d8f4fa\"},\"image\":{\"@id\":\"https:\/\/avrupapress.com\/2020\/03\/21\/belcikada-coronadan-ilk-olum-agrili-ismet-onuru-kaybettik\/#primaryimage\"},\"thumbnailUrl\":\"https:\/\/avrupapress.com\/main\/wp-content\/uploads\/2020\/03\/ismet-Onur.jpg\",\"articleSection\":[\"Avrupa\",\"Bel\u00e7ika\",\"D\u00fcnya\",\"Ekonomi\",\"K\u00fclt\u00fcr-Sanat\",\"Spor\",\"Tan\u0131t\u0131m\",\"T\u00fcrkiye\",\"Uncategorized\"],\"inLanguage\":\"fr-BE\"},{\"@type\":\"WebPage\",\"@id\":\"https:\/\/avrupapress.com\/2020\/03\/21\/belcikada-coronadan-ilk-olum-agrili-ismet-onuru-kaybettik\/\",\"url\":\"https:\/\/avrupapress.com\/2020\/03\/21\/belcikada-coronadan-ilk-olum-agrili-ismet-onuru-kaybettik\/\",\"name\":\"Bel\u00e7ika\u2019da Corona\u2019dan \u0130lk \u00d6l\u00fcm A\u011fr\u0131l\u0131 \u0130smet Onur\u2019u kaybettik! - AvrupaPress\",\"isPartOf\":{\"@id\":\"https:\/\/avrupapress.com\/#website\"},\"primaryImageOfPage\":{\"@id\":\"https:\/\/avrupapress.com\/2020\/03\/21\/belcikada-coronadan-ilk-olum-agrili-ismet-onuru-kaybettik\/#primaryimage\"},\"image\":{\"@id\":\"https:\/\/avrupapress.com\/2020\/03\/21\/belcikada-coronadan-ilk-olum-agrili-ismet-onuru-kaybettik\/#primaryimage\"},\"thumbnailUrl\":\"https:\/\/avrupapress.com\/main\/wp-content\/uploads\/2020\/03\/ismet-Onur.jpg\",\"datePublished\":\"2020-03-21T17:21:39+00:00\",\"dateModified\":\"2020-03-21T17:21:40+00:00\",\"breadcrumb\":{\"@id\":\"https:\/\/avrupapress.com\/2020\/03\/21\/belcikada-coronadan-ilk-olum-agrili-ismet-onuru-kaybettik\/#breadcrumb\"},\"inLanguage\":\"fr-BE\",\"potentialAction\":[{\"@type\":\"ReadAction\",\"target\":[\"https:\/\/avrupapress.com\/2020\/03\/21\/belcikada-coronadan-ilk-olum-agrili-ismet-onuru-kaybettik\/\"]}]},{\"@type\":\"ImageObject\",\"inLanguage\":\"fr-BE\",\"@id\":\"https:\/\/avrupapress.com\/2020\/03\/21\/belcikada-coronadan-ilk-olum-agrili-ismet-onuru-kaybettik\/#primaryimage\",\"url\":\"https:\/\/avrupapress.com\/main\/wp-content\/uploads\/2020\/03\/ismet-Onur.jpg\",\"contentUrl\":\"https:\/\/avrupapress.com\/main\/wp-content\/uploads\/2020\/03\/ismet-Onur.jpg\",\"width\":806,\"height\":442},{\"@type\":\"BreadcrumbList\",\"@id\":\"https:\/\/avrupapress.com\/2020\/03\/21\/belcikada-coronadan-ilk-olum-agrili-ismet-onuru-kaybettik\/#breadcrumb\",\"itemListElement\":[{\"@type\":\"ListItem\",\"position\":1,\"name\":\"Anasayfa\",\"item\":\"https:\/\/avrupapress.com\/\"},{\"@type\":\"ListItem\",\"position\":2,\"name\":\"Bel\u00e7ika\u2019da Corona\u2019dan \u0130lk \u00d6l\u00fcm A\u011fr\u0131l\u0131 \u0130smet Onur\u2019u kaybettik!\"}]},{\"@type\":\"WebSite\",\"@id\":\"https:\/\/avrupapress.com\/#website\",\"url\":\"https:\/\/avrupapress.com\/\",\"name\":\"AvrupaPress\",\"description\":\"Haberin Adresi\",\"publisher\":{\"@id\":\"https:\/\/avrupapress.com\/#\/schema\/person\/0223dca19c72c43575bf30d1a2d8f4fa\"},\"potentialAction\":[{\"@type\":\"SearchAction\",\"target\":{\"@type\":\"EntryPoint\",\"urlTemplate\":\"https:\/\/avrupapress.com\/?s={search_term_string}\"},\"query-input\":{\"@type\":\"PropertyValueSpecification\",\"valueRequired\":true,\"valueName\":\"search_term_string\"}}],\"inLanguage\":\"fr-BE\"},{\"@type\":[\"Person\",\"Organization\"],\"@id\":\"https:\/\/avrupapress.com\/#\/schema\/person\/0223dca19c72c43575bf30d1a2d8f4fa\",\"name\":\"Bilgin \u00d6z\u00e7ift\u00e7i\",\"image\":{\"@type\":\"ImageObject\",\"inLanguage\":\"fr-BE\",\"@id\":\"https:\/\/avrupapress.com\/#\/schema\/person\/image\/\",\"url\":\"https:\/\/secure.gravatar.com\/avatar\/0f23b280433a21e1ea7a0adcc46ed0ad16afe3ad8e630fd13d8a017dcbd54ef3?s=96&d=mm&r=g\",\"contentUrl\":\"https:\/\/secure.gravatar.com\/avatar\/0f23b280433a21e1ea7a0adcc46ed0ad16afe3ad8e630fd13d8a017dcbd54ef3?s=96&d=mm&r=g\",\"caption\":\"Bilgin \u00d6z\u00e7ift\u00e7i\"},\"logo\":{\"@id\":\"https:\/\/avrupapress.com\/#\/schema\/person\/image\/\"},\"description\":\"Ne ben, nede sen... Biz ancak \\\"biz\\\" olursak g\u00fc\u00e7l\u00fc olabiliriz\"},{\"@type\":\"Person\",\"@id\":\"https:\/\/avrupapress.com\/#\/schema\/person\/68428444ec60970d1e1b700cf4ca1e8f\",\"name\":\"Edit\u00f6r\",\"image\":{\"@type\":\"ImageObject\",\"inLanguage\":\"fr-BE\",\"@id\":\"https:\/\/avrupapress.com\/#\/schema\/person\/image\/\",\"url\":\"https:\/\/secure.gravatar.com\/avatar\/74996b0977aa5f1559ba9883776652508b229005c0d78fb2597897f0bd651c09?s=96&d=mm&r=g\",\"contentUrl\":\"https:\/\/secure.gravatar.com\/avatar\/74996b0977aa5f1559ba9883776652508b229005c0d78fb2597897f0bd651c09?s=96&d=mm&r=g\",\"caption\":\"Edit\u00f6r\"},\"sameAs\":[\"http:\/\/www.avrupapress.com\"],\"url\":\"https:\/\/avrupapress.com\/main\/author\/editor\/\"}]}<\/script>\n<!-- \/ Yoast SEO plugin. -->","yoast_head_json":{"title":"Bel\u00e7ika\u2019da Corona\u2019dan \u0130lk \u00d6l\u00fcm A\u011fr\u0131l\u0131 \u0130smet Onur\u2019u kaybettik! - AvrupaPress","robots":{"index":"index","follow":"follow","max-snippet":"max-snippet:-1","max-image-preview":"max-image-preview:large","max-video-preview":"max-video-preview:-1"},"canonical":"https:\/\/avrupapress.com\/2020\/03\/21\/belcikada-coronadan-ilk-olum-agrili-ismet-onuru-kaybettik\/","og_locale":"fr_FR","og_type":"article","og_title":"Bel\u00e7ika\u2019da Corona\u2019dan \u0130lk \u00d6l\u00fcm A\u011fr\u0131l\u0131 \u0130smet Onur\u2019u kaybettik! - AvrupaPress","og_description":"Bel\u00e7ika\u2019n\u0131n Limburg b\u00f6lgesi yerle\u015fim birimlerinden Genk Kolderbos\u2019ta ya\u015fayan aslen A\u011fr\u0131 ile Ele\u015fgirt \u0130l\u00e7esi halk\u0131ndan emekli \u0130smet Onur\u2019un(74) vefat\u0131 sevenlerini \u00fczd\u00fc.F\u0131r\u0131nc\u0131 Erol Onur\u2019un babas\u0131 olan \u0130smet Onur, emeklilik g\u00fcnlerinin bir b\u00f6l\u00fcm\u00fcn\u00fc ge\u00e7irdi\u011fi Bel\u00e7ika\u2019da hayat\u0131n\u0131 kaybetmesi ailesi,sevenleri ve dostlar\u0131n\u0131 derinden sarst\u0131.Koldorbos Y\u0131ld\u0131r\u0131m Beyaz\u0131t Camii cemaatinden olan \u0130smet Onur, bir s\u00fcredir rahats\u0131z olup tedavi g\u00f6r\u00fcyordu. Tedavi g\u00f6rd\u00fc\u011f\u00fc hastanede [&hellip;]","og_url":"https:\/\/avrupapress.com\/2020\/03\/21\/belcikada-coronadan-ilk-olum-agrili-ismet-onuru-kaybettik\/","og_site_name":"AvrupaPress","article_published_time":"2020-03-21T17:21:39+00:00","article_modified_time":"2020-03-21T17:21:40+00:00","og_image":[{"width":806,"height":442,"url":"https:\/\/avrupapress.com\/wp-content\/uploads\/2020\/03\/ismet-Onur.jpg","type":"image\/jpeg"}],"author":"Edit\u00f6r","twitter_card":"summary_large_image","twitter_misc":{"\u00c9crit par":"Edit\u00f6r","Dur\u00e9e de lecture est.":"1 minute"},"schema":{"@context":"https:\/\/schema.org","@graph":[{"@type":"Article","@id":"https:\/\/avrupapress.com\/2020\/03\/21\/belcikada-coronadan-ilk-olum-agrili-ismet-onuru-kaybettik\/#article","isPartOf":{"@id":"https:\/\/avrupapress.com\/2020\/03\/21\/belcikada-coronadan-ilk-olum-agrili-ismet-onuru-kaybettik\/"},"author":{"name":"Edit\u00f6r","@id":"https:\/\/avrupapress.com\/#\/schema\/person\/68428444ec60970d1e1b700cf4ca1e8f"},"headline":"Bel\u00e7ika\u2019da Corona\u2019dan \u0130lk \u00d6l\u00fcm A\u011fr\u0131l\u0131 \u0130smet Onur\u2019u kaybettik!","datePublished":"2020-03-21T17:21:39+00:00","dateModified":"2020-03-21T17:21:40+00:00","mainEntityOfPage":{"@id":"https:\/\/avrupapress.com\/2020\/03\/21\/belcikada-coronadan-ilk-olum-agrili-ismet-onuru-kaybettik\/"},"wordCount":294,"publisher":{"@id":"https:\/\/avrupapress.com\/#\/schema\/person\/0223dca19c72c43575bf30d1a2d8f4fa"},"image":{"@id":"https:\/\/avrupapress.com\/2020\/03\/21\/belcikada-coronadan-ilk-olum-agrili-ismet-onuru-kaybettik\/#primaryimage"},"thumbnailUrl":"https:\/\/avrupapress.com\/main\/wp-content\/uploads\/2020\/03\/ismet-Onur.jpg","articleSection":["Avrupa","Bel\u00e7ika","D\u00fcnya","Ekonomi","K\u00fclt\u00fcr-Sanat","Spor","Tan\u0131t\u0131m","T\u00fcrkiye","Uncategorized"],"inLanguage":"fr-BE"},{"@type":"WebPage","@id":"https:\/\/avrupapress.com\/2020\/03\/21\/belcikada-coronadan-ilk-olum-agrili-ismet-onuru-kaybettik\/","url":"https:\/\/avrupapress.com\/2020\/03\/21\/belcikada-coronadan-ilk-olum-agrili-ismet-onuru-kaybettik\/","name":"Bel\u00e7ika\u2019da Corona\u2019dan \u0130lk \u00d6l\u00fcm A\u011fr\u0131l\u0131 \u0130smet Onur\u2019u kaybettik! - AvrupaPress","isPartOf":{"@id":"https:\/\/avrupapress.com\/#website"},"primaryImageOfPage":{"@id":"https:\/\/avrupapress.com\/2020\/03\/21\/belcikada-coronadan-ilk-olum-agrili-ismet-onuru-kaybettik\/#primaryimage"},"image":{"@id":"https:\/\/avrupapress.com\/2020\/03\/21\/belcikada-coronadan-ilk-olum-agrili-ismet-onuru-kaybettik\/#primaryimage"},"thumbnailUrl":"https:\/\/avrupapress.com\/main\/wp-content\/uploads\/2020\/03\/ismet-Onur.jpg","datePublished":"2020-03-21T17:21:39+00:00","dateModified":"2020-03-21T17:21:40+00:00","breadcrumb":{"@id":"https:\/\/avrupapress.com\/2020\/03\/21\/belcikada-coronadan-ilk-olum-agrili-ismet-onuru-kaybettik\/#breadcrumb"},"inLanguage":"fr-BE","potentialAction":[{"@type":"ReadAction","target":["https:\/\/avrupapress.com\/2020\/03\/21\/belcikada-coronadan-ilk-olum-agrili-ismet-onuru-kaybettik\/"]}]},{"@type":"ImageObject","inLanguage":"fr-BE","@id":"https:\/\/avrupapress.com\/2020\/03\/21\/belcikada-coronadan-ilk-olum-agrili-ismet-onuru-kaybettik\/#primaryimage","url":"https:\/\/avrupapress.com\/main\/wp-content\/uploads\/2020\/03\/ismet-Onur.jpg","contentUrl":"https:\/\/avrupapress.com\/main\/wp-content\/uploads\/2020\/03\/ismet-Onur.jpg","width":806,"height":442},{"@type":"BreadcrumbList","@id":"https:\/\/avrupapress.com\/2020\/03\/21\/belcikada-coronadan-ilk-olum-agrili-ismet-onuru-kaybettik\/#breadcrumb","itemListElement":[{"@type":"ListItem","position":1,"name":"Anasayfa","item":"https:\/\/avrupapress.com\/"},{"@type":"ListItem","position":2,"name":"Bel\u00e7ika\u2019da Corona\u2019dan \u0130lk \u00d6l\u00fcm A\u011fr\u0131l\u0131 \u0130smet Onur\u2019u kaybettik!"}]},{"@type":"WebSite","@id":"https:\/\/avrupapress.com\/#website","url":"https:\/\/avrupapress.com\/","name":"AvrupaPress","description":"Haberin Adresi","publisher":{"@id":"https:\/\/avrupapress.com\/#\/schema\/person\/0223dca19c72c43575bf30d1a2d8f4fa"},"potentialAction":[{"@type":"SearchAction","target":{"@type":"EntryPoint","urlTemplate":"https:\/\/avrupapress.com\/?s={search_term_string}"},"query-input":{"@type":"PropertyValueSpecification","valueRequired":true,"valueName":"search_term_string"}}],"inLanguage":"fr-BE"},{"@type":["Person","Organization"],"@id":"https:\/\/avrupapress.com\/#\/schema\/person\/0223dca19c72c43575bf30d1a2d8f4fa","name":"Bilgin \u00d6z\u00e7ift\u00e7i","image":{"@type":"ImageObject","inLanguage":"fr-BE","@id":"https:\/\/avrupapress.com\/#\/schema\/person\/image\/","url":"https:\/\/secure.gravatar.com\/avatar\/0f23b280433a21e1ea7a0adcc46ed0ad16afe3ad8e630fd13d8a017dcbd54ef3?s=96&d=mm&r=g","contentUrl":"https:\/\/secure.gravatar.com\/avatar\/0f23b280433a21e1ea7a0adcc46ed0ad16afe3ad8e630fd13d8a017dcbd54ef3?s=96&d=mm&r=g","caption":"Bilgin \u00d6z\u00e7ift\u00e7i"},"logo":{"@id":"https:\/\/avrupapress.com\/#\/schema\/person\/image\/"},"description":"Ne ben, nede sen... Biz ancak \"biz\" olursak g\u00fc\u00e7l\u00fc olabiliriz"},{"@type":"Person","@id":"https:\/\/avrupapress.com\/#\/schema\/person\/68428444ec60970d1e1b700cf4ca1e8f","name":"Edit\u00f6r","image":{"@type":"ImageObject","inLanguage":"fr-BE","@id":"https:\/\/avrupapress.com\/#\/schema\/person\/image\/","url":"https:\/\/secure.gravatar.com\/avatar\/74996b0977aa5f1559ba9883776652508b229005c0d78fb2597897f0bd651c09?s=96&d=mm&r=g","contentUrl":"https:\/\/secure.gravatar.com\/avatar\/74996b0977aa5f1559ba9883776652508b229005c0d78fb2597897f0bd651c09?s=96&d=mm&r=g","caption":"Edit\u00f6r"},"sameAs":["http:\/\/www.avrupapress.com"],"url":"https:\/\/avrupapress.com\/main\/author\/editor\/"}]}},"_links":{"self":[{"href":"https:\/\/avrupapress.com\/main\/wp-json\/wp\/v2\/posts\/10927","targetHints":{"allow":["GET"]}}],"collection":[{"href":"https:\/\/avrupapress.com\/main\/wp-json\/wp\/v2\/posts"}],"about":[{"href":"https:\/\/avrupapress.com\/main\/wp-json\/wp\/v2\/types\/post"}],"author":[{"embeddable":true,"href":"https:\/\/avrupapress.com\/main\/wp-json\/wp\/v2\/users\/3"}],"replies":[{"embeddable":true,"href":"https:\/\/avrupapress.com\/main\/wp-json\/wp\/v2\/comments?post=10927"}],"version-history":[{"count":1,"href":"https:\/\/avrupapress.com\/main\/wp-json\/wp\/v2\/posts\/10927\/revisions"}],"predecessor-version":[{"id":10929,"href":"https:\/\/avrupapress.com\/main\/wp-json\/wp\/v2\/posts\/10927\/revisions\/10929"}],"wp:featuredmedia":[{"embeddable":true,"href":"https:\/\/avrupapress.com\/main\/wp-json\/wp\/v2\/media\/10928"}],"wp:attachment":[{"href":"https:\/\/avrupapress.com\/main\/wp-json\/wp\/v2\/media?parent=10927"}],"wp:term":[{"taxonomy":"category","embeddable":true,"href":"https:\/\/avrupapress.com\/main\/wp-json\/wp\/v2\/categories?post=10927"},{"taxonomy":"post_tag","embeddable":true,"href":"https:\/\/avrupapress.com\/main\/wp-json\/wp\/v2\/tags?post=10927"}],"curies":[{"name":"wp","href":"https:\/\/api.w.org\/{rel}","templated":true}]}}