{"id":10923,"date":"2020-03-20T21:06:18","date_gmt":"2020-03-20T21:06:18","guid":{"rendered":"http:\/\/avrupapress.com\/main\/?p=10923"},"modified":"2020-03-20T21:26:47","modified_gmt":"2020-03-20T21:26:47","slug":"belcika-uid-baskani-basir-hamarat-yardima-muhtaclar-icinyardima-hazir-olduklarini-soyledi","status":"publish","type":"post","link":"https:\/\/avrupapress.com\/main\/2020\/03\/20\/belcika-uid-baskani-basir-hamarat-yardima-muhtaclar-icinyardima-hazir-olduklarini-soyledi\/","title":{"rendered":"Bel\u00e7ika U\u0130D Ba\u015fkan\u0131 Basir Hamarat yard\u0131ma muhta\u00e7lar i\u00e7in,yard\u0131ma haz\u0131r olduklar\u0131n\u0131 s\u00f6yledi"},"content":{"rendered":"\n<p> <strong>Uluslararas\u0131 Demokratlar Birli\u011fi\u2019nin Bel\u00e7ika Ba\u015fkan\u0131 Basir Hamarat Covid-19 Vir\u00fcs\u00fc ile m\u00fccadelesine Bel\u00e7ika\u2019da UID duyars\u0131z kalmayacak.. <\/strong>  <\/p>\n\n\n\n<p> K\u0131sa ad\u0131 \u201cU\u0130D \u201colan\u00a0 Uluslararas\u0131 Demokratlar Birli\u011fi\u2019nin Bel\u00e7ika Ba\u015fkan\u0131 Basir Hamarat bir a\u00e7\u0131klama yaparak, corona vir\u00fcs\u00fc salg\u0131n\u0131 ile ilgili olarak,yard\u0131ma muhta\u00e7lar i\u00e7in,yard\u0131ma haz\u0131r olduklar\u0131n\u0131 s\u00f6yledi.<br>Hamarat,\u201dT\u00fcm d\u00fcnyan\u0131n Covid-19 Vir\u00fcs\u00fc ile m\u00fccadelesine Bel\u00e7ika\u2019da UID duyars\u0131z kalmayacak..<br>Uluslararas\u0131 Demokratlar Birli\u011fi (UID) Bel\u00e7ika t\u00fcm imkanlar\u0131n\u0131 seferber ettiklerini, ya\u015fl\u0131lar ve ihtiya\u00e7 sahiplerine hizmet i\u00e7in haz\u0131r oldu\u011funu a\u00e7\u0131klad\u0131.<br>UID Belcika Ba\u015fkan\u0131 Basir HAMARAT , \u201cYa\u015fl\u0131, engelli veya ihtiya\u00e7 sahibi b\u00fct\u00fcn vatanda\u015flar\u0131m\u0131z\u0131n acil g\u0131da, al\u0131\u015fveri\u015f ula\u015f\u0131m taleplerine elimizden geldi\u011fince yard\u0131mc\u0131 olmaya \u00e7al\u0131\u015faca\u011f\u0131z. Umuyoruz ki hep beraber girdi\u011fimiz bu imtihandan yine hep beraber bilin\u00e7, tedbir, sab\u0131r ve g\u00fczel bir dayan\u0131\u015fmayla \u00e7\u0131kal\u0131m\u201d diyoruz..<br>Yard\u0131ma ihtiyac\u0131 olanlar i\u00e7in irtibat numaras\u0131: +32486915937\u201d diyerek,kendilerine ba\u015fvurulmas\u0131n\u0131 istedi. <\/p>\n\n\n\n<p><strong>Bilgin Ozcifci \/ AVRUPAPRESS<\/strong><\/p>\n","protected":false},"excerpt":{"rendered":"<p>Uluslararas\u0131 Demokratlar Birli\u011fi\u2019nin Bel\u00e7ika Ba\u015fkan\u0131 Basir Hamarat Covid-19 Vir\u00fcs\u00fc ile m\u00fccadelesine Bel\u00e7ika\u2019da UID duyars\u0131z kalmayacak.. K\u0131sa ad\u0131 \u201cU\u0130D \u201colan\u00a0 Uluslararas\u0131 Demokratlar Birli\u011fi\u2019nin Bel\u00e7ika Ba\u015fkan\u0131 Basir Hamarat bir a\u00e7\u0131klama yaparak, corona vir\u00fcs\u00fc salg\u0131n\u0131 ile ilgili olarak,yard\u0131ma muhta\u00e7lar i\u00e7in,yard\u0131ma haz\u0131r olduklar\u0131n\u0131 s\u00f6yledi.Hamarat,\u201dT\u00fcm d\u00fcnyan\u0131n Covid-19 Vir\u00fcs\u00fc ile m\u00fccadelesine Bel\u00e7ika\u2019da UID duyars\u0131z kalmayacak..Uluslararas\u0131 Demokratlar Birli\u011fi (UID) Bel\u00e7ika t\u00fcm imkanlar\u0131n\u0131 [&hellip;]<\/p>\n","protected":false},"author":3,"featured_media":10924,"comment_status":"closed","ping_status":"open","sticky":false,"template":"","format":"standard","meta":{"footnotes":""},"categories":[14,16,3,17,18,15,19,2,1],"tags":[5135],"class_list":["post-10923","post","type-post","status-publish","format-standard","has-post-thumbnail","hentry","category-avrupa","category-belcika","category-dunya","category-ekonomi","category-kultur-sanat","category-spor","category-tanitim","category-turkiye","category-uncategorized","tag-belcika-uid-baskani-basir-hamarat-yardima-muhtaclar-icin"],"yoast_head":"<!-- This site is optimized with the Yoast SEO plugin v26.9 - https:\/\/yoast.com\/product\/yoast-seo-wordpress\/ -->\n<title>Bel\u00e7ika U\u0130D Ba\u015fkan\u0131 Basir Hamarat yard\u0131ma muhta\u00e7lar i\u00e7in,yard\u0131ma haz\u0131r olduklar\u0131n\u0131 s\u00f6yledi - AvrupaPress<\/title>\n<meta name=\"robots\" content=\"index, follow, max-snippet:-1, max-image-preview:large, max-video-preview:-1\" \/>\n<link rel=\"canonical\" href=\"https:\/\/avrupapress.com\/2020\/03\/20\/belcika-uid-baskani-basir-hamarat-yardima-muhtaclar-icinyardima-hazir-olduklarini-soyledi\/\" \/>\n<meta property=\"og:locale\" content=\"fr_FR\" \/>\n<meta property=\"og:type\" content=\"article\" \/>\n<meta property=\"og:title\" content=\"Bel\u00e7ika U\u0130D Ba\u015fkan\u0131 Basir Hamarat yard\u0131ma muhta\u00e7lar i\u00e7in,yard\u0131ma haz\u0131r olduklar\u0131n\u0131 s\u00f6yledi - AvrupaPress\" \/>\n<meta property=\"og:description\" content=\"Uluslararas\u0131 Demokratlar Birli\u011fi\u2019nin Bel\u00e7ika Ba\u015fkan\u0131 Basir Hamarat Covid-19 Vir\u00fcs\u00fc ile m\u00fccadelesine Bel\u00e7ika\u2019da UID duyars\u0131z kalmayacak.. K\u0131sa ad\u0131 \u201cU\u0130D \u201colan\u00a0 Uluslararas\u0131 Demokratlar Birli\u011fi\u2019nin Bel\u00e7ika Ba\u015fkan\u0131 Basir Hamarat bir a\u00e7\u0131klama yaparak, corona vir\u00fcs\u00fc salg\u0131n\u0131 ile ilgili olarak,yard\u0131ma muhta\u00e7lar i\u00e7in,yard\u0131ma haz\u0131r olduklar\u0131n\u0131 s\u00f6yledi.Hamarat,\u201dT\u00fcm d\u00fcnyan\u0131n Covid-19 Vir\u00fcs\u00fc ile m\u00fccadelesine Bel\u00e7ika\u2019da UID duyars\u0131z kalmayacak..Uluslararas\u0131 Demokratlar Birli\u011fi (UID) Bel\u00e7ika t\u00fcm imkanlar\u0131n\u0131 [&hellip;]\" \/>\n<meta property=\"og:url\" content=\"https:\/\/avrupapress.com\/2020\/03\/20\/belcika-uid-baskani-basir-hamarat-yardima-muhtaclar-icinyardima-hazir-olduklarini-soyledi\/\" \/>\n<meta property=\"og:site_name\" content=\"AvrupaPress\" \/>\n<meta property=\"article:published_time\" content=\"2020-03-20T21:06:18+00:00\" \/>\n<meta property=\"article:modified_time\" content=\"2020-03-20T21:26:47+00:00\" \/>\n<meta property=\"og:image\" content=\"https:\/\/avrupapress.com\/wp-content\/uploads\/2020\/03\/Basir-Hamarat-a.jpg\" \/>\n\t<meta property=\"og:image:width\" content=\"800\" \/>\n\t<meta property=\"og:image:height\" content=\"545\" \/>\n\t<meta property=\"og:image:type\" content=\"image\/jpeg\" \/>\n<meta name=\"author\" content=\"Edit\u00f6r\" \/>\n<meta name=\"twitter:card\" content=\"summary_large_image\" \/>\n<meta name=\"twitter:label1\" content=\"\u00c9crit par\" \/>\n\t<meta name=\"twitter:data1\" content=\"Edit\u00f6r\" \/>\n\t<meta name=\"twitter:label2\" content=\"Dur\u00e9e de lecture est.\" \/>\n\t<meta name=\"twitter:data2\" content=\"1 minute\" \/>\n<script type=\"application\/ld+json\" class=\"yoast-schema-graph\">{\"@context\":\"https:\/\/schema.org\",\"@graph\":[{\"@type\":\"Article\",\"@id\":\"https:\/\/avrupapress.com\/2020\/03\/20\/belcika-uid-baskani-basir-hamarat-yardima-muhtaclar-icinyardima-hazir-olduklarini-soyledi\/#article\",\"isPartOf\":{\"@id\":\"https:\/\/avrupapress.com\/2020\/03\/20\/belcika-uid-baskani-basir-hamarat-yardima-muhtaclar-icinyardima-hazir-olduklarini-soyledi\/\"},\"author\":{\"name\":\"Edit\u00f6r\",\"@id\":\"https:\/\/avrupapress.com\/#\/schema\/person\/68428444ec60970d1e1b700cf4ca1e8f\"},\"headline\":\"Bel\u00e7ika U\u0130D Ba\u015fkan\u0131 Basir Hamarat yard\u0131ma muhta\u00e7lar i\u00e7in,yard\u0131ma haz\u0131r olduklar\u0131n\u0131 s\u00f6yledi\",\"datePublished\":\"2020-03-20T21:06:18+00:00\",\"dateModified\":\"2020-03-20T21:26:47+00:00\",\"mainEntityOfPage\":{\"@id\":\"https:\/\/avrupapress.com\/2020\/03\/20\/belcika-uid-baskani-basir-hamarat-yardima-muhtaclar-icinyardima-hazir-olduklarini-soyledi\/\"},\"wordCount\":214,\"publisher\":{\"@id\":\"https:\/\/avrupapress.com\/#\/schema\/person\/0223dca19c72c43575bf30d1a2d8f4fa\"},\"image\":{\"@id\":\"https:\/\/avrupapress.com\/2020\/03\/20\/belcika-uid-baskani-basir-hamarat-yardima-muhtaclar-icinyardima-hazir-olduklarini-soyledi\/#primaryimage\"},\"thumbnailUrl\":\"https:\/\/avrupapress.com\/main\/wp-content\/uploads\/2020\/03\/Basir-Hamarat-a.jpg\",\"keywords\":[\"Bel\u00e7ika U\u0130D Ba\u015fkan\u0131 Basir Hamarat yard\u0131ma muhta\u00e7lar i\u00e7in\"],\"articleSection\":[\"Avrupa\",\"Bel\u00e7ika\",\"D\u00fcnya\",\"Ekonomi\",\"K\u00fclt\u00fcr-Sanat\",\"Spor\",\"Tan\u0131t\u0131m\",\"T\u00fcrkiye\",\"Uncategorized\"],\"inLanguage\":\"fr-BE\"},{\"@type\":\"WebPage\",\"@id\":\"https:\/\/avrupapress.com\/2020\/03\/20\/belcika-uid-baskani-basir-hamarat-yardima-muhtaclar-icinyardima-hazir-olduklarini-soyledi\/\",\"url\":\"https:\/\/avrupapress.com\/2020\/03\/20\/belcika-uid-baskani-basir-hamarat-yardima-muhtaclar-icinyardima-hazir-olduklarini-soyledi\/\",\"name\":\"Bel\u00e7ika U\u0130D Ba\u015fkan\u0131 Basir Hamarat yard\u0131ma muhta\u00e7lar i\u00e7in,yard\u0131ma haz\u0131r olduklar\u0131n\u0131 s\u00f6yledi - AvrupaPress\",\"isPartOf\":{\"@id\":\"https:\/\/avrupapress.com\/#website\"},\"primaryImageOfPage\":{\"@id\":\"https:\/\/avrupapress.com\/2020\/03\/20\/belcika-uid-baskani-basir-hamarat-yardima-muhtaclar-icinyardima-hazir-olduklarini-soyledi\/#primaryimage\"},\"image\":{\"@id\":\"https:\/\/avrupapress.com\/2020\/03\/20\/belcika-uid-baskani-basir-hamarat-yardima-muhtaclar-icinyardima-hazir-olduklarini-soyledi\/#primaryimage\"},\"thumbnailUrl\":\"https:\/\/avrupapress.com\/main\/wp-content\/uploads\/2020\/03\/Basir-Hamarat-a.jpg\",\"datePublished\":\"2020-03-20T21:06:18+00:00\",\"dateModified\":\"2020-03-20T21:26:47+00:00\",\"breadcrumb\":{\"@id\":\"https:\/\/avrupapress.com\/2020\/03\/20\/belcika-uid-baskani-basir-hamarat-yardima-muhtaclar-icinyardima-hazir-olduklarini-soyledi\/#breadcrumb\"},\"inLanguage\":\"fr-BE\",\"potentialAction\":[{\"@type\":\"ReadAction\",\"target\":[\"https:\/\/avrupapress.com\/2020\/03\/20\/belcika-uid-baskani-basir-hamarat-yardima-muhtaclar-icinyardima-hazir-olduklarini-soyledi\/\"]}]},{\"@type\":\"ImageObject\",\"inLanguage\":\"fr-BE\",\"@id\":\"https:\/\/avrupapress.com\/2020\/03\/20\/belcika-uid-baskani-basir-hamarat-yardima-muhtaclar-icinyardima-hazir-olduklarini-soyledi\/#primaryimage\",\"url\":\"https:\/\/avrupapress.com\/main\/wp-content\/uploads\/2020\/03\/Basir-Hamarat-a.jpg\",\"contentUrl\":\"https:\/\/avrupapress.com\/main\/wp-content\/uploads\/2020\/03\/Basir-Hamarat-a.jpg\",\"width\":800,\"height\":545},{\"@type\":\"BreadcrumbList\",\"@id\":\"https:\/\/avrupapress.com\/2020\/03\/20\/belcika-uid-baskani-basir-hamarat-yardima-muhtaclar-icinyardima-hazir-olduklarini-soyledi\/#breadcrumb\",\"itemListElement\":[{\"@type\":\"ListItem\",\"position\":1,\"name\":\"Anasayfa\",\"item\":\"https:\/\/avrupapress.com\/\"},{\"@type\":\"ListItem\",\"position\":2,\"name\":\"Bel\u00e7ika U\u0130D Ba\u015fkan\u0131 Basir Hamarat yard\u0131ma muhta\u00e7lar i\u00e7in,yard\u0131ma haz\u0131r olduklar\u0131n\u0131 s\u00f6yledi\"}]},{\"@type\":\"WebSite\",\"@id\":\"https:\/\/avrupapress.com\/#website\",\"url\":\"https:\/\/avrupapress.com\/\",\"name\":\"AvrupaPress\",\"description\":\"Haberin Adresi\",\"publisher\":{\"@id\":\"https:\/\/avrupapress.com\/#\/schema\/person\/0223dca19c72c43575bf30d1a2d8f4fa\"},\"potentialAction\":[{\"@type\":\"SearchAction\",\"target\":{\"@type\":\"EntryPoint\",\"urlTemplate\":\"https:\/\/avrupapress.com\/?s={search_term_string}\"},\"query-input\":{\"@type\":\"PropertyValueSpecification\",\"valueRequired\":true,\"valueName\":\"search_term_string\"}}],\"inLanguage\":\"fr-BE\"},{\"@type\":[\"Person\",\"Organization\"],\"@id\":\"https:\/\/avrupapress.com\/#\/schema\/person\/0223dca19c72c43575bf30d1a2d8f4fa\",\"name\":\"Bilgin \u00d6z\u00e7ift\u00e7i\",\"image\":{\"@type\":\"ImageObject\",\"inLanguage\":\"fr-BE\",\"@id\":\"https:\/\/avrupapress.com\/#\/schema\/person\/image\/\",\"url\":\"https:\/\/secure.gravatar.com\/avatar\/0f23b280433a21e1ea7a0adcc46ed0ad16afe3ad8e630fd13d8a017dcbd54ef3?s=96&d=mm&r=g\",\"contentUrl\":\"https:\/\/secure.gravatar.com\/avatar\/0f23b280433a21e1ea7a0adcc46ed0ad16afe3ad8e630fd13d8a017dcbd54ef3?s=96&d=mm&r=g\",\"caption\":\"Bilgin \u00d6z\u00e7ift\u00e7i\"},\"logo\":{\"@id\":\"https:\/\/avrupapress.com\/#\/schema\/person\/image\/\"},\"description\":\"Ne ben, nede sen... Biz ancak \\\"biz\\\" olursak g\u00fc\u00e7l\u00fc olabiliriz\"},{\"@type\":\"Person\",\"@id\":\"https:\/\/avrupapress.com\/#\/schema\/person\/68428444ec60970d1e1b700cf4ca1e8f\",\"name\":\"Edit\u00f6r\",\"image\":{\"@type\":\"ImageObject\",\"inLanguage\":\"fr-BE\",\"@id\":\"https:\/\/avrupapress.com\/#\/schema\/person\/image\/\",\"url\":\"https:\/\/secure.gravatar.com\/avatar\/74996b0977aa5f1559ba9883776652508b229005c0d78fb2597897f0bd651c09?s=96&d=mm&r=g\",\"contentUrl\":\"https:\/\/secure.gravatar.com\/avatar\/74996b0977aa5f1559ba9883776652508b229005c0d78fb2597897f0bd651c09?s=96&d=mm&r=g\",\"caption\":\"Edit\u00f6r\"},\"sameAs\":[\"http:\/\/www.avrupapress.com\"],\"url\":\"https:\/\/avrupapress.com\/main\/author\/editor\/\"}]}<\/script>\n<!-- \/ Yoast SEO plugin. -->","yoast_head_json":{"title":"Bel\u00e7ika U\u0130D Ba\u015fkan\u0131 Basir Hamarat yard\u0131ma muhta\u00e7lar i\u00e7in,yard\u0131ma haz\u0131r olduklar\u0131n\u0131 s\u00f6yledi - AvrupaPress","robots":{"index":"index","follow":"follow","max-snippet":"max-snippet:-1","max-image-preview":"max-image-preview:large","max-video-preview":"max-video-preview:-1"},"canonical":"https:\/\/avrupapress.com\/2020\/03\/20\/belcika-uid-baskani-basir-hamarat-yardima-muhtaclar-icinyardima-hazir-olduklarini-soyledi\/","og_locale":"fr_FR","og_type":"article","og_title":"Bel\u00e7ika U\u0130D Ba\u015fkan\u0131 Basir Hamarat yard\u0131ma muhta\u00e7lar i\u00e7in,yard\u0131ma haz\u0131r olduklar\u0131n\u0131 s\u00f6yledi - AvrupaPress","og_description":"Uluslararas\u0131 Demokratlar Birli\u011fi\u2019nin Bel\u00e7ika Ba\u015fkan\u0131 Basir Hamarat Covid-19 Vir\u00fcs\u00fc ile m\u00fccadelesine Bel\u00e7ika\u2019da UID duyars\u0131z kalmayacak.. K\u0131sa ad\u0131 \u201cU\u0130D \u201colan\u00a0 Uluslararas\u0131 Demokratlar Birli\u011fi\u2019nin Bel\u00e7ika Ba\u015fkan\u0131 Basir Hamarat bir a\u00e7\u0131klama yaparak, corona vir\u00fcs\u00fc salg\u0131n\u0131 ile ilgili olarak,yard\u0131ma muhta\u00e7lar i\u00e7in,yard\u0131ma haz\u0131r olduklar\u0131n\u0131 s\u00f6yledi.Hamarat,\u201dT\u00fcm d\u00fcnyan\u0131n Covid-19 Vir\u00fcs\u00fc ile m\u00fccadelesine Bel\u00e7ika\u2019da UID duyars\u0131z kalmayacak..Uluslararas\u0131 Demokratlar Birli\u011fi (UID) Bel\u00e7ika t\u00fcm imkanlar\u0131n\u0131 [&hellip;]","og_url":"https:\/\/avrupapress.com\/2020\/03\/20\/belcika-uid-baskani-basir-hamarat-yardima-muhtaclar-icinyardima-hazir-olduklarini-soyledi\/","og_site_name":"AvrupaPress","article_published_time":"2020-03-20T21:06:18+00:00","article_modified_time":"2020-03-20T21:26:47+00:00","og_image":[{"width":800,"height":545,"url":"https:\/\/avrupapress.com\/wp-content\/uploads\/2020\/03\/Basir-Hamarat-a.jpg","type":"image\/jpeg"}],"author":"Edit\u00f6r","twitter_card":"summary_large_image","twitter_misc":{"\u00c9crit par":"Edit\u00f6r","Dur\u00e9e de lecture est.":"1 minute"},"schema":{"@context":"https:\/\/schema.org","@graph":[{"@type":"Article","@id":"https:\/\/avrupapress.com\/2020\/03\/20\/belcika-uid-baskani-basir-hamarat-yardima-muhtaclar-icinyardima-hazir-olduklarini-soyledi\/#article","isPartOf":{"@id":"https:\/\/avrupapress.com\/2020\/03\/20\/belcika-uid-baskani-basir-hamarat-yardima-muhtaclar-icinyardima-hazir-olduklarini-soyledi\/"},"author":{"name":"Edit\u00f6r","@id":"https:\/\/avrupapress.com\/#\/schema\/person\/68428444ec60970d1e1b700cf4ca1e8f"},"headline":"Bel\u00e7ika U\u0130D Ba\u015fkan\u0131 Basir Hamarat yard\u0131ma muhta\u00e7lar i\u00e7in,yard\u0131ma haz\u0131r olduklar\u0131n\u0131 s\u00f6yledi","datePublished":"2020-03-20T21:06:18+00:00","dateModified":"2020-03-20T21:26:47+00:00","mainEntityOfPage":{"@id":"https:\/\/avrupapress.com\/2020\/03\/20\/belcika-uid-baskani-basir-hamarat-yardima-muhtaclar-icinyardima-hazir-olduklarini-soyledi\/"},"wordCount":214,"publisher":{"@id":"https:\/\/avrupapress.com\/#\/schema\/person\/0223dca19c72c43575bf30d1a2d8f4fa"},"image":{"@id":"https:\/\/avrupapress.com\/2020\/03\/20\/belcika-uid-baskani-basir-hamarat-yardima-muhtaclar-icinyardima-hazir-olduklarini-soyledi\/#primaryimage"},"thumbnailUrl":"https:\/\/avrupapress.com\/main\/wp-content\/uploads\/2020\/03\/Basir-Hamarat-a.jpg","keywords":["Bel\u00e7ika U\u0130D Ba\u015fkan\u0131 Basir Hamarat yard\u0131ma muhta\u00e7lar i\u00e7in"],"articleSection":["Avrupa","Bel\u00e7ika","D\u00fcnya","Ekonomi","K\u00fclt\u00fcr-Sanat","Spor","Tan\u0131t\u0131m","T\u00fcrkiye","Uncategorized"],"inLanguage":"fr-BE"},{"@type":"WebPage","@id":"https:\/\/avrupapress.com\/2020\/03\/20\/belcika-uid-baskani-basir-hamarat-yardima-muhtaclar-icinyardima-hazir-olduklarini-soyledi\/","url":"https:\/\/avrupapress.com\/2020\/03\/20\/belcika-uid-baskani-basir-hamarat-yardima-muhtaclar-icinyardima-hazir-olduklarini-soyledi\/","name":"Bel\u00e7ika U\u0130D Ba\u015fkan\u0131 Basir Hamarat yard\u0131ma muhta\u00e7lar i\u00e7in,yard\u0131ma haz\u0131r olduklar\u0131n\u0131 s\u00f6yledi - AvrupaPress","isPartOf":{"@id":"https:\/\/avrupapress.com\/#website"},"primaryImageOfPage":{"@id":"https:\/\/avrupapress.com\/2020\/03\/20\/belcika-uid-baskani-basir-hamarat-yardima-muhtaclar-icinyardima-hazir-olduklarini-soyledi\/#primaryimage"},"image":{"@id":"https:\/\/avrupapress.com\/2020\/03\/20\/belcika-uid-baskani-basir-hamarat-yardima-muhtaclar-icinyardima-hazir-olduklarini-soyledi\/#primaryimage"},"thumbnailUrl":"https:\/\/avrupapress.com\/main\/wp-content\/uploads\/2020\/03\/Basir-Hamarat-a.jpg","datePublished":"2020-03-20T21:06:18+00:00","dateModified":"2020-03-20T21:26:47+00:00","breadcrumb":{"@id":"https:\/\/avrupapress.com\/2020\/03\/20\/belcika-uid-baskani-basir-hamarat-yardima-muhtaclar-icinyardima-hazir-olduklarini-soyledi\/#breadcrumb"},"inLanguage":"fr-BE","potentialAction":[{"@type":"ReadAction","target":["https:\/\/avrupapress.com\/2020\/03\/20\/belcika-uid-baskani-basir-hamarat-yardima-muhtaclar-icinyardima-hazir-olduklarini-soyledi\/"]}]},{"@type":"ImageObject","inLanguage":"fr-BE","@id":"https:\/\/avrupapress.com\/2020\/03\/20\/belcika-uid-baskani-basir-hamarat-yardima-muhtaclar-icinyardima-hazir-olduklarini-soyledi\/#primaryimage","url":"https:\/\/avrupapress.com\/main\/wp-content\/uploads\/2020\/03\/Basir-Hamarat-a.jpg","contentUrl":"https:\/\/avrupapress.com\/main\/wp-content\/uploads\/2020\/03\/Basir-Hamarat-a.jpg","width":800,"height":545},{"@type":"BreadcrumbList","@id":"https:\/\/avrupapress.com\/2020\/03\/20\/belcika-uid-baskani-basir-hamarat-yardima-muhtaclar-icinyardima-hazir-olduklarini-soyledi\/#breadcrumb","itemListElement":[{"@type":"ListItem","position":1,"name":"Anasayfa","item":"https:\/\/avrupapress.com\/"},{"@type":"ListItem","position":2,"name":"Bel\u00e7ika U\u0130D Ba\u015fkan\u0131 Basir Hamarat yard\u0131ma muhta\u00e7lar i\u00e7in,yard\u0131ma haz\u0131r olduklar\u0131n\u0131 s\u00f6yledi"}]},{"@type":"WebSite","@id":"https:\/\/avrupapress.com\/#website","url":"https:\/\/avrupapress.com\/","name":"AvrupaPress","description":"Haberin Adresi","publisher":{"@id":"https:\/\/avrupapress.com\/#\/schema\/person\/0223dca19c72c43575bf30d1a2d8f4fa"},"potentialAction":[{"@type":"SearchAction","target":{"@type":"EntryPoint","urlTemplate":"https:\/\/avrupapress.com\/?s={search_term_string}"},"query-input":{"@type":"PropertyValueSpecification","valueRequired":true,"valueName":"search_term_string"}}],"inLanguage":"fr-BE"},{"@type":["Person","Organization"],"@id":"https:\/\/avrupapress.com\/#\/schema\/person\/0223dca19c72c43575bf30d1a2d8f4fa","name":"Bilgin \u00d6z\u00e7ift\u00e7i","image":{"@type":"ImageObject","inLanguage":"fr-BE","@id":"https:\/\/avrupapress.com\/#\/schema\/person\/image\/","url":"https:\/\/secure.gravatar.com\/avatar\/0f23b280433a21e1ea7a0adcc46ed0ad16afe3ad8e630fd13d8a017dcbd54ef3?s=96&d=mm&r=g","contentUrl":"https:\/\/secure.gravatar.com\/avatar\/0f23b280433a21e1ea7a0adcc46ed0ad16afe3ad8e630fd13d8a017dcbd54ef3?s=96&d=mm&r=g","caption":"Bilgin \u00d6z\u00e7ift\u00e7i"},"logo":{"@id":"https:\/\/avrupapress.com\/#\/schema\/person\/image\/"},"description":"Ne ben, nede sen... Biz ancak \"biz\" olursak g\u00fc\u00e7l\u00fc olabiliriz"},{"@type":"Person","@id":"https:\/\/avrupapress.com\/#\/schema\/person\/68428444ec60970d1e1b700cf4ca1e8f","name":"Edit\u00f6r","image":{"@type":"ImageObject","inLanguage":"fr-BE","@id":"https:\/\/avrupapress.com\/#\/schema\/person\/image\/","url":"https:\/\/secure.gravatar.com\/avatar\/74996b0977aa5f1559ba9883776652508b229005c0d78fb2597897f0bd651c09?s=96&d=mm&r=g","contentUrl":"https:\/\/secure.gravatar.com\/avatar\/74996b0977aa5f1559ba9883776652508b229005c0d78fb2597897f0bd651c09?s=96&d=mm&r=g","caption":"Edit\u00f6r"},"sameAs":["http:\/\/www.avrupapress.com"],"url":"https:\/\/avrupapress.com\/main\/author\/editor\/"}]}},"_links":{"self":[{"href":"https:\/\/avrupapress.com\/main\/wp-json\/wp\/v2\/posts\/10923","targetHints":{"allow":["GET"]}}],"collection":[{"href":"https:\/\/avrupapress.com\/main\/wp-json\/wp\/v2\/posts"}],"about":[{"href":"https:\/\/avrupapress.com\/main\/wp-json\/wp\/v2\/types\/post"}],"author":[{"embeddable":true,"href":"https:\/\/avrupapress.com\/main\/wp-json\/wp\/v2\/users\/3"}],"replies":[{"embeddable":true,"href":"https:\/\/avrupapress.com\/main\/wp-json\/wp\/v2\/comments?post=10923"}],"version-history":[{"count":2,"href":"https:\/\/avrupapress.com\/main\/wp-json\/wp\/v2\/posts\/10923\/revisions"}],"predecessor-version":[{"id":10926,"href":"https:\/\/avrupapress.com\/main\/wp-json\/wp\/v2\/posts\/10923\/revisions\/10926"}],"wp:featuredmedia":[{"embeddable":true,"href":"https:\/\/avrupapress.com\/main\/wp-json\/wp\/v2\/media\/10924"}],"wp:attachment":[{"href":"https:\/\/avrupapress.com\/main\/wp-json\/wp\/v2\/media?parent=10923"}],"wp:term":[{"taxonomy":"category","embeddable":true,"href":"https:\/\/avrupapress.com\/main\/wp-json\/wp\/v2\/categories?post=10923"},{"taxonomy":"post_tag","embeddable":true,"href":"https:\/\/avrupapress.com\/main\/wp-json\/wp\/v2\/tags?post=10923"}],"curies":[{"name":"wp","href":"https:\/\/api.w.org\/{rel}","templated":true}]}}