{"id":10914,"date":"2020-03-19T21:18:20","date_gmt":"2020-03-19T21:18:20","guid":{"rendered":"http:\/\/avrupapress.com\/main\/?p=10914"},"modified":"2020-03-19T21:23:48","modified_gmt":"2020-03-19T21:23:48","slug":"bruksel-buyukelciligi-belcikadan-ayrilamayan-vatandaslarimizin-vize-ikamet-basvurulari-hakkinda-basin-aciklamasi-yapildi","status":"publish","type":"post","link":"https:\/\/avrupapress.com\/main\/2020\/03\/19\/bruksel-buyukelciligi-belcikadan-ayrilamayan-vatandaslarimizin-vize-ikamet-basvurulari-hakkinda-basin-aciklamasi-yapildi\/","title":{"rendered":"BRUKSEL BUYUKELC\u0130L\u0130G\u0130 BEL\u00c7\u0130KA&rsquo;DAN AYRILAMAYAN VATANDA\u015eLARIMIZIN V\u0130ZE-\u0130KAMET BA\u015eVURULARI HAKKINDA BASIN ACIKLAMASI YAPILDI"},"content":{"rendered":"\n<p><strong>U\u00c7U\u015eLARIN DURDURULMASI NEDEN\u0130YLE BEL\u00c7\u0130KA&rsquo;DAN AYRILAMAYAN VATANDA\u015eLARIMIZIN V\u0130ZE \/ \u0130KAMET UZATIM BA\u015eVURULARINDA \u0130ZLEMELER\u0130 GEREKEN Y\u00d6NTEM HAKKINDA DUYURU<\/strong><\/p>\n\n\n\n<p>1.Bel\u00e7ika makamlar\u0131ndan al\u0131nan bilgilere g\u00f6re, Bel\u00e7ika Yabanc\u0131lar Ofisi, zorlay\u0131c\u0131 sebepten dolay\u0131 Bel\u00e7ika\u2019da mahsur kalan yabanc\u0131lar\u0131n (karantina, u\u00e7u\u015f iptali, s\u0131n\u0131r\u0131n kapat\u0131lmas\u0131 vb) ikametlerini uzatma talebinde bulunabileceklerini bildirmi\u015ftir. Yabanc\u0131lar Ofisinin internet sitesinde yay\u0131nlanan duyurunun linki a\u015fa\u011f\u0131da sunulmu\u015ftur:<\/p>\n\n\n\n<figure class=\"wp-block-embed\"><div class=\"wp-block-embed__wrapper\">\nhttps:\/\/dofi.ibz.be\/sites\/dvzoe\/FR\/Pages\/home.aspx\n<\/div><\/figure>\n\n\n\n<p>2. S\u00f6zkonusu duyuruya g\u00f6re, Evden \u00e7\u0131kmay\u0131 ve yak\u0131n temas\u0131 \u00f6nlemek amac\u0131yla ba\u015fvurular belediyelere e-posta yoluyla yap\u0131labilmektedir.<\/p>\n\n\n\n<p>3. Acil durumlar i\u00e7in, beklemeden ve do\u011frudan Yabanc\u0131lar Ofisine e-posta yoluyla ba\u015fvurulabilir. Flaman belediyelerinde bulunanlar\u0131n kv.opvolging@ibz.fgov.be adresine, Frankofon belediyelerde bulunanlar\u0131n ise cs.suivi@ibz.fgov.be adresine ba\u015fvurular\u0131n\u0131 iletmeleri gerekmektedir.<\/p>\n\n\n\n<p>4. Ba\u015fvuru talebine a\u015fa\u011f\u0131daki bilgi ve belgelerin eklenmesi gerekmektedir:<\/p>\n\n\n\n<p>&#8211; Pasaport \u00f6rne\u011fi (numara ve ge\u00e7erlilik s\u00fcresi, ki\u015fisel bilgiler, kullan\u0131lan sayfalar);<\/p>\n\n\n\n<p>&#8211; Geli\u015f beyan\u0131n\u0131n \u00f6rne\u011fi (08\/10\/1981 tarihli Kraliyet kararnamesi 3 nolu eki);<\/p>\n\n\n\n<p>&#8211; \u00d6ng\u00f6r\u00fclen tarihte Schengen b\u00f6lgesinden \u00e7\u0131kamaman\u0131n gerek\u00e7esini belirten bir yaz\u0131;<\/p>\n\n\n\n<p>&#8211; \u00c7\u0131kmaya engel olan durumu tasdikleyen belge;<\/p>\n\n\n\n<p>&#8211; Talep edilen uzat\u0131m s\u00fcresince ge\u00e7erli bir seyahat sa\u011fl\u0131k sigortas\u0131n\u0131n \u00f6rne\u011fi;<\/p>\n\n\n\n<p>&#8211; Bel\u00e7ika\u2019da kal\u0131nan adres;<\/p>\n\n\n\n<p>&#8211; Temas edilebilecek e-posta adresi.<\/p>\n\n\n\n<p>5. Yabanc\u0131lar Ofisi karar\u0131n\u0131 ilgiliye e-posta yoluyla g\u00f6ndermektedir.<\/p>\n\n\n\n<p>6. Vize uzat\u0131m ba\u015fvurular\u0131nda sorunla kar\u015f\u0131la\u015f\u0131lan vatanda\u015flar\u0131m\u0131z\u0131n, Flaman belediyeleri i\u00e7in Anvers Ba\u015fkonsoloslu\u011fumuza, Frankofon belediyeler i\u00e7in ise Br\u00fcksel Ba\u015fkonsoloslu\u011fumuza sosyal medya hesaplar\u0131nda belirtilen e-posta ve telefonlar \u00fczerinden ba\u015fvurmalar\u0131 rica olunur.<\/p>\n\n\n\n<p>Sayg\u0131yla duyurulur.<\/p>\n\n\n\n<p>T.C. Br\u00fcksel B\u00fcy\u00fckel\u00e7ili\u011fi<\/p>\n","protected":false},"excerpt":{"rendered":"<p>U\u00c7U\u015eLARIN DURDURULMASI NEDEN\u0130YLE BEL\u00c7\u0130KA&rsquo;DAN AYRILAMAYAN VATANDA\u015eLARIMIZIN V\u0130ZE \/ \u0130KAMET UZATIM BA\u015eVURULARINDA \u0130ZLEMELER\u0130 GEREKEN Y\u00d6NTEM HAKKINDA DUYURU 1.Bel\u00e7ika makamlar\u0131ndan al\u0131nan bilgilere g\u00f6re, Bel\u00e7ika Yabanc\u0131lar Ofisi, zorlay\u0131c\u0131 sebepten dolay\u0131 Bel\u00e7ika\u2019da mahsur kalan yabanc\u0131lar\u0131n (karantina, u\u00e7u\u015f iptali, s\u0131n\u0131r\u0131n kapat\u0131lmas\u0131 vb) ikametlerini uzatma talebinde bulunabileceklerini bildirmi\u015ftir. Yabanc\u0131lar Ofisinin internet sitesinde yay\u0131nlanan duyurunun linki a\u015fa\u011f\u0131da sunulmu\u015ftur: 2. S\u00f6zkonusu duyuruya g\u00f6re, [&hellip;]<\/p>\n","protected":false},"author":3,"featured_media":10917,"comment_status":"closed","ping_status":"open","sticky":false,"template":"","format":"standard","meta":{"footnotes":""},"categories":[14,16,3,17,18,15,19,2,1],"tags":[],"class_list":["post-10914","post","type-post","status-publish","format-standard","has-post-thumbnail","hentry","category-avrupa","category-belcika","category-dunya","category-ekonomi","category-kultur-sanat","category-spor","category-tanitim","category-turkiye","category-uncategorized"],"yoast_head":"<!-- This site is optimized with the Yoast SEO plugin v26.9 - https:\/\/yoast.com\/product\/yoast-seo-wordpress\/ -->\n<title>BRUKSEL BUYUKELC\u0130L\u0130G\u0130 BEL\u00c7\u0130KA&#039;DAN AYRILAMAYAN VATANDA\u015eLARIMIZIN V\u0130ZE-\u0130KAMET BA\u015eVURULARI HAKKINDA BASIN ACIKLAMASI YAPILDI - AvrupaPress<\/title>\n<meta name=\"robots\" content=\"index, follow, max-snippet:-1, max-image-preview:large, max-video-preview:-1\" \/>\n<link rel=\"canonical\" href=\"https:\/\/avrupapress.com\/2020\/03\/19\/bruksel-buyukelciligi-belcikadan-ayrilamayan-vatandaslarimizin-vize-ikamet-basvurulari-hakkinda-basin-aciklamasi-yapildi\/\" \/>\n<meta property=\"og:locale\" content=\"fr_FR\" \/>\n<meta property=\"og:type\" content=\"article\" \/>\n<meta property=\"og:title\" content=\"BRUKSEL BUYUKELC\u0130L\u0130G\u0130 BEL\u00c7\u0130KA&#039;DAN AYRILAMAYAN VATANDA\u015eLARIMIZIN V\u0130ZE-\u0130KAMET BA\u015eVURULARI HAKKINDA BASIN ACIKLAMASI YAPILDI - AvrupaPress\" \/>\n<meta property=\"og:description\" content=\"U\u00c7U\u015eLARIN DURDURULMASI NEDEN\u0130YLE BEL\u00c7\u0130KA&rsquo;DAN AYRILAMAYAN VATANDA\u015eLARIMIZIN V\u0130ZE \/ \u0130KAMET UZATIM BA\u015eVURULARINDA \u0130ZLEMELER\u0130 GEREKEN Y\u00d6NTEM HAKKINDA DUYURU 1.Bel\u00e7ika makamlar\u0131ndan al\u0131nan bilgilere g\u00f6re, Bel\u00e7ika Yabanc\u0131lar Ofisi, zorlay\u0131c\u0131 sebepten dolay\u0131 Bel\u00e7ika\u2019da mahsur kalan yabanc\u0131lar\u0131n (karantina, u\u00e7u\u015f iptali, s\u0131n\u0131r\u0131n kapat\u0131lmas\u0131 vb) ikametlerini uzatma talebinde bulunabileceklerini bildirmi\u015ftir. Yabanc\u0131lar Ofisinin internet sitesinde yay\u0131nlanan duyurunun linki a\u015fa\u011f\u0131da sunulmu\u015ftur: 2. S\u00f6zkonusu duyuruya g\u00f6re, [&hellip;]\" \/>\n<meta property=\"og:url\" content=\"https:\/\/avrupapress.com\/2020\/03\/19\/bruksel-buyukelciligi-belcikadan-ayrilamayan-vatandaslarimizin-vize-ikamet-basvurulari-hakkinda-basin-aciklamasi-yapildi\/\" \/>\n<meta property=\"og:site_name\" content=\"AvrupaPress\" \/>\n<meta property=\"article:published_time\" content=\"2020-03-19T21:18:20+00:00\" \/>\n<meta property=\"article:modified_time\" content=\"2020-03-19T21:23:48+00:00\" \/>\n<meta property=\"og:image\" content=\"https:\/\/avrupapress.com\/wp-content\/uploads\/2020\/03\/82469691_2727807810608714_851237645911588864_o.jpg\" \/>\n\t<meta property=\"og:image:width\" content=\"960\" \/>\n\t<meta property=\"og:image:height\" content=\"960\" \/>\n\t<meta property=\"og:image:type\" content=\"image\/jpeg\" \/>\n<meta name=\"author\" content=\"Edit\u00f6r\" \/>\n<meta name=\"twitter:card\" content=\"summary_large_image\" \/>\n<meta name=\"twitter:label1\" content=\"\u00c9crit par\" \/>\n\t<meta name=\"twitter:data1\" content=\"Edit\u00f6r\" \/>\n\t<meta name=\"twitter:label2\" content=\"Dur\u00e9e de lecture est.\" \/>\n\t<meta name=\"twitter:data2\" content=\"2 minutes\" \/>\n<script type=\"application\/ld+json\" class=\"yoast-schema-graph\">{\"@context\":\"https:\/\/schema.org\",\"@graph\":[{\"@type\":\"Article\",\"@id\":\"https:\/\/avrupapress.com\/2020\/03\/19\/bruksel-buyukelciligi-belcikadan-ayrilamayan-vatandaslarimizin-vize-ikamet-basvurulari-hakkinda-basin-aciklamasi-yapildi\/#article\",\"isPartOf\":{\"@id\":\"https:\/\/avrupapress.com\/2020\/03\/19\/bruksel-buyukelciligi-belcikadan-ayrilamayan-vatandaslarimizin-vize-ikamet-basvurulari-hakkinda-basin-aciklamasi-yapildi\/\"},\"author\":{\"name\":\"Edit\u00f6r\",\"@id\":\"https:\/\/avrupapress.com\/#\/schema\/person\/68428444ec60970d1e1b700cf4ca1e8f\"},\"headline\":\"BRUKSEL BUYUKELC\u0130L\u0130G\u0130 BEL\u00c7\u0130KA&rsquo;DAN AYRILAMAYAN VATANDA\u015eLARIMIZIN V\u0130ZE-\u0130KAMET BA\u015eVURULARI HAKKINDA BASIN ACIKLAMASI YAPILDI\",\"datePublished\":\"2020-03-19T21:18:20+00:00\",\"dateModified\":\"2020-03-19T21:23:48+00:00\",\"mainEntityOfPage\":{\"@id\":\"https:\/\/avrupapress.com\/2020\/03\/19\/bruksel-buyukelciligi-belcikadan-ayrilamayan-vatandaslarimizin-vize-ikamet-basvurulari-hakkinda-basin-aciklamasi-yapildi\/\"},\"wordCount\":330,\"publisher\":{\"@id\":\"https:\/\/avrupapress.com\/#\/schema\/person\/0223dca19c72c43575bf30d1a2d8f4fa\"},\"image\":{\"@id\":\"https:\/\/avrupapress.com\/2020\/03\/19\/bruksel-buyukelciligi-belcikadan-ayrilamayan-vatandaslarimizin-vize-ikamet-basvurulari-hakkinda-basin-aciklamasi-yapildi\/#primaryimage\"},\"thumbnailUrl\":\"https:\/\/avrupapress.com\/main\/wp-content\/uploads\/2020\/03\/82469691_2727807810608714_851237645911588864_o.jpg\",\"articleSection\":[\"Avrupa\",\"Bel\u00e7ika\",\"D\u00fcnya\",\"Ekonomi\",\"K\u00fclt\u00fcr-Sanat\",\"Spor\",\"Tan\u0131t\u0131m\",\"T\u00fcrkiye\",\"Uncategorized\"],\"inLanguage\":\"fr-BE\"},{\"@type\":\"WebPage\",\"@id\":\"https:\/\/avrupapress.com\/2020\/03\/19\/bruksel-buyukelciligi-belcikadan-ayrilamayan-vatandaslarimizin-vize-ikamet-basvurulari-hakkinda-basin-aciklamasi-yapildi\/\",\"url\":\"https:\/\/avrupapress.com\/2020\/03\/19\/bruksel-buyukelciligi-belcikadan-ayrilamayan-vatandaslarimizin-vize-ikamet-basvurulari-hakkinda-basin-aciklamasi-yapildi\/\",\"name\":\"BRUKSEL BUYUKELC\u0130L\u0130G\u0130 BEL\u00c7\u0130KA'DAN AYRILAMAYAN VATANDA\u015eLARIMIZIN V\u0130ZE-\u0130KAMET BA\u015eVURULARI HAKKINDA BASIN ACIKLAMASI YAPILDI - AvrupaPress\",\"isPartOf\":{\"@id\":\"https:\/\/avrupapress.com\/#website\"},\"primaryImageOfPage\":{\"@id\":\"https:\/\/avrupapress.com\/2020\/03\/19\/bruksel-buyukelciligi-belcikadan-ayrilamayan-vatandaslarimizin-vize-ikamet-basvurulari-hakkinda-basin-aciklamasi-yapildi\/#primaryimage\"},\"image\":{\"@id\":\"https:\/\/avrupapress.com\/2020\/03\/19\/bruksel-buyukelciligi-belcikadan-ayrilamayan-vatandaslarimizin-vize-ikamet-basvurulari-hakkinda-basin-aciklamasi-yapildi\/#primaryimage\"},\"thumbnailUrl\":\"https:\/\/avrupapress.com\/main\/wp-content\/uploads\/2020\/03\/82469691_2727807810608714_851237645911588864_o.jpg\",\"datePublished\":\"2020-03-19T21:18:20+00:00\",\"dateModified\":\"2020-03-19T21:23:48+00:00\",\"breadcrumb\":{\"@id\":\"https:\/\/avrupapress.com\/2020\/03\/19\/bruksel-buyukelciligi-belcikadan-ayrilamayan-vatandaslarimizin-vize-ikamet-basvurulari-hakkinda-basin-aciklamasi-yapildi\/#breadcrumb\"},\"inLanguage\":\"fr-BE\",\"potentialAction\":[{\"@type\":\"ReadAction\",\"target\":[\"https:\/\/avrupapress.com\/2020\/03\/19\/bruksel-buyukelciligi-belcikadan-ayrilamayan-vatandaslarimizin-vize-ikamet-basvurulari-hakkinda-basin-aciklamasi-yapildi\/\"]}]},{\"@type\":\"ImageObject\",\"inLanguage\":\"fr-BE\",\"@id\":\"https:\/\/avrupapress.com\/2020\/03\/19\/bruksel-buyukelciligi-belcikadan-ayrilamayan-vatandaslarimizin-vize-ikamet-basvurulari-hakkinda-basin-aciklamasi-yapildi\/#primaryimage\",\"url\":\"https:\/\/avrupapress.com\/main\/wp-content\/uploads\/2020\/03\/82469691_2727807810608714_851237645911588864_o.jpg\",\"contentUrl\":\"https:\/\/avrupapress.com\/main\/wp-content\/uploads\/2020\/03\/82469691_2727807810608714_851237645911588864_o.jpg\",\"width\":960,\"height\":960},{\"@type\":\"BreadcrumbList\",\"@id\":\"https:\/\/avrupapress.com\/2020\/03\/19\/bruksel-buyukelciligi-belcikadan-ayrilamayan-vatandaslarimizin-vize-ikamet-basvurulari-hakkinda-basin-aciklamasi-yapildi\/#breadcrumb\",\"itemListElement\":[{\"@type\":\"ListItem\",\"position\":1,\"name\":\"Anasayfa\",\"item\":\"https:\/\/avrupapress.com\/\"},{\"@type\":\"ListItem\",\"position\":2,\"name\":\"BRUKSEL BUYUKELC\u0130L\u0130G\u0130 BEL\u00c7\u0130KA&#8217;DAN AYRILAMAYAN VATANDA\u015eLARIMIZIN V\u0130ZE-\u0130KAMET BA\u015eVURULARI HAKKINDA BASIN ACIKLAMASI YAPILDI\"}]},{\"@type\":\"WebSite\",\"@id\":\"https:\/\/avrupapress.com\/#website\",\"url\":\"https:\/\/avrupapress.com\/\",\"name\":\"AvrupaPress\",\"description\":\"Haberin Adresi\",\"publisher\":{\"@id\":\"https:\/\/avrupapress.com\/#\/schema\/person\/0223dca19c72c43575bf30d1a2d8f4fa\"},\"potentialAction\":[{\"@type\":\"SearchAction\",\"target\":{\"@type\":\"EntryPoint\",\"urlTemplate\":\"https:\/\/avrupapress.com\/?s={search_term_string}\"},\"query-input\":{\"@type\":\"PropertyValueSpecification\",\"valueRequired\":true,\"valueName\":\"search_term_string\"}}],\"inLanguage\":\"fr-BE\"},{\"@type\":[\"Person\",\"Organization\"],\"@id\":\"https:\/\/avrupapress.com\/#\/schema\/person\/0223dca19c72c43575bf30d1a2d8f4fa\",\"name\":\"Bilgin \u00d6z\u00e7ift\u00e7i\",\"image\":{\"@type\":\"ImageObject\",\"inLanguage\":\"fr-BE\",\"@id\":\"https:\/\/avrupapress.com\/#\/schema\/person\/image\/\",\"url\":\"https:\/\/secure.gravatar.com\/avatar\/0f23b280433a21e1ea7a0adcc46ed0ad16afe3ad8e630fd13d8a017dcbd54ef3?s=96&d=mm&r=g\",\"contentUrl\":\"https:\/\/secure.gravatar.com\/avatar\/0f23b280433a21e1ea7a0adcc46ed0ad16afe3ad8e630fd13d8a017dcbd54ef3?s=96&d=mm&r=g\",\"caption\":\"Bilgin \u00d6z\u00e7ift\u00e7i\"},\"logo\":{\"@id\":\"https:\/\/avrupapress.com\/#\/schema\/person\/image\/\"},\"description\":\"Ne ben, nede sen... Biz ancak \\\"biz\\\" olursak g\u00fc\u00e7l\u00fc olabiliriz\"},{\"@type\":\"Person\",\"@id\":\"https:\/\/avrupapress.com\/#\/schema\/person\/68428444ec60970d1e1b700cf4ca1e8f\",\"name\":\"Edit\u00f6r\",\"image\":{\"@type\":\"ImageObject\",\"inLanguage\":\"fr-BE\",\"@id\":\"https:\/\/avrupapress.com\/#\/schema\/person\/image\/\",\"url\":\"https:\/\/secure.gravatar.com\/avatar\/74996b0977aa5f1559ba9883776652508b229005c0d78fb2597897f0bd651c09?s=96&d=mm&r=g\",\"contentUrl\":\"https:\/\/secure.gravatar.com\/avatar\/74996b0977aa5f1559ba9883776652508b229005c0d78fb2597897f0bd651c09?s=96&d=mm&r=g\",\"caption\":\"Edit\u00f6r\"},\"sameAs\":[\"http:\/\/www.avrupapress.com\"],\"url\":\"https:\/\/avrupapress.com\/main\/author\/editor\/\"}]}<\/script>\n<!-- \/ Yoast SEO plugin. -->","yoast_head_json":{"title":"BRUKSEL BUYUKELC\u0130L\u0130G\u0130 BEL\u00c7\u0130KA'DAN AYRILAMAYAN VATANDA\u015eLARIMIZIN V\u0130ZE-\u0130KAMET BA\u015eVURULARI HAKKINDA BASIN ACIKLAMASI YAPILDI - AvrupaPress","robots":{"index":"index","follow":"follow","max-snippet":"max-snippet:-1","max-image-preview":"max-image-preview:large","max-video-preview":"max-video-preview:-1"},"canonical":"https:\/\/avrupapress.com\/2020\/03\/19\/bruksel-buyukelciligi-belcikadan-ayrilamayan-vatandaslarimizin-vize-ikamet-basvurulari-hakkinda-basin-aciklamasi-yapildi\/","og_locale":"fr_FR","og_type":"article","og_title":"BRUKSEL BUYUKELC\u0130L\u0130G\u0130 BEL\u00c7\u0130KA'DAN AYRILAMAYAN VATANDA\u015eLARIMIZIN V\u0130ZE-\u0130KAMET BA\u015eVURULARI HAKKINDA BASIN ACIKLAMASI YAPILDI - AvrupaPress","og_description":"U\u00c7U\u015eLARIN DURDURULMASI NEDEN\u0130YLE BEL\u00c7\u0130KA&rsquo;DAN AYRILAMAYAN VATANDA\u015eLARIMIZIN V\u0130ZE \/ \u0130KAMET UZATIM BA\u015eVURULARINDA \u0130ZLEMELER\u0130 GEREKEN Y\u00d6NTEM HAKKINDA DUYURU 1.Bel\u00e7ika makamlar\u0131ndan al\u0131nan bilgilere g\u00f6re, Bel\u00e7ika Yabanc\u0131lar Ofisi, zorlay\u0131c\u0131 sebepten dolay\u0131 Bel\u00e7ika\u2019da mahsur kalan yabanc\u0131lar\u0131n (karantina, u\u00e7u\u015f iptali, s\u0131n\u0131r\u0131n kapat\u0131lmas\u0131 vb) ikametlerini uzatma talebinde bulunabileceklerini bildirmi\u015ftir. Yabanc\u0131lar Ofisinin internet sitesinde yay\u0131nlanan duyurunun linki a\u015fa\u011f\u0131da sunulmu\u015ftur: 2. S\u00f6zkonusu duyuruya g\u00f6re, [&hellip;]","og_url":"https:\/\/avrupapress.com\/2020\/03\/19\/bruksel-buyukelciligi-belcikadan-ayrilamayan-vatandaslarimizin-vize-ikamet-basvurulari-hakkinda-basin-aciklamasi-yapildi\/","og_site_name":"AvrupaPress","article_published_time":"2020-03-19T21:18:20+00:00","article_modified_time":"2020-03-19T21:23:48+00:00","og_image":[{"width":960,"height":960,"url":"https:\/\/avrupapress.com\/wp-content\/uploads\/2020\/03\/82469691_2727807810608714_851237645911588864_o.jpg","type":"image\/jpeg"}],"author":"Edit\u00f6r","twitter_card":"summary_large_image","twitter_misc":{"\u00c9crit par":"Edit\u00f6r","Dur\u00e9e de lecture est.":"2 minutes"},"schema":{"@context":"https:\/\/schema.org","@graph":[{"@type":"Article","@id":"https:\/\/avrupapress.com\/2020\/03\/19\/bruksel-buyukelciligi-belcikadan-ayrilamayan-vatandaslarimizin-vize-ikamet-basvurulari-hakkinda-basin-aciklamasi-yapildi\/#article","isPartOf":{"@id":"https:\/\/avrupapress.com\/2020\/03\/19\/bruksel-buyukelciligi-belcikadan-ayrilamayan-vatandaslarimizin-vize-ikamet-basvurulari-hakkinda-basin-aciklamasi-yapildi\/"},"author":{"name":"Edit\u00f6r","@id":"https:\/\/avrupapress.com\/#\/schema\/person\/68428444ec60970d1e1b700cf4ca1e8f"},"headline":"BRUKSEL BUYUKELC\u0130L\u0130G\u0130 BEL\u00c7\u0130KA&rsquo;DAN AYRILAMAYAN VATANDA\u015eLARIMIZIN V\u0130ZE-\u0130KAMET BA\u015eVURULARI HAKKINDA BASIN ACIKLAMASI YAPILDI","datePublished":"2020-03-19T21:18:20+00:00","dateModified":"2020-03-19T21:23:48+00:00","mainEntityOfPage":{"@id":"https:\/\/avrupapress.com\/2020\/03\/19\/bruksel-buyukelciligi-belcikadan-ayrilamayan-vatandaslarimizin-vize-ikamet-basvurulari-hakkinda-basin-aciklamasi-yapildi\/"},"wordCount":330,"publisher":{"@id":"https:\/\/avrupapress.com\/#\/schema\/person\/0223dca19c72c43575bf30d1a2d8f4fa"},"image":{"@id":"https:\/\/avrupapress.com\/2020\/03\/19\/bruksel-buyukelciligi-belcikadan-ayrilamayan-vatandaslarimizin-vize-ikamet-basvurulari-hakkinda-basin-aciklamasi-yapildi\/#primaryimage"},"thumbnailUrl":"https:\/\/avrupapress.com\/main\/wp-content\/uploads\/2020\/03\/82469691_2727807810608714_851237645911588864_o.jpg","articleSection":["Avrupa","Bel\u00e7ika","D\u00fcnya","Ekonomi","K\u00fclt\u00fcr-Sanat","Spor","Tan\u0131t\u0131m","T\u00fcrkiye","Uncategorized"],"inLanguage":"fr-BE"},{"@type":"WebPage","@id":"https:\/\/avrupapress.com\/2020\/03\/19\/bruksel-buyukelciligi-belcikadan-ayrilamayan-vatandaslarimizin-vize-ikamet-basvurulari-hakkinda-basin-aciklamasi-yapildi\/","url":"https:\/\/avrupapress.com\/2020\/03\/19\/bruksel-buyukelciligi-belcikadan-ayrilamayan-vatandaslarimizin-vize-ikamet-basvurulari-hakkinda-basin-aciklamasi-yapildi\/","name":"BRUKSEL BUYUKELC\u0130L\u0130G\u0130 BEL\u00c7\u0130KA'DAN AYRILAMAYAN VATANDA\u015eLARIMIZIN V\u0130ZE-\u0130KAMET BA\u015eVURULARI HAKKINDA BASIN ACIKLAMASI YAPILDI - AvrupaPress","isPartOf":{"@id":"https:\/\/avrupapress.com\/#website"},"primaryImageOfPage":{"@id":"https:\/\/avrupapress.com\/2020\/03\/19\/bruksel-buyukelciligi-belcikadan-ayrilamayan-vatandaslarimizin-vize-ikamet-basvurulari-hakkinda-basin-aciklamasi-yapildi\/#primaryimage"},"image":{"@id":"https:\/\/avrupapress.com\/2020\/03\/19\/bruksel-buyukelciligi-belcikadan-ayrilamayan-vatandaslarimizin-vize-ikamet-basvurulari-hakkinda-basin-aciklamasi-yapildi\/#primaryimage"},"thumbnailUrl":"https:\/\/avrupapress.com\/main\/wp-content\/uploads\/2020\/03\/82469691_2727807810608714_851237645911588864_o.jpg","datePublished":"2020-03-19T21:18:20+00:00","dateModified":"2020-03-19T21:23:48+00:00","breadcrumb":{"@id":"https:\/\/avrupapress.com\/2020\/03\/19\/bruksel-buyukelciligi-belcikadan-ayrilamayan-vatandaslarimizin-vize-ikamet-basvurulari-hakkinda-basin-aciklamasi-yapildi\/#breadcrumb"},"inLanguage":"fr-BE","potentialAction":[{"@type":"ReadAction","target":["https:\/\/avrupapress.com\/2020\/03\/19\/bruksel-buyukelciligi-belcikadan-ayrilamayan-vatandaslarimizin-vize-ikamet-basvurulari-hakkinda-basin-aciklamasi-yapildi\/"]}]},{"@type":"ImageObject","inLanguage":"fr-BE","@id":"https:\/\/avrupapress.com\/2020\/03\/19\/bruksel-buyukelciligi-belcikadan-ayrilamayan-vatandaslarimizin-vize-ikamet-basvurulari-hakkinda-basin-aciklamasi-yapildi\/#primaryimage","url":"https:\/\/avrupapress.com\/main\/wp-content\/uploads\/2020\/03\/82469691_2727807810608714_851237645911588864_o.jpg","contentUrl":"https:\/\/avrupapress.com\/main\/wp-content\/uploads\/2020\/03\/82469691_2727807810608714_851237645911588864_o.jpg","width":960,"height":960},{"@type":"BreadcrumbList","@id":"https:\/\/avrupapress.com\/2020\/03\/19\/bruksel-buyukelciligi-belcikadan-ayrilamayan-vatandaslarimizin-vize-ikamet-basvurulari-hakkinda-basin-aciklamasi-yapildi\/#breadcrumb","itemListElement":[{"@type":"ListItem","position":1,"name":"Anasayfa","item":"https:\/\/avrupapress.com\/"},{"@type":"ListItem","position":2,"name":"BRUKSEL BUYUKELC\u0130L\u0130G\u0130 BEL\u00c7\u0130KA&#8217;DAN AYRILAMAYAN VATANDA\u015eLARIMIZIN V\u0130ZE-\u0130KAMET BA\u015eVURULARI HAKKINDA BASIN ACIKLAMASI YAPILDI"}]},{"@type":"WebSite","@id":"https:\/\/avrupapress.com\/#website","url":"https:\/\/avrupapress.com\/","name":"AvrupaPress","description":"Haberin Adresi","publisher":{"@id":"https:\/\/avrupapress.com\/#\/schema\/person\/0223dca19c72c43575bf30d1a2d8f4fa"},"potentialAction":[{"@type":"SearchAction","target":{"@type":"EntryPoint","urlTemplate":"https:\/\/avrupapress.com\/?s={search_term_string}"},"query-input":{"@type":"PropertyValueSpecification","valueRequired":true,"valueName":"search_term_string"}}],"inLanguage":"fr-BE"},{"@type":["Person","Organization"],"@id":"https:\/\/avrupapress.com\/#\/schema\/person\/0223dca19c72c43575bf30d1a2d8f4fa","name":"Bilgin \u00d6z\u00e7ift\u00e7i","image":{"@type":"ImageObject","inLanguage":"fr-BE","@id":"https:\/\/avrupapress.com\/#\/schema\/person\/image\/","url":"https:\/\/secure.gravatar.com\/avatar\/0f23b280433a21e1ea7a0adcc46ed0ad16afe3ad8e630fd13d8a017dcbd54ef3?s=96&d=mm&r=g","contentUrl":"https:\/\/secure.gravatar.com\/avatar\/0f23b280433a21e1ea7a0adcc46ed0ad16afe3ad8e630fd13d8a017dcbd54ef3?s=96&d=mm&r=g","caption":"Bilgin \u00d6z\u00e7ift\u00e7i"},"logo":{"@id":"https:\/\/avrupapress.com\/#\/schema\/person\/image\/"},"description":"Ne ben, nede sen... Biz ancak \"biz\" olursak g\u00fc\u00e7l\u00fc olabiliriz"},{"@type":"Person","@id":"https:\/\/avrupapress.com\/#\/schema\/person\/68428444ec60970d1e1b700cf4ca1e8f","name":"Edit\u00f6r","image":{"@type":"ImageObject","inLanguage":"fr-BE","@id":"https:\/\/avrupapress.com\/#\/schema\/person\/image\/","url":"https:\/\/secure.gravatar.com\/avatar\/74996b0977aa5f1559ba9883776652508b229005c0d78fb2597897f0bd651c09?s=96&d=mm&r=g","contentUrl":"https:\/\/secure.gravatar.com\/avatar\/74996b0977aa5f1559ba9883776652508b229005c0d78fb2597897f0bd651c09?s=96&d=mm&r=g","caption":"Edit\u00f6r"},"sameAs":["http:\/\/www.avrupapress.com"],"url":"https:\/\/avrupapress.com\/main\/author\/editor\/"}]}},"_links":{"self":[{"href":"https:\/\/avrupapress.com\/main\/wp-json\/wp\/v2\/posts\/10914","targetHints":{"allow":["GET"]}}],"collection":[{"href":"https:\/\/avrupapress.com\/main\/wp-json\/wp\/v2\/posts"}],"about":[{"href":"https:\/\/avrupapress.com\/main\/wp-json\/wp\/v2\/types\/post"}],"author":[{"embeddable":true,"href":"https:\/\/avrupapress.com\/main\/wp-json\/wp\/v2\/users\/3"}],"replies":[{"embeddable":true,"href":"https:\/\/avrupapress.com\/main\/wp-json\/wp\/v2\/comments?post=10914"}],"version-history":[{"count":1,"href":"https:\/\/avrupapress.com\/main\/wp-json\/wp\/v2\/posts\/10914\/revisions"}],"predecessor-version":[{"id":10916,"href":"https:\/\/avrupapress.com\/main\/wp-json\/wp\/v2\/posts\/10914\/revisions\/10916"}],"wp:featuredmedia":[{"embeddable":true,"href":"https:\/\/avrupapress.com\/main\/wp-json\/wp\/v2\/media\/10917"}],"wp:attachment":[{"href":"https:\/\/avrupapress.com\/main\/wp-json\/wp\/v2\/media?parent=10914"}],"wp:term":[{"taxonomy":"category","embeddable":true,"href":"https:\/\/avrupapress.com\/main\/wp-json\/wp\/v2\/categories?post=10914"},{"taxonomy":"post_tag","embeddable":true,"href":"https:\/\/avrupapress.com\/main\/wp-json\/wp\/v2\/tags?post=10914"}],"curies":[{"name":"wp","href":"https:\/\/api.w.org\/{rel}","templated":true}]}}