{"id":10906,"date":"2020-03-19T20:55:52","date_gmt":"2020-03-19T20:55:52","guid":{"rendered":"http:\/\/avrupapress.com\/main\/?p=10906"},"modified":"2020-03-19T20:55:53","modified_gmt":"2020-03-19T20:55:53","slug":"14-gun-karantina-altinda-tutuluyorlar","status":"publish","type":"post","link":"https:\/\/avrupapress.com\/main\/2020\/03\/19\/14-gun-karantina-altinda-tutuluyorlar\/","title":{"rendered":"14 G\u00fcn karantina alt\u0131nda tutuluyorlar\u2026"},"content":{"rendered":"\n<p><strong>T\u00fcrkiye Cumhuriyeti Br\u00fcksel B\u00fcy\u00fckel\u00e7ili\u011fi,&nbsp; Corona vir\u00fcs\u00fc(Covid 19) hakk\u0131nda,t\u00fcm d\u00fcnyada al\u0131nan tedbirlere ba\u011fl\u0131 olarak T\u00fcrkiye\u2019de al\u0131nan tedbirleri de hat\u0131rlatarak,T\u00fcrk vatanda\u015flar\u0131n\u0131 uyard\u0131..<br>Yap\u0131lan duyuruyu okurlar\u0131m\u0131z ile payla\u015f\u0131yoruz:<\/strong><\/p>\n\n\n\n<p><strong>\u201cVATANDA\u015eLARIMIZA \u00d6NEML\u0130 DUYURU<br><\/strong>COVID-19 salg\u0131n\u0131 nedeniyle pek \u00e7ok \u00fclkede, s\u0131n\u0131rlar\u0131n kapat\u0131lmas\u0131, hava ve karayolu ula\u015f\u0131mlar\u0131n\u0131n ask\u0131ya al\u0131nmas\u0131, \u00fclkelere giri\u015flerde sa\u011fl\u0131k raporu ibraz edilmesi, riskli b\u00f6lgelerden gelen yabanc\u0131lar\u0131n kabul edilmemesi ya da \u00fclkeye giri\u015flerini takiben 14 g\u00fcn karantina\/g\u00f6zetim alt\u0131nda tutulmalar\u0131 gibi tedbirlere ba\u015fvurulmaktad\u0131r.<br>Farkl\u0131 \u00fclkeler \u00fczerinden T\u00fcrkiye\u2019ye gelme te\u015febb\u00fcs\u00fcnde bulunan vatanda\u015flar\u0131m\u0131z\u0131n s\u0131n\u0131rlar\u0131n kapanm\u0131\u015f olmas\u0131ndan dolay\u0131 baz\u0131 \u00fclkelerde mahsur kalabildikleri dikkate al\u0131narak, vatanda\u015flar\u0131m\u0131z\u0131n \u00fclkeler a\u015f\u0131r\u0131 seyahat etmeden \u00f6nce ge\u00e7ecekleri \u00fclkelerdeki mevcut uygulamalar hakk\u0131nda bilgi edinmelerinde fayda g\u00f6r\u00fclmektedir.<br>Sayg\u0131yla duyurulur. \u201c<\/p>\n","protected":false},"excerpt":{"rendered":"<p>T\u00fcrkiye Cumhuriyeti Br\u00fcksel B\u00fcy\u00fckel\u00e7ili\u011fi,&nbsp; Corona vir\u00fcs\u00fc(Covid 19) hakk\u0131nda,t\u00fcm d\u00fcnyada al\u0131nan tedbirlere ba\u011fl\u0131 olarak T\u00fcrkiye\u2019de al\u0131nan tedbirleri de hat\u0131rlatarak,T\u00fcrk vatanda\u015flar\u0131n\u0131 uyard\u0131..Yap\u0131lan duyuruyu okurlar\u0131m\u0131z ile payla\u015f\u0131yoruz: \u201cVATANDA\u015eLARIMIZA \u00d6NEML\u0130 DUYURUCOVID-19 salg\u0131n\u0131 nedeniyle pek \u00e7ok \u00fclkede, s\u0131n\u0131rlar\u0131n kapat\u0131lmas\u0131, hava ve karayolu ula\u015f\u0131mlar\u0131n\u0131n ask\u0131ya al\u0131nmas\u0131, \u00fclkelere giri\u015flerde sa\u011fl\u0131k raporu ibraz edilmesi, riskli b\u00f6lgelerden gelen yabanc\u0131lar\u0131n kabul edilmemesi ya da \u00fclkeye [&hellip;]<\/p>\n","protected":false},"author":3,"featured_media":10907,"comment_status":"closed","ping_status":"open","sticky":false,"template":"","format":"standard","meta":{"footnotes":""},"categories":[14,16,3,17,18,15,19,2,1],"tags":[5132],"class_list":["post-10906","post","type-post","status-publish","format-standard","has-post-thumbnail","hentry","category-avrupa","category-belcika","category-dunya","category-ekonomi","category-kultur-sanat","category-spor","category-tanitim","category-turkiye","category-uncategorized","tag-14-gun-karantina-altinda-tutuluyorlar"],"yoast_head":"<!-- This site is optimized with the Yoast SEO plugin v26.9 - https:\/\/yoast.com\/product\/yoast-seo-wordpress\/ -->\n<title>14 G\u00fcn karantina alt\u0131nda tutuluyorlar\u2026 - AvrupaPress<\/title>\n<meta name=\"robots\" content=\"index, follow, max-snippet:-1, max-image-preview:large, max-video-preview:-1\" \/>\n<link rel=\"canonical\" href=\"https:\/\/avrupapress.com\/2020\/03\/19\/14-gun-karantina-altinda-tutuluyorlar\/\" \/>\n<meta property=\"og:locale\" content=\"fr_FR\" \/>\n<meta property=\"og:type\" content=\"article\" \/>\n<meta property=\"og:title\" content=\"14 G\u00fcn karantina alt\u0131nda tutuluyorlar\u2026 - AvrupaPress\" \/>\n<meta property=\"og:description\" content=\"T\u00fcrkiye Cumhuriyeti Br\u00fcksel B\u00fcy\u00fckel\u00e7ili\u011fi,&nbsp; Corona vir\u00fcs\u00fc(Covid 19) hakk\u0131nda,t\u00fcm d\u00fcnyada al\u0131nan tedbirlere ba\u011fl\u0131 olarak T\u00fcrkiye\u2019de al\u0131nan tedbirleri de hat\u0131rlatarak,T\u00fcrk vatanda\u015flar\u0131n\u0131 uyard\u0131..Yap\u0131lan duyuruyu okurlar\u0131m\u0131z ile payla\u015f\u0131yoruz: \u201cVATANDA\u015eLARIMIZA \u00d6NEML\u0130 DUYURUCOVID-19 salg\u0131n\u0131 nedeniyle pek \u00e7ok \u00fclkede, s\u0131n\u0131rlar\u0131n kapat\u0131lmas\u0131, hava ve karayolu ula\u015f\u0131mlar\u0131n\u0131n ask\u0131ya al\u0131nmas\u0131, \u00fclkelere giri\u015flerde sa\u011fl\u0131k raporu ibraz edilmesi, riskli b\u00f6lgelerden gelen yabanc\u0131lar\u0131n kabul edilmemesi ya da \u00fclkeye [&hellip;]\" \/>\n<meta property=\"og:url\" content=\"https:\/\/avrupapress.com\/2020\/03\/19\/14-gun-karantina-altinda-tutuluyorlar\/\" \/>\n<meta property=\"og:site_name\" content=\"AvrupaPress\" \/>\n<meta property=\"article:published_time\" content=\"2020-03-19T20:55:52+00:00\" \/>\n<meta property=\"article:modified_time\" content=\"2020-03-19T20:55:53+00:00\" \/>\n<meta property=\"og:image\" content=\"https:\/\/avrupapress.com\/wp-content\/uploads\/2020\/03\/corana-duyuru.jpg\" \/>\n\t<meta property=\"og:image:width\" content=\"770\" \/>\n\t<meta property=\"og:image:height\" content=\"419\" \/>\n\t<meta property=\"og:image:type\" content=\"image\/jpeg\" \/>\n<meta name=\"author\" content=\"Edit\u00f6r\" \/>\n<meta name=\"twitter:card\" content=\"summary_large_image\" \/>\n<meta name=\"twitter:label1\" content=\"\u00c9crit par\" \/>\n\t<meta name=\"twitter:data1\" content=\"Edit\u00f6r\" \/>\n\t<meta name=\"twitter:label2\" content=\"Dur\u00e9e de lecture est.\" \/>\n\t<meta name=\"twitter:data2\" content=\"1 minute\" \/>\n<script type=\"application\/ld+json\" class=\"yoast-schema-graph\">{\"@context\":\"https:\/\/schema.org\",\"@graph\":[{\"@type\":\"Article\",\"@id\":\"https:\/\/avrupapress.com\/2020\/03\/19\/14-gun-karantina-altinda-tutuluyorlar\/#article\",\"isPartOf\":{\"@id\":\"https:\/\/avrupapress.com\/2020\/03\/19\/14-gun-karantina-altinda-tutuluyorlar\/\"},\"author\":{\"name\":\"Edit\u00f6r\",\"@id\":\"https:\/\/avrupapress.com\/#\/schema\/person\/68428444ec60970d1e1b700cf4ca1e8f\"},\"headline\":\"14 G\u00fcn karantina alt\u0131nda tutuluyorlar\u2026\",\"datePublished\":\"2020-03-19T20:55:52+00:00\",\"dateModified\":\"2020-03-19T20:55:53+00:00\",\"mainEntityOfPage\":{\"@id\":\"https:\/\/avrupapress.com\/2020\/03\/19\/14-gun-karantina-altinda-tutuluyorlar\/\"},\"wordCount\":181,\"publisher\":{\"@id\":\"https:\/\/avrupapress.com\/#\/schema\/person\/0223dca19c72c43575bf30d1a2d8f4fa\"},\"image\":{\"@id\":\"https:\/\/avrupapress.com\/2020\/03\/19\/14-gun-karantina-altinda-tutuluyorlar\/#primaryimage\"},\"thumbnailUrl\":\"https:\/\/avrupapress.com\/main\/wp-content\/uploads\/2020\/03\/corana-duyuru.jpg\",\"keywords\":[\"14 G\u00fcn karantina alt\u0131nda tutuluyorlar\u2026\"],\"articleSection\":[\"Avrupa\",\"Bel\u00e7ika\",\"D\u00fcnya\",\"Ekonomi\",\"K\u00fclt\u00fcr-Sanat\",\"Spor\",\"Tan\u0131t\u0131m\",\"T\u00fcrkiye\",\"Uncategorized\"],\"inLanguage\":\"fr-BE\"},{\"@type\":\"WebPage\",\"@id\":\"https:\/\/avrupapress.com\/2020\/03\/19\/14-gun-karantina-altinda-tutuluyorlar\/\",\"url\":\"https:\/\/avrupapress.com\/2020\/03\/19\/14-gun-karantina-altinda-tutuluyorlar\/\",\"name\":\"14 G\u00fcn karantina alt\u0131nda tutuluyorlar\u2026 - AvrupaPress\",\"isPartOf\":{\"@id\":\"https:\/\/avrupapress.com\/#website\"},\"primaryImageOfPage\":{\"@id\":\"https:\/\/avrupapress.com\/2020\/03\/19\/14-gun-karantina-altinda-tutuluyorlar\/#primaryimage\"},\"image\":{\"@id\":\"https:\/\/avrupapress.com\/2020\/03\/19\/14-gun-karantina-altinda-tutuluyorlar\/#primaryimage\"},\"thumbnailUrl\":\"https:\/\/avrupapress.com\/main\/wp-content\/uploads\/2020\/03\/corana-duyuru.jpg\",\"datePublished\":\"2020-03-19T20:55:52+00:00\",\"dateModified\":\"2020-03-19T20:55:53+00:00\",\"breadcrumb\":{\"@id\":\"https:\/\/avrupapress.com\/2020\/03\/19\/14-gun-karantina-altinda-tutuluyorlar\/#breadcrumb\"},\"inLanguage\":\"fr-BE\",\"potentialAction\":[{\"@type\":\"ReadAction\",\"target\":[\"https:\/\/avrupapress.com\/2020\/03\/19\/14-gun-karantina-altinda-tutuluyorlar\/\"]}]},{\"@type\":\"ImageObject\",\"inLanguage\":\"fr-BE\",\"@id\":\"https:\/\/avrupapress.com\/2020\/03\/19\/14-gun-karantina-altinda-tutuluyorlar\/#primaryimage\",\"url\":\"https:\/\/avrupapress.com\/main\/wp-content\/uploads\/2020\/03\/corana-duyuru.jpg\",\"contentUrl\":\"https:\/\/avrupapress.com\/main\/wp-content\/uploads\/2020\/03\/corana-duyuru.jpg\",\"width\":770,\"height\":419},{\"@type\":\"BreadcrumbList\",\"@id\":\"https:\/\/avrupapress.com\/2020\/03\/19\/14-gun-karantina-altinda-tutuluyorlar\/#breadcrumb\",\"itemListElement\":[{\"@type\":\"ListItem\",\"position\":1,\"name\":\"Anasayfa\",\"item\":\"https:\/\/avrupapress.com\/\"},{\"@type\":\"ListItem\",\"position\":2,\"name\":\"14 G\u00fcn karantina alt\u0131nda tutuluyorlar\u2026\"}]},{\"@type\":\"WebSite\",\"@id\":\"https:\/\/avrupapress.com\/#website\",\"url\":\"https:\/\/avrupapress.com\/\",\"name\":\"AvrupaPress\",\"description\":\"Haberin Adresi\",\"publisher\":{\"@id\":\"https:\/\/avrupapress.com\/#\/schema\/person\/0223dca19c72c43575bf30d1a2d8f4fa\"},\"potentialAction\":[{\"@type\":\"SearchAction\",\"target\":{\"@type\":\"EntryPoint\",\"urlTemplate\":\"https:\/\/avrupapress.com\/?s={search_term_string}\"},\"query-input\":{\"@type\":\"PropertyValueSpecification\",\"valueRequired\":true,\"valueName\":\"search_term_string\"}}],\"inLanguage\":\"fr-BE\"},{\"@type\":[\"Person\",\"Organization\"],\"@id\":\"https:\/\/avrupapress.com\/#\/schema\/person\/0223dca19c72c43575bf30d1a2d8f4fa\",\"name\":\"Bilgin \u00d6z\u00e7ift\u00e7i\",\"image\":{\"@type\":\"ImageObject\",\"inLanguage\":\"fr-BE\",\"@id\":\"https:\/\/avrupapress.com\/#\/schema\/person\/image\/\",\"url\":\"https:\/\/secure.gravatar.com\/avatar\/0f23b280433a21e1ea7a0adcc46ed0ad16afe3ad8e630fd13d8a017dcbd54ef3?s=96&d=mm&r=g\",\"contentUrl\":\"https:\/\/secure.gravatar.com\/avatar\/0f23b280433a21e1ea7a0adcc46ed0ad16afe3ad8e630fd13d8a017dcbd54ef3?s=96&d=mm&r=g\",\"caption\":\"Bilgin \u00d6z\u00e7ift\u00e7i\"},\"logo\":{\"@id\":\"https:\/\/avrupapress.com\/#\/schema\/person\/image\/\"},\"description\":\"Ne ben, nede sen... Biz ancak \\\"biz\\\" olursak g\u00fc\u00e7l\u00fc olabiliriz\"},{\"@type\":\"Person\",\"@id\":\"https:\/\/avrupapress.com\/#\/schema\/person\/68428444ec60970d1e1b700cf4ca1e8f\",\"name\":\"Edit\u00f6r\",\"image\":{\"@type\":\"ImageObject\",\"inLanguage\":\"fr-BE\",\"@id\":\"https:\/\/avrupapress.com\/#\/schema\/person\/image\/\",\"url\":\"https:\/\/secure.gravatar.com\/avatar\/74996b0977aa5f1559ba9883776652508b229005c0d78fb2597897f0bd651c09?s=96&d=mm&r=g\",\"contentUrl\":\"https:\/\/secure.gravatar.com\/avatar\/74996b0977aa5f1559ba9883776652508b229005c0d78fb2597897f0bd651c09?s=96&d=mm&r=g\",\"caption\":\"Edit\u00f6r\"},\"sameAs\":[\"http:\/\/www.avrupapress.com\"],\"url\":\"https:\/\/avrupapress.com\/main\/author\/editor\/\"}]}<\/script>\n<!-- \/ Yoast SEO plugin. -->","yoast_head_json":{"title":"14 G\u00fcn karantina alt\u0131nda tutuluyorlar\u2026 - AvrupaPress","robots":{"index":"index","follow":"follow","max-snippet":"max-snippet:-1","max-image-preview":"max-image-preview:large","max-video-preview":"max-video-preview:-1"},"canonical":"https:\/\/avrupapress.com\/2020\/03\/19\/14-gun-karantina-altinda-tutuluyorlar\/","og_locale":"fr_FR","og_type":"article","og_title":"14 G\u00fcn karantina alt\u0131nda tutuluyorlar\u2026 - AvrupaPress","og_description":"T\u00fcrkiye Cumhuriyeti Br\u00fcksel B\u00fcy\u00fckel\u00e7ili\u011fi,&nbsp; Corona vir\u00fcs\u00fc(Covid 19) hakk\u0131nda,t\u00fcm d\u00fcnyada al\u0131nan tedbirlere ba\u011fl\u0131 olarak T\u00fcrkiye\u2019de al\u0131nan tedbirleri de hat\u0131rlatarak,T\u00fcrk vatanda\u015flar\u0131n\u0131 uyard\u0131..Yap\u0131lan duyuruyu okurlar\u0131m\u0131z ile payla\u015f\u0131yoruz: \u201cVATANDA\u015eLARIMIZA \u00d6NEML\u0130 DUYURUCOVID-19 salg\u0131n\u0131 nedeniyle pek \u00e7ok \u00fclkede, s\u0131n\u0131rlar\u0131n kapat\u0131lmas\u0131, hava ve karayolu ula\u015f\u0131mlar\u0131n\u0131n ask\u0131ya al\u0131nmas\u0131, \u00fclkelere giri\u015flerde sa\u011fl\u0131k raporu ibraz edilmesi, riskli b\u00f6lgelerden gelen yabanc\u0131lar\u0131n kabul edilmemesi ya da \u00fclkeye [&hellip;]","og_url":"https:\/\/avrupapress.com\/2020\/03\/19\/14-gun-karantina-altinda-tutuluyorlar\/","og_site_name":"AvrupaPress","article_published_time":"2020-03-19T20:55:52+00:00","article_modified_time":"2020-03-19T20:55:53+00:00","og_image":[{"width":770,"height":419,"url":"https:\/\/avrupapress.com\/wp-content\/uploads\/2020\/03\/corana-duyuru.jpg","type":"image\/jpeg"}],"author":"Edit\u00f6r","twitter_card":"summary_large_image","twitter_misc":{"\u00c9crit par":"Edit\u00f6r","Dur\u00e9e de lecture est.":"1 minute"},"schema":{"@context":"https:\/\/schema.org","@graph":[{"@type":"Article","@id":"https:\/\/avrupapress.com\/2020\/03\/19\/14-gun-karantina-altinda-tutuluyorlar\/#article","isPartOf":{"@id":"https:\/\/avrupapress.com\/2020\/03\/19\/14-gun-karantina-altinda-tutuluyorlar\/"},"author":{"name":"Edit\u00f6r","@id":"https:\/\/avrupapress.com\/#\/schema\/person\/68428444ec60970d1e1b700cf4ca1e8f"},"headline":"14 G\u00fcn karantina alt\u0131nda tutuluyorlar\u2026","datePublished":"2020-03-19T20:55:52+00:00","dateModified":"2020-03-19T20:55:53+00:00","mainEntityOfPage":{"@id":"https:\/\/avrupapress.com\/2020\/03\/19\/14-gun-karantina-altinda-tutuluyorlar\/"},"wordCount":181,"publisher":{"@id":"https:\/\/avrupapress.com\/#\/schema\/person\/0223dca19c72c43575bf30d1a2d8f4fa"},"image":{"@id":"https:\/\/avrupapress.com\/2020\/03\/19\/14-gun-karantina-altinda-tutuluyorlar\/#primaryimage"},"thumbnailUrl":"https:\/\/avrupapress.com\/main\/wp-content\/uploads\/2020\/03\/corana-duyuru.jpg","keywords":["14 G\u00fcn karantina alt\u0131nda tutuluyorlar\u2026"],"articleSection":["Avrupa","Bel\u00e7ika","D\u00fcnya","Ekonomi","K\u00fclt\u00fcr-Sanat","Spor","Tan\u0131t\u0131m","T\u00fcrkiye","Uncategorized"],"inLanguage":"fr-BE"},{"@type":"WebPage","@id":"https:\/\/avrupapress.com\/2020\/03\/19\/14-gun-karantina-altinda-tutuluyorlar\/","url":"https:\/\/avrupapress.com\/2020\/03\/19\/14-gun-karantina-altinda-tutuluyorlar\/","name":"14 G\u00fcn karantina alt\u0131nda tutuluyorlar\u2026 - AvrupaPress","isPartOf":{"@id":"https:\/\/avrupapress.com\/#website"},"primaryImageOfPage":{"@id":"https:\/\/avrupapress.com\/2020\/03\/19\/14-gun-karantina-altinda-tutuluyorlar\/#primaryimage"},"image":{"@id":"https:\/\/avrupapress.com\/2020\/03\/19\/14-gun-karantina-altinda-tutuluyorlar\/#primaryimage"},"thumbnailUrl":"https:\/\/avrupapress.com\/main\/wp-content\/uploads\/2020\/03\/corana-duyuru.jpg","datePublished":"2020-03-19T20:55:52+00:00","dateModified":"2020-03-19T20:55:53+00:00","breadcrumb":{"@id":"https:\/\/avrupapress.com\/2020\/03\/19\/14-gun-karantina-altinda-tutuluyorlar\/#breadcrumb"},"inLanguage":"fr-BE","potentialAction":[{"@type":"ReadAction","target":["https:\/\/avrupapress.com\/2020\/03\/19\/14-gun-karantina-altinda-tutuluyorlar\/"]}]},{"@type":"ImageObject","inLanguage":"fr-BE","@id":"https:\/\/avrupapress.com\/2020\/03\/19\/14-gun-karantina-altinda-tutuluyorlar\/#primaryimage","url":"https:\/\/avrupapress.com\/main\/wp-content\/uploads\/2020\/03\/corana-duyuru.jpg","contentUrl":"https:\/\/avrupapress.com\/main\/wp-content\/uploads\/2020\/03\/corana-duyuru.jpg","width":770,"height":419},{"@type":"BreadcrumbList","@id":"https:\/\/avrupapress.com\/2020\/03\/19\/14-gun-karantina-altinda-tutuluyorlar\/#breadcrumb","itemListElement":[{"@type":"ListItem","position":1,"name":"Anasayfa","item":"https:\/\/avrupapress.com\/"},{"@type":"ListItem","position":2,"name":"14 G\u00fcn karantina alt\u0131nda tutuluyorlar\u2026"}]},{"@type":"WebSite","@id":"https:\/\/avrupapress.com\/#website","url":"https:\/\/avrupapress.com\/","name":"AvrupaPress","description":"Haberin Adresi","publisher":{"@id":"https:\/\/avrupapress.com\/#\/schema\/person\/0223dca19c72c43575bf30d1a2d8f4fa"},"potentialAction":[{"@type":"SearchAction","target":{"@type":"EntryPoint","urlTemplate":"https:\/\/avrupapress.com\/?s={search_term_string}"},"query-input":{"@type":"PropertyValueSpecification","valueRequired":true,"valueName":"search_term_string"}}],"inLanguage":"fr-BE"},{"@type":["Person","Organization"],"@id":"https:\/\/avrupapress.com\/#\/schema\/person\/0223dca19c72c43575bf30d1a2d8f4fa","name":"Bilgin \u00d6z\u00e7ift\u00e7i","image":{"@type":"ImageObject","inLanguage":"fr-BE","@id":"https:\/\/avrupapress.com\/#\/schema\/person\/image\/","url":"https:\/\/secure.gravatar.com\/avatar\/0f23b280433a21e1ea7a0adcc46ed0ad16afe3ad8e630fd13d8a017dcbd54ef3?s=96&d=mm&r=g","contentUrl":"https:\/\/secure.gravatar.com\/avatar\/0f23b280433a21e1ea7a0adcc46ed0ad16afe3ad8e630fd13d8a017dcbd54ef3?s=96&d=mm&r=g","caption":"Bilgin \u00d6z\u00e7ift\u00e7i"},"logo":{"@id":"https:\/\/avrupapress.com\/#\/schema\/person\/image\/"},"description":"Ne ben, nede sen... Biz ancak \"biz\" olursak g\u00fc\u00e7l\u00fc olabiliriz"},{"@type":"Person","@id":"https:\/\/avrupapress.com\/#\/schema\/person\/68428444ec60970d1e1b700cf4ca1e8f","name":"Edit\u00f6r","image":{"@type":"ImageObject","inLanguage":"fr-BE","@id":"https:\/\/avrupapress.com\/#\/schema\/person\/image\/","url":"https:\/\/secure.gravatar.com\/avatar\/74996b0977aa5f1559ba9883776652508b229005c0d78fb2597897f0bd651c09?s=96&d=mm&r=g","contentUrl":"https:\/\/secure.gravatar.com\/avatar\/74996b0977aa5f1559ba9883776652508b229005c0d78fb2597897f0bd651c09?s=96&d=mm&r=g","caption":"Edit\u00f6r"},"sameAs":["http:\/\/www.avrupapress.com"],"url":"https:\/\/avrupapress.com\/main\/author\/editor\/"}]}},"_links":{"self":[{"href":"https:\/\/avrupapress.com\/main\/wp-json\/wp\/v2\/posts\/10906","targetHints":{"allow":["GET"]}}],"collection":[{"href":"https:\/\/avrupapress.com\/main\/wp-json\/wp\/v2\/posts"}],"about":[{"href":"https:\/\/avrupapress.com\/main\/wp-json\/wp\/v2\/types\/post"}],"author":[{"embeddable":true,"href":"https:\/\/avrupapress.com\/main\/wp-json\/wp\/v2\/users\/3"}],"replies":[{"embeddable":true,"href":"https:\/\/avrupapress.com\/main\/wp-json\/wp\/v2\/comments?post=10906"}],"version-history":[{"count":1,"href":"https:\/\/avrupapress.com\/main\/wp-json\/wp\/v2\/posts\/10906\/revisions"}],"predecessor-version":[{"id":10908,"href":"https:\/\/avrupapress.com\/main\/wp-json\/wp\/v2\/posts\/10906\/revisions\/10908"}],"wp:featuredmedia":[{"embeddable":true,"href":"https:\/\/avrupapress.com\/main\/wp-json\/wp\/v2\/media\/10907"}],"wp:attachment":[{"href":"https:\/\/avrupapress.com\/main\/wp-json\/wp\/v2\/media?parent=10906"}],"wp:term":[{"taxonomy":"category","embeddable":true,"href":"https:\/\/avrupapress.com\/main\/wp-json\/wp\/v2\/categories?post=10906"},{"taxonomy":"post_tag","embeddable":true,"href":"https:\/\/avrupapress.com\/main\/wp-json\/wp\/v2\/tags?post=10906"}],"curies":[{"name":"wp","href":"https:\/\/api.w.org\/{rel}","templated":true}]}}