{"id":10901,"date":"2020-03-18T20:56:51","date_gmt":"2020-03-18T20:56:51","guid":{"rendered":"http:\/\/avrupapress.com\/main\/?p=10901"},"modified":"2020-03-18T20:56:54","modified_gmt":"2020-03-18T20:56:54","slug":"ab-ucuncu-ulke-vatandaslarinin-avrupaya-girisini-yasakladi","status":"publish","type":"post","link":"https:\/\/avrupapress.com\/main\/2020\/03\/18\/ab-ucuncu-ulke-vatandaslarinin-avrupaya-girisini-yasakladi\/","title":{"rendered":"AB, \u00fc\u00e7\u00fcnc\u00fc \u00fclke vatanda\u015flar\u0131n\u0131n Avrupa&rsquo;ya giri\u015fini yasaklad\u0131"},"content":{"rendered":"\n<p><strong>AB liderleri, \u00fc\u00e7\u00fcnc\u00fc \u00fclke vatanda\u015flar\u0131n\u0131n AB \u00fcyesi \u00fclkelere ve Schengen b\u00f6lgesine yapacaklar\u0131 \u00ab\u00a0gerekli olmayan\u00a0\u00bb seyahatlerine 30 g\u00fcnl\u00fck ge\u00e7ici k\u0131s\u0131tlama getiren d\u00fczenlemeyi onaylad\u0131.<\/strong><\/p>\n\n\n\n<p>Avrupa Birli\u011fi (AB) liderleri, \u00fc\u00e7\u00fcnc\u00fc \u00fclke vatanda\u015flar\u0131n\u0131n AB \u00fcyesi \u00fclkelere ve Schengen b\u00f6lgesine yapacaklar\u0131 \u00ab\u00a0gerekli olmayan\u00a0\u00bb seyahatlere 30 g\u00fcnl\u00fck ge\u00e7ici k\u0131s\u0131tlama getiren d\u00fczenlemeyi onaylad\u0131.<\/p>\n\n\n\n<p>AB Konseyi Ba\u015fkan\u0131 Charles Michel ve AB Komisyonu Ba\u015fkan\u0131 Ursula von der Leyen, telekonferans y\u00f6ntemiyle yap\u0131lan AB liderler toplant\u0131s\u0131n\u0131n ard\u0131ndan bas\u0131n toplant\u0131s\u0131 d\u00fczenledi.<\/p>\n\n\n\n<p>Michel, bug\u00fcnk\u00fc toplant\u0131da liderlerin AB&rsquo;nin d\u0131\u015f s\u0131n\u0131rlar\u0131n\u0131 kapatmas\u0131 y\u00f6n\u00fcndeki d\u00fczenlemeyi onaylad\u0131klar\u0131n\u0131 belirterek, yeni tip koronavir\u00fcs (Kovid-19) nedeniyle \u00fc\u00e7\u00fcnc\u00fc \u00fclke vatanda\u015flar\u0131n\u0131n AB \u00fcyesi \u00fclkelerin ve AB \u00fcyesi olmay\u0131p Schengen B\u00f6lgesi&rsquo;nde olan \u00fclkelerin d\u0131\u015f s\u0131n\u0131rlar\u0131ndan giri\u015flerine 30 g\u00fcnl\u00fck k\u0131s\u0131tlama getirildi\u011fini duyurdu.<\/p>\n\n\n\n<p>\u00d6te yandan, AB Komisyonu taraf\u0131ndan haz\u0131rlanan d\u00fczenlemede, AB veya AB d\u0131\u015f\u0131ndaki Schengen \u00fclkelerinde oturum veya \u00e7al\u0131\u015fma izni olan ki\u015filerin, Kovid-19 ile ilgili \u00e7al\u0131\u015fma y\u00fcr\u00fcten bilim insanlar\u0131 ve sa\u011fl\u0131k \u00e7al\u0131\u015fanlar\u0131n\u0131n muaf olaca\u011f\u0131 belirtilmi\u015fti.<\/p>\n\n\n\n<h3 class=\"wp-block-heading\">\u00ab\u00a0NE GEREK\u0130YORSA YAPACA\u011eIZ\u00a0\u00bb<\/h3>\n\n\n\n<p>Kovid-19&rsquo;un tedavisine ili\u015fkin bilimsel ara\u015ft\u0131rmalar\u0131 da destekleyeceklerini vurgulayan Michel, a\u015f\u0131 geli\u015ftirilmesi \u00e7al\u0131\u015fmalar\u0131na h\u0131z verilece\u011fini s\u00f6yledi.<\/p>\n\n\n\n<p>Michel, AB ve \u00fcye \u00fclkelerin mevcut krizi a\u015fmak i\u00e7in \u00ab\u00a0ne gerekiyorsa yapaca\u011f\u0131n\u0131\u00a0\u00bb belirterek, gelecek hafta per\u015fembe ve cuma g\u00fcn\u00fc Br\u00fcksel&rsquo;de yap\u0131lmas\u0131 planlanan AB Liderler Zirvesi&rsquo;nin d\u00fczenlenmeyece\u011fini, bu zirveyi telekonferans y\u00f6ntemiyle yapacaklar\u0131n\u0131 ifade etti.<\/p>\n\n\n\n<h3 class=\"wp-block-heading\">\u00ab\u00a0\u0130\u00c7 SINIRLARDAK\u0130 BLOKAJIN A\u00c7ILMASI \u00c7OK \u00d6NEML\u0130\u00a0\u00bb<\/h3>\n\n\n\n<p>AB Komisyonu Ba\u015fkan\u0131 Ursula von der Leyen de AB \u00fcyesi \u00fclke liderlerinin Kovid-19 ile m\u00fccadele kapsam\u0131nda d\u0131\u015f s\u0131n\u0131rlar\u0131n kapat\u0131lmas\u0131, ekonominin desteklenmesi, ortak kamu al\u0131mlar\u0131 yap\u0131lmas\u0131 ve ara\u015ft\u0131rmalar\u0131n desteklenmesini i\u00e7eren paketleri kabul ettiklerini s\u00f6yledi.<\/p>\n\n\n\n<p>AB&rsquo;nin d\u0131\u015f s\u0131n\u0131rlar\u0131nda giri\u015flerin ge\u00e7ici bi\u00e7imde s\u0131n\u0131rland\u0131r\u0131lmas\u0131n\u0131n liderlerden destek ald\u0131\u011f\u0131n\u0131 vurgulayan von der Leyen, \u00ab\u00a0Toplant\u0131da \u00f6nemli bir konu da i\u00e7 s\u0131n\u0131rlar ve ya\u015fanan t\u0131kan\u0131kl\u0131klard\u0131. Bu i\u00e7 s\u0131n\u0131rlardaki blokaj\u0131n a\u00e7\u0131lmas\u0131 \u00e7ok \u00f6nemli. Avrupal\u0131lar, di\u011fer \u00fclkelerdeki evlerine giderken sorun ya\u015f\u0131yorlar. S\u0131n\u0131rlarda trafik ya\u015fan\u0131yor. Mal transferinde de s\u0131k\u0131nt\u0131lar oluyor. Bu mallar\u0131n h\u0131zl\u0131 iletimi i\u00e7 piyasan\u0131n i\u015fleyi\u015fi i\u00e7in \u00e7ok \u00f6nemli.\u00a0\u00bb diye konu\u015ftu.<\/p>\n\n\n\n<p>Von der Leyen, salg\u0131n\u0131n ekonomik etkilerinin \u00ab\u00a0a\u015f\u0131r\u0131 ciddi\u00a0\u00bb oldu\u011funa i\u015faret ederek, vatanda\u015flar\u0131 ve ekonomileri vir\u00fcs\u00fcn etkilerinden korumak i\u00e7in gerekli b\u00fct\u00fcn ad\u0131mlar\u0131n at\u0131laca\u011f\u0131n\u0131 kaydetti.<\/p>\n\n\n\n<figure class=\"wp-block-image is-resized\"><img loading=\"lazy\" decoding=\"async\" src=\"https:\/\/foto.haberler.com\/haber\/2020\/03\/17\/avrupa-birligi-ucuncu-ulke-vatandaslarinin-ab-ye-13024672_2814_o.jpg\" alt=\"Son dakika: AB, \u00fc\u00e7\u00fcnc\u00fc \u00fclke vatanda\u015flar\u0131n\u0131n Avrupa'ya giri\u015fini yasaklad\u0131\" width=\"580\" height=\"327\"\/><\/figure>\n\n\n\n<p><strong>Bilgin Ozcifci \/ AVRUPAPRESS<\/strong><\/p>\n","protected":false},"excerpt":{"rendered":"<p>AB liderleri, \u00fc\u00e7\u00fcnc\u00fc \u00fclke vatanda\u015flar\u0131n\u0131n AB \u00fcyesi \u00fclkelere ve Schengen b\u00f6lgesine yapacaklar\u0131 \u00ab\u00a0gerekli olmayan\u00a0\u00bb seyahatlerine 30 g\u00fcnl\u00fck ge\u00e7ici k\u0131s\u0131tlama getiren d\u00fczenlemeyi onaylad\u0131. Avrupa Birli\u011fi (AB) liderleri, \u00fc\u00e7\u00fcnc\u00fc \u00fclke vatanda\u015flar\u0131n\u0131n AB \u00fcyesi \u00fclkelere ve Schengen b\u00f6lgesine yapacaklar\u0131 \u00ab\u00a0gerekli olmayan\u00a0\u00bb seyahatlere 30 g\u00fcnl\u00fck ge\u00e7ici k\u0131s\u0131tlama getiren d\u00fczenlemeyi onaylad\u0131. AB Konseyi Ba\u015fkan\u0131 Charles Michel ve AB Komisyonu Ba\u015fkan\u0131 [&hellip;]<\/p>\n","protected":false},"author":3,"featured_media":10902,"comment_status":"closed","ping_status":"open","sticky":false,"template":"","format":"standard","meta":{"footnotes":""},"categories":[14,16,3,17,18,15,19,2,1],"tags":[78],"class_list":["post-10901","post","type-post","status-publish","format-standard","has-post-thumbnail","hentry","category-avrupa","category-belcika","category-dunya","category-ekonomi","category-kultur-sanat","category-spor","category-tanitim","category-turkiye","category-uncategorized","tag-ab"],"yoast_head":"<!-- This site is optimized with the Yoast SEO plugin v26.9 - https:\/\/yoast.com\/product\/yoast-seo-wordpress\/ -->\n<title>AB, \u00fc\u00e7\u00fcnc\u00fc \u00fclke vatanda\u015flar\u0131n\u0131n Avrupa&#039;ya giri\u015fini yasaklad\u0131 - AvrupaPress<\/title>\n<meta name=\"robots\" content=\"index, follow, max-snippet:-1, max-image-preview:large, max-video-preview:-1\" \/>\n<link rel=\"canonical\" href=\"https:\/\/avrupapress.com\/2020\/03\/18\/ab-ucuncu-ulke-vatandaslarinin-avrupaya-girisini-yasakladi\/\" \/>\n<meta property=\"og:locale\" content=\"fr_FR\" \/>\n<meta property=\"og:type\" content=\"article\" \/>\n<meta property=\"og:title\" content=\"AB, \u00fc\u00e7\u00fcnc\u00fc \u00fclke vatanda\u015flar\u0131n\u0131n Avrupa&#039;ya giri\u015fini yasaklad\u0131 - AvrupaPress\" \/>\n<meta property=\"og:description\" content=\"AB liderleri, \u00fc\u00e7\u00fcnc\u00fc \u00fclke vatanda\u015flar\u0131n\u0131n AB \u00fcyesi \u00fclkelere ve Schengen b\u00f6lgesine yapacaklar\u0131 \u00ab\u00a0gerekli olmayan\u00a0\u00bb seyahatlerine 30 g\u00fcnl\u00fck ge\u00e7ici k\u0131s\u0131tlama getiren d\u00fczenlemeyi onaylad\u0131. Avrupa Birli\u011fi (AB) liderleri, \u00fc\u00e7\u00fcnc\u00fc \u00fclke vatanda\u015flar\u0131n\u0131n AB \u00fcyesi \u00fclkelere ve Schengen b\u00f6lgesine yapacaklar\u0131 \u00ab\u00a0gerekli olmayan\u00a0\u00bb seyahatlere 30 g\u00fcnl\u00fck ge\u00e7ici k\u0131s\u0131tlama getiren d\u00fczenlemeyi onaylad\u0131. AB Konseyi Ba\u015fkan\u0131 Charles Michel ve AB Komisyonu Ba\u015fkan\u0131 [&hellip;]\" \/>\n<meta property=\"og:url\" content=\"https:\/\/avrupapress.com\/2020\/03\/18\/ab-ucuncu-ulke-vatandaslarinin-avrupaya-girisini-yasakladi\/\" \/>\n<meta property=\"og:site_name\" content=\"AvrupaPress\" \/>\n<meta property=\"article:published_time\" content=\"2020-03-18T20:56:51+00:00\" \/>\n<meta property=\"article:modified_time\" content=\"2020-03-18T20:56:54+00:00\" \/>\n<meta property=\"og:image\" content=\"https:\/\/avrupapress.com\/wp-content\/uploads\/2020\/03\/avrupa-birligi-ucuncu-ulke-vatandaslarinin-ab-ye-13024672_2814_o.jpg\" \/>\n\t<meta property=\"og:image:width\" content=\"640\" \/>\n\t<meta property=\"og:image:height\" content=\"361\" \/>\n\t<meta property=\"og:image:type\" content=\"image\/jpeg\" \/>\n<meta name=\"author\" content=\"Edit\u00f6r\" \/>\n<meta name=\"twitter:card\" content=\"summary_large_image\" \/>\n<meta name=\"twitter:label1\" content=\"\u00c9crit par\" \/>\n\t<meta name=\"twitter:data1\" content=\"Edit\u00f6r\" \/>\n\t<meta name=\"twitter:label2\" content=\"Dur\u00e9e de lecture est.\" \/>\n\t<meta name=\"twitter:data2\" content=\"2 minutes\" \/>\n<script type=\"application\/ld+json\" class=\"yoast-schema-graph\">{\"@context\":\"https:\/\/schema.org\",\"@graph\":[{\"@type\":\"Article\",\"@id\":\"https:\/\/avrupapress.com\/2020\/03\/18\/ab-ucuncu-ulke-vatandaslarinin-avrupaya-girisini-yasakladi\/#article\",\"isPartOf\":{\"@id\":\"https:\/\/avrupapress.com\/2020\/03\/18\/ab-ucuncu-ulke-vatandaslarinin-avrupaya-girisini-yasakladi\/\"},\"author\":{\"name\":\"Edit\u00f6r\",\"@id\":\"https:\/\/avrupapress.com\/#\/schema\/person\/68428444ec60970d1e1b700cf4ca1e8f\"},\"headline\":\"AB, \u00fc\u00e7\u00fcnc\u00fc \u00fclke vatanda\u015flar\u0131n\u0131n Avrupa&rsquo;ya giri\u015fini yasaklad\u0131\",\"datePublished\":\"2020-03-18T20:56:51+00:00\",\"dateModified\":\"2020-03-18T20:56:54+00:00\",\"mainEntityOfPage\":{\"@id\":\"https:\/\/avrupapress.com\/2020\/03\/18\/ab-ucuncu-ulke-vatandaslarinin-avrupaya-girisini-yasakladi\/\"},\"wordCount\":487,\"publisher\":{\"@id\":\"https:\/\/avrupapress.com\/#\/schema\/person\/0223dca19c72c43575bf30d1a2d8f4fa\"},\"image\":{\"@id\":\"https:\/\/avrupapress.com\/2020\/03\/18\/ab-ucuncu-ulke-vatandaslarinin-avrupaya-girisini-yasakladi\/#primaryimage\"},\"thumbnailUrl\":\"https:\/\/avrupapress.com\/main\/wp-content\/uploads\/2020\/03\/avrupa-birligi-ucuncu-ulke-vatandaslarinin-ab-ye-13024672_2814_o.jpg\",\"keywords\":[\"AB\"],\"articleSection\":[\"Avrupa\",\"Bel\u00e7ika\",\"D\u00fcnya\",\"Ekonomi\",\"K\u00fclt\u00fcr-Sanat\",\"Spor\",\"Tan\u0131t\u0131m\",\"T\u00fcrkiye\",\"Uncategorized\"],\"inLanguage\":\"fr-BE\"},{\"@type\":\"WebPage\",\"@id\":\"https:\/\/avrupapress.com\/2020\/03\/18\/ab-ucuncu-ulke-vatandaslarinin-avrupaya-girisini-yasakladi\/\",\"url\":\"https:\/\/avrupapress.com\/2020\/03\/18\/ab-ucuncu-ulke-vatandaslarinin-avrupaya-girisini-yasakladi\/\",\"name\":\"AB, \u00fc\u00e7\u00fcnc\u00fc \u00fclke vatanda\u015flar\u0131n\u0131n Avrupa'ya giri\u015fini yasaklad\u0131 - AvrupaPress\",\"isPartOf\":{\"@id\":\"https:\/\/avrupapress.com\/#website\"},\"primaryImageOfPage\":{\"@id\":\"https:\/\/avrupapress.com\/2020\/03\/18\/ab-ucuncu-ulke-vatandaslarinin-avrupaya-girisini-yasakladi\/#primaryimage\"},\"image\":{\"@id\":\"https:\/\/avrupapress.com\/2020\/03\/18\/ab-ucuncu-ulke-vatandaslarinin-avrupaya-girisini-yasakladi\/#primaryimage\"},\"thumbnailUrl\":\"https:\/\/avrupapress.com\/main\/wp-content\/uploads\/2020\/03\/avrupa-birligi-ucuncu-ulke-vatandaslarinin-ab-ye-13024672_2814_o.jpg\",\"datePublished\":\"2020-03-18T20:56:51+00:00\",\"dateModified\":\"2020-03-18T20:56:54+00:00\",\"breadcrumb\":{\"@id\":\"https:\/\/avrupapress.com\/2020\/03\/18\/ab-ucuncu-ulke-vatandaslarinin-avrupaya-girisini-yasakladi\/#breadcrumb\"},\"inLanguage\":\"fr-BE\",\"potentialAction\":[{\"@type\":\"ReadAction\",\"target\":[\"https:\/\/avrupapress.com\/2020\/03\/18\/ab-ucuncu-ulke-vatandaslarinin-avrupaya-girisini-yasakladi\/\"]}]},{\"@type\":\"ImageObject\",\"inLanguage\":\"fr-BE\",\"@id\":\"https:\/\/avrupapress.com\/2020\/03\/18\/ab-ucuncu-ulke-vatandaslarinin-avrupaya-girisini-yasakladi\/#primaryimage\",\"url\":\"https:\/\/avrupapress.com\/main\/wp-content\/uploads\/2020\/03\/avrupa-birligi-ucuncu-ulke-vatandaslarinin-ab-ye-13024672_2814_o.jpg\",\"contentUrl\":\"https:\/\/avrupapress.com\/main\/wp-content\/uploads\/2020\/03\/avrupa-birligi-ucuncu-ulke-vatandaslarinin-ab-ye-13024672_2814_o.jpg\",\"width\":640,\"height\":361},{\"@type\":\"BreadcrumbList\",\"@id\":\"https:\/\/avrupapress.com\/2020\/03\/18\/ab-ucuncu-ulke-vatandaslarinin-avrupaya-girisini-yasakladi\/#breadcrumb\",\"itemListElement\":[{\"@type\":\"ListItem\",\"position\":1,\"name\":\"Anasayfa\",\"item\":\"https:\/\/avrupapress.com\/\"},{\"@type\":\"ListItem\",\"position\":2,\"name\":\"AB, \u00fc\u00e7\u00fcnc\u00fc \u00fclke vatanda\u015flar\u0131n\u0131n Avrupa&#8217;ya giri\u015fini yasaklad\u0131\"}]},{\"@type\":\"WebSite\",\"@id\":\"https:\/\/avrupapress.com\/#website\",\"url\":\"https:\/\/avrupapress.com\/\",\"name\":\"AvrupaPress\",\"description\":\"Haberin Adresi\",\"publisher\":{\"@id\":\"https:\/\/avrupapress.com\/#\/schema\/person\/0223dca19c72c43575bf30d1a2d8f4fa\"},\"potentialAction\":[{\"@type\":\"SearchAction\",\"target\":{\"@type\":\"EntryPoint\",\"urlTemplate\":\"https:\/\/avrupapress.com\/?s={search_term_string}\"},\"query-input\":{\"@type\":\"PropertyValueSpecification\",\"valueRequired\":true,\"valueName\":\"search_term_string\"}}],\"inLanguage\":\"fr-BE\"},{\"@type\":[\"Person\",\"Organization\"],\"@id\":\"https:\/\/avrupapress.com\/#\/schema\/person\/0223dca19c72c43575bf30d1a2d8f4fa\",\"name\":\"Bilgin \u00d6z\u00e7ift\u00e7i\",\"image\":{\"@type\":\"ImageObject\",\"inLanguage\":\"fr-BE\",\"@id\":\"https:\/\/avrupapress.com\/#\/schema\/person\/image\/\",\"url\":\"https:\/\/secure.gravatar.com\/avatar\/0f23b280433a21e1ea7a0adcc46ed0ad16afe3ad8e630fd13d8a017dcbd54ef3?s=96&d=mm&r=g\",\"contentUrl\":\"https:\/\/secure.gravatar.com\/avatar\/0f23b280433a21e1ea7a0adcc46ed0ad16afe3ad8e630fd13d8a017dcbd54ef3?s=96&d=mm&r=g\",\"caption\":\"Bilgin \u00d6z\u00e7ift\u00e7i\"},\"logo\":{\"@id\":\"https:\/\/avrupapress.com\/#\/schema\/person\/image\/\"},\"description\":\"Ne ben, nede sen... Biz ancak \\\"biz\\\" olursak g\u00fc\u00e7l\u00fc olabiliriz\"},{\"@type\":\"Person\",\"@id\":\"https:\/\/avrupapress.com\/#\/schema\/person\/68428444ec60970d1e1b700cf4ca1e8f\",\"name\":\"Edit\u00f6r\",\"image\":{\"@type\":\"ImageObject\",\"inLanguage\":\"fr-BE\",\"@id\":\"https:\/\/avrupapress.com\/#\/schema\/person\/image\/\",\"url\":\"https:\/\/secure.gravatar.com\/avatar\/74996b0977aa5f1559ba9883776652508b229005c0d78fb2597897f0bd651c09?s=96&d=mm&r=g\",\"contentUrl\":\"https:\/\/secure.gravatar.com\/avatar\/74996b0977aa5f1559ba9883776652508b229005c0d78fb2597897f0bd651c09?s=96&d=mm&r=g\",\"caption\":\"Edit\u00f6r\"},\"sameAs\":[\"http:\/\/www.avrupapress.com\"],\"url\":\"https:\/\/avrupapress.com\/main\/author\/editor\/\"}]}<\/script>\n<!-- \/ Yoast SEO plugin. -->","yoast_head_json":{"title":"AB, \u00fc\u00e7\u00fcnc\u00fc \u00fclke vatanda\u015flar\u0131n\u0131n Avrupa'ya giri\u015fini yasaklad\u0131 - AvrupaPress","robots":{"index":"index","follow":"follow","max-snippet":"max-snippet:-1","max-image-preview":"max-image-preview:large","max-video-preview":"max-video-preview:-1"},"canonical":"https:\/\/avrupapress.com\/2020\/03\/18\/ab-ucuncu-ulke-vatandaslarinin-avrupaya-girisini-yasakladi\/","og_locale":"fr_FR","og_type":"article","og_title":"AB, \u00fc\u00e7\u00fcnc\u00fc \u00fclke vatanda\u015flar\u0131n\u0131n Avrupa'ya giri\u015fini yasaklad\u0131 - AvrupaPress","og_description":"AB liderleri, \u00fc\u00e7\u00fcnc\u00fc \u00fclke vatanda\u015flar\u0131n\u0131n AB \u00fcyesi \u00fclkelere ve Schengen b\u00f6lgesine yapacaklar\u0131 \u00ab\u00a0gerekli olmayan\u00a0\u00bb seyahatlerine 30 g\u00fcnl\u00fck ge\u00e7ici k\u0131s\u0131tlama getiren d\u00fczenlemeyi onaylad\u0131. Avrupa Birli\u011fi (AB) liderleri, \u00fc\u00e7\u00fcnc\u00fc \u00fclke vatanda\u015flar\u0131n\u0131n AB \u00fcyesi \u00fclkelere ve Schengen b\u00f6lgesine yapacaklar\u0131 \u00ab\u00a0gerekli olmayan\u00a0\u00bb seyahatlere 30 g\u00fcnl\u00fck ge\u00e7ici k\u0131s\u0131tlama getiren d\u00fczenlemeyi onaylad\u0131. AB Konseyi Ba\u015fkan\u0131 Charles Michel ve AB Komisyonu Ba\u015fkan\u0131 [&hellip;]","og_url":"https:\/\/avrupapress.com\/2020\/03\/18\/ab-ucuncu-ulke-vatandaslarinin-avrupaya-girisini-yasakladi\/","og_site_name":"AvrupaPress","article_published_time":"2020-03-18T20:56:51+00:00","article_modified_time":"2020-03-18T20:56:54+00:00","og_image":[{"width":640,"height":361,"url":"https:\/\/avrupapress.com\/wp-content\/uploads\/2020\/03\/avrupa-birligi-ucuncu-ulke-vatandaslarinin-ab-ye-13024672_2814_o.jpg","type":"image\/jpeg"}],"author":"Edit\u00f6r","twitter_card":"summary_large_image","twitter_misc":{"\u00c9crit par":"Edit\u00f6r","Dur\u00e9e de lecture est.":"2 minutes"},"schema":{"@context":"https:\/\/schema.org","@graph":[{"@type":"Article","@id":"https:\/\/avrupapress.com\/2020\/03\/18\/ab-ucuncu-ulke-vatandaslarinin-avrupaya-girisini-yasakladi\/#article","isPartOf":{"@id":"https:\/\/avrupapress.com\/2020\/03\/18\/ab-ucuncu-ulke-vatandaslarinin-avrupaya-girisini-yasakladi\/"},"author":{"name":"Edit\u00f6r","@id":"https:\/\/avrupapress.com\/#\/schema\/person\/68428444ec60970d1e1b700cf4ca1e8f"},"headline":"AB, \u00fc\u00e7\u00fcnc\u00fc \u00fclke vatanda\u015flar\u0131n\u0131n Avrupa&rsquo;ya giri\u015fini yasaklad\u0131","datePublished":"2020-03-18T20:56:51+00:00","dateModified":"2020-03-18T20:56:54+00:00","mainEntityOfPage":{"@id":"https:\/\/avrupapress.com\/2020\/03\/18\/ab-ucuncu-ulke-vatandaslarinin-avrupaya-girisini-yasakladi\/"},"wordCount":487,"publisher":{"@id":"https:\/\/avrupapress.com\/#\/schema\/person\/0223dca19c72c43575bf30d1a2d8f4fa"},"image":{"@id":"https:\/\/avrupapress.com\/2020\/03\/18\/ab-ucuncu-ulke-vatandaslarinin-avrupaya-girisini-yasakladi\/#primaryimage"},"thumbnailUrl":"https:\/\/avrupapress.com\/main\/wp-content\/uploads\/2020\/03\/avrupa-birligi-ucuncu-ulke-vatandaslarinin-ab-ye-13024672_2814_o.jpg","keywords":["AB"],"articleSection":["Avrupa","Bel\u00e7ika","D\u00fcnya","Ekonomi","K\u00fclt\u00fcr-Sanat","Spor","Tan\u0131t\u0131m","T\u00fcrkiye","Uncategorized"],"inLanguage":"fr-BE"},{"@type":"WebPage","@id":"https:\/\/avrupapress.com\/2020\/03\/18\/ab-ucuncu-ulke-vatandaslarinin-avrupaya-girisini-yasakladi\/","url":"https:\/\/avrupapress.com\/2020\/03\/18\/ab-ucuncu-ulke-vatandaslarinin-avrupaya-girisini-yasakladi\/","name":"AB, \u00fc\u00e7\u00fcnc\u00fc \u00fclke vatanda\u015flar\u0131n\u0131n Avrupa'ya giri\u015fini yasaklad\u0131 - AvrupaPress","isPartOf":{"@id":"https:\/\/avrupapress.com\/#website"},"primaryImageOfPage":{"@id":"https:\/\/avrupapress.com\/2020\/03\/18\/ab-ucuncu-ulke-vatandaslarinin-avrupaya-girisini-yasakladi\/#primaryimage"},"image":{"@id":"https:\/\/avrupapress.com\/2020\/03\/18\/ab-ucuncu-ulke-vatandaslarinin-avrupaya-girisini-yasakladi\/#primaryimage"},"thumbnailUrl":"https:\/\/avrupapress.com\/main\/wp-content\/uploads\/2020\/03\/avrupa-birligi-ucuncu-ulke-vatandaslarinin-ab-ye-13024672_2814_o.jpg","datePublished":"2020-03-18T20:56:51+00:00","dateModified":"2020-03-18T20:56:54+00:00","breadcrumb":{"@id":"https:\/\/avrupapress.com\/2020\/03\/18\/ab-ucuncu-ulke-vatandaslarinin-avrupaya-girisini-yasakladi\/#breadcrumb"},"inLanguage":"fr-BE","potentialAction":[{"@type":"ReadAction","target":["https:\/\/avrupapress.com\/2020\/03\/18\/ab-ucuncu-ulke-vatandaslarinin-avrupaya-girisini-yasakladi\/"]}]},{"@type":"ImageObject","inLanguage":"fr-BE","@id":"https:\/\/avrupapress.com\/2020\/03\/18\/ab-ucuncu-ulke-vatandaslarinin-avrupaya-girisini-yasakladi\/#primaryimage","url":"https:\/\/avrupapress.com\/main\/wp-content\/uploads\/2020\/03\/avrupa-birligi-ucuncu-ulke-vatandaslarinin-ab-ye-13024672_2814_o.jpg","contentUrl":"https:\/\/avrupapress.com\/main\/wp-content\/uploads\/2020\/03\/avrupa-birligi-ucuncu-ulke-vatandaslarinin-ab-ye-13024672_2814_o.jpg","width":640,"height":361},{"@type":"BreadcrumbList","@id":"https:\/\/avrupapress.com\/2020\/03\/18\/ab-ucuncu-ulke-vatandaslarinin-avrupaya-girisini-yasakladi\/#breadcrumb","itemListElement":[{"@type":"ListItem","position":1,"name":"Anasayfa","item":"https:\/\/avrupapress.com\/"},{"@type":"ListItem","position":2,"name":"AB, \u00fc\u00e7\u00fcnc\u00fc \u00fclke vatanda\u015flar\u0131n\u0131n Avrupa&#8217;ya giri\u015fini yasaklad\u0131"}]},{"@type":"WebSite","@id":"https:\/\/avrupapress.com\/#website","url":"https:\/\/avrupapress.com\/","name":"AvrupaPress","description":"Haberin Adresi","publisher":{"@id":"https:\/\/avrupapress.com\/#\/schema\/person\/0223dca19c72c43575bf30d1a2d8f4fa"},"potentialAction":[{"@type":"SearchAction","target":{"@type":"EntryPoint","urlTemplate":"https:\/\/avrupapress.com\/?s={search_term_string}"},"query-input":{"@type":"PropertyValueSpecification","valueRequired":true,"valueName":"search_term_string"}}],"inLanguage":"fr-BE"},{"@type":["Person","Organization"],"@id":"https:\/\/avrupapress.com\/#\/schema\/person\/0223dca19c72c43575bf30d1a2d8f4fa","name":"Bilgin \u00d6z\u00e7ift\u00e7i","image":{"@type":"ImageObject","inLanguage":"fr-BE","@id":"https:\/\/avrupapress.com\/#\/schema\/person\/image\/","url":"https:\/\/secure.gravatar.com\/avatar\/0f23b280433a21e1ea7a0adcc46ed0ad16afe3ad8e630fd13d8a017dcbd54ef3?s=96&d=mm&r=g","contentUrl":"https:\/\/secure.gravatar.com\/avatar\/0f23b280433a21e1ea7a0adcc46ed0ad16afe3ad8e630fd13d8a017dcbd54ef3?s=96&d=mm&r=g","caption":"Bilgin \u00d6z\u00e7ift\u00e7i"},"logo":{"@id":"https:\/\/avrupapress.com\/#\/schema\/person\/image\/"},"description":"Ne ben, nede sen... Biz ancak \"biz\" olursak g\u00fc\u00e7l\u00fc olabiliriz"},{"@type":"Person","@id":"https:\/\/avrupapress.com\/#\/schema\/person\/68428444ec60970d1e1b700cf4ca1e8f","name":"Edit\u00f6r","image":{"@type":"ImageObject","inLanguage":"fr-BE","@id":"https:\/\/avrupapress.com\/#\/schema\/person\/image\/","url":"https:\/\/secure.gravatar.com\/avatar\/74996b0977aa5f1559ba9883776652508b229005c0d78fb2597897f0bd651c09?s=96&d=mm&r=g","contentUrl":"https:\/\/secure.gravatar.com\/avatar\/74996b0977aa5f1559ba9883776652508b229005c0d78fb2597897f0bd651c09?s=96&d=mm&r=g","caption":"Edit\u00f6r"},"sameAs":["http:\/\/www.avrupapress.com"],"url":"https:\/\/avrupapress.com\/main\/author\/editor\/"}]}},"_links":{"self":[{"href":"https:\/\/avrupapress.com\/main\/wp-json\/wp\/v2\/posts\/10901","targetHints":{"allow":["GET"]}}],"collection":[{"href":"https:\/\/avrupapress.com\/main\/wp-json\/wp\/v2\/posts"}],"about":[{"href":"https:\/\/avrupapress.com\/main\/wp-json\/wp\/v2\/types\/post"}],"author":[{"embeddable":true,"href":"https:\/\/avrupapress.com\/main\/wp-json\/wp\/v2\/users\/3"}],"replies":[{"embeddable":true,"href":"https:\/\/avrupapress.com\/main\/wp-json\/wp\/v2\/comments?post=10901"}],"version-history":[{"count":1,"href":"https:\/\/avrupapress.com\/main\/wp-json\/wp\/v2\/posts\/10901\/revisions"}],"predecessor-version":[{"id":10903,"href":"https:\/\/avrupapress.com\/main\/wp-json\/wp\/v2\/posts\/10901\/revisions\/10903"}],"wp:featuredmedia":[{"embeddable":true,"href":"https:\/\/avrupapress.com\/main\/wp-json\/wp\/v2\/media\/10902"}],"wp:attachment":[{"href":"https:\/\/avrupapress.com\/main\/wp-json\/wp\/v2\/media?parent=10901"}],"wp:term":[{"taxonomy":"category","embeddable":true,"href":"https:\/\/avrupapress.com\/main\/wp-json\/wp\/v2\/categories?post=10901"},{"taxonomy":"post_tag","embeddable":true,"href":"https:\/\/avrupapress.com\/main\/wp-json\/wp\/v2\/tags?post=10901"}],"curies":[{"name":"wp","href":"https:\/\/api.w.org\/{rel}","templated":true}]}}