{"id":10897,"date":"2020-03-18T20:52:28","date_gmt":"2020-03-18T20:52:28","guid":{"rendered":"http:\/\/avrupapress.com\/main\/?p=10897"},"modified":"2020-03-18T20:52:32","modified_gmt":"2020-03-18T20:52:32","slug":"canakkale-zaferinin-105-yildonumu-kutlu-olsun","status":"publish","type":"post","link":"https:\/\/avrupapress.com\/main\/2020\/03\/18\/canakkale-zaferinin-105-yildonumu-kutlu-olsun\/","title":{"rendered":"\u00c7anakkale Zaferi&rsquo;nin 105. Y\u0131ld\u00f6n\u00fcm\u00fc Kutlu Olsun!"},"content":{"rendered":"\n<p><strong>D\u00f6nemin yenilmez denilen donanmas\u0131 ve ordusuna kar\u015f\u0131 b\u00fcy\u00fck bir inan\u00e7 ve direni\u015fle kazan\u0131lan \u00c7anakkale Zaferi kutlu olsun.<\/strong><\/p>\n\n\n\n<p>D\u00fcnya tarihinde emperyalist devletlere kar\u015f\u0131 ilk b\u00fcy\u00fck zafer olarak nitelenen \u00c7anakkale Zaferi&rsquo;nin 105. y\u0131l\u0131nda, b\u00fcy\u00fck olumsuzluklar ve yoksunluklara ra\u011fmen halk\u0131m\u0131z\u0131n g\u00f6sterdi\u011fi kahramanl\u0131k d\u00fcnyan\u0131n mazlum halklar\u0131na \u00f6rnek olmaya devam etmektedir.<\/p>\n\n\n\n<p>Bu topraklar\u0131n emperyalizmin eline ge\u00e7memesi i\u00e7in, \u201c\u00c7anakkale Ge\u00e7ilmez\u201d \u015fiar\u0131yla canlar\u0131n\u0131 veren ve \u00f6l\u00fcm\u00fc g\u00f6ze alarak sava\u015fan Mehmet\u00e7iklerimizi rahmetle an\u0131yoruz.<br>Mustafa Kemal \u00f6nderli\u011finde ordumuzun \u00c7anakkale&rsquo;de d\u00fc\u015fmana ge\u00e7it vermeyerek kazand\u0131\u011f\u0131 zafer, i\u015fgale kar\u015f\u0131 ba\u015flayacak b\u00fcy\u00fck Kurtulu\u015f Sava\u015f\u0131&rsquo;n\u0131n da ilk i\u015fareti olmu\u015ftur.<br>Bug\u00fcn de ter\u00f6r sald\u0131r\u0131lar\u0131yla b\u00fcy\u00fck bir tehdit alt\u0131nda olan \u00fclkemizde, halk\u0131m\u0131z\u0131n daha fazla kenetlenmesi i\u00e7in \u00c7anakkale Sava\u015flar\u0131nda ortaya \u00e7\u0131kan ruh ve inanca ihtiyac\u0131m\u0131z oldu\u011fu a\u00e7\u0131kt\u0131r.<\/p>\n\n\n\n<p>\u00c7anakkale Zaferi&rsquo;nin \u015fehit ve gazi kahraman askerlerini rahmetle, minnetle an\u0131yor, mazlum halklar i\u00e7in yeni bir tarih yazan kahramanlar\u0131m\u0131z\u0131n \u00f6n\u00fcnde bir kez daha sayg\u0131yla e\u011filiyoruz.<\/p>\n\n\n\n<p><strong>Bilgin Ozcifci \/ AVRUPAPRESS<\/strong><\/p>\n\n\n\n<figure class=\"wp-block-image size-large\"><img loading=\"lazy\" decoding=\"async\" width=\"650\" height=\"418\" src=\"http:\/\/avrupapress.com\/main\/wp-content\/uploads\/2020\/03\/sehitlik_0.jpg\" alt=\"\" class=\"wp-image-10898\" srcset=\"https:\/\/avrupapress.com\/main\/wp-content\/uploads\/2020\/03\/sehitlik_0.jpg 650w, https:\/\/avrupapress.com\/main\/wp-content\/uploads\/2020\/03\/sehitlik_0-300x193.jpg 300w\" sizes=\"auto, (max-width: 650px) 100vw, 650px\" \/><\/figure>\n\n\n\n<p><\/p>\n\n\n\n<p><br><\/p>\n","protected":false},"excerpt":{"rendered":"<p>D\u00f6nemin yenilmez denilen donanmas\u0131 ve ordusuna kar\u015f\u0131 b\u00fcy\u00fck bir inan\u00e7 ve direni\u015fle kazan\u0131lan \u00c7anakkale Zaferi kutlu olsun. D\u00fcnya tarihinde emperyalist devletlere kar\u015f\u0131 ilk b\u00fcy\u00fck zafer olarak nitelenen \u00c7anakkale Zaferi&rsquo;nin 105. y\u0131l\u0131nda, b\u00fcy\u00fck olumsuzluklar ve yoksunluklara ra\u011fmen halk\u0131m\u0131z\u0131n g\u00f6sterdi\u011fi kahramanl\u0131k d\u00fcnyan\u0131n mazlum halklar\u0131na \u00f6rnek olmaya devam etmektedir. Bu topraklar\u0131n emperyalizmin eline ge\u00e7memesi i\u00e7in, \u201c\u00c7anakkale Ge\u00e7ilmez\u201d \u015fiar\u0131yla [&hellip;]<\/p>\n","protected":false},"author":3,"featured_media":10899,"comment_status":"closed","ping_status":"open","sticky":false,"template":"","format":"standard","meta":{"footnotes":""},"categories":[14,16,3,17,18,15,19,2,1],"tags":[],"class_list":["post-10897","post","type-post","status-publish","format-standard","has-post-thumbnail","hentry","category-avrupa","category-belcika","category-dunya","category-ekonomi","category-kultur-sanat","category-spor","category-tanitim","category-turkiye","category-uncategorized"],"yoast_head":"<!-- This site is optimized with the Yoast SEO plugin v26.9 - https:\/\/yoast.com\/product\/yoast-seo-wordpress\/ -->\n<title>\u00c7anakkale Zaferi&#039;nin 105. Y\u0131ld\u00f6n\u00fcm\u00fc Kutlu Olsun! - AvrupaPress<\/title>\n<meta name=\"robots\" content=\"index, follow, max-snippet:-1, max-image-preview:large, max-video-preview:-1\" \/>\n<link rel=\"canonical\" href=\"https:\/\/avrupapress.com\/2020\/03\/18\/canakkale-zaferinin-105-yildonumu-kutlu-olsun\/\" \/>\n<meta property=\"og:locale\" content=\"fr_FR\" \/>\n<meta property=\"og:type\" content=\"article\" \/>\n<meta property=\"og:title\" content=\"\u00c7anakkale Zaferi&#039;nin 105. Y\u0131ld\u00f6n\u00fcm\u00fc Kutlu Olsun! - AvrupaPress\" \/>\n<meta property=\"og:description\" content=\"D\u00f6nemin yenilmez denilen donanmas\u0131 ve ordusuna kar\u015f\u0131 b\u00fcy\u00fck bir inan\u00e7 ve direni\u015fle kazan\u0131lan \u00c7anakkale Zaferi kutlu olsun. D\u00fcnya tarihinde emperyalist devletlere kar\u015f\u0131 ilk b\u00fcy\u00fck zafer olarak nitelenen \u00c7anakkale Zaferi&rsquo;nin 105. y\u0131l\u0131nda, b\u00fcy\u00fck olumsuzluklar ve yoksunluklara ra\u011fmen halk\u0131m\u0131z\u0131n g\u00f6sterdi\u011fi kahramanl\u0131k d\u00fcnyan\u0131n mazlum halklar\u0131na \u00f6rnek olmaya devam etmektedir. Bu topraklar\u0131n emperyalizmin eline ge\u00e7memesi i\u00e7in, \u201c\u00c7anakkale Ge\u00e7ilmez\u201d \u015fiar\u0131yla [&hellip;]\" \/>\n<meta property=\"og:url\" content=\"https:\/\/avrupapress.com\/2020\/03\/18\/canakkale-zaferinin-105-yildonumu-kutlu-olsun\/\" \/>\n<meta property=\"og:site_name\" content=\"AvrupaPress\" \/>\n<meta property=\"article:published_time\" content=\"2020-03-18T20:52:28+00:00\" \/>\n<meta property=\"article:modified_time\" content=\"2020-03-18T20:52:32+00:00\" \/>\n<meta property=\"og:image\" content=\"https:\/\/avrupapress.com\/wp-content\/uploads\/2020\/03\/th-13.jpg\" \/>\n\t<meta property=\"og:image:width\" content=\"300\" \/>\n\t<meta property=\"og:image:height\" content=\"162\" \/>\n\t<meta property=\"og:image:type\" content=\"image\/jpeg\" \/>\n<meta name=\"author\" content=\"Edit\u00f6r\" \/>\n<meta name=\"twitter:card\" content=\"summary_large_image\" \/>\n<meta name=\"twitter:label1\" content=\"\u00c9crit par\" \/>\n\t<meta name=\"twitter:data1\" content=\"Edit\u00f6r\" \/>\n\t<meta name=\"twitter:label2\" content=\"Dur\u00e9e de lecture est.\" \/>\n\t<meta name=\"twitter:data2\" content=\"1 minute\" \/>\n<script type=\"application\/ld+json\" class=\"yoast-schema-graph\">{\"@context\":\"https:\/\/schema.org\",\"@graph\":[{\"@type\":\"Article\",\"@id\":\"https:\/\/avrupapress.com\/2020\/03\/18\/canakkale-zaferinin-105-yildonumu-kutlu-olsun\/#article\",\"isPartOf\":{\"@id\":\"https:\/\/avrupapress.com\/2020\/03\/18\/canakkale-zaferinin-105-yildonumu-kutlu-olsun\/\"},\"author\":{\"name\":\"Edit\u00f6r\",\"@id\":\"https:\/\/avrupapress.com\/#\/schema\/person\/68428444ec60970d1e1b700cf4ca1e8f\"},\"headline\":\"\u00c7anakkale Zaferi&rsquo;nin 105. Y\u0131ld\u00f6n\u00fcm\u00fc Kutlu Olsun!\",\"datePublished\":\"2020-03-18T20:52:28+00:00\",\"dateModified\":\"2020-03-18T20:52:32+00:00\",\"mainEntityOfPage\":{\"@id\":\"https:\/\/avrupapress.com\/2020\/03\/18\/canakkale-zaferinin-105-yildonumu-kutlu-olsun\/\"},\"wordCount\":215,\"publisher\":{\"@id\":\"https:\/\/avrupapress.com\/#\/schema\/person\/0223dca19c72c43575bf30d1a2d8f4fa\"},\"image\":{\"@id\":\"https:\/\/avrupapress.com\/2020\/03\/18\/canakkale-zaferinin-105-yildonumu-kutlu-olsun\/#primaryimage\"},\"thumbnailUrl\":\"https:\/\/avrupapress.com\/main\/wp-content\/uploads\/2020\/03\/th-13.jpg\",\"articleSection\":[\"Avrupa\",\"Bel\u00e7ika\",\"D\u00fcnya\",\"Ekonomi\",\"K\u00fclt\u00fcr-Sanat\",\"Spor\",\"Tan\u0131t\u0131m\",\"T\u00fcrkiye\",\"Uncategorized\"],\"inLanguage\":\"fr-BE\"},{\"@type\":\"WebPage\",\"@id\":\"https:\/\/avrupapress.com\/2020\/03\/18\/canakkale-zaferinin-105-yildonumu-kutlu-olsun\/\",\"url\":\"https:\/\/avrupapress.com\/2020\/03\/18\/canakkale-zaferinin-105-yildonumu-kutlu-olsun\/\",\"name\":\"\u00c7anakkale Zaferi'nin 105. Y\u0131ld\u00f6n\u00fcm\u00fc Kutlu Olsun! - AvrupaPress\",\"isPartOf\":{\"@id\":\"https:\/\/avrupapress.com\/#website\"},\"primaryImageOfPage\":{\"@id\":\"https:\/\/avrupapress.com\/2020\/03\/18\/canakkale-zaferinin-105-yildonumu-kutlu-olsun\/#primaryimage\"},\"image\":{\"@id\":\"https:\/\/avrupapress.com\/2020\/03\/18\/canakkale-zaferinin-105-yildonumu-kutlu-olsun\/#primaryimage\"},\"thumbnailUrl\":\"https:\/\/avrupapress.com\/main\/wp-content\/uploads\/2020\/03\/th-13.jpg\",\"datePublished\":\"2020-03-18T20:52:28+00:00\",\"dateModified\":\"2020-03-18T20:52:32+00:00\",\"breadcrumb\":{\"@id\":\"https:\/\/avrupapress.com\/2020\/03\/18\/canakkale-zaferinin-105-yildonumu-kutlu-olsun\/#breadcrumb\"},\"inLanguage\":\"fr-BE\",\"potentialAction\":[{\"@type\":\"ReadAction\",\"target\":[\"https:\/\/avrupapress.com\/2020\/03\/18\/canakkale-zaferinin-105-yildonumu-kutlu-olsun\/\"]}]},{\"@type\":\"ImageObject\",\"inLanguage\":\"fr-BE\",\"@id\":\"https:\/\/avrupapress.com\/2020\/03\/18\/canakkale-zaferinin-105-yildonumu-kutlu-olsun\/#primaryimage\",\"url\":\"https:\/\/avrupapress.com\/main\/wp-content\/uploads\/2020\/03\/th-13.jpg\",\"contentUrl\":\"https:\/\/avrupapress.com\/main\/wp-content\/uploads\/2020\/03\/th-13.jpg\",\"width\":300,\"height\":162},{\"@type\":\"BreadcrumbList\",\"@id\":\"https:\/\/avrupapress.com\/2020\/03\/18\/canakkale-zaferinin-105-yildonumu-kutlu-olsun\/#breadcrumb\",\"itemListElement\":[{\"@type\":\"ListItem\",\"position\":1,\"name\":\"Anasayfa\",\"item\":\"https:\/\/avrupapress.com\/\"},{\"@type\":\"ListItem\",\"position\":2,\"name\":\"\u00c7anakkale Zaferi&#8217;nin 105. Y\u0131ld\u00f6n\u00fcm\u00fc Kutlu Olsun!\"}]},{\"@type\":\"WebSite\",\"@id\":\"https:\/\/avrupapress.com\/#website\",\"url\":\"https:\/\/avrupapress.com\/\",\"name\":\"AvrupaPress\",\"description\":\"Haberin Adresi\",\"publisher\":{\"@id\":\"https:\/\/avrupapress.com\/#\/schema\/person\/0223dca19c72c43575bf30d1a2d8f4fa\"},\"potentialAction\":[{\"@type\":\"SearchAction\",\"target\":{\"@type\":\"EntryPoint\",\"urlTemplate\":\"https:\/\/avrupapress.com\/?s={search_term_string}\"},\"query-input\":{\"@type\":\"PropertyValueSpecification\",\"valueRequired\":true,\"valueName\":\"search_term_string\"}}],\"inLanguage\":\"fr-BE\"},{\"@type\":[\"Person\",\"Organization\"],\"@id\":\"https:\/\/avrupapress.com\/#\/schema\/person\/0223dca19c72c43575bf30d1a2d8f4fa\",\"name\":\"Bilgin \u00d6z\u00e7ift\u00e7i\",\"image\":{\"@type\":\"ImageObject\",\"inLanguage\":\"fr-BE\",\"@id\":\"https:\/\/avrupapress.com\/#\/schema\/person\/image\/\",\"url\":\"https:\/\/secure.gravatar.com\/avatar\/0f23b280433a21e1ea7a0adcc46ed0ad16afe3ad8e630fd13d8a017dcbd54ef3?s=96&d=mm&r=g\",\"contentUrl\":\"https:\/\/secure.gravatar.com\/avatar\/0f23b280433a21e1ea7a0adcc46ed0ad16afe3ad8e630fd13d8a017dcbd54ef3?s=96&d=mm&r=g\",\"caption\":\"Bilgin \u00d6z\u00e7ift\u00e7i\"},\"logo\":{\"@id\":\"https:\/\/avrupapress.com\/#\/schema\/person\/image\/\"},\"description\":\"Ne ben, nede sen... Biz ancak \\\"biz\\\" olursak g\u00fc\u00e7l\u00fc olabiliriz\"},{\"@type\":\"Person\",\"@id\":\"https:\/\/avrupapress.com\/#\/schema\/person\/68428444ec60970d1e1b700cf4ca1e8f\",\"name\":\"Edit\u00f6r\",\"image\":{\"@type\":\"ImageObject\",\"inLanguage\":\"fr-BE\",\"@id\":\"https:\/\/avrupapress.com\/#\/schema\/person\/image\/\",\"url\":\"https:\/\/secure.gravatar.com\/avatar\/74996b0977aa5f1559ba9883776652508b229005c0d78fb2597897f0bd651c09?s=96&d=mm&r=g\",\"contentUrl\":\"https:\/\/secure.gravatar.com\/avatar\/74996b0977aa5f1559ba9883776652508b229005c0d78fb2597897f0bd651c09?s=96&d=mm&r=g\",\"caption\":\"Edit\u00f6r\"},\"sameAs\":[\"http:\/\/www.avrupapress.com\"],\"url\":\"https:\/\/avrupapress.com\/main\/author\/editor\/\"}]}<\/script>\n<!-- \/ Yoast SEO plugin. -->","yoast_head_json":{"title":"\u00c7anakkale Zaferi'nin 105. Y\u0131ld\u00f6n\u00fcm\u00fc Kutlu Olsun! - AvrupaPress","robots":{"index":"index","follow":"follow","max-snippet":"max-snippet:-1","max-image-preview":"max-image-preview:large","max-video-preview":"max-video-preview:-1"},"canonical":"https:\/\/avrupapress.com\/2020\/03\/18\/canakkale-zaferinin-105-yildonumu-kutlu-olsun\/","og_locale":"fr_FR","og_type":"article","og_title":"\u00c7anakkale Zaferi'nin 105. Y\u0131ld\u00f6n\u00fcm\u00fc Kutlu Olsun! - AvrupaPress","og_description":"D\u00f6nemin yenilmez denilen donanmas\u0131 ve ordusuna kar\u015f\u0131 b\u00fcy\u00fck bir inan\u00e7 ve direni\u015fle kazan\u0131lan \u00c7anakkale Zaferi kutlu olsun. D\u00fcnya tarihinde emperyalist devletlere kar\u015f\u0131 ilk b\u00fcy\u00fck zafer olarak nitelenen \u00c7anakkale Zaferi&rsquo;nin 105. y\u0131l\u0131nda, b\u00fcy\u00fck olumsuzluklar ve yoksunluklara ra\u011fmen halk\u0131m\u0131z\u0131n g\u00f6sterdi\u011fi kahramanl\u0131k d\u00fcnyan\u0131n mazlum halklar\u0131na \u00f6rnek olmaya devam etmektedir. Bu topraklar\u0131n emperyalizmin eline ge\u00e7memesi i\u00e7in, \u201c\u00c7anakkale Ge\u00e7ilmez\u201d \u015fiar\u0131yla [&hellip;]","og_url":"https:\/\/avrupapress.com\/2020\/03\/18\/canakkale-zaferinin-105-yildonumu-kutlu-olsun\/","og_site_name":"AvrupaPress","article_published_time":"2020-03-18T20:52:28+00:00","article_modified_time":"2020-03-18T20:52:32+00:00","og_image":[{"width":300,"height":162,"url":"https:\/\/avrupapress.com\/wp-content\/uploads\/2020\/03\/th-13.jpg","type":"image\/jpeg"}],"author":"Edit\u00f6r","twitter_card":"summary_large_image","twitter_misc":{"\u00c9crit par":"Edit\u00f6r","Dur\u00e9e de lecture est.":"1 minute"},"schema":{"@context":"https:\/\/schema.org","@graph":[{"@type":"Article","@id":"https:\/\/avrupapress.com\/2020\/03\/18\/canakkale-zaferinin-105-yildonumu-kutlu-olsun\/#article","isPartOf":{"@id":"https:\/\/avrupapress.com\/2020\/03\/18\/canakkale-zaferinin-105-yildonumu-kutlu-olsun\/"},"author":{"name":"Edit\u00f6r","@id":"https:\/\/avrupapress.com\/#\/schema\/person\/68428444ec60970d1e1b700cf4ca1e8f"},"headline":"\u00c7anakkale Zaferi&rsquo;nin 105. Y\u0131ld\u00f6n\u00fcm\u00fc Kutlu Olsun!","datePublished":"2020-03-18T20:52:28+00:00","dateModified":"2020-03-18T20:52:32+00:00","mainEntityOfPage":{"@id":"https:\/\/avrupapress.com\/2020\/03\/18\/canakkale-zaferinin-105-yildonumu-kutlu-olsun\/"},"wordCount":215,"publisher":{"@id":"https:\/\/avrupapress.com\/#\/schema\/person\/0223dca19c72c43575bf30d1a2d8f4fa"},"image":{"@id":"https:\/\/avrupapress.com\/2020\/03\/18\/canakkale-zaferinin-105-yildonumu-kutlu-olsun\/#primaryimage"},"thumbnailUrl":"https:\/\/avrupapress.com\/main\/wp-content\/uploads\/2020\/03\/th-13.jpg","articleSection":["Avrupa","Bel\u00e7ika","D\u00fcnya","Ekonomi","K\u00fclt\u00fcr-Sanat","Spor","Tan\u0131t\u0131m","T\u00fcrkiye","Uncategorized"],"inLanguage":"fr-BE"},{"@type":"WebPage","@id":"https:\/\/avrupapress.com\/2020\/03\/18\/canakkale-zaferinin-105-yildonumu-kutlu-olsun\/","url":"https:\/\/avrupapress.com\/2020\/03\/18\/canakkale-zaferinin-105-yildonumu-kutlu-olsun\/","name":"\u00c7anakkale Zaferi'nin 105. Y\u0131ld\u00f6n\u00fcm\u00fc Kutlu Olsun! - AvrupaPress","isPartOf":{"@id":"https:\/\/avrupapress.com\/#website"},"primaryImageOfPage":{"@id":"https:\/\/avrupapress.com\/2020\/03\/18\/canakkale-zaferinin-105-yildonumu-kutlu-olsun\/#primaryimage"},"image":{"@id":"https:\/\/avrupapress.com\/2020\/03\/18\/canakkale-zaferinin-105-yildonumu-kutlu-olsun\/#primaryimage"},"thumbnailUrl":"https:\/\/avrupapress.com\/main\/wp-content\/uploads\/2020\/03\/th-13.jpg","datePublished":"2020-03-18T20:52:28+00:00","dateModified":"2020-03-18T20:52:32+00:00","breadcrumb":{"@id":"https:\/\/avrupapress.com\/2020\/03\/18\/canakkale-zaferinin-105-yildonumu-kutlu-olsun\/#breadcrumb"},"inLanguage":"fr-BE","potentialAction":[{"@type":"ReadAction","target":["https:\/\/avrupapress.com\/2020\/03\/18\/canakkale-zaferinin-105-yildonumu-kutlu-olsun\/"]}]},{"@type":"ImageObject","inLanguage":"fr-BE","@id":"https:\/\/avrupapress.com\/2020\/03\/18\/canakkale-zaferinin-105-yildonumu-kutlu-olsun\/#primaryimage","url":"https:\/\/avrupapress.com\/main\/wp-content\/uploads\/2020\/03\/th-13.jpg","contentUrl":"https:\/\/avrupapress.com\/main\/wp-content\/uploads\/2020\/03\/th-13.jpg","width":300,"height":162},{"@type":"BreadcrumbList","@id":"https:\/\/avrupapress.com\/2020\/03\/18\/canakkale-zaferinin-105-yildonumu-kutlu-olsun\/#breadcrumb","itemListElement":[{"@type":"ListItem","position":1,"name":"Anasayfa","item":"https:\/\/avrupapress.com\/"},{"@type":"ListItem","position":2,"name":"\u00c7anakkale Zaferi&#8217;nin 105. Y\u0131ld\u00f6n\u00fcm\u00fc Kutlu Olsun!"}]},{"@type":"WebSite","@id":"https:\/\/avrupapress.com\/#website","url":"https:\/\/avrupapress.com\/","name":"AvrupaPress","description":"Haberin Adresi","publisher":{"@id":"https:\/\/avrupapress.com\/#\/schema\/person\/0223dca19c72c43575bf30d1a2d8f4fa"},"potentialAction":[{"@type":"SearchAction","target":{"@type":"EntryPoint","urlTemplate":"https:\/\/avrupapress.com\/?s={search_term_string}"},"query-input":{"@type":"PropertyValueSpecification","valueRequired":true,"valueName":"search_term_string"}}],"inLanguage":"fr-BE"},{"@type":["Person","Organization"],"@id":"https:\/\/avrupapress.com\/#\/schema\/person\/0223dca19c72c43575bf30d1a2d8f4fa","name":"Bilgin \u00d6z\u00e7ift\u00e7i","image":{"@type":"ImageObject","inLanguage":"fr-BE","@id":"https:\/\/avrupapress.com\/#\/schema\/person\/image\/","url":"https:\/\/secure.gravatar.com\/avatar\/0f23b280433a21e1ea7a0adcc46ed0ad16afe3ad8e630fd13d8a017dcbd54ef3?s=96&d=mm&r=g","contentUrl":"https:\/\/secure.gravatar.com\/avatar\/0f23b280433a21e1ea7a0adcc46ed0ad16afe3ad8e630fd13d8a017dcbd54ef3?s=96&d=mm&r=g","caption":"Bilgin \u00d6z\u00e7ift\u00e7i"},"logo":{"@id":"https:\/\/avrupapress.com\/#\/schema\/person\/image\/"},"description":"Ne ben, nede sen... Biz ancak \"biz\" olursak g\u00fc\u00e7l\u00fc olabiliriz"},{"@type":"Person","@id":"https:\/\/avrupapress.com\/#\/schema\/person\/68428444ec60970d1e1b700cf4ca1e8f","name":"Edit\u00f6r","image":{"@type":"ImageObject","inLanguage":"fr-BE","@id":"https:\/\/avrupapress.com\/#\/schema\/person\/image\/","url":"https:\/\/secure.gravatar.com\/avatar\/74996b0977aa5f1559ba9883776652508b229005c0d78fb2597897f0bd651c09?s=96&d=mm&r=g","contentUrl":"https:\/\/secure.gravatar.com\/avatar\/74996b0977aa5f1559ba9883776652508b229005c0d78fb2597897f0bd651c09?s=96&d=mm&r=g","caption":"Edit\u00f6r"},"sameAs":["http:\/\/www.avrupapress.com"],"url":"https:\/\/avrupapress.com\/main\/author\/editor\/"}]}},"_links":{"self":[{"href":"https:\/\/avrupapress.com\/main\/wp-json\/wp\/v2\/posts\/10897","targetHints":{"allow":["GET"]}}],"collection":[{"href":"https:\/\/avrupapress.com\/main\/wp-json\/wp\/v2\/posts"}],"about":[{"href":"https:\/\/avrupapress.com\/main\/wp-json\/wp\/v2\/types\/post"}],"author":[{"embeddable":true,"href":"https:\/\/avrupapress.com\/main\/wp-json\/wp\/v2\/users\/3"}],"replies":[{"embeddable":true,"href":"https:\/\/avrupapress.com\/main\/wp-json\/wp\/v2\/comments?post=10897"}],"version-history":[{"count":1,"href":"https:\/\/avrupapress.com\/main\/wp-json\/wp\/v2\/posts\/10897\/revisions"}],"predecessor-version":[{"id":10900,"href":"https:\/\/avrupapress.com\/main\/wp-json\/wp\/v2\/posts\/10897\/revisions\/10900"}],"wp:featuredmedia":[{"embeddable":true,"href":"https:\/\/avrupapress.com\/main\/wp-json\/wp\/v2\/media\/10899"}],"wp:attachment":[{"href":"https:\/\/avrupapress.com\/main\/wp-json\/wp\/v2\/media?parent=10897"}],"wp:term":[{"taxonomy":"category","embeddable":true,"href":"https:\/\/avrupapress.com\/main\/wp-json\/wp\/v2\/categories?post=10897"},{"taxonomy":"post_tag","embeddable":true,"href":"https:\/\/avrupapress.com\/main\/wp-json\/wp\/v2\/tags?post=10897"}],"curies":[{"name":"wp","href":"https:\/\/api.w.org\/{rel}","templated":true}]}}