{"id":10894,"date":"2020-03-18T20:41:50","date_gmt":"2020-03-18T20:41:50","guid":{"rendered":"http:\/\/avrupapress.com\/main\/?p=10894"},"modified":"2020-03-18T21:05:32","modified_gmt":"2020-03-18T21:05:32","slug":"turkiyede-koronaviruslu-hasta-sayisi-191e-ulasti-turkiyede-koronavirusten-ikinci-olum-gerceklesti","status":"publish","type":"post","link":"https:\/\/avrupapress.com\/main\/2020\/03\/18\/turkiyede-koronaviruslu-hasta-sayisi-191e-ulasti-turkiyede-koronavirusten-ikinci-olum-gerceklesti\/","title":{"rendered":"Sa\u011fl\u0131k Bakan\u0131 Koca a\u00e7\u0131klad\u0131: T\u00fcrkiye&rsquo;de Vaka say\u0131s\u0131 191\u2019e \u00f6l\u00fc say\u0131s\u0131 2\u2019ye y\u00fckseldi"},"content":{"rendered":"\n<p><strong>Sa\u011fl\u0131k Bakan\u0131 Fahrettin Koca, T\u00fcrkiye&rsquo;de koronavir\u00fcs nedeniyle ikinci \u00f6l\u00fcm\u00fcn ger\u00e7ekle\u015fti\u011fini a\u00e7\u0131klad\u0131. Bakan Koca, hayat\u0131n\u0131 kaybeden hastan\u0131n 61 ya\u015f\u0131nda oldu\u011funu belirtti.<\/strong><\/p>\n\n\n\n<p>Sa\u011fl\u0131k Bakan\u0131 Fahrettin Koca, T\u00fcrkiye&rsquo;de koronavir\u00fcs nedeniyle ikinci \u00f6l\u00fcm\u00fcn ger\u00e7ekle\u015fti\u011fini a\u00e7\u0131klad\u0131. Bakan Koca, hayat\u0131n\u0131 kaybeden hastan\u0131n 61 ya\u015f\u0131nda oldu\u011funu belirtti.<\/p>\n\n\n\n<p>Sa\u011fl\u0131k Bakan\u0131 Fahrettin Koca, sosyal medya hesab\u0131ndan, koronavir\u00fcs nedeniyle ikinci \u00f6l\u00fcm\u00fcn ger\u00e7ekle\u015fti\u011fini a\u00e7\u0131klad\u0131. Hayat\u0131n\u0131 kaybeden hastan\u0131n 61 ya\u015f\u0131nda oldu\u011funu belirten Bakan Koca, toplam vaka say\u0131s\u0131n\u0131n ise 191&rsquo;e ula\u015ft\u0131\u011f\u0131n\u0131 ifade etti.<\/p>\n\n\n\n<h3 class=\"wp-block-heading\">VAKA SAYISI B\u0130R G\u00dcNDE \u0130K\u0130 KAT ARTTI<\/h3>\n\n\n\n<p>Bakan Koca, Twitter hesab\u0131ndan yapt\u0131\u011f\u0131 payla\u015f\u0131mda, \u00ab\u00a061 ya\u015f\u0131nda erkek bir hastam\u0131z\u0131 kaybettik. Kendisine Allah&rsquo;tan rahmet diliyorum. Bug\u00fcn sonu\u00e7lanan testler, tedbirlerin \u00e7ok zorunlu oldu\u011funu g\u00f6steriyor. Tan\u0131 konup tedavilerine ba\u015flanan 93 yeni vakam\u0131z var. Hasta say\u0131m\u0131z 191&rsquo;e ula\u015ft\u0131. Riskin \u00f6n\u00fcn\u00fc birlikte keselim\u00a0\u00bb ifadelerini kulland\u0131.<\/p>\n\n\n\n<figure class=\"wp-block-image\"><img decoding=\"async\" src=\"https:\/\/foto.haberler.com\/haber\/2020\/03\/18\/son-dakika-turkiye-de-koronavirusten-ikinci-olum-13028740_8959_m.jpg\" alt=\"\"\/><\/figure>\n\n\n\n<h3 class=\"wp-block-heading\">BAKAN, KORONAV\u0130R\u00dcSTEN \u0130LK \u00d6L\u00dcM\u00dc D\u00dcN A\u00c7IKLAMI\u015eTI<\/h3>\n\n\n\n<p>\u00d6te yandan, Sa\u011fl\u0131k Bakan\u0131 Fahrettin Koca, d\u00fcn gece saatlerinde d\u00fczenledi\u011fi bas\u0131n toplant\u0131s\u0131nda, 89 ya\u015f\u0131ndaki bir hastan\u0131n koronavir\u00fcs nedeniyle hayat\u0131n\u0131 kaybetti\u011fini a\u00e7\u0131klam\u0131\u015ft\u0131.<\/p>\n\n\n\n<p><strong>Bilgin Ozcifci \/ AVRUPAPRESS<\/strong><\/p>\n","protected":false},"excerpt":{"rendered":"<p>Sa\u011fl\u0131k Bakan\u0131 Fahrettin Koca, T\u00fcrkiye&rsquo;de koronavir\u00fcs nedeniyle ikinci \u00f6l\u00fcm\u00fcn ger\u00e7ekle\u015fti\u011fini a\u00e7\u0131klad\u0131. Bakan Koca, hayat\u0131n\u0131 kaybeden hastan\u0131n 61 ya\u015f\u0131nda oldu\u011funu belirtti. Sa\u011fl\u0131k Bakan\u0131 Fahrettin Koca, T\u00fcrkiye&rsquo;de koronavir\u00fcs nedeniyle ikinci \u00f6l\u00fcm\u00fcn ger\u00e7ekle\u015fti\u011fini a\u00e7\u0131klad\u0131. Bakan Koca, hayat\u0131n\u0131 kaybeden hastan\u0131n 61 ya\u015f\u0131nda oldu\u011funu belirtti. Sa\u011fl\u0131k Bakan\u0131 Fahrettin Koca, sosyal medya hesab\u0131ndan, koronavir\u00fcs nedeniyle ikinci \u00f6l\u00fcm\u00fcn ger\u00e7ekle\u015fti\u011fini a\u00e7\u0131klad\u0131. Hayat\u0131n\u0131 kaybeden [&hellip;]<\/p>\n","protected":false},"author":3,"featured_media":10895,"comment_status":"closed","ping_status":"open","sticky":false,"template":"","format":"standard","meta":{"footnotes":""},"categories":[14,16,3,17,18,19,2,1],"tags":[],"class_list":["post-10894","post","type-post","status-publish","format-standard","has-post-thumbnail","hentry","category-avrupa","category-belcika","category-dunya","category-ekonomi","category-kultur-sanat","category-tanitim","category-turkiye","category-uncategorized"],"yoast_head":"<!-- This site is optimized with the Yoast SEO plugin v26.9 - https:\/\/yoast.com\/product\/yoast-seo-wordpress\/ -->\n<title>Sa\u011fl\u0131k Bakan\u0131 Koca a\u00e7\u0131klad\u0131: T\u00fcrkiye&#039;de Vaka say\u0131s\u0131 191\u2019e \u00f6l\u00fc say\u0131s\u0131 2\u2019ye y\u00fckseldi - AvrupaPress<\/title>\n<meta name=\"robots\" content=\"index, follow, max-snippet:-1, max-image-preview:large, max-video-preview:-1\" \/>\n<link rel=\"canonical\" href=\"https:\/\/avrupapress.com\/2020\/03\/18\/turkiyede-koronaviruslu-hasta-sayisi-191e-ulasti-turkiyede-koronavirusten-ikinci-olum-gerceklesti\/\" \/>\n<meta property=\"og:locale\" content=\"fr_FR\" \/>\n<meta property=\"og:type\" content=\"article\" \/>\n<meta property=\"og:title\" content=\"Sa\u011fl\u0131k Bakan\u0131 Koca a\u00e7\u0131klad\u0131: T\u00fcrkiye&#039;de Vaka say\u0131s\u0131 191\u2019e \u00f6l\u00fc say\u0131s\u0131 2\u2019ye y\u00fckseldi - AvrupaPress\" \/>\n<meta property=\"og:description\" content=\"Sa\u011fl\u0131k Bakan\u0131 Fahrettin Koca, T\u00fcrkiye&rsquo;de koronavir\u00fcs nedeniyle ikinci \u00f6l\u00fcm\u00fcn ger\u00e7ekle\u015fti\u011fini a\u00e7\u0131klad\u0131. Bakan Koca, hayat\u0131n\u0131 kaybeden hastan\u0131n 61 ya\u015f\u0131nda oldu\u011funu belirtti. Sa\u011fl\u0131k Bakan\u0131 Fahrettin Koca, T\u00fcrkiye&rsquo;de koronavir\u00fcs nedeniyle ikinci \u00f6l\u00fcm\u00fcn ger\u00e7ekle\u015fti\u011fini a\u00e7\u0131klad\u0131. Bakan Koca, hayat\u0131n\u0131 kaybeden hastan\u0131n 61 ya\u015f\u0131nda oldu\u011funu belirtti. Sa\u011fl\u0131k Bakan\u0131 Fahrettin Koca, sosyal medya hesab\u0131ndan, koronavir\u00fcs nedeniyle ikinci \u00f6l\u00fcm\u00fcn ger\u00e7ekle\u015fti\u011fini a\u00e7\u0131klad\u0131. Hayat\u0131n\u0131 kaybeden [&hellip;]\" \/>\n<meta property=\"og:url\" content=\"https:\/\/avrupapress.com\/2020\/03\/18\/turkiyede-koronaviruslu-hasta-sayisi-191e-ulasti-turkiyede-koronavirusten-ikinci-olum-gerceklesti\/\" \/>\n<meta property=\"og:site_name\" content=\"AvrupaPress\" \/>\n<meta property=\"article:published_time\" content=\"2020-03-18T20:41:50+00:00\" \/>\n<meta property=\"article:modified_time\" content=\"2020-03-18T21:05:32+00:00\" \/>\n<meta property=\"og:image\" content=\"https:\/\/avrupapress.com\/wp-content\/uploads\/2020\/03\/turkiye-genelinde-koronavirus-vaka-sayisi-191e-yukseldi.jpg\" \/>\n\t<meta property=\"og:image:width\" content=\"640\" \/>\n\t<meta property=\"og:image:height\" content=\"361\" \/>\n\t<meta property=\"og:image:type\" content=\"image\/jpeg\" \/>\n<meta name=\"author\" content=\"Edit\u00f6r\" \/>\n<meta name=\"twitter:card\" content=\"summary_large_image\" \/>\n<meta name=\"twitter:label1\" content=\"\u00c9crit par\" \/>\n\t<meta name=\"twitter:data1\" content=\"Edit\u00f6r\" \/>\n\t<meta name=\"twitter:label2\" content=\"Dur\u00e9e de lecture est.\" \/>\n\t<meta name=\"twitter:data2\" content=\"1 minute\" \/>\n<script type=\"application\/ld+json\" class=\"yoast-schema-graph\">{\"@context\":\"https:\/\/schema.org\",\"@graph\":[{\"@type\":\"Article\",\"@id\":\"https:\/\/avrupapress.com\/2020\/03\/18\/turkiyede-koronaviruslu-hasta-sayisi-191e-ulasti-turkiyede-koronavirusten-ikinci-olum-gerceklesti\/#article\",\"isPartOf\":{\"@id\":\"https:\/\/avrupapress.com\/2020\/03\/18\/turkiyede-koronaviruslu-hasta-sayisi-191e-ulasti-turkiyede-koronavirusten-ikinci-olum-gerceklesti\/\"},\"author\":{\"name\":\"Edit\u00f6r\",\"@id\":\"https:\/\/avrupapress.com\/#\/schema\/person\/68428444ec60970d1e1b700cf4ca1e8f\"},\"headline\":\"Sa\u011fl\u0131k Bakan\u0131 Koca a\u00e7\u0131klad\u0131: T\u00fcrkiye&rsquo;de Vaka say\u0131s\u0131 191\u2019e \u00f6l\u00fc say\u0131s\u0131 2\u2019ye y\u00fckseldi\",\"datePublished\":\"2020-03-18T20:41:50+00:00\",\"dateModified\":\"2020-03-18T21:05:32+00:00\",\"mainEntityOfPage\":{\"@id\":\"https:\/\/avrupapress.com\/2020\/03\/18\/turkiyede-koronaviruslu-hasta-sayisi-191e-ulasti-turkiyede-koronavirusten-ikinci-olum-gerceklesti\/\"},\"wordCount\":246,\"publisher\":{\"@id\":\"https:\/\/avrupapress.com\/#\/schema\/person\/0223dca19c72c43575bf30d1a2d8f4fa\"},\"image\":{\"@id\":\"https:\/\/avrupapress.com\/2020\/03\/18\/turkiyede-koronaviruslu-hasta-sayisi-191e-ulasti-turkiyede-koronavirusten-ikinci-olum-gerceklesti\/#primaryimage\"},\"thumbnailUrl\":\"https:\/\/avrupapress.com\/main\/wp-content\/uploads\/2020\/03\/turkiye-genelinde-koronavirus-vaka-sayisi-191e-yukseldi.jpg\",\"articleSection\":[\"Avrupa\",\"Bel\u00e7ika\",\"D\u00fcnya\",\"Ekonomi\",\"K\u00fclt\u00fcr-Sanat\",\"Tan\u0131t\u0131m\",\"T\u00fcrkiye\",\"Uncategorized\"],\"inLanguage\":\"fr-BE\"},{\"@type\":\"WebPage\",\"@id\":\"https:\/\/avrupapress.com\/2020\/03\/18\/turkiyede-koronaviruslu-hasta-sayisi-191e-ulasti-turkiyede-koronavirusten-ikinci-olum-gerceklesti\/\",\"url\":\"https:\/\/avrupapress.com\/2020\/03\/18\/turkiyede-koronaviruslu-hasta-sayisi-191e-ulasti-turkiyede-koronavirusten-ikinci-olum-gerceklesti\/\",\"name\":\"Sa\u011fl\u0131k Bakan\u0131 Koca a\u00e7\u0131klad\u0131: T\u00fcrkiye'de Vaka say\u0131s\u0131 191\u2019e \u00f6l\u00fc say\u0131s\u0131 2\u2019ye y\u00fckseldi - AvrupaPress\",\"isPartOf\":{\"@id\":\"https:\/\/avrupapress.com\/#website\"},\"primaryImageOfPage\":{\"@id\":\"https:\/\/avrupapress.com\/2020\/03\/18\/turkiyede-koronaviruslu-hasta-sayisi-191e-ulasti-turkiyede-koronavirusten-ikinci-olum-gerceklesti\/#primaryimage\"},\"image\":{\"@id\":\"https:\/\/avrupapress.com\/2020\/03\/18\/turkiyede-koronaviruslu-hasta-sayisi-191e-ulasti-turkiyede-koronavirusten-ikinci-olum-gerceklesti\/#primaryimage\"},\"thumbnailUrl\":\"https:\/\/avrupapress.com\/main\/wp-content\/uploads\/2020\/03\/turkiye-genelinde-koronavirus-vaka-sayisi-191e-yukseldi.jpg\",\"datePublished\":\"2020-03-18T20:41:50+00:00\",\"dateModified\":\"2020-03-18T21:05:32+00:00\",\"breadcrumb\":{\"@id\":\"https:\/\/avrupapress.com\/2020\/03\/18\/turkiyede-koronaviruslu-hasta-sayisi-191e-ulasti-turkiyede-koronavirusten-ikinci-olum-gerceklesti\/#breadcrumb\"},\"inLanguage\":\"fr-BE\",\"potentialAction\":[{\"@type\":\"ReadAction\",\"target\":[\"https:\/\/avrupapress.com\/2020\/03\/18\/turkiyede-koronaviruslu-hasta-sayisi-191e-ulasti-turkiyede-koronavirusten-ikinci-olum-gerceklesti\/\"]}]},{\"@type\":\"ImageObject\",\"inLanguage\":\"fr-BE\",\"@id\":\"https:\/\/avrupapress.com\/2020\/03\/18\/turkiyede-koronaviruslu-hasta-sayisi-191e-ulasti-turkiyede-koronavirusten-ikinci-olum-gerceklesti\/#primaryimage\",\"url\":\"https:\/\/avrupapress.com\/main\/wp-content\/uploads\/2020\/03\/turkiye-genelinde-koronavirus-vaka-sayisi-191e-yukseldi.jpg\",\"contentUrl\":\"https:\/\/avrupapress.com\/main\/wp-content\/uploads\/2020\/03\/turkiye-genelinde-koronavirus-vaka-sayisi-191e-yukseldi.jpg\",\"width\":640,\"height\":361},{\"@type\":\"BreadcrumbList\",\"@id\":\"https:\/\/avrupapress.com\/2020\/03\/18\/turkiyede-koronaviruslu-hasta-sayisi-191e-ulasti-turkiyede-koronavirusten-ikinci-olum-gerceklesti\/#breadcrumb\",\"itemListElement\":[{\"@type\":\"ListItem\",\"position\":1,\"name\":\"Anasayfa\",\"item\":\"https:\/\/avrupapress.com\/\"},{\"@type\":\"ListItem\",\"position\":2,\"name\":\"Sa\u011fl\u0131k Bakan\u0131 Koca a\u00e7\u0131klad\u0131: T\u00fcrkiye&#8217;de Vaka say\u0131s\u0131 191\u2019e \u00f6l\u00fc say\u0131s\u0131 2\u2019ye y\u00fckseldi\"}]},{\"@type\":\"WebSite\",\"@id\":\"https:\/\/avrupapress.com\/#website\",\"url\":\"https:\/\/avrupapress.com\/\",\"name\":\"AvrupaPress\",\"description\":\"Haberin Adresi\",\"publisher\":{\"@id\":\"https:\/\/avrupapress.com\/#\/schema\/person\/0223dca19c72c43575bf30d1a2d8f4fa\"},\"potentialAction\":[{\"@type\":\"SearchAction\",\"target\":{\"@type\":\"EntryPoint\",\"urlTemplate\":\"https:\/\/avrupapress.com\/?s={search_term_string}\"},\"query-input\":{\"@type\":\"PropertyValueSpecification\",\"valueRequired\":true,\"valueName\":\"search_term_string\"}}],\"inLanguage\":\"fr-BE\"},{\"@type\":[\"Person\",\"Organization\"],\"@id\":\"https:\/\/avrupapress.com\/#\/schema\/person\/0223dca19c72c43575bf30d1a2d8f4fa\",\"name\":\"Bilgin \u00d6z\u00e7ift\u00e7i\",\"image\":{\"@type\":\"ImageObject\",\"inLanguage\":\"fr-BE\",\"@id\":\"https:\/\/avrupapress.com\/#\/schema\/person\/image\/\",\"url\":\"https:\/\/secure.gravatar.com\/avatar\/0f23b280433a21e1ea7a0adcc46ed0ad16afe3ad8e630fd13d8a017dcbd54ef3?s=96&d=mm&r=g\",\"contentUrl\":\"https:\/\/secure.gravatar.com\/avatar\/0f23b280433a21e1ea7a0adcc46ed0ad16afe3ad8e630fd13d8a017dcbd54ef3?s=96&d=mm&r=g\",\"caption\":\"Bilgin \u00d6z\u00e7ift\u00e7i\"},\"logo\":{\"@id\":\"https:\/\/avrupapress.com\/#\/schema\/person\/image\/\"},\"description\":\"Ne ben, nede sen... Biz ancak \\\"biz\\\" olursak g\u00fc\u00e7l\u00fc olabiliriz\"},{\"@type\":\"Person\",\"@id\":\"https:\/\/avrupapress.com\/#\/schema\/person\/68428444ec60970d1e1b700cf4ca1e8f\",\"name\":\"Edit\u00f6r\",\"image\":{\"@type\":\"ImageObject\",\"inLanguage\":\"fr-BE\",\"@id\":\"https:\/\/avrupapress.com\/#\/schema\/person\/image\/\",\"url\":\"https:\/\/secure.gravatar.com\/avatar\/74996b0977aa5f1559ba9883776652508b229005c0d78fb2597897f0bd651c09?s=96&d=mm&r=g\",\"contentUrl\":\"https:\/\/secure.gravatar.com\/avatar\/74996b0977aa5f1559ba9883776652508b229005c0d78fb2597897f0bd651c09?s=96&d=mm&r=g\",\"caption\":\"Edit\u00f6r\"},\"sameAs\":[\"http:\/\/www.avrupapress.com\"],\"url\":\"https:\/\/avrupapress.com\/main\/author\/editor\/\"}]}<\/script>\n<!-- \/ Yoast SEO plugin. -->","yoast_head_json":{"title":"Sa\u011fl\u0131k Bakan\u0131 Koca a\u00e7\u0131klad\u0131: T\u00fcrkiye'de Vaka say\u0131s\u0131 191\u2019e \u00f6l\u00fc say\u0131s\u0131 2\u2019ye y\u00fckseldi - AvrupaPress","robots":{"index":"index","follow":"follow","max-snippet":"max-snippet:-1","max-image-preview":"max-image-preview:large","max-video-preview":"max-video-preview:-1"},"canonical":"https:\/\/avrupapress.com\/2020\/03\/18\/turkiyede-koronaviruslu-hasta-sayisi-191e-ulasti-turkiyede-koronavirusten-ikinci-olum-gerceklesti\/","og_locale":"fr_FR","og_type":"article","og_title":"Sa\u011fl\u0131k Bakan\u0131 Koca a\u00e7\u0131klad\u0131: T\u00fcrkiye'de Vaka say\u0131s\u0131 191\u2019e \u00f6l\u00fc say\u0131s\u0131 2\u2019ye y\u00fckseldi - AvrupaPress","og_description":"Sa\u011fl\u0131k Bakan\u0131 Fahrettin Koca, T\u00fcrkiye&rsquo;de koronavir\u00fcs nedeniyle ikinci \u00f6l\u00fcm\u00fcn ger\u00e7ekle\u015fti\u011fini a\u00e7\u0131klad\u0131. Bakan Koca, hayat\u0131n\u0131 kaybeden hastan\u0131n 61 ya\u015f\u0131nda oldu\u011funu belirtti. Sa\u011fl\u0131k Bakan\u0131 Fahrettin Koca, T\u00fcrkiye&rsquo;de koronavir\u00fcs nedeniyle ikinci \u00f6l\u00fcm\u00fcn ger\u00e7ekle\u015fti\u011fini a\u00e7\u0131klad\u0131. Bakan Koca, hayat\u0131n\u0131 kaybeden hastan\u0131n 61 ya\u015f\u0131nda oldu\u011funu belirtti. Sa\u011fl\u0131k Bakan\u0131 Fahrettin Koca, sosyal medya hesab\u0131ndan, koronavir\u00fcs nedeniyle ikinci \u00f6l\u00fcm\u00fcn ger\u00e7ekle\u015fti\u011fini a\u00e7\u0131klad\u0131. Hayat\u0131n\u0131 kaybeden [&hellip;]","og_url":"https:\/\/avrupapress.com\/2020\/03\/18\/turkiyede-koronaviruslu-hasta-sayisi-191e-ulasti-turkiyede-koronavirusten-ikinci-olum-gerceklesti\/","og_site_name":"AvrupaPress","article_published_time":"2020-03-18T20:41:50+00:00","article_modified_time":"2020-03-18T21:05:32+00:00","og_image":[{"width":640,"height":361,"url":"https:\/\/avrupapress.com\/wp-content\/uploads\/2020\/03\/turkiye-genelinde-koronavirus-vaka-sayisi-191e-yukseldi.jpg","type":"image\/jpeg"}],"author":"Edit\u00f6r","twitter_card":"summary_large_image","twitter_misc":{"\u00c9crit par":"Edit\u00f6r","Dur\u00e9e de lecture est.":"1 minute"},"schema":{"@context":"https:\/\/schema.org","@graph":[{"@type":"Article","@id":"https:\/\/avrupapress.com\/2020\/03\/18\/turkiyede-koronaviruslu-hasta-sayisi-191e-ulasti-turkiyede-koronavirusten-ikinci-olum-gerceklesti\/#article","isPartOf":{"@id":"https:\/\/avrupapress.com\/2020\/03\/18\/turkiyede-koronaviruslu-hasta-sayisi-191e-ulasti-turkiyede-koronavirusten-ikinci-olum-gerceklesti\/"},"author":{"name":"Edit\u00f6r","@id":"https:\/\/avrupapress.com\/#\/schema\/person\/68428444ec60970d1e1b700cf4ca1e8f"},"headline":"Sa\u011fl\u0131k Bakan\u0131 Koca a\u00e7\u0131klad\u0131: T\u00fcrkiye&rsquo;de Vaka say\u0131s\u0131 191\u2019e \u00f6l\u00fc say\u0131s\u0131 2\u2019ye y\u00fckseldi","datePublished":"2020-03-18T20:41:50+00:00","dateModified":"2020-03-18T21:05:32+00:00","mainEntityOfPage":{"@id":"https:\/\/avrupapress.com\/2020\/03\/18\/turkiyede-koronaviruslu-hasta-sayisi-191e-ulasti-turkiyede-koronavirusten-ikinci-olum-gerceklesti\/"},"wordCount":246,"publisher":{"@id":"https:\/\/avrupapress.com\/#\/schema\/person\/0223dca19c72c43575bf30d1a2d8f4fa"},"image":{"@id":"https:\/\/avrupapress.com\/2020\/03\/18\/turkiyede-koronaviruslu-hasta-sayisi-191e-ulasti-turkiyede-koronavirusten-ikinci-olum-gerceklesti\/#primaryimage"},"thumbnailUrl":"https:\/\/avrupapress.com\/main\/wp-content\/uploads\/2020\/03\/turkiye-genelinde-koronavirus-vaka-sayisi-191e-yukseldi.jpg","articleSection":["Avrupa","Bel\u00e7ika","D\u00fcnya","Ekonomi","K\u00fclt\u00fcr-Sanat","Tan\u0131t\u0131m","T\u00fcrkiye","Uncategorized"],"inLanguage":"fr-BE"},{"@type":"WebPage","@id":"https:\/\/avrupapress.com\/2020\/03\/18\/turkiyede-koronaviruslu-hasta-sayisi-191e-ulasti-turkiyede-koronavirusten-ikinci-olum-gerceklesti\/","url":"https:\/\/avrupapress.com\/2020\/03\/18\/turkiyede-koronaviruslu-hasta-sayisi-191e-ulasti-turkiyede-koronavirusten-ikinci-olum-gerceklesti\/","name":"Sa\u011fl\u0131k Bakan\u0131 Koca a\u00e7\u0131klad\u0131: T\u00fcrkiye'de Vaka say\u0131s\u0131 191\u2019e \u00f6l\u00fc say\u0131s\u0131 2\u2019ye y\u00fckseldi - AvrupaPress","isPartOf":{"@id":"https:\/\/avrupapress.com\/#website"},"primaryImageOfPage":{"@id":"https:\/\/avrupapress.com\/2020\/03\/18\/turkiyede-koronaviruslu-hasta-sayisi-191e-ulasti-turkiyede-koronavirusten-ikinci-olum-gerceklesti\/#primaryimage"},"image":{"@id":"https:\/\/avrupapress.com\/2020\/03\/18\/turkiyede-koronaviruslu-hasta-sayisi-191e-ulasti-turkiyede-koronavirusten-ikinci-olum-gerceklesti\/#primaryimage"},"thumbnailUrl":"https:\/\/avrupapress.com\/main\/wp-content\/uploads\/2020\/03\/turkiye-genelinde-koronavirus-vaka-sayisi-191e-yukseldi.jpg","datePublished":"2020-03-18T20:41:50+00:00","dateModified":"2020-03-18T21:05:32+00:00","breadcrumb":{"@id":"https:\/\/avrupapress.com\/2020\/03\/18\/turkiyede-koronaviruslu-hasta-sayisi-191e-ulasti-turkiyede-koronavirusten-ikinci-olum-gerceklesti\/#breadcrumb"},"inLanguage":"fr-BE","potentialAction":[{"@type":"ReadAction","target":["https:\/\/avrupapress.com\/2020\/03\/18\/turkiyede-koronaviruslu-hasta-sayisi-191e-ulasti-turkiyede-koronavirusten-ikinci-olum-gerceklesti\/"]}]},{"@type":"ImageObject","inLanguage":"fr-BE","@id":"https:\/\/avrupapress.com\/2020\/03\/18\/turkiyede-koronaviruslu-hasta-sayisi-191e-ulasti-turkiyede-koronavirusten-ikinci-olum-gerceklesti\/#primaryimage","url":"https:\/\/avrupapress.com\/main\/wp-content\/uploads\/2020\/03\/turkiye-genelinde-koronavirus-vaka-sayisi-191e-yukseldi.jpg","contentUrl":"https:\/\/avrupapress.com\/main\/wp-content\/uploads\/2020\/03\/turkiye-genelinde-koronavirus-vaka-sayisi-191e-yukseldi.jpg","width":640,"height":361},{"@type":"BreadcrumbList","@id":"https:\/\/avrupapress.com\/2020\/03\/18\/turkiyede-koronaviruslu-hasta-sayisi-191e-ulasti-turkiyede-koronavirusten-ikinci-olum-gerceklesti\/#breadcrumb","itemListElement":[{"@type":"ListItem","position":1,"name":"Anasayfa","item":"https:\/\/avrupapress.com\/"},{"@type":"ListItem","position":2,"name":"Sa\u011fl\u0131k Bakan\u0131 Koca a\u00e7\u0131klad\u0131: T\u00fcrkiye&#8217;de Vaka say\u0131s\u0131 191\u2019e \u00f6l\u00fc say\u0131s\u0131 2\u2019ye y\u00fckseldi"}]},{"@type":"WebSite","@id":"https:\/\/avrupapress.com\/#website","url":"https:\/\/avrupapress.com\/","name":"AvrupaPress","description":"Haberin Adresi","publisher":{"@id":"https:\/\/avrupapress.com\/#\/schema\/person\/0223dca19c72c43575bf30d1a2d8f4fa"},"potentialAction":[{"@type":"SearchAction","target":{"@type":"EntryPoint","urlTemplate":"https:\/\/avrupapress.com\/?s={search_term_string}"},"query-input":{"@type":"PropertyValueSpecification","valueRequired":true,"valueName":"search_term_string"}}],"inLanguage":"fr-BE"},{"@type":["Person","Organization"],"@id":"https:\/\/avrupapress.com\/#\/schema\/person\/0223dca19c72c43575bf30d1a2d8f4fa","name":"Bilgin \u00d6z\u00e7ift\u00e7i","image":{"@type":"ImageObject","inLanguage":"fr-BE","@id":"https:\/\/avrupapress.com\/#\/schema\/person\/image\/","url":"https:\/\/secure.gravatar.com\/avatar\/0f23b280433a21e1ea7a0adcc46ed0ad16afe3ad8e630fd13d8a017dcbd54ef3?s=96&d=mm&r=g","contentUrl":"https:\/\/secure.gravatar.com\/avatar\/0f23b280433a21e1ea7a0adcc46ed0ad16afe3ad8e630fd13d8a017dcbd54ef3?s=96&d=mm&r=g","caption":"Bilgin \u00d6z\u00e7ift\u00e7i"},"logo":{"@id":"https:\/\/avrupapress.com\/#\/schema\/person\/image\/"},"description":"Ne ben, nede sen... Biz ancak \"biz\" olursak g\u00fc\u00e7l\u00fc olabiliriz"},{"@type":"Person","@id":"https:\/\/avrupapress.com\/#\/schema\/person\/68428444ec60970d1e1b700cf4ca1e8f","name":"Edit\u00f6r","image":{"@type":"ImageObject","inLanguage":"fr-BE","@id":"https:\/\/avrupapress.com\/#\/schema\/person\/image\/","url":"https:\/\/secure.gravatar.com\/avatar\/74996b0977aa5f1559ba9883776652508b229005c0d78fb2597897f0bd651c09?s=96&d=mm&r=g","contentUrl":"https:\/\/secure.gravatar.com\/avatar\/74996b0977aa5f1559ba9883776652508b229005c0d78fb2597897f0bd651c09?s=96&d=mm&r=g","caption":"Edit\u00f6r"},"sameAs":["http:\/\/www.avrupapress.com"],"url":"https:\/\/avrupapress.com\/main\/author\/editor\/"}]}},"_links":{"self":[{"href":"https:\/\/avrupapress.com\/main\/wp-json\/wp\/v2\/posts\/10894","targetHints":{"allow":["GET"]}}],"collection":[{"href":"https:\/\/avrupapress.com\/main\/wp-json\/wp\/v2\/posts"}],"about":[{"href":"https:\/\/avrupapress.com\/main\/wp-json\/wp\/v2\/types\/post"}],"author":[{"embeddable":true,"href":"https:\/\/avrupapress.com\/main\/wp-json\/wp\/v2\/users\/3"}],"replies":[{"embeddable":true,"href":"https:\/\/avrupapress.com\/main\/wp-json\/wp\/v2\/comments?post=10894"}],"version-history":[{"count":2,"href":"https:\/\/avrupapress.com\/main\/wp-json\/wp\/v2\/posts\/10894\/revisions"}],"predecessor-version":[{"id":10904,"href":"https:\/\/avrupapress.com\/main\/wp-json\/wp\/v2\/posts\/10894\/revisions\/10904"}],"wp:featuredmedia":[{"embeddable":true,"href":"https:\/\/avrupapress.com\/main\/wp-json\/wp\/v2\/media\/10895"}],"wp:attachment":[{"href":"https:\/\/avrupapress.com\/main\/wp-json\/wp\/v2\/media?parent=10894"}],"wp:term":[{"taxonomy":"category","embeddable":true,"href":"https:\/\/avrupapress.com\/main\/wp-json\/wp\/v2\/categories?post=10894"},{"taxonomy":"post_tag","embeddable":true,"href":"https:\/\/avrupapress.com\/main\/wp-json\/wp\/v2\/tags?post=10894"}],"curies":[{"name":"wp","href":"https:\/\/api.w.org\/{rel}","templated":true}]}}