{"id":10891,"date":"2020-03-17T22:07:23","date_gmt":"2020-03-17T22:07:23","guid":{"rendered":"http:\/\/avrupapress.com\/main\/?p=10891"},"modified":"2020-03-17T22:07:27","modified_gmt":"2020-03-17T22:07:27","slug":"turkiyede-koronavirusten-ilk-olum-gerceklesti","status":"publish","type":"post","link":"https:\/\/avrupapress.com\/main\/2020\/03\/17\/turkiyede-koronavirusten-ilk-olum-gerceklesti\/","title":{"rendered":"T\u00fcrkiye&rsquo;de koronavir\u00fcsten ilk \u00f6l\u00fcm ger\u00e7ekle\u015fti"},"content":{"rendered":"\n<p><strong>Sa\u011fl\u0131k Bakan\u0131 Fahrettin Koca, T\u00fcrkiye&rsquo;de yeni tip koronavir\u00fcs salg\u0131n\u0131 nedeniyle ilk \u00f6l\u00fcm\u00fcn ger\u00e7ekle\u015fti\u011fini s\u00f6yledi. Sesi titreyerek a\u00e7\u0131klama yapan Koca, \u00ab\u00a0Koronavir\u00fcsle m\u00fccadelede bug\u00fcn ilk kez bir hastam\u0131 kaybettim. 89 ya\u015f\u0131ndaki bir vatanda\u015f\u0131m\u0131z malesef hayat\u0131n\u0131 kaybetti. \u00c7inli bir \u00e7al\u0131\u015fan\u0131ndan vir\u00fcs bula\u015fm\u0131\u015f\u00a0\u00bb dedi.<\/strong><\/p>\n\n\n\n<p>Sa\u011fl\u0131k Bakan\u0131 Fahrettin Koca, T\u00fcrkiye&rsquo;de yeni tip koronavir\u00fcs  (Kovid-19) nedeniyle ilk \u00f6l\u00fcm\u00fcn ger\u00e7ekle\u015fti\u011fini a\u00e7\u0131klad\u0131. 89 ya\u015f\u0131ndaki hastan\u0131n vir\u00fcs\u00fc \u00c7in temasl\u0131 \u00e7al\u0131\u015fan\u0131ndan ald\u0131\u011f\u0131n\u0131 belirten Bakan Koca, \u00ab\u00a0Bug\u00fcn 51 yeni vaka daha meydana geldi. Toplam hasta say\u0131m\u0131z 98 oldu\u00a0\u00bb dedi.<\/p>\n\n\n\n<h3 class=\"wp-block-heading\">\u00ab\u00a0BU HASTALIKTA \u00d6L\u00dcM ORANI SANILANIN ALTINDADIR\u00a0\u00bb<\/h3>\n\n\n\n<p>Bakan Koca, Sa\u011fl\u0131k Bakanl\u0131\u011f\u0131 Bilkent Yerle\u015fkesi&rsquo;nde koronavir\u00fcste son durumla ilgili a\u00e7\u0131klama yapt\u0131.<\/p>\n\n\n\n<p>\u00ab\u00a0Koronavir\u00fcs solunum yolu \u00fczerinden bula\u015f\u0131yor. Kalabal\u0131k ortamlar en riskli ortamlar\u00a0\u00bb diyen Bakan Koca, \u00ab\u00a0\u00c7ocuklar ve gen\u00e7ler vir\u00fcs\u00fc kolayca kapabiliyor ama bu ya\u015f grubunda \u00f6l\u00fcme neredeyse rastlanm\u0131yor. Bu hastal\u0131kta \u00f6l\u00fcm oran\u0131 san\u0131lan\u0131n alt\u0131ndad\u0131r\u00a0\u00bb ifadelerini kulland\u0131.<\/p>\n\n\n\n<h3 class=\"wp-block-heading\">\u00ab\u00a0BUG\u00dcN \u0130LK HASTAMI KAYBETT\u0130M\u00a0\u00bb<\/h3>\n\n\n\n<p>Sa\u011fl\u0131k Bakan\u0131 Fahrettin Koca, \u00ab\u00a0Koronavir\u00fcsle m\u00fccadelede bug\u00fcn ilk kez bir hastam\u0131 kaybettim. Hepimiz bu \u00f6l\u00fcm\u00fc metanetle kar\u015f\u0131lamal\u0131y\u0131z. 89 ya\u015f\u0131ndaki bir vatanda\u015f\u0131m\u0131z malesef hayat\u0131n\u0131 kaybetti. \u00c7inli bir \u00e7al\u0131\u015fan\u0131ndan vir\u00fcs bula\u015fm\u0131\u015f\u00a0\u00bb ifadeleriyle T\u00fcrkiye&rsquo;de koronavir\u00fcsten ilk \u00f6l\u00fcm\u00fcn ger\u00e7ekle\u015fti\u011fini duyurdu.<\/p>\n\n\n\n<h3 class=\"wp-block-heading\">\u00ab\u00a0TOPLAM HASTA SAYIMIZ 98 OLDU\u00a0\u00bb<\/h3>\n\n\n\n<p>Bug\u00fcn 51 yeni koronavir\u00fcs vakas\u0131n\u0131n daha meydana geldi\u011fini dile getiren Bakan Koca, \u00ab\u00a0Toplam hasta say\u0131m\u0131z 98 oldu. Avrupa ile s\u0131n\u0131rlar\u0131m\u0131z\u0131 kapatt\u0131k. Bu g\u00fcnler b\u00f6yle gitmez, iyile\u015fen hastalar var\u00a0\u00bb dedi.<\/p>\n\n\n\n<p><strong>Bilgin Ozcifci \/ AVRUPAPRESS<\/strong><\/p>\n","protected":false},"excerpt":{"rendered":"<p>Sa\u011fl\u0131k Bakan\u0131 Fahrettin Koca, T\u00fcrkiye&rsquo;de yeni tip koronavir\u00fcs salg\u0131n\u0131 nedeniyle ilk \u00f6l\u00fcm\u00fcn ger\u00e7ekle\u015fti\u011fini s\u00f6yledi. Sesi titreyerek a\u00e7\u0131klama yapan Koca, \u00ab\u00a0Koronavir\u00fcsle m\u00fccadelede bug\u00fcn ilk kez bir hastam\u0131 kaybettim. 89 ya\u015f\u0131ndaki bir vatanda\u015f\u0131m\u0131z malesef hayat\u0131n\u0131 kaybetti. \u00c7inli bir \u00e7al\u0131\u015fan\u0131ndan vir\u00fcs bula\u015fm\u0131\u015f\u00a0\u00bb dedi. Sa\u011fl\u0131k Bakan\u0131 Fahrettin Koca, T\u00fcrkiye&rsquo;de yeni tip koronavir\u00fcs (Kovid-19) nedeniyle ilk \u00f6l\u00fcm\u00fcn ger\u00e7ekle\u015fti\u011fini a\u00e7\u0131klad\u0131. 89 [&hellip;]<\/p>\n","protected":false},"author":3,"featured_media":10892,"comment_status":"closed","ping_status":"open","sticky":false,"template":"","format":"standard","meta":{"footnotes":""},"categories":[14,16,3,17,18,15,19,2,1],"tags":[],"class_list":["post-10891","post","type-post","status-publish","format-standard","has-post-thumbnail","hentry","category-avrupa","category-belcika","category-dunya","category-ekonomi","category-kultur-sanat","category-spor","category-tanitim","category-turkiye","category-uncategorized"],"yoast_head":"<!-- This site is optimized with the Yoast SEO plugin v26.9 - https:\/\/yoast.com\/product\/yoast-seo-wordpress\/ -->\n<title>T\u00fcrkiye&#039;de koronavir\u00fcsten ilk \u00f6l\u00fcm ger\u00e7ekle\u015fti - AvrupaPress<\/title>\n<meta name=\"robots\" content=\"index, follow, max-snippet:-1, max-image-preview:large, max-video-preview:-1\" \/>\n<link rel=\"canonical\" href=\"https:\/\/avrupapress.com\/2020\/03\/17\/turkiyede-koronavirusten-ilk-olum-gerceklesti\/\" \/>\n<meta property=\"og:locale\" content=\"fr_FR\" \/>\n<meta property=\"og:type\" content=\"article\" \/>\n<meta property=\"og:title\" content=\"T\u00fcrkiye&#039;de koronavir\u00fcsten ilk \u00f6l\u00fcm ger\u00e7ekle\u015fti - AvrupaPress\" \/>\n<meta property=\"og:description\" content=\"Sa\u011fl\u0131k Bakan\u0131 Fahrettin Koca, T\u00fcrkiye&rsquo;de yeni tip koronavir\u00fcs salg\u0131n\u0131 nedeniyle ilk \u00f6l\u00fcm\u00fcn ger\u00e7ekle\u015fti\u011fini s\u00f6yledi. Sesi titreyerek a\u00e7\u0131klama yapan Koca, \u00ab\u00a0Koronavir\u00fcsle m\u00fccadelede bug\u00fcn ilk kez bir hastam\u0131 kaybettim. 89 ya\u015f\u0131ndaki bir vatanda\u015f\u0131m\u0131z malesef hayat\u0131n\u0131 kaybetti. \u00c7inli bir \u00e7al\u0131\u015fan\u0131ndan vir\u00fcs bula\u015fm\u0131\u015f\u00a0\u00bb dedi. Sa\u011fl\u0131k Bakan\u0131 Fahrettin Koca, T\u00fcrkiye&rsquo;de yeni tip koronavir\u00fcs (Kovid-19) nedeniyle ilk \u00f6l\u00fcm\u00fcn ger\u00e7ekle\u015fti\u011fini a\u00e7\u0131klad\u0131. 89 [&hellip;]\" \/>\n<meta property=\"og:url\" content=\"https:\/\/avrupapress.com\/2020\/03\/17\/turkiyede-koronavirusten-ilk-olum-gerceklesti\/\" \/>\n<meta property=\"og:site_name\" content=\"AvrupaPress\" \/>\n<meta property=\"article:published_time\" content=\"2020-03-17T22:07:23+00:00\" \/>\n<meta property=\"article:modified_time\" content=\"2020-03-17T22:07:27+00:00\" \/>\n<meta property=\"og:image\" content=\"https:\/\/avrupapress.com\/wp-content\/uploads\/2020\/03\/saglik-bakani-fahrettin-koca-koronavirus-13024835_1491_o.jpg\" \/>\n\t<meta property=\"og:image:width\" content=\"640\" \/>\n\t<meta property=\"og:image:height\" content=\"361\" \/>\n\t<meta property=\"og:image:type\" content=\"image\/jpeg\" \/>\n<meta name=\"author\" content=\"Edit\u00f6r\" \/>\n<meta name=\"twitter:card\" content=\"summary_large_image\" \/>\n<meta name=\"twitter:label1\" content=\"\u00c9crit par\" \/>\n\t<meta name=\"twitter:data1\" content=\"Edit\u00f6r\" \/>\n\t<meta name=\"twitter:label2\" content=\"Dur\u00e9e de lecture est.\" \/>\n\t<meta name=\"twitter:data2\" content=\"2 minutes\" \/>\n<script type=\"application\/ld+json\" class=\"yoast-schema-graph\">{\"@context\":\"https:\/\/schema.org\",\"@graph\":[{\"@type\":\"Article\",\"@id\":\"https:\/\/avrupapress.com\/2020\/03\/17\/turkiyede-koronavirusten-ilk-olum-gerceklesti\/#article\",\"isPartOf\":{\"@id\":\"https:\/\/avrupapress.com\/2020\/03\/17\/turkiyede-koronavirusten-ilk-olum-gerceklesti\/\"},\"author\":{\"name\":\"Edit\u00f6r\",\"@id\":\"https:\/\/avrupapress.com\/#\/schema\/person\/68428444ec60970d1e1b700cf4ca1e8f\"},\"headline\":\"T\u00fcrkiye&rsquo;de koronavir\u00fcsten ilk \u00f6l\u00fcm ger\u00e7ekle\u015fti\",\"datePublished\":\"2020-03-17T22:07:23+00:00\",\"dateModified\":\"2020-03-17T22:07:27+00:00\",\"mainEntityOfPage\":{\"@id\":\"https:\/\/avrupapress.com\/2020\/03\/17\/turkiyede-koronavirusten-ilk-olum-gerceklesti\/\"},\"wordCount\":311,\"publisher\":{\"@id\":\"https:\/\/avrupapress.com\/#\/schema\/person\/0223dca19c72c43575bf30d1a2d8f4fa\"},\"image\":{\"@id\":\"https:\/\/avrupapress.com\/2020\/03\/17\/turkiyede-koronavirusten-ilk-olum-gerceklesti\/#primaryimage\"},\"thumbnailUrl\":\"https:\/\/avrupapress.com\/main\/wp-content\/uploads\/2020\/03\/saglik-bakani-fahrettin-koca-koronavirus-13024835_1491_o.jpg\",\"articleSection\":[\"Avrupa\",\"Bel\u00e7ika\",\"D\u00fcnya\",\"Ekonomi\",\"K\u00fclt\u00fcr-Sanat\",\"Spor\",\"Tan\u0131t\u0131m\",\"T\u00fcrkiye\",\"Uncategorized\"],\"inLanguage\":\"fr-BE\"},{\"@type\":\"WebPage\",\"@id\":\"https:\/\/avrupapress.com\/2020\/03\/17\/turkiyede-koronavirusten-ilk-olum-gerceklesti\/\",\"url\":\"https:\/\/avrupapress.com\/2020\/03\/17\/turkiyede-koronavirusten-ilk-olum-gerceklesti\/\",\"name\":\"T\u00fcrkiye'de koronavir\u00fcsten ilk \u00f6l\u00fcm ger\u00e7ekle\u015fti - AvrupaPress\",\"isPartOf\":{\"@id\":\"https:\/\/avrupapress.com\/#website\"},\"primaryImageOfPage\":{\"@id\":\"https:\/\/avrupapress.com\/2020\/03\/17\/turkiyede-koronavirusten-ilk-olum-gerceklesti\/#primaryimage\"},\"image\":{\"@id\":\"https:\/\/avrupapress.com\/2020\/03\/17\/turkiyede-koronavirusten-ilk-olum-gerceklesti\/#primaryimage\"},\"thumbnailUrl\":\"https:\/\/avrupapress.com\/main\/wp-content\/uploads\/2020\/03\/saglik-bakani-fahrettin-koca-koronavirus-13024835_1491_o.jpg\",\"datePublished\":\"2020-03-17T22:07:23+00:00\",\"dateModified\":\"2020-03-17T22:07:27+00:00\",\"breadcrumb\":{\"@id\":\"https:\/\/avrupapress.com\/2020\/03\/17\/turkiyede-koronavirusten-ilk-olum-gerceklesti\/#breadcrumb\"},\"inLanguage\":\"fr-BE\",\"potentialAction\":[{\"@type\":\"ReadAction\",\"target\":[\"https:\/\/avrupapress.com\/2020\/03\/17\/turkiyede-koronavirusten-ilk-olum-gerceklesti\/\"]}]},{\"@type\":\"ImageObject\",\"inLanguage\":\"fr-BE\",\"@id\":\"https:\/\/avrupapress.com\/2020\/03\/17\/turkiyede-koronavirusten-ilk-olum-gerceklesti\/#primaryimage\",\"url\":\"https:\/\/avrupapress.com\/main\/wp-content\/uploads\/2020\/03\/saglik-bakani-fahrettin-koca-koronavirus-13024835_1491_o.jpg\",\"contentUrl\":\"https:\/\/avrupapress.com\/main\/wp-content\/uploads\/2020\/03\/saglik-bakani-fahrettin-koca-koronavirus-13024835_1491_o.jpg\",\"width\":640,\"height\":361},{\"@type\":\"BreadcrumbList\",\"@id\":\"https:\/\/avrupapress.com\/2020\/03\/17\/turkiyede-koronavirusten-ilk-olum-gerceklesti\/#breadcrumb\",\"itemListElement\":[{\"@type\":\"ListItem\",\"position\":1,\"name\":\"Anasayfa\",\"item\":\"https:\/\/avrupapress.com\/\"},{\"@type\":\"ListItem\",\"position\":2,\"name\":\"T\u00fcrkiye&#8217;de koronavir\u00fcsten ilk \u00f6l\u00fcm ger\u00e7ekle\u015fti\"}]},{\"@type\":\"WebSite\",\"@id\":\"https:\/\/avrupapress.com\/#website\",\"url\":\"https:\/\/avrupapress.com\/\",\"name\":\"AvrupaPress\",\"description\":\"Haberin Adresi\",\"publisher\":{\"@id\":\"https:\/\/avrupapress.com\/#\/schema\/person\/0223dca19c72c43575bf30d1a2d8f4fa\"},\"potentialAction\":[{\"@type\":\"SearchAction\",\"target\":{\"@type\":\"EntryPoint\",\"urlTemplate\":\"https:\/\/avrupapress.com\/?s={search_term_string}\"},\"query-input\":{\"@type\":\"PropertyValueSpecification\",\"valueRequired\":true,\"valueName\":\"search_term_string\"}}],\"inLanguage\":\"fr-BE\"},{\"@type\":[\"Person\",\"Organization\"],\"@id\":\"https:\/\/avrupapress.com\/#\/schema\/person\/0223dca19c72c43575bf30d1a2d8f4fa\",\"name\":\"Bilgin \u00d6z\u00e7ift\u00e7i\",\"image\":{\"@type\":\"ImageObject\",\"inLanguage\":\"fr-BE\",\"@id\":\"https:\/\/avrupapress.com\/#\/schema\/person\/image\/\",\"url\":\"https:\/\/secure.gravatar.com\/avatar\/0f23b280433a21e1ea7a0adcc46ed0ad16afe3ad8e630fd13d8a017dcbd54ef3?s=96&d=mm&r=g\",\"contentUrl\":\"https:\/\/secure.gravatar.com\/avatar\/0f23b280433a21e1ea7a0adcc46ed0ad16afe3ad8e630fd13d8a017dcbd54ef3?s=96&d=mm&r=g\",\"caption\":\"Bilgin \u00d6z\u00e7ift\u00e7i\"},\"logo\":{\"@id\":\"https:\/\/avrupapress.com\/#\/schema\/person\/image\/\"},\"description\":\"Ne ben, nede sen... Biz ancak \\\"biz\\\" olursak g\u00fc\u00e7l\u00fc olabiliriz\"},{\"@type\":\"Person\",\"@id\":\"https:\/\/avrupapress.com\/#\/schema\/person\/68428444ec60970d1e1b700cf4ca1e8f\",\"name\":\"Edit\u00f6r\",\"image\":{\"@type\":\"ImageObject\",\"inLanguage\":\"fr-BE\",\"@id\":\"https:\/\/avrupapress.com\/#\/schema\/person\/image\/\",\"url\":\"https:\/\/secure.gravatar.com\/avatar\/74996b0977aa5f1559ba9883776652508b229005c0d78fb2597897f0bd651c09?s=96&d=mm&r=g\",\"contentUrl\":\"https:\/\/secure.gravatar.com\/avatar\/74996b0977aa5f1559ba9883776652508b229005c0d78fb2597897f0bd651c09?s=96&d=mm&r=g\",\"caption\":\"Edit\u00f6r\"},\"sameAs\":[\"http:\/\/www.avrupapress.com\"],\"url\":\"https:\/\/avrupapress.com\/main\/author\/editor\/\"}]}<\/script>\n<!-- \/ Yoast SEO plugin. -->","yoast_head_json":{"title":"T\u00fcrkiye'de koronavir\u00fcsten ilk \u00f6l\u00fcm ger\u00e7ekle\u015fti - AvrupaPress","robots":{"index":"index","follow":"follow","max-snippet":"max-snippet:-1","max-image-preview":"max-image-preview:large","max-video-preview":"max-video-preview:-1"},"canonical":"https:\/\/avrupapress.com\/2020\/03\/17\/turkiyede-koronavirusten-ilk-olum-gerceklesti\/","og_locale":"fr_FR","og_type":"article","og_title":"T\u00fcrkiye'de koronavir\u00fcsten ilk \u00f6l\u00fcm ger\u00e7ekle\u015fti - AvrupaPress","og_description":"Sa\u011fl\u0131k Bakan\u0131 Fahrettin Koca, T\u00fcrkiye&rsquo;de yeni tip koronavir\u00fcs salg\u0131n\u0131 nedeniyle ilk \u00f6l\u00fcm\u00fcn ger\u00e7ekle\u015fti\u011fini s\u00f6yledi. Sesi titreyerek a\u00e7\u0131klama yapan Koca, \u00ab\u00a0Koronavir\u00fcsle m\u00fccadelede bug\u00fcn ilk kez bir hastam\u0131 kaybettim. 89 ya\u015f\u0131ndaki bir vatanda\u015f\u0131m\u0131z malesef hayat\u0131n\u0131 kaybetti. \u00c7inli bir \u00e7al\u0131\u015fan\u0131ndan vir\u00fcs bula\u015fm\u0131\u015f\u00a0\u00bb dedi. Sa\u011fl\u0131k Bakan\u0131 Fahrettin Koca, T\u00fcrkiye&rsquo;de yeni tip koronavir\u00fcs (Kovid-19) nedeniyle ilk \u00f6l\u00fcm\u00fcn ger\u00e7ekle\u015fti\u011fini a\u00e7\u0131klad\u0131. 89 [&hellip;]","og_url":"https:\/\/avrupapress.com\/2020\/03\/17\/turkiyede-koronavirusten-ilk-olum-gerceklesti\/","og_site_name":"AvrupaPress","article_published_time":"2020-03-17T22:07:23+00:00","article_modified_time":"2020-03-17T22:07:27+00:00","og_image":[{"width":640,"height":361,"url":"https:\/\/avrupapress.com\/wp-content\/uploads\/2020\/03\/saglik-bakani-fahrettin-koca-koronavirus-13024835_1491_o.jpg","type":"image\/jpeg"}],"author":"Edit\u00f6r","twitter_card":"summary_large_image","twitter_misc":{"\u00c9crit par":"Edit\u00f6r","Dur\u00e9e de lecture est.":"2 minutes"},"schema":{"@context":"https:\/\/schema.org","@graph":[{"@type":"Article","@id":"https:\/\/avrupapress.com\/2020\/03\/17\/turkiyede-koronavirusten-ilk-olum-gerceklesti\/#article","isPartOf":{"@id":"https:\/\/avrupapress.com\/2020\/03\/17\/turkiyede-koronavirusten-ilk-olum-gerceklesti\/"},"author":{"name":"Edit\u00f6r","@id":"https:\/\/avrupapress.com\/#\/schema\/person\/68428444ec60970d1e1b700cf4ca1e8f"},"headline":"T\u00fcrkiye&rsquo;de koronavir\u00fcsten ilk \u00f6l\u00fcm ger\u00e7ekle\u015fti","datePublished":"2020-03-17T22:07:23+00:00","dateModified":"2020-03-17T22:07:27+00:00","mainEntityOfPage":{"@id":"https:\/\/avrupapress.com\/2020\/03\/17\/turkiyede-koronavirusten-ilk-olum-gerceklesti\/"},"wordCount":311,"publisher":{"@id":"https:\/\/avrupapress.com\/#\/schema\/person\/0223dca19c72c43575bf30d1a2d8f4fa"},"image":{"@id":"https:\/\/avrupapress.com\/2020\/03\/17\/turkiyede-koronavirusten-ilk-olum-gerceklesti\/#primaryimage"},"thumbnailUrl":"https:\/\/avrupapress.com\/main\/wp-content\/uploads\/2020\/03\/saglik-bakani-fahrettin-koca-koronavirus-13024835_1491_o.jpg","articleSection":["Avrupa","Bel\u00e7ika","D\u00fcnya","Ekonomi","K\u00fclt\u00fcr-Sanat","Spor","Tan\u0131t\u0131m","T\u00fcrkiye","Uncategorized"],"inLanguage":"fr-BE"},{"@type":"WebPage","@id":"https:\/\/avrupapress.com\/2020\/03\/17\/turkiyede-koronavirusten-ilk-olum-gerceklesti\/","url":"https:\/\/avrupapress.com\/2020\/03\/17\/turkiyede-koronavirusten-ilk-olum-gerceklesti\/","name":"T\u00fcrkiye'de koronavir\u00fcsten ilk \u00f6l\u00fcm ger\u00e7ekle\u015fti - AvrupaPress","isPartOf":{"@id":"https:\/\/avrupapress.com\/#website"},"primaryImageOfPage":{"@id":"https:\/\/avrupapress.com\/2020\/03\/17\/turkiyede-koronavirusten-ilk-olum-gerceklesti\/#primaryimage"},"image":{"@id":"https:\/\/avrupapress.com\/2020\/03\/17\/turkiyede-koronavirusten-ilk-olum-gerceklesti\/#primaryimage"},"thumbnailUrl":"https:\/\/avrupapress.com\/main\/wp-content\/uploads\/2020\/03\/saglik-bakani-fahrettin-koca-koronavirus-13024835_1491_o.jpg","datePublished":"2020-03-17T22:07:23+00:00","dateModified":"2020-03-17T22:07:27+00:00","breadcrumb":{"@id":"https:\/\/avrupapress.com\/2020\/03\/17\/turkiyede-koronavirusten-ilk-olum-gerceklesti\/#breadcrumb"},"inLanguage":"fr-BE","potentialAction":[{"@type":"ReadAction","target":["https:\/\/avrupapress.com\/2020\/03\/17\/turkiyede-koronavirusten-ilk-olum-gerceklesti\/"]}]},{"@type":"ImageObject","inLanguage":"fr-BE","@id":"https:\/\/avrupapress.com\/2020\/03\/17\/turkiyede-koronavirusten-ilk-olum-gerceklesti\/#primaryimage","url":"https:\/\/avrupapress.com\/main\/wp-content\/uploads\/2020\/03\/saglik-bakani-fahrettin-koca-koronavirus-13024835_1491_o.jpg","contentUrl":"https:\/\/avrupapress.com\/main\/wp-content\/uploads\/2020\/03\/saglik-bakani-fahrettin-koca-koronavirus-13024835_1491_o.jpg","width":640,"height":361},{"@type":"BreadcrumbList","@id":"https:\/\/avrupapress.com\/2020\/03\/17\/turkiyede-koronavirusten-ilk-olum-gerceklesti\/#breadcrumb","itemListElement":[{"@type":"ListItem","position":1,"name":"Anasayfa","item":"https:\/\/avrupapress.com\/"},{"@type":"ListItem","position":2,"name":"T\u00fcrkiye&#8217;de koronavir\u00fcsten ilk \u00f6l\u00fcm ger\u00e7ekle\u015fti"}]},{"@type":"WebSite","@id":"https:\/\/avrupapress.com\/#website","url":"https:\/\/avrupapress.com\/","name":"AvrupaPress","description":"Haberin Adresi","publisher":{"@id":"https:\/\/avrupapress.com\/#\/schema\/person\/0223dca19c72c43575bf30d1a2d8f4fa"},"potentialAction":[{"@type":"SearchAction","target":{"@type":"EntryPoint","urlTemplate":"https:\/\/avrupapress.com\/?s={search_term_string}"},"query-input":{"@type":"PropertyValueSpecification","valueRequired":true,"valueName":"search_term_string"}}],"inLanguage":"fr-BE"},{"@type":["Person","Organization"],"@id":"https:\/\/avrupapress.com\/#\/schema\/person\/0223dca19c72c43575bf30d1a2d8f4fa","name":"Bilgin \u00d6z\u00e7ift\u00e7i","image":{"@type":"ImageObject","inLanguage":"fr-BE","@id":"https:\/\/avrupapress.com\/#\/schema\/person\/image\/","url":"https:\/\/secure.gravatar.com\/avatar\/0f23b280433a21e1ea7a0adcc46ed0ad16afe3ad8e630fd13d8a017dcbd54ef3?s=96&d=mm&r=g","contentUrl":"https:\/\/secure.gravatar.com\/avatar\/0f23b280433a21e1ea7a0adcc46ed0ad16afe3ad8e630fd13d8a017dcbd54ef3?s=96&d=mm&r=g","caption":"Bilgin \u00d6z\u00e7ift\u00e7i"},"logo":{"@id":"https:\/\/avrupapress.com\/#\/schema\/person\/image\/"},"description":"Ne ben, nede sen... Biz ancak \"biz\" olursak g\u00fc\u00e7l\u00fc olabiliriz"},{"@type":"Person","@id":"https:\/\/avrupapress.com\/#\/schema\/person\/68428444ec60970d1e1b700cf4ca1e8f","name":"Edit\u00f6r","image":{"@type":"ImageObject","inLanguage":"fr-BE","@id":"https:\/\/avrupapress.com\/#\/schema\/person\/image\/","url":"https:\/\/secure.gravatar.com\/avatar\/74996b0977aa5f1559ba9883776652508b229005c0d78fb2597897f0bd651c09?s=96&d=mm&r=g","contentUrl":"https:\/\/secure.gravatar.com\/avatar\/74996b0977aa5f1559ba9883776652508b229005c0d78fb2597897f0bd651c09?s=96&d=mm&r=g","caption":"Edit\u00f6r"},"sameAs":["http:\/\/www.avrupapress.com"],"url":"https:\/\/avrupapress.com\/main\/author\/editor\/"}]}},"_links":{"self":[{"href":"https:\/\/avrupapress.com\/main\/wp-json\/wp\/v2\/posts\/10891","targetHints":{"allow":["GET"]}}],"collection":[{"href":"https:\/\/avrupapress.com\/main\/wp-json\/wp\/v2\/posts"}],"about":[{"href":"https:\/\/avrupapress.com\/main\/wp-json\/wp\/v2\/types\/post"}],"author":[{"embeddable":true,"href":"https:\/\/avrupapress.com\/main\/wp-json\/wp\/v2\/users\/3"}],"replies":[{"embeddable":true,"href":"https:\/\/avrupapress.com\/main\/wp-json\/wp\/v2\/comments?post=10891"}],"version-history":[{"count":1,"href":"https:\/\/avrupapress.com\/main\/wp-json\/wp\/v2\/posts\/10891\/revisions"}],"predecessor-version":[{"id":10893,"href":"https:\/\/avrupapress.com\/main\/wp-json\/wp\/v2\/posts\/10891\/revisions\/10893"}],"wp:featuredmedia":[{"embeddable":true,"href":"https:\/\/avrupapress.com\/main\/wp-json\/wp\/v2\/media\/10892"}],"wp:attachment":[{"href":"https:\/\/avrupapress.com\/main\/wp-json\/wp\/v2\/media?parent=10891"}],"wp:term":[{"taxonomy":"category","embeddable":true,"href":"https:\/\/avrupapress.com\/main\/wp-json\/wp\/v2\/categories?post=10891"},{"taxonomy":"post_tag","embeddable":true,"href":"https:\/\/avrupapress.com\/main\/wp-json\/wp\/v2\/tags?post=10891"}],"curies":[{"name":"wp","href":"https:\/\/api.w.org\/{rel}","templated":true}]}}