{"id":10887,"date":"2020-03-17T21:58:21","date_gmt":"2020-03-17T21:58:21","guid":{"rendered":"http:\/\/avrupapress.com\/main\/?p=10887"},"modified":"2020-03-17T22:01:10","modified_gmt":"2020-03-17T22:01:10","slug":"belcika-devleti-yarin-sokaga-cikma-yasagi-karari-aldi","status":"publish","type":"post","link":"https:\/\/avrupapress.com\/main\/2020\/03\/17\/belcika-devleti-yarin-sokaga-cikma-yasagi-karari-aldi\/","title":{"rendered":"BEL\u00c7\u0130KA DEVLET\u0130 YARIN SOKA\u011eA \u00c7IKMA YASA\u011eI KARARI ALDI\u00a0\u00bb"},"content":{"rendered":"\n<p><strong>\u00ab\u00a0Herkes evde olabildi\u011fince evde kalmal\u0131\u00a0\u00bb: Bel\u00e7ika koronavir\u00fcse kar\u015f\u0131 bu kapsaml\u0131 \u00f6nlemleri al\u0131yor<\/strong><\/p>\n\n\n\n<p>korona vir\u00fcs\u00fc ile m\u00fccadele i\u00e7in daha s\u0131k\u0131 \u00f6nlemler al\u0131nmaktad\u0131r.\u00a0Federal h\u00fck\u00fcmet bunu Ulusal G\u00fcvenlik Konseyi toplant\u0131s\u0131ndan sonra a\u00e7\u0131klad\u0131.<\/p>\n\n\n\n<p>Bel\u00e7ika Devletii koronavir\u00fcs salg\u0131n\u0131 ile m\u00fccadele kapsam\u0131nda yar\u0131n \u00f6\u011flen saat 12\u2019den itibaren soka\u011fa \u00e7\u0131kma yasa\u011f\u0131 karar\u0131 ald\u0131.<\/p>\n\n\n\n<p>Bel\u00e7ika Devleti koronavir\u00fcs salg\u0131n\u0131 ile m\u00fccadele kapsam\u0131nda 5 Nisan tarihine kadar zorunlu hallerin d\u0131\u015f\u0131nda soka\u011fa \u00e7\u0131kma yasa\u011f\u0131 karar\u0131 al\u0131nd\u0131\u011f\u0131n\u0131 duyurdu.<\/p>\n\n\n\n<p>ALINAN YEN\u0130 KARARLAR<\/p>\n\n\n\n<p>\u2022 D\u0131\u015far\u0131 \u00e7\u0131kma yasa\u011f\u0131 dahilinde aile, arkada\u015f, dost ve akraba ziyaretleri kesinlikle yasakland\u0131<\/p>\n\n\n\n<p>.\u2022 5 Nisan tarihine kadar postane,Bankalar s\u00fcpermarketler, bakkallar, kasaplar, eczaneler<\/p>\n\n\n\n<p>, gazete d\u00fckkanlar\u0131, hayvanlar i\u00e7in yiyecek satan yerler a\u00e7\u0131k kalacak<\/p>\n\n\n\n<p>.\u2022 Gece bakkallar\u0131 ak\u015fam saat 22\u2019de kapanacak<\/p>\n\n\n\n<p>.\u2022 Al\u0131\u015fveri\u015flere k\u0131s\u0131tlama geliyor, yani ihtiyac\u0131n\u0131zdan fazlas\u0131n\u0131 sat\u0131n alamayacaks\u0131n\u0131z.<\/p>\n\n\n\n<p>\u2022 M\u00fc\u015fteriler s\u00fcpermarketlerde en fazla 30 dakika kalabilecek<\/p>\n\n\n\n<p>.\u2022 A\u00e7\u0131k pazar yerleri kapal\u0131 olacak<\/p>\n\n\n\n<p>\u2022 \u0130\u015f\u00e7iler \u00e7al\u0131\u015fmaya devam edecek fakat memmurlar\u0131n evde \u00e7al\u0131\u015fmas\u0131 tavsiye ediliyor<\/p>\n\n\n\n<p>.\u2022 benzin istasyonuna  ihtiya\u00e7 duyan insanlara yard\u0131m etmek<\/p>\n\n\n\n<p>\u2022<strong> Kuaf\u00f6rler a\u00e7\u0131k kalabilir<\/strong> , ancak ayn\u0131 anda yaln\u0131zca bir m\u00fc\u015fteri alabilir..<strong>Restoranlar, kafeler ve diskolar kapal\u0131 kal\u0131r<\/strong>\u00a0<\/p>\n\n\n\n<p>.\u2022 <strong>toplu ta\u015f\u0131ma binecek<\/strong> , ancak kendilerini \u00f6rg\u00fctlemek zorundad\u0131r 1,5 metrelik Travellers oturabilir. Yurt d\u0131\u015f\u0131na zorunlu olmayan seyahatler 5 Nisan&rsquo;a kadar yasakt\u0131r ..<\/p>\n\n\n\n<p> <strong>\u00dcniversiteler ve kolejler<\/strong>\u00a0,\u00a0hemen hemen t\u00fcm kurumlar\u0131n ald\u0131\u011f\u0131 bir \u015fey olan\u00a0<strong>uzaktan e\u011fitim<\/strong>\u00a0yoluyla \u00e7ok fazla\u00a0\u015fey\u00a0\u00f6\u011fretmeye te\u015fvik edilir\u00a0.\u00a0<strong>kre\u015f a\u00e7\u0131k kalacakt\u0131r.<\/strong>..<\/p>\n\n\n\n<p>T\u00fcm\u00a0\u00a0<strong>s\u0131n\u0131flar ask\u0131ya al\u0131n\u0131r<\/strong>\u00a0.\u00a0A\u00e7\u0131k\u00e7as\u0131\u00a0, t\u0131p ve sa\u011fl\u0131k sekt\u00f6r\u00fcnde \u00e7al\u0131\u015fan veya kamu g\u00fcvenli\u011finden sorumlu olan ebeveynlerin \u00e7ocuklar\u0131na\u00a0<strong>\u00e7ocuk bak\u0131m\u0131<\/strong>\u00a0sa\u011fland\u0131\u011f\u0131ndan\u00a0, okullar kapal\u0131 de\u011fildir\u00a0.\u00a0Sadece ya\u015fl\u0131lar taraf\u0131ndan bak\u0131labilen \u00e7ocuklar da okullara gidebilir..<\/p>\n\n\n\n<p><strong>havaalanlar\u0131 a\u00e7\u0131k kalacak<\/strong>\u00a0\u015fimdi \u00e7ok daha az u\u00e7u\u015flar olmas\u0131na ra\u011fmen,.\u00a0\u00d6rne\u011fin, Brussels Airlines t\u00fcm u\u00e7u\u015flar\u0131n\u0131 20 Mart Cuma g\u00fcn\u00fcnden itibaren iptal edecek.\u00a0FPS D\u0131\u015fi\u015fleri ayn\u0131 zamanda yurtd\u0131\u015f\u0131na yap\u0131lan t\u00fcm seyahatlere kar\u015f\u0131 tavsiyelerde bulundu.<\/p>\n\n\n\n<p>Flaman h\u00fck\u00fcmeti d\u00fczeyinde, <strong> ziyaret\u00e7ilerin<\/strong>  art\u0131k <strong>ya\u015fl\u0131lar<\/strong> ,  <strong>psikiyatri kurumlar\u0131<\/strong>  ve <strong> engelli insanlar i\u00e7in konut tesislerini ziyaret etmelerine<\/strong> izin verilmemesi gerekti\u011fine karar verildi  . <strong>G\u00fcnd\u00fcz merkezleri ve servis merkezleri kap\u0131lar\u0131n\u0131 tamamen kapatt\u0131<\/strong><\/p>\n\n\n<p><!--EndFragment--><br \/><br \/><\/p>\n\n<p><br \/><br \/><!--StartFragment--><\/p>\n\n<p><!--EndFragment--><br>\n<br>\n<\/p>\n\n\n<p>  <\/p>\n","protected":false},"excerpt":{"rendered":"<p>\u00ab\u00a0Herkes evde olabildi\u011fince evde kalmal\u0131\u00a0\u00bb: Bel\u00e7ika koronavir\u00fcse kar\u015f\u0131 bu kapsaml\u0131 \u00f6nlemleri al\u0131yor korona vir\u00fcs\u00fc ile m\u00fccadele i\u00e7in daha s\u0131k\u0131 \u00f6nlemler al\u0131nmaktad\u0131r.\u00a0Federal h\u00fck\u00fcmet bunu Ulusal G\u00fcvenlik Konseyi toplant\u0131s\u0131ndan sonra a\u00e7\u0131klad\u0131. Bel\u00e7ika Devletii koronavir\u00fcs salg\u0131n\u0131 ile m\u00fccadele kapsam\u0131nda yar\u0131n \u00f6\u011flen saat 12\u2019den itibaren soka\u011fa \u00e7\u0131kma yasa\u011f\u0131 karar\u0131 ald\u0131. Bel\u00e7ika Devleti koronavir\u00fcs salg\u0131n\u0131 ile m\u00fccadele kapsam\u0131nda 5 Nisan [&hellip;]<\/p>\n","protected":false},"author":3,"featured_media":10890,"comment_status":"closed","ping_status":"open","sticky":false,"template":"","format":"standard","meta":{"footnotes":""},"categories":[14,16,3,17,18,15,19,2,1],"tags":[5128],"class_list":["post-10887","post","type-post","status-publish","format-standard","has-post-thumbnail","hentry","category-avrupa","category-belcika","category-dunya","category-ekonomi","category-kultur-sanat","category-spor","category-tanitim","category-turkiye","category-uncategorized","tag-belcika-devleti-yarin-sokaga-cikma-yasagi-karari-aldi"],"yoast_head":"<!-- This site is optimized with the Yoast SEO plugin v26.9 - https:\/\/yoast.com\/product\/yoast-seo-wordpress\/ -->\n<title>BEL\u00c7\u0130KA DEVLET\u0130 YARIN SOKA\u011eA \u00c7IKMA YASA\u011eI KARARI ALDI&quot; - AvrupaPress<\/title>\n<meta name=\"robots\" content=\"index, follow, max-snippet:-1, max-image-preview:large, max-video-preview:-1\" \/>\n<link rel=\"canonical\" href=\"https:\/\/avrupapress.com\/2020\/03\/17\/belcika-devleti-yarin-sokaga-cikma-yasagi-karari-aldi\/\" \/>\n<meta property=\"og:locale\" content=\"fr_FR\" \/>\n<meta property=\"og:type\" content=\"article\" \/>\n<meta property=\"og:title\" content=\"BEL\u00c7\u0130KA DEVLET\u0130 YARIN SOKA\u011eA \u00c7IKMA YASA\u011eI KARARI ALDI&quot; - AvrupaPress\" \/>\n<meta property=\"og:description\" content=\"\u00ab\u00a0Herkes evde olabildi\u011fince evde kalmal\u0131\u00a0\u00bb: Bel\u00e7ika koronavir\u00fcse kar\u015f\u0131 bu kapsaml\u0131 \u00f6nlemleri al\u0131yor korona vir\u00fcs\u00fc ile m\u00fccadele i\u00e7in daha s\u0131k\u0131 \u00f6nlemler al\u0131nmaktad\u0131r.\u00a0Federal h\u00fck\u00fcmet bunu Ulusal G\u00fcvenlik Konseyi toplant\u0131s\u0131ndan sonra a\u00e7\u0131klad\u0131. Bel\u00e7ika Devletii koronavir\u00fcs salg\u0131n\u0131 ile m\u00fccadele kapsam\u0131nda yar\u0131n \u00f6\u011flen saat 12\u2019den itibaren soka\u011fa \u00e7\u0131kma yasa\u011f\u0131 karar\u0131 ald\u0131. Bel\u00e7ika Devleti koronavir\u00fcs salg\u0131n\u0131 ile m\u00fccadele kapsam\u0131nda 5 Nisan [&hellip;]\" \/>\n<meta property=\"og:url\" content=\"https:\/\/avrupapress.com\/2020\/03\/17\/belcika-devleti-yarin-sokaga-cikma-yasagi-karari-aldi\/\" \/>\n<meta property=\"og:site_name\" content=\"AvrupaPress\" \/>\n<meta property=\"article:published_time\" content=\"2020-03-17T21:58:21+00:00\" \/>\n<meta property=\"article:modified_time\" content=\"2020-03-17T22:01:10+00:00\" \/>\n<meta property=\"og:image\" content=\"https:\/\/avrupapress.com\/wp-content\/uploads\/2020\/03\/7F41C64C-9D0F-42F6-ABCB-A7743DE90CE8.jpg\" \/>\n\t<meta property=\"og:image:width\" content=\"507\" \/>\n\t<meta property=\"og:image:height\" content=\"327\" \/>\n\t<meta property=\"og:image:type\" content=\"image\/jpeg\" \/>\n<meta name=\"author\" content=\"Edit\u00f6r\" \/>\n<meta name=\"twitter:card\" content=\"summary_large_image\" \/>\n<meta name=\"twitter:label1\" content=\"\u00c9crit par\" \/>\n\t<meta name=\"twitter:data1\" content=\"Edit\u00f6r\" \/>\n\t<meta name=\"twitter:label2\" content=\"Dur\u00e9e de lecture est.\" \/>\n\t<meta name=\"twitter:data2\" content=\"2 minutes\" \/>\n<script type=\"application\/ld+json\" class=\"yoast-schema-graph\">{\"@context\":\"https:\/\/schema.org\",\"@graph\":[{\"@type\":\"Article\",\"@id\":\"https:\/\/avrupapress.com\/2020\/03\/17\/belcika-devleti-yarin-sokaga-cikma-yasagi-karari-aldi\/#article\",\"isPartOf\":{\"@id\":\"https:\/\/avrupapress.com\/2020\/03\/17\/belcika-devleti-yarin-sokaga-cikma-yasagi-karari-aldi\/\"},\"author\":{\"name\":\"Edit\u00f6r\",\"@id\":\"https:\/\/avrupapress.com\/#\/schema\/person\/68428444ec60970d1e1b700cf4ca1e8f\"},\"headline\":\"BEL\u00c7\u0130KA DEVLET\u0130 YARIN SOKA\u011eA \u00c7IKMA YASA\u011eI KARARI ALDI\u00a0\u00bb\",\"datePublished\":\"2020-03-17T21:58:21+00:00\",\"dateModified\":\"2020-03-17T22:01:10+00:00\",\"mainEntityOfPage\":{\"@id\":\"https:\/\/avrupapress.com\/2020\/03\/17\/belcika-devleti-yarin-sokaga-cikma-yasagi-karari-aldi\/\"},\"wordCount\":427,\"publisher\":{\"@id\":\"https:\/\/avrupapress.com\/#\/schema\/person\/0223dca19c72c43575bf30d1a2d8f4fa\"},\"image\":{\"@id\":\"https:\/\/avrupapress.com\/2020\/03\/17\/belcika-devleti-yarin-sokaga-cikma-yasagi-karari-aldi\/#primaryimage\"},\"thumbnailUrl\":\"https:\/\/avrupapress.com\/main\/wp-content\/uploads\/2020\/03\/7F41C64C-9D0F-42F6-ABCB-A7743DE90CE8.jpg\",\"keywords\":[\"BEL\u00c7\u0130KA DEVLET\u0130 YARIN SOKA\u011eA \u00c7IKMA YASA\u011eI KARARI ALDI&quot;\"],\"articleSection\":[\"Avrupa\",\"Bel\u00e7ika\",\"D\u00fcnya\",\"Ekonomi\",\"K\u00fclt\u00fcr-Sanat\",\"Spor\",\"Tan\u0131t\u0131m\",\"T\u00fcrkiye\",\"Uncategorized\"],\"inLanguage\":\"fr-BE\"},{\"@type\":\"WebPage\",\"@id\":\"https:\/\/avrupapress.com\/2020\/03\/17\/belcika-devleti-yarin-sokaga-cikma-yasagi-karari-aldi\/\",\"url\":\"https:\/\/avrupapress.com\/2020\/03\/17\/belcika-devleti-yarin-sokaga-cikma-yasagi-karari-aldi\/\",\"name\":\"BEL\u00c7\u0130KA DEVLET\u0130 YARIN SOKA\u011eA \u00c7IKMA YASA\u011eI KARARI ALDI\\\" - AvrupaPress\",\"isPartOf\":{\"@id\":\"https:\/\/avrupapress.com\/#website\"},\"primaryImageOfPage\":{\"@id\":\"https:\/\/avrupapress.com\/2020\/03\/17\/belcika-devleti-yarin-sokaga-cikma-yasagi-karari-aldi\/#primaryimage\"},\"image\":{\"@id\":\"https:\/\/avrupapress.com\/2020\/03\/17\/belcika-devleti-yarin-sokaga-cikma-yasagi-karari-aldi\/#primaryimage\"},\"thumbnailUrl\":\"https:\/\/avrupapress.com\/main\/wp-content\/uploads\/2020\/03\/7F41C64C-9D0F-42F6-ABCB-A7743DE90CE8.jpg\",\"datePublished\":\"2020-03-17T21:58:21+00:00\",\"dateModified\":\"2020-03-17T22:01:10+00:00\",\"breadcrumb\":{\"@id\":\"https:\/\/avrupapress.com\/2020\/03\/17\/belcika-devleti-yarin-sokaga-cikma-yasagi-karari-aldi\/#breadcrumb\"},\"inLanguage\":\"fr-BE\",\"potentialAction\":[{\"@type\":\"ReadAction\",\"target\":[\"https:\/\/avrupapress.com\/2020\/03\/17\/belcika-devleti-yarin-sokaga-cikma-yasagi-karari-aldi\/\"]}]},{\"@type\":\"ImageObject\",\"inLanguage\":\"fr-BE\",\"@id\":\"https:\/\/avrupapress.com\/2020\/03\/17\/belcika-devleti-yarin-sokaga-cikma-yasagi-karari-aldi\/#primaryimage\",\"url\":\"https:\/\/avrupapress.com\/main\/wp-content\/uploads\/2020\/03\/7F41C64C-9D0F-42F6-ABCB-A7743DE90CE8.jpg\",\"contentUrl\":\"https:\/\/avrupapress.com\/main\/wp-content\/uploads\/2020\/03\/7F41C64C-9D0F-42F6-ABCB-A7743DE90CE8.jpg\",\"width\":507,\"height\":327},{\"@type\":\"BreadcrumbList\",\"@id\":\"https:\/\/avrupapress.com\/2020\/03\/17\/belcika-devleti-yarin-sokaga-cikma-yasagi-karari-aldi\/#breadcrumb\",\"itemListElement\":[{\"@type\":\"ListItem\",\"position\":1,\"name\":\"Anasayfa\",\"item\":\"https:\/\/avrupapress.com\/\"},{\"@type\":\"ListItem\",\"position\":2,\"name\":\"BEL\u00c7\u0130KA DEVLET\u0130 YARIN SOKA\u011eA \u00c7IKMA YASA\u011eI KARARI ALDI&#8221;\"}]},{\"@type\":\"WebSite\",\"@id\":\"https:\/\/avrupapress.com\/#website\",\"url\":\"https:\/\/avrupapress.com\/\",\"name\":\"AvrupaPress\",\"description\":\"Haberin Adresi\",\"publisher\":{\"@id\":\"https:\/\/avrupapress.com\/#\/schema\/person\/0223dca19c72c43575bf30d1a2d8f4fa\"},\"potentialAction\":[{\"@type\":\"SearchAction\",\"target\":{\"@type\":\"EntryPoint\",\"urlTemplate\":\"https:\/\/avrupapress.com\/?s={search_term_string}\"},\"query-input\":{\"@type\":\"PropertyValueSpecification\",\"valueRequired\":true,\"valueName\":\"search_term_string\"}}],\"inLanguage\":\"fr-BE\"},{\"@type\":[\"Person\",\"Organization\"],\"@id\":\"https:\/\/avrupapress.com\/#\/schema\/person\/0223dca19c72c43575bf30d1a2d8f4fa\",\"name\":\"Bilgin \u00d6z\u00e7ift\u00e7i\",\"image\":{\"@type\":\"ImageObject\",\"inLanguage\":\"fr-BE\",\"@id\":\"https:\/\/avrupapress.com\/#\/schema\/person\/image\/\",\"url\":\"https:\/\/secure.gravatar.com\/avatar\/0f23b280433a21e1ea7a0adcc46ed0ad16afe3ad8e630fd13d8a017dcbd54ef3?s=96&d=mm&r=g\",\"contentUrl\":\"https:\/\/secure.gravatar.com\/avatar\/0f23b280433a21e1ea7a0adcc46ed0ad16afe3ad8e630fd13d8a017dcbd54ef3?s=96&d=mm&r=g\",\"caption\":\"Bilgin \u00d6z\u00e7ift\u00e7i\"},\"logo\":{\"@id\":\"https:\/\/avrupapress.com\/#\/schema\/person\/image\/\"},\"description\":\"Ne ben, nede sen... Biz ancak \\\"biz\\\" olursak g\u00fc\u00e7l\u00fc olabiliriz\"},{\"@type\":\"Person\",\"@id\":\"https:\/\/avrupapress.com\/#\/schema\/person\/68428444ec60970d1e1b700cf4ca1e8f\",\"name\":\"Edit\u00f6r\",\"image\":{\"@type\":\"ImageObject\",\"inLanguage\":\"fr-BE\",\"@id\":\"https:\/\/avrupapress.com\/#\/schema\/person\/image\/\",\"url\":\"https:\/\/secure.gravatar.com\/avatar\/74996b0977aa5f1559ba9883776652508b229005c0d78fb2597897f0bd651c09?s=96&d=mm&r=g\",\"contentUrl\":\"https:\/\/secure.gravatar.com\/avatar\/74996b0977aa5f1559ba9883776652508b229005c0d78fb2597897f0bd651c09?s=96&d=mm&r=g\",\"caption\":\"Edit\u00f6r\"},\"sameAs\":[\"http:\/\/www.avrupapress.com\"],\"url\":\"https:\/\/avrupapress.com\/main\/author\/editor\/\"}]}<\/script>\n<!-- \/ Yoast SEO plugin. -->","yoast_head_json":{"title":"BEL\u00c7\u0130KA DEVLET\u0130 YARIN SOKA\u011eA \u00c7IKMA YASA\u011eI KARARI ALDI\" - AvrupaPress","robots":{"index":"index","follow":"follow","max-snippet":"max-snippet:-1","max-image-preview":"max-image-preview:large","max-video-preview":"max-video-preview:-1"},"canonical":"https:\/\/avrupapress.com\/2020\/03\/17\/belcika-devleti-yarin-sokaga-cikma-yasagi-karari-aldi\/","og_locale":"fr_FR","og_type":"article","og_title":"BEL\u00c7\u0130KA DEVLET\u0130 YARIN SOKA\u011eA \u00c7IKMA YASA\u011eI KARARI ALDI\" - AvrupaPress","og_description":"\u00ab\u00a0Herkes evde olabildi\u011fince evde kalmal\u0131\u00a0\u00bb: Bel\u00e7ika koronavir\u00fcse kar\u015f\u0131 bu kapsaml\u0131 \u00f6nlemleri al\u0131yor korona vir\u00fcs\u00fc ile m\u00fccadele i\u00e7in daha s\u0131k\u0131 \u00f6nlemler al\u0131nmaktad\u0131r.\u00a0Federal h\u00fck\u00fcmet bunu Ulusal G\u00fcvenlik Konseyi toplant\u0131s\u0131ndan sonra a\u00e7\u0131klad\u0131. Bel\u00e7ika Devletii koronavir\u00fcs salg\u0131n\u0131 ile m\u00fccadele kapsam\u0131nda yar\u0131n \u00f6\u011flen saat 12\u2019den itibaren soka\u011fa \u00e7\u0131kma yasa\u011f\u0131 karar\u0131 ald\u0131. Bel\u00e7ika Devleti koronavir\u00fcs salg\u0131n\u0131 ile m\u00fccadele kapsam\u0131nda 5 Nisan [&hellip;]","og_url":"https:\/\/avrupapress.com\/2020\/03\/17\/belcika-devleti-yarin-sokaga-cikma-yasagi-karari-aldi\/","og_site_name":"AvrupaPress","article_published_time":"2020-03-17T21:58:21+00:00","article_modified_time":"2020-03-17T22:01:10+00:00","og_image":[{"width":507,"height":327,"url":"https:\/\/avrupapress.com\/wp-content\/uploads\/2020\/03\/7F41C64C-9D0F-42F6-ABCB-A7743DE90CE8.jpg","type":"image\/jpeg"}],"author":"Edit\u00f6r","twitter_card":"summary_large_image","twitter_misc":{"\u00c9crit par":"Edit\u00f6r","Dur\u00e9e de lecture est.":"2 minutes"},"schema":{"@context":"https:\/\/schema.org","@graph":[{"@type":"Article","@id":"https:\/\/avrupapress.com\/2020\/03\/17\/belcika-devleti-yarin-sokaga-cikma-yasagi-karari-aldi\/#article","isPartOf":{"@id":"https:\/\/avrupapress.com\/2020\/03\/17\/belcika-devleti-yarin-sokaga-cikma-yasagi-karari-aldi\/"},"author":{"name":"Edit\u00f6r","@id":"https:\/\/avrupapress.com\/#\/schema\/person\/68428444ec60970d1e1b700cf4ca1e8f"},"headline":"BEL\u00c7\u0130KA DEVLET\u0130 YARIN SOKA\u011eA \u00c7IKMA YASA\u011eI KARARI ALDI\u00a0\u00bb","datePublished":"2020-03-17T21:58:21+00:00","dateModified":"2020-03-17T22:01:10+00:00","mainEntityOfPage":{"@id":"https:\/\/avrupapress.com\/2020\/03\/17\/belcika-devleti-yarin-sokaga-cikma-yasagi-karari-aldi\/"},"wordCount":427,"publisher":{"@id":"https:\/\/avrupapress.com\/#\/schema\/person\/0223dca19c72c43575bf30d1a2d8f4fa"},"image":{"@id":"https:\/\/avrupapress.com\/2020\/03\/17\/belcika-devleti-yarin-sokaga-cikma-yasagi-karari-aldi\/#primaryimage"},"thumbnailUrl":"https:\/\/avrupapress.com\/main\/wp-content\/uploads\/2020\/03\/7F41C64C-9D0F-42F6-ABCB-A7743DE90CE8.jpg","keywords":["BEL\u00c7\u0130KA DEVLET\u0130 YARIN SOKA\u011eA \u00c7IKMA YASA\u011eI KARARI ALDI&quot;"],"articleSection":["Avrupa","Bel\u00e7ika","D\u00fcnya","Ekonomi","K\u00fclt\u00fcr-Sanat","Spor","Tan\u0131t\u0131m","T\u00fcrkiye","Uncategorized"],"inLanguage":"fr-BE"},{"@type":"WebPage","@id":"https:\/\/avrupapress.com\/2020\/03\/17\/belcika-devleti-yarin-sokaga-cikma-yasagi-karari-aldi\/","url":"https:\/\/avrupapress.com\/2020\/03\/17\/belcika-devleti-yarin-sokaga-cikma-yasagi-karari-aldi\/","name":"BEL\u00c7\u0130KA DEVLET\u0130 YARIN SOKA\u011eA \u00c7IKMA YASA\u011eI KARARI ALDI\" - AvrupaPress","isPartOf":{"@id":"https:\/\/avrupapress.com\/#website"},"primaryImageOfPage":{"@id":"https:\/\/avrupapress.com\/2020\/03\/17\/belcika-devleti-yarin-sokaga-cikma-yasagi-karari-aldi\/#primaryimage"},"image":{"@id":"https:\/\/avrupapress.com\/2020\/03\/17\/belcika-devleti-yarin-sokaga-cikma-yasagi-karari-aldi\/#primaryimage"},"thumbnailUrl":"https:\/\/avrupapress.com\/main\/wp-content\/uploads\/2020\/03\/7F41C64C-9D0F-42F6-ABCB-A7743DE90CE8.jpg","datePublished":"2020-03-17T21:58:21+00:00","dateModified":"2020-03-17T22:01:10+00:00","breadcrumb":{"@id":"https:\/\/avrupapress.com\/2020\/03\/17\/belcika-devleti-yarin-sokaga-cikma-yasagi-karari-aldi\/#breadcrumb"},"inLanguage":"fr-BE","potentialAction":[{"@type":"ReadAction","target":["https:\/\/avrupapress.com\/2020\/03\/17\/belcika-devleti-yarin-sokaga-cikma-yasagi-karari-aldi\/"]}]},{"@type":"ImageObject","inLanguage":"fr-BE","@id":"https:\/\/avrupapress.com\/2020\/03\/17\/belcika-devleti-yarin-sokaga-cikma-yasagi-karari-aldi\/#primaryimage","url":"https:\/\/avrupapress.com\/main\/wp-content\/uploads\/2020\/03\/7F41C64C-9D0F-42F6-ABCB-A7743DE90CE8.jpg","contentUrl":"https:\/\/avrupapress.com\/main\/wp-content\/uploads\/2020\/03\/7F41C64C-9D0F-42F6-ABCB-A7743DE90CE8.jpg","width":507,"height":327},{"@type":"BreadcrumbList","@id":"https:\/\/avrupapress.com\/2020\/03\/17\/belcika-devleti-yarin-sokaga-cikma-yasagi-karari-aldi\/#breadcrumb","itemListElement":[{"@type":"ListItem","position":1,"name":"Anasayfa","item":"https:\/\/avrupapress.com\/"},{"@type":"ListItem","position":2,"name":"BEL\u00c7\u0130KA DEVLET\u0130 YARIN SOKA\u011eA \u00c7IKMA YASA\u011eI KARARI ALDI&#8221;"}]},{"@type":"WebSite","@id":"https:\/\/avrupapress.com\/#website","url":"https:\/\/avrupapress.com\/","name":"AvrupaPress","description":"Haberin Adresi","publisher":{"@id":"https:\/\/avrupapress.com\/#\/schema\/person\/0223dca19c72c43575bf30d1a2d8f4fa"},"potentialAction":[{"@type":"SearchAction","target":{"@type":"EntryPoint","urlTemplate":"https:\/\/avrupapress.com\/?s={search_term_string}"},"query-input":{"@type":"PropertyValueSpecification","valueRequired":true,"valueName":"search_term_string"}}],"inLanguage":"fr-BE"},{"@type":["Person","Organization"],"@id":"https:\/\/avrupapress.com\/#\/schema\/person\/0223dca19c72c43575bf30d1a2d8f4fa","name":"Bilgin \u00d6z\u00e7ift\u00e7i","image":{"@type":"ImageObject","inLanguage":"fr-BE","@id":"https:\/\/avrupapress.com\/#\/schema\/person\/image\/","url":"https:\/\/secure.gravatar.com\/avatar\/0f23b280433a21e1ea7a0adcc46ed0ad16afe3ad8e630fd13d8a017dcbd54ef3?s=96&d=mm&r=g","contentUrl":"https:\/\/secure.gravatar.com\/avatar\/0f23b280433a21e1ea7a0adcc46ed0ad16afe3ad8e630fd13d8a017dcbd54ef3?s=96&d=mm&r=g","caption":"Bilgin \u00d6z\u00e7ift\u00e7i"},"logo":{"@id":"https:\/\/avrupapress.com\/#\/schema\/person\/image\/"},"description":"Ne ben, nede sen... Biz ancak \"biz\" olursak g\u00fc\u00e7l\u00fc olabiliriz"},{"@type":"Person","@id":"https:\/\/avrupapress.com\/#\/schema\/person\/68428444ec60970d1e1b700cf4ca1e8f","name":"Edit\u00f6r","image":{"@type":"ImageObject","inLanguage":"fr-BE","@id":"https:\/\/avrupapress.com\/#\/schema\/person\/image\/","url":"https:\/\/secure.gravatar.com\/avatar\/74996b0977aa5f1559ba9883776652508b229005c0d78fb2597897f0bd651c09?s=96&d=mm&r=g","contentUrl":"https:\/\/secure.gravatar.com\/avatar\/74996b0977aa5f1559ba9883776652508b229005c0d78fb2597897f0bd651c09?s=96&d=mm&r=g","caption":"Edit\u00f6r"},"sameAs":["http:\/\/www.avrupapress.com"],"url":"https:\/\/avrupapress.com\/main\/author\/editor\/"}]}},"_links":{"self":[{"href":"https:\/\/avrupapress.com\/main\/wp-json\/wp\/v2\/posts\/10887","targetHints":{"allow":["GET"]}}],"collection":[{"href":"https:\/\/avrupapress.com\/main\/wp-json\/wp\/v2\/posts"}],"about":[{"href":"https:\/\/avrupapress.com\/main\/wp-json\/wp\/v2\/types\/post"}],"author":[{"embeddable":true,"href":"https:\/\/avrupapress.com\/main\/wp-json\/wp\/v2\/users\/3"}],"replies":[{"embeddable":true,"href":"https:\/\/avrupapress.com\/main\/wp-json\/wp\/v2\/comments?post=10887"}],"version-history":[{"count":1,"href":"https:\/\/avrupapress.com\/main\/wp-json\/wp\/v2\/posts\/10887\/revisions"}],"predecessor-version":[{"id":10889,"href":"https:\/\/avrupapress.com\/main\/wp-json\/wp\/v2\/posts\/10887\/revisions\/10889"}],"wp:featuredmedia":[{"embeddable":true,"href":"https:\/\/avrupapress.com\/main\/wp-json\/wp\/v2\/media\/10890"}],"wp:attachment":[{"href":"https:\/\/avrupapress.com\/main\/wp-json\/wp\/v2\/media?parent=10887"}],"wp:term":[{"taxonomy":"category","embeddable":true,"href":"https:\/\/avrupapress.com\/main\/wp-json\/wp\/v2\/categories?post=10887"},{"taxonomy":"post_tag","embeddable":true,"href":"https:\/\/avrupapress.com\/main\/wp-json\/wp\/v2\/tags?post=10887"}],"curies":[{"name":"wp","href":"https:\/\/api.w.org\/{rel}","templated":true}]}}