{"id":10876,"date":"2020-03-17T20:21:54","date_gmt":"2020-03-17T20:21:54","guid":{"rendered":"http:\/\/avrupapress.com\/main\/?p=10876"},"modified":"2020-03-17T20:22:01","modified_gmt":"2020-03-17T20:22:01","slug":"uid-almanya-cagri-merkezi-olusturdu","status":"publish","type":"post","link":"https:\/\/avrupapress.com\/main\/2020\/03\/17\/uid-almanya-cagri-merkezi-olusturdu\/","title":{"rendered":"U\u0130D Almanya, \u00c7a\u011fr\u0131 Merkezi olu\u015fturdu&#8230;"},"content":{"rendered":"\n<p><\/p>\n\n\n\n<p>\n\nSaat 10:00-20:00 aras\u0131nda vatanda\u015flar\u0131m\u0131za yard\u0131m i\u00e7in ula\u015f\u0131labilir olan UID \u00c7a\u011fr\u0131 Merkezi\u2019mizde(+49 221 986534354) COV\u0130D-19 salg\u0131n\u0131 ile ilgili \u201cKriz Masas\u0131\u201d kurduk.<\/p>\n\n\n\n<p><strong>Bilgi kirlili\u011fine izin vermeyin!<\/strong><\/p>\n\n\n\n<p>Resm\u00ee kanallardan temin etti\u011fimiz bilgilerle, vatanda\u015flar\u0131m\u0131z\u0131 do\u011fru ve s\u00fcratli bir \u015fekilde y\u00f6nlendirmeyi \u00f6nemsiyoruz. <\/p>\n\n\n\n<p><strong>\u0130htiya\u00e7 halinde yan\u0131n\u0131zday\u0131z!<\/strong><\/p>\n\n\n\n<p>Ya\u015fl\u0131, engelli ve ihtiya\u00e7 sahibi vatanda\u015flar\u0131m\u0131z\u0131n acil g\u0131da, t\u0131bbi malzeme ve ula\u015f\u0131m taleplerinde yan\u0131nday\u0131z. <\/p>\n\n\n\n<p><strong>Bilgin Ozcifci \/ AVRUPAPRESS<\/strong><\/p>\n","protected":false},"excerpt":{"rendered":"<p>Saat 10:00-20:00 aras\u0131nda vatanda\u015flar\u0131m\u0131za yard\u0131m i\u00e7in ula\u015f\u0131labilir olan UID \u00c7a\u011fr\u0131 Merkezi\u2019mizde(+49 221 986534354) COV\u0130D-19 salg\u0131n\u0131 ile ilgili \u201cKriz Masas\u0131\u201d kurduk. Bilgi kirlili\u011fine izin vermeyin! Resm\u00ee kanallardan temin etti\u011fimiz bilgilerle, vatanda\u015flar\u0131m\u0131z\u0131 do\u011fru ve s\u00fcratli bir \u015fekilde y\u00f6nlendirmeyi \u00f6nemsiyoruz. \u0130htiya\u00e7 halinde yan\u0131n\u0131zday\u0131z! Ya\u015fl\u0131, engelli ve ihtiya\u00e7 sahibi vatanda\u015flar\u0131m\u0131z\u0131n acil g\u0131da, t\u0131bbi malzeme ve ula\u015f\u0131m taleplerinde yan\u0131nday\u0131z. Bilgin [&hellip;]<\/p>\n","protected":false},"author":3,"featured_media":10877,"comment_status":"closed","ping_status":"open","sticky":false,"template":"","format":"standard","meta":{"footnotes":""},"categories":[14,16,3,17,18,15,19,2,1],"tags":[5126],"class_list":["post-10876","post","type-post","status-publish","format-standard","has-post-thumbnail","hentry","category-avrupa","category-belcika","category-dunya","category-ekonomi","category-kultur-sanat","category-spor","category-tanitim","category-turkiye","category-uncategorized","tag-uid-almanya"],"yoast_head":"<!-- This site is optimized with the Yoast SEO plugin v26.9 - https:\/\/yoast.com\/product\/yoast-seo-wordpress\/ -->\n<title>U\u0130D Almanya, \u00c7a\u011fr\u0131 Merkezi olu\u015fturdu... - AvrupaPress<\/title>\n<meta name=\"robots\" content=\"index, follow, max-snippet:-1, max-image-preview:large, max-video-preview:-1\" \/>\n<link rel=\"canonical\" href=\"https:\/\/avrupapress.com\/2020\/03\/17\/uid-almanya-cagri-merkezi-olusturdu\/\" \/>\n<meta property=\"og:locale\" content=\"fr_FR\" \/>\n<meta property=\"og:type\" content=\"article\" \/>\n<meta property=\"og:title\" content=\"U\u0130D Almanya, \u00c7a\u011fr\u0131 Merkezi olu\u015fturdu... - AvrupaPress\" \/>\n<meta property=\"og:description\" content=\"Saat 10:00-20:00 aras\u0131nda vatanda\u015flar\u0131m\u0131za yard\u0131m i\u00e7in ula\u015f\u0131labilir olan UID \u00c7a\u011fr\u0131 Merkezi\u2019mizde(+49 221 986534354) COV\u0130D-19 salg\u0131n\u0131 ile ilgili \u201cKriz Masas\u0131\u201d kurduk. Bilgi kirlili\u011fine izin vermeyin! Resm\u00ee kanallardan temin etti\u011fimiz bilgilerle, vatanda\u015flar\u0131m\u0131z\u0131 do\u011fru ve s\u00fcratli bir \u015fekilde y\u00f6nlendirmeyi \u00f6nemsiyoruz. \u0130htiya\u00e7 halinde yan\u0131n\u0131zday\u0131z! Ya\u015fl\u0131, engelli ve ihtiya\u00e7 sahibi vatanda\u015flar\u0131m\u0131z\u0131n acil g\u0131da, t\u0131bbi malzeme ve ula\u015f\u0131m taleplerinde yan\u0131nday\u0131z. Bilgin [&hellip;]\" \/>\n<meta property=\"og:url\" content=\"https:\/\/avrupapress.com\/2020\/03\/17\/uid-almanya-cagri-merkezi-olusturdu\/\" \/>\n<meta property=\"og:site_name\" content=\"AvrupaPress\" \/>\n<meta property=\"article:published_time\" content=\"2020-03-17T20:21:54+00:00\" \/>\n<meta property=\"article:modified_time\" content=\"2020-03-17T20:22:01+00:00\" \/>\n<meta property=\"og:image\" content=\"https:\/\/avrupapress.com\/wp-content\/uploads\/2020\/03\/90070668_221902012386114_5402784763461238784_n.jpg\" \/>\n\t<meta property=\"og:image:width\" content=\"960\" \/>\n\t<meta property=\"og:image:height\" content=\"960\" \/>\n\t<meta property=\"og:image:type\" content=\"image\/jpeg\" \/>\n<meta name=\"author\" content=\"Edit\u00f6r\" \/>\n<meta name=\"twitter:card\" content=\"summary_large_image\" \/>\n<meta name=\"twitter:label1\" content=\"\u00c9crit par\" \/>\n\t<meta name=\"twitter:data1\" content=\"Edit\u00f6r\" \/>\n<script type=\"application\/ld+json\" class=\"yoast-schema-graph\">{\"@context\":\"https:\/\/schema.org\",\"@graph\":[{\"@type\":\"Article\",\"@id\":\"https:\/\/avrupapress.com\/2020\/03\/17\/uid-almanya-cagri-merkezi-olusturdu\/#article\",\"isPartOf\":{\"@id\":\"https:\/\/avrupapress.com\/2020\/03\/17\/uid-almanya-cagri-merkezi-olusturdu\/\"},\"author\":{\"name\":\"Edit\u00f6r\",\"@id\":\"https:\/\/avrupapress.com\/#\/schema\/person\/68428444ec60970d1e1b700cf4ca1e8f\"},\"headline\":\"U\u0130D Almanya, \u00c7a\u011fr\u0131 Merkezi olu\u015fturdu&#8230;\",\"datePublished\":\"2020-03-17T20:21:54+00:00\",\"dateModified\":\"2020-03-17T20:22:01+00:00\",\"mainEntityOfPage\":{\"@id\":\"https:\/\/avrupapress.com\/2020\/03\/17\/uid-almanya-cagri-merkezi-olusturdu\/\"},\"wordCount\":95,\"publisher\":{\"@id\":\"https:\/\/avrupapress.com\/#\/schema\/person\/0223dca19c72c43575bf30d1a2d8f4fa\"},\"image\":{\"@id\":\"https:\/\/avrupapress.com\/2020\/03\/17\/uid-almanya-cagri-merkezi-olusturdu\/#primaryimage\"},\"thumbnailUrl\":\"https:\/\/avrupapress.com\/main\/wp-content\/uploads\/2020\/03\/90070668_221902012386114_5402784763461238784_n.jpg\",\"keywords\":[\"U\u0130D Almanya\"],\"articleSection\":[\"Avrupa\",\"Bel\u00e7ika\",\"D\u00fcnya\",\"Ekonomi\",\"K\u00fclt\u00fcr-Sanat\",\"Spor\",\"Tan\u0131t\u0131m\",\"T\u00fcrkiye\",\"Uncategorized\"],\"inLanguage\":\"fr-BE\"},{\"@type\":\"WebPage\",\"@id\":\"https:\/\/avrupapress.com\/2020\/03\/17\/uid-almanya-cagri-merkezi-olusturdu\/\",\"url\":\"https:\/\/avrupapress.com\/2020\/03\/17\/uid-almanya-cagri-merkezi-olusturdu\/\",\"name\":\"U\u0130D Almanya, \u00c7a\u011fr\u0131 Merkezi olu\u015fturdu... - AvrupaPress\",\"isPartOf\":{\"@id\":\"https:\/\/avrupapress.com\/#website\"},\"primaryImageOfPage\":{\"@id\":\"https:\/\/avrupapress.com\/2020\/03\/17\/uid-almanya-cagri-merkezi-olusturdu\/#primaryimage\"},\"image\":{\"@id\":\"https:\/\/avrupapress.com\/2020\/03\/17\/uid-almanya-cagri-merkezi-olusturdu\/#primaryimage\"},\"thumbnailUrl\":\"https:\/\/avrupapress.com\/main\/wp-content\/uploads\/2020\/03\/90070668_221902012386114_5402784763461238784_n.jpg\",\"datePublished\":\"2020-03-17T20:21:54+00:00\",\"dateModified\":\"2020-03-17T20:22:01+00:00\",\"breadcrumb\":{\"@id\":\"https:\/\/avrupapress.com\/2020\/03\/17\/uid-almanya-cagri-merkezi-olusturdu\/#breadcrumb\"},\"inLanguage\":\"fr-BE\",\"potentialAction\":[{\"@type\":\"ReadAction\",\"target\":[\"https:\/\/avrupapress.com\/2020\/03\/17\/uid-almanya-cagri-merkezi-olusturdu\/\"]}]},{\"@type\":\"ImageObject\",\"inLanguage\":\"fr-BE\",\"@id\":\"https:\/\/avrupapress.com\/2020\/03\/17\/uid-almanya-cagri-merkezi-olusturdu\/#primaryimage\",\"url\":\"https:\/\/avrupapress.com\/main\/wp-content\/uploads\/2020\/03\/90070668_221902012386114_5402784763461238784_n.jpg\",\"contentUrl\":\"https:\/\/avrupapress.com\/main\/wp-content\/uploads\/2020\/03\/90070668_221902012386114_5402784763461238784_n.jpg\",\"width\":960,\"height\":960},{\"@type\":\"BreadcrumbList\",\"@id\":\"https:\/\/avrupapress.com\/2020\/03\/17\/uid-almanya-cagri-merkezi-olusturdu\/#breadcrumb\",\"itemListElement\":[{\"@type\":\"ListItem\",\"position\":1,\"name\":\"Anasayfa\",\"item\":\"https:\/\/avrupapress.com\/\"},{\"@type\":\"ListItem\",\"position\":2,\"name\":\"U\u0130D Almanya, \u00c7a\u011fr\u0131 Merkezi olu\u015fturdu&#8230;\"}]},{\"@type\":\"WebSite\",\"@id\":\"https:\/\/avrupapress.com\/#website\",\"url\":\"https:\/\/avrupapress.com\/\",\"name\":\"AvrupaPress\",\"description\":\"Haberin Adresi\",\"publisher\":{\"@id\":\"https:\/\/avrupapress.com\/#\/schema\/person\/0223dca19c72c43575bf30d1a2d8f4fa\"},\"potentialAction\":[{\"@type\":\"SearchAction\",\"target\":{\"@type\":\"EntryPoint\",\"urlTemplate\":\"https:\/\/avrupapress.com\/?s={search_term_string}\"},\"query-input\":{\"@type\":\"PropertyValueSpecification\",\"valueRequired\":true,\"valueName\":\"search_term_string\"}}],\"inLanguage\":\"fr-BE\"},{\"@type\":[\"Person\",\"Organization\"],\"@id\":\"https:\/\/avrupapress.com\/#\/schema\/person\/0223dca19c72c43575bf30d1a2d8f4fa\",\"name\":\"Bilgin \u00d6z\u00e7ift\u00e7i\",\"image\":{\"@type\":\"ImageObject\",\"inLanguage\":\"fr-BE\",\"@id\":\"https:\/\/avrupapress.com\/#\/schema\/person\/image\/\",\"url\":\"https:\/\/secure.gravatar.com\/avatar\/0f23b280433a21e1ea7a0adcc46ed0ad16afe3ad8e630fd13d8a017dcbd54ef3?s=96&d=mm&r=g\",\"contentUrl\":\"https:\/\/secure.gravatar.com\/avatar\/0f23b280433a21e1ea7a0adcc46ed0ad16afe3ad8e630fd13d8a017dcbd54ef3?s=96&d=mm&r=g\",\"caption\":\"Bilgin \u00d6z\u00e7ift\u00e7i\"},\"logo\":{\"@id\":\"https:\/\/avrupapress.com\/#\/schema\/person\/image\/\"},\"description\":\"Ne ben, nede sen... Biz ancak \\\"biz\\\" olursak g\u00fc\u00e7l\u00fc olabiliriz\"},{\"@type\":\"Person\",\"@id\":\"https:\/\/avrupapress.com\/#\/schema\/person\/68428444ec60970d1e1b700cf4ca1e8f\",\"name\":\"Edit\u00f6r\",\"image\":{\"@type\":\"ImageObject\",\"inLanguage\":\"fr-BE\",\"@id\":\"https:\/\/avrupapress.com\/#\/schema\/person\/image\/\",\"url\":\"https:\/\/secure.gravatar.com\/avatar\/74996b0977aa5f1559ba9883776652508b229005c0d78fb2597897f0bd651c09?s=96&d=mm&r=g\",\"contentUrl\":\"https:\/\/secure.gravatar.com\/avatar\/74996b0977aa5f1559ba9883776652508b229005c0d78fb2597897f0bd651c09?s=96&d=mm&r=g\",\"caption\":\"Edit\u00f6r\"},\"sameAs\":[\"http:\/\/www.avrupapress.com\"],\"url\":\"https:\/\/avrupapress.com\/main\/author\/editor\/\"}]}<\/script>\n<!-- \/ Yoast SEO plugin. -->","yoast_head_json":{"title":"U\u0130D Almanya, \u00c7a\u011fr\u0131 Merkezi olu\u015fturdu... - AvrupaPress","robots":{"index":"index","follow":"follow","max-snippet":"max-snippet:-1","max-image-preview":"max-image-preview:large","max-video-preview":"max-video-preview:-1"},"canonical":"https:\/\/avrupapress.com\/2020\/03\/17\/uid-almanya-cagri-merkezi-olusturdu\/","og_locale":"fr_FR","og_type":"article","og_title":"U\u0130D Almanya, \u00c7a\u011fr\u0131 Merkezi olu\u015fturdu... - AvrupaPress","og_description":"Saat 10:00-20:00 aras\u0131nda vatanda\u015flar\u0131m\u0131za yard\u0131m i\u00e7in ula\u015f\u0131labilir olan UID \u00c7a\u011fr\u0131 Merkezi\u2019mizde(+49 221 986534354) COV\u0130D-19 salg\u0131n\u0131 ile ilgili \u201cKriz Masas\u0131\u201d kurduk. Bilgi kirlili\u011fine izin vermeyin! Resm\u00ee kanallardan temin etti\u011fimiz bilgilerle, vatanda\u015flar\u0131m\u0131z\u0131 do\u011fru ve s\u00fcratli bir \u015fekilde y\u00f6nlendirmeyi \u00f6nemsiyoruz. \u0130htiya\u00e7 halinde yan\u0131n\u0131zday\u0131z! Ya\u015fl\u0131, engelli ve ihtiya\u00e7 sahibi vatanda\u015flar\u0131m\u0131z\u0131n acil g\u0131da, t\u0131bbi malzeme ve ula\u015f\u0131m taleplerinde yan\u0131nday\u0131z. Bilgin [&hellip;]","og_url":"https:\/\/avrupapress.com\/2020\/03\/17\/uid-almanya-cagri-merkezi-olusturdu\/","og_site_name":"AvrupaPress","article_published_time":"2020-03-17T20:21:54+00:00","article_modified_time":"2020-03-17T20:22:01+00:00","og_image":[{"width":960,"height":960,"url":"https:\/\/avrupapress.com\/wp-content\/uploads\/2020\/03\/90070668_221902012386114_5402784763461238784_n.jpg","type":"image\/jpeg"}],"author":"Edit\u00f6r","twitter_card":"summary_large_image","twitter_misc":{"\u00c9crit par":"Edit\u00f6r"},"schema":{"@context":"https:\/\/schema.org","@graph":[{"@type":"Article","@id":"https:\/\/avrupapress.com\/2020\/03\/17\/uid-almanya-cagri-merkezi-olusturdu\/#article","isPartOf":{"@id":"https:\/\/avrupapress.com\/2020\/03\/17\/uid-almanya-cagri-merkezi-olusturdu\/"},"author":{"name":"Edit\u00f6r","@id":"https:\/\/avrupapress.com\/#\/schema\/person\/68428444ec60970d1e1b700cf4ca1e8f"},"headline":"U\u0130D Almanya, \u00c7a\u011fr\u0131 Merkezi olu\u015fturdu&#8230;","datePublished":"2020-03-17T20:21:54+00:00","dateModified":"2020-03-17T20:22:01+00:00","mainEntityOfPage":{"@id":"https:\/\/avrupapress.com\/2020\/03\/17\/uid-almanya-cagri-merkezi-olusturdu\/"},"wordCount":95,"publisher":{"@id":"https:\/\/avrupapress.com\/#\/schema\/person\/0223dca19c72c43575bf30d1a2d8f4fa"},"image":{"@id":"https:\/\/avrupapress.com\/2020\/03\/17\/uid-almanya-cagri-merkezi-olusturdu\/#primaryimage"},"thumbnailUrl":"https:\/\/avrupapress.com\/main\/wp-content\/uploads\/2020\/03\/90070668_221902012386114_5402784763461238784_n.jpg","keywords":["U\u0130D Almanya"],"articleSection":["Avrupa","Bel\u00e7ika","D\u00fcnya","Ekonomi","K\u00fclt\u00fcr-Sanat","Spor","Tan\u0131t\u0131m","T\u00fcrkiye","Uncategorized"],"inLanguage":"fr-BE"},{"@type":"WebPage","@id":"https:\/\/avrupapress.com\/2020\/03\/17\/uid-almanya-cagri-merkezi-olusturdu\/","url":"https:\/\/avrupapress.com\/2020\/03\/17\/uid-almanya-cagri-merkezi-olusturdu\/","name":"U\u0130D Almanya, \u00c7a\u011fr\u0131 Merkezi olu\u015fturdu... - AvrupaPress","isPartOf":{"@id":"https:\/\/avrupapress.com\/#website"},"primaryImageOfPage":{"@id":"https:\/\/avrupapress.com\/2020\/03\/17\/uid-almanya-cagri-merkezi-olusturdu\/#primaryimage"},"image":{"@id":"https:\/\/avrupapress.com\/2020\/03\/17\/uid-almanya-cagri-merkezi-olusturdu\/#primaryimage"},"thumbnailUrl":"https:\/\/avrupapress.com\/main\/wp-content\/uploads\/2020\/03\/90070668_221902012386114_5402784763461238784_n.jpg","datePublished":"2020-03-17T20:21:54+00:00","dateModified":"2020-03-17T20:22:01+00:00","breadcrumb":{"@id":"https:\/\/avrupapress.com\/2020\/03\/17\/uid-almanya-cagri-merkezi-olusturdu\/#breadcrumb"},"inLanguage":"fr-BE","potentialAction":[{"@type":"ReadAction","target":["https:\/\/avrupapress.com\/2020\/03\/17\/uid-almanya-cagri-merkezi-olusturdu\/"]}]},{"@type":"ImageObject","inLanguage":"fr-BE","@id":"https:\/\/avrupapress.com\/2020\/03\/17\/uid-almanya-cagri-merkezi-olusturdu\/#primaryimage","url":"https:\/\/avrupapress.com\/main\/wp-content\/uploads\/2020\/03\/90070668_221902012386114_5402784763461238784_n.jpg","contentUrl":"https:\/\/avrupapress.com\/main\/wp-content\/uploads\/2020\/03\/90070668_221902012386114_5402784763461238784_n.jpg","width":960,"height":960},{"@type":"BreadcrumbList","@id":"https:\/\/avrupapress.com\/2020\/03\/17\/uid-almanya-cagri-merkezi-olusturdu\/#breadcrumb","itemListElement":[{"@type":"ListItem","position":1,"name":"Anasayfa","item":"https:\/\/avrupapress.com\/"},{"@type":"ListItem","position":2,"name":"U\u0130D Almanya, \u00c7a\u011fr\u0131 Merkezi olu\u015fturdu&#8230;"}]},{"@type":"WebSite","@id":"https:\/\/avrupapress.com\/#website","url":"https:\/\/avrupapress.com\/","name":"AvrupaPress","description":"Haberin Adresi","publisher":{"@id":"https:\/\/avrupapress.com\/#\/schema\/person\/0223dca19c72c43575bf30d1a2d8f4fa"},"potentialAction":[{"@type":"SearchAction","target":{"@type":"EntryPoint","urlTemplate":"https:\/\/avrupapress.com\/?s={search_term_string}"},"query-input":{"@type":"PropertyValueSpecification","valueRequired":true,"valueName":"search_term_string"}}],"inLanguage":"fr-BE"},{"@type":["Person","Organization"],"@id":"https:\/\/avrupapress.com\/#\/schema\/person\/0223dca19c72c43575bf30d1a2d8f4fa","name":"Bilgin \u00d6z\u00e7ift\u00e7i","image":{"@type":"ImageObject","inLanguage":"fr-BE","@id":"https:\/\/avrupapress.com\/#\/schema\/person\/image\/","url":"https:\/\/secure.gravatar.com\/avatar\/0f23b280433a21e1ea7a0adcc46ed0ad16afe3ad8e630fd13d8a017dcbd54ef3?s=96&d=mm&r=g","contentUrl":"https:\/\/secure.gravatar.com\/avatar\/0f23b280433a21e1ea7a0adcc46ed0ad16afe3ad8e630fd13d8a017dcbd54ef3?s=96&d=mm&r=g","caption":"Bilgin \u00d6z\u00e7ift\u00e7i"},"logo":{"@id":"https:\/\/avrupapress.com\/#\/schema\/person\/image\/"},"description":"Ne ben, nede sen... Biz ancak \"biz\" olursak g\u00fc\u00e7l\u00fc olabiliriz"},{"@type":"Person","@id":"https:\/\/avrupapress.com\/#\/schema\/person\/68428444ec60970d1e1b700cf4ca1e8f","name":"Edit\u00f6r","image":{"@type":"ImageObject","inLanguage":"fr-BE","@id":"https:\/\/avrupapress.com\/#\/schema\/person\/image\/","url":"https:\/\/secure.gravatar.com\/avatar\/74996b0977aa5f1559ba9883776652508b229005c0d78fb2597897f0bd651c09?s=96&d=mm&r=g","contentUrl":"https:\/\/secure.gravatar.com\/avatar\/74996b0977aa5f1559ba9883776652508b229005c0d78fb2597897f0bd651c09?s=96&d=mm&r=g","caption":"Edit\u00f6r"},"sameAs":["http:\/\/www.avrupapress.com"],"url":"https:\/\/avrupapress.com\/main\/author\/editor\/"}]}},"_links":{"self":[{"href":"https:\/\/avrupapress.com\/main\/wp-json\/wp\/v2\/posts\/10876","targetHints":{"allow":["GET"]}}],"collection":[{"href":"https:\/\/avrupapress.com\/main\/wp-json\/wp\/v2\/posts"}],"about":[{"href":"https:\/\/avrupapress.com\/main\/wp-json\/wp\/v2\/types\/post"}],"author":[{"embeddable":true,"href":"https:\/\/avrupapress.com\/main\/wp-json\/wp\/v2\/users\/3"}],"replies":[{"embeddable":true,"href":"https:\/\/avrupapress.com\/main\/wp-json\/wp\/v2\/comments?post=10876"}],"version-history":[{"count":1,"href":"https:\/\/avrupapress.com\/main\/wp-json\/wp\/v2\/posts\/10876\/revisions"}],"predecessor-version":[{"id":10878,"href":"https:\/\/avrupapress.com\/main\/wp-json\/wp\/v2\/posts\/10876\/revisions\/10878"}],"wp:featuredmedia":[{"embeddable":true,"href":"https:\/\/avrupapress.com\/main\/wp-json\/wp\/v2\/media\/10877"}],"wp:attachment":[{"href":"https:\/\/avrupapress.com\/main\/wp-json\/wp\/v2\/media?parent=10876"}],"wp:term":[{"taxonomy":"category","embeddable":true,"href":"https:\/\/avrupapress.com\/main\/wp-json\/wp\/v2\/categories?post=10876"},{"taxonomy":"post_tag","embeddable":true,"href":"https:\/\/avrupapress.com\/main\/wp-json\/wp\/v2\/tags?post=10876"}],"curies":[{"name":"wp","href":"https:\/\/api.w.org\/{rel}","templated":true}]}}