{"id":10873,"date":"2020-03-17T20:08:57","date_gmt":"2020-03-17T20:08:57","guid":{"rendered":"http:\/\/avrupapress.com\/main\/?p=10873"},"modified":"2020-03-17T20:09:04","modified_gmt":"2020-03-17T20:09:04","slug":"bruksel-buyukelci-dr-hasan-ulusoyun-basin-aciklamasinda-bulundu","status":"publish","type":"post","link":"https:\/\/avrupapress.com\/main\/2020\/03\/17\/bruksel-buyukelci-dr-hasan-ulusoyun-basin-aciklamasinda-bulundu\/","title":{"rendered":"Br\u00fcksel B\u00fcy\u00fckel\u00e7i Dr. Hasan Ulusoy&rsquo;un bas\u0131n a\u00e7\u0131klamas\u0131nda Bulundu"},"content":{"rendered":"\n<p> <strong>Br\u00fcksel B\u00fcy\u00fckel\u00e7isi Dr. Hasan Ulusoy, koronavir\u00fcs salg\u0131n\u0131 ba\u011flam\u0131nda, vatanda\u015flar\u0131m\u0131za sakin ama tedbirli olmalar\u0131n\u0131 tavsiye etti. <\/strong><\/p>\n\n\n\n<p> Br\u00fcksel B\u00fcy\u00fckel\u00e7isi Dr. Hasan Ulusoy, koronavir\u00fcs salg\u0131n\u0131 ba\u011flam\u0131nda, vatanda\u015flar\u0131m\u0131za sakin ama tedbirli olmalar\u0131n\u0131 tavsiye etti.\u00a0 <\/p>\n\n\n\n<p>Bel\u00e7ika\u2019daki vakalarda \u00f6l\u00fcm oran\u0131n\u0131n y\u00fczde birin bile alt\u0131nda oldu\u011funu, korkuya gerek olmad\u0131\u011f\u0131n\u0131 belirten Ulusoy&nbsp; ancak gerekli &nbsp;sa\u011fl\u0131k tedbirlerine dikkat edilmesini rica etti.<\/p>\n\n\n\n<p>B\u00fcy\u00fckel\u00e7i Ulusoy, T\u00fcrkiye\u2019ye u\u00e7u\u015flar\u0131n durmas\u0131 sonras\u0131 17 Mart g\u00fcn\u00fc istisnai olarak d\u00fczenlenecek u\u00e7ak seferleri konusunda da \u015fu a\u00e7\u0131klamalarda bulundu:&nbsp;<\/p>\n\n\n\n<p>\u201cBu u\u00e7u\u015f, Bel\u00e7ika\u2019ya ge\u00e7ici i\u015f ve turizm ama\u00e7l\u0131 gelen veya burada \u00f6\u011frenci olarak &nbsp;okuyan ama &nbsp;aileleri T\u00fcrkiye\u2019de olan vatanda\u015flar\u0131m\u0131z\u0131n evlerine ve ailelerine kavu\u015fabilmeleri i\u00e7in. Bel\u00e7ika\u2019da yerle\u015fik vatanda\u015flar\u0131m\u0131z\u0131n da T\u00fcrkiye\u2019ye gitmek iste\u011fini anl\u0131yoruz. Ancak onlar\u0131n &nbsp;evleri burada. Amac\u0131m\u0131z evlerinden uzak insan\u0131m\u0131za d\u00f6n\u00fc\u015f imkan\u0131 vermek. Bu durumdaki vatanda\u015flar\u0131m\u0131z\u0131n&nbsp; \u00e7o\u011funun vizeleri de bitmek \u00fczere. T\u00fcrkiye&rsquo;ye vard\u0131klar\u0131nda zaten 14 g\u00fcn karantina\/g\u00f6zlem alt\u0131na al\u0131nacaklar. Bu nedenle burada ya\u015fayan ve \u00e7al\u0131\u015fan insanlar\u0131m\u0131z\u0131n evlerinde rahatlar\u0131n\u0131 bozmadan kalmalar\u0131 kendi yararlar\u0131na. Zaten u\u00e7u\u015flar 17 Nisan 2020 tarihine kadar durdu. Ondan sonra burada ya\u015fayan ve \u00e7al\u0131\u015fan insanlar\u0131m\u0131z, olumsuz bir geli\u015fme olmazsa &nbsp;T\u00fcrkiye\u2019ye gidebilecekler. Kendilerine selam ve sevgilerimi iletiyor ve anlay\u0131\u015fl\u0131 olmalar\u0131n\u0131 rica ediyorum . &nbsp;<\/p>\n\n\n\n<p>Biz B\u00fcy\u00fckel\u00e7ilik ve Ba\u015fkonsolosluklar\u0131m\u0131z olarak her zaman &nbsp;onlar\u0131n yan\u0131nday\u0131z. Sosyal medya hesaplar\u0131m\u0131zdan bel\u00e7ika\u2019daki ve \u00fclkemizdeki geli\u015fmeleri s\u00fcrekli payla\u015f\u0131yoruz. Bize telefonlar\u0131m\u0131z, sosyal medya hesaplar\u0131m\u0131z ve e-posta yoluyla ula\u015fabilirler.\u00a0\u00bb<\/p>\n","protected":false},"excerpt":{"rendered":"<p>Br\u00fcksel B\u00fcy\u00fckel\u00e7isi Dr. Hasan Ulusoy, koronavir\u00fcs salg\u0131n\u0131 ba\u011flam\u0131nda, vatanda\u015flar\u0131m\u0131za sakin ama tedbirli olmalar\u0131n\u0131 tavsiye etti. Br\u00fcksel B\u00fcy\u00fckel\u00e7isi Dr. Hasan Ulusoy, koronavir\u00fcs salg\u0131n\u0131 ba\u011flam\u0131nda, vatanda\u015flar\u0131m\u0131za sakin ama tedbirli olmalar\u0131n\u0131 tavsiye etti.\u00a0 Bel\u00e7ika\u2019daki vakalarda \u00f6l\u00fcm oran\u0131n\u0131n y\u00fczde birin bile alt\u0131nda oldu\u011funu, korkuya gerek olmad\u0131\u011f\u0131n\u0131 belirten Ulusoy&nbsp; ancak gerekli &nbsp;sa\u011fl\u0131k tedbirlerine dikkat edilmesini rica etti. B\u00fcy\u00fckel\u00e7i Ulusoy, T\u00fcrkiye\u2019ye [&hellip;]<\/p>\n","protected":false},"author":3,"featured_media":10874,"comment_status":"closed","ping_status":"open","sticky":false,"template":"","format":"standard","meta":{"footnotes":""},"categories":[14,16,3,17,18,15,19,2,1],"tags":[],"class_list":["post-10873","post","type-post","status-publish","format-standard","has-post-thumbnail","hentry","category-avrupa","category-belcika","category-dunya","category-ekonomi","category-kultur-sanat","category-spor","category-tanitim","category-turkiye","category-uncategorized"],"yoast_head":"<!-- This site is optimized with the Yoast SEO plugin v26.9 - https:\/\/yoast.com\/product\/yoast-seo-wordpress\/ -->\n<title>Br\u00fcksel B\u00fcy\u00fckel\u00e7i Dr. Hasan Ulusoy&#039;un bas\u0131n a\u00e7\u0131klamas\u0131nda Bulundu - AvrupaPress<\/title>\n<meta name=\"robots\" content=\"index, follow, max-snippet:-1, max-image-preview:large, max-video-preview:-1\" \/>\n<link rel=\"canonical\" href=\"https:\/\/avrupapress.com\/2020\/03\/17\/bruksel-buyukelci-dr-hasan-ulusoyun-basin-aciklamasinda-bulundu\/\" \/>\n<meta property=\"og:locale\" content=\"fr_FR\" \/>\n<meta property=\"og:type\" content=\"article\" \/>\n<meta property=\"og:title\" content=\"Br\u00fcksel B\u00fcy\u00fckel\u00e7i Dr. Hasan Ulusoy&#039;un bas\u0131n a\u00e7\u0131klamas\u0131nda Bulundu - AvrupaPress\" \/>\n<meta property=\"og:description\" content=\"Br\u00fcksel B\u00fcy\u00fckel\u00e7isi Dr. Hasan Ulusoy, koronavir\u00fcs salg\u0131n\u0131 ba\u011flam\u0131nda, vatanda\u015flar\u0131m\u0131za sakin ama tedbirli olmalar\u0131n\u0131 tavsiye etti. Br\u00fcksel B\u00fcy\u00fckel\u00e7isi Dr. Hasan Ulusoy, koronavir\u00fcs salg\u0131n\u0131 ba\u011flam\u0131nda, vatanda\u015flar\u0131m\u0131za sakin ama tedbirli olmalar\u0131n\u0131 tavsiye etti.\u00a0 Bel\u00e7ika\u2019daki vakalarda \u00f6l\u00fcm oran\u0131n\u0131n y\u00fczde birin bile alt\u0131nda oldu\u011funu, korkuya gerek olmad\u0131\u011f\u0131n\u0131 belirten Ulusoy&nbsp; ancak gerekli &nbsp;sa\u011fl\u0131k tedbirlerine dikkat edilmesini rica etti. B\u00fcy\u00fckel\u00e7i Ulusoy, T\u00fcrkiye\u2019ye [&hellip;]\" \/>\n<meta property=\"og:url\" content=\"https:\/\/avrupapress.com\/2020\/03\/17\/bruksel-buyukelci-dr-hasan-ulusoyun-basin-aciklamasinda-bulundu\/\" \/>\n<meta property=\"og:site_name\" content=\"AvrupaPress\" \/>\n<meta property=\"article:published_time\" content=\"2020-03-17T20:08:57+00:00\" \/>\n<meta property=\"article:modified_time\" content=\"2020-03-17T20:09:04+00:00\" \/>\n<meta property=\"og:image\" content=\"https:\/\/avrupapress.com\/wp-content\/uploads\/2020\/03\/89437194_2847873621935465_1516415801026936832_o-1.jpg\" \/>\n\t<meta property=\"og:image:width\" content=\"1920\" \/>\n\t<meta property=\"og:image:height\" content=\"1240\" \/>\n\t<meta property=\"og:image:type\" content=\"image\/jpeg\" \/>\n<meta name=\"author\" content=\"Edit\u00f6r\" \/>\n<meta name=\"twitter:card\" content=\"summary_large_image\" \/>\n<meta name=\"twitter:label1\" content=\"\u00c9crit par\" \/>\n\t<meta name=\"twitter:data1\" content=\"Edit\u00f6r\" \/>\n\t<meta name=\"twitter:label2\" content=\"Dur\u00e9e de lecture est.\" \/>\n\t<meta name=\"twitter:data2\" content=\"2 minutes\" \/>\n<script type=\"application\/ld+json\" class=\"yoast-schema-graph\">{\"@context\":\"https:\/\/schema.org\",\"@graph\":[{\"@type\":\"Article\",\"@id\":\"https:\/\/avrupapress.com\/2020\/03\/17\/bruksel-buyukelci-dr-hasan-ulusoyun-basin-aciklamasinda-bulundu\/#article\",\"isPartOf\":{\"@id\":\"https:\/\/avrupapress.com\/2020\/03\/17\/bruksel-buyukelci-dr-hasan-ulusoyun-basin-aciklamasinda-bulundu\/\"},\"author\":{\"name\":\"Edit\u00f6r\",\"@id\":\"https:\/\/avrupapress.com\/#\/schema\/person\/68428444ec60970d1e1b700cf4ca1e8f\"},\"headline\":\"Br\u00fcksel B\u00fcy\u00fckel\u00e7i Dr. Hasan Ulusoy&rsquo;un bas\u0131n a\u00e7\u0131klamas\u0131nda Bulundu\",\"datePublished\":\"2020-03-17T20:08:57+00:00\",\"dateModified\":\"2020-03-17T20:09:04+00:00\",\"mainEntityOfPage\":{\"@id\":\"https:\/\/avrupapress.com\/2020\/03\/17\/bruksel-buyukelci-dr-hasan-ulusoyun-basin-aciklamasinda-bulundu\/\"},\"wordCount\":351,\"publisher\":{\"@id\":\"https:\/\/avrupapress.com\/#\/schema\/person\/0223dca19c72c43575bf30d1a2d8f4fa\"},\"image\":{\"@id\":\"https:\/\/avrupapress.com\/2020\/03\/17\/bruksel-buyukelci-dr-hasan-ulusoyun-basin-aciklamasinda-bulundu\/#primaryimage\"},\"thumbnailUrl\":\"https:\/\/avrupapress.com\/main\/wp-content\/uploads\/2020\/03\/89437194_2847873621935465_1516415801026936832_o-1.jpg\",\"articleSection\":[\"Avrupa\",\"Bel\u00e7ika\",\"D\u00fcnya\",\"Ekonomi\",\"K\u00fclt\u00fcr-Sanat\",\"Spor\",\"Tan\u0131t\u0131m\",\"T\u00fcrkiye\",\"Uncategorized\"],\"inLanguage\":\"fr-BE\"},{\"@type\":\"WebPage\",\"@id\":\"https:\/\/avrupapress.com\/2020\/03\/17\/bruksel-buyukelci-dr-hasan-ulusoyun-basin-aciklamasinda-bulundu\/\",\"url\":\"https:\/\/avrupapress.com\/2020\/03\/17\/bruksel-buyukelci-dr-hasan-ulusoyun-basin-aciklamasinda-bulundu\/\",\"name\":\"Br\u00fcksel B\u00fcy\u00fckel\u00e7i Dr. Hasan Ulusoy'un bas\u0131n a\u00e7\u0131klamas\u0131nda Bulundu - AvrupaPress\",\"isPartOf\":{\"@id\":\"https:\/\/avrupapress.com\/#website\"},\"primaryImageOfPage\":{\"@id\":\"https:\/\/avrupapress.com\/2020\/03\/17\/bruksel-buyukelci-dr-hasan-ulusoyun-basin-aciklamasinda-bulundu\/#primaryimage\"},\"image\":{\"@id\":\"https:\/\/avrupapress.com\/2020\/03\/17\/bruksel-buyukelci-dr-hasan-ulusoyun-basin-aciklamasinda-bulundu\/#primaryimage\"},\"thumbnailUrl\":\"https:\/\/avrupapress.com\/main\/wp-content\/uploads\/2020\/03\/89437194_2847873621935465_1516415801026936832_o-1.jpg\",\"datePublished\":\"2020-03-17T20:08:57+00:00\",\"dateModified\":\"2020-03-17T20:09:04+00:00\",\"breadcrumb\":{\"@id\":\"https:\/\/avrupapress.com\/2020\/03\/17\/bruksel-buyukelci-dr-hasan-ulusoyun-basin-aciklamasinda-bulundu\/#breadcrumb\"},\"inLanguage\":\"fr-BE\",\"potentialAction\":[{\"@type\":\"ReadAction\",\"target\":[\"https:\/\/avrupapress.com\/2020\/03\/17\/bruksel-buyukelci-dr-hasan-ulusoyun-basin-aciklamasinda-bulundu\/\"]}]},{\"@type\":\"ImageObject\",\"inLanguage\":\"fr-BE\",\"@id\":\"https:\/\/avrupapress.com\/2020\/03\/17\/bruksel-buyukelci-dr-hasan-ulusoyun-basin-aciklamasinda-bulundu\/#primaryimage\",\"url\":\"https:\/\/avrupapress.com\/main\/wp-content\/uploads\/2020\/03\/89437194_2847873621935465_1516415801026936832_o-1.jpg\",\"contentUrl\":\"https:\/\/avrupapress.com\/main\/wp-content\/uploads\/2020\/03\/89437194_2847873621935465_1516415801026936832_o-1.jpg\",\"width\":1920,\"height\":1240},{\"@type\":\"BreadcrumbList\",\"@id\":\"https:\/\/avrupapress.com\/2020\/03\/17\/bruksel-buyukelci-dr-hasan-ulusoyun-basin-aciklamasinda-bulundu\/#breadcrumb\",\"itemListElement\":[{\"@type\":\"ListItem\",\"position\":1,\"name\":\"Anasayfa\",\"item\":\"https:\/\/avrupapress.com\/\"},{\"@type\":\"ListItem\",\"position\":2,\"name\":\"Br\u00fcksel B\u00fcy\u00fckel\u00e7i Dr. Hasan Ulusoy&#8217;un bas\u0131n a\u00e7\u0131klamas\u0131nda Bulundu\"}]},{\"@type\":\"WebSite\",\"@id\":\"https:\/\/avrupapress.com\/#website\",\"url\":\"https:\/\/avrupapress.com\/\",\"name\":\"AvrupaPress\",\"description\":\"Haberin Adresi\",\"publisher\":{\"@id\":\"https:\/\/avrupapress.com\/#\/schema\/person\/0223dca19c72c43575bf30d1a2d8f4fa\"},\"potentialAction\":[{\"@type\":\"SearchAction\",\"target\":{\"@type\":\"EntryPoint\",\"urlTemplate\":\"https:\/\/avrupapress.com\/?s={search_term_string}\"},\"query-input\":{\"@type\":\"PropertyValueSpecification\",\"valueRequired\":true,\"valueName\":\"search_term_string\"}}],\"inLanguage\":\"fr-BE\"},{\"@type\":[\"Person\",\"Organization\"],\"@id\":\"https:\/\/avrupapress.com\/#\/schema\/person\/0223dca19c72c43575bf30d1a2d8f4fa\",\"name\":\"Bilgin \u00d6z\u00e7ift\u00e7i\",\"image\":{\"@type\":\"ImageObject\",\"inLanguage\":\"fr-BE\",\"@id\":\"https:\/\/avrupapress.com\/#\/schema\/person\/image\/\",\"url\":\"https:\/\/secure.gravatar.com\/avatar\/0f23b280433a21e1ea7a0adcc46ed0ad16afe3ad8e630fd13d8a017dcbd54ef3?s=96&d=mm&r=g\",\"contentUrl\":\"https:\/\/secure.gravatar.com\/avatar\/0f23b280433a21e1ea7a0adcc46ed0ad16afe3ad8e630fd13d8a017dcbd54ef3?s=96&d=mm&r=g\",\"caption\":\"Bilgin \u00d6z\u00e7ift\u00e7i\"},\"logo\":{\"@id\":\"https:\/\/avrupapress.com\/#\/schema\/person\/image\/\"},\"description\":\"Ne ben, nede sen... Biz ancak \\\"biz\\\" olursak g\u00fc\u00e7l\u00fc olabiliriz\"},{\"@type\":\"Person\",\"@id\":\"https:\/\/avrupapress.com\/#\/schema\/person\/68428444ec60970d1e1b700cf4ca1e8f\",\"name\":\"Edit\u00f6r\",\"image\":{\"@type\":\"ImageObject\",\"inLanguage\":\"fr-BE\",\"@id\":\"https:\/\/avrupapress.com\/#\/schema\/person\/image\/\",\"url\":\"https:\/\/secure.gravatar.com\/avatar\/74996b0977aa5f1559ba9883776652508b229005c0d78fb2597897f0bd651c09?s=96&d=mm&r=g\",\"contentUrl\":\"https:\/\/secure.gravatar.com\/avatar\/74996b0977aa5f1559ba9883776652508b229005c0d78fb2597897f0bd651c09?s=96&d=mm&r=g\",\"caption\":\"Edit\u00f6r\"},\"sameAs\":[\"http:\/\/www.avrupapress.com\"],\"url\":\"https:\/\/avrupapress.com\/main\/author\/editor\/\"}]}<\/script>\n<!-- \/ Yoast SEO plugin. -->","yoast_head_json":{"title":"Br\u00fcksel B\u00fcy\u00fckel\u00e7i Dr. Hasan Ulusoy'un bas\u0131n a\u00e7\u0131klamas\u0131nda Bulundu - AvrupaPress","robots":{"index":"index","follow":"follow","max-snippet":"max-snippet:-1","max-image-preview":"max-image-preview:large","max-video-preview":"max-video-preview:-1"},"canonical":"https:\/\/avrupapress.com\/2020\/03\/17\/bruksel-buyukelci-dr-hasan-ulusoyun-basin-aciklamasinda-bulundu\/","og_locale":"fr_FR","og_type":"article","og_title":"Br\u00fcksel B\u00fcy\u00fckel\u00e7i Dr. Hasan Ulusoy'un bas\u0131n a\u00e7\u0131klamas\u0131nda Bulundu - AvrupaPress","og_description":"Br\u00fcksel B\u00fcy\u00fckel\u00e7isi Dr. Hasan Ulusoy, koronavir\u00fcs salg\u0131n\u0131 ba\u011flam\u0131nda, vatanda\u015flar\u0131m\u0131za sakin ama tedbirli olmalar\u0131n\u0131 tavsiye etti. Br\u00fcksel B\u00fcy\u00fckel\u00e7isi Dr. Hasan Ulusoy, koronavir\u00fcs salg\u0131n\u0131 ba\u011flam\u0131nda, vatanda\u015flar\u0131m\u0131za sakin ama tedbirli olmalar\u0131n\u0131 tavsiye etti.\u00a0 Bel\u00e7ika\u2019daki vakalarda \u00f6l\u00fcm oran\u0131n\u0131n y\u00fczde birin bile alt\u0131nda oldu\u011funu, korkuya gerek olmad\u0131\u011f\u0131n\u0131 belirten Ulusoy&nbsp; ancak gerekli &nbsp;sa\u011fl\u0131k tedbirlerine dikkat edilmesini rica etti. B\u00fcy\u00fckel\u00e7i Ulusoy, T\u00fcrkiye\u2019ye [&hellip;]","og_url":"https:\/\/avrupapress.com\/2020\/03\/17\/bruksel-buyukelci-dr-hasan-ulusoyun-basin-aciklamasinda-bulundu\/","og_site_name":"AvrupaPress","article_published_time":"2020-03-17T20:08:57+00:00","article_modified_time":"2020-03-17T20:09:04+00:00","og_image":[{"width":1920,"height":1240,"url":"https:\/\/avrupapress.com\/wp-content\/uploads\/2020\/03\/89437194_2847873621935465_1516415801026936832_o-1.jpg","type":"image\/jpeg"}],"author":"Edit\u00f6r","twitter_card":"summary_large_image","twitter_misc":{"\u00c9crit par":"Edit\u00f6r","Dur\u00e9e de lecture est.":"2 minutes"},"schema":{"@context":"https:\/\/schema.org","@graph":[{"@type":"Article","@id":"https:\/\/avrupapress.com\/2020\/03\/17\/bruksel-buyukelci-dr-hasan-ulusoyun-basin-aciklamasinda-bulundu\/#article","isPartOf":{"@id":"https:\/\/avrupapress.com\/2020\/03\/17\/bruksel-buyukelci-dr-hasan-ulusoyun-basin-aciklamasinda-bulundu\/"},"author":{"name":"Edit\u00f6r","@id":"https:\/\/avrupapress.com\/#\/schema\/person\/68428444ec60970d1e1b700cf4ca1e8f"},"headline":"Br\u00fcksel B\u00fcy\u00fckel\u00e7i Dr. Hasan Ulusoy&rsquo;un bas\u0131n a\u00e7\u0131klamas\u0131nda Bulundu","datePublished":"2020-03-17T20:08:57+00:00","dateModified":"2020-03-17T20:09:04+00:00","mainEntityOfPage":{"@id":"https:\/\/avrupapress.com\/2020\/03\/17\/bruksel-buyukelci-dr-hasan-ulusoyun-basin-aciklamasinda-bulundu\/"},"wordCount":351,"publisher":{"@id":"https:\/\/avrupapress.com\/#\/schema\/person\/0223dca19c72c43575bf30d1a2d8f4fa"},"image":{"@id":"https:\/\/avrupapress.com\/2020\/03\/17\/bruksel-buyukelci-dr-hasan-ulusoyun-basin-aciklamasinda-bulundu\/#primaryimage"},"thumbnailUrl":"https:\/\/avrupapress.com\/main\/wp-content\/uploads\/2020\/03\/89437194_2847873621935465_1516415801026936832_o-1.jpg","articleSection":["Avrupa","Bel\u00e7ika","D\u00fcnya","Ekonomi","K\u00fclt\u00fcr-Sanat","Spor","Tan\u0131t\u0131m","T\u00fcrkiye","Uncategorized"],"inLanguage":"fr-BE"},{"@type":"WebPage","@id":"https:\/\/avrupapress.com\/2020\/03\/17\/bruksel-buyukelci-dr-hasan-ulusoyun-basin-aciklamasinda-bulundu\/","url":"https:\/\/avrupapress.com\/2020\/03\/17\/bruksel-buyukelci-dr-hasan-ulusoyun-basin-aciklamasinda-bulundu\/","name":"Br\u00fcksel B\u00fcy\u00fckel\u00e7i Dr. Hasan Ulusoy'un bas\u0131n a\u00e7\u0131klamas\u0131nda Bulundu - AvrupaPress","isPartOf":{"@id":"https:\/\/avrupapress.com\/#website"},"primaryImageOfPage":{"@id":"https:\/\/avrupapress.com\/2020\/03\/17\/bruksel-buyukelci-dr-hasan-ulusoyun-basin-aciklamasinda-bulundu\/#primaryimage"},"image":{"@id":"https:\/\/avrupapress.com\/2020\/03\/17\/bruksel-buyukelci-dr-hasan-ulusoyun-basin-aciklamasinda-bulundu\/#primaryimage"},"thumbnailUrl":"https:\/\/avrupapress.com\/main\/wp-content\/uploads\/2020\/03\/89437194_2847873621935465_1516415801026936832_o-1.jpg","datePublished":"2020-03-17T20:08:57+00:00","dateModified":"2020-03-17T20:09:04+00:00","breadcrumb":{"@id":"https:\/\/avrupapress.com\/2020\/03\/17\/bruksel-buyukelci-dr-hasan-ulusoyun-basin-aciklamasinda-bulundu\/#breadcrumb"},"inLanguage":"fr-BE","potentialAction":[{"@type":"ReadAction","target":["https:\/\/avrupapress.com\/2020\/03\/17\/bruksel-buyukelci-dr-hasan-ulusoyun-basin-aciklamasinda-bulundu\/"]}]},{"@type":"ImageObject","inLanguage":"fr-BE","@id":"https:\/\/avrupapress.com\/2020\/03\/17\/bruksel-buyukelci-dr-hasan-ulusoyun-basin-aciklamasinda-bulundu\/#primaryimage","url":"https:\/\/avrupapress.com\/main\/wp-content\/uploads\/2020\/03\/89437194_2847873621935465_1516415801026936832_o-1.jpg","contentUrl":"https:\/\/avrupapress.com\/main\/wp-content\/uploads\/2020\/03\/89437194_2847873621935465_1516415801026936832_o-1.jpg","width":1920,"height":1240},{"@type":"BreadcrumbList","@id":"https:\/\/avrupapress.com\/2020\/03\/17\/bruksel-buyukelci-dr-hasan-ulusoyun-basin-aciklamasinda-bulundu\/#breadcrumb","itemListElement":[{"@type":"ListItem","position":1,"name":"Anasayfa","item":"https:\/\/avrupapress.com\/"},{"@type":"ListItem","position":2,"name":"Br\u00fcksel B\u00fcy\u00fckel\u00e7i Dr. Hasan Ulusoy&#8217;un bas\u0131n a\u00e7\u0131klamas\u0131nda Bulundu"}]},{"@type":"WebSite","@id":"https:\/\/avrupapress.com\/#website","url":"https:\/\/avrupapress.com\/","name":"AvrupaPress","description":"Haberin Adresi","publisher":{"@id":"https:\/\/avrupapress.com\/#\/schema\/person\/0223dca19c72c43575bf30d1a2d8f4fa"},"potentialAction":[{"@type":"SearchAction","target":{"@type":"EntryPoint","urlTemplate":"https:\/\/avrupapress.com\/?s={search_term_string}"},"query-input":{"@type":"PropertyValueSpecification","valueRequired":true,"valueName":"search_term_string"}}],"inLanguage":"fr-BE"},{"@type":["Person","Organization"],"@id":"https:\/\/avrupapress.com\/#\/schema\/person\/0223dca19c72c43575bf30d1a2d8f4fa","name":"Bilgin \u00d6z\u00e7ift\u00e7i","image":{"@type":"ImageObject","inLanguage":"fr-BE","@id":"https:\/\/avrupapress.com\/#\/schema\/person\/image\/","url":"https:\/\/secure.gravatar.com\/avatar\/0f23b280433a21e1ea7a0adcc46ed0ad16afe3ad8e630fd13d8a017dcbd54ef3?s=96&d=mm&r=g","contentUrl":"https:\/\/secure.gravatar.com\/avatar\/0f23b280433a21e1ea7a0adcc46ed0ad16afe3ad8e630fd13d8a017dcbd54ef3?s=96&d=mm&r=g","caption":"Bilgin \u00d6z\u00e7ift\u00e7i"},"logo":{"@id":"https:\/\/avrupapress.com\/#\/schema\/person\/image\/"},"description":"Ne ben, nede sen... Biz ancak \"biz\" olursak g\u00fc\u00e7l\u00fc olabiliriz"},{"@type":"Person","@id":"https:\/\/avrupapress.com\/#\/schema\/person\/68428444ec60970d1e1b700cf4ca1e8f","name":"Edit\u00f6r","image":{"@type":"ImageObject","inLanguage":"fr-BE","@id":"https:\/\/avrupapress.com\/#\/schema\/person\/image\/","url":"https:\/\/secure.gravatar.com\/avatar\/74996b0977aa5f1559ba9883776652508b229005c0d78fb2597897f0bd651c09?s=96&d=mm&r=g","contentUrl":"https:\/\/secure.gravatar.com\/avatar\/74996b0977aa5f1559ba9883776652508b229005c0d78fb2597897f0bd651c09?s=96&d=mm&r=g","caption":"Edit\u00f6r"},"sameAs":["http:\/\/www.avrupapress.com"],"url":"https:\/\/avrupapress.com\/main\/author\/editor\/"}]}},"_links":{"self":[{"href":"https:\/\/avrupapress.com\/main\/wp-json\/wp\/v2\/posts\/10873","targetHints":{"allow":["GET"]}}],"collection":[{"href":"https:\/\/avrupapress.com\/main\/wp-json\/wp\/v2\/posts"}],"about":[{"href":"https:\/\/avrupapress.com\/main\/wp-json\/wp\/v2\/types\/post"}],"author":[{"embeddable":true,"href":"https:\/\/avrupapress.com\/main\/wp-json\/wp\/v2\/users\/3"}],"replies":[{"embeddable":true,"href":"https:\/\/avrupapress.com\/main\/wp-json\/wp\/v2\/comments?post=10873"}],"version-history":[{"count":1,"href":"https:\/\/avrupapress.com\/main\/wp-json\/wp\/v2\/posts\/10873\/revisions"}],"predecessor-version":[{"id":10875,"href":"https:\/\/avrupapress.com\/main\/wp-json\/wp\/v2\/posts\/10873\/revisions\/10875"}],"wp:featuredmedia":[{"embeddable":true,"href":"https:\/\/avrupapress.com\/main\/wp-json\/wp\/v2\/media\/10874"}],"wp:attachment":[{"href":"https:\/\/avrupapress.com\/main\/wp-json\/wp\/v2\/media?parent=10873"}],"wp:term":[{"taxonomy":"category","embeddable":true,"href":"https:\/\/avrupapress.com\/main\/wp-json\/wp\/v2\/categories?post=10873"},{"taxonomy":"post_tag","embeddable":true,"href":"https:\/\/avrupapress.com\/main\/wp-json\/wp\/v2\/tags?post=10873"}],"curies":[{"name":"wp","href":"https:\/\/api.w.org\/{rel}","templated":true}]}}