{"id":10868,"date":"2020-03-16T21:26:02","date_gmt":"2020-03-16T21:26:02","guid":{"rendered":"http:\/\/avrupapress.com\/main\/?p=10868"},"modified":"2020-03-16T21:26:05","modified_gmt":"2020-03-16T21:26:05","slug":"fransada-17-mart-sali-gunu-12-00den-itibaren-serbest-dolasimin-en-az-15-gun-sokaka-cikma-yasak-geliyor","status":"publish","type":"post","link":"https:\/\/avrupapress.com\/main\/2020\/03\/16\/fransada-17-mart-sali-gunu-12-00den-itibaren-serbest-dolasimin-en-az-15-gun-sokaka-cikma-yasak-geliyor\/","title":{"rendered":"Fransa&rsquo;da 17 Mart Sal\u0131 G\u00fcn\u00fc 12.00&rsquo;den itibaren serbest dola\u015f\u0131m\u0131n en az 15 g\u00fcn sokak&rsquo;a cikma yasak geliyor"},"content":{"rendered":"\n<h2 class=\"wp-block-heading\">Fransa 3&rsquo;nc\u00fc evreye ge\u00e7iyor.<\/h2>\n\n\n\n<p><strong>Bu geceden itibaren restoran, bar, kafe, diskotek ve \u00ab\u00a0gerekli olmayan\u00a0\u00bb b\u00fct\u00fcn i\u015fletmeler kapan\u0131yor. S\u00fcpermarket ve eczaneler a\u00e7\u0131k.<\/strong><\/p>\n\n\n\n<p>Fransa&rsquo;da corona vir\u00fcs nedeniyle serbest dola\u015f\u0131ma s\u0131n\u0131rland\u0131rma getiriliyor.\u00a0\u00dclke genelinde 15 g\u00fcn serbest dola\u015f\u0131m s\u0131n\u0131rland\u0131r\u0131lacak.\u00a0Zorunlu haller d\u0131\u015f\u0131nda d\u0131\u015far\u0131 \u00e7\u0131kanlar cezaland\u0131r\u0131lacak<\/p>\n\n\n\n<p>Fransa&nbsp;Cumhurba\u015fkan\u0131 Emmanuel Macron, yeni tip corona vir\u00fcs (Covid-19) nedeniyle \u00fclke genelinde yar\u0131n yerel saatle 12.00&rsquo;den itibaren serbest dola\u015f\u0131m\u0131n zorunlu haller d\u0131\u015f\u0131nda&nbsp;s\u0131n\u0131rland\u0131r\u0131laca\u011f\u0131n\u0131 a\u00e7\u0131klad\u0131.&nbsp;<br><br>Macron, Elysee Saray\u0131&rsquo;ndan corona vir\u00fcse ili\u015fkin \u00ab\u00a0ulusa sesleni\u015f\u00a0\u00bb konu\u015fmas\u0131 yapt\u0131.<br><br>Pazar g\u00fcn\u00fc vatanda\u015flar\u0131n park ve bah\u00e7elere gitti\u011fini ifade eden Macron, bunun do\u011fru olmad\u0131\u011f\u0131n\u0131 ve insanlar\u0131n tehlikeye at\u0131ld\u0131\u011f\u0131n\u0131 s\u00f6yledi.<br><\/p>\n\n\n\n<p>Macron, t\u00fcm \u00e7abalar\u0131n salg\u0131n\u0131n yay\u0131lmas\u0131n\u0131 \u00f6nlemeye y\u00f6nelik olmas\u0131 gerekti\u011fini belirterek, Frans\u0131zlar\u0131 daha bilin\u00e7li \u015fekilde hareket etmeye \u00e7a\u011f\u0131rd\u0131.<br><\/p>\n\n\n\n<figure class=\"wp-block-image\"><img decoding=\"async\" src=\"https:\/\/cdn1.ntv.com.tr\/gorsel\/ZRDT2-nQO0GzwLhaypungg.jpg?width=960&amp;mode=crop&amp;scale=both\" alt=\"\"\/><\/figure>\n\n\n\n<p><strong>15 G\u00dcN SERBEST DOLA\u015eIM SINIRLANDIRILACAK<\/strong><br><br>\u00dclke genelinde yar\u0131n 12.00&rsquo;den itibaren serbest dola\u015f\u0131m\u0131n en az 15 g\u00fcn s\u00fcreyle s\u0131n\u0131rland\u0131r\u0131laca\u011f\u0131n\u0131 duyuran Macron, zorunlu haller d\u0131\u015f\u0131nda d\u0131\u015far\u0131 \u00e7\u0131k\u0131lmamas\u0131 gerekti\u011fini, market, hastane ve i\u015fe gitmenin serbest olaca\u011f\u0131n\u0131 s\u00f6yledi.<br><br>Macron, buna uymayanlar\u0131n cezaland\u0131r\u0131laca\u011f\u0131n\u0131 kaydetti.<br><br>Pazar g\u00fcn\u00fc yap\u0131lmas\u0131 planlanan yerel se\u00e7imlerin ikinci turunun ileri bir tarihe ertelendi\u011fini a\u00e7\u0131klayan Macron, salg\u0131na kar\u015f\u0131 \u00ab\u00a0sava\u015fta\u00a0\u00bb olduklar\u0131n\u0131 ve bununla m\u00fccadele edilmesinin \u00f6nemine i\u015faret etti.\u00a0<br><br>Macron, \u00fclkede tart\u0131\u015fmalara neden olan emeklilik reformunun ask\u0131ya al\u0131nd\u0131\u011f\u0131n\u0131 aktard\u0131.<br><br>Maskelerin doktorlara ve sa\u011fl\u0131k \u00e7al\u0131\u015fanlar\u0131 i\u00e7in temin edilece\u011fini ifade eden Macron,\u00a0yar\u0131n 12.00&rsquo;den itibaren Schengen b\u00f6lgesinin ve Avrupa Birli\u011fi (AB) s\u0131n\u0131rlar\u0131n\u0131n kapat\u0131laca\u011f\u0131n\u0131, AB \u00fcyesi \u00fclkeleriyle AB d\u0131\u015f\u0131ndaki \u00fclkeler aras\u0131ndaki seyahatlerin 30 g\u00fcn boyunca ask\u0131ya al\u0131nd\u0131\u011f\u0131n\u0131 belirtti.<br><br><strong>300 M\u0130LYON EURO KAYNAK<\/strong><br>\u00a0<br>Macron, salg\u0131ndan ekonomik olarak olumsuz etkilenen\u00a0\u015firketlere bir\u00e7ok kolayl\u0131k sa\u011flanaca\u011f\u0131n\u0131 ve mali yard\u0131mlarda bulunacaklar\u0131n\u0131, bunun i\u00e7in 300 milyon euro kaynak ay\u0131rd\u0131klar\u0131n\u0131 s\u00f6yledi.<br><br>Salg\u0131nla m\u00fccadelenin kazan\u0131laca\u011f\u0131n\u0131 ve halk\u0131n pani\u011fe kap\u0131lmamas\u0131 gerekti\u011fini kaydeden Macron, yar\u0131ndan itibaren \u015firketlerin elektrik, gaz ve kira \u00f6demelerinin ask\u0131ya al\u0131naca\u011f\u0131n\u0131 s\u00f6zlerini ekledi.<br><br>Fransa&rsquo;da salg\u0131n nedeniyle t\u00fcm okul, kafe, restoran, bar, gece kul\u00fcb\u00fc, sinema ve ticari i\u015f yerlerinin kapat\u0131lmas\u0131na, sadece market, eczane, banka ve benzin istasyonlar\u0131n\u0131n a\u00e7\u0131k b\u0131rak\u0131lmas\u0131na karar verilmi\u015fti.<\/p>\n\n\n\n<p><strong>Bilgin Ozcifci \/ AVRUPAPRESS<\/strong><\/p>\n","protected":false},"excerpt":{"rendered":"<p>Fransa 3&rsquo;nc\u00fc evreye ge\u00e7iyor. Bu geceden itibaren restoran, bar, kafe, diskotek ve \u00ab\u00a0gerekli olmayan\u00a0\u00bb b\u00fct\u00fcn i\u015fletmeler kapan\u0131yor. S\u00fcpermarket ve eczaneler a\u00e7\u0131k. Fransa&rsquo;da corona vir\u00fcs nedeniyle serbest dola\u015f\u0131ma s\u0131n\u0131rland\u0131rma getiriliyor.\u00a0\u00dclke genelinde 15 g\u00fcn serbest dola\u015f\u0131m s\u0131n\u0131rland\u0131r\u0131lacak.\u00a0Zorunlu haller d\u0131\u015f\u0131nda d\u0131\u015far\u0131 \u00e7\u0131kanlar cezaland\u0131r\u0131lacak Fransa&nbsp;Cumhurba\u015fkan\u0131 Emmanuel Macron, yeni tip corona vir\u00fcs (Covid-19) nedeniyle \u00fclke genelinde yar\u0131n yerel saatle 12.00&rsquo;den [&hellip;]<\/p>\n","protected":false},"author":3,"featured_media":10871,"comment_status":"closed","ping_status":"open","sticky":false,"template":"","format":"standard","meta":{"footnotes":""},"categories":[14,16,3,17,18,15,19,2,1],"tags":[],"class_list":["post-10868","post","type-post","status-publish","format-standard","has-post-thumbnail","hentry","category-avrupa","category-belcika","category-dunya","category-ekonomi","category-kultur-sanat","category-spor","category-tanitim","category-turkiye","category-uncategorized"],"yoast_head":"<!-- This site is optimized with the Yoast SEO plugin v26.9 - https:\/\/yoast.com\/product\/yoast-seo-wordpress\/ -->\n<title>Fransa&#039;da 17 Mart Sal\u0131 G\u00fcn\u00fc 12.00&#039;den itibaren serbest dola\u015f\u0131m\u0131n en az 15 g\u00fcn sokak&#039;a cikma yasak geliyor - AvrupaPress<\/title>\n<meta name=\"robots\" content=\"index, follow, max-snippet:-1, max-image-preview:large, max-video-preview:-1\" \/>\n<link rel=\"canonical\" href=\"https:\/\/avrupapress.com\/2020\/03\/16\/fransada-17-mart-sali-gunu-12-00den-itibaren-serbest-dolasimin-en-az-15-gun-sokaka-cikma-yasak-geliyor\/\" \/>\n<meta property=\"og:locale\" content=\"fr_FR\" \/>\n<meta property=\"og:type\" content=\"article\" \/>\n<meta property=\"og:title\" content=\"Fransa&#039;da 17 Mart Sal\u0131 G\u00fcn\u00fc 12.00&#039;den itibaren serbest dola\u015f\u0131m\u0131n en az 15 g\u00fcn sokak&#039;a cikma yasak geliyor - AvrupaPress\" \/>\n<meta property=\"og:description\" content=\"Fransa 3&rsquo;nc\u00fc evreye ge\u00e7iyor. Bu geceden itibaren restoran, bar, kafe, diskotek ve \u00ab\u00a0gerekli olmayan\u00a0\u00bb b\u00fct\u00fcn i\u015fletmeler kapan\u0131yor. S\u00fcpermarket ve eczaneler a\u00e7\u0131k. Fransa&rsquo;da corona vir\u00fcs nedeniyle serbest dola\u015f\u0131ma s\u0131n\u0131rland\u0131rma getiriliyor.\u00a0\u00dclke genelinde 15 g\u00fcn serbest dola\u015f\u0131m s\u0131n\u0131rland\u0131r\u0131lacak.\u00a0Zorunlu haller d\u0131\u015f\u0131nda d\u0131\u015far\u0131 \u00e7\u0131kanlar cezaland\u0131r\u0131lacak Fransa&nbsp;Cumhurba\u015fkan\u0131 Emmanuel Macron, yeni tip corona vir\u00fcs (Covid-19) nedeniyle \u00fclke genelinde yar\u0131n yerel saatle 12.00&rsquo;den [&hellip;]\" \/>\n<meta property=\"og:url\" content=\"https:\/\/avrupapress.com\/2020\/03\/16\/fransada-17-mart-sali-gunu-12-00den-itibaren-serbest-dolasimin-en-az-15-gun-sokaka-cikma-yasak-geliyor\/\" \/>\n<meta property=\"og:site_name\" content=\"AvrupaPress\" \/>\n<meta property=\"article:published_time\" content=\"2020-03-16T21:26:02+00:00\" \/>\n<meta property=\"article:modified_time\" content=\"2020-03-16T21:26:05+00:00\" \/>\n<meta property=\"og:image\" content=\"https:\/\/avrupapress.com\/wp-content\/uploads\/2020\/03\/th-11.jpg\" \/>\n\t<meta property=\"og:image:width\" content=\"300\" \/>\n\t<meta property=\"og:image:height\" content=\"157\" \/>\n\t<meta property=\"og:image:type\" content=\"image\/jpeg\" \/>\n<meta name=\"author\" content=\"Edit\u00f6r\" \/>\n<meta name=\"twitter:card\" content=\"summary_large_image\" \/>\n<meta name=\"twitter:label1\" content=\"\u00c9crit par\" \/>\n\t<meta name=\"twitter:data1\" content=\"Edit\u00f6r\" \/>\n\t<meta name=\"twitter:label2\" content=\"Dur\u00e9e de lecture est.\" \/>\n\t<meta name=\"twitter:data2\" content=\"2 minutes\" \/>\n<script type=\"application\/ld+json\" class=\"yoast-schema-graph\">{\"@context\":\"https:\/\/schema.org\",\"@graph\":[{\"@type\":\"Article\",\"@id\":\"https:\/\/avrupapress.com\/2020\/03\/16\/fransada-17-mart-sali-gunu-12-00den-itibaren-serbest-dolasimin-en-az-15-gun-sokaka-cikma-yasak-geliyor\/#article\",\"isPartOf\":{\"@id\":\"https:\/\/avrupapress.com\/2020\/03\/16\/fransada-17-mart-sali-gunu-12-00den-itibaren-serbest-dolasimin-en-az-15-gun-sokaka-cikma-yasak-geliyor\/\"},\"author\":{\"name\":\"Edit\u00f6r\",\"@id\":\"https:\/\/avrupapress.com\/#\/schema\/person\/68428444ec60970d1e1b700cf4ca1e8f\"},\"headline\":\"Fransa&rsquo;da 17 Mart Sal\u0131 G\u00fcn\u00fc 12.00&rsquo;den itibaren serbest dola\u015f\u0131m\u0131n en az 15 g\u00fcn sokak&rsquo;a cikma yasak geliyor\",\"datePublished\":\"2020-03-16T21:26:02+00:00\",\"dateModified\":\"2020-03-16T21:26:05+00:00\",\"mainEntityOfPage\":{\"@id\":\"https:\/\/avrupapress.com\/2020\/03\/16\/fransada-17-mart-sali-gunu-12-00den-itibaren-serbest-dolasimin-en-az-15-gun-sokaka-cikma-yasak-geliyor\/\"},\"wordCount\":470,\"publisher\":{\"@id\":\"https:\/\/avrupapress.com\/#\/schema\/person\/0223dca19c72c43575bf30d1a2d8f4fa\"},\"image\":{\"@id\":\"https:\/\/avrupapress.com\/2020\/03\/16\/fransada-17-mart-sali-gunu-12-00den-itibaren-serbest-dolasimin-en-az-15-gun-sokaka-cikma-yasak-geliyor\/#primaryimage\"},\"thumbnailUrl\":\"https:\/\/avrupapress.com\/main\/wp-content\/uploads\/2020\/03\/th-11.jpg\",\"articleSection\":[\"Avrupa\",\"Bel\u00e7ika\",\"D\u00fcnya\",\"Ekonomi\",\"K\u00fclt\u00fcr-Sanat\",\"Spor\",\"Tan\u0131t\u0131m\",\"T\u00fcrkiye\",\"Uncategorized\"],\"inLanguage\":\"fr-BE\"},{\"@type\":\"WebPage\",\"@id\":\"https:\/\/avrupapress.com\/2020\/03\/16\/fransada-17-mart-sali-gunu-12-00den-itibaren-serbest-dolasimin-en-az-15-gun-sokaka-cikma-yasak-geliyor\/\",\"url\":\"https:\/\/avrupapress.com\/2020\/03\/16\/fransada-17-mart-sali-gunu-12-00den-itibaren-serbest-dolasimin-en-az-15-gun-sokaka-cikma-yasak-geliyor\/\",\"name\":\"Fransa'da 17 Mart Sal\u0131 G\u00fcn\u00fc 12.00'den itibaren serbest dola\u015f\u0131m\u0131n en az 15 g\u00fcn sokak'a cikma yasak geliyor - AvrupaPress\",\"isPartOf\":{\"@id\":\"https:\/\/avrupapress.com\/#website\"},\"primaryImageOfPage\":{\"@id\":\"https:\/\/avrupapress.com\/2020\/03\/16\/fransada-17-mart-sali-gunu-12-00den-itibaren-serbest-dolasimin-en-az-15-gun-sokaka-cikma-yasak-geliyor\/#primaryimage\"},\"image\":{\"@id\":\"https:\/\/avrupapress.com\/2020\/03\/16\/fransada-17-mart-sali-gunu-12-00den-itibaren-serbest-dolasimin-en-az-15-gun-sokaka-cikma-yasak-geliyor\/#primaryimage\"},\"thumbnailUrl\":\"https:\/\/avrupapress.com\/main\/wp-content\/uploads\/2020\/03\/th-11.jpg\",\"datePublished\":\"2020-03-16T21:26:02+00:00\",\"dateModified\":\"2020-03-16T21:26:05+00:00\",\"breadcrumb\":{\"@id\":\"https:\/\/avrupapress.com\/2020\/03\/16\/fransada-17-mart-sali-gunu-12-00den-itibaren-serbest-dolasimin-en-az-15-gun-sokaka-cikma-yasak-geliyor\/#breadcrumb\"},\"inLanguage\":\"fr-BE\",\"potentialAction\":[{\"@type\":\"ReadAction\",\"target\":[\"https:\/\/avrupapress.com\/2020\/03\/16\/fransada-17-mart-sali-gunu-12-00den-itibaren-serbest-dolasimin-en-az-15-gun-sokaka-cikma-yasak-geliyor\/\"]}]},{\"@type\":\"ImageObject\",\"inLanguage\":\"fr-BE\",\"@id\":\"https:\/\/avrupapress.com\/2020\/03\/16\/fransada-17-mart-sali-gunu-12-00den-itibaren-serbest-dolasimin-en-az-15-gun-sokaka-cikma-yasak-geliyor\/#primaryimage\",\"url\":\"https:\/\/avrupapress.com\/main\/wp-content\/uploads\/2020\/03\/th-11.jpg\",\"contentUrl\":\"https:\/\/avrupapress.com\/main\/wp-content\/uploads\/2020\/03\/th-11.jpg\",\"width\":300,\"height\":157},{\"@type\":\"BreadcrumbList\",\"@id\":\"https:\/\/avrupapress.com\/2020\/03\/16\/fransada-17-mart-sali-gunu-12-00den-itibaren-serbest-dolasimin-en-az-15-gun-sokaka-cikma-yasak-geliyor\/#breadcrumb\",\"itemListElement\":[{\"@type\":\"ListItem\",\"position\":1,\"name\":\"Anasayfa\",\"item\":\"https:\/\/avrupapress.com\/\"},{\"@type\":\"ListItem\",\"position\":2,\"name\":\"Fransa&#8217;da 17 Mart Sal\u0131 G\u00fcn\u00fc 12.00&#8217;den itibaren serbest dola\u015f\u0131m\u0131n en az 15 g\u00fcn sokak&#8217;a cikma yasak geliyor\"}]},{\"@type\":\"WebSite\",\"@id\":\"https:\/\/avrupapress.com\/#website\",\"url\":\"https:\/\/avrupapress.com\/\",\"name\":\"AvrupaPress\",\"description\":\"Haberin Adresi\",\"publisher\":{\"@id\":\"https:\/\/avrupapress.com\/#\/schema\/person\/0223dca19c72c43575bf30d1a2d8f4fa\"},\"potentialAction\":[{\"@type\":\"SearchAction\",\"target\":{\"@type\":\"EntryPoint\",\"urlTemplate\":\"https:\/\/avrupapress.com\/?s={search_term_string}\"},\"query-input\":{\"@type\":\"PropertyValueSpecification\",\"valueRequired\":true,\"valueName\":\"search_term_string\"}}],\"inLanguage\":\"fr-BE\"},{\"@type\":[\"Person\",\"Organization\"],\"@id\":\"https:\/\/avrupapress.com\/#\/schema\/person\/0223dca19c72c43575bf30d1a2d8f4fa\",\"name\":\"Bilgin \u00d6z\u00e7ift\u00e7i\",\"image\":{\"@type\":\"ImageObject\",\"inLanguage\":\"fr-BE\",\"@id\":\"https:\/\/avrupapress.com\/#\/schema\/person\/image\/\",\"url\":\"https:\/\/secure.gravatar.com\/avatar\/0f23b280433a21e1ea7a0adcc46ed0ad16afe3ad8e630fd13d8a017dcbd54ef3?s=96&d=mm&r=g\",\"contentUrl\":\"https:\/\/secure.gravatar.com\/avatar\/0f23b280433a21e1ea7a0adcc46ed0ad16afe3ad8e630fd13d8a017dcbd54ef3?s=96&d=mm&r=g\",\"caption\":\"Bilgin \u00d6z\u00e7ift\u00e7i\"},\"logo\":{\"@id\":\"https:\/\/avrupapress.com\/#\/schema\/person\/image\/\"},\"description\":\"Ne ben, nede sen... Biz ancak \\\"biz\\\" olursak g\u00fc\u00e7l\u00fc olabiliriz\"},{\"@type\":\"Person\",\"@id\":\"https:\/\/avrupapress.com\/#\/schema\/person\/68428444ec60970d1e1b700cf4ca1e8f\",\"name\":\"Edit\u00f6r\",\"image\":{\"@type\":\"ImageObject\",\"inLanguage\":\"fr-BE\",\"@id\":\"https:\/\/avrupapress.com\/#\/schema\/person\/image\/\",\"url\":\"https:\/\/secure.gravatar.com\/avatar\/74996b0977aa5f1559ba9883776652508b229005c0d78fb2597897f0bd651c09?s=96&d=mm&r=g\",\"contentUrl\":\"https:\/\/secure.gravatar.com\/avatar\/74996b0977aa5f1559ba9883776652508b229005c0d78fb2597897f0bd651c09?s=96&d=mm&r=g\",\"caption\":\"Edit\u00f6r\"},\"sameAs\":[\"http:\/\/www.avrupapress.com\"],\"url\":\"https:\/\/avrupapress.com\/main\/author\/editor\/\"}]}<\/script>\n<!-- \/ Yoast SEO plugin. -->","yoast_head_json":{"title":"Fransa'da 17 Mart Sal\u0131 G\u00fcn\u00fc 12.00'den itibaren serbest dola\u015f\u0131m\u0131n en az 15 g\u00fcn sokak'a cikma yasak geliyor - AvrupaPress","robots":{"index":"index","follow":"follow","max-snippet":"max-snippet:-1","max-image-preview":"max-image-preview:large","max-video-preview":"max-video-preview:-1"},"canonical":"https:\/\/avrupapress.com\/2020\/03\/16\/fransada-17-mart-sali-gunu-12-00den-itibaren-serbest-dolasimin-en-az-15-gun-sokaka-cikma-yasak-geliyor\/","og_locale":"fr_FR","og_type":"article","og_title":"Fransa'da 17 Mart Sal\u0131 G\u00fcn\u00fc 12.00'den itibaren serbest dola\u015f\u0131m\u0131n en az 15 g\u00fcn sokak'a cikma yasak geliyor - AvrupaPress","og_description":"Fransa 3&rsquo;nc\u00fc evreye ge\u00e7iyor. Bu geceden itibaren restoran, bar, kafe, diskotek ve \u00ab\u00a0gerekli olmayan\u00a0\u00bb b\u00fct\u00fcn i\u015fletmeler kapan\u0131yor. S\u00fcpermarket ve eczaneler a\u00e7\u0131k. Fransa&rsquo;da corona vir\u00fcs nedeniyle serbest dola\u015f\u0131ma s\u0131n\u0131rland\u0131rma getiriliyor.\u00a0\u00dclke genelinde 15 g\u00fcn serbest dola\u015f\u0131m s\u0131n\u0131rland\u0131r\u0131lacak.\u00a0Zorunlu haller d\u0131\u015f\u0131nda d\u0131\u015far\u0131 \u00e7\u0131kanlar cezaland\u0131r\u0131lacak Fransa&nbsp;Cumhurba\u015fkan\u0131 Emmanuel Macron, yeni tip corona vir\u00fcs (Covid-19) nedeniyle \u00fclke genelinde yar\u0131n yerel saatle 12.00&rsquo;den [&hellip;]","og_url":"https:\/\/avrupapress.com\/2020\/03\/16\/fransada-17-mart-sali-gunu-12-00den-itibaren-serbest-dolasimin-en-az-15-gun-sokaka-cikma-yasak-geliyor\/","og_site_name":"AvrupaPress","article_published_time":"2020-03-16T21:26:02+00:00","article_modified_time":"2020-03-16T21:26:05+00:00","og_image":[{"width":300,"height":157,"url":"https:\/\/avrupapress.com\/wp-content\/uploads\/2020\/03\/th-11.jpg","type":"image\/jpeg"}],"author":"Edit\u00f6r","twitter_card":"summary_large_image","twitter_misc":{"\u00c9crit par":"Edit\u00f6r","Dur\u00e9e de lecture est.":"2 minutes"},"schema":{"@context":"https:\/\/schema.org","@graph":[{"@type":"Article","@id":"https:\/\/avrupapress.com\/2020\/03\/16\/fransada-17-mart-sali-gunu-12-00den-itibaren-serbest-dolasimin-en-az-15-gun-sokaka-cikma-yasak-geliyor\/#article","isPartOf":{"@id":"https:\/\/avrupapress.com\/2020\/03\/16\/fransada-17-mart-sali-gunu-12-00den-itibaren-serbest-dolasimin-en-az-15-gun-sokaka-cikma-yasak-geliyor\/"},"author":{"name":"Edit\u00f6r","@id":"https:\/\/avrupapress.com\/#\/schema\/person\/68428444ec60970d1e1b700cf4ca1e8f"},"headline":"Fransa&rsquo;da 17 Mart Sal\u0131 G\u00fcn\u00fc 12.00&rsquo;den itibaren serbest dola\u015f\u0131m\u0131n en az 15 g\u00fcn sokak&rsquo;a cikma yasak geliyor","datePublished":"2020-03-16T21:26:02+00:00","dateModified":"2020-03-16T21:26:05+00:00","mainEntityOfPage":{"@id":"https:\/\/avrupapress.com\/2020\/03\/16\/fransada-17-mart-sali-gunu-12-00den-itibaren-serbest-dolasimin-en-az-15-gun-sokaka-cikma-yasak-geliyor\/"},"wordCount":470,"publisher":{"@id":"https:\/\/avrupapress.com\/#\/schema\/person\/0223dca19c72c43575bf30d1a2d8f4fa"},"image":{"@id":"https:\/\/avrupapress.com\/2020\/03\/16\/fransada-17-mart-sali-gunu-12-00den-itibaren-serbest-dolasimin-en-az-15-gun-sokaka-cikma-yasak-geliyor\/#primaryimage"},"thumbnailUrl":"https:\/\/avrupapress.com\/main\/wp-content\/uploads\/2020\/03\/th-11.jpg","articleSection":["Avrupa","Bel\u00e7ika","D\u00fcnya","Ekonomi","K\u00fclt\u00fcr-Sanat","Spor","Tan\u0131t\u0131m","T\u00fcrkiye","Uncategorized"],"inLanguage":"fr-BE"},{"@type":"WebPage","@id":"https:\/\/avrupapress.com\/2020\/03\/16\/fransada-17-mart-sali-gunu-12-00den-itibaren-serbest-dolasimin-en-az-15-gun-sokaka-cikma-yasak-geliyor\/","url":"https:\/\/avrupapress.com\/2020\/03\/16\/fransada-17-mart-sali-gunu-12-00den-itibaren-serbest-dolasimin-en-az-15-gun-sokaka-cikma-yasak-geliyor\/","name":"Fransa'da 17 Mart Sal\u0131 G\u00fcn\u00fc 12.00'den itibaren serbest dola\u015f\u0131m\u0131n en az 15 g\u00fcn sokak'a cikma yasak geliyor - AvrupaPress","isPartOf":{"@id":"https:\/\/avrupapress.com\/#website"},"primaryImageOfPage":{"@id":"https:\/\/avrupapress.com\/2020\/03\/16\/fransada-17-mart-sali-gunu-12-00den-itibaren-serbest-dolasimin-en-az-15-gun-sokaka-cikma-yasak-geliyor\/#primaryimage"},"image":{"@id":"https:\/\/avrupapress.com\/2020\/03\/16\/fransada-17-mart-sali-gunu-12-00den-itibaren-serbest-dolasimin-en-az-15-gun-sokaka-cikma-yasak-geliyor\/#primaryimage"},"thumbnailUrl":"https:\/\/avrupapress.com\/main\/wp-content\/uploads\/2020\/03\/th-11.jpg","datePublished":"2020-03-16T21:26:02+00:00","dateModified":"2020-03-16T21:26:05+00:00","breadcrumb":{"@id":"https:\/\/avrupapress.com\/2020\/03\/16\/fransada-17-mart-sali-gunu-12-00den-itibaren-serbest-dolasimin-en-az-15-gun-sokaka-cikma-yasak-geliyor\/#breadcrumb"},"inLanguage":"fr-BE","potentialAction":[{"@type":"ReadAction","target":["https:\/\/avrupapress.com\/2020\/03\/16\/fransada-17-mart-sali-gunu-12-00den-itibaren-serbest-dolasimin-en-az-15-gun-sokaka-cikma-yasak-geliyor\/"]}]},{"@type":"ImageObject","inLanguage":"fr-BE","@id":"https:\/\/avrupapress.com\/2020\/03\/16\/fransada-17-mart-sali-gunu-12-00den-itibaren-serbest-dolasimin-en-az-15-gun-sokaka-cikma-yasak-geliyor\/#primaryimage","url":"https:\/\/avrupapress.com\/main\/wp-content\/uploads\/2020\/03\/th-11.jpg","contentUrl":"https:\/\/avrupapress.com\/main\/wp-content\/uploads\/2020\/03\/th-11.jpg","width":300,"height":157},{"@type":"BreadcrumbList","@id":"https:\/\/avrupapress.com\/2020\/03\/16\/fransada-17-mart-sali-gunu-12-00den-itibaren-serbest-dolasimin-en-az-15-gun-sokaka-cikma-yasak-geliyor\/#breadcrumb","itemListElement":[{"@type":"ListItem","position":1,"name":"Anasayfa","item":"https:\/\/avrupapress.com\/"},{"@type":"ListItem","position":2,"name":"Fransa&#8217;da 17 Mart Sal\u0131 G\u00fcn\u00fc 12.00&#8217;den itibaren serbest dola\u015f\u0131m\u0131n en az 15 g\u00fcn sokak&#8217;a cikma yasak geliyor"}]},{"@type":"WebSite","@id":"https:\/\/avrupapress.com\/#website","url":"https:\/\/avrupapress.com\/","name":"AvrupaPress","description":"Haberin Adresi","publisher":{"@id":"https:\/\/avrupapress.com\/#\/schema\/person\/0223dca19c72c43575bf30d1a2d8f4fa"},"potentialAction":[{"@type":"SearchAction","target":{"@type":"EntryPoint","urlTemplate":"https:\/\/avrupapress.com\/?s={search_term_string}"},"query-input":{"@type":"PropertyValueSpecification","valueRequired":true,"valueName":"search_term_string"}}],"inLanguage":"fr-BE"},{"@type":["Person","Organization"],"@id":"https:\/\/avrupapress.com\/#\/schema\/person\/0223dca19c72c43575bf30d1a2d8f4fa","name":"Bilgin \u00d6z\u00e7ift\u00e7i","image":{"@type":"ImageObject","inLanguage":"fr-BE","@id":"https:\/\/avrupapress.com\/#\/schema\/person\/image\/","url":"https:\/\/secure.gravatar.com\/avatar\/0f23b280433a21e1ea7a0adcc46ed0ad16afe3ad8e630fd13d8a017dcbd54ef3?s=96&d=mm&r=g","contentUrl":"https:\/\/secure.gravatar.com\/avatar\/0f23b280433a21e1ea7a0adcc46ed0ad16afe3ad8e630fd13d8a017dcbd54ef3?s=96&d=mm&r=g","caption":"Bilgin \u00d6z\u00e7ift\u00e7i"},"logo":{"@id":"https:\/\/avrupapress.com\/#\/schema\/person\/image\/"},"description":"Ne ben, nede sen... Biz ancak \"biz\" olursak g\u00fc\u00e7l\u00fc olabiliriz"},{"@type":"Person","@id":"https:\/\/avrupapress.com\/#\/schema\/person\/68428444ec60970d1e1b700cf4ca1e8f","name":"Edit\u00f6r","image":{"@type":"ImageObject","inLanguage":"fr-BE","@id":"https:\/\/avrupapress.com\/#\/schema\/person\/image\/","url":"https:\/\/secure.gravatar.com\/avatar\/74996b0977aa5f1559ba9883776652508b229005c0d78fb2597897f0bd651c09?s=96&d=mm&r=g","contentUrl":"https:\/\/secure.gravatar.com\/avatar\/74996b0977aa5f1559ba9883776652508b229005c0d78fb2597897f0bd651c09?s=96&d=mm&r=g","caption":"Edit\u00f6r"},"sameAs":["http:\/\/www.avrupapress.com"],"url":"https:\/\/avrupapress.com\/main\/author\/editor\/"}]}},"_links":{"self":[{"href":"https:\/\/avrupapress.com\/main\/wp-json\/wp\/v2\/posts\/10868","targetHints":{"allow":["GET"]}}],"collection":[{"href":"https:\/\/avrupapress.com\/main\/wp-json\/wp\/v2\/posts"}],"about":[{"href":"https:\/\/avrupapress.com\/main\/wp-json\/wp\/v2\/types\/post"}],"author":[{"embeddable":true,"href":"https:\/\/avrupapress.com\/main\/wp-json\/wp\/v2\/users\/3"}],"replies":[{"embeddable":true,"href":"https:\/\/avrupapress.com\/main\/wp-json\/wp\/v2\/comments?post=10868"}],"version-history":[{"count":1,"href":"https:\/\/avrupapress.com\/main\/wp-json\/wp\/v2\/posts\/10868\/revisions"}],"predecessor-version":[{"id":10872,"href":"https:\/\/avrupapress.com\/main\/wp-json\/wp\/v2\/posts\/10868\/revisions\/10872"}],"wp:featuredmedia":[{"embeddable":true,"href":"https:\/\/avrupapress.com\/main\/wp-json\/wp\/v2\/media\/10871"}],"wp:attachment":[{"href":"https:\/\/avrupapress.com\/main\/wp-json\/wp\/v2\/media?parent=10868"}],"wp:term":[{"taxonomy":"category","embeddable":true,"href":"https:\/\/avrupapress.com\/main\/wp-json\/wp\/v2\/categories?post=10868"},{"taxonomy":"post_tag","embeddable":true,"href":"https:\/\/avrupapress.com\/main\/wp-json\/wp\/v2\/tags?post=10868"}],"curies":[{"name":"wp","href":"https:\/\/api.w.org\/{rel}","templated":true}]}}