{"id":10861,"date":"2020-03-15T21:58:15","date_gmt":"2020-03-15T21:58:15","guid":{"rendered":"http:\/\/avrupapress.com\/main\/?p=10861"},"modified":"2020-03-15T21:58:17","modified_gmt":"2020-03-15T21:58:17","slug":"turkiye-saglik-bakani-fahrettin-kocadan-koronavirus-aciklamasi-toplam-vaka-sayimiz-18dir","status":"publish","type":"post","link":"https:\/\/avrupapress.com\/main\/2020\/03\/15\/turkiye-saglik-bakani-fahrettin-kocadan-koronavirus-aciklamasi-toplam-vaka-sayimiz-18dir\/","title":{"rendered":"T\u00fcrkiye Sa\u011fl\u0131k Bakan\u0131 Fahrettin Koca&rsquo;dan koronavir\u00fcs a\u00e7\u0131klamas\u0131: Toplam vaka say\u0131m\u0131z 18&rsquo;dir"},"content":{"rendered":"\n<p><strong>Sa\u011fl\u0131k Bakan\u0131 Fahrettin Koca, Twitter hesab\u0131ndan yapt\u0131\u011f\u0131 a\u00e7\u0131klamada, T\u00fcrkiye&rsquo;de 12 yeni koronavir\u00fcs vakas\u0131 tespit edildi\u011fini belirterek, toplam vaka say\u0131s\u0131n\u0131n 18&rsquo;e y\u00fckseldi\u011fini ifade etti.<\/strong><\/p>\n\n\n\n<p>Sa\u011fl\u0131k Bakan\u0131&nbsp;<a href=\"https:\/\/www.haberler.com\/fahrettin-koca\/\"><strong>Fahrettin Koca<\/strong><\/a>, T\u00fcrkiye&rsquo;de 12 yeni koronavir\u00fcs vakas\u0131 tespit edildi\u011fini ve toplam vaka say\u0131s\u0131n\u0131n 18&rsquo;e y\u00fckseldi\u011fini a\u00e7\u0131klad\u0131.<\/p>\n\n\n\n<h3 class=\"wp-block-heading\">12 YEN\u0130 VAKA TESP\u0130T ED\u0130LD\u0130<\/h3>\n\n\n\n<p>Bakan Koca, koronavir\u00fcs vakalar\u0131na ili\u015fkin&nbsp;<a href=\"https:\/\/www.haberler.com\/twitter\/\"><strong>Twitter<\/strong><\/a>&nbsp;hesab\u0131ndan a\u00e7\u0131klamada bulundu. Bakan Koca, a\u00e7\u0131klanan ilk vakan\u0131n g\u00f6zlem alt\u0131nda tutulan \u00e7evresindeki iki ki\u015fide daha koronavir\u00fcs tespit edildi\u011fini belirterek,&nbsp;<a href=\"https:\/\/www.haberler.com\/avrupa\/\"><strong>Avrupa<\/strong><\/a>&lsquo;dan gelmi\u015f yedi, Amerika&rsquo;dan gelmi\u015f 3 vakan\u0131n bulundu\u011funu ifade etti.<\/p>\n\n\n\n<h3 class=\"wp-block-heading\">\u00ab\u00a0TESP\u0130T ED\u0130LM\u0130\u015e HER VAKA HEP\u0130M\u0130Z \u0130\u00c7\u0130N EMN\u0130YETT\u0130R\u00a0\u00bb<\/h3>\n\n\n\n<p><strong>Bakan Koca, Twitter hesab\u0131ndan yapt\u0131\u011f\u0131 a\u00e7\u0131klamada \u015fu ifadeleri kulland\u0131:<\/strong><\/p>\n\n\n\n<p>A\u00e7\u0131klad\u0131\u011f\u0131m\u0131z ilk vakan\u0131n g\u00f6zlem alt\u0131nda tutulan \u00e7evresindeki iki ki\u015fiye tan\u0131 konmu\u015ftur. Avrupa \u00fclkelerinden gelmi\u015f yedi, Amerika&rsquo;dan gelmi\u015f \u00fc\u00e7 vakam\u0131z var. Durum \u00fcz\u00fcc\u00fc ama\u2026 Tespit edilmi\u015f her vaka, her izolasyon hepimiz i\u00e7in emniyettir.<\/p>\n\n\n\n<figure class=\"wp-block-image\"><img decoding=\"async\" src=\"https:\/\/foto.haberler.com\/haber\/2020\/03\/16\/son-dakika-turkiye-deki-koronavirus-vaka-sayisi-13017723_2732_m.jpg\" alt=\"\"\/><\/figure>\n\n\n\n<h3 class=\"wp-block-heading\">\u00ab\u00a0TOPLAM VAKA SAYISI 18&rsquo;D\u0130R\u00a0\u00bb<\/h3>\n\n\n\n<p>Daha sonra Twitter hesab\u0131ndan yeni bir payla\u015f\u0131m daha yapan Sa\u011fl\u0131k Bakan\u0131 Fahrettin Koca, \u00ab\u00a0Az \u00f6nce a\u00e7\u0131klanan ve yeni olan vaka say\u0131s\u0131, toplam 12&rsquo;dir. Bunlardan 2&rsquo;si ilk vakam\u0131z\u0131n temas \u00e7evresindendir. \u015eu ana kadar toplam vaka say\u0131m\u0131zsa 18&rsquo;dir. Vaka say\u0131s\u0131 bilgisi a\u00e7\u0131k, tam olarak bu \u015fekildedir\u00a0\u00bb ifadelerini kulland\u0131.<\/p>\n\n\n\n<figure class=\"wp-block-image\"><img decoding=\"async\" src=\"https:\/\/foto.haberler.com\/haber\/2020\/03\/16\/son-dakika-turkiye-deki-koronavirus-vaka-sayisi-13017723_4450_m.jpg\" alt=\"\"\/><\/figure>\n\n\n\n<p><\/p>\n\n\n\n<figure class=\"wp-block-image\"><img decoding=\"async\" src=\"https:\/\/foto.haberler.com\/haber\/2020\/03\/16\/son-dakika-saglik-bakani-koca-yeni-koronavirus-13017723_7262_o.jpg\" alt=\"Son Dakika: Sa\u011fl\u0131k Bakan\u0131 Fahrettin Koca'dan koronavir\u00fcs a\u00e7\u0131klamas\u0131: Toplam vaka say\u0131m\u0131z 18'dir\"\/><\/figure>\n","protected":false},"excerpt":{"rendered":"<p>Sa\u011fl\u0131k Bakan\u0131 Fahrettin Koca, Twitter hesab\u0131ndan yapt\u0131\u011f\u0131 a\u00e7\u0131klamada, T\u00fcrkiye&rsquo;de 12 yeni koronavir\u00fcs vakas\u0131 tespit edildi\u011fini belirterek, toplam vaka say\u0131s\u0131n\u0131n 18&rsquo;e y\u00fckseldi\u011fini ifade etti. Sa\u011fl\u0131k Bakan\u0131&nbsp;Fahrettin Koca, T\u00fcrkiye&rsquo;de 12 yeni koronavir\u00fcs vakas\u0131 tespit edildi\u011fini ve toplam vaka say\u0131s\u0131n\u0131n 18&rsquo;e y\u00fckseldi\u011fini a\u00e7\u0131klad\u0131. 12 YEN\u0130 VAKA TESP\u0130T ED\u0130LD\u0130 Bakan Koca, koronavir\u00fcs vakalar\u0131na ili\u015fkin&nbsp;Twitter&nbsp;hesab\u0131ndan a\u00e7\u0131klamada bulundu. Bakan Koca, a\u00e7\u0131klanan [&hellip;]<\/p>\n","protected":false},"author":3,"featured_media":10862,"comment_status":"closed","ping_status":"open","sticky":false,"template":"","format":"standard","meta":{"footnotes":""},"categories":[14,16,3,17,18,19,2,1],"tags":[],"class_list":["post-10861","post","type-post","status-publish","format-standard","has-post-thumbnail","hentry","category-avrupa","category-belcika","category-dunya","category-ekonomi","category-kultur-sanat","category-tanitim","category-turkiye","category-uncategorized"],"yoast_head":"<!-- This site is optimized with the Yoast SEO plugin v26.9 - https:\/\/yoast.com\/product\/yoast-seo-wordpress\/ -->\n<title>T\u00fcrkiye Sa\u011fl\u0131k Bakan\u0131 Fahrettin Koca&#039;dan koronavir\u00fcs a\u00e7\u0131klamas\u0131: Toplam vaka say\u0131m\u0131z 18&#039;dir - AvrupaPress<\/title>\n<meta name=\"robots\" content=\"index, follow, max-snippet:-1, max-image-preview:large, max-video-preview:-1\" \/>\n<link rel=\"canonical\" href=\"https:\/\/avrupapress.com\/2020\/03\/15\/turkiye-saglik-bakani-fahrettin-kocadan-koronavirus-aciklamasi-toplam-vaka-sayimiz-18dir\/\" \/>\n<meta property=\"og:locale\" content=\"fr_FR\" \/>\n<meta property=\"og:type\" content=\"article\" \/>\n<meta property=\"og:title\" content=\"T\u00fcrkiye Sa\u011fl\u0131k Bakan\u0131 Fahrettin Koca&#039;dan koronavir\u00fcs a\u00e7\u0131klamas\u0131: Toplam vaka say\u0131m\u0131z 18&#039;dir - AvrupaPress\" \/>\n<meta property=\"og:description\" content=\"Sa\u011fl\u0131k Bakan\u0131 Fahrettin Koca, Twitter hesab\u0131ndan yapt\u0131\u011f\u0131 a\u00e7\u0131klamada, T\u00fcrkiye&rsquo;de 12 yeni koronavir\u00fcs vakas\u0131 tespit edildi\u011fini belirterek, toplam vaka say\u0131s\u0131n\u0131n 18&rsquo;e y\u00fckseldi\u011fini ifade etti. Sa\u011fl\u0131k Bakan\u0131&nbsp;Fahrettin Koca, T\u00fcrkiye&rsquo;de 12 yeni koronavir\u00fcs vakas\u0131 tespit edildi\u011fini ve toplam vaka say\u0131s\u0131n\u0131n 18&rsquo;e y\u00fckseldi\u011fini a\u00e7\u0131klad\u0131. 12 YEN\u0130 VAKA TESP\u0130T ED\u0130LD\u0130 Bakan Koca, koronavir\u00fcs vakalar\u0131na ili\u015fkin&nbsp;Twitter&nbsp;hesab\u0131ndan a\u00e7\u0131klamada bulundu. Bakan Koca, a\u00e7\u0131klanan [&hellip;]\" \/>\n<meta property=\"og:url\" content=\"https:\/\/avrupapress.com\/2020\/03\/15\/turkiye-saglik-bakani-fahrettin-kocadan-koronavirus-aciklamasi-toplam-vaka-sayimiz-18dir\/\" \/>\n<meta property=\"og:site_name\" content=\"AvrupaPress\" \/>\n<meta property=\"article:published_time\" content=\"2020-03-15T21:58:15+00:00\" \/>\n<meta property=\"article:modified_time\" content=\"2020-03-15T21:58:17+00:00\" \/>\n<meta property=\"og:image\" content=\"https:\/\/avrupapress.com\/wp-content\/uploads\/2020\/03\/son-dakika-saglik-bakani-koca-yeni-koronavirus-13017723_7262_o.jpg\" \/>\n\t<meta property=\"og:image:width\" content=\"640\" \/>\n\t<meta property=\"og:image:height\" content=\"361\" \/>\n\t<meta property=\"og:image:type\" content=\"image\/jpeg\" \/>\n<meta name=\"author\" content=\"Edit\u00f6r\" \/>\n<meta name=\"twitter:card\" content=\"summary_large_image\" \/>\n<meta name=\"twitter:label1\" content=\"\u00c9crit par\" \/>\n\t<meta name=\"twitter:data1\" content=\"Edit\u00f6r\" \/>\n\t<meta name=\"twitter:label2\" content=\"Dur\u00e9e de lecture est.\" \/>\n\t<meta name=\"twitter:data2\" content=\"1 minute\" \/>\n<script type=\"application\/ld+json\" class=\"yoast-schema-graph\">{\"@context\":\"https:\/\/schema.org\",\"@graph\":[{\"@type\":\"Article\",\"@id\":\"https:\/\/avrupapress.com\/2020\/03\/15\/turkiye-saglik-bakani-fahrettin-kocadan-koronavirus-aciklamasi-toplam-vaka-sayimiz-18dir\/#article\",\"isPartOf\":{\"@id\":\"https:\/\/avrupapress.com\/2020\/03\/15\/turkiye-saglik-bakani-fahrettin-kocadan-koronavirus-aciklamasi-toplam-vaka-sayimiz-18dir\/\"},\"author\":{\"name\":\"Edit\u00f6r\",\"@id\":\"https:\/\/avrupapress.com\/#\/schema\/person\/68428444ec60970d1e1b700cf4ca1e8f\"},\"headline\":\"T\u00fcrkiye Sa\u011fl\u0131k Bakan\u0131 Fahrettin Koca&rsquo;dan koronavir\u00fcs a\u00e7\u0131klamas\u0131: Toplam vaka say\u0131m\u0131z 18&rsquo;dir\",\"datePublished\":\"2020-03-15T21:58:15+00:00\",\"dateModified\":\"2020-03-15T21:58:17+00:00\",\"mainEntityOfPage\":{\"@id\":\"https:\/\/avrupapress.com\/2020\/03\/15\/turkiye-saglik-bakani-fahrettin-kocadan-koronavirus-aciklamasi-toplam-vaka-sayimiz-18dir\/\"},\"wordCount\":268,\"publisher\":{\"@id\":\"https:\/\/avrupapress.com\/#\/schema\/person\/0223dca19c72c43575bf30d1a2d8f4fa\"},\"image\":{\"@id\":\"https:\/\/avrupapress.com\/2020\/03\/15\/turkiye-saglik-bakani-fahrettin-kocadan-koronavirus-aciklamasi-toplam-vaka-sayimiz-18dir\/#primaryimage\"},\"thumbnailUrl\":\"https:\/\/avrupapress.com\/main\/wp-content\/uploads\/2020\/03\/son-dakika-saglik-bakani-koca-yeni-koronavirus-13017723_7262_o.jpg\",\"articleSection\":[\"Avrupa\",\"Bel\u00e7ika\",\"D\u00fcnya\",\"Ekonomi\",\"K\u00fclt\u00fcr-Sanat\",\"Tan\u0131t\u0131m\",\"T\u00fcrkiye\",\"Uncategorized\"],\"inLanguage\":\"fr-BE\"},{\"@type\":\"WebPage\",\"@id\":\"https:\/\/avrupapress.com\/2020\/03\/15\/turkiye-saglik-bakani-fahrettin-kocadan-koronavirus-aciklamasi-toplam-vaka-sayimiz-18dir\/\",\"url\":\"https:\/\/avrupapress.com\/2020\/03\/15\/turkiye-saglik-bakani-fahrettin-kocadan-koronavirus-aciklamasi-toplam-vaka-sayimiz-18dir\/\",\"name\":\"T\u00fcrkiye Sa\u011fl\u0131k Bakan\u0131 Fahrettin Koca'dan koronavir\u00fcs a\u00e7\u0131klamas\u0131: Toplam vaka say\u0131m\u0131z 18'dir - AvrupaPress\",\"isPartOf\":{\"@id\":\"https:\/\/avrupapress.com\/#website\"},\"primaryImageOfPage\":{\"@id\":\"https:\/\/avrupapress.com\/2020\/03\/15\/turkiye-saglik-bakani-fahrettin-kocadan-koronavirus-aciklamasi-toplam-vaka-sayimiz-18dir\/#primaryimage\"},\"image\":{\"@id\":\"https:\/\/avrupapress.com\/2020\/03\/15\/turkiye-saglik-bakani-fahrettin-kocadan-koronavirus-aciklamasi-toplam-vaka-sayimiz-18dir\/#primaryimage\"},\"thumbnailUrl\":\"https:\/\/avrupapress.com\/main\/wp-content\/uploads\/2020\/03\/son-dakika-saglik-bakani-koca-yeni-koronavirus-13017723_7262_o.jpg\",\"datePublished\":\"2020-03-15T21:58:15+00:00\",\"dateModified\":\"2020-03-15T21:58:17+00:00\",\"breadcrumb\":{\"@id\":\"https:\/\/avrupapress.com\/2020\/03\/15\/turkiye-saglik-bakani-fahrettin-kocadan-koronavirus-aciklamasi-toplam-vaka-sayimiz-18dir\/#breadcrumb\"},\"inLanguage\":\"fr-BE\",\"potentialAction\":[{\"@type\":\"ReadAction\",\"target\":[\"https:\/\/avrupapress.com\/2020\/03\/15\/turkiye-saglik-bakani-fahrettin-kocadan-koronavirus-aciklamasi-toplam-vaka-sayimiz-18dir\/\"]}]},{\"@type\":\"ImageObject\",\"inLanguage\":\"fr-BE\",\"@id\":\"https:\/\/avrupapress.com\/2020\/03\/15\/turkiye-saglik-bakani-fahrettin-kocadan-koronavirus-aciklamasi-toplam-vaka-sayimiz-18dir\/#primaryimage\",\"url\":\"https:\/\/avrupapress.com\/main\/wp-content\/uploads\/2020\/03\/son-dakika-saglik-bakani-koca-yeni-koronavirus-13017723_7262_o.jpg\",\"contentUrl\":\"https:\/\/avrupapress.com\/main\/wp-content\/uploads\/2020\/03\/son-dakika-saglik-bakani-koca-yeni-koronavirus-13017723_7262_o.jpg\",\"width\":640,\"height\":361},{\"@type\":\"BreadcrumbList\",\"@id\":\"https:\/\/avrupapress.com\/2020\/03\/15\/turkiye-saglik-bakani-fahrettin-kocadan-koronavirus-aciklamasi-toplam-vaka-sayimiz-18dir\/#breadcrumb\",\"itemListElement\":[{\"@type\":\"ListItem\",\"position\":1,\"name\":\"Anasayfa\",\"item\":\"https:\/\/avrupapress.com\/\"},{\"@type\":\"ListItem\",\"position\":2,\"name\":\"T\u00fcrkiye Sa\u011fl\u0131k Bakan\u0131 Fahrettin Koca&#8217;dan koronavir\u00fcs a\u00e7\u0131klamas\u0131: Toplam vaka say\u0131m\u0131z 18&#8217;dir\"}]},{\"@type\":\"WebSite\",\"@id\":\"https:\/\/avrupapress.com\/#website\",\"url\":\"https:\/\/avrupapress.com\/\",\"name\":\"AvrupaPress\",\"description\":\"Haberin Adresi\",\"publisher\":{\"@id\":\"https:\/\/avrupapress.com\/#\/schema\/person\/0223dca19c72c43575bf30d1a2d8f4fa\"},\"potentialAction\":[{\"@type\":\"SearchAction\",\"target\":{\"@type\":\"EntryPoint\",\"urlTemplate\":\"https:\/\/avrupapress.com\/?s={search_term_string}\"},\"query-input\":{\"@type\":\"PropertyValueSpecification\",\"valueRequired\":true,\"valueName\":\"search_term_string\"}}],\"inLanguage\":\"fr-BE\"},{\"@type\":[\"Person\",\"Organization\"],\"@id\":\"https:\/\/avrupapress.com\/#\/schema\/person\/0223dca19c72c43575bf30d1a2d8f4fa\",\"name\":\"Bilgin \u00d6z\u00e7ift\u00e7i\",\"image\":{\"@type\":\"ImageObject\",\"inLanguage\":\"fr-BE\",\"@id\":\"https:\/\/avrupapress.com\/#\/schema\/person\/image\/\",\"url\":\"https:\/\/secure.gravatar.com\/avatar\/0f23b280433a21e1ea7a0adcc46ed0ad16afe3ad8e630fd13d8a017dcbd54ef3?s=96&d=mm&r=g\",\"contentUrl\":\"https:\/\/secure.gravatar.com\/avatar\/0f23b280433a21e1ea7a0adcc46ed0ad16afe3ad8e630fd13d8a017dcbd54ef3?s=96&d=mm&r=g\",\"caption\":\"Bilgin \u00d6z\u00e7ift\u00e7i\"},\"logo\":{\"@id\":\"https:\/\/avrupapress.com\/#\/schema\/person\/image\/\"},\"description\":\"Ne ben, nede sen... Biz ancak \\\"biz\\\" olursak g\u00fc\u00e7l\u00fc olabiliriz\"},{\"@type\":\"Person\",\"@id\":\"https:\/\/avrupapress.com\/#\/schema\/person\/68428444ec60970d1e1b700cf4ca1e8f\",\"name\":\"Edit\u00f6r\",\"image\":{\"@type\":\"ImageObject\",\"inLanguage\":\"fr-BE\",\"@id\":\"https:\/\/avrupapress.com\/#\/schema\/person\/image\/\",\"url\":\"https:\/\/secure.gravatar.com\/avatar\/74996b0977aa5f1559ba9883776652508b229005c0d78fb2597897f0bd651c09?s=96&d=mm&r=g\",\"contentUrl\":\"https:\/\/secure.gravatar.com\/avatar\/74996b0977aa5f1559ba9883776652508b229005c0d78fb2597897f0bd651c09?s=96&d=mm&r=g\",\"caption\":\"Edit\u00f6r\"},\"sameAs\":[\"http:\/\/www.avrupapress.com\"],\"url\":\"https:\/\/avrupapress.com\/main\/author\/editor\/\"}]}<\/script>\n<!-- \/ Yoast SEO plugin. -->","yoast_head_json":{"title":"T\u00fcrkiye Sa\u011fl\u0131k Bakan\u0131 Fahrettin Koca'dan koronavir\u00fcs a\u00e7\u0131klamas\u0131: Toplam vaka say\u0131m\u0131z 18'dir - AvrupaPress","robots":{"index":"index","follow":"follow","max-snippet":"max-snippet:-1","max-image-preview":"max-image-preview:large","max-video-preview":"max-video-preview:-1"},"canonical":"https:\/\/avrupapress.com\/2020\/03\/15\/turkiye-saglik-bakani-fahrettin-kocadan-koronavirus-aciklamasi-toplam-vaka-sayimiz-18dir\/","og_locale":"fr_FR","og_type":"article","og_title":"T\u00fcrkiye Sa\u011fl\u0131k Bakan\u0131 Fahrettin Koca'dan koronavir\u00fcs a\u00e7\u0131klamas\u0131: Toplam vaka say\u0131m\u0131z 18'dir - AvrupaPress","og_description":"Sa\u011fl\u0131k Bakan\u0131 Fahrettin Koca, Twitter hesab\u0131ndan yapt\u0131\u011f\u0131 a\u00e7\u0131klamada, T\u00fcrkiye&rsquo;de 12 yeni koronavir\u00fcs vakas\u0131 tespit edildi\u011fini belirterek, toplam vaka say\u0131s\u0131n\u0131n 18&rsquo;e y\u00fckseldi\u011fini ifade etti. Sa\u011fl\u0131k Bakan\u0131&nbsp;Fahrettin Koca, T\u00fcrkiye&rsquo;de 12 yeni koronavir\u00fcs vakas\u0131 tespit edildi\u011fini ve toplam vaka say\u0131s\u0131n\u0131n 18&rsquo;e y\u00fckseldi\u011fini a\u00e7\u0131klad\u0131. 12 YEN\u0130 VAKA TESP\u0130T ED\u0130LD\u0130 Bakan Koca, koronavir\u00fcs vakalar\u0131na ili\u015fkin&nbsp;Twitter&nbsp;hesab\u0131ndan a\u00e7\u0131klamada bulundu. Bakan Koca, a\u00e7\u0131klanan [&hellip;]","og_url":"https:\/\/avrupapress.com\/2020\/03\/15\/turkiye-saglik-bakani-fahrettin-kocadan-koronavirus-aciklamasi-toplam-vaka-sayimiz-18dir\/","og_site_name":"AvrupaPress","article_published_time":"2020-03-15T21:58:15+00:00","article_modified_time":"2020-03-15T21:58:17+00:00","og_image":[{"width":640,"height":361,"url":"https:\/\/avrupapress.com\/wp-content\/uploads\/2020\/03\/son-dakika-saglik-bakani-koca-yeni-koronavirus-13017723_7262_o.jpg","type":"image\/jpeg"}],"author":"Edit\u00f6r","twitter_card":"summary_large_image","twitter_misc":{"\u00c9crit par":"Edit\u00f6r","Dur\u00e9e de lecture est.":"1 minute"},"schema":{"@context":"https:\/\/schema.org","@graph":[{"@type":"Article","@id":"https:\/\/avrupapress.com\/2020\/03\/15\/turkiye-saglik-bakani-fahrettin-kocadan-koronavirus-aciklamasi-toplam-vaka-sayimiz-18dir\/#article","isPartOf":{"@id":"https:\/\/avrupapress.com\/2020\/03\/15\/turkiye-saglik-bakani-fahrettin-kocadan-koronavirus-aciklamasi-toplam-vaka-sayimiz-18dir\/"},"author":{"name":"Edit\u00f6r","@id":"https:\/\/avrupapress.com\/#\/schema\/person\/68428444ec60970d1e1b700cf4ca1e8f"},"headline":"T\u00fcrkiye Sa\u011fl\u0131k Bakan\u0131 Fahrettin Koca&rsquo;dan koronavir\u00fcs a\u00e7\u0131klamas\u0131: Toplam vaka say\u0131m\u0131z 18&rsquo;dir","datePublished":"2020-03-15T21:58:15+00:00","dateModified":"2020-03-15T21:58:17+00:00","mainEntityOfPage":{"@id":"https:\/\/avrupapress.com\/2020\/03\/15\/turkiye-saglik-bakani-fahrettin-kocadan-koronavirus-aciklamasi-toplam-vaka-sayimiz-18dir\/"},"wordCount":268,"publisher":{"@id":"https:\/\/avrupapress.com\/#\/schema\/person\/0223dca19c72c43575bf30d1a2d8f4fa"},"image":{"@id":"https:\/\/avrupapress.com\/2020\/03\/15\/turkiye-saglik-bakani-fahrettin-kocadan-koronavirus-aciklamasi-toplam-vaka-sayimiz-18dir\/#primaryimage"},"thumbnailUrl":"https:\/\/avrupapress.com\/main\/wp-content\/uploads\/2020\/03\/son-dakika-saglik-bakani-koca-yeni-koronavirus-13017723_7262_o.jpg","articleSection":["Avrupa","Bel\u00e7ika","D\u00fcnya","Ekonomi","K\u00fclt\u00fcr-Sanat","Tan\u0131t\u0131m","T\u00fcrkiye","Uncategorized"],"inLanguage":"fr-BE"},{"@type":"WebPage","@id":"https:\/\/avrupapress.com\/2020\/03\/15\/turkiye-saglik-bakani-fahrettin-kocadan-koronavirus-aciklamasi-toplam-vaka-sayimiz-18dir\/","url":"https:\/\/avrupapress.com\/2020\/03\/15\/turkiye-saglik-bakani-fahrettin-kocadan-koronavirus-aciklamasi-toplam-vaka-sayimiz-18dir\/","name":"T\u00fcrkiye Sa\u011fl\u0131k Bakan\u0131 Fahrettin Koca'dan koronavir\u00fcs a\u00e7\u0131klamas\u0131: Toplam vaka say\u0131m\u0131z 18'dir - AvrupaPress","isPartOf":{"@id":"https:\/\/avrupapress.com\/#website"},"primaryImageOfPage":{"@id":"https:\/\/avrupapress.com\/2020\/03\/15\/turkiye-saglik-bakani-fahrettin-kocadan-koronavirus-aciklamasi-toplam-vaka-sayimiz-18dir\/#primaryimage"},"image":{"@id":"https:\/\/avrupapress.com\/2020\/03\/15\/turkiye-saglik-bakani-fahrettin-kocadan-koronavirus-aciklamasi-toplam-vaka-sayimiz-18dir\/#primaryimage"},"thumbnailUrl":"https:\/\/avrupapress.com\/main\/wp-content\/uploads\/2020\/03\/son-dakika-saglik-bakani-koca-yeni-koronavirus-13017723_7262_o.jpg","datePublished":"2020-03-15T21:58:15+00:00","dateModified":"2020-03-15T21:58:17+00:00","breadcrumb":{"@id":"https:\/\/avrupapress.com\/2020\/03\/15\/turkiye-saglik-bakani-fahrettin-kocadan-koronavirus-aciklamasi-toplam-vaka-sayimiz-18dir\/#breadcrumb"},"inLanguage":"fr-BE","potentialAction":[{"@type":"ReadAction","target":["https:\/\/avrupapress.com\/2020\/03\/15\/turkiye-saglik-bakani-fahrettin-kocadan-koronavirus-aciklamasi-toplam-vaka-sayimiz-18dir\/"]}]},{"@type":"ImageObject","inLanguage":"fr-BE","@id":"https:\/\/avrupapress.com\/2020\/03\/15\/turkiye-saglik-bakani-fahrettin-kocadan-koronavirus-aciklamasi-toplam-vaka-sayimiz-18dir\/#primaryimage","url":"https:\/\/avrupapress.com\/main\/wp-content\/uploads\/2020\/03\/son-dakika-saglik-bakani-koca-yeni-koronavirus-13017723_7262_o.jpg","contentUrl":"https:\/\/avrupapress.com\/main\/wp-content\/uploads\/2020\/03\/son-dakika-saglik-bakani-koca-yeni-koronavirus-13017723_7262_o.jpg","width":640,"height":361},{"@type":"BreadcrumbList","@id":"https:\/\/avrupapress.com\/2020\/03\/15\/turkiye-saglik-bakani-fahrettin-kocadan-koronavirus-aciklamasi-toplam-vaka-sayimiz-18dir\/#breadcrumb","itemListElement":[{"@type":"ListItem","position":1,"name":"Anasayfa","item":"https:\/\/avrupapress.com\/"},{"@type":"ListItem","position":2,"name":"T\u00fcrkiye Sa\u011fl\u0131k Bakan\u0131 Fahrettin Koca&#8217;dan koronavir\u00fcs a\u00e7\u0131klamas\u0131: Toplam vaka say\u0131m\u0131z 18&#8217;dir"}]},{"@type":"WebSite","@id":"https:\/\/avrupapress.com\/#website","url":"https:\/\/avrupapress.com\/","name":"AvrupaPress","description":"Haberin Adresi","publisher":{"@id":"https:\/\/avrupapress.com\/#\/schema\/person\/0223dca19c72c43575bf30d1a2d8f4fa"},"potentialAction":[{"@type":"SearchAction","target":{"@type":"EntryPoint","urlTemplate":"https:\/\/avrupapress.com\/?s={search_term_string}"},"query-input":{"@type":"PropertyValueSpecification","valueRequired":true,"valueName":"search_term_string"}}],"inLanguage":"fr-BE"},{"@type":["Person","Organization"],"@id":"https:\/\/avrupapress.com\/#\/schema\/person\/0223dca19c72c43575bf30d1a2d8f4fa","name":"Bilgin \u00d6z\u00e7ift\u00e7i","image":{"@type":"ImageObject","inLanguage":"fr-BE","@id":"https:\/\/avrupapress.com\/#\/schema\/person\/image\/","url":"https:\/\/secure.gravatar.com\/avatar\/0f23b280433a21e1ea7a0adcc46ed0ad16afe3ad8e630fd13d8a017dcbd54ef3?s=96&d=mm&r=g","contentUrl":"https:\/\/secure.gravatar.com\/avatar\/0f23b280433a21e1ea7a0adcc46ed0ad16afe3ad8e630fd13d8a017dcbd54ef3?s=96&d=mm&r=g","caption":"Bilgin \u00d6z\u00e7ift\u00e7i"},"logo":{"@id":"https:\/\/avrupapress.com\/#\/schema\/person\/image\/"},"description":"Ne ben, nede sen... Biz ancak \"biz\" olursak g\u00fc\u00e7l\u00fc olabiliriz"},{"@type":"Person","@id":"https:\/\/avrupapress.com\/#\/schema\/person\/68428444ec60970d1e1b700cf4ca1e8f","name":"Edit\u00f6r","image":{"@type":"ImageObject","inLanguage":"fr-BE","@id":"https:\/\/avrupapress.com\/#\/schema\/person\/image\/","url":"https:\/\/secure.gravatar.com\/avatar\/74996b0977aa5f1559ba9883776652508b229005c0d78fb2597897f0bd651c09?s=96&d=mm&r=g","contentUrl":"https:\/\/secure.gravatar.com\/avatar\/74996b0977aa5f1559ba9883776652508b229005c0d78fb2597897f0bd651c09?s=96&d=mm&r=g","caption":"Edit\u00f6r"},"sameAs":["http:\/\/www.avrupapress.com"],"url":"https:\/\/avrupapress.com\/main\/author\/editor\/"}]}},"_links":{"self":[{"href":"https:\/\/avrupapress.com\/main\/wp-json\/wp\/v2\/posts\/10861","targetHints":{"allow":["GET"]}}],"collection":[{"href":"https:\/\/avrupapress.com\/main\/wp-json\/wp\/v2\/posts"}],"about":[{"href":"https:\/\/avrupapress.com\/main\/wp-json\/wp\/v2\/types\/post"}],"author":[{"embeddable":true,"href":"https:\/\/avrupapress.com\/main\/wp-json\/wp\/v2\/users\/3"}],"replies":[{"embeddable":true,"href":"https:\/\/avrupapress.com\/main\/wp-json\/wp\/v2\/comments?post=10861"}],"version-history":[{"count":1,"href":"https:\/\/avrupapress.com\/main\/wp-json\/wp\/v2\/posts\/10861\/revisions"}],"predecessor-version":[{"id":10863,"href":"https:\/\/avrupapress.com\/main\/wp-json\/wp\/v2\/posts\/10861\/revisions\/10863"}],"wp:featuredmedia":[{"embeddable":true,"href":"https:\/\/avrupapress.com\/main\/wp-json\/wp\/v2\/media\/10862"}],"wp:attachment":[{"href":"https:\/\/avrupapress.com\/main\/wp-json\/wp\/v2\/media?parent=10861"}],"wp:term":[{"taxonomy":"category","embeddable":true,"href":"https:\/\/avrupapress.com\/main\/wp-json\/wp\/v2\/categories?post=10861"},{"taxonomy":"post_tag","embeddable":true,"href":"https:\/\/avrupapress.com\/main\/wp-json\/wp\/v2\/tags?post=10861"}],"curies":[{"name":"wp","href":"https:\/\/api.w.org\/{rel}","templated":true}]}}