{"id":10858,"date":"2020-03-15T21:44:50","date_gmt":"2020-03-15T21:44:50","guid":{"rendered":"http:\/\/avrupapress.com\/main\/?p=10858"},"modified":"2020-03-15T21:44:51","modified_gmt":"2020-03-15T21:44:51","slug":"almanyadan-turkiyeye-cenaze-nakilleri-ile-ilgili-onemli-aciklama","status":"publish","type":"post","link":"https:\/\/avrupapress.com\/main\/2020\/03\/15\/almanyadan-turkiyeye-cenaze-nakilleri-ile-ilgili-onemli-aciklama\/","title":{"rendered":"Almanya\u2019dan T\u00fcrkiye\u2019ye cenaze nakilleri ile ilgili \u00f6nemli a\u00e7\u0131klama.."},"content":{"rendered":"\n<p>\n\nAlmanya D\u0130D\u0130B Derne\u011fi, koronavir\u00fcs ile ilgili bir a\u00e7\u0131klama yaparak,\u00fcyelerini ve vatanda\u015flar\u0131n\u0131 uyard\u0131:<\/p>\n\n\n\n<p>\u201cDe\u011ferli \u00dcyelerimiz<\/p>\n\n\n\n<p>Bilindi\u011fi \u00fczere, SARS-CoV-2 olarak tan\u0131mlanan korona vir\u00fcs\u00fcn\u00fcn h\u0131zla yay\u0131lmas\u0131n\u0131 \u00f6nlemek ad\u0131na d\u00fcnya genelinde tedbirler al\u0131nmaktad\u0131r. Bu kapsamda 13.03.2020 tarihinde T\u00fcrkiye Ula\u015ft\u0131rma Bakanl\u0131\u011f\u0131 taraf\u0131ndan, Almanya\u2019n\u0131n da aralar\u0131nda bulundu\u011fu 9 Avrupa \u00fclkesine yap\u0131lacak seferlerin 17 Nisan 2020 tarihine kadar durduruldu\u011fu a\u00e7\u0131klanm\u0131\u015ft\u0131r.<\/p>\n\n\n\n<p>Bu s\u00fcre i\u00e7erisinde T\u00fcrkiye\u2019ye ger\u00e7ekle\u015fecek cenaze nakli ile ilgili bilinmesi gereken mevzular a\u015fa\u011f\u0131da s\u0131ralanm\u0131\u015ft\u0131r:<\/p>\n\n\n\n<p>1. Cenaze nakilleri sadece Frankfurt Havaalan\u0131\u2018ndan Turkish Cargo ile yap\u0131lacakt\u0131r. Di\u011fer havaalanlar\u0131na teslim edilen cenazeler havayolu \u015firketleri deste\u011fi ile karayolu \u00fczerinden Frankfurt Havaalan\u0131na nakledilecektir. Di\u011fer havaalanlar\u0131ndaki kargo nakil s\u00fcre\u00e7leri taraf\u0131m\u0131zdan ayr\u0131ca takip edilmektedir.2. Kargo u\u00e7aklar\u0131 kesinlikle yolcu almayacakt\u0131r, aile fertleri cenazeye e\u015flik edemeyecektir.3. Cenaze, refakat\u00e7i olmadan T\u00fcrkiye\u2019ye nakledilece\u011finden, cenazeyi T\u00fcrkiye\u2019de kar\u015f\u0131layacak aile fertlerinin irtibat bilgileri taraf\u0131m\u0131za iletilmesi gerekmektedir.4. Cenaze, T\u00fcrkiye\u2019de TDV nakil ara\u00e7lar\u0131 ile defin mahaline kadar nakledilecektir. Cenazeyi T\u00fcrkiye\u2019de kar\u015f\u0131layan refakat\u00e7i cenaze nakil arac\u0131na binemeyecek ve kendi imkanlar\u0131 ile yoluna devam edecektir.5. T\u00fcrkiye\u2019den Almanya\u2019ya gelmeye \u00e7al\u0131\u015fan yolculara, biletin ait oldu\u011fu havayolu \u015firketi ile irtibata ge\u00e7meleri tavsiye edilmektedir. Aksayan, k\u0131s\u0131tlanan veya yasaklanan u\u00e7u\u015flar ile ilgili derne\u011fimizin sunabilece\u011fi herhangi bir \u00e7\u00f6z\u00fcm maalesef bulunmamaktad\u0131r.6. \u00d6n\u00fcm\u00fczdeki g\u00fcn ve haftalarda Sa\u011fl\u0131k Bakanl\u0131\u011f\u0131 gibi resmi dairelerden, salg\u0131n ile ilgili gelecek bilgi ve talimatlar do\u011frultusunda, cenaze i\u015f ve i\u015flemlerinde aksakl\u0131k veya de\u011fi\u015fiklikler olabilecektir. Geli\u015fmeler ile ilgili t\u00fcm g\u00fcncel bilgiler yine sitemiz \u00fczerinden duyurulacakt\u0131r.<\/p>\n\n\n\n<p>Bu s\u0131k\u0131nt\u0131l\u0131 g\u00fcnlerde cenaze nakil s\u00fcre\u00e7lerinde aksamalar\u0131n olaca\u011f\u0131 ka\u00e7\u0131n\u0131lmazd\u0131r, ancak cenazelerin ebedi istirahatgahlar\u0131na ula\u015ft\u0131r\u0131lmas\u0131 hususunda t\u00fcm imkanlar seferber edilecektir. Sa\u011fl\u0131kl\u0131 ve afiyette kalman\u0131z dile\u011fiyle, ALLAH\u2019a emanet olunuz.<\/p>\n\n\n\n<p>D\u0130T\u0130B-Sosyal Dayan\u0131\u015fma Merkezi Derne\u011fi\u201d<\/p>\n","protected":false},"excerpt":{"rendered":"<p>Almanya D\u0130D\u0130B Derne\u011fi, koronavir\u00fcs ile ilgili bir a\u00e7\u0131klama yaparak,\u00fcyelerini ve vatanda\u015flar\u0131n\u0131 uyard\u0131: \u201cDe\u011ferli \u00dcyelerimiz Bilindi\u011fi \u00fczere, SARS-CoV-2 olarak tan\u0131mlanan korona vir\u00fcs\u00fcn\u00fcn h\u0131zla yay\u0131lmas\u0131n\u0131 \u00f6nlemek ad\u0131na d\u00fcnya genelinde tedbirler al\u0131nmaktad\u0131r. Bu kapsamda 13.03.2020 tarihinde T\u00fcrkiye Ula\u015ft\u0131rma Bakanl\u0131\u011f\u0131 taraf\u0131ndan, Almanya\u2019n\u0131n da aralar\u0131nda bulundu\u011fu 9 Avrupa \u00fclkesine yap\u0131lacak seferlerin 17 Nisan 2020 tarihine kadar durduruldu\u011fu a\u00e7\u0131klanm\u0131\u015ft\u0131r. Bu s\u00fcre [&hellip;]<\/p>\n","protected":false},"author":3,"featured_media":10859,"comment_status":"closed","ping_status":"open","sticky":false,"template":"","format":"standard","meta":{"footnotes":""},"categories":[14,16,3,17,18,19,2,1],"tags":[5120],"class_list":["post-10858","post","type-post","status-publish","format-standard","has-post-thumbnail","hentry","category-avrupa","category-belcika","category-dunya","category-ekonomi","category-kultur-sanat","category-tanitim","category-turkiye","category-uncategorized","tag-almanyadan-turkiyeye-cenaze-nakilleri-ile-ilgili-onemli-aciklama"],"yoast_head":"<!-- This site is optimized with the Yoast SEO plugin v26.9 - https:\/\/yoast.com\/product\/yoast-seo-wordpress\/ -->\n<title>Almanya\u2019dan T\u00fcrkiye\u2019ye cenaze nakilleri ile ilgili \u00f6nemli a\u00e7\u0131klama.. - AvrupaPress<\/title>\n<meta name=\"robots\" content=\"index, follow, max-snippet:-1, max-image-preview:large, max-video-preview:-1\" \/>\n<link rel=\"canonical\" href=\"https:\/\/avrupapress.com\/2020\/03\/15\/almanyadan-turkiyeye-cenaze-nakilleri-ile-ilgili-onemli-aciklama\/\" \/>\n<meta property=\"og:locale\" content=\"fr_FR\" \/>\n<meta property=\"og:type\" content=\"article\" \/>\n<meta property=\"og:title\" content=\"Almanya\u2019dan T\u00fcrkiye\u2019ye cenaze nakilleri ile ilgili \u00f6nemli a\u00e7\u0131klama.. - AvrupaPress\" \/>\n<meta property=\"og:description\" content=\"Almanya D\u0130D\u0130B Derne\u011fi, koronavir\u00fcs ile ilgili bir a\u00e7\u0131klama yaparak,\u00fcyelerini ve vatanda\u015flar\u0131n\u0131 uyard\u0131: \u201cDe\u011ferli \u00dcyelerimiz Bilindi\u011fi \u00fczere, SARS-CoV-2 olarak tan\u0131mlanan korona vir\u00fcs\u00fcn\u00fcn h\u0131zla yay\u0131lmas\u0131n\u0131 \u00f6nlemek ad\u0131na d\u00fcnya genelinde tedbirler al\u0131nmaktad\u0131r. Bu kapsamda 13.03.2020 tarihinde T\u00fcrkiye Ula\u015ft\u0131rma Bakanl\u0131\u011f\u0131 taraf\u0131ndan, Almanya\u2019n\u0131n da aralar\u0131nda bulundu\u011fu 9 Avrupa \u00fclkesine yap\u0131lacak seferlerin 17 Nisan 2020 tarihine kadar durduruldu\u011fu a\u00e7\u0131klanm\u0131\u015ft\u0131r. Bu s\u00fcre [&hellip;]\" \/>\n<meta property=\"og:url\" content=\"https:\/\/avrupapress.com\/2020\/03\/15\/almanyadan-turkiyeye-cenaze-nakilleri-ile-ilgili-onemli-aciklama\/\" \/>\n<meta property=\"og:site_name\" content=\"AvrupaPress\" \/>\n<meta property=\"article:published_time\" content=\"2020-03-15T21:44:50+00:00\" \/>\n<meta property=\"article:modified_time\" content=\"2020-03-15T21:44:51+00:00\" \/>\n<meta property=\"og:image\" content=\"https:\/\/avrupapress.com\/wp-content\/uploads\/2020\/03\/Cenaze.jpg\" \/>\n\t<meta property=\"og:image:width\" content=\"631\" \/>\n\t<meta property=\"og:image:height\" content=\"437\" \/>\n\t<meta property=\"og:image:type\" content=\"image\/jpeg\" \/>\n<meta name=\"author\" content=\"Edit\u00f6r\" \/>\n<meta name=\"twitter:card\" content=\"summary_large_image\" \/>\n<meta name=\"twitter:label1\" content=\"\u00c9crit par\" \/>\n\t<meta name=\"twitter:data1\" content=\"Edit\u00f6r\" \/>\n\t<meta name=\"twitter:label2\" content=\"Dur\u00e9e de lecture est.\" \/>\n\t<meta name=\"twitter:data2\" content=\"2 minutes\" \/>\n<script type=\"application\/ld+json\" class=\"yoast-schema-graph\">{\"@context\":\"https:\/\/schema.org\",\"@graph\":[{\"@type\":\"Article\",\"@id\":\"https:\/\/avrupapress.com\/2020\/03\/15\/almanyadan-turkiyeye-cenaze-nakilleri-ile-ilgili-onemli-aciklama\/#article\",\"isPartOf\":{\"@id\":\"https:\/\/avrupapress.com\/2020\/03\/15\/almanyadan-turkiyeye-cenaze-nakilleri-ile-ilgili-onemli-aciklama\/\"},\"author\":{\"name\":\"Edit\u00f6r\",\"@id\":\"https:\/\/avrupapress.com\/#\/schema\/person\/68428444ec60970d1e1b700cf4ca1e8f\"},\"headline\":\"Almanya\u2019dan T\u00fcrkiye\u2019ye cenaze nakilleri ile ilgili \u00f6nemli a\u00e7\u0131klama..\",\"datePublished\":\"2020-03-15T21:44:50+00:00\",\"dateModified\":\"2020-03-15T21:44:51+00:00\",\"mainEntityOfPage\":{\"@id\":\"https:\/\/avrupapress.com\/2020\/03\/15\/almanyadan-turkiyeye-cenaze-nakilleri-ile-ilgili-onemli-aciklama\/\"},\"wordCount\":384,\"publisher\":{\"@id\":\"https:\/\/avrupapress.com\/#\/schema\/person\/0223dca19c72c43575bf30d1a2d8f4fa\"},\"image\":{\"@id\":\"https:\/\/avrupapress.com\/2020\/03\/15\/almanyadan-turkiyeye-cenaze-nakilleri-ile-ilgili-onemli-aciklama\/#primaryimage\"},\"thumbnailUrl\":\"https:\/\/avrupapress.com\/main\/wp-content\/uploads\/2020\/03\/Cenaze.jpg\",\"keywords\":[\"Almanya\u2019dan T\u00fcrkiye\u2019ye cenaze nakilleri ile ilgili \u00f6nemli a\u00e7\u0131klama..\"],\"articleSection\":[\"Avrupa\",\"Bel\u00e7ika\",\"D\u00fcnya\",\"Ekonomi\",\"K\u00fclt\u00fcr-Sanat\",\"Tan\u0131t\u0131m\",\"T\u00fcrkiye\",\"Uncategorized\"],\"inLanguage\":\"fr-BE\"},{\"@type\":\"WebPage\",\"@id\":\"https:\/\/avrupapress.com\/2020\/03\/15\/almanyadan-turkiyeye-cenaze-nakilleri-ile-ilgili-onemli-aciklama\/\",\"url\":\"https:\/\/avrupapress.com\/2020\/03\/15\/almanyadan-turkiyeye-cenaze-nakilleri-ile-ilgili-onemli-aciklama\/\",\"name\":\"Almanya\u2019dan T\u00fcrkiye\u2019ye cenaze nakilleri ile ilgili \u00f6nemli a\u00e7\u0131klama.. - AvrupaPress\",\"isPartOf\":{\"@id\":\"https:\/\/avrupapress.com\/#website\"},\"primaryImageOfPage\":{\"@id\":\"https:\/\/avrupapress.com\/2020\/03\/15\/almanyadan-turkiyeye-cenaze-nakilleri-ile-ilgili-onemli-aciklama\/#primaryimage\"},\"image\":{\"@id\":\"https:\/\/avrupapress.com\/2020\/03\/15\/almanyadan-turkiyeye-cenaze-nakilleri-ile-ilgili-onemli-aciklama\/#primaryimage\"},\"thumbnailUrl\":\"https:\/\/avrupapress.com\/main\/wp-content\/uploads\/2020\/03\/Cenaze.jpg\",\"datePublished\":\"2020-03-15T21:44:50+00:00\",\"dateModified\":\"2020-03-15T21:44:51+00:00\",\"breadcrumb\":{\"@id\":\"https:\/\/avrupapress.com\/2020\/03\/15\/almanyadan-turkiyeye-cenaze-nakilleri-ile-ilgili-onemli-aciklama\/#breadcrumb\"},\"inLanguage\":\"fr-BE\",\"potentialAction\":[{\"@type\":\"ReadAction\",\"target\":[\"https:\/\/avrupapress.com\/2020\/03\/15\/almanyadan-turkiyeye-cenaze-nakilleri-ile-ilgili-onemli-aciklama\/\"]}]},{\"@type\":\"ImageObject\",\"inLanguage\":\"fr-BE\",\"@id\":\"https:\/\/avrupapress.com\/2020\/03\/15\/almanyadan-turkiyeye-cenaze-nakilleri-ile-ilgili-onemli-aciklama\/#primaryimage\",\"url\":\"https:\/\/avrupapress.com\/main\/wp-content\/uploads\/2020\/03\/Cenaze.jpg\",\"contentUrl\":\"https:\/\/avrupapress.com\/main\/wp-content\/uploads\/2020\/03\/Cenaze.jpg\",\"width\":631,\"height\":437},{\"@type\":\"BreadcrumbList\",\"@id\":\"https:\/\/avrupapress.com\/2020\/03\/15\/almanyadan-turkiyeye-cenaze-nakilleri-ile-ilgili-onemli-aciklama\/#breadcrumb\",\"itemListElement\":[{\"@type\":\"ListItem\",\"position\":1,\"name\":\"Anasayfa\",\"item\":\"https:\/\/avrupapress.com\/\"},{\"@type\":\"ListItem\",\"position\":2,\"name\":\"Almanya\u2019dan T\u00fcrkiye\u2019ye cenaze nakilleri ile ilgili \u00f6nemli a\u00e7\u0131klama..\"}]},{\"@type\":\"WebSite\",\"@id\":\"https:\/\/avrupapress.com\/#website\",\"url\":\"https:\/\/avrupapress.com\/\",\"name\":\"AvrupaPress\",\"description\":\"Haberin Adresi\",\"publisher\":{\"@id\":\"https:\/\/avrupapress.com\/#\/schema\/person\/0223dca19c72c43575bf30d1a2d8f4fa\"},\"potentialAction\":[{\"@type\":\"SearchAction\",\"target\":{\"@type\":\"EntryPoint\",\"urlTemplate\":\"https:\/\/avrupapress.com\/?s={search_term_string}\"},\"query-input\":{\"@type\":\"PropertyValueSpecification\",\"valueRequired\":true,\"valueName\":\"search_term_string\"}}],\"inLanguage\":\"fr-BE\"},{\"@type\":[\"Person\",\"Organization\"],\"@id\":\"https:\/\/avrupapress.com\/#\/schema\/person\/0223dca19c72c43575bf30d1a2d8f4fa\",\"name\":\"Bilgin \u00d6z\u00e7ift\u00e7i\",\"image\":{\"@type\":\"ImageObject\",\"inLanguage\":\"fr-BE\",\"@id\":\"https:\/\/avrupapress.com\/#\/schema\/person\/image\/\",\"url\":\"https:\/\/secure.gravatar.com\/avatar\/0f23b280433a21e1ea7a0adcc46ed0ad16afe3ad8e630fd13d8a017dcbd54ef3?s=96&d=mm&r=g\",\"contentUrl\":\"https:\/\/secure.gravatar.com\/avatar\/0f23b280433a21e1ea7a0adcc46ed0ad16afe3ad8e630fd13d8a017dcbd54ef3?s=96&d=mm&r=g\",\"caption\":\"Bilgin \u00d6z\u00e7ift\u00e7i\"},\"logo\":{\"@id\":\"https:\/\/avrupapress.com\/#\/schema\/person\/image\/\"},\"description\":\"Ne ben, nede sen... Biz ancak \\\"biz\\\" olursak g\u00fc\u00e7l\u00fc olabiliriz\"},{\"@type\":\"Person\",\"@id\":\"https:\/\/avrupapress.com\/#\/schema\/person\/68428444ec60970d1e1b700cf4ca1e8f\",\"name\":\"Edit\u00f6r\",\"image\":{\"@type\":\"ImageObject\",\"inLanguage\":\"fr-BE\",\"@id\":\"https:\/\/avrupapress.com\/#\/schema\/person\/image\/\",\"url\":\"https:\/\/secure.gravatar.com\/avatar\/74996b0977aa5f1559ba9883776652508b229005c0d78fb2597897f0bd651c09?s=96&d=mm&r=g\",\"contentUrl\":\"https:\/\/secure.gravatar.com\/avatar\/74996b0977aa5f1559ba9883776652508b229005c0d78fb2597897f0bd651c09?s=96&d=mm&r=g\",\"caption\":\"Edit\u00f6r\"},\"sameAs\":[\"http:\/\/www.avrupapress.com\"],\"url\":\"https:\/\/avrupapress.com\/main\/author\/editor\/\"}]}<\/script>\n<!-- \/ Yoast SEO plugin. -->","yoast_head_json":{"title":"Almanya\u2019dan T\u00fcrkiye\u2019ye cenaze nakilleri ile ilgili \u00f6nemli a\u00e7\u0131klama.. - AvrupaPress","robots":{"index":"index","follow":"follow","max-snippet":"max-snippet:-1","max-image-preview":"max-image-preview:large","max-video-preview":"max-video-preview:-1"},"canonical":"https:\/\/avrupapress.com\/2020\/03\/15\/almanyadan-turkiyeye-cenaze-nakilleri-ile-ilgili-onemli-aciklama\/","og_locale":"fr_FR","og_type":"article","og_title":"Almanya\u2019dan T\u00fcrkiye\u2019ye cenaze nakilleri ile ilgili \u00f6nemli a\u00e7\u0131klama.. - AvrupaPress","og_description":"Almanya D\u0130D\u0130B Derne\u011fi, koronavir\u00fcs ile ilgili bir a\u00e7\u0131klama yaparak,\u00fcyelerini ve vatanda\u015flar\u0131n\u0131 uyard\u0131: \u201cDe\u011ferli \u00dcyelerimiz Bilindi\u011fi \u00fczere, SARS-CoV-2 olarak tan\u0131mlanan korona vir\u00fcs\u00fcn\u00fcn h\u0131zla yay\u0131lmas\u0131n\u0131 \u00f6nlemek ad\u0131na d\u00fcnya genelinde tedbirler al\u0131nmaktad\u0131r. Bu kapsamda 13.03.2020 tarihinde T\u00fcrkiye Ula\u015ft\u0131rma Bakanl\u0131\u011f\u0131 taraf\u0131ndan, Almanya\u2019n\u0131n da aralar\u0131nda bulundu\u011fu 9 Avrupa \u00fclkesine yap\u0131lacak seferlerin 17 Nisan 2020 tarihine kadar durduruldu\u011fu a\u00e7\u0131klanm\u0131\u015ft\u0131r. Bu s\u00fcre [&hellip;]","og_url":"https:\/\/avrupapress.com\/2020\/03\/15\/almanyadan-turkiyeye-cenaze-nakilleri-ile-ilgili-onemli-aciklama\/","og_site_name":"AvrupaPress","article_published_time":"2020-03-15T21:44:50+00:00","article_modified_time":"2020-03-15T21:44:51+00:00","og_image":[{"width":631,"height":437,"url":"https:\/\/avrupapress.com\/wp-content\/uploads\/2020\/03\/Cenaze.jpg","type":"image\/jpeg"}],"author":"Edit\u00f6r","twitter_card":"summary_large_image","twitter_misc":{"\u00c9crit par":"Edit\u00f6r","Dur\u00e9e de lecture est.":"2 minutes"},"schema":{"@context":"https:\/\/schema.org","@graph":[{"@type":"Article","@id":"https:\/\/avrupapress.com\/2020\/03\/15\/almanyadan-turkiyeye-cenaze-nakilleri-ile-ilgili-onemli-aciklama\/#article","isPartOf":{"@id":"https:\/\/avrupapress.com\/2020\/03\/15\/almanyadan-turkiyeye-cenaze-nakilleri-ile-ilgili-onemli-aciklama\/"},"author":{"name":"Edit\u00f6r","@id":"https:\/\/avrupapress.com\/#\/schema\/person\/68428444ec60970d1e1b700cf4ca1e8f"},"headline":"Almanya\u2019dan T\u00fcrkiye\u2019ye cenaze nakilleri ile ilgili \u00f6nemli a\u00e7\u0131klama..","datePublished":"2020-03-15T21:44:50+00:00","dateModified":"2020-03-15T21:44:51+00:00","mainEntityOfPage":{"@id":"https:\/\/avrupapress.com\/2020\/03\/15\/almanyadan-turkiyeye-cenaze-nakilleri-ile-ilgili-onemli-aciklama\/"},"wordCount":384,"publisher":{"@id":"https:\/\/avrupapress.com\/#\/schema\/person\/0223dca19c72c43575bf30d1a2d8f4fa"},"image":{"@id":"https:\/\/avrupapress.com\/2020\/03\/15\/almanyadan-turkiyeye-cenaze-nakilleri-ile-ilgili-onemli-aciklama\/#primaryimage"},"thumbnailUrl":"https:\/\/avrupapress.com\/main\/wp-content\/uploads\/2020\/03\/Cenaze.jpg","keywords":["Almanya\u2019dan T\u00fcrkiye\u2019ye cenaze nakilleri ile ilgili \u00f6nemli a\u00e7\u0131klama.."],"articleSection":["Avrupa","Bel\u00e7ika","D\u00fcnya","Ekonomi","K\u00fclt\u00fcr-Sanat","Tan\u0131t\u0131m","T\u00fcrkiye","Uncategorized"],"inLanguage":"fr-BE"},{"@type":"WebPage","@id":"https:\/\/avrupapress.com\/2020\/03\/15\/almanyadan-turkiyeye-cenaze-nakilleri-ile-ilgili-onemli-aciklama\/","url":"https:\/\/avrupapress.com\/2020\/03\/15\/almanyadan-turkiyeye-cenaze-nakilleri-ile-ilgili-onemli-aciklama\/","name":"Almanya\u2019dan T\u00fcrkiye\u2019ye cenaze nakilleri ile ilgili \u00f6nemli a\u00e7\u0131klama.. - AvrupaPress","isPartOf":{"@id":"https:\/\/avrupapress.com\/#website"},"primaryImageOfPage":{"@id":"https:\/\/avrupapress.com\/2020\/03\/15\/almanyadan-turkiyeye-cenaze-nakilleri-ile-ilgili-onemli-aciklama\/#primaryimage"},"image":{"@id":"https:\/\/avrupapress.com\/2020\/03\/15\/almanyadan-turkiyeye-cenaze-nakilleri-ile-ilgili-onemli-aciklama\/#primaryimage"},"thumbnailUrl":"https:\/\/avrupapress.com\/main\/wp-content\/uploads\/2020\/03\/Cenaze.jpg","datePublished":"2020-03-15T21:44:50+00:00","dateModified":"2020-03-15T21:44:51+00:00","breadcrumb":{"@id":"https:\/\/avrupapress.com\/2020\/03\/15\/almanyadan-turkiyeye-cenaze-nakilleri-ile-ilgili-onemli-aciklama\/#breadcrumb"},"inLanguage":"fr-BE","potentialAction":[{"@type":"ReadAction","target":["https:\/\/avrupapress.com\/2020\/03\/15\/almanyadan-turkiyeye-cenaze-nakilleri-ile-ilgili-onemli-aciklama\/"]}]},{"@type":"ImageObject","inLanguage":"fr-BE","@id":"https:\/\/avrupapress.com\/2020\/03\/15\/almanyadan-turkiyeye-cenaze-nakilleri-ile-ilgili-onemli-aciklama\/#primaryimage","url":"https:\/\/avrupapress.com\/main\/wp-content\/uploads\/2020\/03\/Cenaze.jpg","contentUrl":"https:\/\/avrupapress.com\/main\/wp-content\/uploads\/2020\/03\/Cenaze.jpg","width":631,"height":437},{"@type":"BreadcrumbList","@id":"https:\/\/avrupapress.com\/2020\/03\/15\/almanyadan-turkiyeye-cenaze-nakilleri-ile-ilgili-onemli-aciklama\/#breadcrumb","itemListElement":[{"@type":"ListItem","position":1,"name":"Anasayfa","item":"https:\/\/avrupapress.com\/"},{"@type":"ListItem","position":2,"name":"Almanya\u2019dan T\u00fcrkiye\u2019ye cenaze nakilleri ile ilgili \u00f6nemli a\u00e7\u0131klama.."}]},{"@type":"WebSite","@id":"https:\/\/avrupapress.com\/#website","url":"https:\/\/avrupapress.com\/","name":"AvrupaPress","description":"Haberin Adresi","publisher":{"@id":"https:\/\/avrupapress.com\/#\/schema\/person\/0223dca19c72c43575bf30d1a2d8f4fa"},"potentialAction":[{"@type":"SearchAction","target":{"@type":"EntryPoint","urlTemplate":"https:\/\/avrupapress.com\/?s={search_term_string}"},"query-input":{"@type":"PropertyValueSpecification","valueRequired":true,"valueName":"search_term_string"}}],"inLanguage":"fr-BE"},{"@type":["Person","Organization"],"@id":"https:\/\/avrupapress.com\/#\/schema\/person\/0223dca19c72c43575bf30d1a2d8f4fa","name":"Bilgin \u00d6z\u00e7ift\u00e7i","image":{"@type":"ImageObject","inLanguage":"fr-BE","@id":"https:\/\/avrupapress.com\/#\/schema\/person\/image\/","url":"https:\/\/secure.gravatar.com\/avatar\/0f23b280433a21e1ea7a0adcc46ed0ad16afe3ad8e630fd13d8a017dcbd54ef3?s=96&d=mm&r=g","contentUrl":"https:\/\/secure.gravatar.com\/avatar\/0f23b280433a21e1ea7a0adcc46ed0ad16afe3ad8e630fd13d8a017dcbd54ef3?s=96&d=mm&r=g","caption":"Bilgin \u00d6z\u00e7ift\u00e7i"},"logo":{"@id":"https:\/\/avrupapress.com\/#\/schema\/person\/image\/"},"description":"Ne ben, nede sen... Biz ancak \"biz\" olursak g\u00fc\u00e7l\u00fc olabiliriz"},{"@type":"Person","@id":"https:\/\/avrupapress.com\/#\/schema\/person\/68428444ec60970d1e1b700cf4ca1e8f","name":"Edit\u00f6r","image":{"@type":"ImageObject","inLanguage":"fr-BE","@id":"https:\/\/avrupapress.com\/#\/schema\/person\/image\/","url":"https:\/\/secure.gravatar.com\/avatar\/74996b0977aa5f1559ba9883776652508b229005c0d78fb2597897f0bd651c09?s=96&d=mm&r=g","contentUrl":"https:\/\/secure.gravatar.com\/avatar\/74996b0977aa5f1559ba9883776652508b229005c0d78fb2597897f0bd651c09?s=96&d=mm&r=g","caption":"Edit\u00f6r"},"sameAs":["http:\/\/www.avrupapress.com"],"url":"https:\/\/avrupapress.com\/main\/author\/editor\/"}]}},"_links":{"self":[{"href":"https:\/\/avrupapress.com\/main\/wp-json\/wp\/v2\/posts\/10858","targetHints":{"allow":["GET"]}}],"collection":[{"href":"https:\/\/avrupapress.com\/main\/wp-json\/wp\/v2\/posts"}],"about":[{"href":"https:\/\/avrupapress.com\/main\/wp-json\/wp\/v2\/types\/post"}],"author":[{"embeddable":true,"href":"https:\/\/avrupapress.com\/main\/wp-json\/wp\/v2\/users\/3"}],"replies":[{"embeddable":true,"href":"https:\/\/avrupapress.com\/main\/wp-json\/wp\/v2\/comments?post=10858"}],"version-history":[{"count":1,"href":"https:\/\/avrupapress.com\/main\/wp-json\/wp\/v2\/posts\/10858\/revisions"}],"predecessor-version":[{"id":10860,"href":"https:\/\/avrupapress.com\/main\/wp-json\/wp\/v2\/posts\/10858\/revisions\/10860"}],"wp:featuredmedia":[{"embeddable":true,"href":"https:\/\/avrupapress.com\/main\/wp-json\/wp\/v2\/media\/10859"}],"wp:attachment":[{"href":"https:\/\/avrupapress.com\/main\/wp-json\/wp\/v2\/media?parent=10858"}],"wp:term":[{"taxonomy":"category","embeddable":true,"href":"https:\/\/avrupapress.com\/main\/wp-json\/wp\/v2\/categories?post=10858"},{"taxonomy":"post_tag","embeddable":true,"href":"https:\/\/avrupapress.com\/main\/wp-json\/wp\/v2\/tags?post=10858"}],"curies":[{"name":"wp","href":"https:\/\/api.w.org\/{rel}","templated":true}]}}