{"id":10604,"date":"2020-02-21T18:05:33","date_gmt":"2020-02-21T18:05:33","guid":{"rendered":"http:\/\/avrupapress.com\/main\/?p=10604"},"modified":"2020-02-21T22:31:46","modified_gmt":"2020-02-21T22:31:46","slug":"sultan-poyraz-podyumlarin-aranan-mankeni-oldu","status":"publish","type":"post","link":"https:\/\/avrupapress.com\/main\/2020\/02\/21\/sultan-poyraz-podyumlarin-aranan-mankeni-oldu\/","title":{"rendered":"Sultan Poyraz, podyumlar\u0131n aranan mankeni oldu.."},"content":{"rendered":"\n<p> <strong>Fasl\u0131lar\u0131n d\u00fczenledi\u011fi gecede, Fas kaftanlar\u0131n\u0131 ve elbiselerini sunun T\u00fcrk k\u0131z\u0131 manken Sultan Poyraz, en b\u00fcy\u00fck idealim, T\u00fcrk kaftanlar\u0131n\u0131 Br\u00fcksel\u2019de ta\u015f\u0131mak ve tan\u0131tmakt\u0131r\u201d dedi&#8230;<\/strong><\/p>\n\n\n\n<p> Fasl\u0131lar\u0131n d\u00fczenledi\u011fi gecede, Fas kaftanlar\u0131n\u0131 ve elbiselerini sunun T\u00fcrk k\u0131z\u0131 manken Sultan Poyraz, en b\u00fcy\u00fck idealim, T\u00fcrk kaftanlar\u0131n\u0131 Br\u00fcksel\u2019de ta\u015f\u0131mak ve tan\u0131tmakt\u0131r\u201d dedi.. BEL\u00c7\u0130KA\u2019da yeti\u015fen gen\u00e7 nesil tasar\u0131m ve mankenlerimizden biri olan T\u00fcrk k\u0131z\u0131 Sultan Poyraz, son olarak Fas Kaftanlar\u0131n\u0131n sergilendi\u011fi gecede podyuma \u00e7\u0131kt\u0131. \u201cT\u00fcrk k\u0131z\u0131\u201d olarak alk\u0131\u015flanan Sultan Poyraz, hem Fas Saray kaftanlar\u0131n\u0131, hem de elbiselerini sunarak b\u00fcy\u00fck alk\u0131\u015f ald\u0131. T\u00fcrkiye\u2019nin bir tekstil \u00fclkesi olmas\u0131na ra\u011fmen Br\u00fcksel\u2019de ve di\u011fer \u00fclkelerde az say\u0131da, tekstil tan\u0131tma festival ve geceleri d\u00fczenlendi\u011fine dikkat \u00e7eken Emirda\u011fl\u0131 Sultan Poyraz,\u201d \u00dclkemi tan\u0131tmak ve Osmanl\u0131 Saray kaftanlar\u0131n\u0131 sunmak en b\u00fcy\u00fck idealim..Bu arada T\u00fcrk kad\u0131n\u0131n\u0131n bindall\u0131 ve di\u011fer tasar\u0131mlar\u0131n\u0131 da \u00e7ok seviyorum.. \u00d6zellikle gecelere damga vuran r\u00fcya gibi elbiselerimiz ve gelinliklerimiz var..Onlar\u0131 Avrupa\u2019da yetirince tan\u0131tam\u0131yoruz\u201d diye konu\u015ftu.. Fasl\u0131lar\u0131n \u00f6zel \u201c Kaftan Gecesi\u201dnde podyuma \u00e7\u0131kan T\u00fcrk k\u0131z\u0131 Sultan Poyraz, ayn\u0131 zamanda g\u00fczelli\u011fi ile de ilgi toplad\u0131. Genc Fotorafcilarimizdan olan Mustafa Bayram&rsquo;da Defileye katilanlar arasindaydi&#8230;.<\/p>\n\n\n\n<p> <strong>Bilgin \u00d6z\u00e7if\u00e7i \/ AVRUPAPRESS<\/strong><\/p>\n\n\n\n<figure class=\"wp-block-image size-large\"><img loading=\"lazy\" decoding=\"async\" width=\"750\" height=\"937\" src=\"http:\/\/avrupapress.com\/main\/wp-content\/uploads\/2020\/02\/86766481_793350984520539_5068589024537477120_n-1.jpg\" alt=\"\" class=\"wp-image-10606\" srcset=\"https:\/\/avrupapress.com\/main\/wp-content\/uploads\/2020\/02\/86766481_793350984520539_5068589024537477120_n-1.jpg 750w, https:\/\/avrupapress.com\/main\/wp-content\/uploads\/2020\/02\/86766481_793350984520539_5068589024537477120_n-1-240x300.jpg 240w\" sizes=\"auto, (max-width: 750px) 100vw, 750px\" \/><\/figure>\n\n\n\n<figure class=\"wp-block-image size-large\"><img loading=\"lazy\" decoding=\"async\" width=\"750\" height=\"937\" src=\"http:\/\/avrupapress.com\/main\/wp-content\/uploads\/2020\/02\/86639108_2484344995216369_3186803074354118656_n.jpg\" alt=\"\" class=\"wp-image-10607\" srcset=\"https:\/\/avrupapress.com\/main\/wp-content\/uploads\/2020\/02\/86639108_2484344995216369_3186803074354118656_n.jpg 750w, https:\/\/avrupapress.com\/main\/wp-content\/uploads\/2020\/02\/86639108_2484344995216369_3186803074354118656_n-240x300.jpg 240w\" sizes=\"auto, (max-width: 750px) 100vw, 750px\" \/><\/figure>\n\n\n\n<figure class=\"wp-block-image size-large\"><img loading=\"lazy\" decoding=\"async\" width=\"768\" height=\"960\" src=\"http:\/\/avrupapress.com\/main\/wp-content\/uploads\/2020\/02\/86661816_200702774371937_2897150157789331456_n.jpg\" alt=\"\" class=\"wp-image-10608\" srcset=\"https:\/\/avrupapress.com\/main\/wp-content\/uploads\/2020\/02\/86661816_200702774371937_2897150157789331456_n.jpg 768w, https:\/\/avrupapress.com\/main\/wp-content\/uploads\/2020\/02\/86661816_200702774371937_2897150157789331456_n-240x300.jpg 240w\" sizes=\"auto, (max-width: 768px) 100vw, 768px\" \/><\/figure>\n\n\n\n<figure class=\"wp-block-image size-large\"><img loading=\"lazy\" decoding=\"async\" width=\"768\" height=\"960\" src=\"http:\/\/avrupapress.com\/main\/wp-content\/uploads\/2020\/02\/87041360_529291924664877_6681884405700493312_n.jpg\" alt=\"\" class=\"wp-image-10609\" srcset=\"https:\/\/avrupapress.com\/main\/wp-content\/uploads\/2020\/02\/87041360_529291924664877_6681884405700493312_n.jpg 768w, https:\/\/avrupapress.com\/main\/wp-content\/uploads\/2020\/02\/87041360_529291924664877_6681884405700493312_n-240x300.jpg 240w\" sizes=\"auto, (max-width: 768px) 100vw, 768px\" \/><\/figure>\n\n\n\n<figure class=\"wp-block-image size-large\"><img loading=\"lazy\" decoding=\"async\" width=\"768\" height=\"960\" src=\"http:\/\/avrupapress.com\/main\/wp-content\/uploads\/2020\/02\/86738756_190410578976185_1134048795537965056_n.jpg\" alt=\"\" class=\"wp-image-10610\" srcset=\"https:\/\/avrupapress.com\/main\/wp-content\/uploads\/2020\/02\/86738756_190410578976185_1134048795537965056_n.jpg 768w, https:\/\/avrupapress.com\/main\/wp-content\/uploads\/2020\/02\/86738756_190410578976185_1134048795537965056_n-240x300.jpg 240w\" sizes=\"auto, (max-width: 768px) 100vw, 768px\" \/><\/figure>\n\n\n\n<figure class=\"wp-block-image size-large\"><img loading=\"lazy\" decoding=\"async\" width=\"416\" height=\"960\" src=\"http:\/\/avrupapress.com\/main\/wp-content\/uploads\/2020\/02\/86800422_186514095946456_6223537152412614656_n.jpg\" alt=\"\" class=\"wp-image-10611\" srcset=\"https:\/\/avrupapress.com\/main\/wp-content\/uploads\/2020\/02\/86800422_186514095946456_6223537152412614656_n.jpg 416w, https:\/\/avrupapress.com\/main\/wp-content\/uploads\/2020\/02\/86800422_186514095946456_6223537152412614656_n-130x300.jpg 130w\" sizes=\"auto, (max-width: 416px) 100vw, 416px\" \/><\/figure>\n\n\n\n<figure class=\"wp-block-image size-large\"><img loading=\"lazy\" decoding=\"async\" width=\"515\" height=\"960\" src=\"http:\/\/avrupapress.com\/main\/wp-content\/uploads\/2020\/02\/86932975_1094271540921203_2008237058757230592_n.jpg\" alt=\"\" class=\"wp-image-10612\" srcset=\"https:\/\/avrupapress.com\/main\/wp-content\/uploads\/2020\/02\/86932975_1094271540921203_2008237058757230592_n.jpg 515w, https:\/\/avrupapress.com\/main\/wp-content\/uploads\/2020\/02\/86932975_1094271540921203_2008237058757230592_n-161x300.jpg 161w\" sizes=\"auto, (max-width: 515px) 100vw, 515px\" \/><\/figure>\n\n\n\n<figure class=\"wp-block-image size-large\"><img loading=\"lazy\" decoding=\"async\" width=\"640\" height=\"960\" src=\"http:\/\/avrupapress.com\/main\/wp-content\/uploads\/2020\/02\/86633722_2410210579084041_5077487982026424320_n.jpg\" alt=\"\" class=\"wp-image-10613\" srcset=\"https:\/\/avrupapress.com\/main\/wp-content\/uploads\/2020\/02\/86633722_2410210579084041_5077487982026424320_n.jpg 640w, https:\/\/avrupapress.com\/main\/wp-content\/uploads\/2020\/02\/86633722_2410210579084041_5077487982026424320_n-200x300.jpg 200w\" sizes=\"auto, (max-width: 640px) 100vw, 640px\" \/><\/figure>\n\n\n\n<figure class=\"wp-block-image size-large\"><img loading=\"lazy\" decoding=\"async\" width=\"640\" height=\"960\" src=\"http:\/\/avrupapress.com\/main\/wp-content\/uploads\/2020\/02\/87015731_1026394991075907_86610171597422592_n.jpg\" alt=\"\" class=\"wp-image-10614\" srcset=\"https:\/\/avrupapress.com\/main\/wp-content\/uploads\/2020\/02\/87015731_1026394991075907_86610171597422592_n.jpg 640w, https:\/\/avrupapress.com\/main\/wp-content\/uploads\/2020\/02\/87015731_1026394991075907_86610171597422592_n-200x300.jpg 200w\" sizes=\"auto, (max-width: 640px) 100vw, 640px\" \/><\/figure>\n\n\n\n<figure class=\"wp-block-image size-large\"><img loading=\"lazy\" decoding=\"async\" width=\"688\" height=\"960\" src=\"http:\/\/avrupapress.com\/main\/wp-content\/uploads\/2020\/02\/86806970_585712591982375_8797999193118474240_n.jpg\" alt=\"\" class=\"wp-image-10615\" srcset=\"https:\/\/avrupapress.com\/main\/wp-content\/uploads\/2020\/02\/86806970_585712591982375_8797999193118474240_n.jpg 688w, https:\/\/avrupapress.com\/main\/wp-content\/uploads\/2020\/02\/86806970_585712591982375_8797999193118474240_n-215x300.jpg 215w\" sizes=\"auto, (max-width: 688px) 100vw, 688px\" \/><\/figure>\n\n\n\n<figure class=\"wp-block-image size-large\"><img loading=\"lazy\" decoding=\"async\" width=\"640\" height=\"960\" src=\"http:\/\/avrupapress.com\/main\/wp-content\/uploads\/2020\/02\/87170133_624569514783091_7689137889690517504_n.jpg\" alt=\"\" class=\"wp-image-10616\" srcset=\"https:\/\/avrupapress.com\/main\/wp-content\/uploads\/2020\/02\/87170133_624569514783091_7689137889690517504_n.jpg 640w, https:\/\/avrupapress.com\/main\/wp-content\/uploads\/2020\/02\/87170133_624569514783091_7689137889690517504_n-200x300.jpg 200w\" sizes=\"auto, (max-width: 640px) 100vw, 640px\" \/><\/figure>\n\n\n\n<p> <strong>Bilgin \u00d6z\u00e7if\u00e7i \/ AVRUPAPRESS<\/strong> <\/p>\n","protected":false},"excerpt":{"rendered":"<p>Fasl\u0131lar\u0131n d\u00fczenledi\u011fi gecede, Fas kaftanlar\u0131n\u0131 ve elbiselerini sunun T\u00fcrk k\u0131z\u0131 manken Sultan Poyraz, en b\u00fcy\u00fck idealim, T\u00fcrk kaftanlar\u0131n\u0131 Br\u00fcksel\u2019de ta\u015f\u0131mak ve tan\u0131tmakt\u0131r\u201d dedi&#8230; Fasl\u0131lar\u0131n d\u00fczenledi\u011fi gecede, Fas kaftanlar\u0131n\u0131 ve elbiselerini sunun T\u00fcrk k\u0131z\u0131 manken Sultan Poyraz, en b\u00fcy\u00fck idealim, T\u00fcrk kaftanlar\u0131n\u0131 Br\u00fcksel\u2019de ta\u015f\u0131mak ve tan\u0131tmakt\u0131r\u201d dedi.. BEL\u00c7\u0130KA\u2019da yeti\u015fen gen\u00e7 nesil tasar\u0131m ve mankenlerimizden biri olan [&hellip;]<\/p>\n","protected":false},"author":3,"featured_media":10615,"comment_status":"closed","ping_status":"open","sticky":false,"template":"","format":"standard","meta":{"footnotes":""},"categories":[14,16,3,18,19,2,1],"tags":[5077,5076],"class_list":["post-10604","post","type-post","status-publish","format-standard","has-post-thumbnail","hentry","category-avrupa","category-belcika","category-dunya","category-kultur-sanat","category-tanitim","category-turkiye","category-uncategorized","tag-podyumlarin-aranan-mankeni-oldu","tag-sultan-poyraz"],"yoast_head":"<!-- This site is optimized with the Yoast SEO plugin v26.9 - https:\/\/yoast.com\/product\/yoast-seo-wordpress\/ -->\n<title>Sultan Poyraz, podyumlar\u0131n aranan mankeni oldu.. - AvrupaPress<\/title>\n<meta name=\"robots\" content=\"index, follow, max-snippet:-1, max-image-preview:large, max-video-preview:-1\" \/>\n<link rel=\"canonical\" href=\"https:\/\/avrupapress.com\/2020\/02\/21\/sultan-poyraz-podyumlarin-aranan-mankeni-oldu\/\" \/>\n<meta property=\"og:locale\" content=\"fr_FR\" \/>\n<meta property=\"og:type\" content=\"article\" \/>\n<meta property=\"og:title\" content=\"Sultan Poyraz, podyumlar\u0131n aranan mankeni oldu.. - AvrupaPress\" \/>\n<meta property=\"og:description\" content=\"Fasl\u0131lar\u0131n d\u00fczenledi\u011fi gecede, Fas kaftanlar\u0131n\u0131 ve elbiselerini sunun T\u00fcrk k\u0131z\u0131 manken Sultan Poyraz, en b\u00fcy\u00fck idealim, T\u00fcrk kaftanlar\u0131n\u0131 Br\u00fcksel\u2019de ta\u015f\u0131mak ve tan\u0131tmakt\u0131r\u201d dedi&#8230; Fasl\u0131lar\u0131n d\u00fczenledi\u011fi gecede, Fas kaftanlar\u0131n\u0131 ve elbiselerini sunun T\u00fcrk k\u0131z\u0131 manken Sultan Poyraz, en b\u00fcy\u00fck idealim, T\u00fcrk kaftanlar\u0131n\u0131 Br\u00fcksel\u2019de ta\u015f\u0131mak ve tan\u0131tmakt\u0131r\u201d dedi.. BEL\u00c7\u0130KA\u2019da yeti\u015fen gen\u00e7 nesil tasar\u0131m ve mankenlerimizden biri olan [&hellip;]\" \/>\n<meta property=\"og:url\" content=\"https:\/\/avrupapress.com\/2020\/02\/21\/sultan-poyraz-podyumlarin-aranan-mankeni-oldu\/\" \/>\n<meta property=\"og:site_name\" content=\"AvrupaPress\" \/>\n<meta property=\"article:published_time\" content=\"2020-02-21T18:05:33+00:00\" \/>\n<meta property=\"article:modified_time\" content=\"2020-02-21T22:31:46+00:00\" \/>\n<meta property=\"og:image\" content=\"https:\/\/avrupapress.com\/wp-content\/uploads\/2020\/02\/86806970_585712591982375_8797999193118474240_n.jpg\" \/>\n\t<meta property=\"og:image:width\" content=\"688\" \/>\n\t<meta property=\"og:image:height\" content=\"960\" \/>\n\t<meta property=\"og:image:type\" content=\"image\/jpeg\" \/>\n<meta name=\"author\" content=\"Edit\u00f6r\" \/>\n<meta name=\"twitter:card\" content=\"summary_large_image\" \/>\n<meta name=\"twitter:label1\" content=\"\u00c9crit par\" \/>\n\t<meta name=\"twitter:data1\" content=\"Edit\u00f6r\" \/>\n\t<meta name=\"twitter:label2\" content=\"Dur\u00e9e de lecture est.\" \/>\n\t<meta name=\"twitter:data2\" content=\"1 minute\" \/>\n<script type=\"application\/ld+json\" class=\"yoast-schema-graph\">{\"@context\":\"https:\/\/schema.org\",\"@graph\":[{\"@type\":\"Article\",\"@id\":\"https:\/\/avrupapress.com\/2020\/02\/21\/sultan-poyraz-podyumlarin-aranan-mankeni-oldu\/#article\",\"isPartOf\":{\"@id\":\"https:\/\/avrupapress.com\/2020\/02\/21\/sultan-poyraz-podyumlarin-aranan-mankeni-oldu\/\"},\"author\":{\"name\":\"Edit\u00f6r\",\"@id\":\"https:\/\/avrupapress.com\/#\/schema\/person\/68428444ec60970d1e1b700cf4ca1e8f\"},\"headline\":\"Sultan Poyraz, podyumlar\u0131n aranan mankeni oldu..\",\"datePublished\":\"2020-02-21T18:05:33+00:00\",\"dateModified\":\"2020-02-21T22:31:46+00:00\",\"mainEntityOfPage\":{\"@id\":\"https:\/\/avrupapress.com\/2020\/02\/21\/sultan-poyraz-podyumlarin-aranan-mankeni-oldu\/\"},\"wordCount\":268,\"publisher\":{\"@id\":\"https:\/\/avrupapress.com\/#\/schema\/person\/0223dca19c72c43575bf30d1a2d8f4fa\"},\"image\":{\"@id\":\"https:\/\/avrupapress.com\/2020\/02\/21\/sultan-poyraz-podyumlarin-aranan-mankeni-oldu\/#primaryimage\"},\"thumbnailUrl\":\"https:\/\/avrupapress.com\/main\/wp-content\/uploads\/2020\/02\/86806970_585712591982375_8797999193118474240_n.jpg\",\"keywords\":[\"podyumlar\u0131n aranan mankeni oldu..\",\"Sultan Poyraz\"],\"articleSection\":[\"Avrupa\",\"Bel\u00e7ika\",\"D\u00fcnya\",\"K\u00fclt\u00fcr-Sanat\",\"Tan\u0131t\u0131m\",\"T\u00fcrkiye\",\"Uncategorized\"],\"inLanguage\":\"fr-BE\"},{\"@type\":\"WebPage\",\"@id\":\"https:\/\/avrupapress.com\/2020\/02\/21\/sultan-poyraz-podyumlarin-aranan-mankeni-oldu\/\",\"url\":\"https:\/\/avrupapress.com\/2020\/02\/21\/sultan-poyraz-podyumlarin-aranan-mankeni-oldu\/\",\"name\":\"Sultan Poyraz, podyumlar\u0131n aranan mankeni oldu.. - AvrupaPress\",\"isPartOf\":{\"@id\":\"https:\/\/avrupapress.com\/#website\"},\"primaryImageOfPage\":{\"@id\":\"https:\/\/avrupapress.com\/2020\/02\/21\/sultan-poyraz-podyumlarin-aranan-mankeni-oldu\/#primaryimage\"},\"image\":{\"@id\":\"https:\/\/avrupapress.com\/2020\/02\/21\/sultan-poyraz-podyumlarin-aranan-mankeni-oldu\/#primaryimage\"},\"thumbnailUrl\":\"https:\/\/avrupapress.com\/main\/wp-content\/uploads\/2020\/02\/86806970_585712591982375_8797999193118474240_n.jpg\",\"datePublished\":\"2020-02-21T18:05:33+00:00\",\"dateModified\":\"2020-02-21T22:31:46+00:00\",\"breadcrumb\":{\"@id\":\"https:\/\/avrupapress.com\/2020\/02\/21\/sultan-poyraz-podyumlarin-aranan-mankeni-oldu\/#breadcrumb\"},\"inLanguage\":\"fr-BE\",\"potentialAction\":[{\"@type\":\"ReadAction\",\"target\":[\"https:\/\/avrupapress.com\/2020\/02\/21\/sultan-poyraz-podyumlarin-aranan-mankeni-oldu\/\"]}]},{\"@type\":\"ImageObject\",\"inLanguage\":\"fr-BE\",\"@id\":\"https:\/\/avrupapress.com\/2020\/02\/21\/sultan-poyraz-podyumlarin-aranan-mankeni-oldu\/#primaryimage\",\"url\":\"https:\/\/avrupapress.com\/main\/wp-content\/uploads\/2020\/02\/86806970_585712591982375_8797999193118474240_n.jpg\",\"contentUrl\":\"https:\/\/avrupapress.com\/main\/wp-content\/uploads\/2020\/02\/86806970_585712591982375_8797999193118474240_n.jpg\",\"width\":688,\"height\":960},{\"@type\":\"BreadcrumbList\",\"@id\":\"https:\/\/avrupapress.com\/2020\/02\/21\/sultan-poyraz-podyumlarin-aranan-mankeni-oldu\/#breadcrumb\",\"itemListElement\":[{\"@type\":\"ListItem\",\"position\":1,\"name\":\"Anasayfa\",\"item\":\"https:\/\/avrupapress.com\/\"},{\"@type\":\"ListItem\",\"position\":2,\"name\":\"Sultan Poyraz, podyumlar\u0131n aranan mankeni oldu..\"}]},{\"@type\":\"WebSite\",\"@id\":\"https:\/\/avrupapress.com\/#website\",\"url\":\"https:\/\/avrupapress.com\/\",\"name\":\"AvrupaPress\",\"description\":\"Haberin Adresi\",\"publisher\":{\"@id\":\"https:\/\/avrupapress.com\/#\/schema\/person\/0223dca19c72c43575bf30d1a2d8f4fa\"},\"potentialAction\":[{\"@type\":\"SearchAction\",\"target\":{\"@type\":\"EntryPoint\",\"urlTemplate\":\"https:\/\/avrupapress.com\/?s={search_term_string}\"},\"query-input\":{\"@type\":\"PropertyValueSpecification\",\"valueRequired\":true,\"valueName\":\"search_term_string\"}}],\"inLanguage\":\"fr-BE\"},{\"@type\":[\"Person\",\"Organization\"],\"@id\":\"https:\/\/avrupapress.com\/#\/schema\/person\/0223dca19c72c43575bf30d1a2d8f4fa\",\"name\":\"Bilgin \u00d6z\u00e7ift\u00e7i\",\"image\":{\"@type\":\"ImageObject\",\"inLanguage\":\"fr-BE\",\"@id\":\"https:\/\/avrupapress.com\/#\/schema\/person\/image\/\",\"url\":\"https:\/\/secure.gravatar.com\/avatar\/0f23b280433a21e1ea7a0adcc46ed0ad16afe3ad8e630fd13d8a017dcbd54ef3?s=96&d=mm&r=g\",\"contentUrl\":\"https:\/\/secure.gravatar.com\/avatar\/0f23b280433a21e1ea7a0adcc46ed0ad16afe3ad8e630fd13d8a017dcbd54ef3?s=96&d=mm&r=g\",\"caption\":\"Bilgin \u00d6z\u00e7ift\u00e7i\"},\"logo\":{\"@id\":\"https:\/\/avrupapress.com\/#\/schema\/person\/image\/\"},\"description\":\"Ne ben, nede sen... Biz ancak \\\"biz\\\" olursak g\u00fc\u00e7l\u00fc olabiliriz\"},{\"@type\":\"Person\",\"@id\":\"https:\/\/avrupapress.com\/#\/schema\/person\/68428444ec60970d1e1b700cf4ca1e8f\",\"name\":\"Edit\u00f6r\",\"image\":{\"@type\":\"ImageObject\",\"inLanguage\":\"fr-BE\",\"@id\":\"https:\/\/avrupapress.com\/#\/schema\/person\/image\/\",\"url\":\"https:\/\/secure.gravatar.com\/avatar\/74996b0977aa5f1559ba9883776652508b229005c0d78fb2597897f0bd651c09?s=96&d=mm&r=g\",\"contentUrl\":\"https:\/\/secure.gravatar.com\/avatar\/74996b0977aa5f1559ba9883776652508b229005c0d78fb2597897f0bd651c09?s=96&d=mm&r=g\",\"caption\":\"Edit\u00f6r\"},\"sameAs\":[\"http:\/\/www.avrupapress.com\"],\"url\":\"https:\/\/avrupapress.com\/main\/author\/editor\/\"}]}<\/script>\n<!-- \/ Yoast SEO plugin. -->","yoast_head_json":{"title":"Sultan Poyraz, podyumlar\u0131n aranan mankeni oldu.. - AvrupaPress","robots":{"index":"index","follow":"follow","max-snippet":"max-snippet:-1","max-image-preview":"max-image-preview:large","max-video-preview":"max-video-preview:-1"},"canonical":"https:\/\/avrupapress.com\/2020\/02\/21\/sultan-poyraz-podyumlarin-aranan-mankeni-oldu\/","og_locale":"fr_FR","og_type":"article","og_title":"Sultan Poyraz, podyumlar\u0131n aranan mankeni oldu.. - AvrupaPress","og_description":"Fasl\u0131lar\u0131n d\u00fczenledi\u011fi gecede, Fas kaftanlar\u0131n\u0131 ve elbiselerini sunun T\u00fcrk k\u0131z\u0131 manken Sultan Poyraz, en b\u00fcy\u00fck idealim, T\u00fcrk kaftanlar\u0131n\u0131 Br\u00fcksel\u2019de ta\u015f\u0131mak ve tan\u0131tmakt\u0131r\u201d dedi&#8230; Fasl\u0131lar\u0131n d\u00fczenledi\u011fi gecede, Fas kaftanlar\u0131n\u0131 ve elbiselerini sunun T\u00fcrk k\u0131z\u0131 manken Sultan Poyraz, en b\u00fcy\u00fck idealim, T\u00fcrk kaftanlar\u0131n\u0131 Br\u00fcksel\u2019de ta\u015f\u0131mak ve tan\u0131tmakt\u0131r\u201d dedi.. BEL\u00c7\u0130KA\u2019da yeti\u015fen gen\u00e7 nesil tasar\u0131m ve mankenlerimizden biri olan [&hellip;]","og_url":"https:\/\/avrupapress.com\/2020\/02\/21\/sultan-poyraz-podyumlarin-aranan-mankeni-oldu\/","og_site_name":"AvrupaPress","article_published_time":"2020-02-21T18:05:33+00:00","article_modified_time":"2020-02-21T22:31:46+00:00","og_image":[{"width":688,"height":960,"url":"https:\/\/avrupapress.com\/wp-content\/uploads\/2020\/02\/86806970_585712591982375_8797999193118474240_n.jpg","type":"image\/jpeg"}],"author":"Edit\u00f6r","twitter_card":"summary_large_image","twitter_misc":{"\u00c9crit par":"Edit\u00f6r","Dur\u00e9e de lecture est.":"1 minute"},"schema":{"@context":"https:\/\/schema.org","@graph":[{"@type":"Article","@id":"https:\/\/avrupapress.com\/2020\/02\/21\/sultan-poyraz-podyumlarin-aranan-mankeni-oldu\/#article","isPartOf":{"@id":"https:\/\/avrupapress.com\/2020\/02\/21\/sultan-poyraz-podyumlarin-aranan-mankeni-oldu\/"},"author":{"name":"Edit\u00f6r","@id":"https:\/\/avrupapress.com\/#\/schema\/person\/68428444ec60970d1e1b700cf4ca1e8f"},"headline":"Sultan Poyraz, podyumlar\u0131n aranan mankeni oldu..","datePublished":"2020-02-21T18:05:33+00:00","dateModified":"2020-02-21T22:31:46+00:00","mainEntityOfPage":{"@id":"https:\/\/avrupapress.com\/2020\/02\/21\/sultan-poyraz-podyumlarin-aranan-mankeni-oldu\/"},"wordCount":268,"publisher":{"@id":"https:\/\/avrupapress.com\/#\/schema\/person\/0223dca19c72c43575bf30d1a2d8f4fa"},"image":{"@id":"https:\/\/avrupapress.com\/2020\/02\/21\/sultan-poyraz-podyumlarin-aranan-mankeni-oldu\/#primaryimage"},"thumbnailUrl":"https:\/\/avrupapress.com\/main\/wp-content\/uploads\/2020\/02\/86806970_585712591982375_8797999193118474240_n.jpg","keywords":["podyumlar\u0131n aranan mankeni oldu..","Sultan Poyraz"],"articleSection":["Avrupa","Bel\u00e7ika","D\u00fcnya","K\u00fclt\u00fcr-Sanat","Tan\u0131t\u0131m","T\u00fcrkiye","Uncategorized"],"inLanguage":"fr-BE"},{"@type":"WebPage","@id":"https:\/\/avrupapress.com\/2020\/02\/21\/sultan-poyraz-podyumlarin-aranan-mankeni-oldu\/","url":"https:\/\/avrupapress.com\/2020\/02\/21\/sultan-poyraz-podyumlarin-aranan-mankeni-oldu\/","name":"Sultan Poyraz, podyumlar\u0131n aranan mankeni oldu.. - AvrupaPress","isPartOf":{"@id":"https:\/\/avrupapress.com\/#website"},"primaryImageOfPage":{"@id":"https:\/\/avrupapress.com\/2020\/02\/21\/sultan-poyraz-podyumlarin-aranan-mankeni-oldu\/#primaryimage"},"image":{"@id":"https:\/\/avrupapress.com\/2020\/02\/21\/sultan-poyraz-podyumlarin-aranan-mankeni-oldu\/#primaryimage"},"thumbnailUrl":"https:\/\/avrupapress.com\/main\/wp-content\/uploads\/2020\/02\/86806970_585712591982375_8797999193118474240_n.jpg","datePublished":"2020-02-21T18:05:33+00:00","dateModified":"2020-02-21T22:31:46+00:00","breadcrumb":{"@id":"https:\/\/avrupapress.com\/2020\/02\/21\/sultan-poyraz-podyumlarin-aranan-mankeni-oldu\/#breadcrumb"},"inLanguage":"fr-BE","potentialAction":[{"@type":"ReadAction","target":["https:\/\/avrupapress.com\/2020\/02\/21\/sultan-poyraz-podyumlarin-aranan-mankeni-oldu\/"]}]},{"@type":"ImageObject","inLanguage":"fr-BE","@id":"https:\/\/avrupapress.com\/2020\/02\/21\/sultan-poyraz-podyumlarin-aranan-mankeni-oldu\/#primaryimage","url":"https:\/\/avrupapress.com\/main\/wp-content\/uploads\/2020\/02\/86806970_585712591982375_8797999193118474240_n.jpg","contentUrl":"https:\/\/avrupapress.com\/main\/wp-content\/uploads\/2020\/02\/86806970_585712591982375_8797999193118474240_n.jpg","width":688,"height":960},{"@type":"BreadcrumbList","@id":"https:\/\/avrupapress.com\/2020\/02\/21\/sultan-poyraz-podyumlarin-aranan-mankeni-oldu\/#breadcrumb","itemListElement":[{"@type":"ListItem","position":1,"name":"Anasayfa","item":"https:\/\/avrupapress.com\/"},{"@type":"ListItem","position":2,"name":"Sultan Poyraz, podyumlar\u0131n aranan mankeni oldu.."}]},{"@type":"WebSite","@id":"https:\/\/avrupapress.com\/#website","url":"https:\/\/avrupapress.com\/","name":"AvrupaPress","description":"Haberin Adresi","publisher":{"@id":"https:\/\/avrupapress.com\/#\/schema\/person\/0223dca19c72c43575bf30d1a2d8f4fa"},"potentialAction":[{"@type":"SearchAction","target":{"@type":"EntryPoint","urlTemplate":"https:\/\/avrupapress.com\/?s={search_term_string}"},"query-input":{"@type":"PropertyValueSpecification","valueRequired":true,"valueName":"search_term_string"}}],"inLanguage":"fr-BE"},{"@type":["Person","Organization"],"@id":"https:\/\/avrupapress.com\/#\/schema\/person\/0223dca19c72c43575bf30d1a2d8f4fa","name":"Bilgin \u00d6z\u00e7ift\u00e7i","image":{"@type":"ImageObject","inLanguage":"fr-BE","@id":"https:\/\/avrupapress.com\/#\/schema\/person\/image\/","url":"https:\/\/secure.gravatar.com\/avatar\/0f23b280433a21e1ea7a0adcc46ed0ad16afe3ad8e630fd13d8a017dcbd54ef3?s=96&d=mm&r=g","contentUrl":"https:\/\/secure.gravatar.com\/avatar\/0f23b280433a21e1ea7a0adcc46ed0ad16afe3ad8e630fd13d8a017dcbd54ef3?s=96&d=mm&r=g","caption":"Bilgin \u00d6z\u00e7ift\u00e7i"},"logo":{"@id":"https:\/\/avrupapress.com\/#\/schema\/person\/image\/"},"description":"Ne ben, nede sen... Biz ancak \"biz\" olursak g\u00fc\u00e7l\u00fc olabiliriz"},{"@type":"Person","@id":"https:\/\/avrupapress.com\/#\/schema\/person\/68428444ec60970d1e1b700cf4ca1e8f","name":"Edit\u00f6r","image":{"@type":"ImageObject","inLanguage":"fr-BE","@id":"https:\/\/avrupapress.com\/#\/schema\/person\/image\/","url":"https:\/\/secure.gravatar.com\/avatar\/74996b0977aa5f1559ba9883776652508b229005c0d78fb2597897f0bd651c09?s=96&d=mm&r=g","contentUrl":"https:\/\/secure.gravatar.com\/avatar\/74996b0977aa5f1559ba9883776652508b229005c0d78fb2597897f0bd651c09?s=96&d=mm&r=g","caption":"Edit\u00f6r"},"sameAs":["http:\/\/www.avrupapress.com"],"url":"https:\/\/avrupapress.com\/main\/author\/editor\/"}]}},"_links":{"self":[{"href":"https:\/\/avrupapress.com\/main\/wp-json\/wp\/v2\/posts\/10604","targetHints":{"allow":["GET"]}}],"collection":[{"href":"https:\/\/avrupapress.com\/main\/wp-json\/wp\/v2\/posts"}],"about":[{"href":"https:\/\/avrupapress.com\/main\/wp-json\/wp\/v2\/types\/post"}],"author":[{"embeddable":true,"href":"https:\/\/avrupapress.com\/main\/wp-json\/wp\/v2\/users\/3"}],"replies":[{"embeddable":true,"href":"https:\/\/avrupapress.com\/main\/wp-json\/wp\/v2\/comments?post=10604"}],"version-history":[{"count":2,"href":"https:\/\/avrupapress.com\/main\/wp-json\/wp\/v2\/posts\/10604\/revisions"}],"predecessor-version":[{"id":10619,"href":"https:\/\/avrupapress.com\/main\/wp-json\/wp\/v2\/posts\/10604\/revisions\/10619"}],"wp:featuredmedia":[{"embeddable":true,"href":"https:\/\/avrupapress.com\/main\/wp-json\/wp\/v2\/media\/10615"}],"wp:attachment":[{"href":"https:\/\/avrupapress.com\/main\/wp-json\/wp\/v2\/media?parent=10604"}],"wp:term":[{"taxonomy":"category","embeddable":true,"href":"https:\/\/avrupapress.com\/main\/wp-json\/wp\/v2\/categories?post=10604"},{"taxonomy":"post_tag","embeddable":true,"href":"https:\/\/avrupapress.com\/main\/wp-json\/wp\/v2\/tags?post=10604"}],"curies":[{"name":"wp","href":"https:\/\/api.w.org\/{rel}","templated":true}]}}