{"id":10599,"date":"2020-02-20T21:03:10","date_gmt":"2020-02-20T21:03:10","guid":{"rendered":"http:\/\/avrupapress.com\/main\/?p=10599"},"modified":"2020-02-20T21:03:20","modified_gmt":"2020-02-20T21:03:20","slug":"fransa-ve-almanyadan-rusyaya-ultimatom-erdogana-cagri-haziriz","status":"publish","type":"post","link":"https:\/\/avrupapress.com\/main\/2020\/02\/20\/fransa-ve-almanyadan-rusyaya-ultimatom-erdogana-cagri-haziriz\/","title":{"rendered":"Fransa ve Almanya&rsquo;dan Rusya&rsquo;ya ultimatom! Erdo\u011fan&rsquo;a \u00e7a\u011fr\u0131: Haz\u0131r\u0131z!"},"content":{"rendered":"\n<p><strong>Merkel ve Macron, telefonda g\u00f6r\u00fc\u015ft\u00fckleri Putin&rsquo;e, \u0130dlib&rsquo;de \u00e7at\u0131\u015fmalar\u0131n derhal son bulmas\u0131 \u00e7a\u011fr\u0131s\u0131nda bulundu. Merkel ve Macron, Putin ve Cumhurba\u015fkan\u0131 Erdo\u011fan ile (\u0130dlib&rsquo;de) siyasi \u00e7\u00f6z\u00fcm bulunmas\u0131 i\u00e7in bulu\u015fmaya haz\u0131r olduklar\u0131n\u0131 bildirdi.<\/strong><\/p>\n\n\n\n<p> Almanya \u015eans\u00f6lyesi Angela Merkel ve Fransa Cumhurba\u015fkan\u0131 Emmanuel Macron, Rusya Devlet Ba\u015fkan\u0131 Vladimir Putin ile telefonda g\u00f6r\u00fc\u015ft\u00fc. Suriye&rsquo;de gerilimin artt\u0131\u011f\u0131 \u0130dlib konusunun ele al\u0131nd\u0131\u011f\u0131 g\u00f6r\u00fc\u015fmede Merkel ve Macron, Putin&rsquo;e \u0130dlib&rsquo;de \u00e7at\u0131\u015fmalar\u0131n derhal son bulmas\u0131 \u00e7a\u011fr\u0131s\u0131nda bulundu. <\/p>\n\n\n\n<h3 class=\"wp-block-heading\">\u00ab\u00a0ERDO\u011eAN VE PUT\u0130N \u0130LE BULU\u015eMAYA HAZIRIZ\u00a0\u00bb<\/h3>\n\n\n\n<p>Merkel ve Macron, Putin ve Cumhurba\u015fkan\u0131 Recep Tayyip Erdo\u011fan ile \u0130dlib&rsquo;de siyasi \u00e7\u00f6z\u00fcm bulunmas\u0131 i\u00e7in bulu\u015fmaya haz\u0131r olduklar\u0131n\u0131 bildirdi. Ayr\u0131ca g\u00f6r\u00fc\u015fmede liderler , Suriye&rsquo;nin kuzeybat\u0131s\u0131ndaki gerilimi azaltmaya d\u00f6n\u00fck \u00e7abalara dahil olmaya haz\u0131r olduklar\u0131n\u0131 ifade etti.<\/p>\n\n\n\n<h3 class=\"wp-block-heading\">KREML\u0130N, TELEFON G\u00d6R\u00dc\u015eMES\u0130N\u0130N GER\u00c7EKLE\u015eT\u0130\u011e\u0130N\u0130 DO\u011eRULADI<\/h3>\n\n\n\n<p>Kremlin, Rusya Devlet Ba\u015fkan\u0131 Putin ile Frans\u0131z mevkida\u015f\u0131 Macron ve Almanya Ba\u015fbakan\u0131 Merkel aras\u0131nda telefon g\u00f6r\u00fc\u015fmesinin ger\u00e7ekle\u015fti\u011fini do\u011frulad\u0131.<\/p>\n\n\n\n<p>Kremlin&rsquo;den yap\u0131lan a\u00e7\u0131klamada, telefon g\u00f6r\u00fc\u015fmesinde \u00f6zellikle \u0130dlib b\u00f6lgesinde, a\u015f\u0131r\u0131l\u0131k yanl\u0131s\u0131 olu\u015fumlar\u0131n Suriye h\u00fck\u00fcmet g\u00fc\u00e7lerine kar\u015f\u0131 sald\u0131rganl\u0131\u011f\u0131 sonucu aniden gerilen durum ba\u011flam\u0131nda Suriye krizinin \u00e7\u00f6z\u00fcm\u00fcn\u00fcn ele al\u0131nd\u0131\u011f\u0131 belirtilirken, \u00ab\u00a0Sivil halk i\u00e7in negatif insani sonu\u00e7lara izin verilmemesinin \u00f6nemi vurguland\u0131\u00a0\u00bb denildi.<\/p>\n\n\n\n<p>A\u00e7\u0131klamada, \u00ab\u00a0Vladimir Putin, Suriye&rsquo;nin egemenli\u011fi ve toprak b\u00fct\u00fcnl\u00fc\u011f\u00fc ilkelerine uyulmas\u0131 ve ter\u00f6r tehdidinin etkisiz hale getirilmesi y\u00f6n\u00fcnde etkili tedbirlerin al\u0131nmas\u0131 gerekti\u011finin alt\u0131n\u0131 \u00e7izdi. Emmanuel Macron ve Angela Merkel, \u0130dlib b\u00f6lgesindeki gerilimin azalt\u0131lmas\u0131na yard\u0131mc\u0131 olmaya haz\u0131r olduklar\u0131n\u0131 dile getirdi\u00a0\u00bb ifadelerine yer verildi.<\/p>\n\n\n\n<p>G\u00f6r\u00fc\u015fmede ayr\u0131ca Libya konusuna de\u011findi\u011fi aktar\u0131l\u0131rken, Berlin konferans\u0131nda al\u0131nan kararlar do\u011frultusunda ate\u015fkese uyulmas\u0131 ve politik diyalogun canland\u0131r\u0131lmas\u0131 gerekti\u011fi vurguland\u0131.<\/p>\n\n\n\n<p>Putin ayr\u0131ca Almanya&rsquo;n\u0131n Hanau kentinde meydana gelen sald\u0131r\u0131da \u00f6l\u00fcmlerden dolay\u0131 Angela Merkel&rsquo;e ba\u015fsa\u011fl\u0131\u011f\u0131 diledi.<\/p>\n\n\n\n<figure class=\"wp-block-image\"><img decoding=\"async\" src=\"https:\/\/foto.haberler.com\/haber\/2020\/02\/20\/son-dakika-merkel-ve-macron-dan-putin-e-idlib-12939152_6462_o.jpg\" alt=\"\"\/><\/figure>\n\n\n\n<h4 class=\"wp-block-heading\">Haber Videosu<\/h4>\n\n\n\n<p>:&nbsp;<a href=\"https:\/\/www.haberler.com\/video\/son-dakika-merkel-ve-macron-dan-putin-e-idlib-12939152-videosu\/\">Merkel ve Macron&rsquo;dan Putin&rsquo;e \u0130dlib \u00e7a\u011fr\u0131s\u0131: \u00c7at\u0131\u015fmalar derhal son bulmal\u0131<\/a><a href=\"https:\/\/news.google.com\/publications\/CAAqBwgKMNm4nwkwwIlv\" target=\"_blank\" rel=\"noreferrer noopener\">Takip Et<\/a><a href=\"https:\/\/www.facebook.com\/sharer.php?title=Son%20Dakika:%20Merkel%20ve%20Macron%27dan%20Putin%27e%20%C4%B0dlib%20%C3%A7a%C4%9Fr%C4%B1s%C4%B1:%20%C3%87at%C4%B1%C5%9Fmalar%20derhal%20son%20bulmal%C4%B1&amp;u=https:\/\/www.haberler.com\/son-dakika-merkel-ve-macron-dan-putin-e-idlib-12939152-haberi\/\" target=\"_blank\" rel=\"noreferrer noopener\">Payla\u015f<\/a><a href=\"https:\/\/twitter.com\/intent\/tweet?text=Son%20Dakika:%20Merkel%20ve%20Macron%27dan%20Putin%27e%20%C4%B0dlib%20%C3%A7a%C4%9Fr%C4%B1s%C4%B1:%20%C3%87at%C4%B1%C5%9Fmalar%20derhal%20son%20bulmal%C4%B1%20https:\/\/www.haberler.com\/son-dakika-merkel-ve-macron-dan-putin-e-idlib-12939152-haberi\/\" target=\"_blank\" rel=\"noreferrer noopener\">Tweetle<\/a><a href=\"https:\/\/web.whatsapp.com\/send?text=Son%20Dakika:%20Merkel%20ve%20Macron%27dan%20Putin%27e%20%C4%B0dlib%20%C3%A7a%C4%9Fr%C4%B1s%C4%B1:%20%C3%87at%C4%B1%C5%9Fmalar%20derhal%20son%20bulmal%C4%B1%20https:\/\/www.haberler.com\/son-dakika-merkel-ve-macron-dan-putin-e-idlib-12939152-haberi\/\" target=\"_blank\" rel=\"noreferrer noopener\">G\u00f6nder<\/a><a href=\"https:\/\/www.instagram.com\/haberlercom\/\" target=\"_blank\" rel=\"noreferrer noopener\">Takip Et<\/a><br><\/p>\n","protected":false},"excerpt":{"rendered":"<p>Merkel ve Macron, telefonda g\u00f6r\u00fc\u015ft\u00fckleri Putin&rsquo;e, \u0130dlib&rsquo;de \u00e7at\u0131\u015fmalar\u0131n derhal son bulmas\u0131 \u00e7a\u011fr\u0131s\u0131nda bulundu. Merkel ve Macron, Putin ve Cumhurba\u015fkan\u0131 Erdo\u011fan ile (\u0130dlib&rsquo;de) siyasi \u00e7\u00f6z\u00fcm bulunmas\u0131 i\u00e7in bulu\u015fmaya haz\u0131r olduklar\u0131n\u0131 bildirdi. Almanya \u015eans\u00f6lyesi Angela Merkel ve Fransa Cumhurba\u015fkan\u0131 Emmanuel Macron, Rusya Devlet Ba\u015fkan\u0131 Vladimir Putin ile telefonda g\u00f6r\u00fc\u015ft\u00fc. Suriye&rsquo;de gerilimin artt\u0131\u011f\u0131 \u0130dlib konusunun ele al\u0131nd\u0131\u011f\u0131 g\u00f6r\u00fc\u015fmede [&hellip;]<\/p>\n","protected":false},"author":3,"featured_media":10600,"comment_status":"closed","ping_status":"open","sticky":false,"template":"","format":"standard","meta":{"footnotes":""},"categories":[14,16,3,2],"tags":[],"class_list":["post-10599","post","type-post","status-publish","format-standard","has-post-thumbnail","hentry","category-avrupa","category-belcika","category-dunya","category-turkiye"],"yoast_head":"<!-- This site is optimized with the Yoast SEO plugin v26.9 - https:\/\/yoast.com\/product\/yoast-seo-wordpress\/ -->\n<title>Fransa ve Almanya&#039;dan Rusya&#039;ya ultimatom! Erdo\u011fan&#039;a \u00e7a\u011fr\u0131: Haz\u0131r\u0131z! - AvrupaPress<\/title>\n<meta name=\"robots\" content=\"index, follow, max-snippet:-1, max-image-preview:large, max-video-preview:-1\" \/>\n<link rel=\"canonical\" href=\"https:\/\/avrupapress.com\/2020\/02\/20\/fransa-ve-almanyadan-rusyaya-ultimatom-erdogana-cagri-haziriz\/\" \/>\n<meta property=\"og:locale\" content=\"fr_FR\" \/>\n<meta property=\"og:type\" content=\"article\" \/>\n<meta property=\"og:title\" content=\"Fransa ve Almanya&#039;dan Rusya&#039;ya ultimatom! Erdo\u011fan&#039;a \u00e7a\u011fr\u0131: Haz\u0131r\u0131z! - AvrupaPress\" \/>\n<meta property=\"og:description\" content=\"Merkel ve Macron, telefonda g\u00f6r\u00fc\u015ft\u00fckleri Putin&rsquo;e, \u0130dlib&rsquo;de \u00e7at\u0131\u015fmalar\u0131n derhal son bulmas\u0131 \u00e7a\u011fr\u0131s\u0131nda bulundu. Merkel ve Macron, Putin ve Cumhurba\u015fkan\u0131 Erdo\u011fan ile (\u0130dlib&rsquo;de) siyasi \u00e7\u00f6z\u00fcm bulunmas\u0131 i\u00e7in bulu\u015fmaya haz\u0131r olduklar\u0131n\u0131 bildirdi. Almanya \u015eans\u00f6lyesi Angela Merkel ve Fransa Cumhurba\u015fkan\u0131 Emmanuel Macron, Rusya Devlet Ba\u015fkan\u0131 Vladimir Putin ile telefonda g\u00f6r\u00fc\u015ft\u00fc. Suriye&rsquo;de gerilimin artt\u0131\u011f\u0131 \u0130dlib konusunun ele al\u0131nd\u0131\u011f\u0131 g\u00f6r\u00fc\u015fmede [&hellip;]\" \/>\n<meta property=\"og:url\" content=\"https:\/\/avrupapress.com\/2020\/02\/20\/fransa-ve-almanyadan-rusyaya-ultimatom-erdogana-cagri-haziriz\/\" \/>\n<meta property=\"og:site_name\" content=\"AvrupaPress\" \/>\n<meta property=\"article:published_time\" content=\"2020-02-20T21:03:10+00:00\" \/>\n<meta property=\"article:modified_time\" content=\"2020-02-20T21:03:20+00:00\" \/>\n<meta property=\"og:image\" content=\"https:\/\/avrupapress.com\/wp-content\/uploads\/2020\/02\/son_dakika_fransa_ve_almanyadan_rusyaya_ultimatom_erdogan_cagri_haziriz_1582231223_4431.gif\" \/>\n\t<meta property=\"og:image:width\" content=\"620\" \/>\n\t<meta property=\"og:image:height\" content=\"360\" \/>\n\t<meta property=\"og:image:type\" content=\"image\/gif\" \/>\n<meta name=\"author\" content=\"Edit\u00f6r\" \/>\n<meta name=\"twitter:card\" content=\"summary_large_image\" \/>\n<meta name=\"twitter:label1\" content=\"\u00c9crit par\" \/>\n\t<meta name=\"twitter:data1\" content=\"Edit\u00f6r\" \/>\n\t<meta name=\"twitter:label2\" content=\"Dur\u00e9e de lecture est.\" \/>\n\t<meta name=\"twitter:data2\" content=\"2 minutes\" \/>\n<script type=\"application\/ld+json\" class=\"yoast-schema-graph\">{\"@context\":\"https:\/\/schema.org\",\"@graph\":[{\"@type\":\"Article\",\"@id\":\"https:\/\/avrupapress.com\/2020\/02\/20\/fransa-ve-almanyadan-rusyaya-ultimatom-erdogana-cagri-haziriz\/#article\",\"isPartOf\":{\"@id\":\"https:\/\/avrupapress.com\/2020\/02\/20\/fransa-ve-almanyadan-rusyaya-ultimatom-erdogana-cagri-haziriz\/\"},\"author\":{\"name\":\"Edit\u00f6r\",\"@id\":\"https:\/\/avrupapress.com\/#\/schema\/person\/68428444ec60970d1e1b700cf4ca1e8f\"},\"headline\":\"Fransa ve Almanya&rsquo;dan Rusya&rsquo;ya ultimatom! Erdo\u011fan&rsquo;a \u00e7a\u011fr\u0131: Haz\u0131r\u0131z!\",\"datePublished\":\"2020-02-20T21:03:10+00:00\",\"dateModified\":\"2020-02-20T21:03:20+00:00\",\"mainEntityOfPage\":{\"@id\":\"https:\/\/avrupapress.com\/2020\/02\/20\/fransa-ve-almanyadan-rusyaya-ultimatom-erdogana-cagri-haziriz\/\"},\"wordCount\":403,\"publisher\":{\"@id\":\"https:\/\/avrupapress.com\/#\/schema\/person\/0223dca19c72c43575bf30d1a2d8f4fa\"},\"image\":{\"@id\":\"https:\/\/avrupapress.com\/2020\/02\/20\/fransa-ve-almanyadan-rusyaya-ultimatom-erdogana-cagri-haziriz\/#primaryimage\"},\"thumbnailUrl\":\"https:\/\/avrupapress.com\/main\/wp-content\/uploads\/2020\/02\/son_dakika_fransa_ve_almanyadan_rusyaya_ultimatom_erdogan_cagri_haziriz_1582231223_4431.gif\",\"articleSection\":[\"Avrupa\",\"Bel\u00e7ika\",\"D\u00fcnya\",\"T\u00fcrkiye\"],\"inLanguage\":\"fr-BE\"},{\"@type\":\"WebPage\",\"@id\":\"https:\/\/avrupapress.com\/2020\/02\/20\/fransa-ve-almanyadan-rusyaya-ultimatom-erdogana-cagri-haziriz\/\",\"url\":\"https:\/\/avrupapress.com\/2020\/02\/20\/fransa-ve-almanyadan-rusyaya-ultimatom-erdogana-cagri-haziriz\/\",\"name\":\"Fransa ve Almanya'dan Rusya'ya ultimatom! Erdo\u011fan'a \u00e7a\u011fr\u0131: Haz\u0131r\u0131z! - AvrupaPress\",\"isPartOf\":{\"@id\":\"https:\/\/avrupapress.com\/#website\"},\"primaryImageOfPage\":{\"@id\":\"https:\/\/avrupapress.com\/2020\/02\/20\/fransa-ve-almanyadan-rusyaya-ultimatom-erdogana-cagri-haziriz\/#primaryimage\"},\"image\":{\"@id\":\"https:\/\/avrupapress.com\/2020\/02\/20\/fransa-ve-almanyadan-rusyaya-ultimatom-erdogana-cagri-haziriz\/#primaryimage\"},\"thumbnailUrl\":\"https:\/\/avrupapress.com\/main\/wp-content\/uploads\/2020\/02\/son_dakika_fransa_ve_almanyadan_rusyaya_ultimatom_erdogan_cagri_haziriz_1582231223_4431.gif\",\"datePublished\":\"2020-02-20T21:03:10+00:00\",\"dateModified\":\"2020-02-20T21:03:20+00:00\",\"breadcrumb\":{\"@id\":\"https:\/\/avrupapress.com\/2020\/02\/20\/fransa-ve-almanyadan-rusyaya-ultimatom-erdogana-cagri-haziriz\/#breadcrumb\"},\"inLanguage\":\"fr-BE\",\"potentialAction\":[{\"@type\":\"ReadAction\",\"target\":[\"https:\/\/avrupapress.com\/2020\/02\/20\/fransa-ve-almanyadan-rusyaya-ultimatom-erdogana-cagri-haziriz\/\"]}]},{\"@type\":\"ImageObject\",\"inLanguage\":\"fr-BE\",\"@id\":\"https:\/\/avrupapress.com\/2020\/02\/20\/fransa-ve-almanyadan-rusyaya-ultimatom-erdogana-cagri-haziriz\/#primaryimage\",\"url\":\"https:\/\/avrupapress.com\/main\/wp-content\/uploads\/2020\/02\/son_dakika_fransa_ve_almanyadan_rusyaya_ultimatom_erdogan_cagri_haziriz_1582231223_4431.gif\",\"contentUrl\":\"https:\/\/avrupapress.com\/main\/wp-content\/uploads\/2020\/02\/son_dakika_fransa_ve_almanyadan_rusyaya_ultimatom_erdogan_cagri_haziriz_1582231223_4431.gif\",\"width\":620,\"height\":360},{\"@type\":\"BreadcrumbList\",\"@id\":\"https:\/\/avrupapress.com\/2020\/02\/20\/fransa-ve-almanyadan-rusyaya-ultimatom-erdogana-cagri-haziriz\/#breadcrumb\",\"itemListElement\":[{\"@type\":\"ListItem\",\"position\":1,\"name\":\"Anasayfa\",\"item\":\"https:\/\/avrupapress.com\/\"},{\"@type\":\"ListItem\",\"position\":2,\"name\":\"Fransa ve Almanya&#8217;dan Rusya&#8217;ya ultimatom! Erdo\u011fan&#8217;a \u00e7a\u011fr\u0131: Haz\u0131r\u0131z!\"}]},{\"@type\":\"WebSite\",\"@id\":\"https:\/\/avrupapress.com\/#website\",\"url\":\"https:\/\/avrupapress.com\/\",\"name\":\"AvrupaPress\",\"description\":\"Haberin Adresi\",\"publisher\":{\"@id\":\"https:\/\/avrupapress.com\/#\/schema\/person\/0223dca19c72c43575bf30d1a2d8f4fa\"},\"potentialAction\":[{\"@type\":\"SearchAction\",\"target\":{\"@type\":\"EntryPoint\",\"urlTemplate\":\"https:\/\/avrupapress.com\/?s={search_term_string}\"},\"query-input\":{\"@type\":\"PropertyValueSpecification\",\"valueRequired\":true,\"valueName\":\"search_term_string\"}}],\"inLanguage\":\"fr-BE\"},{\"@type\":[\"Person\",\"Organization\"],\"@id\":\"https:\/\/avrupapress.com\/#\/schema\/person\/0223dca19c72c43575bf30d1a2d8f4fa\",\"name\":\"Bilgin \u00d6z\u00e7ift\u00e7i\",\"image\":{\"@type\":\"ImageObject\",\"inLanguage\":\"fr-BE\",\"@id\":\"https:\/\/avrupapress.com\/#\/schema\/person\/image\/\",\"url\":\"https:\/\/secure.gravatar.com\/avatar\/0f23b280433a21e1ea7a0adcc46ed0ad16afe3ad8e630fd13d8a017dcbd54ef3?s=96&d=mm&r=g\",\"contentUrl\":\"https:\/\/secure.gravatar.com\/avatar\/0f23b280433a21e1ea7a0adcc46ed0ad16afe3ad8e630fd13d8a017dcbd54ef3?s=96&d=mm&r=g\",\"caption\":\"Bilgin \u00d6z\u00e7ift\u00e7i\"},\"logo\":{\"@id\":\"https:\/\/avrupapress.com\/#\/schema\/person\/image\/\"},\"description\":\"Ne ben, nede sen... Biz ancak \\\"biz\\\" olursak g\u00fc\u00e7l\u00fc olabiliriz\"},{\"@type\":\"Person\",\"@id\":\"https:\/\/avrupapress.com\/#\/schema\/person\/68428444ec60970d1e1b700cf4ca1e8f\",\"name\":\"Edit\u00f6r\",\"image\":{\"@type\":\"ImageObject\",\"inLanguage\":\"fr-BE\",\"@id\":\"https:\/\/avrupapress.com\/#\/schema\/person\/image\/\",\"url\":\"https:\/\/secure.gravatar.com\/avatar\/74996b0977aa5f1559ba9883776652508b229005c0d78fb2597897f0bd651c09?s=96&d=mm&r=g\",\"contentUrl\":\"https:\/\/secure.gravatar.com\/avatar\/74996b0977aa5f1559ba9883776652508b229005c0d78fb2597897f0bd651c09?s=96&d=mm&r=g\",\"caption\":\"Edit\u00f6r\"},\"sameAs\":[\"http:\/\/www.avrupapress.com\"],\"url\":\"https:\/\/avrupapress.com\/main\/author\/editor\/\"}]}<\/script>\n<!-- \/ Yoast SEO plugin. -->","yoast_head_json":{"title":"Fransa ve Almanya'dan Rusya'ya ultimatom! Erdo\u011fan'a \u00e7a\u011fr\u0131: Haz\u0131r\u0131z! - AvrupaPress","robots":{"index":"index","follow":"follow","max-snippet":"max-snippet:-1","max-image-preview":"max-image-preview:large","max-video-preview":"max-video-preview:-1"},"canonical":"https:\/\/avrupapress.com\/2020\/02\/20\/fransa-ve-almanyadan-rusyaya-ultimatom-erdogana-cagri-haziriz\/","og_locale":"fr_FR","og_type":"article","og_title":"Fransa ve Almanya'dan Rusya'ya ultimatom! Erdo\u011fan'a \u00e7a\u011fr\u0131: Haz\u0131r\u0131z! - AvrupaPress","og_description":"Merkel ve Macron, telefonda g\u00f6r\u00fc\u015ft\u00fckleri Putin&rsquo;e, \u0130dlib&rsquo;de \u00e7at\u0131\u015fmalar\u0131n derhal son bulmas\u0131 \u00e7a\u011fr\u0131s\u0131nda bulundu. Merkel ve Macron, Putin ve Cumhurba\u015fkan\u0131 Erdo\u011fan ile (\u0130dlib&rsquo;de) siyasi \u00e7\u00f6z\u00fcm bulunmas\u0131 i\u00e7in bulu\u015fmaya haz\u0131r olduklar\u0131n\u0131 bildirdi. Almanya \u015eans\u00f6lyesi Angela Merkel ve Fransa Cumhurba\u015fkan\u0131 Emmanuel Macron, Rusya Devlet Ba\u015fkan\u0131 Vladimir Putin ile telefonda g\u00f6r\u00fc\u015ft\u00fc. Suriye&rsquo;de gerilimin artt\u0131\u011f\u0131 \u0130dlib konusunun ele al\u0131nd\u0131\u011f\u0131 g\u00f6r\u00fc\u015fmede [&hellip;]","og_url":"https:\/\/avrupapress.com\/2020\/02\/20\/fransa-ve-almanyadan-rusyaya-ultimatom-erdogana-cagri-haziriz\/","og_site_name":"AvrupaPress","article_published_time":"2020-02-20T21:03:10+00:00","article_modified_time":"2020-02-20T21:03:20+00:00","og_image":[{"width":620,"height":360,"url":"https:\/\/avrupapress.com\/wp-content\/uploads\/2020\/02\/son_dakika_fransa_ve_almanyadan_rusyaya_ultimatom_erdogan_cagri_haziriz_1582231223_4431.gif","type":"image\/gif"}],"author":"Edit\u00f6r","twitter_card":"summary_large_image","twitter_misc":{"\u00c9crit par":"Edit\u00f6r","Dur\u00e9e de lecture est.":"2 minutes"},"schema":{"@context":"https:\/\/schema.org","@graph":[{"@type":"Article","@id":"https:\/\/avrupapress.com\/2020\/02\/20\/fransa-ve-almanyadan-rusyaya-ultimatom-erdogana-cagri-haziriz\/#article","isPartOf":{"@id":"https:\/\/avrupapress.com\/2020\/02\/20\/fransa-ve-almanyadan-rusyaya-ultimatom-erdogana-cagri-haziriz\/"},"author":{"name":"Edit\u00f6r","@id":"https:\/\/avrupapress.com\/#\/schema\/person\/68428444ec60970d1e1b700cf4ca1e8f"},"headline":"Fransa ve Almanya&rsquo;dan Rusya&rsquo;ya ultimatom! Erdo\u011fan&rsquo;a \u00e7a\u011fr\u0131: Haz\u0131r\u0131z!","datePublished":"2020-02-20T21:03:10+00:00","dateModified":"2020-02-20T21:03:20+00:00","mainEntityOfPage":{"@id":"https:\/\/avrupapress.com\/2020\/02\/20\/fransa-ve-almanyadan-rusyaya-ultimatom-erdogana-cagri-haziriz\/"},"wordCount":403,"publisher":{"@id":"https:\/\/avrupapress.com\/#\/schema\/person\/0223dca19c72c43575bf30d1a2d8f4fa"},"image":{"@id":"https:\/\/avrupapress.com\/2020\/02\/20\/fransa-ve-almanyadan-rusyaya-ultimatom-erdogana-cagri-haziriz\/#primaryimage"},"thumbnailUrl":"https:\/\/avrupapress.com\/main\/wp-content\/uploads\/2020\/02\/son_dakika_fransa_ve_almanyadan_rusyaya_ultimatom_erdogan_cagri_haziriz_1582231223_4431.gif","articleSection":["Avrupa","Bel\u00e7ika","D\u00fcnya","T\u00fcrkiye"],"inLanguage":"fr-BE"},{"@type":"WebPage","@id":"https:\/\/avrupapress.com\/2020\/02\/20\/fransa-ve-almanyadan-rusyaya-ultimatom-erdogana-cagri-haziriz\/","url":"https:\/\/avrupapress.com\/2020\/02\/20\/fransa-ve-almanyadan-rusyaya-ultimatom-erdogana-cagri-haziriz\/","name":"Fransa ve Almanya'dan Rusya'ya ultimatom! Erdo\u011fan'a \u00e7a\u011fr\u0131: Haz\u0131r\u0131z! - AvrupaPress","isPartOf":{"@id":"https:\/\/avrupapress.com\/#website"},"primaryImageOfPage":{"@id":"https:\/\/avrupapress.com\/2020\/02\/20\/fransa-ve-almanyadan-rusyaya-ultimatom-erdogana-cagri-haziriz\/#primaryimage"},"image":{"@id":"https:\/\/avrupapress.com\/2020\/02\/20\/fransa-ve-almanyadan-rusyaya-ultimatom-erdogana-cagri-haziriz\/#primaryimage"},"thumbnailUrl":"https:\/\/avrupapress.com\/main\/wp-content\/uploads\/2020\/02\/son_dakika_fransa_ve_almanyadan_rusyaya_ultimatom_erdogan_cagri_haziriz_1582231223_4431.gif","datePublished":"2020-02-20T21:03:10+00:00","dateModified":"2020-02-20T21:03:20+00:00","breadcrumb":{"@id":"https:\/\/avrupapress.com\/2020\/02\/20\/fransa-ve-almanyadan-rusyaya-ultimatom-erdogana-cagri-haziriz\/#breadcrumb"},"inLanguage":"fr-BE","potentialAction":[{"@type":"ReadAction","target":["https:\/\/avrupapress.com\/2020\/02\/20\/fransa-ve-almanyadan-rusyaya-ultimatom-erdogana-cagri-haziriz\/"]}]},{"@type":"ImageObject","inLanguage":"fr-BE","@id":"https:\/\/avrupapress.com\/2020\/02\/20\/fransa-ve-almanyadan-rusyaya-ultimatom-erdogana-cagri-haziriz\/#primaryimage","url":"https:\/\/avrupapress.com\/main\/wp-content\/uploads\/2020\/02\/son_dakika_fransa_ve_almanyadan_rusyaya_ultimatom_erdogan_cagri_haziriz_1582231223_4431.gif","contentUrl":"https:\/\/avrupapress.com\/main\/wp-content\/uploads\/2020\/02\/son_dakika_fransa_ve_almanyadan_rusyaya_ultimatom_erdogan_cagri_haziriz_1582231223_4431.gif","width":620,"height":360},{"@type":"BreadcrumbList","@id":"https:\/\/avrupapress.com\/2020\/02\/20\/fransa-ve-almanyadan-rusyaya-ultimatom-erdogana-cagri-haziriz\/#breadcrumb","itemListElement":[{"@type":"ListItem","position":1,"name":"Anasayfa","item":"https:\/\/avrupapress.com\/"},{"@type":"ListItem","position":2,"name":"Fransa ve Almanya&#8217;dan Rusya&#8217;ya ultimatom! Erdo\u011fan&#8217;a \u00e7a\u011fr\u0131: Haz\u0131r\u0131z!"}]},{"@type":"WebSite","@id":"https:\/\/avrupapress.com\/#website","url":"https:\/\/avrupapress.com\/","name":"AvrupaPress","description":"Haberin Adresi","publisher":{"@id":"https:\/\/avrupapress.com\/#\/schema\/person\/0223dca19c72c43575bf30d1a2d8f4fa"},"potentialAction":[{"@type":"SearchAction","target":{"@type":"EntryPoint","urlTemplate":"https:\/\/avrupapress.com\/?s={search_term_string}"},"query-input":{"@type":"PropertyValueSpecification","valueRequired":true,"valueName":"search_term_string"}}],"inLanguage":"fr-BE"},{"@type":["Person","Organization"],"@id":"https:\/\/avrupapress.com\/#\/schema\/person\/0223dca19c72c43575bf30d1a2d8f4fa","name":"Bilgin \u00d6z\u00e7ift\u00e7i","image":{"@type":"ImageObject","inLanguage":"fr-BE","@id":"https:\/\/avrupapress.com\/#\/schema\/person\/image\/","url":"https:\/\/secure.gravatar.com\/avatar\/0f23b280433a21e1ea7a0adcc46ed0ad16afe3ad8e630fd13d8a017dcbd54ef3?s=96&d=mm&r=g","contentUrl":"https:\/\/secure.gravatar.com\/avatar\/0f23b280433a21e1ea7a0adcc46ed0ad16afe3ad8e630fd13d8a017dcbd54ef3?s=96&d=mm&r=g","caption":"Bilgin \u00d6z\u00e7ift\u00e7i"},"logo":{"@id":"https:\/\/avrupapress.com\/#\/schema\/person\/image\/"},"description":"Ne ben, nede sen... Biz ancak \"biz\" olursak g\u00fc\u00e7l\u00fc olabiliriz"},{"@type":"Person","@id":"https:\/\/avrupapress.com\/#\/schema\/person\/68428444ec60970d1e1b700cf4ca1e8f","name":"Edit\u00f6r","image":{"@type":"ImageObject","inLanguage":"fr-BE","@id":"https:\/\/avrupapress.com\/#\/schema\/person\/image\/","url":"https:\/\/secure.gravatar.com\/avatar\/74996b0977aa5f1559ba9883776652508b229005c0d78fb2597897f0bd651c09?s=96&d=mm&r=g","contentUrl":"https:\/\/secure.gravatar.com\/avatar\/74996b0977aa5f1559ba9883776652508b229005c0d78fb2597897f0bd651c09?s=96&d=mm&r=g","caption":"Edit\u00f6r"},"sameAs":["http:\/\/www.avrupapress.com"],"url":"https:\/\/avrupapress.com\/main\/author\/editor\/"}]}},"_links":{"self":[{"href":"https:\/\/avrupapress.com\/main\/wp-json\/wp\/v2\/posts\/10599","targetHints":{"allow":["GET"]}}],"collection":[{"href":"https:\/\/avrupapress.com\/main\/wp-json\/wp\/v2\/posts"}],"about":[{"href":"https:\/\/avrupapress.com\/main\/wp-json\/wp\/v2\/types\/post"}],"author":[{"embeddable":true,"href":"https:\/\/avrupapress.com\/main\/wp-json\/wp\/v2\/users\/3"}],"replies":[{"embeddable":true,"href":"https:\/\/avrupapress.com\/main\/wp-json\/wp\/v2\/comments?post=10599"}],"version-history":[{"count":1,"href":"https:\/\/avrupapress.com\/main\/wp-json\/wp\/v2\/posts\/10599\/revisions"}],"predecessor-version":[{"id":10601,"href":"https:\/\/avrupapress.com\/main\/wp-json\/wp\/v2\/posts\/10599\/revisions\/10601"}],"wp:featuredmedia":[{"embeddable":true,"href":"https:\/\/avrupapress.com\/main\/wp-json\/wp\/v2\/media\/10600"}],"wp:attachment":[{"href":"https:\/\/avrupapress.com\/main\/wp-json\/wp\/v2\/media?parent=10599"}],"wp:term":[{"taxonomy":"category","embeddable":true,"href":"https:\/\/avrupapress.com\/main\/wp-json\/wp\/v2\/categories?post=10599"},{"taxonomy":"post_tag","embeddable":true,"href":"https:\/\/avrupapress.com\/main\/wp-json\/wp\/v2\/tags?post=10599"}],"curies":[{"name":"wp","href":"https:\/\/api.w.org\/{rel}","templated":true}]}}