{"id":10596,"date":"2020-02-20T20:34:00","date_gmt":"2020-02-20T20:34:00","guid":{"rendered":"http:\/\/avrupapress.com\/main\/?p=10596"},"modified":"2020-02-20T20:34:03","modified_gmt":"2020-02-20T20:34:03","slug":"ingilterede-camide-bicakli-saldiri","status":"publish","type":"post","link":"https:\/\/avrupapress.com\/main\/2020\/02\/20\/ingilterede-camide-bicakli-saldiri\/","title":{"rendered":"\u0130ngiltere\u2019de camide b\u0131\u00e7akl\u0131 sald\u0131r\u0131"},"content":{"rendered":"\n<p><strong>\u0130ngiltere&rsquo;nin ba\u015fkenti Londra&rsquo;da, camiye giren bir ki\u015fi, namaz k\u0131lan din g\u00f6revlisini b\u0131\u00e7aklad\u0131. Sald\u0131r\u0131n\u0131n ter\u00f6r ba\u011flant\u0131l\u0131 olmad\u0131\u011f\u0131 belirtildi.<\/strong><\/p>\n\n\n\n<p>\n\nLondra polisinin a\u00e7\u0131klamas\u0131nda, yerel saatle 15.10&rsquo;da (TS\u0130 18.10) Regent Park Camisi&rsquo;nde meydana gelen olayda, 29 ya\u015f\u0131ndaki sald\u0131rgan\u0131n \u00ab\u00a0cinayete te\u015febb\u00fcsle\u00a0\u00bb su\u00e7land\u0131\u011f\u0131 kaydedildi.<\/p>\n\n\n\n<p>Sald\u0131rgan\u0131n camide namazlara kat\u0131ld\u0131\u011f\u0131na inan\u0131ld\u0131\u011f\u0131 ve g\u00f6zalt\u0131na al\u0131narak bir polis karakoluna g\u00f6t\u00fcr\u00fcld\u00fc\u011f\u00fc belirtilen a\u00e7\u0131klamada, \u00ab\u00a0Soru\u015fturma devam ediyor. Olay \u015fu anda ter\u00f6r ba\u011flant\u0131l\u0131 olarak de\u011ferlendirilmiyor.\u00a0\u00bb ifadesine yer verildi.<\/p>\n\n\n\n<p><strong>\u00ab\u00a0CEMAAT, SALDIRGANI TANIMIYOR\u00a0\u00bb<\/strong><\/p>\n\n\n\n<p>Regent Park Camisi Dan\u0131\u015fman\u0131 Ayaz Ahmad, yapt\u0131\u011f\u0131 a\u00e7\u0131klamada, m\u00fcezzinin boynundan b\u0131\u00e7aklanmas\u0131n\u0131n ard\u0131ndan cami cemaatinin sald\u0131rgana m\u00fcdahale etti\u011fini anlatt\u0131.<\/p>\n\n\n\n<p>Sald\u0131r\u0131 s\u0131ras\u0131nda i\u00e7eride y\u00fczlerce ki\u015fi bulundu\u011funu s\u00f6yleyen Ahmad, \u00ab\u00a0A\u00e7\u0131k\u00e7as\u0131 \u015fok ediciydi. Elinde b\u0131\u00e7ak vard\u0131 ve m\u00fcezzine sald\u0131r\u0131yordu.\u00a0\u00bb ifadesini kulland\u0131.<\/p>\n\n\n\n<p>Ahmad, m\u00fcezzinin 25 y\u0131ld\u0131r g\u00f6rev yapt\u0131\u011f\u0131n\u0131 ve M\u00fcsl\u00fcman toplumunca yak\u0131ndan tan\u0131nd\u0131\u011f\u0131n\u0131 anlatarak, \u00ab\u00a0Sald\u0131r\u0131y\u0131 yapan ki\u015fiyi tan\u0131m\u0131yoruz. Son 10 y\u0131ld\u0131r her g\u00fcn buraya gelmekteyim, daha \u00f6nce hi\u00e7 g\u00f6rmedim. Ancak \u00e7ok yak\u0131n zamanda birka\u00e7 kez geldi\u011fini anl\u0131yorum. Biri onu birka\u00e7 g\u00fcn \u00f6nce, ba\u015fka biri de ge\u00e7en ay g\u00f6rd\u00fc\u011f\u00fcn\u00fc s\u00f6yledi.\u00a0\u00bb dedi.<\/p>\n\n\n\n<p>S\u00f6z konusu ki\u015finin caminin herhangi bir etkinli\u011fine kat\u0131lmad\u0131\u011f\u0131n\u0131 ifade eden Ahmad, sald\u0131rgan\u0131n camiye geldi\u011finde namaz k\u0131l\u0131p k\u0131lmad\u0131\u011f\u0131n\u0131 ise bilmedi\u011fini vurgulad\u0131.<\/p>\n\n\n\n<p><strong>\u00ab\u00a0\u0130BADETHANEDE GER\u00c7EKLE\u015eMES\u0130 \u00c7OK KORKUN\u00c7\u00a0\u00bb<\/strong><\/p>\n\n\n\n<p>\u0130ngiltere Ba\u015fbakan\u0131 Boris Johnson, Twitter&rsquo;dan olay\u0131n kendisini derinden \u00fczd\u00fc\u011f\u00fcn\u00fc belirterek, \u00ab\u00a0B\u00f6yle bir olay\u0131n \u00f6zellikle ibadethanede ger\u00e7ekle\u015fmesi \u00e7ok korkun\u00e7.\u00a0\u00bb ifadesini kulland\u0131.<\/p>\n\n\n\n<p>\u0130ngiliz bas\u0131n\u0131ndaki haberlerde, sald\u0131rgan\u0131n ko\u015farak camiye girdi\u011fi ve namaz k\u0131lan din g\u00f6revlisini boynundan b\u0131\u00e7aklad\u0131\u011f\u0131 aktar\u0131lm\u0131\u015ft\u0131. Sosyal medyada, b\u0131\u00e7aklanan din g\u00f6revlisinin m\u00fcezzin oldu\u011fu ileri s\u00fcr\u00fclm\u00fc\u015ft\u00fc.<\/p>\n\n\n\n<p>Londra polisinin ilk a\u00e7\u0131klamas\u0131nda ise 70&rsquo;li ya\u015flardaki yaral\u0131n\u0131n hayati tehlikesinin bulunmad\u0131\u011f\u0131 belirtilirken, olay\u0131n, Almanya&rsquo;da aralar\u0131nda T\u00fcrk vatanda\u015flar\u0131n\u0131n da bulundu\u011fu \u0131rk\u00e7\u0131 ter\u00f6r sald\u0131r\u0131s\u0131n\u0131n ard\u0131ndan gelmesi dikkati \u00e7ekmi\u015fti.\n\n<\/p>\n","protected":false},"excerpt":{"rendered":"<p>\u0130ngiltere&rsquo;nin ba\u015fkenti Londra&rsquo;da, camiye giren bir ki\u015fi, namaz k\u0131lan din g\u00f6revlisini b\u0131\u00e7aklad\u0131. Sald\u0131r\u0131n\u0131n ter\u00f6r ba\u011flant\u0131l\u0131 olmad\u0131\u011f\u0131 belirtildi. Londra polisinin a\u00e7\u0131klamas\u0131nda, yerel saatle 15.10&rsquo;da (TS\u0130 18.10) Regent Park Camisi&rsquo;nde meydana gelen olayda, 29 ya\u015f\u0131ndaki sald\u0131rgan\u0131n \u00ab\u00a0cinayete te\u015febb\u00fcsle\u00a0\u00bb su\u00e7land\u0131\u011f\u0131 kaydedildi. Sald\u0131rgan\u0131n camide namazlara kat\u0131ld\u0131\u011f\u0131na inan\u0131ld\u0131\u011f\u0131 ve g\u00f6zalt\u0131na al\u0131narak bir polis karakoluna g\u00f6t\u00fcr\u00fcld\u00fc\u011f\u00fc belirtilen a\u00e7\u0131klamada, \u00ab\u00a0Soru\u015fturma devam ediyor. [&hellip;]<\/p>\n","protected":false},"author":3,"featured_media":10597,"comment_status":"closed","ping_status":"open","sticky":false,"template":"","format":"standard","meta":{"footnotes":""},"categories":[14,3,2],"tags":[5074],"class_list":["post-10596","post","type-post","status-publish","format-standard","has-post-thumbnail","hentry","category-avrupa","category-dunya","category-turkiye","tag-ingilterede-camide-bicakli-saldiri"],"yoast_head":"<!-- This site is optimized with the Yoast SEO plugin v26.9 - https:\/\/yoast.com\/product\/yoast-seo-wordpress\/ -->\n<title>\u0130ngiltere\u2019de camide b\u0131\u00e7akl\u0131 sald\u0131r\u0131 - AvrupaPress<\/title>\n<meta name=\"robots\" content=\"index, follow, max-snippet:-1, max-image-preview:large, max-video-preview:-1\" \/>\n<link rel=\"canonical\" href=\"https:\/\/avrupapress.com\/2020\/02\/20\/ingilterede-camide-bicakli-saldiri\/\" \/>\n<meta property=\"og:locale\" content=\"fr_FR\" \/>\n<meta property=\"og:type\" content=\"article\" \/>\n<meta property=\"og:title\" content=\"\u0130ngiltere\u2019de camide b\u0131\u00e7akl\u0131 sald\u0131r\u0131 - AvrupaPress\" \/>\n<meta property=\"og:description\" content=\"\u0130ngiltere&rsquo;nin ba\u015fkenti Londra&rsquo;da, camiye giren bir ki\u015fi, namaz k\u0131lan din g\u00f6revlisini b\u0131\u00e7aklad\u0131. Sald\u0131r\u0131n\u0131n ter\u00f6r ba\u011flant\u0131l\u0131 olmad\u0131\u011f\u0131 belirtildi. Londra polisinin a\u00e7\u0131klamas\u0131nda, yerel saatle 15.10&rsquo;da (TS\u0130 18.10) Regent Park Camisi&rsquo;nde meydana gelen olayda, 29 ya\u015f\u0131ndaki sald\u0131rgan\u0131n \u00ab\u00a0cinayete te\u015febb\u00fcsle\u00a0\u00bb su\u00e7land\u0131\u011f\u0131 kaydedildi. Sald\u0131rgan\u0131n camide namazlara kat\u0131ld\u0131\u011f\u0131na inan\u0131ld\u0131\u011f\u0131 ve g\u00f6zalt\u0131na al\u0131narak bir polis karakoluna g\u00f6t\u00fcr\u00fcld\u00fc\u011f\u00fc belirtilen a\u00e7\u0131klamada, \u00ab\u00a0Soru\u015fturma devam ediyor. [&hellip;]\" \/>\n<meta property=\"og:url\" content=\"https:\/\/avrupapress.com\/2020\/02\/20\/ingilterede-camide-bicakli-saldiri\/\" \/>\n<meta property=\"og:site_name\" content=\"AvrupaPress\" \/>\n<meta property=\"article:published_time\" content=\"2020-02-20T20:34:00+00:00\" \/>\n<meta property=\"article:modified_time\" content=\"2020-02-20T20:34:03+00:00\" \/>\n<meta property=\"og:image\" content=\"https:\/\/avrupapress.com\/wp-content\/uploads\/2020\/02\/Ostu0tRD_0CXXSruh2NjPg.jpg\" \/>\n\t<meta property=\"og:image:width\" content=\"710\" \/>\n\t<meta property=\"og:image:height\" content=\"403\" \/>\n\t<meta property=\"og:image:type\" content=\"image\/jpeg\" \/>\n<meta name=\"author\" content=\"Edit\u00f6r\" \/>\n<meta name=\"twitter:card\" content=\"summary_large_image\" \/>\n<meta name=\"twitter:label1\" content=\"\u00c9crit par\" \/>\n\t<meta name=\"twitter:data1\" content=\"Edit\u00f6r\" \/>\n\t<meta name=\"twitter:label2\" content=\"Dur\u00e9e de lecture est.\" \/>\n\t<meta name=\"twitter:data2\" content=\"2 minutes\" \/>\n<script type=\"application\/ld+json\" class=\"yoast-schema-graph\">{\"@context\":\"https:\/\/schema.org\",\"@graph\":[{\"@type\":\"Article\",\"@id\":\"https:\/\/avrupapress.com\/2020\/02\/20\/ingilterede-camide-bicakli-saldiri\/#article\",\"isPartOf\":{\"@id\":\"https:\/\/avrupapress.com\/2020\/02\/20\/ingilterede-camide-bicakli-saldiri\/\"},\"author\":{\"name\":\"Edit\u00f6r\",\"@id\":\"https:\/\/avrupapress.com\/#\/schema\/person\/68428444ec60970d1e1b700cf4ca1e8f\"},\"headline\":\"\u0130ngiltere\u2019de camide b\u0131\u00e7akl\u0131 sald\u0131r\u0131\",\"datePublished\":\"2020-02-20T20:34:00+00:00\",\"dateModified\":\"2020-02-20T20:34:03+00:00\",\"mainEntityOfPage\":{\"@id\":\"https:\/\/avrupapress.com\/2020\/02\/20\/ingilterede-camide-bicakli-saldiri\/\"},\"wordCount\":397,\"publisher\":{\"@id\":\"https:\/\/avrupapress.com\/#\/schema\/person\/0223dca19c72c43575bf30d1a2d8f4fa\"},\"image\":{\"@id\":\"https:\/\/avrupapress.com\/2020\/02\/20\/ingilterede-camide-bicakli-saldiri\/#primaryimage\"},\"thumbnailUrl\":\"https:\/\/avrupapress.com\/main\/wp-content\/uploads\/2020\/02\/Ostu0tRD_0CXXSruh2NjPg.jpg\",\"keywords\":[\"\u0130ngiltere\u2019de camide b\u0131\u00e7akl\u0131 sald\u0131r\u0131\"],\"articleSection\":[\"Avrupa\",\"D\u00fcnya\",\"T\u00fcrkiye\"],\"inLanguage\":\"fr-BE\"},{\"@type\":\"WebPage\",\"@id\":\"https:\/\/avrupapress.com\/2020\/02\/20\/ingilterede-camide-bicakli-saldiri\/\",\"url\":\"https:\/\/avrupapress.com\/2020\/02\/20\/ingilterede-camide-bicakli-saldiri\/\",\"name\":\"\u0130ngiltere\u2019de camide b\u0131\u00e7akl\u0131 sald\u0131r\u0131 - AvrupaPress\",\"isPartOf\":{\"@id\":\"https:\/\/avrupapress.com\/#website\"},\"primaryImageOfPage\":{\"@id\":\"https:\/\/avrupapress.com\/2020\/02\/20\/ingilterede-camide-bicakli-saldiri\/#primaryimage\"},\"image\":{\"@id\":\"https:\/\/avrupapress.com\/2020\/02\/20\/ingilterede-camide-bicakli-saldiri\/#primaryimage\"},\"thumbnailUrl\":\"https:\/\/avrupapress.com\/main\/wp-content\/uploads\/2020\/02\/Ostu0tRD_0CXXSruh2NjPg.jpg\",\"datePublished\":\"2020-02-20T20:34:00+00:00\",\"dateModified\":\"2020-02-20T20:34:03+00:00\",\"breadcrumb\":{\"@id\":\"https:\/\/avrupapress.com\/2020\/02\/20\/ingilterede-camide-bicakli-saldiri\/#breadcrumb\"},\"inLanguage\":\"fr-BE\",\"potentialAction\":[{\"@type\":\"ReadAction\",\"target\":[\"https:\/\/avrupapress.com\/2020\/02\/20\/ingilterede-camide-bicakli-saldiri\/\"]}]},{\"@type\":\"ImageObject\",\"inLanguage\":\"fr-BE\",\"@id\":\"https:\/\/avrupapress.com\/2020\/02\/20\/ingilterede-camide-bicakli-saldiri\/#primaryimage\",\"url\":\"https:\/\/avrupapress.com\/main\/wp-content\/uploads\/2020\/02\/Ostu0tRD_0CXXSruh2NjPg.jpg\",\"contentUrl\":\"https:\/\/avrupapress.com\/main\/wp-content\/uploads\/2020\/02\/Ostu0tRD_0CXXSruh2NjPg.jpg\",\"width\":710,\"height\":403},{\"@type\":\"BreadcrumbList\",\"@id\":\"https:\/\/avrupapress.com\/2020\/02\/20\/ingilterede-camide-bicakli-saldiri\/#breadcrumb\",\"itemListElement\":[{\"@type\":\"ListItem\",\"position\":1,\"name\":\"Anasayfa\",\"item\":\"https:\/\/avrupapress.com\/\"},{\"@type\":\"ListItem\",\"position\":2,\"name\":\"\u0130ngiltere\u2019de camide b\u0131\u00e7akl\u0131 sald\u0131r\u0131\"}]},{\"@type\":\"WebSite\",\"@id\":\"https:\/\/avrupapress.com\/#website\",\"url\":\"https:\/\/avrupapress.com\/\",\"name\":\"AvrupaPress\",\"description\":\"Haberin Adresi\",\"publisher\":{\"@id\":\"https:\/\/avrupapress.com\/#\/schema\/person\/0223dca19c72c43575bf30d1a2d8f4fa\"},\"potentialAction\":[{\"@type\":\"SearchAction\",\"target\":{\"@type\":\"EntryPoint\",\"urlTemplate\":\"https:\/\/avrupapress.com\/?s={search_term_string}\"},\"query-input\":{\"@type\":\"PropertyValueSpecification\",\"valueRequired\":true,\"valueName\":\"search_term_string\"}}],\"inLanguage\":\"fr-BE\"},{\"@type\":[\"Person\",\"Organization\"],\"@id\":\"https:\/\/avrupapress.com\/#\/schema\/person\/0223dca19c72c43575bf30d1a2d8f4fa\",\"name\":\"Bilgin \u00d6z\u00e7ift\u00e7i\",\"image\":{\"@type\":\"ImageObject\",\"inLanguage\":\"fr-BE\",\"@id\":\"https:\/\/avrupapress.com\/#\/schema\/person\/image\/\",\"url\":\"https:\/\/secure.gravatar.com\/avatar\/0f23b280433a21e1ea7a0adcc46ed0ad16afe3ad8e630fd13d8a017dcbd54ef3?s=96&d=mm&r=g\",\"contentUrl\":\"https:\/\/secure.gravatar.com\/avatar\/0f23b280433a21e1ea7a0adcc46ed0ad16afe3ad8e630fd13d8a017dcbd54ef3?s=96&d=mm&r=g\",\"caption\":\"Bilgin \u00d6z\u00e7ift\u00e7i\"},\"logo\":{\"@id\":\"https:\/\/avrupapress.com\/#\/schema\/person\/image\/\"},\"description\":\"Ne ben, nede sen... Biz ancak \\\"biz\\\" olursak g\u00fc\u00e7l\u00fc olabiliriz\"},{\"@type\":\"Person\",\"@id\":\"https:\/\/avrupapress.com\/#\/schema\/person\/68428444ec60970d1e1b700cf4ca1e8f\",\"name\":\"Edit\u00f6r\",\"image\":{\"@type\":\"ImageObject\",\"inLanguage\":\"fr-BE\",\"@id\":\"https:\/\/avrupapress.com\/#\/schema\/person\/image\/\",\"url\":\"https:\/\/secure.gravatar.com\/avatar\/74996b0977aa5f1559ba9883776652508b229005c0d78fb2597897f0bd651c09?s=96&d=mm&r=g\",\"contentUrl\":\"https:\/\/secure.gravatar.com\/avatar\/74996b0977aa5f1559ba9883776652508b229005c0d78fb2597897f0bd651c09?s=96&d=mm&r=g\",\"caption\":\"Edit\u00f6r\"},\"sameAs\":[\"http:\/\/www.avrupapress.com\"],\"url\":\"https:\/\/avrupapress.com\/main\/author\/editor\/\"}]}<\/script>\n<!-- \/ Yoast SEO plugin. -->","yoast_head_json":{"title":"\u0130ngiltere\u2019de camide b\u0131\u00e7akl\u0131 sald\u0131r\u0131 - AvrupaPress","robots":{"index":"index","follow":"follow","max-snippet":"max-snippet:-1","max-image-preview":"max-image-preview:large","max-video-preview":"max-video-preview:-1"},"canonical":"https:\/\/avrupapress.com\/2020\/02\/20\/ingilterede-camide-bicakli-saldiri\/","og_locale":"fr_FR","og_type":"article","og_title":"\u0130ngiltere\u2019de camide b\u0131\u00e7akl\u0131 sald\u0131r\u0131 - AvrupaPress","og_description":"\u0130ngiltere&rsquo;nin ba\u015fkenti Londra&rsquo;da, camiye giren bir ki\u015fi, namaz k\u0131lan din g\u00f6revlisini b\u0131\u00e7aklad\u0131. Sald\u0131r\u0131n\u0131n ter\u00f6r ba\u011flant\u0131l\u0131 olmad\u0131\u011f\u0131 belirtildi. Londra polisinin a\u00e7\u0131klamas\u0131nda, yerel saatle 15.10&rsquo;da (TS\u0130 18.10) Regent Park Camisi&rsquo;nde meydana gelen olayda, 29 ya\u015f\u0131ndaki sald\u0131rgan\u0131n \u00ab\u00a0cinayete te\u015febb\u00fcsle\u00a0\u00bb su\u00e7land\u0131\u011f\u0131 kaydedildi. Sald\u0131rgan\u0131n camide namazlara kat\u0131ld\u0131\u011f\u0131na inan\u0131ld\u0131\u011f\u0131 ve g\u00f6zalt\u0131na al\u0131narak bir polis karakoluna g\u00f6t\u00fcr\u00fcld\u00fc\u011f\u00fc belirtilen a\u00e7\u0131klamada, \u00ab\u00a0Soru\u015fturma devam ediyor. [&hellip;]","og_url":"https:\/\/avrupapress.com\/2020\/02\/20\/ingilterede-camide-bicakli-saldiri\/","og_site_name":"AvrupaPress","article_published_time":"2020-02-20T20:34:00+00:00","article_modified_time":"2020-02-20T20:34:03+00:00","og_image":[{"width":710,"height":403,"url":"https:\/\/avrupapress.com\/wp-content\/uploads\/2020\/02\/Ostu0tRD_0CXXSruh2NjPg.jpg","type":"image\/jpeg"}],"author":"Edit\u00f6r","twitter_card":"summary_large_image","twitter_misc":{"\u00c9crit par":"Edit\u00f6r","Dur\u00e9e de lecture est.":"2 minutes"},"schema":{"@context":"https:\/\/schema.org","@graph":[{"@type":"Article","@id":"https:\/\/avrupapress.com\/2020\/02\/20\/ingilterede-camide-bicakli-saldiri\/#article","isPartOf":{"@id":"https:\/\/avrupapress.com\/2020\/02\/20\/ingilterede-camide-bicakli-saldiri\/"},"author":{"name":"Edit\u00f6r","@id":"https:\/\/avrupapress.com\/#\/schema\/person\/68428444ec60970d1e1b700cf4ca1e8f"},"headline":"\u0130ngiltere\u2019de camide b\u0131\u00e7akl\u0131 sald\u0131r\u0131","datePublished":"2020-02-20T20:34:00+00:00","dateModified":"2020-02-20T20:34:03+00:00","mainEntityOfPage":{"@id":"https:\/\/avrupapress.com\/2020\/02\/20\/ingilterede-camide-bicakli-saldiri\/"},"wordCount":397,"publisher":{"@id":"https:\/\/avrupapress.com\/#\/schema\/person\/0223dca19c72c43575bf30d1a2d8f4fa"},"image":{"@id":"https:\/\/avrupapress.com\/2020\/02\/20\/ingilterede-camide-bicakli-saldiri\/#primaryimage"},"thumbnailUrl":"https:\/\/avrupapress.com\/main\/wp-content\/uploads\/2020\/02\/Ostu0tRD_0CXXSruh2NjPg.jpg","keywords":["\u0130ngiltere\u2019de camide b\u0131\u00e7akl\u0131 sald\u0131r\u0131"],"articleSection":["Avrupa","D\u00fcnya","T\u00fcrkiye"],"inLanguage":"fr-BE"},{"@type":"WebPage","@id":"https:\/\/avrupapress.com\/2020\/02\/20\/ingilterede-camide-bicakli-saldiri\/","url":"https:\/\/avrupapress.com\/2020\/02\/20\/ingilterede-camide-bicakli-saldiri\/","name":"\u0130ngiltere\u2019de camide b\u0131\u00e7akl\u0131 sald\u0131r\u0131 - AvrupaPress","isPartOf":{"@id":"https:\/\/avrupapress.com\/#website"},"primaryImageOfPage":{"@id":"https:\/\/avrupapress.com\/2020\/02\/20\/ingilterede-camide-bicakli-saldiri\/#primaryimage"},"image":{"@id":"https:\/\/avrupapress.com\/2020\/02\/20\/ingilterede-camide-bicakli-saldiri\/#primaryimage"},"thumbnailUrl":"https:\/\/avrupapress.com\/main\/wp-content\/uploads\/2020\/02\/Ostu0tRD_0CXXSruh2NjPg.jpg","datePublished":"2020-02-20T20:34:00+00:00","dateModified":"2020-02-20T20:34:03+00:00","breadcrumb":{"@id":"https:\/\/avrupapress.com\/2020\/02\/20\/ingilterede-camide-bicakli-saldiri\/#breadcrumb"},"inLanguage":"fr-BE","potentialAction":[{"@type":"ReadAction","target":["https:\/\/avrupapress.com\/2020\/02\/20\/ingilterede-camide-bicakli-saldiri\/"]}]},{"@type":"ImageObject","inLanguage":"fr-BE","@id":"https:\/\/avrupapress.com\/2020\/02\/20\/ingilterede-camide-bicakli-saldiri\/#primaryimage","url":"https:\/\/avrupapress.com\/main\/wp-content\/uploads\/2020\/02\/Ostu0tRD_0CXXSruh2NjPg.jpg","contentUrl":"https:\/\/avrupapress.com\/main\/wp-content\/uploads\/2020\/02\/Ostu0tRD_0CXXSruh2NjPg.jpg","width":710,"height":403},{"@type":"BreadcrumbList","@id":"https:\/\/avrupapress.com\/2020\/02\/20\/ingilterede-camide-bicakli-saldiri\/#breadcrumb","itemListElement":[{"@type":"ListItem","position":1,"name":"Anasayfa","item":"https:\/\/avrupapress.com\/"},{"@type":"ListItem","position":2,"name":"\u0130ngiltere\u2019de camide b\u0131\u00e7akl\u0131 sald\u0131r\u0131"}]},{"@type":"WebSite","@id":"https:\/\/avrupapress.com\/#website","url":"https:\/\/avrupapress.com\/","name":"AvrupaPress","description":"Haberin Adresi","publisher":{"@id":"https:\/\/avrupapress.com\/#\/schema\/person\/0223dca19c72c43575bf30d1a2d8f4fa"},"potentialAction":[{"@type":"SearchAction","target":{"@type":"EntryPoint","urlTemplate":"https:\/\/avrupapress.com\/?s={search_term_string}"},"query-input":{"@type":"PropertyValueSpecification","valueRequired":true,"valueName":"search_term_string"}}],"inLanguage":"fr-BE"},{"@type":["Person","Organization"],"@id":"https:\/\/avrupapress.com\/#\/schema\/person\/0223dca19c72c43575bf30d1a2d8f4fa","name":"Bilgin \u00d6z\u00e7ift\u00e7i","image":{"@type":"ImageObject","inLanguage":"fr-BE","@id":"https:\/\/avrupapress.com\/#\/schema\/person\/image\/","url":"https:\/\/secure.gravatar.com\/avatar\/0f23b280433a21e1ea7a0adcc46ed0ad16afe3ad8e630fd13d8a017dcbd54ef3?s=96&d=mm&r=g","contentUrl":"https:\/\/secure.gravatar.com\/avatar\/0f23b280433a21e1ea7a0adcc46ed0ad16afe3ad8e630fd13d8a017dcbd54ef3?s=96&d=mm&r=g","caption":"Bilgin \u00d6z\u00e7ift\u00e7i"},"logo":{"@id":"https:\/\/avrupapress.com\/#\/schema\/person\/image\/"},"description":"Ne ben, nede sen... Biz ancak \"biz\" olursak g\u00fc\u00e7l\u00fc olabiliriz"},{"@type":"Person","@id":"https:\/\/avrupapress.com\/#\/schema\/person\/68428444ec60970d1e1b700cf4ca1e8f","name":"Edit\u00f6r","image":{"@type":"ImageObject","inLanguage":"fr-BE","@id":"https:\/\/avrupapress.com\/#\/schema\/person\/image\/","url":"https:\/\/secure.gravatar.com\/avatar\/74996b0977aa5f1559ba9883776652508b229005c0d78fb2597897f0bd651c09?s=96&d=mm&r=g","contentUrl":"https:\/\/secure.gravatar.com\/avatar\/74996b0977aa5f1559ba9883776652508b229005c0d78fb2597897f0bd651c09?s=96&d=mm&r=g","caption":"Edit\u00f6r"},"sameAs":["http:\/\/www.avrupapress.com"],"url":"https:\/\/avrupapress.com\/main\/author\/editor\/"}]}},"_links":{"self":[{"href":"https:\/\/avrupapress.com\/main\/wp-json\/wp\/v2\/posts\/10596","targetHints":{"allow":["GET"]}}],"collection":[{"href":"https:\/\/avrupapress.com\/main\/wp-json\/wp\/v2\/posts"}],"about":[{"href":"https:\/\/avrupapress.com\/main\/wp-json\/wp\/v2\/types\/post"}],"author":[{"embeddable":true,"href":"https:\/\/avrupapress.com\/main\/wp-json\/wp\/v2\/users\/3"}],"replies":[{"embeddable":true,"href":"https:\/\/avrupapress.com\/main\/wp-json\/wp\/v2\/comments?post=10596"}],"version-history":[{"count":1,"href":"https:\/\/avrupapress.com\/main\/wp-json\/wp\/v2\/posts\/10596\/revisions"}],"predecessor-version":[{"id":10598,"href":"https:\/\/avrupapress.com\/main\/wp-json\/wp\/v2\/posts\/10596\/revisions\/10598"}],"wp:featuredmedia":[{"embeddable":true,"href":"https:\/\/avrupapress.com\/main\/wp-json\/wp\/v2\/media\/10597"}],"wp:attachment":[{"href":"https:\/\/avrupapress.com\/main\/wp-json\/wp\/v2\/media?parent=10596"}],"wp:term":[{"taxonomy":"category","embeddable":true,"href":"https:\/\/avrupapress.com\/main\/wp-json\/wp\/v2\/categories?post=10596"},{"taxonomy":"post_tag","embeddable":true,"href":"https:\/\/avrupapress.com\/main\/wp-json\/wp\/v2\/tags?post=10596"}],"curies":[{"name":"wp","href":"https:\/\/api.w.org\/{rel}","templated":true}]}}