{"id":10593,"date":"2020-02-20T19:50:30","date_gmt":"2020-02-20T19:50:30","guid":{"rendered":"http:\/\/avrupapress.com\/main\/?p=10593"},"modified":"2020-02-20T19:50:35","modified_gmt":"2020-02-20T19:50:35","slug":"almanyanin-hanau-kentinde-silahli-saldiri","status":"publish","type":"post","link":"https:\/\/avrupapress.com\/main\/2020\/02\/20\/almanyanin-hanau-kentinde-silahli-saldiri\/","title":{"rendered":"Almanya&rsquo;n\u0131n Hanau kentinde silahl\u0131 sald\u0131r\u0131"},"content":{"rendered":"\n<p><strong>Almanya&rsquo;n\u0131n Hanau kenti \u0131rk\u00e7\u0131 katliama sahne oldu. Hedefte T\u00fcrkler de vard\u0131. Yabanc\u0131 d\u00fc\u015fman\u0131 oldu\u011fu ortaya \u00e7\u0131kan 43 ya\u015f\u0131ndaki sald\u0131rgan iki kafeye silahl\u0131 sald\u0131r\u0131 d\u00fczenlendi, be\u015fi T\u00fcrk, 10 ki\u015fi \u00f6ld\u00fc. Almanya Ba\u015fbakan\u0131 Merkel, \u00ab\u00a0Irk\u00e7\u0131l\u0131k zehirdir\u00a0\u00bb diyerek sald\u0131r\u0131lar\u0131 k\u0131nad\u0131. Sald\u0131rgan\u0131n katliam ger\u00e7ekle\u015ftirdi\u011fi kafeye 6 g\u00fcn \u00f6nce gelerek ke\u015fif yapt\u0131\u011f\u0131 ortaya \u00e7\u0131kt\u0131<\/strong><\/p>\n\n\n\n<p>\n\nAlmanya&rsquo;n\u0131n Hanau kenti \u0131rk\u00e7\u0131 katliama sahne oldu. Frankfurt&rsquo;un 20 kilometre do\u011fusundaki kentte iki kafeye silahl\u0131 sald\u0131r\u0131 d\u00fczenlendi. T\u00fcrklerin de gitti\u011fi kafelere d\u00fczenlenen sald\u0131r\u0131n\u0131n alt\u0131ndan yabanc\u0131 d\u00fc\u015fmanl\u0131\u011f\u0131 \u00e7\u0131kt\u0131.<\/p>\n\n\n\n<figure class=\"wp-block-image\"><img decoding=\"async\" src=\"https:\/\/cdn1.ntv.com.tr\/gorsel\/TDkiCq0hlUiUUqQVmkko1A.jpg?width=1000&amp;mode=both&amp;scale=both&amp;v=1582238453384\" alt=\"\"\/><\/figure>\n\n\n\n<p>\u0130lk sald\u0131r\u0131 yerel saatle 22&rsquo;de \u00ab\u00a0Midnight\u00a0\u00bb adl\u0131 kafeye yap\u0131ld\u0131. Otomobiliyle olay yerinden ayr\u0131lan sald\u0131rgan, iki bu\u00e7uk kilometre bat\u0131daki \u00ab\u00a0Arena\u00a0\u00bb kafeye gitti. Burada da etrafa ate\u015f a\u00e7t\u0131. Sald\u0131rgan yine otomobiliyle olay yerinden ka\u00e7t\u0131.<\/p>\n\n\n\n<figure class=\"wp-block-image\"><img decoding=\"async\" src=\"https:\/\/cdn1.ntv.com.tr\/gorsel\/AOXL9hua3EeaLZQNlbRV3w.jpg?width=1000&amp;mode=both&amp;scale=both&amp;v=1582238453384\" alt=\"\"\/><\/figure>\n\n\n\n<p>Polis, g\u00f6rg\u00fc tan\u0131klar\u0131n\u0131n ifadesinden yola \u00e7\u0131karak sald\u0131rgan\u0131n pe\u015fine d\u00fc\u015ft\u00fc. Sokak kameralar\u0131ndan izi s\u00fcr\u00fclen sald\u0131rgan\u0131n adresine ula\u015f\u0131ld\u0131.<\/p>\n\n\n\n<figure class=\"wp-block-image\"><img decoding=\"async\" src=\"https:\/\/cdn1.ntv.com.tr\/gorsel\/C328Tp2pmUaAmw4IWLF0Mw.jpg?width=1000&amp;mode=both&amp;scale=both&amp;v=1582238453384\" alt=\"\"\/><\/figure>\n\n\n\n<p>Sald\u0131rgan, yedi saat s\u00fcre operasyonun sonunda evinde \u00f6l\u00fc bulundu. Yan\u0131nda bir ki\u015finin daha cesedi vard\u0131. \u00ab\u00a0Tobias Rathjen\u00a0\u00bb adl\u0131 sald\u0131rgan\u0131n evde annesini de \u00f6ld\u00fcr\u00fcp intihar etti\u011fi ortaya \u00e7\u0131kt\u0131.<\/p>\n\n\n\n<figure class=\"wp-block-image\"><img decoding=\"async\" src=\"https:\/\/cdn1.ntv.com.tr\/gorsel\/KRSEak6qL0ai9z879izc9Q.jpg?width=1000&amp;mode=both&amp;scale=both&amp;v=1582238453384\" alt=\"\"\/><\/figure>\n\n\n\n<p>Evde yap\u0131lan aramada, sald\u0131rgan\u0131n \u0131rk\u00e7\u0131 ve komplocu g\u00f6r\u00fc\u015flerini yans\u0131tan \u00e7ok say\u0131da belge bulundu. Rathjen bir de itiraf mektubu b\u0131rakm\u0131\u015ft\u0131.<br>Otomobilinde ise silah dergileri ve m\u00fchimmat ele ge\u00e7irildi. Hepsi incemeleye al\u0131nd\u0131.<\/p>\n\n\n\n<figure class=\"wp-block-image\"><img decoding=\"async\" src=\"https:\/\/cdn1.ntv.com.tr\/gorsel\/8XsWwdTu4k6-V1THV85iMg.jpg?width=1000&amp;mode=both&amp;scale=both&amp;v=1582238453384\" alt=\"\"\/><\/figure>\n\n\n\n<p>Ter\u00f6r \u015f\u00fcphesi \u00fczerine soru\u015fturmay\u0131 federal savc\u0131l\u0131k devrald\u0131. Savc\u0131, ter\u00f6r soru\u015fturmas\u0131 a\u00e7\u0131ld\u0131\u011f\u0131n\u0131 duyurdu. Sald\u0131rgana destek veren ya da sald\u0131r\u0131dan haberi olan ba\u015fka ki\u015fi ya da ki\u015filerin olup olmad\u0131\u011f\u0131 ara\u015ft\u0131r\u0131l\u0131yor.<\/p>\n\n\n\n<figure class=\"wp-block-image\"><img decoding=\"async\" src=\"https:\/\/cdn1.ntv.com.tr\/gorsel\/Nb7arS7ZK0O9ETDe_hlXQg.jpg?width=1000&amp;mode=both&amp;scale=both&amp;v=1582238453384\" alt=\"\"\/><\/figure>\n\n\n\n<p>Almanya Ba\u015fbakan\u0131 Angela Merkel program\u0131n\u0131 iptal etti. Merkel, kendi tabiriyle \u0131rk\u00e7\u0131l\u0131k zehrinin yol a\u00e7t\u0131\u011f\u0131 sald\u0131r\u0131y\u0131 k\u0131nad\u0131.<\/p>\n\n\n\n<figure class=\"wp-block-image\"><img decoding=\"async\" src=\"https:\/\/cdn1.ntv.com.tr\/gorsel\/d7Ua0DdBBU-uzTKH_F38Yw.jpg?width=1000&amp;mode=both&amp;scale=both&amp;v=1582238453384\" alt=\"\"\/><\/figure>\n\n\n\n<p>Sald\u0131r\u0131larda be\u015fi T\u00fcrk 10 ki\u015fi ya\u015fam\u0131n\u0131 yitirdi. Almanya Federal Savc\u0131s\u0131 \u00f6lenlerin 21 ile 44 ya\u015f aras\u0131 oldu\u011funu a\u00e7\u0131klad\u0131. Biri a\u011f\u0131r alt\u0131 ki\u015fi de yaraland\u0131.<\/p>\n\n\n\n<p><\/p>\n\n\n\n<figure class=\"wp-block-image\"><img decoding=\"async\" src=\"https:\/\/cdn1.ntv.com.tr\/gorsel\/lXG9kAMsCUObTbt1JkRWmg.jpg?width=1000&amp;mode=both&amp;scale=both&amp;v=1582238453384\" alt=\"\"\/><\/figure>\n\n\n\n<p>Irk\u00e7\u0131 ter\u00f6r sald\u0131r\u0131s\u0131n\u0131 ger\u00e7ekle\u015ftiren sald\u0131rgan Tobias R\u2019nin katliam ger\u00e7ekle\u015ftirdi\u011fi kafeye 6 g\u00fcn \u00f6nce gelerek ke\u015fif yapt\u0131\u011f\u0131 g\u00fcvenlik kameras\u0131na yans\u0131d\u0131.<\/p>\n\n\n\n<p>Kameradan al\u0131nan foto\u011frafta, \u0131rk\u00e7\u0131 ter\u00f6rist Tobias R\u2019nin ye\u015fil ceket ile mavi bir bere giydi\u011fi g\u00f6r\u00fcl\u00fcyor.<\/p>\n\n\n\n<p>15 \u015eubat Cumartesi g\u00fcn\u00fc yapt\u0131\u011f\u0131 ke\u015ffin ard\u0131ndan, sald\u0131rgan\u0131n katliam\u0131 planlad\u0131\u011f\u0131 tahmin ediliyor.<\/p>\n\n\n\n<figure class=\"wp-block-image\"><img decoding=\"async\" src=\"https:\/\/cdn1.ntv.com.tr\/gorsel\/L17RTLyP-Eyao_1Cxs5IfQ.jpg?width=1000&amp;mode=both&amp;scale=both&amp;v=1582238453384\" alt=\"\"\/><\/figure>\n\n\n\n<figure class=\"wp-block-image\"><img decoding=\"async\" src=\"https:\/\/cdn1.ntv.com.tr\/gorsel\/xnAOV_5FB0KUr-5kSjFd9w.jpg?width=1000&amp;mode=both&amp;scale=both&amp;v=1582238453384\" alt=\"\"\/><\/figure>\n\n\n\n<figure class=\"wp-block-image\"><img decoding=\"async\" src=\"https:\/\/cdn1.ntv.com.tr\/gorsel\/82uQRwhN5E2TkM0iC0Jlaw.jpg?width=1000&amp;mode=both&amp;scale=both&amp;v=1582238453384\" alt=\"\"\/><\/figure>\n\n\n\n<figure class=\"wp-block-image\"><img decoding=\"async\" src=\"https:\/\/cdn1.ntv.com.tr\/gorsel\/3fVrzGguF0iuhWYGH-WmCw.jpg?width=1000&amp;mode=both&amp;scale=both&amp;v=1582238453384\" alt=\"\"\/><\/figure>\n\n\n\n<p>A\u00e7\u0131klama<\/p>\n\n\n\n<figure class=\"wp-block-image\"><img decoding=\"async\" src=\"https:\/\/cdn1.ntv.com.tr\/gorsel\/g3MyBqrBaEaimzqKkP4SHw.jpg?width=1000&amp;mode=both&amp;scale=both&amp;v=1582238453384\" alt=\"\"\/><\/figure>\n\n\n\n<p>A\u00e7\u0131klama<\/p>\n\n\n\n<figure class=\"wp-block-image\"><img decoding=\"async\" src=\"https:\/\/cdn1.ntv.com.tr\/gorsel\/XCS-cuFWUkul_JLU_SN_Fw.jpg?width=1000&amp;mode=both&amp;scale=both&amp;v=1582238453384\" alt=\"\"\/><\/figure>\n\n\n\n<p>A\u00e7\u0131klama<\/p>\n\n\n\n<figure class=\"wp-block-image\"><img decoding=\"async\" src=\"https:\/\/cdn1.ntv.com.tr\/gorsel\/XP6JuWWskUG4vdLqCTV8gw.jpg?width=1000&amp;mode=both&amp;scale=both&amp;v=1582238453384\" alt=\"\"\/><\/figure>\n\n\n\n<p>A\u00e7\u0131klama<\/p>\n\n\n\n<figure class=\"wp-block-image\"><img decoding=\"async\" src=\"https:\/\/cdn1.ntv.com.tr\/gorsel\/d0VPYSEbeEusK1Rw8wX7bQ.jpg?width=1000&amp;mode=both&amp;scale=both&amp;v=1582238453384\" alt=\"\"\/><\/figure>\n\n\n\n<p>A\u00e7\u0131klama<\/p>\n\n\n\n<figure class=\"wp-block-image\"><img decoding=\"async\" src=\"https:\/\/cdn1.ntv.com.tr\/gorsel\/5aUaJMbuOUS7J5t1l507SA.jpg?width=1000&amp;mode=both&amp;scale=both&amp;v=1582238453384\" alt=\"\"\/><\/figure>\n\n\n\n<p>A\u00e7\u0131klama<\/p>\n\n\n\n<figure class=\"wp-block-image\"><img decoding=\"async\" src=\"https:\/\/cdn1.ntv.com.tr\/gorsel\/sBt7Yim6Zkmzf8NjOG9Slw.jpg?width=1000&amp;mode=both&amp;scale=both&amp;v=1582238453384\" alt=\"\"\/><\/figure>\n\n\n\n<p>A\u00e7\u0131klama<\/p>\n\n\n\n<figure class=\"wp-block-image\"><img decoding=\"async\" src=\"https:\/\/cdn1.ntv.com.tr\/gorsel\/Jfeq7ZVIV0C-YHxaehoRfw.jpg?width=1000&amp;mode=both&amp;scale=both&amp;v=1582238453384\" alt=\"\"\/><\/figure>\n\n\n\n<figure class=\"wp-block-image\"><img decoding=\"async\" src=\"https:\/\/cdn1.ntv.com.tr\/gorsel\/OiGtJ5u8Cka1VZ9RoerTtA.jpg?width=1000&amp;mode=both&amp;scale=both&amp;v=1582238453384\" alt=\"\"\/><\/figure>\n\n\n\n<figure class=\"wp-block-image\"><img decoding=\"async\" src=\"https:\/\/cdn1.ntv.com.tr\/gorsel\/huiLTCC67kS-euxUvLh-bw.jpg?width=1000&amp;mode=both&amp;scale=both&amp;v=1582238453384\" alt=\"\"\/><\/figure>\n\n\n\n<figure class=\"wp-block-image\"><img decoding=\"async\" src=\"https:\/\/cdn1.ntv.com.tr\/gorsel\/t8HX22Y9KEWNKGFHFks6SQ.jpg?width=1000&amp;mode=both&amp;scale=both&amp;v=1582238453384\" alt=\"\"\/><\/figure>\n\n\n\n<figure class=\"wp-block-image\"><img decoding=\"async\" src=\"https:\/\/cdn1.ntv.com.tr\/gorsel\/G1fg8AQbKkuxapUlSSBvVQ.jpg?width=1000&amp;mode=both&amp;scale=both&amp;v=1582238453384\" alt=\"\"\/><\/figure>\n\n\n\n<figure class=\"wp-block-image\"><img decoding=\"async\" src=\"https:\/\/cdn1.ntv.com.tr\/gorsel\/WC1UFkbzOkq3_XM7MtYR5Q.jpg?width=1000&amp;mode=both&amp;scale=both&amp;v=1582238453384\" alt=\"\"\/><\/figure>\n\n\n\n<figure class=\"wp-block-image\"><img decoding=\"async\" src=\"https:\/\/cdn1.ntv.com.tr\/gorsel\/swb2di0fBECaKHFgzlL2xg.jpg?width=1000&amp;mode=both&amp;scale=both&amp;v=1582238453384\" alt=\"\"\/><\/figure>\n\n\n\n<figure class=\"wp-block-image\"><img decoding=\"async\" src=\"https:\/\/cdn1.ntv.com.tr\/gorsel\/frpdtPTgbUqdXq-9HZEshQ.jpg?width=1000&amp;mode=both&amp;scale=both&amp;v=1582238453384\" alt=\"\"\/><\/figure>\n\n\n\n<figure class=\"wp-block-image\"><img decoding=\"async\" src=\"https:\/\/cdn1.ntv.com.tr\/gorsel\/cRDxhN7yZEGTLEt1H_r74Q.jpg?width=1000&amp;mode=both&amp;scale=both&amp;v=1582238453384\" alt=\"\"\/><\/figure>\n\n\n\n<figure class=\"wp-block-image\"><img decoding=\"async\" src=\"https:\/\/cdn1.ntv.com.tr\/gorsel\/evuIfwBG00mK2sKbxMrCJw.jpg?width=1000&amp;mode=both&amp;scale=both&amp;v=1582238453384\" alt=\"\"\/><\/figure>\n\n\n\n<figure class=\"wp-block-image\"><img decoding=\"async\" src=\"https:\/\/cdn1.ntv.com.tr\/gorsel\/Z-qxKr8iM0ORYq7MV1ir6g.jpg?width=1000&amp;mode=both&amp;scale=both&amp;v=1582238453384\" alt=\"\"\/><\/figure>\n\n\n\n<figure class=\"wp-block-image\"><img decoding=\"async\" src=\"https:\/\/cdn1.ntv.com.tr\/gorsel\/Lbu6C22of0OH2DH-S9UTTQ.jpg?width=1000&amp;mode=both&amp;scale=both&amp;v=1582238453384\" alt=\"\"\/><\/figure>\n\n\n\n<figure class=\"wp-block-image\"><img decoding=\"async\" src=\"https:\/\/cdn1.ntv.com.tr\/gorsel\/QGOXw7uvlkyIH321JJqndg.jpg?width=1000&amp;mode=both&amp;scale=both&amp;v=1582238453384\" alt=\"\"\/><\/figure>\n\n\n\n<figure class=\"wp-block-image\"><img decoding=\"async\" src=\"https:\/\/cdn1.ntv.com.tr\/gorsel\/j3lQnhtGe0mFjbLh00x0fQ.jpg?width=1000&amp;mode=both&amp;scale=both&amp;v=1582238453384\" alt=\"\"\/><\/figure>\n\n\n\n<figure class=\"wp-block-image\"><img decoding=\"async\" src=\"https:\/\/cdn1.ntv.com.tr\/gorsel\/rT4WP0Vie0uo0Y5uAMOESg.jpg?width=1000&amp;mode=both&amp;scale=both&amp;v=1582238453384\" alt=\"\"\/><\/figure>\n\n\n\n<figure class=\"wp-block-image\"><img decoding=\"async\" src=\"https:\/\/cdn1.ntv.com.tr\/gorsel\/gxHJhMOknUuFU_sPuIn3Ow.jpg?width=1000&amp;mode=both&amp;scale=both&amp;v=1582238453384\" alt=\"\"\/><\/figure>\n\n\n\n<figure class=\"wp-block-image\"><img decoding=\"async\" src=\"https:\/\/cdn1.ntv.com.tr\/gorsel\/r5Kc-nBsmE2v8o6oaYGppg.jpg?width=1000&amp;mode=both&amp;scale=both&amp;v=1582238453384\" alt=\"\"\/><\/figure>\n\n\n\n<figure class=\"wp-block-image\"><img decoding=\"async\" src=\"https:\/\/cdn1.ntv.com.tr\/gorsel\/ifDfauPz2EKm8n3ijlphvg.jpg?width=1000&amp;mode=both&amp;scale=both&amp;v=1582238453384\" alt=\"\"\/><\/figure>\n\n\n\n<figure class=\"wp-block-image\"><img decoding=\"async\" src=\"https:\/\/cdn1.ntv.com.tr\/gorsel\/Xm_xuB7uiUaxKJrRJhfROQ.jpg?width=1000&amp;mode=both&amp;scale=both&amp;v=1582238453384\" alt=\"\"\/><\/figure>\n\n\n\n<figure class=\"wp-block-image\"><img decoding=\"async\" src=\"https:\/\/cdn1.ntv.com.tr\/gorsel\/bbt5GO9crEO7GDa6WJ2Ncg.jpg?width=1000&amp;mode=both&amp;scale=both&amp;v=1582238453384\" alt=\"\"\/><\/figure>\n\n\n\n<figure class=\"wp-block-image\"><img decoding=\"async\" src=\"https:\/\/cdn1.ntv.com.tr\/gorsel\/xxcKhcpV4kiE0D6dfVLc4Q.jpg?width=1000&amp;mode=both&amp;scale=both&amp;v=1582238453384\" alt=\"\"\/><\/figure>\n\n\n\n<figure class=\"wp-block-image\"><img decoding=\"async\" src=\"https:\/\/cdn1.ntv.com.tr\/gorsel\/dIt8r0gXlEKeqcIi_6Bc3A.jpg?width=1000&amp;mode=both&amp;scale=both&amp;v=1582238453384\" alt=\"\"\/><\/figure>\n","protected":false},"excerpt":{"rendered":"<p>Almanya&rsquo;n\u0131n Hanau kenti \u0131rk\u00e7\u0131 katliama sahne oldu. Hedefte T\u00fcrkler de vard\u0131. Yabanc\u0131 d\u00fc\u015fman\u0131 oldu\u011fu ortaya \u00e7\u0131kan 43 ya\u015f\u0131ndaki sald\u0131rgan iki kafeye silahl\u0131 sald\u0131r\u0131 d\u00fczenlendi, be\u015fi T\u00fcrk, 10 ki\u015fi \u00f6ld\u00fc. Almanya Ba\u015fbakan\u0131 Merkel, \u00ab\u00a0Irk\u00e7\u0131l\u0131k zehirdir\u00a0\u00bb diyerek sald\u0131r\u0131lar\u0131 k\u0131nad\u0131. Sald\u0131rgan\u0131n katliam ger\u00e7ekle\u015ftirdi\u011fi kafeye 6 g\u00fcn \u00f6nce gelerek ke\u015fif yapt\u0131\u011f\u0131 ortaya \u00e7\u0131kt\u0131 Almanya&rsquo;n\u0131n Hanau kenti \u0131rk\u00e7\u0131 katliama sahne [&hellip;]<\/p>\n","protected":false},"author":3,"featured_media":10594,"comment_status":"closed","ping_status":"open","sticky":false,"template":"","format":"standard","meta":{"footnotes":""},"categories":[14,3,2],"tags":[],"class_list":["post-10593","post","type-post","status-publish","format-standard","has-post-thumbnail","hentry","category-avrupa","category-dunya","category-turkiye"],"yoast_head":"<!-- This site is optimized with the Yoast SEO plugin v26.9 - https:\/\/yoast.com\/product\/yoast-seo-wordpress\/ -->\n<title>Almanya&#039;n\u0131n Hanau kentinde silahl\u0131 sald\u0131r\u0131 - AvrupaPress<\/title>\n<meta name=\"robots\" content=\"index, follow, max-snippet:-1, max-image-preview:large, max-video-preview:-1\" \/>\n<link rel=\"canonical\" href=\"https:\/\/avrupapress.com\/2020\/02\/20\/almanyanin-hanau-kentinde-silahli-saldiri\/\" \/>\n<meta property=\"og:locale\" content=\"fr_FR\" \/>\n<meta property=\"og:type\" content=\"article\" \/>\n<meta property=\"og:title\" content=\"Almanya&#039;n\u0131n Hanau kentinde silahl\u0131 sald\u0131r\u0131 - AvrupaPress\" \/>\n<meta property=\"og:description\" content=\"Almanya&rsquo;n\u0131n Hanau kenti \u0131rk\u00e7\u0131 katliama sahne oldu. Hedefte T\u00fcrkler de vard\u0131. Yabanc\u0131 d\u00fc\u015fman\u0131 oldu\u011fu ortaya \u00e7\u0131kan 43 ya\u015f\u0131ndaki sald\u0131rgan iki kafeye silahl\u0131 sald\u0131r\u0131 d\u00fczenlendi, be\u015fi T\u00fcrk, 10 ki\u015fi \u00f6ld\u00fc. Almanya Ba\u015fbakan\u0131 Merkel, \u00ab\u00a0Irk\u00e7\u0131l\u0131k zehirdir\u00a0\u00bb diyerek sald\u0131r\u0131lar\u0131 k\u0131nad\u0131. Sald\u0131rgan\u0131n katliam ger\u00e7ekle\u015ftirdi\u011fi kafeye 6 g\u00fcn \u00f6nce gelerek ke\u015fif yapt\u0131\u011f\u0131 ortaya \u00e7\u0131kt\u0131 Almanya&rsquo;n\u0131n Hanau kenti \u0131rk\u00e7\u0131 katliama sahne [&hellip;]\" \/>\n<meta property=\"og:url\" content=\"https:\/\/avrupapress.com\/2020\/02\/20\/almanyanin-hanau-kentinde-silahli-saldiri\/\" \/>\n<meta property=\"og:site_name\" content=\"AvrupaPress\" \/>\n<meta property=\"article:published_time\" content=\"2020-02-20T19:50:30+00:00\" \/>\n<meta property=\"article:modified_time\" content=\"2020-02-20T19:50:35+00:00\" \/>\n<meta property=\"og:image\" content=\"https:\/\/avrupapress.com\/wp-content\/uploads\/2020\/02\/Nb7arS7ZK0O9ETDe_hlXQg.jpg\" \/>\n\t<meta property=\"og:image:width\" content=\"767\" \/>\n\t<meta property=\"og:image:height\" content=\"511\" \/>\n\t<meta property=\"og:image:type\" content=\"image\/jpeg\" \/>\n<meta name=\"author\" content=\"Edit\u00f6r\" \/>\n<meta name=\"twitter:card\" content=\"summary_large_image\" \/>\n<meta name=\"twitter:label1\" content=\"\u00c9crit par\" \/>\n\t<meta name=\"twitter:data1\" content=\"Edit\u00f6r\" \/>\n\t<meta name=\"twitter:label2\" content=\"Dur\u00e9e de lecture est.\" \/>\n\t<meta name=\"twitter:data2\" content=\"2 minutes\" \/>\n<script type=\"application\/ld+json\" class=\"yoast-schema-graph\">{\"@context\":\"https:\/\/schema.org\",\"@graph\":[{\"@type\":\"Article\",\"@id\":\"https:\/\/avrupapress.com\/2020\/02\/20\/almanyanin-hanau-kentinde-silahli-saldiri\/#article\",\"isPartOf\":{\"@id\":\"https:\/\/avrupapress.com\/2020\/02\/20\/almanyanin-hanau-kentinde-silahli-saldiri\/\"},\"author\":{\"name\":\"Edit\u00f6r\",\"@id\":\"https:\/\/avrupapress.com\/#\/schema\/person\/68428444ec60970d1e1b700cf4ca1e8f\"},\"headline\":\"Almanya&rsquo;n\u0131n Hanau kentinde silahl\u0131 sald\u0131r\u0131\",\"datePublished\":\"2020-02-20T19:50:30+00:00\",\"dateModified\":\"2020-02-20T19:50:35+00:00\",\"mainEntityOfPage\":{\"@id\":\"https:\/\/avrupapress.com\/2020\/02\/20\/almanyanin-hanau-kentinde-silahli-saldiri\/\"},\"wordCount\":455,\"publisher\":{\"@id\":\"https:\/\/avrupapress.com\/#\/schema\/person\/0223dca19c72c43575bf30d1a2d8f4fa\"},\"image\":{\"@id\":\"https:\/\/avrupapress.com\/2020\/02\/20\/almanyanin-hanau-kentinde-silahli-saldiri\/#primaryimage\"},\"thumbnailUrl\":\"https:\/\/avrupapress.com\/main\/wp-content\/uploads\/2020\/02\/Nb7arS7ZK0O9ETDe_hlXQg.jpg\",\"articleSection\":[\"Avrupa\",\"D\u00fcnya\",\"T\u00fcrkiye\"],\"inLanguage\":\"fr-BE\"},{\"@type\":\"WebPage\",\"@id\":\"https:\/\/avrupapress.com\/2020\/02\/20\/almanyanin-hanau-kentinde-silahli-saldiri\/\",\"url\":\"https:\/\/avrupapress.com\/2020\/02\/20\/almanyanin-hanau-kentinde-silahli-saldiri\/\",\"name\":\"Almanya'n\u0131n Hanau kentinde silahl\u0131 sald\u0131r\u0131 - AvrupaPress\",\"isPartOf\":{\"@id\":\"https:\/\/avrupapress.com\/#website\"},\"primaryImageOfPage\":{\"@id\":\"https:\/\/avrupapress.com\/2020\/02\/20\/almanyanin-hanau-kentinde-silahli-saldiri\/#primaryimage\"},\"image\":{\"@id\":\"https:\/\/avrupapress.com\/2020\/02\/20\/almanyanin-hanau-kentinde-silahli-saldiri\/#primaryimage\"},\"thumbnailUrl\":\"https:\/\/avrupapress.com\/main\/wp-content\/uploads\/2020\/02\/Nb7arS7ZK0O9ETDe_hlXQg.jpg\",\"datePublished\":\"2020-02-20T19:50:30+00:00\",\"dateModified\":\"2020-02-20T19:50:35+00:00\",\"breadcrumb\":{\"@id\":\"https:\/\/avrupapress.com\/2020\/02\/20\/almanyanin-hanau-kentinde-silahli-saldiri\/#breadcrumb\"},\"inLanguage\":\"fr-BE\",\"potentialAction\":[{\"@type\":\"ReadAction\",\"target\":[\"https:\/\/avrupapress.com\/2020\/02\/20\/almanyanin-hanau-kentinde-silahli-saldiri\/\"]}]},{\"@type\":\"ImageObject\",\"inLanguage\":\"fr-BE\",\"@id\":\"https:\/\/avrupapress.com\/2020\/02\/20\/almanyanin-hanau-kentinde-silahli-saldiri\/#primaryimage\",\"url\":\"https:\/\/avrupapress.com\/main\/wp-content\/uploads\/2020\/02\/Nb7arS7ZK0O9ETDe_hlXQg.jpg\",\"contentUrl\":\"https:\/\/avrupapress.com\/main\/wp-content\/uploads\/2020\/02\/Nb7arS7ZK0O9ETDe_hlXQg.jpg\",\"width\":767,\"height\":511},{\"@type\":\"BreadcrumbList\",\"@id\":\"https:\/\/avrupapress.com\/2020\/02\/20\/almanyanin-hanau-kentinde-silahli-saldiri\/#breadcrumb\",\"itemListElement\":[{\"@type\":\"ListItem\",\"position\":1,\"name\":\"Anasayfa\",\"item\":\"https:\/\/avrupapress.com\/\"},{\"@type\":\"ListItem\",\"position\":2,\"name\":\"Almanya&#8217;n\u0131n Hanau kentinde silahl\u0131 sald\u0131r\u0131\"}]},{\"@type\":\"WebSite\",\"@id\":\"https:\/\/avrupapress.com\/#website\",\"url\":\"https:\/\/avrupapress.com\/\",\"name\":\"AvrupaPress\",\"description\":\"Haberin Adresi\",\"publisher\":{\"@id\":\"https:\/\/avrupapress.com\/#\/schema\/person\/0223dca19c72c43575bf30d1a2d8f4fa\"},\"potentialAction\":[{\"@type\":\"SearchAction\",\"target\":{\"@type\":\"EntryPoint\",\"urlTemplate\":\"https:\/\/avrupapress.com\/?s={search_term_string}\"},\"query-input\":{\"@type\":\"PropertyValueSpecification\",\"valueRequired\":true,\"valueName\":\"search_term_string\"}}],\"inLanguage\":\"fr-BE\"},{\"@type\":[\"Person\",\"Organization\"],\"@id\":\"https:\/\/avrupapress.com\/#\/schema\/person\/0223dca19c72c43575bf30d1a2d8f4fa\",\"name\":\"Bilgin \u00d6z\u00e7ift\u00e7i\",\"image\":{\"@type\":\"ImageObject\",\"inLanguage\":\"fr-BE\",\"@id\":\"https:\/\/avrupapress.com\/#\/schema\/person\/image\/\",\"url\":\"https:\/\/secure.gravatar.com\/avatar\/0f23b280433a21e1ea7a0adcc46ed0ad16afe3ad8e630fd13d8a017dcbd54ef3?s=96&d=mm&r=g\",\"contentUrl\":\"https:\/\/secure.gravatar.com\/avatar\/0f23b280433a21e1ea7a0adcc46ed0ad16afe3ad8e630fd13d8a017dcbd54ef3?s=96&d=mm&r=g\",\"caption\":\"Bilgin \u00d6z\u00e7ift\u00e7i\"},\"logo\":{\"@id\":\"https:\/\/avrupapress.com\/#\/schema\/person\/image\/\"},\"description\":\"Ne ben, nede sen... Biz ancak \\\"biz\\\" olursak g\u00fc\u00e7l\u00fc olabiliriz\"},{\"@type\":\"Person\",\"@id\":\"https:\/\/avrupapress.com\/#\/schema\/person\/68428444ec60970d1e1b700cf4ca1e8f\",\"name\":\"Edit\u00f6r\",\"image\":{\"@type\":\"ImageObject\",\"inLanguage\":\"fr-BE\",\"@id\":\"https:\/\/avrupapress.com\/#\/schema\/person\/image\/\",\"url\":\"https:\/\/secure.gravatar.com\/avatar\/74996b0977aa5f1559ba9883776652508b229005c0d78fb2597897f0bd651c09?s=96&d=mm&r=g\",\"contentUrl\":\"https:\/\/secure.gravatar.com\/avatar\/74996b0977aa5f1559ba9883776652508b229005c0d78fb2597897f0bd651c09?s=96&d=mm&r=g\",\"caption\":\"Edit\u00f6r\"},\"sameAs\":[\"http:\/\/www.avrupapress.com\"],\"url\":\"https:\/\/avrupapress.com\/main\/author\/editor\/\"}]}<\/script>\n<!-- \/ Yoast SEO plugin. -->","yoast_head_json":{"title":"Almanya'n\u0131n Hanau kentinde silahl\u0131 sald\u0131r\u0131 - AvrupaPress","robots":{"index":"index","follow":"follow","max-snippet":"max-snippet:-1","max-image-preview":"max-image-preview:large","max-video-preview":"max-video-preview:-1"},"canonical":"https:\/\/avrupapress.com\/2020\/02\/20\/almanyanin-hanau-kentinde-silahli-saldiri\/","og_locale":"fr_FR","og_type":"article","og_title":"Almanya'n\u0131n Hanau kentinde silahl\u0131 sald\u0131r\u0131 - AvrupaPress","og_description":"Almanya&rsquo;n\u0131n Hanau kenti \u0131rk\u00e7\u0131 katliama sahne oldu. Hedefte T\u00fcrkler de vard\u0131. Yabanc\u0131 d\u00fc\u015fman\u0131 oldu\u011fu ortaya \u00e7\u0131kan 43 ya\u015f\u0131ndaki sald\u0131rgan iki kafeye silahl\u0131 sald\u0131r\u0131 d\u00fczenlendi, be\u015fi T\u00fcrk, 10 ki\u015fi \u00f6ld\u00fc. Almanya Ba\u015fbakan\u0131 Merkel, \u00ab\u00a0Irk\u00e7\u0131l\u0131k zehirdir\u00a0\u00bb diyerek sald\u0131r\u0131lar\u0131 k\u0131nad\u0131. Sald\u0131rgan\u0131n katliam ger\u00e7ekle\u015ftirdi\u011fi kafeye 6 g\u00fcn \u00f6nce gelerek ke\u015fif yapt\u0131\u011f\u0131 ortaya \u00e7\u0131kt\u0131 Almanya&rsquo;n\u0131n Hanau kenti \u0131rk\u00e7\u0131 katliama sahne [&hellip;]","og_url":"https:\/\/avrupapress.com\/2020\/02\/20\/almanyanin-hanau-kentinde-silahli-saldiri\/","og_site_name":"AvrupaPress","article_published_time":"2020-02-20T19:50:30+00:00","article_modified_time":"2020-02-20T19:50:35+00:00","og_image":[{"width":767,"height":511,"url":"https:\/\/avrupapress.com\/wp-content\/uploads\/2020\/02\/Nb7arS7ZK0O9ETDe_hlXQg.jpg","type":"image\/jpeg"}],"author":"Edit\u00f6r","twitter_card":"summary_large_image","twitter_misc":{"\u00c9crit par":"Edit\u00f6r","Dur\u00e9e de lecture est.":"2 minutes"},"schema":{"@context":"https:\/\/schema.org","@graph":[{"@type":"Article","@id":"https:\/\/avrupapress.com\/2020\/02\/20\/almanyanin-hanau-kentinde-silahli-saldiri\/#article","isPartOf":{"@id":"https:\/\/avrupapress.com\/2020\/02\/20\/almanyanin-hanau-kentinde-silahli-saldiri\/"},"author":{"name":"Edit\u00f6r","@id":"https:\/\/avrupapress.com\/#\/schema\/person\/68428444ec60970d1e1b700cf4ca1e8f"},"headline":"Almanya&rsquo;n\u0131n Hanau kentinde silahl\u0131 sald\u0131r\u0131","datePublished":"2020-02-20T19:50:30+00:00","dateModified":"2020-02-20T19:50:35+00:00","mainEntityOfPage":{"@id":"https:\/\/avrupapress.com\/2020\/02\/20\/almanyanin-hanau-kentinde-silahli-saldiri\/"},"wordCount":455,"publisher":{"@id":"https:\/\/avrupapress.com\/#\/schema\/person\/0223dca19c72c43575bf30d1a2d8f4fa"},"image":{"@id":"https:\/\/avrupapress.com\/2020\/02\/20\/almanyanin-hanau-kentinde-silahli-saldiri\/#primaryimage"},"thumbnailUrl":"https:\/\/avrupapress.com\/main\/wp-content\/uploads\/2020\/02\/Nb7arS7ZK0O9ETDe_hlXQg.jpg","articleSection":["Avrupa","D\u00fcnya","T\u00fcrkiye"],"inLanguage":"fr-BE"},{"@type":"WebPage","@id":"https:\/\/avrupapress.com\/2020\/02\/20\/almanyanin-hanau-kentinde-silahli-saldiri\/","url":"https:\/\/avrupapress.com\/2020\/02\/20\/almanyanin-hanau-kentinde-silahli-saldiri\/","name":"Almanya'n\u0131n Hanau kentinde silahl\u0131 sald\u0131r\u0131 - AvrupaPress","isPartOf":{"@id":"https:\/\/avrupapress.com\/#website"},"primaryImageOfPage":{"@id":"https:\/\/avrupapress.com\/2020\/02\/20\/almanyanin-hanau-kentinde-silahli-saldiri\/#primaryimage"},"image":{"@id":"https:\/\/avrupapress.com\/2020\/02\/20\/almanyanin-hanau-kentinde-silahli-saldiri\/#primaryimage"},"thumbnailUrl":"https:\/\/avrupapress.com\/main\/wp-content\/uploads\/2020\/02\/Nb7arS7ZK0O9ETDe_hlXQg.jpg","datePublished":"2020-02-20T19:50:30+00:00","dateModified":"2020-02-20T19:50:35+00:00","breadcrumb":{"@id":"https:\/\/avrupapress.com\/2020\/02\/20\/almanyanin-hanau-kentinde-silahli-saldiri\/#breadcrumb"},"inLanguage":"fr-BE","potentialAction":[{"@type":"ReadAction","target":["https:\/\/avrupapress.com\/2020\/02\/20\/almanyanin-hanau-kentinde-silahli-saldiri\/"]}]},{"@type":"ImageObject","inLanguage":"fr-BE","@id":"https:\/\/avrupapress.com\/2020\/02\/20\/almanyanin-hanau-kentinde-silahli-saldiri\/#primaryimage","url":"https:\/\/avrupapress.com\/main\/wp-content\/uploads\/2020\/02\/Nb7arS7ZK0O9ETDe_hlXQg.jpg","contentUrl":"https:\/\/avrupapress.com\/main\/wp-content\/uploads\/2020\/02\/Nb7arS7ZK0O9ETDe_hlXQg.jpg","width":767,"height":511},{"@type":"BreadcrumbList","@id":"https:\/\/avrupapress.com\/2020\/02\/20\/almanyanin-hanau-kentinde-silahli-saldiri\/#breadcrumb","itemListElement":[{"@type":"ListItem","position":1,"name":"Anasayfa","item":"https:\/\/avrupapress.com\/"},{"@type":"ListItem","position":2,"name":"Almanya&#8217;n\u0131n Hanau kentinde silahl\u0131 sald\u0131r\u0131"}]},{"@type":"WebSite","@id":"https:\/\/avrupapress.com\/#website","url":"https:\/\/avrupapress.com\/","name":"AvrupaPress","description":"Haberin Adresi","publisher":{"@id":"https:\/\/avrupapress.com\/#\/schema\/person\/0223dca19c72c43575bf30d1a2d8f4fa"},"potentialAction":[{"@type":"SearchAction","target":{"@type":"EntryPoint","urlTemplate":"https:\/\/avrupapress.com\/?s={search_term_string}"},"query-input":{"@type":"PropertyValueSpecification","valueRequired":true,"valueName":"search_term_string"}}],"inLanguage":"fr-BE"},{"@type":["Person","Organization"],"@id":"https:\/\/avrupapress.com\/#\/schema\/person\/0223dca19c72c43575bf30d1a2d8f4fa","name":"Bilgin \u00d6z\u00e7ift\u00e7i","image":{"@type":"ImageObject","inLanguage":"fr-BE","@id":"https:\/\/avrupapress.com\/#\/schema\/person\/image\/","url":"https:\/\/secure.gravatar.com\/avatar\/0f23b280433a21e1ea7a0adcc46ed0ad16afe3ad8e630fd13d8a017dcbd54ef3?s=96&d=mm&r=g","contentUrl":"https:\/\/secure.gravatar.com\/avatar\/0f23b280433a21e1ea7a0adcc46ed0ad16afe3ad8e630fd13d8a017dcbd54ef3?s=96&d=mm&r=g","caption":"Bilgin \u00d6z\u00e7ift\u00e7i"},"logo":{"@id":"https:\/\/avrupapress.com\/#\/schema\/person\/image\/"},"description":"Ne ben, nede sen... Biz ancak \"biz\" olursak g\u00fc\u00e7l\u00fc olabiliriz"},{"@type":"Person","@id":"https:\/\/avrupapress.com\/#\/schema\/person\/68428444ec60970d1e1b700cf4ca1e8f","name":"Edit\u00f6r","image":{"@type":"ImageObject","inLanguage":"fr-BE","@id":"https:\/\/avrupapress.com\/#\/schema\/person\/image\/","url":"https:\/\/secure.gravatar.com\/avatar\/74996b0977aa5f1559ba9883776652508b229005c0d78fb2597897f0bd651c09?s=96&d=mm&r=g","contentUrl":"https:\/\/secure.gravatar.com\/avatar\/74996b0977aa5f1559ba9883776652508b229005c0d78fb2597897f0bd651c09?s=96&d=mm&r=g","caption":"Edit\u00f6r"},"sameAs":["http:\/\/www.avrupapress.com"],"url":"https:\/\/avrupapress.com\/main\/author\/editor\/"}]}},"_links":{"self":[{"href":"https:\/\/avrupapress.com\/main\/wp-json\/wp\/v2\/posts\/10593","targetHints":{"allow":["GET"]}}],"collection":[{"href":"https:\/\/avrupapress.com\/main\/wp-json\/wp\/v2\/posts"}],"about":[{"href":"https:\/\/avrupapress.com\/main\/wp-json\/wp\/v2\/types\/post"}],"author":[{"embeddable":true,"href":"https:\/\/avrupapress.com\/main\/wp-json\/wp\/v2\/users\/3"}],"replies":[{"embeddable":true,"href":"https:\/\/avrupapress.com\/main\/wp-json\/wp\/v2\/comments?post=10593"}],"version-history":[{"count":1,"href":"https:\/\/avrupapress.com\/main\/wp-json\/wp\/v2\/posts\/10593\/revisions"}],"predecessor-version":[{"id":10595,"href":"https:\/\/avrupapress.com\/main\/wp-json\/wp\/v2\/posts\/10593\/revisions\/10595"}],"wp:featuredmedia":[{"embeddable":true,"href":"https:\/\/avrupapress.com\/main\/wp-json\/wp\/v2\/media\/10594"}],"wp:attachment":[{"href":"https:\/\/avrupapress.com\/main\/wp-json\/wp\/v2\/media?parent=10593"}],"wp:term":[{"taxonomy":"category","embeddable":true,"href":"https:\/\/avrupapress.com\/main\/wp-json\/wp\/v2\/categories?post=10593"},{"taxonomy":"post_tag","embeddable":true,"href":"https:\/\/avrupapress.com\/main\/wp-json\/wp\/v2\/tags?post=10593"}],"curies":[{"name":"wp","href":"https:\/\/api.w.org\/{rel}","templated":true}]}}