{"id":10577,"date":"2020-02-16T20:17:28","date_gmt":"2020-02-16T20:17:28","guid":{"rendered":"http:\/\/avrupapress.com\/main\/?p=10577"},"modified":"2020-02-16T20:19:19","modified_gmt":"2020-02-16T20:19:19","slug":"danimarkada-turk-imamlar-resmi-nikah-kiymaya-basladi","status":"publish","type":"post","link":"https:\/\/avrupapress.com\/main\/2020\/02\/16\/danimarkada-turk-imamlar-resmi-nikah-kiymaya-basladi\/","title":{"rendered":"Danimarka\u2019da T\u00fcrk imamlar resmi nikah k\u0131ymaya ba\u015flad\u0131"},"content":{"rendered":"\n<p><strong>Danimarka Kilise Bakanl\u0131\u011f\u0131nca 2006 y\u0131l\u0131ndan bu yana inan\u00e7 toplumlar\u0131 aras\u0131nda say\u0131lan Danimarka T\u00fcrk Diyanet Vakf\u0131 (DTDV) ve \u00e7at\u0131s\u0131 alt\u0131nda faaliyet g\u00f6steren camiler, bakanl\u0131\u011f\u0131n tan\u0131d\u0131\u011f\u0131 resmi nikah k\u0131yma yetkisini ilk kez kulland\u0131.<\/strong><\/p>\n\n\n\n<p>\n\nBu kapsamda ilk resmi nikah, DTDV \u00e7at\u0131s\u0131 alt\u0131nda faaliyet g\u00f6steren \u0130sh\u00f6j Mevlana Camisi&rsquo;nde, Vildan \u00d6ztemur ve Muhittin Y\u0131ld\u0131r\u0131m \u00e7iftine k\u0131y\u0131ld\u0131.<br>Nikah t\u00f6reninde Kopenhag Din Hizmetleri M\u00fc\u015faviri H\u00fcseyin G\u00fcndo\u011far ve \u00e7iftin yak\u0131nlar\u0131 haz\u0131r bulundu. Din g\u00f6revlisi Faik Uslu taraf\u0131ndan k\u0131y\u0131lan nikah\u0131n ard\u0131ndan \u00e7i\u00e7e\u011fi burnunda \u00e7ifte DTDV taraf\u0131ndan Kur\u2019an-\u0131 Kerim ve hat sanat\u0131ndan bir plaket hediye edildi.<\/p>\n\n\n\n<p>Vak\u0131ftan yap\u0131lan a\u00e7\u0131klamada, nikah k\u0131yma yetkisinin DTDV\u2019ye ba\u011fl\u0131 camilerde uygulanaca\u011f\u0131 ve bu hizmetten faydalanmak isteyenlerin vak\u0131f ile ileti\u015fime ge\u00e7ebilece\u011fi bildirildi. <\/p>\n\n\n\n<p><strong>Bilgin Ozcifci \/ AVRUPAPRESS<\/strong><\/p>\n","protected":false},"excerpt":{"rendered":"<p>Danimarka Kilise Bakanl\u0131\u011f\u0131nca 2006 y\u0131l\u0131ndan bu yana inan\u00e7 toplumlar\u0131 aras\u0131nda say\u0131lan Danimarka T\u00fcrk Diyanet Vakf\u0131 (DTDV) ve \u00e7at\u0131s\u0131 alt\u0131nda faaliyet g\u00f6steren camiler, bakanl\u0131\u011f\u0131n tan\u0131d\u0131\u011f\u0131 resmi nikah k\u0131yma yetkisini ilk kez kulland\u0131. Bu kapsamda ilk resmi nikah, DTDV \u00e7at\u0131s\u0131 alt\u0131nda faaliyet g\u00f6steren \u0130sh\u00f6j Mevlana Camisi&rsquo;nde, Vildan \u00d6ztemur ve Muhittin Y\u0131ld\u0131r\u0131m \u00e7iftine k\u0131y\u0131ld\u0131.Nikah t\u00f6reninde Kopenhag Din Hizmetleri [&hellip;]<\/p>\n","protected":false},"author":3,"featured_media":10578,"comment_status":"closed","ping_status":"open","sticky":false,"template":"","format":"standard","meta":{"footnotes":""},"categories":[14,3,19,2],"tags":[5071],"class_list":["post-10577","post","type-post","status-publish","format-standard","has-post-thumbnail","hentry","category-avrupa","category-dunya","category-tanitim","category-turkiye","tag-danimarkada-turk-imamlar-resmi-nikah-kiymaya-basladi"],"yoast_head":"<!-- This site is optimized with the Yoast SEO plugin v26.9 - https:\/\/yoast.com\/product\/yoast-seo-wordpress\/ -->\n<title>Danimarka\u2019da T\u00fcrk imamlar resmi nikah k\u0131ymaya ba\u015flad\u0131 - AvrupaPress<\/title>\n<meta name=\"robots\" content=\"index, follow, max-snippet:-1, max-image-preview:large, max-video-preview:-1\" \/>\n<link rel=\"canonical\" href=\"https:\/\/avrupapress.com\/2020\/02\/16\/danimarkada-turk-imamlar-resmi-nikah-kiymaya-basladi\/\" \/>\n<meta property=\"og:locale\" content=\"fr_FR\" \/>\n<meta property=\"og:type\" content=\"article\" \/>\n<meta property=\"og:title\" content=\"Danimarka\u2019da T\u00fcrk imamlar resmi nikah k\u0131ymaya ba\u015flad\u0131 - AvrupaPress\" \/>\n<meta property=\"og:description\" content=\"Danimarka Kilise Bakanl\u0131\u011f\u0131nca 2006 y\u0131l\u0131ndan bu yana inan\u00e7 toplumlar\u0131 aras\u0131nda say\u0131lan Danimarka T\u00fcrk Diyanet Vakf\u0131 (DTDV) ve \u00e7at\u0131s\u0131 alt\u0131nda faaliyet g\u00f6steren camiler, bakanl\u0131\u011f\u0131n tan\u0131d\u0131\u011f\u0131 resmi nikah k\u0131yma yetkisini ilk kez kulland\u0131. Bu kapsamda ilk resmi nikah, DTDV \u00e7at\u0131s\u0131 alt\u0131nda faaliyet g\u00f6steren \u0130sh\u00f6j Mevlana Camisi&rsquo;nde, Vildan \u00d6ztemur ve Muhittin Y\u0131ld\u0131r\u0131m \u00e7iftine k\u0131y\u0131ld\u0131.Nikah t\u00f6reninde Kopenhag Din Hizmetleri [&hellip;]\" \/>\n<meta property=\"og:url\" content=\"https:\/\/avrupapress.com\/2020\/02\/16\/danimarkada-turk-imamlar-resmi-nikah-kiymaya-basladi\/\" \/>\n<meta property=\"og:site_name\" content=\"AvrupaPress\" \/>\n<meta property=\"article:published_time\" content=\"2020-02-16T20:17:28+00:00\" \/>\n<meta property=\"article:modified_time\" content=\"2020-02-16T20:19:19+00:00\" \/>\n<meta property=\"og:image\" content=\"https:\/\/avrupapress.com\/wp-content\/uploads\/2020\/02\/qjgQPGaJk0iXlJdsk3sUnQ.jpg\" \/>\n\t<meta property=\"og:image:width\" content=\"710\" \/>\n\t<meta property=\"og:image:height\" content=\"402\" \/>\n\t<meta property=\"og:image:type\" content=\"image\/jpeg\" \/>\n<meta name=\"author\" content=\"Edit\u00f6r\" \/>\n<meta name=\"twitter:card\" content=\"summary_large_image\" \/>\n<meta name=\"twitter:label1\" content=\"\u00c9crit par\" \/>\n\t<meta name=\"twitter:data1\" content=\"Edit\u00f6r\" \/>\n\t<meta name=\"twitter:label2\" content=\"Dur\u00e9e de lecture est.\" \/>\n\t<meta name=\"twitter:data2\" content=\"1 minute\" \/>\n<script type=\"application\/ld+json\" class=\"yoast-schema-graph\">{\"@context\":\"https:\/\/schema.org\",\"@graph\":[{\"@type\":\"Article\",\"@id\":\"https:\/\/avrupapress.com\/2020\/02\/16\/danimarkada-turk-imamlar-resmi-nikah-kiymaya-basladi\/#article\",\"isPartOf\":{\"@id\":\"https:\/\/avrupapress.com\/2020\/02\/16\/danimarkada-turk-imamlar-resmi-nikah-kiymaya-basladi\/\"},\"author\":{\"name\":\"Edit\u00f6r\",\"@id\":\"https:\/\/avrupapress.com\/#\/schema\/person\/68428444ec60970d1e1b700cf4ca1e8f\"},\"headline\":\"Danimarka\u2019da T\u00fcrk imamlar resmi nikah k\u0131ymaya ba\u015flad\u0131\",\"datePublished\":\"2020-02-16T20:17:28+00:00\",\"dateModified\":\"2020-02-16T20:19:19+00:00\",\"mainEntityOfPage\":{\"@id\":\"https:\/\/avrupapress.com\/2020\/02\/16\/danimarkada-turk-imamlar-resmi-nikah-kiymaya-basladi\/\"},\"wordCount\":168,\"publisher\":{\"@id\":\"https:\/\/avrupapress.com\/#\/schema\/person\/0223dca19c72c43575bf30d1a2d8f4fa\"},\"image\":{\"@id\":\"https:\/\/avrupapress.com\/2020\/02\/16\/danimarkada-turk-imamlar-resmi-nikah-kiymaya-basladi\/#primaryimage\"},\"thumbnailUrl\":\"https:\/\/avrupapress.com\/main\/wp-content\/uploads\/2020\/02\/qjgQPGaJk0iXlJdsk3sUnQ.jpg\",\"keywords\":[\"Danimarka\u2019da T\u00fcrk imamlar resmi nikah k\u0131ymaya ba\u015flad\u0131\"],\"articleSection\":[\"Avrupa\",\"D\u00fcnya\",\"Tan\u0131t\u0131m\",\"T\u00fcrkiye\"],\"inLanguage\":\"fr-BE\"},{\"@type\":\"WebPage\",\"@id\":\"https:\/\/avrupapress.com\/2020\/02\/16\/danimarkada-turk-imamlar-resmi-nikah-kiymaya-basladi\/\",\"url\":\"https:\/\/avrupapress.com\/2020\/02\/16\/danimarkada-turk-imamlar-resmi-nikah-kiymaya-basladi\/\",\"name\":\"Danimarka\u2019da T\u00fcrk imamlar resmi nikah k\u0131ymaya ba\u015flad\u0131 - AvrupaPress\",\"isPartOf\":{\"@id\":\"https:\/\/avrupapress.com\/#website\"},\"primaryImageOfPage\":{\"@id\":\"https:\/\/avrupapress.com\/2020\/02\/16\/danimarkada-turk-imamlar-resmi-nikah-kiymaya-basladi\/#primaryimage\"},\"image\":{\"@id\":\"https:\/\/avrupapress.com\/2020\/02\/16\/danimarkada-turk-imamlar-resmi-nikah-kiymaya-basladi\/#primaryimage\"},\"thumbnailUrl\":\"https:\/\/avrupapress.com\/main\/wp-content\/uploads\/2020\/02\/qjgQPGaJk0iXlJdsk3sUnQ.jpg\",\"datePublished\":\"2020-02-16T20:17:28+00:00\",\"dateModified\":\"2020-02-16T20:19:19+00:00\",\"breadcrumb\":{\"@id\":\"https:\/\/avrupapress.com\/2020\/02\/16\/danimarkada-turk-imamlar-resmi-nikah-kiymaya-basladi\/#breadcrumb\"},\"inLanguage\":\"fr-BE\",\"potentialAction\":[{\"@type\":\"ReadAction\",\"target\":[\"https:\/\/avrupapress.com\/2020\/02\/16\/danimarkada-turk-imamlar-resmi-nikah-kiymaya-basladi\/\"]}]},{\"@type\":\"ImageObject\",\"inLanguage\":\"fr-BE\",\"@id\":\"https:\/\/avrupapress.com\/2020\/02\/16\/danimarkada-turk-imamlar-resmi-nikah-kiymaya-basladi\/#primaryimage\",\"url\":\"https:\/\/avrupapress.com\/main\/wp-content\/uploads\/2020\/02\/qjgQPGaJk0iXlJdsk3sUnQ.jpg\",\"contentUrl\":\"https:\/\/avrupapress.com\/main\/wp-content\/uploads\/2020\/02\/qjgQPGaJk0iXlJdsk3sUnQ.jpg\",\"width\":710,\"height\":402},{\"@type\":\"BreadcrumbList\",\"@id\":\"https:\/\/avrupapress.com\/2020\/02\/16\/danimarkada-turk-imamlar-resmi-nikah-kiymaya-basladi\/#breadcrumb\",\"itemListElement\":[{\"@type\":\"ListItem\",\"position\":1,\"name\":\"Anasayfa\",\"item\":\"https:\/\/avrupapress.com\/\"},{\"@type\":\"ListItem\",\"position\":2,\"name\":\"Danimarka\u2019da T\u00fcrk imamlar resmi nikah k\u0131ymaya ba\u015flad\u0131\"}]},{\"@type\":\"WebSite\",\"@id\":\"https:\/\/avrupapress.com\/#website\",\"url\":\"https:\/\/avrupapress.com\/\",\"name\":\"AvrupaPress\",\"description\":\"Haberin Adresi\",\"publisher\":{\"@id\":\"https:\/\/avrupapress.com\/#\/schema\/person\/0223dca19c72c43575bf30d1a2d8f4fa\"},\"potentialAction\":[{\"@type\":\"SearchAction\",\"target\":{\"@type\":\"EntryPoint\",\"urlTemplate\":\"https:\/\/avrupapress.com\/?s={search_term_string}\"},\"query-input\":{\"@type\":\"PropertyValueSpecification\",\"valueRequired\":true,\"valueName\":\"search_term_string\"}}],\"inLanguage\":\"fr-BE\"},{\"@type\":[\"Person\",\"Organization\"],\"@id\":\"https:\/\/avrupapress.com\/#\/schema\/person\/0223dca19c72c43575bf30d1a2d8f4fa\",\"name\":\"Bilgin \u00d6z\u00e7ift\u00e7i\",\"image\":{\"@type\":\"ImageObject\",\"inLanguage\":\"fr-BE\",\"@id\":\"https:\/\/avrupapress.com\/#\/schema\/person\/image\/\",\"url\":\"https:\/\/secure.gravatar.com\/avatar\/0f23b280433a21e1ea7a0adcc46ed0ad16afe3ad8e630fd13d8a017dcbd54ef3?s=96&d=mm&r=g\",\"contentUrl\":\"https:\/\/secure.gravatar.com\/avatar\/0f23b280433a21e1ea7a0adcc46ed0ad16afe3ad8e630fd13d8a017dcbd54ef3?s=96&d=mm&r=g\",\"caption\":\"Bilgin \u00d6z\u00e7ift\u00e7i\"},\"logo\":{\"@id\":\"https:\/\/avrupapress.com\/#\/schema\/person\/image\/\"},\"description\":\"Ne ben, nede sen... Biz ancak \\\"biz\\\" olursak g\u00fc\u00e7l\u00fc olabiliriz\"},{\"@type\":\"Person\",\"@id\":\"https:\/\/avrupapress.com\/#\/schema\/person\/68428444ec60970d1e1b700cf4ca1e8f\",\"name\":\"Edit\u00f6r\",\"image\":{\"@type\":\"ImageObject\",\"inLanguage\":\"fr-BE\",\"@id\":\"https:\/\/avrupapress.com\/#\/schema\/person\/image\/\",\"url\":\"https:\/\/secure.gravatar.com\/avatar\/74996b0977aa5f1559ba9883776652508b229005c0d78fb2597897f0bd651c09?s=96&d=mm&r=g\",\"contentUrl\":\"https:\/\/secure.gravatar.com\/avatar\/74996b0977aa5f1559ba9883776652508b229005c0d78fb2597897f0bd651c09?s=96&d=mm&r=g\",\"caption\":\"Edit\u00f6r\"},\"sameAs\":[\"http:\/\/www.avrupapress.com\"],\"url\":\"https:\/\/avrupapress.com\/main\/author\/editor\/\"}]}<\/script>\n<!-- \/ Yoast SEO plugin. -->","yoast_head_json":{"title":"Danimarka\u2019da T\u00fcrk imamlar resmi nikah k\u0131ymaya ba\u015flad\u0131 - AvrupaPress","robots":{"index":"index","follow":"follow","max-snippet":"max-snippet:-1","max-image-preview":"max-image-preview:large","max-video-preview":"max-video-preview:-1"},"canonical":"https:\/\/avrupapress.com\/2020\/02\/16\/danimarkada-turk-imamlar-resmi-nikah-kiymaya-basladi\/","og_locale":"fr_FR","og_type":"article","og_title":"Danimarka\u2019da T\u00fcrk imamlar resmi nikah k\u0131ymaya ba\u015flad\u0131 - AvrupaPress","og_description":"Danimarka Kilise Bakanl\u0131\u011f\u0131nca 2006 y\u0131l\u0131ndan bu yana inan\u00e7 toplumlar\u0131 aras\u0131nda say\u0131lan Danimarka T\u00fcrk Diyanet Vakf\u0131 (DTDV) ve \u00e7at\u0131s\u0131 alt\u0131nda faaliyet g\u00f6steren camiler, bakanl\u0131\u011f\u0131n tan\u0131d\u0131\u011f\u0131 resmi nikah k\u0131yma yetkisini ilk kez kulland\u0131. Bu kapsamda ilk resmi nikah, DTDV \u00e7at\u0131s\u0131 alt\u0131nda faaliyet g\u00f6steren \u0130sh\u00f6j Mevlana Camisi&rsquo;nde, Vildan \u00d6ztemur ve Muhittin Y\u0131ld\u0131r\u0131m \u00e7iftine k\u0131y\u0131ld\u0131.Nikah t\u00f6reninde Kopenhag Din Hizmetleri [&hellip;]","og_url":"https:\/\/avrupapress.com\/2020\/02\/16\/danimarkada-turk-imamlar-resmi-nikah-kiymaya-basladi\/","og_site_name":"AvrupaPress","article_published_time":"2020-02-16T20:17:28+00:00","article_modified_time":"2020-02-16T20:19:19+00:00","og_image":[{"width":710,"height":402,"url":"https:\/\/avrupapress.com\/wp-content\/uploads\/2020\/02\/qjgQPGaJk0iXlJdsk3sUnQ.jpg","type":"image\/jpeg"}],"author":"Edit\u00f6r","twitter_card":"summary_large_image","twitter_misc":{"\u00c9crit par":"Edit\u00f6r","Dur\u00e9e de lecture est.":"1 minute"},"schema":{"@context":"https:\/\/schema.org","@graph":[{"@type":"Article","@id":"https:\/\/avrupapress.com\/2020\/02\/16\/danimarkada-turk-imamlar-resmi-nikah-kiymaya-basladi\/#article","isPartOf":{"@id":"https:\/\/avrupapress.com\/2020\/02\/16\/danimarkada-turk-imamlar-resmi-nikah-kiymaya-basladi\/"},"author":{"name":"Edit\u00f6r","@id":"https:\/\/avrupapress.com\/#\/schema\/person\/68428444ec60970d1e1b700cf4ca1e8f"},"headline":"Danimarka\u2019da T\u00fcrk imamlar resmi nikah k\u0131ymaya ba\u015flad\u0131","datePublished":"2020-02-16T20:17:28+00:00","dateModified":"2020-02-16T20:19:19+00:00","mainEntityOfPage":{"@id":"https:\/\/avrupapress.com\/2020\/02\/16\/danimarkada-turk-imamlar-resmi-nikah-kiymaya-basladi\/"},"wordCount":168,"publisher":{"@id":"https:\/\/avrupapress.com\/#\/schema\/person\/0223dca19c72c43575bf30d1a2d8f4fa"},"image":{"@id":"https:\/\/avrupapress.com\/2020\/02\/16\/danimarkada-turk-imamlar-resmi-nikah-kiymaya-basladi\/#primaryimage"},"thumbnailUrl":"https:\/\/avrupapress.com\/main\/wp-content\/uploads\/2020\/02\/qjgQPGaJk0iXlJdsk3sUnQ.jpg","keywords":["Danimarka\u2019da T\u00fcrk imamlar resmi nikah k\u0131ymaya ba\u015flad\u0131"],"articleSection":["Avrupa","D\u00fcnya","Tan\u0131t\u0131m","T\u00fcrkiye"],"inLanguage":"fr-BE"},{"@type":"WebPage","@id":"https:\/\/avrupapress.com\/2020\/02\/16\/danimarkada-turk-imamlar-resmi-nikah-kiymaya-basladi\/","url":"https:\/\/avrupapress.com\/2020\/02\/16\/danimarkada-turk-imamlar-resmi-nikah-kiymaya-basladi\/","name":"Danimarka\u2019da T\u00fcrk imamlar resmi nikah k\u0131ymaya ba\u015flad\u0131 - AvrupaPress","isPartOf":{"@id":"https:\/\/avrupapress.com\/#website"},"primaryImageOfPage":{"@id":"https:\/\/avrupapress.com\/2020\/02\/16\/danimarkada-turk-imamlar-resmi-nikah-kiymaya-basladi\/#primaryimage"},"image":{"@id":"https:\/\/avrupapress.com\/2020\/02\/16\/danimarkada-turk-imamlar-resmi-nikah-kiymaya-basladi\/#primaryimage"},"thumbnailUrl":"https:\/\/avrupapress.com\/main\/wp-content\/uploads\/2020\/02\/qjgQPGaJk0iXlJdsk3sUnQ.jpg","datePublished":"2020-02-16T20:17:28+00:00","dateModified":"2020-02-16T20:19:19+00:00","breadcrumb":{"@id":"https:\/\/avrupapress.com\/2020\/02\/16\/danimarkada-turk-imamlar-resmi-nikah-kiymaya-basladi\/#breadcrumb"},"inLanguage":"fr-BE","potentialAction":[{"@type":"ReadAction","target":["https:\/\/avrupapress.com\/2020\/02\/16\/danimarkada-turk-imamlar-resmi-nikah-kiymaya-basladi\/"]}]},{"@type":"ImageObject","inLanguage":"fr-BE","@id":"https:\/\/avrupapress.com\/2020\/02\/16\/danimarkada-turk-imamlar-resmi-nikah-kiymaya-basladi\/#primaryimage","url":"https:\/\/avrupapress.com\/main\/wp-content\/uploads\/2020\/02\/qjgQPGaJk0iXlJdsk3sUnQ.jpg","contentUrl":"https:\/\/avrupapress.com\/main\/wp-content\/uploads\/2020\/02\/qjgQPGaJk0iXlJdsk3sUnQ.jpg","width":710,"height":402},{"@type":"BreadcrumbList","@id":"https:\/\/avrupapress.com\/2020\/02\/16\/danimarkada-turk-imamlar-resmi-nikah-kiymaya-basladi\/#breadcrumb","itemListElement":[{"@type":"ListItem","position":1,"name":"Anasayfa","item":"https:\/\/avrupapress.com\/"},{"@type":"ListItem","position":2,"name":"Danimarka\u2019da T\u00fcrk imamlar resmi nikah k\u0131ymaya ba\u015flad\u0131"}]},{"@type":"WebSite","@id":"https:\/\/avrupapress.com\/#website","url":"https:\/\/avrupapress.com\/","name":"AvrupaPress","description":"Haberin Adresi","publisher":{"@id":"https:\/\/avrupapress.com\/#\/schema\/person\/0223dca19c72c43575bf30d1a2d8f4fa"},"potentialAction":[{"@type":"SearchAction","target":{"@type":"EntryPoint","urlTemplate":"https:\/\/avrupapress.com\/?s={search_term_string}"},"query-input":{"@type":"PropertyValueSpecification","valueRequired":true,"valueName":"search_term_string"}}],"inLanguage":"fr-BE"},{"@type":["Person","Organization"],"@id":"https:\/\/avrupapress.com\/#\/schema\/person\/0223dca19c72c43575bf30d1a2d8f4fa","name":"Bilgin \u00d6z\u00e7ift\u00e7i","image":{"@type":"ImageObject","inLanguage":"fr-BE","@id":"https:\/\/avrupapress.com\/#\/schema\/person\/image\/","url":"https:\/\/secure.gravatar.com\/avatar\/0f23b280433a21e1ea7a0adcc46ed0ad16afe3ad8e630fd13d8a017dcbd54ef3?s=96&d=mm&r=g","contentUrl":"https:\/\/secure.gravatar.com\/avatar\/0f23b280433a21e1ea7a0adcc46ed0ad16afe3ad8e630fd13d8a017dcbd54ef3?s=96&d=mm&r=g","caption":"Bilgin \u00d6z\u00e7ift\u00e7i"},"logo":{"@id":"https:\/\/avrupapress.com\/#\/schema\/person\/image\/"},"description":"Ne ben, nede sen... Biz ancak \"biz\" olursak g\u00fc\u00e7l\u00fc olabiliriz"},{"@type":"Person","@id":"https:\/\/avrupapress.com\/#\/schema\/person\/68428444ec60970d1e1b700cf4ca1e8f","name":"Edit\u00f6r","image":{"@type":"ImageObject","inLanguage":"fr-BE","@id":"https:\/\/avrupapress.com\/#\/schema\/person\/image\/","url":"https:\/\/secure.gravatar.com\/avatar\/74996b0977aa5f1559ba9883776652508b229005c0d78fb2597897f0bd651c09?s=96&d=mm&r=g","contentUrl":"https:\/\/secure.gravatar.com\/avatar\/74996b0977aa5f1559ba9883776652508b229005c0d78fb2597897f0bd651c09?s=96&d=mm&r=g","caption":"Edit\u00f6r"},"sameAs":["http:\/\/www.avrupapress.com"],"url":"https:\/\/avrupapress.com\/main\/author\/editor\/"}]}},"_links":{"self":[{"href":"https:\/\/avrupapress.com\/main\/wp-json\/wp\/v2\/posts\/10577","targetHints":{"allow":["GET"]}}],"collection":[{"href":"https:\/\/avrupapress.com\/main\/wp-json\/wp\/v2\/posts"}],"about":[{"href":"https:\/\/avrupapress.com\/main\/wp-json\/wp\/v2\/types\/post"}],"author":[{"embeddable":true,"href":"https:\/\/avrupapress.com\/main\/wp-json\/wp\/v2\/users\/3"}],"replies":[{"embeddable":true,"href":"https:\/\/avrupapress.com\/main\/wp-json\/wp\/v2\/comments?post=10577"}],"version-history":[{"count":2,"href":"https:\/\/avrupapress.com\/main\/wp-json\/wp\/v2\/posts\/10577\/revisions"}],"predecessor-version":[{"id":10580,"href":"https:\/\/avrupapress.com\/main\/wp-json\/wp\/v2\/posts\/10577\/revisions\/10580"}],"wp:featuredmedia":[{"embeddable":true,"href":"https:\/\/avrupapress.com\/main\/wp-json\/wp\/v2\/media\/10578"}],"wp:attachment":[{"href":"https:\/\/avrupapress.com\/main\/wp-json\/wp\/v2\/media?parent=10577"}],"wp:term":[{"taxonomy":"category","embeddable":true,"href":"https:\/\/avrupapress.com\/main\/wp-json\/wp\/v2\/categories?post=10577"},{"taxonomy":"post_tag","embeddable":true,"href":"https:\/\/avrupapress.com\/main\/wp-json\/wp\/v2\/tags?post=10577"}],"curies":[{"name":"wp","href":"https:\/\/api.w.org\/{rel}","templated":true}]}}